{"id":10559,"date":"2020-04-04T16:25:00","date_gmt":"2020-04-04T19:25:00","guid":{"rendered":"https:\/\/radioinfinitagoya.com.ar\/v1\/?p=10559"},"modified":"2020-04-04T16:25:00","modified_gmt":"2020-04-04T19:25:00","slug":"urbicidio","status":"publish","type":"post","link":"https:\/\/radioinfinitagoya.com.ar\/v1\/2020\/04\/04\/urbicidio\/","title":{"rendered":"Urbicidio"},"content":{"rendered":"<div class=\"art-layout-cell art-content clearfix\">\n<div class=\"item-page\">\n<article class=\"art-post\">\n<div class=\"art-postcontent clearfix\">\n<div class=\"art-article\">\n<p><b>URBICIDIO: LAS GUERRAS Y LA DESTRUCCI\u00d3N\u00a0DEL PATRIMONIO CULTURAL\u00a0<\/b><br \/>\nLa principal v\u00edctima del urbicidio es la guerra, pero en muchos casos es la memoria de un pueblo.<br \/>\nEl genocidio f\u00edsico y gen\u00e9tico se acompa\u00f1an del genocidio urbano y cultural.<br \/>\nLos exterminios se producen en forma sistem\u00e1tica y deliberada a la destrucci\u00f3n de monumentos, museos, archivos, edificios, y muchas veces en aras del progreso, se reducen a escombros el patrimonio espiritual del ser humano. Esto se llama Urbicidio.<br \/>\nNo constituyamos nosotros tambi\u00e9n a este flagelo del genocidio cultural defendamos nuestras tradiciones, ra\u00edces y cultura. La historia de un teatro que fue orgullo de nuestra ciudad y la provincia toda, entonces no nos inscribamos en la lista de los destructores del patrimonio material, hist\u00f3rico y emocional de un pueblo, rescatemos nuestro Teatro no nos empe\u00f1emos en borrar el pasado, por que no tendremos presente ni el futuro y no olvidemos que: \u201cEl urbicidio es una enfermedad contagiosa\u201d.<\/p>\n<p><strong>BREVE RESE\u00d1A HISTORICA DEL TEATRO SOLARI\u00a0<\/strong><br \/>\nSe comenz\u00f3 su obra en el a\u00f1o 1879.<br \/>\nFundada en 1886 con el nombre de \u201cCentro Recreativo 25 de Mayo\u201d por el Sr. Tom\u00e1s Mazzanti. Los arquitectos y la mano de obra eran de la ciudad de La Plata, su mobiliario Europeo del tipo vienes.<br \/>\nPasa luego a manos de Amando Correa que lo llama Elsa en homenaje a su hija que aun vive en Buenos Aires, esto transcurre en la d\u00e9cada del 20. Tom\u00f3 luego posesi6n del mismo la familia Brest.<br \/>\nEn la d\u00e9cada del 30 pertenece al Sr. Santiago Solari quien lo rebautiza con el nombre de \u201cCine Teatro Isabel\u201d. En la platea de este teatro se realizan los bailes mas famosos de carnaval de la \u00e9poca, tambi\u00e9n pasan por su escenario las principales compa\u00f1\u00edas de Buenos Aires y Asunci\u00f3nl del Paraguay, entre los artistas m\u00e1s nombrados : Enrique Mi\u00f1o, Jacinto Herrera, Hermanos Podest\u00e1, Paulina Singerman, Libertad La Marque, Juan Carlos Barbiero, don Pelele, Ethel y Gogo Rojo. Adem\u00e1s de otras relevantes del quehacer art\u00edstico cultural del Pa\u00eds.<\/p>\n<\/div>\n<\/div>\n<\/article>\n<\/div>\n<\/div>\n","protected":false},"excerpt":{"rendered":"<p>URBICIDIO: LAS GUERRAS Y LA DESTRUCCI\u00d3N\u00a0DEL PATRIMONIO CULTURAL\u00a0 La principal v\u00edctima del urbicidio es la guerra, pero en muchos casos es la memoria de un pueblo. El genocidio f\u00edsico y gen\u00e9tico se acompa\u00f1an del genocidio urbano y cultural. Los exterminios se producen en forma sistem\u00e1tica y deliberada a la destrucci\u00f3n de monumentos, museos, archivos, edificios, [&hellip;]<\/p>\n","protected":false},"author":1,"featured_media":0,"comment_status":"open","ping_status":"open","sticky":false,"template":"","format":"standard","meta":{"_joinchat":[],"footnotes":""},"categories":[69],"tags":[],"class_list":{"0":"post-10559","1":"post","2":"type-post","3":"status-publish","4":"format-standard","6":"category-urbicidio"},"yoast_head":"<!-- This site is optimized with the Yoast SEO plugin v27.2 - https:\/\/yoast.com\/product\/yoast-seo-wordpress\/ -->\n<title>Urbicidio - Radio Infinita Goya<\/title>\n<meta name=\"description\" content=\"URBICIDIO: LAS GUERRAS Y LA DESTRUCCI\u00d3N\u00a0DEL PATRIMONIO CULTURAL\u00a0 La principal v\u00edctima del urbicidio es la guerra, pero en muchos casos es la memoria de un\" \/>\n<meta name=\"robots\" content=\"index, follow, max-snippet:-1, max-image-preview:large, max-video-preview:-1\" \/>\n<link rel=\"canonical\" href=\"https:\/\/radioinfinitagoya.com.ar\/v1\/2020\/04\/04\/urbicidio\/\" \/>\n<meta property=\"og:locale\" content=\"es_ES\" \/>\n<meta property=\"og:type\" content=\"article\" \/>\n<meta property=\"og:title\" content=\"Urbicidio - Radio Infinita Goya\" \/>\n<meta property=\"og:description\" content=\"URBICIDIO: LAS GUERRAS Y LA DESTRUCCI\u00d3N\u00a0DEL PATRIMONIO CULTURAL\u00a0 La principal v\u00edctima del urbicidio es la guerra, pero en muchos casos es la memoria de un\" \/>\n<meta property=\"og:url\" content=\"https:\/\/radioinfinitagoya.com.ar\/v1\/2020\/04\/04\/urbicidio\/\" \/>\n<meta property=\"og:site_name\" content=\"Radio Infinita Goya\" \/>\n<meta property=\"article:publisher\" content=\"https:\/\/www.facebook.com\/p\/Infinita-Goya-100063870918311\/\" \/>\n<meta property=\"article:published_time\" content=\"2020-04-04T19:25:00+00:00\" \/>\n<meta name=\"author\" content=\"Sistema\" \/>\n<meta name=\"twitter:card\" content=\"summary_large_image\" \/>\n<meta name=\"twitter:label1\" content=\"Escrito por\" \/>\n\t<meta name=\"twitter:data1\" content=\"Sistema\" \/>\n\t<meta name=\"twitter:label2\" content=\"Tiempo de lectura\" \/>\n\t<meta name=\"twitter:data2\" content=\"2 minutos\" \/>\n<script type=\"application\/ld+json\" class=\"yoast-schema-graph\">{\"@context\":\"https:\/\/schema.org\",\"@graph\":[{\"@type\":\"Article\",\"@id\":\"https:\/\/radioinfinitagoya.com.ar\/v1\/2020\/04\/04\/urbicidio\/#article\",\"isPartOf\":{\"@id\":\"https:\/\/radioinfinitagoya.com.ar\/v1\/2020\/04\/04\/urbicidio\/\"},\"author\":{\"name\":\"Sistema\",\"@id\":\"https:\/\/radioinfinitagoya.com.ar\/v1\/#\/schema\/person\/4f0165f0bbfc23393c6b6fcfdf676a8a\"},\"headline\":\"Urbicidio\",\"datePublished\":\"2020-04-04T19:25:00+00:00\",\"mainEntityOfPage\":{\"@id\":\"https:\/\/radioinfinitagoya.com.ar\/v1\/2020\/04\/04\/urbicidio\/\"},\"wordCount\":351,\"commentCount\":0,\"publisher\":{\"@id\":\"https:\/\/radioinfinitagoya.com.ar\/v1\/#organization\"},\"articleSection\":[\"URBICIDIO\"],\"inLanguage\":\"es-AR\",\"potentialAction\":[{\"@type\":\"CommentAction\",\"name\":\"Comment\",\"target\":[\"https:\/\/radioinfinitagoya.com.ar\/v1\/2020\/04\/04\/urbicidio\/#respond\"]}]},{\"@type\":\"WebPage\",\"@id\":\"https:\/\/radioinfinitagoya.com.ar\/v1\/2020\/04\/04\/urbicidio\/\",\"url\":\"https:\/\/radioinfinitagoya.com.ar\/v1\/2020\/04\/04\/urbicidio\/\",\"name\":\"Urbicidio - Radio Infinita Goya\",\"isPartOf\":{\"@id\":\"https:\/\/radioinfinitagoya.com.ar\/v1\/#website\"},\"datePublished\":\"2020-04-04T19:25:00+00:00\",\"description\":\"URBICIDIO: LAS GUERRAS Y LA DESTRUCCI\u00d3N\u00a0DEL PATRIMONIO CULTURAL\u00a0 La principal v\u00edctima del urbicidio es la guerra, pero en muchos casos es la memoria de un\",\"breadcrumb\":{\"@id\":\"https:\/\/radioinfinitagoya.com.ar\/v1\/2020\/04\/04\/urbicidio\/#breadcrumb\"},\"inLanguage\":\"es-AR\",\"potentialAction\":[{\"@type\":\"ReadAction\",\"target\":[\"https:\/\/radioinfinitagoya.com.ar\/v1\/2020\/04\/04\/urbicidio\/\"]}]},{\"@type\":\"BreadcrumbList\",\"@id\":\"https:\/\/radioinfinitagoya.com.ar\/v1\/2020\/04\/04\/urbicidio\/#breadcrumb\",\"itemListElement\":[{\"@type\":\"ListItem\",\"position\":1,\"name\":\"Inicio\",\"item\":\"https:\/\/radioinfinitagoya.com.ar\/v1\/\"},{\"@type\":\"ListItem\",\"position\":2,\"name\":\"Urbicidio\"}]},{\"@type\":\"WebSite\",\"@id\":\"https:\/\/radioinfinitagoya.com.ar\/v1\/#website\",\"url\":\"https:\/\/radioinfinitagoya.com.ar\/v1\/\",\"name\":\"radioinfinitagoya.com.ar\",\"description\":\"Radio de noticias\",\"publisher\":{\"@id\":\"https:\/\/radioinfinitagoya.com.ar\/v1\/#organization\"},\"potentialAction\":[{\"@type\":\"SearchAction\",\"target\":{\"@type\":\"EntryPoint\",\"urlTemplate\":\"https:\/\/radioinfinitagoya.com.ar\/v1\/?s={search_term_string}\"},\"query-input\":{\"@type\":\"PropertyValueSpecification\",\"valueRequired\":true,\"valueName\":\"search_term_string\"}}],\"inLanguage\":\"es-AR\"},{\"@type\":\"Organization\",\"@id\":\"https:\/\/radioinfinitagoya.com.ar\/v1\/#organization\",\"name\":\"Radio Infinita Goya\",\"url\":\"https:\/\/radioinfinitagoya.com.ar\/v1\/\",\"logo\":{\"@type\":\"ImageObject\",\"inLanguage\":\"es-AR\",\"@id\":\"https:\/\/radioinfinitagoya.com.ar\/v1\/#\/schema\/logo\/image\/\",\"url\":\"https:\/\/radioinfinitagoya.com.ar\/v1\/wp-content\/uploads\/2019\/11\/logo-pie-web.png\",\"contentUrl\":\"https:\/\/radioinfinitagoya.com.ar\/v1\/wp-content\/uploads\/2019\/11\/logo-pie-web.png\",\"width\":635,\"height\":326,\"caption\":\"Radio Infinita Goya\"},\"image\":{\"@id\":\"https:\/\/radioinfinitagoya.com.ar\/v1\/#\/schema\/logo\/image\/\"},\"sameAs\":[\"https:\/\/www.facebook.com\/p\/Infinita-Goya-100063870918311\/\"]},{\"@type\":\"Person\",\"@id\":\"https:\/\/radioinfinitagoya.com.ar\/v1\/#\/schema\/person\/4f0165f0bbfc23393c6b6fcfdf676a8a\",\"name\":\"Sistema\",\"image\":{\"@type\":\"ImageObject\",\"inLanguage\":\"es-AR\",\"@id\":\"https:\/\/secure.gravatar.com\/avatar\/458962ec239877f82caa2103bb4b5a1125eaf90e98aa596269c05723459a0887?s=96&d=mm&r=g\",\"url\":\"https:\/\/secure.gravatar.com\/avatar\/458962ec239877f82caa2103bb4b5a1125eaf90e98aa596269c05723459a0887?s=96&d=mm&r=g\",\"contentUrl\":\"https:\/\/secure.gravatar.com\/avatar\/458962ec239877f82caa2103bb4b5a1125eaf90e98aa596269c05723459a0887?s=96&d=mm&r=g\",\"caption\":\"Sistema\"}}]}<\/script>\n<!-- \/ Yoast SEO plugin. -->","yoast_head_json":{"title":"Urbicidio - Radio Infinita Goya","description":"URBICIDIO: LAS GUERRAS Y LA DESTRUCCI\u00d3N\u00a0DEL PATRIMONIO CULTURAL\u00a0 La principal v\u00edctima del urbicidio es la guerra, pero en muchos casos es la memoria de un","robots":{"index":"index","follow":"follow","max-snippet":"max-snippet:-1","max-image-preview":"max-image-preview:large","max-video-preview":"max-video-preview:-1"},"canonical":"https:\/\/radioinfinitagoya.com.ar\/v1\/2020\/04\/04\/urbicidio\/","og_locale":"es_ES","og_type":"article","og_title":"Urbicidio - Radio Infinita Goya","og_description":"URBICIDIO: LAS GUERRAS Y LA DESTRUCCI\u00d3N\u00a0DEL PATRIMONIO CULTURAL\u00a0 La principal v\u00edctima del urbicidio es la guerra, pero en muchos casos es la memoria de un","og_url":"https:\/\/radioinfinitagoya.com.ar\/v1\/2020\/04\/04\/urbicidio\/","og_site_name":"Radio Infinita Goya","article_publisher":"https:\/\/www.facebook.com\/p\/Infinita-Goya-100063870918311\/","article_published_time":"2020-04-04T19:25:00+00:00","author":"Sistema","twitter_card":"summary_large_image","twitter_misc":{"Escrito por":"Sistema","Tiempo de lectura":"2 minutos"},"schema":{"@context":"https:\/\/schema.org","@graph":[{"@type":"Article","@id":"https:\/\/radioinfinitagoya.com.ar\/v1\/2020\/04\/04\/urbicidio\/#article","isPartOf":{"@id":"https:\/\/radioinfinitagoya.com.ar\/v1\/2020\/04\/04\/urbicidio\/"},"author":{"name":"Sistema","@id":"https:\/\/radioinfinitagoya.com.ar\/v1\/#\/schema\/person\/4f0165f0bbfc23393c6b6fcfdf676a8a"},"headline":"Urbicidio","datePublished":"2020-04-04T19:25:00+00:00","mainEntityOfPage":{"@id":"https:\/\/radioinfinitagoya.com.ar\/v1\/2020\/04\/04\/urbicidio\/"},"wordCount":351,"commentCount":0,"publisher":{"@id":"https:\/\/radioinfinitagoya.com.ar\/v1\/#organization"},"articleSection":["URBICIDIO"],"inLanguage":"es-AR","potentialAction":[{"@type":"CommentAction","name":"Comment","target":["https:\/\/radioinfinitagoya.com.ar\/v1\/2020\/04\/04\/urbicidio\/#respond"]}]},{"@type":"WebPage","@id":"https:\/\/radioinfinitagoya.com.ar\/v1\/2020\/04\/04\/urbicidio\/","url":"https:\/\/radioinfinitagoya.com.ar\/v1\/2020\/04\/04\/urbicidio\/","name":"Urbicidio - Radio Infinita Goya","isPartOf":{"@id":"https:\/\/radioinfinitagoya.com.ar\/v1\/#website"},"datePublished":"2020-04-04T19:25:00+00:00","description":"URBICIDIO: LAS GUERRAS Y LA DESTRUCCI\u00d3N\u00a0DEL PATRIMONIO CULTURAL\u00a0 La principal v\u00edctima del urbicidio es la guerra, pero en muchos casos es la memoria de un","breadcrumb":{"@id":"https:\/\/radioinfinitagoya.com.ar\/v1\/2020\/04\/04\/urbicidio\/#breadcrumb"},"inLanguage":"es-AR","potentialAction":[{"@type":"ReadAction","target":["https:\/\/radioinfinitagoya.com.ar\/v1\/2020\/04\/04\/urbicidio\/"]}]},{"@type":"BreadcrumbList","@id":"https:\/\/radioinfinitagoya.com.ar\/v1\/2020\/04\/04\/urbicidio\/#breadcrumb","itemListElement":[{"@type":"ListItem","position":1,"name":"Inicio","item":"https:\/\/radioinfinitagoya.com.ar\/v1\/"},{"@type":"ListItem","position":2,"name":"Urbicidio"}]},{"@type":"WebSite","@id":"https:\/\/radioinfinitagoya.com.ar\/v1\/#website","url":"https:\/\/radioinfinitagoya.com.ar\/v1\/","name":"radioinfinitagoya.com.ar","description":"Radio de noticias","publisher":{"@id":"https:\/\/radioinfinitagoya.com.ar\/v1\/#organization"},"potentialAction":[{"@type":"SearchAction","target":{"@type":"EntryPoint","urlTemplate":"https:\/\/radioinfinitagoya.com.ar\/v1\/?s={search_term_string}"},"query-input":{"@type":"PropertyValueSpecification","valueRequired":true,"valueName":"search_term_string"}}],"inLanguage":"es-AR"},{"@type":"Organization","@id":"https:\/\/radioinfinitagoya.com.ar\/v1\/#organization","name":"Radio Infinita Goya","url":"https:\/\/radioinfinitagoya.com.ar\/v1\/","logo":{"@type":"ImageObject","inLanguage":"es-AR","@id":"https:\/\/radioinfinitagoya.com.ar\/v1\/#\/schema\/logo\/image\/","url":"https:\/\/radioinfinitagoya.com.ar\/v1\/wp-content\/uploads\/2019\/11\/logo-pie-web.png","contentUrl":"https:\/\/radioinfinitagoya.com.ar\/v1\/wp-content\/uploads\/2019\/11\/logo-pie-web.png","width":635,"height":326,"caption":"Radio Infinita Goya"},"image":{"@id":"https:\/\/radioinfinitagoya.com.ar\/v1\/#\/schema\/logo\/image\/"},"sameAs":["https:\/\/www.facebook.com\/p\/Infinita-Goya-100063870918311\/"]},{"@type":"Person","@id":"https:\/\/radioinfinitagoya.com.ar\/v1\/#\/schema\/person\/4f0165f0bbfc23393c6b6fcfdf676a8a","name":"Sistema","image":{"@type":"ImageObject","inLanguage":"es-AR","@id":"https:\/\/secure.gravatar.com\/avatar\/458962ec239877f82caa2103bb4b5a1125eaf90e98aa596269c05723459a0887?s=96&d=mm&r=g","url":"https:\/\/secure.gravatar.com\/avatar\/458962ec239877f82caa2103bb4b5a1125eaf90e98aa596269c05723459a0887?s=96&d=mm&r=g","contentUrl":"https:\/\/secure.gravatar.com\/avatar\/458962ec239877f82caa2103bb4b5a1125eaf90e98aa596269c05723459a0887?s=96&d=mm&r=g","caption":"Sistema"}}]}},"_links":{"self":[{"href":"https:\/\/radioinfinitagoya.com.ar\/v1\/wp-json\/wp\/v2\/posts\/10559","targetHints":{"allow":["GET"]}}],"collection":[{"href":"https:\/\/radioinfinitagoya.com.ar\/v1\/wp-json\/wp\/v2\/posts"}],"about":[{"href":"https:\/\/radioinfinitagoya.com.ar\/v1\/wp-json\/wp\/v2\/types\/post"}],"author":[{"embeddable":true,"href":"https:\/\/radioinfinitagoya.com.ar\/v1\/wp-json\/wp\/v2\/users\/1"}],"replies":[{"embeddable":true,"href":"https:\/\/radioinfinitagoya.com.ar\/v1\/wp-json\/wp\/v2\/comments?post=10559"}],"version-history":[{"count":0,"href":"https:\/\/radioinfinitagoya.com.ar\/v1\/wp-json\/wp\/v2\/posts\/10559\/revisions"}],"wp:attachment":[{"href":"https:\/\/radioinfinitagoya.com.ar\/v1\/wp-json\/wp\/v2\/media?parent=10559"}],"wp:term":[{"taxonomy":"category","embeddable":true,"href":"https:\/\/radioinfinitagoya.com.ar\/v1\/wp-json\/wp\/v2\/categories?post=10559"},{"taxonomy":"post_tag","embeddable":true,"href":"https:\/\/radioinfinitagoya.com.ar\/v1\/wp-json\/wp\/v2\/tags?post=10559"}],"curies":[{"name":"wp","href":"https:\/\/api.w.org\/{rel}","templated":true}]}}