{"id":10590,"date":"2020-04-04T16:53:20","date_gmt":"2020-04-04T19:53:20","guid":{"rendered":"https:\/\/radioinfinitagoya.com.ar\/v1\/?p=10590"},"modified":"2020-04-04T16:53:20","modified_gmt":"2020-04-04T19:53:20","slug":"plaza-italia","status":"publish","type":"post","link":"https:\/\/radioinfinitagoya.com.ar\/v1\/2020\/04\/04\/plaza-italia\/","title":{"rendered":"Plaza Italia"},"content":{"rendered":"<div class=\"art-layout-cell art-content clearfix\">\n<article id=\"post-169\" class=\"art-post art-article  post-169 page type-page status-publish hentry\">\n<div class=\"art-postcontent clearfix\">\n<p>Plaza Italia y Av. Costanera<\/p>\n<p>La Costanera va consolid\u00e1ndose con una fisonom\u00eda residencial que puede perfeccionarse en la provisi\u00f3n de adecuado equipamiento urbano que posibilite la jerarquizaci\u00f3n del uso extensivo por parte de los habitantes de la ciudad.<br \/>\nPosee una hermosa parquizaci\u00f3n con varios monumentos, como la Pir\u00e1mide en Homenaje a Goya, con la imagen de Giusseppe Garibaldi donado por la Colectividad Italiana y fue inaugurado el 20 de septiembre de 1909, el Monumento a la Madre donado por el Escribano Tom\u00e1s Montes, otro monumento es el realizado por el artista local Juan Salle que representa un ancla y un tim\u00f3n visto desde arriba.<br \/>\nEl m\u00e1stil fue el velamen de un barco hundido, donado por la Prefectura Naval Argentina.<br \/>\nEl murall\u00f3n se realiz\u00f3 entre 1930 y 1940.<br \/>\nAdem\u00e1s, el colorido de sus lapachos en \u00e9poca de floraci\u00f3n.<br \/>\nLa primavera pinta de rozado todo el paisaje de la Costanera, para deleite de las personas que a diario se acercan a la orilla del r\u00edo para gozar de momentos de tranquilidad.<\/p>\n<\/div>\n<\/article>\n<\/div>\n<div class=\"art-layout-cell art-sidebar1 clearfix\">\n<div id=\"text-2\" class=\"art-block widget widget_text  clearfix\">\n<div class=\"art-blockcontent\">\n<div class=\"textwidget\"><\/div>\n<\/div>\n<\/div>\n<\/div>\n","protected":false},"excerpt":{"rendered":"<p>Plaza Italia y Av. Costanera La Costanera va consolid\u00e1ndose con una fisonom\u00eda residencial que puede perfeccionarse en la provisi\u00f3n de adecuado equipamiento urbano que posibilite la jerarquizaci\u00f3n del uso extensivo por parte de los habitantes de la ciudad. Posee una hermosa parquizaci\u00f3n con varios monumentos, como la Pir\u00e1mide en Homenaje a Goya, con la imagen [&hellip;]<\/p>\n","protected":false},"author":1,"featured_media":0,"comment_status":"open","ping_status":"open","sticky":false,"template":"","format":"standard","meta":{"_joinchat":[],"footnotes":""},"categories":[58],"tags":[],"class_list":{"0":"post-10590","1":"post","2":"type-post","3":"status-publish","4":"format-standard","6":"category-plaza-italia"},"yoast_head":"<!-- This site is optimized with the Yoast SEO plugin v27.2 - https:\/\/yoast.com\/product\/yoast-seo-wordpress\/ -->\n<title>Plaza Italia - Radio Infinita Goya<\/title>\n<meta name=\"description\" content=\"Plaza Italia y Av. Costanera La Costanera va consolid\u00e1ndose con una fisonom\u00eda residencial que puede perfeccionarse en la provisi\u00f3n de adecuado\" \/>\n<meta name=\"robots\" content=\"index, follow, max-snippet:-1, max-image-preview:large, max-video-preview:-1\" \/>\n<link rel=\"canonical\" href=\"https:\/\/radioinfinitagoya.com.ar\/v1\/2020\/04\/04\/plaza-italia\/\" \/>\n<meta property=\"og:locale\" content=\"es_ES\" \/>\n<meta property=\"og:type\" content=\"article\" \/>\n<meta property=\"og:title\" content=\"Plaza Italia - Radio Infinita Goya\" \/>\n<meta property=\"og:description\" content=\"Plaza Italia y Av. Costanera La Costanera va consolid\u00e1ndose con una fisonom\u00eda residencial que puede perfeccionarse en la provisi\u00f3n de adecuado\" \/>\n<meta property=\"og:url\" content=\"https:\/\/radioinfinitagoya.com.ar\/v1\/2020\/04\/04\/plaza-italia\/\" \/>\n<meta property=\"og:site_name\" content=\"Radio Infinita Goya\" \/>\n<meta property=\"article:publisher\" content=\"https:\/\/www.facebook.com\/p\/Infinita-Goya-100063870918311\/\" \/>\n<meta property=\"article:published_time\" content=\"2020-04-04T19:53:20+00:00\" \/>\n<meta name=\"author\" content=\"Sistema\" \/>\n<meta name=\"twitter:card\" content=\"summary_large_image\" \/>\n<meta name=\"twitter:label1\" content=\"Escrito por\" \/>\n\t<meta name=\"twitter:data1\" content=\"Sistema\" \/>\n\t<meta name=\"twitter:label2\" content=\"Tiempo de lectura\" \/>\n\t<meta name=\"twitter:data2\" content=\"1 minuto\" \/>\n<script type=\"application\/ld+json\" class=\"yoast-schema-graph\">{\"@context\":\"https:\/\/schema.org\",\"@graph\":[{\"@type\":\"Article\",\"@id\":\"https:\/\/radioinfinitagoya.com.ar\/v1\/2020\/04\/04\/plaza-italia\/#article\",\"isPartOf\":{\"@id\":\"https:\/\/radioinfinitagoya.com.ar\/v1\/2020\/04\/04\/plaza-italia\/\"},\"author\":{\"name\":\"Sistema\",\"@id\":\"https:\/\/radioinfinitagoya.com.ar\/v1\/#\/schema\/person\/4f0165f0bbfc23393c6b6fcfdf676a8a\"},\"headline\":\"Plaza Italia\",\"datePublished\":\"2020-04-04T19:53:20+00:00\",\"mainEntityOfPage\":{\"@id\":\"https:\/\/radioinfinitagoya.com.ar\/v1\/2020\/04\/04\/plaza-italia\/\"},\"wordCount\":180,\"commentCount\":0,\"publisher\":{\"@id\":\"https:\/\/radioinfinitagoya.com.ar\/v1\/#organization\"},\"articleSection\":[\"PLAZA ITALIA\"],\"inLanguage\":\"es-AR\",\"potentialAction\":[{\"@type\":\"CommentAction\",\"name\":\"Comment\",\"target\":[\"https:\/\/radioinfinitagoya.com.ar\/v1\/2020\/04\/04\/plaza-italia\/#respond\"]}]},{\"@type\":\"WebPage\",\"@id\":\"https:\/\/radioinfinitagoya.com.ar\/v1\/2020\/04\/04\/plaza-italia\/\",\"url\":\"https:\/\/radioinfinitagoya.com.ar\/v1\/2020\/04\/04\/plaza-italia\/\",\"name\":\"Plaza Italia - Radio Infinita Goya\",\"isPartOf\":{\"@id\":\"https:\/\/radioinfinitagoya.com.ar\/v1\/#website\"},\"datePublished\":\"2020-04-04T19:53:20+00:00\",\"description\":\"Plaza Italia y Av. Costanera La Costanera va consolid\u00e1ndose con una fisonom\u00eda residencial que puede perfeccionarse en la provisi\u00f3n de adecuado\",\"breadcrumb\":{\"@id\":\"https:\/\/radioinfinitagoya.com.ar\/v1\/2020\/04\/04\/plaza-italia\/#breadcrumb\"},\"inLanguage\":\"es-AR\",\"potentialAction\":[{\"@type\":\"ReadAction\",\"target\":[\"https:\/\/radioinfinitagoya.com.ar\/v1\/2020\/04\/04\/plaza-italia\/\"]}]},{\"@type\":\"BreadcrumbList\",\"@id\":\"https:\/\/radioinfinitagoya.com.ar\/v1\/2020\/04\/04\/plaza-italia\/#breadcrumb\",\"itemListElement\":[{\"@type\":\"ListItem\",\"position\":1,\"name\":\"Inicio\",\"item\":\"https:\/\/radioinfinitagoya.com.ar\/v1\/\"},{\"@type\":\"ListItem\",\"position\":2,\"name\":\"Plaza Italia\"}]},{\"@type\":\"WebSite\",\"@id\":\"https:\/\/radioinfinitagoya.com.ar\/v1\/#website\",\"url\":\"https:\/\/radioinfinitagoya.com.ar\/v1\/\",\"name\":\"radioinfinitagoya.com.ar\",\"description\":\"Radio de noticias\",\"publisher\":{\"@id\":\"https:\/\/radioinfinitagoya.com.ar\/v1\/#organization\"},\"potentialAction\":[{\"@type\":\"SearchAction\",\"target\":{\"@type\":\"EntryPoint\",\"urlTemplate\":\"https:\/\/radioinfinitagoya.com.ar\/v1\/?s={search_term_string}\"},\"query-input\":{\"@type\":\"PropertyValueSpecification\",\"valueRequired\":true,\"valueName\":\"search_term_string\"}}],\"inLanguage\":\"es-AR\"},{\"@type\":\"Organization\",\"@id\":\"https:\/\/radioinfinitagoya.com.ar\/v1\/#organization\",\"name\":\"Radio Infinita Goya\",\"url\":\"https:\/\/radioinfinitagoya.com.ar\/v1\/\",\"logo\":{\"@type\":\"ImageObject\",\"inLanguage\":\"es-AR\",\"@id\":\"https:\/\/radioinfinitagoya.com.ar\/v1\/#\/schema\/logo\/image\/\",\"url\":\"https:\/\/radioinfinitagoya.com.ar\/v1\/wp-content\/uploads\/2019\/11\/logo-pie-web.png\",\"contentUrl\":\"https:\/\/radioinfinitagoya.com.ar\/v1\/wp-content\/uploads\/2019\/11\/logo-pie-web.png\",\"width\":635,\"height\":326,\"caption\":\"Radio Infinita Goya\"},\"image\":{\"@id\":\"https:\/\/radioinfinitagoya.com.ar\/v1\/#\/schema\/logo\/image\/\"},\"sameAs\":[\"https:\/\/www.facebook.com\/p\/Infinita-Goya-100063870918311\/\"]},{\"@type\":\"Person\",\"@id\":\"https:\/\/radioinfinitagoya.com.ar\/v1\/#\/schema\/person\/4f0165f0bbfc23393c6b6fcfdf676a8a\",\"name\":\"Sistema\",\"image\":{\"@type\":\"ImageObject\",\"inLanguage\":\"es-AR\",\"@id\":\"https:\/\/secure.gravatar.com\/avatar\/458962ec239877f82caa2103bb4b5a1125eaf90e98aa596269c05723459a0887?s=96&d=mm&r=g\",\"url\":\"https:\/\/secure.gravatar.com\/avatar\/458962ec239877f82caa2103bb4b5a1125eaf90e98aa596269c05723459a0887?s=96&d=mm&r=g\",\"contentUrl\":\"https:\/\/secure.gravatar.com\/avatar\/458962ec239877f82caa2103bb4b5a1125eaf90e98aa596269c05723459a0887?s=96&d=mm&r=g\",\"caption\":\"Sistema\"}}]}<\/script>\n<!-- \/ Yoast SEO plugin. -->","yoast_head_json":{"title":"Plaza Italia - Radio Infinita Goya","description":"Plaza Italia y Av. Costanera La Costanera va consolid\u00e1ndose con una fisonom\u00eda residencial que puede perfeccionarse en la provisi\u00f3n de adecuado","robots":{"index":"index","follow":"follow","max-snippet":"max-snippet:-1","max-image-preview":"max-image-preview:large","max-video-preview":"max-video-preview:-1"},"canonical":"https:\/\/radioinfinitagoya.com.ar\/v1\/2020\/04\/04\/plaza-italia\/","og_locale":"es_ES","og_type":"article","og_title":"Plaza Italia - Radio Infinita Goya","og_description":"Plaza Italia y Av. Costanera La Costanera va consolid\u00e1ndose con una fisonom\u00eda residencial que puede perfeccionarse en la provisi\u00f3n de adecuado","og_url":"https:\/\/radioinfinitagoya.com.ar\/v1\/2020\/04\/04\/plaza-italia\/","og_site_name":"Radio Infinita Goya","article_publisher":"https:\/\/www.facebook.com\/p\/Infinita-Goya-100063870918311\/","article_published_time":"2020-04-04T19:53:20+00:00","author":"Sistema","twitter_card":"summary_large_image","twitter_misc":{"Escrito por":"Sistema","Tiempo de lectura":"1 minuto"},"schema":{"@context":"https:\/\/schema.org","@graph":[{"@type":"Article","@id":"https:\/\/radioinfinitagoya.com.ar\/v1\/2020\/04\/04\/plaza-italia\/#article","isPartOf":{"@id":"https:\/\/radioinfinitagoya.com.ar\/v1\/2020\/04\/04\/plaza-italia\/"},"author":{"name":"Sistema","@id":"https:\/\/radioinfinitagoya.com.ar\/v1\/#\/schema\/person\/4f0165f0bbfc23393c6b6fcfdf676a8a"},"headline":"Plaza Italia","datePublished":"2020-04-04T19:53:20+00:00","mainEntityOfPage":{"@id":"https:\/\/radioinfinitagoya.com.ar\/v1\/2020\/04\/04\/plaza-italia\/"},"wordCount":180,"commentCount":0,"publisher":{"@id":"https:\/\/radioinfinitagoya.com.ar\/v1\/#organization"},"articleSection":["PLAZA ITALIA"],"inLanguage":"es-AR","potentialAction":[{"@type":"CommentAction","name":"Comment","target":["https:\/\/radioinfinitagoya.com.ar\/v1\/2020\/04\/04\/plaza-italia\/#respond"]}]},{"@type":"WebPage","@id":"https:\/\/radioinfinitagoya.com.ar\/v1\/2020\/04\/04\/plaza-italia\/","url":"https:\/\/radioinfinitagoya.com.ar\/v1\/2020\/04\/04\/plaza-italia\/","name":"Plaza Italia - Radio Infinita Goya","isPartOf":{"@id":"https:\/\/radioinfinitagoya.com.ar\/v1\/#website"},"datePublished":"2020-04-04T19:53:20+00:00","description":"Plaza Italia y Av. Costanera La Costanera va consolid\u00e1ndose con una fisonom\u00eda residencial que puede perfeccionarse en la provisi\u00f3n de adecuado","breadcrumb":{"@id":"https:\/\/radioinfinitagoya.com.ar\/v1\/2020\/04\/04\/plaza-italia\/#breadcrumb"},"inLanguage":"es-AR","potentialAction":[{"@type":"ReadAction","target":["https:\/\/radioinfinitagoya.com.ar\/v1\/2020\/04\/04\/plaza-italia\/"]}]},{"@type":"BreadcrumbList","@id":"https:\/\/radioinfinitagoya.com.ar\/v1\/2020\/04\/04\/plaza-italia\/#breadcrumb","itemListElement":[{"@type":"ListItem","position":1,"name":"Inicio","item":"https:\/\/radioinfinitagoya.com.ar\/v1\/"},{"@type":"ListItem","position":2,"name":"Plaza Italia"}]},{"@type":"WebSite","@id":"https:\/\/radioinfinitagoya.com.ar\/v1\/#website","url":"https:\/\/radioinfinitagoya.com.ar\/v1\/","name":"radioinfinitagoya.com.ar","description":"Radio de noticias","publisher":{"@id":"https:\/\/radioinfinitagoya.com.ar\/v1\/#organization"},"potentialAction":[{"@type":"SearchAction","target":{"@type":"EntryPoint","urlTemplate":"https:\/\/radioinfinitagoya.com.ar\/v1\/?s={search_term_string}"},"query-input":{"@type":"PropertyValueSpecification","valueRequired":true,"valueName":"search_term_string"}}],"inLanguage":"es-AR"},{"@type":"Organization","@id":"https:\/\/radioinfinitagoya.com.ar\/v1\/#organization","name":"Radio Infinita Goya","url":"https:\/\/radioinfinitagoya.com.ar\/v1\/","logo":{"@type":"ImageObject","inLanguage":"es-AR","@id":"https:\/\/radioinfinitagoya.com.ar\/v1\/#\/schema\/logo\/image\/","url":"https:\/\/radioinfinitagoya.com.ar\/v1\/wp-content\/uploads\/2019\/11\/logo-pie-web.png","contentUrl":"https:\/\/radioinfinitagoya.com.ar\/v1\/wp-content\/uploads\/2019\/11\/logo-pie-web.png","width":635,"height":326,"caption":"Radio Infinita Goya"},"image":{"@id":"https:\/\/radioinfinitagoya.com.ar\/v1\/#\/schema\/logo\/image\/"},"sameAs":["https:\/\/www.facebook.com\/p\/Infinita-Goya-100063870918311\/"]},{"@type":"Person","@id":"https:\/\/radioinfinitagoya.com.ar\/v1\/#\/schema\/person\/4f0165f0bbfc23393c6b6fcfdf676a8a","name":"Sistema","image":{"@type":"ImageObject","inLanguage":"es-AR","@id":"https:\/\/secure.gravatar.com\/avatar\/458962ec239877f82caa2103bb4b5a1125eaf90e98aa596269c05723459a0887?s=96&d=mm&r=g","url":"https:\/\/secure.gravatar.com\/avatar\/458962ec239877f82caa2103bb4b5a1125eaf90e98aa596269c05723459a0887?s=96&d=mm&r=g","contentUrl":"https:\/\/secure.gravatar.com\/avatar\/458962ec239877f82caa2103bb4b5a1125eaf90e98aa596269c05723459a0887?s=96&d=mm&r=g","caption":"Sistema"}}]}},"_links":{"self":[{"href":"https:\/\/radioinfinitagoya.com.ar\/v1\/wp-json\/wp\/v2\/posts\/10590","targetHints":{"allow":["GET"]}}],"collection":[{"href":"https:\/\/radioinfinitagoya.com.ar\/v1\/wp-json\/wp\/v2\/posts"}],"about":[{"href":"https:\/\/radioinfinitagoya.com.ar\/v1\/wp-json\/wp\/v2\/types\/post"}],"author":[{"embeddable":true,"href":"https:\/\/radioinfinitagoya.com.ar\/v1\/wp-json\/wp\/v2\/users\/1"}],"replies":[{"embeddable":true,"href":"https:\/\/radioinfinitagoya.com.ar\/v1\/wp-json\/wp\/v2\/comments?post=10590"}],"version-history":[{"count":0,"href":"https:\/\/radioinfinitagoya.com.ar\/v1\/wp-json\/wp\/v2\/posts\/10590\/revisions"}],"wp:attachment":[{"href":"https:\/\/radioinfinitagoya.com.ar\/v1\/wp-json\/wp\/v2\/media?parent=10590"}],"wp:term":[{"taxonomy":"category","embeddable":true,"href":"https:\/\/radioinfinitagoya.com.ar\/v1\/wp-json\/wp\/v2\/categories?post=10590"},{"taxonomy":"post_tag","embeddable":true,"href":"https:\/\/radioinfinitagoya.com.ar\/v1\/wp-json\/wp\/v2\/tags?post=10590"}],"curies":[{"name":"wp","href":"https:\/\/api.w.org\/{rel}","templated":true}]}}