{"id":10594,"date":"2020-04-04T16:54:28","date_gmt":"2020-04-04T19:54:28","guid":{"rendered":"https:\/\/radioinfinitagoya.com.ar\/v1\/?p=10594"},"modified":"2020-04-04T16:54:28","modified_gmt":"2020-04-04T19:54:28","slug":"plaza-san-martin","status":"publish","type":"post","link":"https:\/\/radioinfinitagoya.com.ar\/v1\/2020\/04\/04\/plaza-san-martin\/","title":{"rendered":"Plaza San Mart\u00edn"},"content":{"rendered":"<div class=\"art-layout-cell art-content clearfix\">\n<div class=\"item-page\">\n<article class=\"art-post\">\n<div class=\"art-postcontent clearfix\">\n<div class=\"art-article\">\n<p>Plaza San Mart\u00edn<\/p>\n<p>Est\u00e1 flanqueada por las calles San Mart\u00edn, Bartolom\u00e9 Mitre, Alvear y Corrientes.<br \/>\nCuenta en su centro con uno de los tres monumentos pedestres del Gral. San Mart\u00edn existentes en el pa\u00eds.<br \/>\nEs propiedad de la comuna y fue erigida por el pueblo e inaugurada el 17 de agosto de 1927.<br \/>\nLa figura del Libertador es de bronce, de 2,5Omts represent\u00e1ndolo en la \u00e9poca en que preparaba el Ejercito a los Andes, contemplado desde el Campamento \u201cEl Plumerillo\u201d la Cordillera de los Andes. Es obra del Escultor Carlos Cuya Navarro.<br \/>\nLa escultura se encuentra sobre un pedestal de granitos.<br \/>\nPor la posici\u00f3n del Libertador, que esta de pie, como des prendi\u00e9ndose de la monta\u00f1a y avanzando, esta composici\u00f3n ha sido calificada por los oradores correntinos como del \u201cSan Mart\u00edn Civil\u201d, que contempla la grandeza de la comunidad pac\u00edfica y justa de la Naci\u00f3n.<\/p>\n<\/div>\n<\/div>\n<\/article>\n<\/div>\n<\/div>\n","protected":false},"excerpt":{"rendered":"<p>Plaza San Mart\u00edn Est\u00e1 flanqueada por las calles San Mart\u00edn, Bartolom\u00e9 Mitre, Alvear y Corrientes. Cuenta en su centro con uno de los tres monumentos pedestres del Gral. San Mart\u00edn existentes en el pa\u00eds. Es propiedad de la comuna y fue erigida por el pueblo e inaugurada el 17 de agosto de 1927. La figura [&hellip;]<\/p>\n","protected":false},"author":1,"featured_media":0,"comment_status":"open","ping_status":"open","sticky":false,"template":"","format":"standard","meta":{"_joinchat":[],"footnotes":""},"categories":[60],"tags":[],"class_list":{"0":"post-10594","1":"post","2":"type-post","3":"status-publish","4":"format-standard","6":"category-plaza-san-martin"},"yoast_head":"<!-- This site is optimized with the Yoast SEO plugin v27.2 - https:\/\/yoast.com\/product\/yoast-seo-wordpress\/ -->\n<title>Plaza San Mart\u00edn - Radio Infinita Goya<\/title>\n<meta name=\"description\" content=\"Plaza San Mart\u00edn Est\u00e1 flanqueada por las calles San Mart\u00edn, Bartolom\u00e9 Mitre, Alvear y Corrientes. Cuenta en su centro con uno de los tres monumentos\" \/>\n<meta name=\"robots\" content=\"index, follow, max-snippet:-1, max-image-preview:large, max-video-preview:-1\" \/>\n<link rel=\"canonical\" href=\"https:\/\/radioinfinitagoya.com.ar\/v1\/2020\/04\/04\/plaza-san-martin\/\" \/>\n<meta property=\"og:locale\" content=\"es_ES\" \/>\n<meta property=\"og:type\" content=\"article\" \/>\n<meta property=\"og:title\" content=\"Plaza San Mart\u00edn - Radio Infinita Goya\" \/>\n<meta property=\"og:description\" content=\"Plaza San Mart\u00edn Est\u00e1 flanqueada por las calles San Mart\u00edn, Bartolom\u00e9 Mitre, Alvear y Corrientes. Cuenta en su centro con uno de los tres monumentos\" \/>\n<meta property=\"og:url\" content=\"https:\/\/radioinfinitagoya.com.ar\/v1\/2020\/04\/04\/plaza-san-martin\/\" \/>\n<meta property=\"og:site_name\" content=\"Radio Infinita Goya\" \/>\n<meta property=\"article:publisher\" content=\"https:\/\/www.facebook.com\/p\/Infinita-Goya-100063870918311\/\" \/>\n<meta property=\"article:published_time\" content=\"2020-04-04T19:54:28+00:00\" \/>\n<meta name=\"author\" content=\"Sistema\" \/>\n<meta name=\"twitter:card\" content=\"summary_large_image\" \/>\n<meta name=\"twitter:label1\" content=\"Escrito por\" \/>\n\t<meta name=\"twitter:data1\" content=\"Sistema\" \/>\n\t<meta name=\"twitter:label2\" content=\"Tiempo de lectura\" \/>\n\t<meta name=\"twitter:data2\" content=\"1 minuto\" \/>\n<script type=\"application\/ld+json\" class=\"yoast-schema-graph\">{\"@context\":\"https:\/\/schema.org\",\"@graph\":[{\"@type\":\"Article\",\"@id\":\"https:\/\/radioinfinitagoya.com.ar\/v1\/2020\/04\/04\/plaza-san-martin\/#article\",\"isPartOf\":{\"@id\":\"https:\/\/radioinfinitagoya.com.ar\/v1\/2020\/04\/04\/plaza-san-martin\/\"},\"author\":{\"name\":\"Sistema\",\"@id\":\"https:\/\/radioinfinitagoya.com.ar\/v1\/#\/schema\/person\/4f0165f0bbfc23393c6b6fcfdf676a8a\"},\"headline\":\"Plaza San Mart\u00edn\",\"datePublished\":\"2020-04-04T19:54:28+00:00\",\"mainEntityOfPage\":{\"@id\":\"https:\/\/radioinfinitagoya.com.ar\/v1\/2020\/04\/04\/plaza-san-martin\/\"},\"wordCount\":159,\"commentCount\":0,\"publisher\":{\"@id\":\"https:\/\/radioinfinitagoya.com.ar\/v1\/#organization\"},\"articleSection\":[\"PLAZA SAN MART\u00cdN\"],\"inLanguage\":\"es-AR\",\"potentialAction\":[{\"@type\":\"CommentAction\",\"name\":\"Comment\",\"target\":[\"https:\/\/radioinfinitagoya.com.ar\/v1\/2020\/04\/04\/plaza-san-martin\/#respond\"]}]},{\"@type\":\"WebPage\",\"@id\":\"https:\/\/radioinfinitagoya.com.ar\/v1\/2020\/04\/04\/plaza-san-martin\/\",\"url\":\"https:\/\/radioinfinitagoya.com.ar\/v1\/2020\/04\/04\/plaza-san-martin\/\",\"name\":\"Plaza San Mart\u00edn - Radio Infinita Goya\",\"isPartOf\":{\"@id\":\"https:\/\/radioinfinitagoya.com.ar\/v1\/#website\"},\"datePublished\":\"2020-04-04T19:54:28+00:00\",\"description\":\"Plaza San Mart\u00edn Est\u00e1 flanqueada por las calles San Mart\u00edn, Bartolom\u00e9 Mitre, Alvear y Corrientes. Cuenta en su centro con uno de los tres monumentos\",\"breadcrumb\":{\"@id\":\"https:\/\/radioinfinitagoya.com.ar\/v1\/2020\/04\/04\/plaza-san-martin\/#breadcrumb\"},\"inLanguage\":\"es-AR\",\"potentialAction\":[{\"@type\":\"ReadAction\",\"target\":[\"https:\/\/radioinfinitagoya.com.ar\/v1\/2020\/04\/04\/plaza-san-martin\/\"]}]},{\"@type\":\"BreadcrumbList\",\"@id\":\"https:\/\/radioinfinitagoya.com.ar\/v1\/2020\/04\/04\/plaza-san-martin\/#breadcrumb\",\"itemListElement\":[{\"@type\":\"ListItem\",\"position\":1,\"name\":\"Inicio\",\"item\":\"https:\/\/radioinfinitagoya.com.ar\/v1\/\"},{\"@type\":\"ListItem\",\"position\":2,\"name\":\"Plaza San Mart\u00edn\"}]},{\"@type\":\"WebSite\",\"@id\":\"https:\/\/radioinfinitagoya.com.ar\/v1\/#website\",\"url\":\"https:\/\/radioinfinitagoya.com.ar\/v1\/\",\"name\":\"radioinfinitagoya.com.ar\",\"description\":\"Radio de noticias\",\"publisher\":{\"@id\":\"https:\/\/radioinfinitagoya.com.ar\/v1\/#organization\"},\"potentialAction\":[{\"@type\":\"SearchAction\",\"target\":{\"@type\":\"EntryPoint\",\"urlTemplate\":\"https:\/\/radioinfinitagoya.com.ar\/v1\/?s={search_term_string}\"},\"query-input\":{\"@type\":\"PropertyValueSpecification\",\"valueRequired\":true,\"valueName\":\"search_term_string\"}}],\"inLanguage\":\"es-AR\"},{\"@type\":\"Organization\",\"@id\":\"https:\/\/radioinfinitagoya.com.ar\/v1\/#organization\",\"name\":\"Radio Infinita Goya\",\"url\":\"https:\/\/radioinfinitagoya.com.ar\/v1\/\",\"logo\":{\"@type\":\"ImageObject\",\"inLanguage\":\"es-AR\",\"@id\":\"https:\/\/radioinfinitagoya.com.ar\/v1\/#\/schema\/logo\/image\/\",\"url\":\"https:\/\/radioinfinitagoya.com.ar\/v1\/wp-content\/uploads\/2019\/11\/logo-pie-web.png\",\"contentUrl\":\"https:\/\/radioinfinitagoya.com.ar\/v1\/wp-content\/uploads\/2019\/11\/logo-pie-web.png\",\"width\":635,\"height\":326,\"caption\":\"Radio Infinita Goya\"},\"image\":{\"@id\":\"https:\/\/radioinfinitagoya.com.ar\/v1\/#\/schema\/logo\/image\/\"},\"sameAs\":[\"https:\/\/www.facebook.com\/p\/Infinita-Goya-100063870918311\/\"]},{\"@type\":\"Person\",\"@id\":\"https:\/\/radioinfinitagoya.com.ar\/v1\/#\/schema\/person\/4f0165f0bbfc23393c6b6fcfdf676a8a\",\"name\":\"Sistema\",\"image\":{\"@type\":\"ImageObject\",\"inLanguage\":\"es-AR\",\"@id\":\"https:\/\/secure.gravatar.com\/avatar\/458962ec239877f82caa2103bb4b5a1125eaf90e98aa596269c05723459a0887?s=96&d=mm&r=g\",\"url\":\"https:\/\/secure.gravatar.com\/avatar\/458962ec239877f82caa2103bb4b5a1125eaf90e98aa596269c05723459a0887?s=96&d=mm&r=g\",\"contentUrl\":\"https:\/\/secure.gravatar.com\/avatar\/458962ec239877f82caa2103bb4b5a1125eaf90e98aa596269c05723459a0887?s=96&d=mm&r=g\",\"caption\":\"Sistema\"}}]}<\/script>\n<!-- \/ Yoast SEO plugin. -->","yoast_head_json":{"title":"Plaza San Mart\u00edn - Radio Infinita Goya","description":"Plaza San Mart\u00edn Est\u00e1 flanqueada por las calles San Mart\u00edn, Bartolom\u00e9 Mitre, Alvear y Corrientes. Cuenta en su centro con uno de los tres monumentos","robots":{"index":"index","follow":"follow","max-snippet":"max-snippet:-1","max-image-preview":"max-image-preview:large","max-video-preview":"max-video-preview:-1"},"canonical":"https:\/\/radioinfinitagoya.com.ar\/v1\/2020\/04\/04\/plaza-san-martin\/","og_locale":"es_ES","og_type":"article","og_title":"Plaza San Mart\u00edn - Radio Infinita Goya","og_description":"Plaza San Mart\u00edn Est\u00e1 flanqueada por las calles San Mart\u00edn, Bartolom\u00e9 Mitre, Alvear y Corrientes. Cuenta en su centro con uno de los tres monumentos","og_url":"https:\/\/radioinfinitagoya.com.ar\/v1\/2020\/04\/04\/plaza-san-martin\/","og_site_name":"Radio Infinita Goya","article_publisher":"https:\/\/www.facebook.com\/p\/Infinita-Goya-100063870918311\/","article_published_time":"2020-04-04T19:54:28+00:00","author":"Sistema","twitter_card":"summary_large_image","twitter_misc":{"Escrito por":"Sistema","Tiempo de lectura":"1 minuto"},"schema":{"@context":"https:\/\/schema.org","@graph":[{"@type":"Article","@id":"https:\/\/radioinfinitagoya.com.ar\/v1\/2020\/04\/04\/plaza-san-martin\/#article","isPartOf":{"@id":"https:\/\/radioinfinitagoya.com.ar\/v1\/2020\/04\/04\/plaza-san-martin\/"},"author":{"name":"Sistema","@id":"https:\/\/radioinfinitagoya.com.ar\/v1\/#\/schema\/person\/4f0165f0bbfc23393c6b6fcfdf676a8a"},"headline":"Plaza San Mart\u00edn","datePublished":"2020-04-04T19:54:28+00:00","mainEntityOfPage":{"@id":"https:\/\/radioinfinitagoya.com.ar\/v1\/2020\/04\/04\/plaza-san-martin\/"},"wordCount":159,"commentCount":0,"publisher":{"@id":"https:\/\/radioinfinitagoya.com.ar\/v1\/#organization"},"articleSection":["PLAZA SAN MART\u00cdN"],"inLanguage":"es-AR","potentialAction":[{"@type":"CommentAction","name":"Comment","target":["https:\/\/radioinfinitagoya.com.ar\/v1\/2020\/04\/04\/plaza-san-martin\/#respond"]}]},{"@type":"WebPage","@id":"https:\/\/radioinfinitagoya.com.ar\/v1\/2020\/04\/04\/plaza-san-martin\/","url":"https:\/\/radioinfinitagoya.com.ar\/v1\/2020\/04\/04\/plaza-san-martin\/","name":"Plaza San Mart\u00edn - Radio Infinita Goya","isPartOf":{"@id":"https:\/\/radioinfinitagoya.com.ar\/v1\/#website"},"datePublished":"2020-04-04T19:54:28+00:00","description":"Plaza San Mart\u00edn Est\u00e1 flanqueada por las calles San Mart\u00edn, Bartolom\u00e9 Mitre, Alvear y Corrientes. Cuenta en su centro con uno de los tres monumentos","breadcrumb":{"@id":"https:\/\/radioinfinitagoya.com.ar\/v1\/2020\/04\/04\/plaza-san-martin\/#breadcrumb"},"inLanguage":"es-AR","potentialAction":[{"@type":"ReadAction","target":["https:\/\/radioinfinitagoya.com.ar\/v1\/2020\/04\/04\/plaza-san-martin\/"]}]},{"@type":"BreadcrumbList","@id":"https:\/\/radioinfinitagoya.com.ar\/v1\/2020\/04\/04\/plaza-san-martin\/#breadcrumb","itemListElement":[{"@type":"ListItem","position":1,"name":"Inicio","item":"https:\/\/radioinfinitagoya.com.ar\/v1\/"},{"@type":"ListItem","position":2,"name":"Plaza San Mart\u00edn"}]},{"@type":"WebSite","@id":"https:\/\/radioinfinitagoya.com.ar\/v1\/#website","url":"https:\/\/radioinfinitagoya.com.ar\/v1\/","name":"radioinfinitagoya.com.ar","description":"Radio de noticias","publisher":{"@id":"https:\/\/radioinfinitagoya.com.ar\/v1\/#organization"},"potentialAction":[{"@type":"SearchAction","target":{"@type":"EntryPoint","urlTemplate":"https:\/\/radioinfinitagoya.com.ar\/v1\/?s={search_term_string}"},"query-input":{"@type":"PropertyValueSpecification","valueRequired":true,"valueName":"search_term_string"}}],"inLanguage":"es-AR"},{"@type":"Organization","@id":"https:\/\/radioinfinitagoya.com.ar\/v1\/#organization","name":"Radio Infinita Goya","url":"https:\/\/radioinfinitagoya.com.ar\/v1\/","logo":{"@type":"ImageObject","inLanguage":"es-AR","@id":"https:\/\/radioinfinitagoya.com.ar\/v1\/#\/schema\/logo\/image\/","url":"https:\/\/radioinfinitagoya.com.ar\/v1\/wp-content\/uploads\/2019\/11\/logo-pie-web.png","contentUrl":"https:\/\/radioinfinitagoya.com.ar\/v1\/wp-content\/uploads\/2019\/11\/logo-pie-web.png","width":635,"height":326,"caption":"Radio Infinita Goya"},"image":{"@id":"https:\/\/radioinfinitagoya.com.ar\/v1\/#\/schema\/logo\/image\/"},"sameAs":["https:\/\/www.facebook.com\/p\/Infinita-Goya-100063870918311\/"]},{"@type":"Person","@id":"https:\/\/radioinfinitagoya.com.ar\/v1\/#\/schema\/person\/4f0165f0bbfc23393c6b6fcfdf676a8a","name":"Sistema","image":{"@type":"ImageObject","inLanguage":"es-AR","@id":"https:\/\/secure.gravatar.com\/avatar\/458962ec239877f82caa2103bb4b5a1125eaf90e98aa596269c05723459a0887?s=96&d=mm&r=g","url":"https:\/\/secure.gravatar.com\/avatar\/458962ec239877f82caa2103bb4b5a1125eaf90e98aa596269c05723459a0887?s=96&d=mm&r=g","contentUrl":"https:\/\/secure.gravatar.com\/avatar\/458962ec239877f82caa2103bb4b5a1125eaf90e98aa596269c05723459a0887?s=96&d=mm&r=g","caption":"Sistema"}}]}},"_links":{"self":[{"href":"https:\/\/radioinfinitagoya.com.ar\/v1\/wp-json\/wp\/v2\/posts\/10594","targetHints":{"allow":["GET"]}}],"collection":[{"href":"https:\/\/radioinfinitagoya.com.ar\/v1\/wp-json\/wp\/v2\/posts"}],"about":[{"href":"https:\/\/radioinfinitagoya.com.ar\/v1\/wp-json\/wp\/v2\/types\/post"}],"author":[{"embeddable":true,"href":"https:\/\/radioinfinitagoya.com.ar\/v1\/wp-json\/wp\/v2\/users\/1"}],"replies":[{"embeddable":true,"href":"https:\/\/radioinfinitagoya.com.ar\/v1\/wp-json\/wp\/v2\/comments?post=10594"}],"version-history":[{"count":0,"href":"https:\/\/radioinfinitagoya.com.ar\/v1\/wp-json\/wp\/v2\/posts\/10594\/revisions"}],"wp:attachment":[{"href":"https:\/\/radioinfinitagoya.com.ar\/v1\/wp-json\/wp\/v2\/media?parent=10594"}],"wp:term":[{"taxonomy":"category","embeddable":true,"href":"https:\/\/radioinfinitagoya.com.ar\/v1\/wp-json\/wp\/v2\/categories?post=10594"},{"taxonomy":"post_tag","embeddable":true,"href":"https:\/\/radioinfinitagoya.com.ar\/v1\/wp-json\/wp\/v2\/tags?post=10594"}],"curies":[{"name":"wp","href":"https:\/\/api.w.org\/{rel}","templated":true}]}}