{"id":189528,"date":"2025-05-01T18:28:31","date_gmt":"2025-05-01T21:28:31","guid":{"rendered":"https:\/\/radioinfinitagoya.com.ar\/v1\/?p=189528"},"modified":"2025-05-01T18:28:31","modified_gmt":"2025-05-01T21:28:31","slug":"franco-mogetta-fue-desplazado-de-la-secretaria-de-transporte","status":"publish","type":"post","link":"https:\/\/radioinfinitagoya.com.ar\/v1\/2025\/05\/01\/franco-mogetta-fue-desplazado-de-la-secretaria-de-transporte\/","title":{"rendered":"Franco Mogetta fue desplazado de la Secretar\u00eda de Transporte"},"content":{"rendered":"<p>Desde el oficialismo se pudo saber, que el ahora ex funcionario, participar\u00e1 en las elecciones en C\u00f3rdoba como representante de la Libertad Avanza.<\/p>\n<p>El Gobierno desplaz\u00f3 a Franco Mogetta de la Secretar\u00eda de Transporte y nombrar\u00e1 en su lugar a Luis Pierrini. Se trata de un funcionario del rubro de los seguros, que es cercano al ministro de Econom\u00eda, Luis Caputo. Fuentes oficiales le confirmaron a TN que el cordob\u00e9s dejar\u00e1 su cargo reci\u00e9n a fines de la semana pr\u00f3xima para hacer la transici\u00f3n con su sucesor.<\/p>\n<p>En la Casa Rosada aseguran adem\u00e1s que Mogetta se dedicar\u00e1 a construir armado libertario en la provincia de C\u00f3rdoba y que hay altas probabilidades de que se presente por La Libertad Avanza en las elecciones legislativas de mitad de t\u00e9rmino. \u201c\u00c9l pidi\u00f3 ser candidato y nos pareci\u00f3 que tiene un perfil acorde. Vamos a acompa\u00f1arlo\u201d, expresan en Naci\u00f3n.<\/p>\n<p>En ese sentido, Caputo dej\u00f3 un mensaje en su cuenta de X: \u201cCon respecto a la salida del Secretario de Transporte, aclaro que Franco ha hecho un GRAN trabajo y que contin\u00faa siendo parte del equipo. Deja su cargo porque es probable que sea candidato de LLA en las pr\u00f3ximas elecciones\u201d.<\/p>\n<p>En Balcarce 50 reconocen que no est\u00e1 previsto que el funcionario asuma un cargo partidario, pero no descartan que se ponga al frente de otra funci\u00f3n nacional en el territorio cordob\u00e9s. Y admiten que el anuncio de la renuncia estaba planeado para dentro de diez d\u00edas. \u201cSe fue en buenos t\u00e9rminos y la idea es que siga cerca de la gesti\u00f3n\u201d, agregan.<\/p>\n<p>En los \u00faltimos d\u00edas, circularon rumores de enojo contra Mogetta por el aumento de los boletos de colectivos en el AMBA. Lo mismo aplica para el qu\u00f3rum que dieron en abril los diputados que responden al gobernador de la provincia de C\u00f3rdoba, Mart\u00edn Llaryora, para impulsar la creaci\u00f3n de una comisi\u00f3n investigadora sobre la promoci\u00f3n del presidente de la criptomoneda Libra.<\/p>\n<p>El cordob\u00e9s lleg\u00f3 al Ejecutivo a ra\u00edz del v\u00ednculo entre el oficialismo y el exmandatario provincial Juan Schiaretti, que se deterior\u00f3 en los \u00faltimos meses. El extitular de la ANSES Osvaldo Giordano desembarc\u00f3 en la gesti\u00f3n por los mismos t\u00e9rminos y fue desplazado porque su esposa, la diputada Alejandra Torres, vot\u00f3 en contra de la Ley Bases.<\/p>\n<p>La salida del secretario de Transporte se da en medio de la reformulaci\u00f3n del \u00e1rea que est\u00e1 realizando el ministro de Desregulaci\u00f3n y Transformaci\u00f3n del Estado, Federico Sturzenegger. La iniciativa incluye la fusi\u00f3n de organismos aerocomerciales y la disoluci\u00f3n de la Comisi\u00f3n Nacional de Regulaci\u00f3n del Transporte (CNRT).<\/p>\n<p>Una de las diferencias entre Mogetta y la Casa Rosada era la disoluci\u00f3n de la empresa Ferrocarriles Argentinos (FASE). Se trata de la sociedad del Estado que coordina las empresas ferroviarias y depende de la subsecretar\u00eda de Transporte Ferroviario, que lidera Mart\u00edn Ferreiro.<\/p>\n<p>&nbsp;<\/p>\n","protected":false},"excerpt":{"rendered":"<p>Desde el oficialismo se pudo saber, que el ahora ex funcionario, participar\u00e1 en las elecciones en C\u00f3rdoba como representante de la Libertad Avanza. El Gobierno desplaz\u00f3 a Franco Mogetta de la Secretar\u00eda de Transporte y nombrar\u00e1 en su lugar a Luis Pierrini. Se trata de un funcionario del rubro de los seguros, que es cercano [&hellip;]<\/p>\n","protected":false},"author":4,"featured_media":189529,"comment_status":"closed","ping_status":"closed","sticky":false,"template":"","format":"standard","meta":{"_joinchat":[],"footnotes":""},"categories":[29],"tags":[],"class_list":{"0":"post-189528","1":"post","2":"type-post","3":"status-publish","4":"format-standard","5":"has-post-thumbnail","7":"category-nacionales"},"yoast_head":"<!-- This site is optimized with the Yoast SEO plugin v27.2 - https:\/\/yoast.com\/product\/yoast-seo-wordpress\/ -->\n<title>Franco Mogetta fue desplazado de la Secretar\u00eda de Transporte - Radio Infinita Goya<\/title>\n<meta name=\"description\" content=\"Desde el oficialismo se pudo saber, que el ahora ex funcionario, participar\u00e1 en las elecciones en C\u00f3rdoba como representante de la Libertad Avanza. El\" \/>\n<meta name=\"robots\" content=\"index, follow, max-snippet:-1, max-image-preview:large, max-video-preview:-1\" \/>\n<link rel=\"canonical\" href=\"https:\/\/radioinfinitagoya.com.ar\/v1\/2025\/05\/01\/franco-mogetta-fue-desplazado-de-la-secretaria-de-transporte\/\" \/>\n<meta property=\"og:locale\" content=\"es_ES\" \/>\n<meta property=\"og:type\" content=\"article\" \/>\n<meta property=\"og:title\" content=\"Franco Mogetta fue desplazado de la Secretar\u00eda de Transporte - Radio Infinita Goya\" \/>\n<meta property=\"og:description\" content=\"Desde el oficialismo se pudo saber, que el ahora ex funcionario, participar\u00e1 en las elecciones en C\u00f3rdoba como representante de la Libertad Avanza. El\" \/>\n<meta property=\"og:url\" content=\"https:\/\/radioinfinitagoya.com.ar\/v1\/2025\/05\/01\/franco-mogetta-fue-desplazado-de-la-secretaria-de-transporte\/\" \/>\n<meta property=\"og:site_name\" content=\"Radio Infinita Goya\" \/>\n<meta property=\"article:publisher\" content=\"https:\/\/www.facebook.com\/p\/Infinita-Goya-100063870918311\/\" \/>\n<meta property=\"article:published_time\" content=\"2025-05-01T21:28:31+00:00\" \/>\n<meta property=\"og:image\" content=\"https:\/\/radioinfinitagoya.com.ar\/v1\/wp-content\/uploads\/2025\/05\/QAPs9Rrd.jpg\" \/>\n\t<meta property=\"og:image:width\" content=\"680\" \/>\n\t<meta property=\"og:image:height\" content=\"383\" \/>\n\t<meta property=\"og:image:type\" content=\"image\/jpeg\" \/>\n<meta name=\"author\" content=\"Jorge Mi\u00f1o\" \/>\n<meta name=\"twitter:card\" content=\"summary_large_image\" \/>\n<meta name=\"twitter:label1\" content=\"Escrito por\" \/>\n\t<meta name=\"twitter:data1\" content=\"Jorge Mi\u00f1o\" \/>\n\t<meta name=\"twitter:label2\" content=\"Tiempo de lectura\" \/>\n\t<meta name=\"twitter:data2\" content=\"3 minutos\" \/>\n<script type=\"application\/ld+json\" class=\"yoast-schema-graph\">{\"@context\":\"https:\/\/schema.org\",\"@graph\":[{\"@type\":\"Article\",\"@id\":\"https:\/\/radioinfinitagoya.com.ar\/v1\/2025\/05\/01\/franco-mogetta-fue-desplazado-de-la-secretaria-de-transporte\/#article\",\"isPartOf\":{\"@id\":\"https:\/\/radioinfinitagoya.com.ar\/v1\/2025\/05\/01\/franco-mogetta-fue-desplazado-de-la-secretaria-de-transporte\/\"},\"author\":{\"name\":\"Jorge Mi\u00f1o\",\"@id\":\"https:\/\/radioinfinitagoya.com.ar\/v1\/#\/schema\/person\/d4cf9c413d4f6edb24aabdccab49ca4a\"},\"headline\":\"Franco Mogetta fue desplazado de la Secretar\u00eda de Transporte\",\"datePublished\":\"2025-05-01T21:28:31+00:00\",\"mainEntityOfPage\":{\"@id\":\"https:\/\/radioinfinitagoya.com.ar\/v1\/2025\/05\/01\/franco-mogetta-fue-desplazado-de-la-secretaria-de-transporte\/\"},\"wordCount\":518,\"publisher\":{\"@id\":\"https:\/\/radioinfinitagoya.com.ar\/v1\/#organization\"},\"image\":{\"@id\":\"https:\/\/radioinfinitagoya.com.ar\/v1\/2025\/05\/01\/franco-mogetta-fue-desplazado-de-la-secretaria-de-transporte\/#primaryimage\"},\"thumbnailUrl\":\"https:\/\/radioinfinitagoya.com.ar\/v1\/wp-content\/uploads\/2025\/05\/QAPs9Rrd.jpg\",\"articleSection\":[\"NACIONALES\"],\"inLanguage\":\"es-AR\"},{\"@type\":\"WebPage\",\"@id\":\"https:\/\/radioinfinitagoya.com.ar\/v1\/2025\/05\/01\/franco-mogetta-fue-desplazado-de-la-secretaria-de-transporte\/\",\"url\":\"https:\/\/radioinfinitagoya.com.ar\/v1\/2025\/05\/01\/franco-mogetta-fue-desplazado-de-la-secretaria-de-transporte\/\",\"name\":\"Franco Mogetta fue desplazado de la Secretar\u00eda de Transporte - Radio Infinita Goya\",\"isPartOf\":{\"@id\":\"https:\/\/radioinfinitagoya.com.ar\/v1\/#website\"},\"primaryImageOfPage\":{\"@id\":\"https:\/\/radioinfinitagoya.com.ar\/v1\/2025\/05\/01\/franco-mogetta-fue-desplazado-de-la-secretaria-de-transporte\/#primaryimage\"},\"image\":{\"@id\":\"https:\/\/radioinfinitagoya.com.ar\/v1\/2025\/05\/01\/franco-mogetta-fue-desplazado-de-la-secretaria-de-transporte\/#primaryimage\"},\"thumbnailUrl\":\"https:\/\/radioinfinitagoya.com.ar\/v1\/wp-content\/uploads\/2025\/05\/QAPs9Rrd.jpg\",\"datePublished\":\"2025-05-01T21:28:31+00:00\",\"description\":\"Desde el oficialismo se pudo saber, que el ahora ex funcionario, participar\u00e1 en las elecciones en C\u00f3rdoba como representante de la Libertad Avanza. El\",\"breadcrumb\":{\"@id\":\"https:\/\/radioinfinitagoya.com.ar\/v1\/2025\/05\/01\/franco-mogetta-fue-desplazado-de-la-secretaria-de-transporte\/#breadcrumb\"},\"inLanguage\":\"es-AR\",\"potentialAction\":[{\"@type\":\"ReadAction\",\"target\":[\"https:\/\/radioinfinitagoya.com.ar\/v1\/2025\/05\/01\/franco-mogetta-fue-desplazado-de-la-secretaria-de-transporte\/\"]}]},{\"@type\":\"ImageObject\",\"inLanguage\":\"es-AR\",\"@id\":\"https:\/\/radioinfinitagoya.com.ar\/v1\/2025\/05\/01\/franco-mogetta-fue-desplazado-de-la-secretaria-de-transporte\/#primaryimage\",\"url\":\"https:\/\/radioinfinitagoya.com.ar\/v1\/wp-content\/uploads\/2025\/05\/QAPs9Rrd.jpg\",\"contentUrl\":\"https:\/\/radioinfinitagoya.com.ar\/v1\/wp-content\/uploads\/2025\/05\/QAPs9Rrd.jpg\",\"width\":680,\"height\":383},{\"@type\":\"BreadcrumbList\",\"@id\":\"https:\/\/radioinfinitagoya.com.ar\/v1\/2025\/05\/01\/franco-mogetta-fue-desplazado-de-la-secretaria-de-transporte\/#breadcrumb\",\"itemListElement\":[{\"@type\":\"ListItem\",\"position\":1,\"name\":\"Inicio\",\"item\":\"https:\/\/radioinfinitagoya.com.ar\/v1\/\"},{\"@type\":\"ListItem\",\"position\":2,\"name\":\"Franco Mogetta fue desplazado de la Secretar\u00eda de Transporte\"}]},{\"@type\":\"WebSite\",\"@id\":\"https:\/\/radioinfinitagoya.com.ar\/v1\/#website\",\"url\":\"https:\/\/radioinfinitagoya.com.ar\/v1\/\",\"name\":\"radioinfinitagoya.com.ar\",\"description\":\"Radio de noticias\",\"publisher\":{\"@id\":\"https:\/\/radioinfinitagoya.com.ar\/v1\/#organization\"},\"potentialAction\":[{\"@type\":\"SearchAction\",\"target\":{\"@type\":\"EntryPoint\",\"urlTemplate\":\"https:\/\/radioinfinitagoya.com.ar\/v1\/?s={search_term_string}\"},\"query-input\":{\"@type\":\"PropertyValueSpecification\",\"valueRequired\":true,\"valueName\":\"search_term_string\"}}],\"inLanguage\":\"es-AR\"},{\"@type\":\"Organization\",\"@id\":\"https:\/\/radioinfinitagoya.com.ar\/v1\/#organization\",\"name\":\"Radio Infinita Goya\",\"url\":\"https:\/\/radioinfinitagoya.com.ar\/v1\/\",\"logo\":{\"@type\":\"ImageObject\",\"inLanguage\":\"es-AR\",\"@id\":\"https:\/\/radioinfinitagoya.com.ar\/v1\/#\/schema\/logo\/image\/\",\"url\":\"https:\/\/radioinfinitagoya.com.ar\/v1\/wp-content\/uploads\/2019\/11\/logo-pie-web.png\",\"contentUrl\":\"https:\/\/radioinfinitagoya.com.ar\/v1\/wp-content\/uploads\/2019\/11\/logo-pie-web.png\",\"width\":635,\"height\":326,\"caption\":\"Radio Infinita Goya\"},\"image\":{\"@id\":\"https:\/\/radioinfinitagoya.com.ar\/v1\/#\/schema\/logo\/image\/\"},\"sameAs\":[\"https:\/\/www.facebook.com\/p\/Infinita-Goya-100063870918311\/\"]},{\"@type\":\"Person\",\"@id\":\"https:\/\/radioinfinitagoya.com.ar\/v1\/#\/schema\/person\/d4cf9c413d4f6edb24aabdccab49ca4a\",\"name\":\"Jorge Mi\u00f1o\",\"image\":{\"@type\":\"ImageObject\",\"inLanguage\":\"es-AR\",\"@id\":\"https:\/\/secure.gravatar.com\/avatar\/910fcf6728fe95320e07a6643c1581fec1c7fc4bf8ae12e3d8f0d0373dc844be?s=96&d=mm&r=g\",\"url\":\"https:\/\/secure.gravatar.com\/avatar\/910fcf6728fe95320e07a6643c1581fec1c7fc4bf8ae12e3d8f0d0373dc844be?s=96&d=mm&r=g\",\"contentUrl\":\"https:\/\/secure.gravatar.com\/avatar\/910fcf6728fe95320e07a6643c1581fec1c7fc4bf8ae12e3d8f0d0373dc844be?s=96&d=mm&r=g\",\"caption\":\"Jorge Mi\u00f1o\"},\"sameAs\":[\"http:\/\/radioinfinitagoya.com.ar\"]}]}<\/script>\n<!-- \/ Yoast SEO plugin. -->","yoast_head_json":{"title":"Franco Mogetta fue desplazado de la Secretar\u00eda de Transporte - Radio Infinita Goya","description":"Desde el oficialismo se pudo saber, que el ahora ex funcionario, participar\u00e1 en las elecciones en C\u00f3rdoba como representante de la Libertad Avanza. El","robots":{"index":"index","follow":"follow","max-snippet":"max-snippet:-1","max-image-preview":"max-image-preview:large","max-video-preview":"max-video-preview:-1"},"canonical":"https:\/\/radioinfinitagoya.com.ar\/v1\/2025\/05\/01\/franco-mogetta-fue-desplazado-de-la-secretaria-de-transporte\/","og_locale":"es_ES","og_type":"article","og_title":"Franco Mogetta fue desplazado de la Secretar\u00eda de Transporte - Radio Infinita Goya","og_description":"Desde el oficialismo se pudo saber, que el ahora ex funcionario, participar\u00e1 en las elecciones en C\u00f3rdoba como representante de la Libertad Avanza. El","og_url":"https:\/\/radioinfinitagoya.com.ar\/v1\/2025\/05\/01\/franco-mogetta-fue-desplazado-de-la-secretaria-de-transporte\/","og_site_name":"Radio Infinita Goya","article_publisher":"https:\/\/www.facebook.com\/p\/Infinita-Goya-100063870918311\/","article_published_time":"2025-05-01T21:28:31+00:00","og_image":[{"width":680,"height":383,"url":"https:\/\/radioinfinitagoya.com.ar\/v1\/wp-content\/uploads\/2025\/05\/QAPs9Rrd.jpg","type":"image\/jpeg"}],"author":"Jorge Mi\u00f1o","twitter_card":"summary_large_image","twitter_misc":{"Escrito por":"Jorge Mi\u00f1o","Tiempo de lectura":"3 minutos"},"schema":{"@context":"https:\/\/schema.org","@graph":[{"@type":"Article","@id":"https:\/\/radioinfinitagoya.com.ar\/v1\/2025\/05\/01\/franco-mogetta-fue-desplazado-de-la-secretaria-de-transporte\/#article","isPartOf":{"@id":"https:\/\/radioinfinitagoya.com.ar\/v1\/2025\/05\/01\/franco-mogetta-fue-desplazado-de-la-secretaria-de-transporte\/"},"author":{"name":"Jorge Mi\u00f1o","@id":"https:\/\/radioinfinitagoya.com.ar\/v1\/#\/schema\/person\/d4cf9c413d4f6edb24aabdccab49ca4a"},"headline":"Franco Mogetta fue desplazado de la Secretar\u00eda de Transporte","datePublished":"2025-05-01T21:28:31+00:00","mainEntityOfPage":{"@id":"https:\/\/radioinfinitagoya.com.ar\/v1\/2025\/05\/01\/franco-mogetta-fue-desplazado-de-la-secretaria-de-transporte\/"},"wordCount":518,"publisher":{"@id":"https:\/\/radioinfinitagoya.com.ar\/v1\/#organization"},"image":{"@id":"https:\/\/radioinfinitagoya.com.ar\/v1\/2025\/05\/01\/franco-mogetta-fue-desplazado-de-la-secretaria-de-transporte\/#primaryimage"},"thumbnailUrl":"https:\/\/radioinfinitagoya.com.ar\/v1\/wp-content\/uploads\/2025\/05\/QAPs9Rrd.jpg","articleSection":["NACIONALES"],"inLanguage":"es-AR"},{"@type":"WebPage","@id":"https:\/\/radioinfinitagoya.com.ar\/v1\/2025\/05\/01\/franco-mogetta-fue-desplazado-de-la-secretaria-de-transporte\/","url":"https:\/\/radioinfinitagoya.com.ar\/v1\/2025\/05\/01\/franco-mogetta-fue-desplazado-de-la-secretaria-de-transporte\/","name":"Franco Mogetta fue desplazado de la Secretar\u00eda de Transporte - Radio Infinita Goya","isPartOf":{"@id":"https:\/\/radioinfinitagoya.com.ar\/v1\/#website"},"primaryImageOfPage":{"@id":"https:\/\/radioinfinitagoya.com.ar\/v1\/2025\/05\/01\/franco-mogetta-fue-desplazado-de-la-secretaria-de-transporte\/#primaryimage"},"image":{"@id":"https:\/\/radioinfinitagoya.com.ar\/v1\/2025\/05\/01\/franco-mogetta-fue-desplazado-de-la-secretaria-de-transporte\/#primaryimage"},"thumbnailUrl":"https:\/\/radioinfinitagoya.com.ar\/v1\/wp-content\/uploads\/2025\/05\/QAPs9Rrd.jpg","datePublished":"2025-05-01T21:28:31+00:00","description":"Desde el oficialismo se pudo saber, que el ahora ex funcionario, participar\u00e1 en las elecciones en C\u00f3rdoba como representante de la Libertad Avanza. El","breadcrumb":{"@id":"https:\/\/radioinfinitagoya.com.ar\/v1\/2025\/05\/01\/franco-mogetta-fue-desplazado-de-la-secretaria-de-transporte\/#breadcrumb"},"inLanguage":"es-AR","potentialAction":[{"@type":"ReadAction","target":["https:\/\/radioinfinitagoya.com.ar\/v1\/2025\/05\/01\/franco-mogetta-fue-desplazado-de-la-secretaria-de-transporte\/"]}]},{"@type":"ImageObject","inLanguage":"es-AR","@id":"https:\/\/radioinfinitagoya.com.ar\/v1\/2025\/05\/01\/franco-mogetta-fue-desplazado-de-la-secretaria-de-transporte\/#primaryimage","url":"https:\/\/radioinfinitagoya.com.ar\/v1\/wp-content\/uploads\/2025\/05\/QAPs9Rrd.jpg","contentUrl":"https:\/\/radioinfinitagoya.com.ar\/v1\/wp-content\/uploads\/2025\/05\/QAPs9Rrd.jpg","width":680,"height":383},{"@type":"BreadcrumbList","@id":"https:\/\/radioinfinitagoya.com.ar\/v1\/2025\/05\/01\/franco-mogetta-fue-desplazado-de-la-secretaria-de-transporte\/#breadcrumb","itemListElement":[{"@type":"ListItem","position":1,"name":"Inicio","item":"https:\/\/radioinfinitagoya.com.ar\/v1\/"},{"@type":"ListItem","position":2,"name":"Franco Mogetta fue desplazado de la Secretar\u00eda de Transporte"}]},{"@type":"WebSite","@id":"https:\/\/radioinfinitagoya.com.ar\/v1\/#website","url":"https:\/\/radioinfinitagoya.com.ar\/v1\/","name":"radioinfinitagoya.com.ar","description":"Radio de noticias","publisher":{"@id":"https:\/\/radioinfinitagoya.com.ar\/v1\/#organization"},"potentialAction":[{"@type":"SearchAction","target":{"@type":"EntryPoint","urlTemplate":"https:\/\/radioinfinitagoya.com.ar\/v1\/?s={search_term_string}"},"query-input":{"@type":"PropertyValueSpecification","valueRequired":true,"valueName":"search_term_string"}}],"inLanguage":"es-AR"},{"@type":"Organization","@id":"https:\/\/radioinfinitagoya.com.ar\/v1\/#organization","name":"Radio Infinita Goya","url":"https:\/\/radioinfinitagoya.com.ar\/v1\/","logo":{"@type":"ImageObject","inLanguage":"es-AR","@id":"https:\/\/radioinfinitagoya.com.ar\/v1\/#\/schema\/logo\/image\/","url":"https:\/\/radioinfinitagoya.com.ar\/v1\/wp-content\/uploads\/2019\/11\/logo-pie-web.png","contentUrl":"https:\/\/radioinfinitagoya.com.ar\/v1\/wp-content\/uploads\/2019\/11\/logo-pie-web.png","width":635,"height":326,"caption":"Radio Infinita Goya"},"image":{"@id":"https:\/\/radioinfinitagoya.com.ar\/v1\/#\/schema\/logo\/image\/"},"sameAs":["https:\/\/www.facebook.com\/p\/Infinita-Goya-100063870918311\/"]},{"@type":"Person","@id":"https:\/\/radioinfinitagoya.com.ar\/v1\/#\/schema\/person\/d4cf9c413d4f6edb24aabdccab49ca4a","name":"Jorge Mi\u00f1o","image":{"@type":"ImageObject","inLanguage":"es-AR","@id":"https:\/\/secure.gravatar.com\/avatar\/910fcf6728fe95320e07a6643c1581fec1c7fc4bf8ae12e3d8f0d0373dc844be?s=96&d=mm&r=g","url":"https:\/\/secure.gravatar.com\/avatar\/910fcf6728fe95320e07a6643c1581fec1c7fc4bf8ae12e3d8f0d0373dc844be?s=96&d=mm&r=g","contentUrl":"https:\/\/secure.gravatar.com\/avatar\/910fcf6728fe95320e07a6643c1581fec1c7fc4bf8ae12e3d8f0d0373dc844be?s=96&d=mm&r=g","caption":"Jorge Mi\u00f1o"},"sameAs":["http:\/\/radioinfinitagoya.com.ar"]}]}},"_links":{"self":[{"href":"https:\/\/radioinfinitagoya.com.ar\/v1\/wp-json\/wp\/v2\/posts\/189528","targetHints":{"allow":["GET"]}}],"collection":[{"href":"https:\/\/radioinfinitagoya.com.ar\/v1\/wp-json\/wp\/v2\/posts"}],"about":[{"href":"https:\/\/radioinfinitagoya.com.ar\/v1\/wp-json\/wp\/v2\/types\/post"}],"author":[{"embeddable":true,"href":"https:\/\/radioinfinitagoya.com.ar\/v1\/wp-json\/wp\/v2\/users\/4"}],"replies":[{"embeddable":true,"href":"https:\/\/radioinfinitagoya.com.ar\/v1\/wp-json\/wp\/v2\/comments?post=189528"}],"version-history":[{"count":0,"href":"https:\/\/radioinfinitagoya.com.ar\/v1\/wp-json\/wp\/v2\/posts\/189528\/revisions"}],"wp:featuredmedia":[{"embeddable":true,"href":"https:\/\/radioinfinitagoya.com.ar\/v1\/wp-json\/wp\/v2\/media\/189529"}],"wp:attachment":[{"href":"https:\/\/radioinfinitagoya.com.ar\/v1\/wp-json\/wp\/v2\/media?parent=189528"}],"wp:term":[{"taxonomy":"category","embeddable":true,"href":"https:\/\/radioinfinitagoya.com.ar\/v1\/wp-json\/wp\/v2\/categories?post=189528"},{"taxonomy":"post_tag","embeddable":true,"href":"https:\/\/radioinfinitagoya.com.ar\/v1\/wp-json\/wp\/v2\/tags?post=189528"}],"curies":[{"name":"wp","href":"https:\/\/api.w.org\/{rel}","templated":true}]}}