{"id":189534,"date":"2025-05-01T18:39:53","date_gmt":"2025-05-01T21:39:53","guid":{"rendered":"https:\/\/radioinfinitagoya.com.ar\/v1\/?p=189534"},"modified":"2025-05-01T18:39:53","modified_gmt":"2025-05-01T21:39:53","slug":"corrientes-estos-son-los-nuevos-precios-del-combustible","status":"publish","type":"post","link":"https:\/\/radioinfinitagoya.com.ar\/v1\/2025\/05\/01\/corrientes-estos-son-los-nuevos-precios-del-combustible\/","title":{"rendered":"Corrientes: estos son los nuevos precios del combustible"},"content":{"rendered":"<p>La petrolera estatal aplic\u00f3 desde el 1\u00b0 de mayo una reducci\u00f3n del 4% promedio en sus combustibles, siendo la segunda baja en menos de un a\u00f1o. Otras marcas a\u00fan no replicaron la medida.<\/p>\n<p>Yacimiento Petrol\u00edferos Fiscales (YPF), implement\u00f3 una rebaja del 4% en los precios de sus combustibles a partir de este jueves 1 de mayo, marcando la segunda reducci\u00f3n en menos de doce meses. En Corrientes, los nuevos valores ya se reflejan en las estaciones de servicio de la bandera estatal, mientras que otras petroleras todav\u00eda no actualizan los valores.<\/p>\n<p>No obstante, las petrol\u00edferas de Shell, Axion y Puma anunciaron que posiblemente aplicar\u00edan rebajas, aunque quiz\u00e1s en un porcentaje menor al dispuesto por la petrolera de mayor\u00eda estatal. El precedente inmediato fue la baja de precios de octubre, que posteriormente fue replicada por las dem\u00e1s compa\u00f1\u00edas.<\/p>\n<p>En la ciudad de Corrientes, las estaciones de servicio de YPF ya exhiben los nuevos precios con la baja aplicada, mientras que otras compa\u00f1\u00edas como Shell, Axion y Puma a\u00fan no modificaron sus valores, lo que genera diferencias de consideraci\u00f3n en los surtidores y una ventaja moment\u00e1nea para la petrolera estatal<\/p>\n<p>El anuncio fue confirmado por el CEO de la compa\u00f1\u00eda, Horacio Mar\u00edn, quien explic\u00f3 que la decisi\u00f3n se basa en un seguimiento constante de las condiciones del mercado energ\u00e9tico y de los precios internacionales del crudo.<\/p>\n<p>Con esta baja, los precios por litro en YPF quedaron de la siguiente manera:<\/p>\n<p>Nafta S\u00faper: baj\u00f3 de $1.274 a $1.249<\/p>\n<p>Infinia Nafta: de $1.550 a $1.457<\/p>\n<p>Diesel 500: de $1.323 a $1.283<\/p>\n<p>Infinia Diesel: de $1.593 a $1.466<\/p>\n<p>La medida se enmarca en un contexto de desaceleraci\u00f3n inflacionaria y de demanda contenida, y representa un alivio moderado para los consumidores, especialmente aquellos que utilizan combustibles premium.<\/p>\n<p>&nbsp;<\/p>\n","protected":false},"excerpt":{"rendered":"<p>La petrolera estatal aplic\u00f3 desde el 1\u00b0 de mayo una reducci\u00f3n del 4% promedio en sus combustibles, siendo la segunda baja en menos de un a\u00f1o. Otras marcas a\u00fan no replicaron la medida. Yacimiento Petrol\u00edferos Fiscales (YPF), implement\u00f3 una rebaja del 4% en los precios de sus combustibles a partir de este jueves 1 de [&hellip;]<\/p>\n","protected":false},"author":4,"featured_media":189535,"comment_status":"closed","ping_status":"closed","sticky":false,"template":"","format":"standard","meta":{"_joinchat":[],"footnotes":""},"categories":[26],"tags":[],"class_list":{"0":"post-189534","1":"post","2":"type-post","3":"status-publish","4":"format-standard","5":"has-post-thumbnail","7":"category-provinciales"},"yoast_head":"<!-- This site is optimized with the Yoast SEO plugin v27.2 - https:\/\/yoast.com\/product\/yoast-seo-wordpress\/ -->\n<title>Corrientes: estos son los nuevos precios del combustible - Radio Infinita Goya<\/title>\n<meta name=\"description\" content=\"La petrolera estatal aplic\u00f3 desde el 1\u00b0 de mayo una reducci\u00f3n del 4% promedio en sus combustibles, siendo la segunda baja en menos de un a\u00f1o. Otras marcas\" \/>\n<meta name=\"robots\" content=\"index, follow, max-snippet:-1, max-image-preview:large, max-video-preview:-1\" \/>\n<link rel=\"canonical\" href=\"https:\/\/radioinfinitagoya.com.ar\/v1\/2025\/05\/01\/corrientes-estos-son-los-nuevos-precios-del-combustible\/\" \/>\n<meta property=\"og:locale\" content=\"es_ES\" \/>\n<meta property=\"og:type\" content=\"article\" \/>\n<meta property=\"og:title\" content=\"Corrientes: estos son los nuevos precios del combustible - Radio Infinita Goya\" \/>\n<meta property=\"og:description\" content=\"La petrolera estatal aplic\u00f3 desde el 1\u00b0 de mayo una reducci\u00f3n del 4% promedio en sus combustibles, siendo la segunda baja en menos de un a\u00f1o. Otras marcas\" \/>\n<meta property=\"og:url\" content=\"https:\/\/radioinfinitagoya.com.ar\/v1\/2025\/05\/01\/corrientes-estos-son-los-nuevos-precios-del-combustible\/\" \/>\n<meta property=\"og:site_name\" content=\"Radio Infinita Goya\" \/>\n<meta property=\"article:publisher\" content=\"https:\/\/www.facebook.com\/p\/Infinita-Goya-100063870918311\/\" \/>\n<meta property=\"article:published_time\" content=\"2025-05-01T21:39:53+00:00\" \/>\n<meta property=\"og:image\" content=\"https:\/\/radioinfinitagoya.com.ar\/v1\/wp-content\/uploads\/2025\/05\/21212.png\" \/>\n\t<meta property=\"og:image:width\" content=\"807\" \/>\n\t<meta property=\"og:image:height\" content=\"525\" \/>\n\t<meta property=\"og:image:type\" content=\"image\/png\" \/>\n<meta name=\"author\" content=\"Jorge Mi\u00f1o\" \/>\n<meta name=\"twitter:card\" content=\"summary_large_image\" \/>\n<meta name=\"twitter:label1\" content=\"Escrito por\" \/>\n\t<meta name=\"twitter:data1\" content=\"Jorge Mi\u00f1o\" \/>\n\t<meta name=\"twitter:label2\" content=\"Tiempo de lectura\" \/>\n\t<meta name=\"twitter:data2\" content=\"2 minutos\" \/>\n<script type=\"application\/ld+json\" class=\"yoast-schema-graph\">{\"@context\":\"https:\/\/schema.org\",\"@graph\":[{\"@type\":\"Article\",\"@id\":\"https:\/\/radioinfinitagoya.com.ar\/v1\/2025\/05\/01\/corrientes-estos-son-los-nuevos-precios-del-combustible\/#article\",\"isPartOf\":{\"@id\":\"https:\/\/radioinfinitagoya.com.ar\/v1\/2025\/05\/01\/corrientes-estos-son-los-nuevos-precios-del-combustible\/\"},\"author\":{\"name\":\"Jorge Mi\u00f1o\",\"@id\":\"https:\/\/radioinfinitagoya.com.ar\/v1\/#\/schema\/person\/d4cf9c413d4f6edb24aabdccab49ca4a\"},\"headline\":\"Corrientes: estos son los nuevos precios del combustible\",\"datePublished\":\"2025-05-01T21:39:53+00:00\",\"mainEntityOfPage\":{\"@id\":\"https:\/\/radioinfinitagoya.com.ar\/v1\/2025\/05\/01\/corrientes-estos-son-los-nuevos-precios-del-combustible\/\"},\"wordCount\":309,\"publisher\":{\"@id\":\"https:\/\/radioinfinitagoya.com.ar\/v1\/#organization\"},\"image\":{\"@id\":\"https:\/\/radioinfinitagoya.com.ar\/v1\/2025\/05\/01\/corrientes-estos-son-los-nuevos-precios-del-combustible\/#primaryimage\"},\"thumbnailUrl\":\"https:\/\/radioinfinitagoya.com.ar\/v1\/wp-content\/uploads\/2025\/05\/21212.png\",\"articleSection\":[\"PROVINCIALES\"],\"inLanguage\":\"es-AR\"},{\"@type\":\"WebPage\",\"@id\":\"https:\/\/radioinfinitagoya.com.ar\/v1\/2025\/05\/01\/corrientes-estos-son-los-nuevos-precios-del-combustible\/\",\"url\":\"https:\/\/radioinfinitagoya.com.ar\/v1\/2025\/05\/01\/corrientes-estos-son-los-nuevos-precios-del-combustible\/\",\"name\":\"Corrientes: estos son los nuevos precios del combustible - Radio Infinita Goya\",\"isPartOf\":{\"@id\":\"https:\/\/radioinfinitagoya.com.ar\/v1\/#website\"},\"primaryImageOfPage\":{\"@id\":\"https:\/\/radioinfinitagoya.com.ar\/v1\/2025\/05\/01\/corrientes-estos-son-los-nuevos-precios-del-combustible\/#primaryimage\"},\"image\":{\"@id\":\"https:\/\/radioinfinitagoya.com.ar\/v1\/2025\/05\/01\/corrientes-estos-son-los-nuevos-precios-del-combustible\/#primaryimage\"},\"thumbnailUrl\":\"https:\/\/radioinfinitagoya.com.ar\/v1\/wp-content\/uploads\/2025\/05\/21212.png\",\"datePublished\":\"2025-05-01T21:39:53+00:00\",\"description\":\"La petrolera estatal aplic\u00f3 desde el 1\u00b0 de mayo una reducci\u00f3n del 4% promedio en sus combustibles, siendo la segunda baja en menos de un a\u00f1o. Otras marcas\",\"breadcrumb\":{\"@id\":\"https:\/\/radioinfinitagoya.com.ar\/v1\/2025\/05\/01\/corrientes-estos-son-los-nuevos-precios-del-combustible\/#breadcrumb\"},\"inLanguage\":\"es-AR\",\"potentialAction\":[{\"@type\":\"ReadAction\",\"target\":[\"https:\/\/radioinfinitagoya.com.ar\/v1\/2025\/05\/01\/corrientes-estos-son-los-nuevos-precios-del-combustible\/\"]}]},{\"@type\":\"ImageObject\",\"inLanguage\":\"es-AR\",\"@id\":\"https:\/\/radioinfinitagoya.com.ar\/v1\/2025\/05\/01\/corrientes-estos-son-los-nuevos-precios-del-combustible\/#primaryimage\",\"url\":\"https:\/\/radioinfinitagoya.com.ar\/v1\/wp-content\/uploads\/2025\/05\/21212.png\",\"contentUrl\":\"https:\/\/radioinfinitagoya.com.ar\/v1\/wp-content\/uploads\/2025\/05\/21212.png\",\"width\":807,\"height\":525},{\"@type\":\"BreadcrumbList\",\"@id\":\"https:\/\/radioinfinitagoya.com.ar\/v1\/2025\/05\/01\/corrientes-estos-son-los-nuevos-precios-del-combustible\/#breadcrumb\",\"itemListElement\":[{\"@type\":\"ListItem\",\"position\":1,\"name\":\"Inicio\",\"item\":\"https:\/\/radioinfinitagoya.com.ar\/v1\/\"},{\"@type\":\"ListItem\",\"position\":2,\"name\":\"Corrientes: estos son los nuevos precios del combustible\"}]},{\"@type\":\"WebSite\",\"@id\":\"https:\/\/radioinfinitagoya.com.ar\/v1\/#website\",\"url\":\"https:\/\/radioinfinitagoya.com.ar\/v1\/\",\"name\":\"radioinfinitagoya.com.ar\",\"description\":\"Radio de noticias\",\"publisher\":{\"@id\":\"https:\/\/radioinfinitagoya.com.ar\/v1\/#organization\"},\"potentialAction\":[{\"@type\":\"SearchAction\",\"target\":{\"@type\":\"EntryPoint\",\"urlTemplate\":\"https:\/\/radioinfinitagoya.com.ar\/v1\/?s={search_term_string}\"},\"query-input\":{\"@type\":\"PropertyValueSpecification\",\"valueRequired\":true,\"valueName\":\"search_term_string\"}}],\"inLanguage\":\"es-AR\"},{\"@type\":\"Organization\",\"@id\":\"https:\/\/radioinfinitagoya.com.ar\/v1\/#organization\",\"name\":\"Radio Infinita Goya\",\"url\":\"https:\/\/radioinfinitagoya.com.ar\/v1\/\",\"logo\":{\"@type\":\"ImageObject\",\"inLanguage\":\"es-AR\",\"@id\":\"https:\/\/radioinfinitagoya.com.ar\/v1\/#\/schema\/logo\/image\/\",\"url\":\"https:\/\/radioinfinitagoya.com.ar\/v1\/wp-content\/uploads\/2019\/11\/logo-pie-web.png\",\"contentUrl\":\"https:\/\/radioinfinitagoya.com.ar\/v1\/wp-content\/uploads\/2019\/11\/logo-pie-web.png\",\"width\":635,\"height\":326,\"caption\":\"Radio Infinita Goya\"},\"image\":{\"@id\":\"https:\/\/radioinfinitagoya.com.ar\/v1\/#\/schema\/logo\/image\/\"},\"sameAs\":[\"https:\/\/www.facebook.com\/p\/Infinita-Goya-100063870918311\/\"]},{\"@type\":\"Person\",\"@id\":\"https:\/\/radioinfinitagoya.com.ar\/v1\/#\/schema\/person\/d4cf9c413d4f6edb24aabdccab49ca4a\",\"name\":\"Jorge Mi\u00f1o\",\"image\":{\"@type\":\"ImageObject\",\"inLanguage\":\"es-AR\",\"@id\":\"https:\/\/secure.gravatar.com\/avatar\/910fcf6728fe95320e07a6643c1581fec1c7fc4bf8ae12e3d8f0d0373dc844be?s=96&d=mm&r=g\",\"url\":\"https:\/\/secure.gravatar.com\/avatar\/910fcf6728fe95320e07a6643c1581fec1c7fc4bf8ae12e3d8f0d0373dc844be?s=96&d=mm&r=g\",\"contentUrl\":\"https:\/\/secure.gravatar.com\/avatar\/910fcf6728fe95320e07a6643c1581fec1c7fc4bf8ae12e3d8f0d0373dc844be?s=96&d=mm&r=g\",\"caption\":\"Jorge Mi\u00f1o\"},\"sameAs\":[\"http:\/\/radioinfinitagoya.com.ar\"]}]}<\/script>\n<!-- \/ Yoast SEO plugin. -->","yoast_head_json":{"title":"Corrientes: estos son los nuevos precios del combustible - Radio Infinita Goya","description":"La petrolera estatal aplic\u00f3 desde el 1\u00b0 de mayo una reducci\u00f3n del 4% promedio en sus combustibles, siendo la segunda baja en menos de un a\u00f1o. Otras marcas","robots":{"index":"index","follow":"follow","max-snippet":"max-snippet:-1","max-image-preview":"max-image-preview:large","max-video-preview":"max-video-preview:-1"},"canonical":"https:\/\/radioinfinitagoya.com.ar\/v1\/2025\/05\/01\/corrientes-estos-son-los-nuevos-precios-del-combustible\/","og_locale":"es_ES","og_type":"article","og_title":"Corrientes: estos son los nuevos precios del combustible - Radio Infinita Goya","og_description":"La petrolera estatal aplic\u00f3 desde el 1\u00b0 de mayo una reducci\u00f3n del 4% promedio en sus combustibles, siendo la segunda baja en menos de un a\u00f1o. Otras marcas","og_url":"https:\/\/radioinfinitagoya.com.ar\/v1\/2025\/05\/01\/corrientes-estos-son-los-nuevos-precios-del-combustible\/","og_site_name":"Radio Infinita Goya","article_publisher":"https:\/\/www.facebook.com\/p\/Infinita-Goya-100063870918311\/","article_published_time":"2025-05-01T21:39:53+00:00","og_image":[{"width":807,"height":525,"url":"https:\/\/radioinfinitagoya.com.ar\/v1\/wp-content\/uploads\/2025\/05\/21212.png","type":"image\/png"}],"author":"Jorge Mi\u00f1o","twitter_card":"summary_large_image","twitter_misc":{"Escrito por":"Jorge Mi\u00f1o","Tiempo de lectura":"2 minutos"},"schema":{"@context":"https:\/\/schema.org","@graph":[{"@type":"Article","@id":"https:\/\/radioinfinitagoya.com.ar\/v1\/2025\/05\/01\/corrientes-estos-son-los-nuevos-precios-del-combustible\/#article","isPartOf":{"@id":"https:\/\/radioinfinitagoya.com.ar\/v1\/2025\/05\/01\/corrientes-estos-son-los-nuevos-precios-del-combustible\/"},"author":{"name":"Jorge Mi\u00f1o","@id":"https:\/\/radioinfinitagoya.com.ar\/v1\/#\/schema\/person\/d4cf9c413d4f6edb24aabdccab49ca4a"},"headline":"Corrientes: estos son los nuevos precios del combustible","datePublished":"2025-05-01T21:39:53+00:00","mainEntityOfPage":{"@id":"https:\/\/radioinfinitagoya.com.ar\/v1\/2025\/05\/01\/corrientes-estos-son-los-nuevos-precios-del-combustible\/"},"wordCount":309,"publisher":{"@id":"https:\/\/radioinfinitagoya.com.ar\/v1\/#organization"},"image":{"@id":"https:\/\/radioinfinitagoya.com.ar\/v1\/2025\/05\/01\/corrientes-estos-son-los-nuevos-precios-del-combustible\/#primaryimage"},"thumbnailUrl":"https:\/\/radioinfinitagoya.com.ar\/v1\/wp-content\/uploads\/2025\/05\/21212.png","articleSection":["PROVINCIALES"],"inLanguage":"es-AR"},{"@type":"WebPage","@id":"https:\/\/radioinfinitagoya.com.ar\/v1\/2025\/05\/01\/corrientes-estos-son-los-nuevos-precios-del-combustible\/","url":"https:\/\/radioinfinitagoya.com.ar\/v1\/2025\/05\/01\/corrientes-estos-son-los-nuevos-precios-del-combustible\/","name":"Corrientes: estos son los nuevos precios del combustible - Radio Infinita Goya","isPartOf":{"@id":"https:\/\/radioinfinitagoya.com.ar\/v1\/#website"},"primaryImageOfPage":{"@id":"https:\/\/radioinfinitagoya.com.ar\/v1\/2025\/05\/01\/corrientes-estos-son-los-nuevos-precios-del-combustible\/#primaryimage"},"image":{"@id":"https:\/\/radioinfinitagoya.com.ar\/v1\/2025\/05\/01\/corrientes-estos-son-los-nuevos-precios-del-combustible\/#primaryimage"},"thumbnailUrl":"https:\/\/radioinfinitagoya.com.ar\/v1\/wp-content\/uploads\/2025\/05\/21212.png","datePublished":"2025-05-01T21:39:53+00:00","description":"La petrolera estatal aplic\u00f3 desde el 1\u00b0 de mayo una reducci\u00f3n del 4% promedio en sus combustibles, siendo la segunda baja en menos de un a\u00f1o. Otras marcas","breadcrumb":{"@id":"https:\/\/radioinfinitagoya.com.ar\/v1\/2025\/05\/01\/corrientes-estos-son-los-nuevos-precios-del-combustible\/#breadcrumb"},"inLanguage":"es-AR","potentialAction":[{"@type":"ReadAction","target":["https:\/\/radioinfinitagoya.com.ar\/v1\/2025\/05\/01\/corrientes-estos-son-los-nuevos-precios-del-combustible\/"]}]},{"@type":"ImageObject","inLanguage":"es-AR","@id":"https:\/\/radioinfinitagoya.com.ar\/v1\/2025\/05\/01\/corrientes-estos-son-los-nuevos-precios-del-combustible\/#primaryimage","url":"https:\/\/radioinfinitagoya.com.ar\/v1\/wp-content\/uploads\/2025\/05\/21212.png","contentUrl":"https:\/\/radioinfinitagoya.com.ar\/v1\/wp-content\/uploads\/2025\/05\/21212.png","width":807,"height":525},{"@type":"BreadcrumbList","@id":"https:\/\/radioinfinitagoya.com.ar\/v1\/2025\/05\/01\/corrientes-estos-son-los-nuevos-precios-del-combustible\/#breadcrumb","itemListElement":[{"@type":"ListItem","position":1,"name":"Inicio","item":"https:\/\/radioinfinitagoya.com.ar\/v1\/"},{"@type":"ListItem","position":2,"name":"Corrientes: estos son los nuevos precios del combustible"}]},{"@type":"WebSite","@id":"https:\/\/radioinfinitagoya.com.ar\/v1\/#website","url":"https:\/\/radioinfinitagoya.com.ar\/v1\/","name":"radioinfinitagoya.com.ar","description":"Radio de noticias","publisher":{"@id":"https:\/\/radioinfinitagoya.com.ar\/v1\/#organization"},"potentialAction":[{"@type":"SearchAction","target":{"@type":"EntryPoint","urlTemplate":"https:\/\/radioinfinitagoya.com.ar\/v1\/?s={search_term_string}"},"query-input":{"@type":"PropertyValueSpecification","valueRequired":true,"valueName":"search_term_string"}}],"inLanguage":"es-AR"},{"@type":"Organization","@id":"https:\/\/radioinfinitagoya.com.ar\/v1\/#organization","name":"Radio Infinita Goya","url":"https:\/\/radioinfinitagoya.com.ar\/v1\/","logo":{"@type":"ImageObject","inLanguage":"es-AR","@id":"https:\/\/radioinfinitagoya.com.ar\/v1\/#\/schema\/logo\/image\/","url":"https:\/\/radioinfinitagoya.com.ar\/v1\/wp-content\/uploads\/2019\/11\/logo-pie-web.png","contentUrl":"https:\/\/radioinfinitagoya.com.ar\/v1\/wp-content\/uploads\/2019\/11\/logo-pie-web.png","width":635,"height":326,"caption":"Radio Infinita Goya"},"image":{"@id":"https:\/\/radioinfinitagoya.com.ar\/v1\/#\/schema\/logo\/image\/"},"sameAs":["https:\/\/www.facebook.com\/p\/Infinita-Goya-100063870918311\/"]},{"@type":"Person","@id":"https:\/\/radioinfinitagoya.com.ar\/v1\/#\/schema\/person\/d4cf9c413d4f6edb24aabdccab49ca4a","name":"Jorge Mi\u00f1o","image":{"@type":"ImageObject","inLanguage":"es-AR","@id":"https:\/\/secure.gravatar.com\/avatar\/910fcf6728fe95320e07a6643c1581fec1c7fc4bf8ae12e3d8f0d0373dc844be?s=96&d=mm&r=g","url":"https:\/\/secure.gravatar.com\/avatar\/910fcf6728fe95320e07a6643c1581fec1c7fc4bf8ae12e3d8f0d0373dc844be?s=96&d=mm&r=g","contentUrl":"https:\/\/secure.gravatar.com\/avatar\/910fcf6728fe95320e07a6643c1581fec1c7fc4bf8ae12e3d8f0d0373dc844be?s=96&d=mm&r=g","caption":"Jorge Mi\u00f1o"},"sameAs":["http:\/\/radioinfinitagoya.com.ar"]}]}},"_links":{"self":[{"href":"https:\/\/radioinfinitagoya.com.ar\/v1\/wp-json\/wp\/v2\/posts\/189534","targetHints":{"allow":["GET"]}}],"collection":[{"href":"https:\/\/radioinfinitagoya.com.ar\/v1\/wp-json\/wp\/v2\/posts"}],"about":[{"href":"https:\/\/radioinfinitagoya.com.ar\/v1\/wp-json\/wp\/v2\/types\/post"}],"author":[{"embeddable":true,"href":"https:\/\/radioinfinitagoya.com.ar\/v1\/wp-json\/wp\/v2\/users\/4"}],"replies":[{"embeddable":true,"href":"https:\/\/radioinfinitagoya.com.ar\/v1\/wp-json\/wp\/v2\/comments?post=189534"}],"version-history":[{"count":0,"href":"https:\/\/radioinfinitagoya.com.ar\/v1\/wp-json\/wp\/v2\/posts\/189534\/revisions"}],"wp:featuredmedia":[{"embeddable":true,"href":"https:\/\/radioinfinitagoya.com.ar\/v1\/wp-json\/wp\/v2\/media\/189535"}],"wp:attachment":[{"href":"https:\/\/radioinfinitagoya.com.ar\/v1\/wp-json\/wp\/v2\/media?parent=189534"}],"wp:term":[{"taxonomy":"category","embeddable":true,"href":"https:\/\/radioinfinitagoya.com.ar\/v1\/wp-json\/wp\/v2\/categories?post=189534"},{"taxonomy":"post_tag","embeddable":true,"href":"https:\/\/radioinfinitagoya.com.ar\/v1\/wp-json\/wp\/v2\/tags?post=189534"}],"curies":[{"name":"wp","href":"https:\/\/api.w.org\/{rel}","templated":true}]}}