{"id":189749,"date":"2025-05-05T17:03:33","date_gmt":"2025-05-05T20:03:33","guid":{"rendered":"https:\/\/radioinfinitagoya.com.ar\/v1\/?p=189749"},"modified":"2025-05-05T17:03:33","modified_gmt":"2025-05-05T20:03:33","slug":"mariano-hormaechea-agradecio-por-una-fiesta-del-surubi-inolvidable","status":"publish","type":"post","link":"https:\/\/radioinfinitagoya.com.ar\/v1\/2025\/05\/05\/mariano-hormaechea-agradecio-por-una-fiesta-del-surubi-inolvidable\/","title":{"rendered":"Mariano Hormaechea agradeci\u00f3 por una Fiesta del Surub\u00ed inolvidable"},"content":{"rendered":"<p>El intendente de Goya y presidente honorario de la Comisi\u00f3n Municipal de Pesca (COMUPE), doctor Mariano Hormaechea, expres\u00f3 su agradecimiento a trav\u00e9s de sus redes sociales por el \u00e9xito de la Fiesta Nacional del Surub\u00ed 2025, destacando el compromiso de todos los sectores involucrados en la realizaci\u00f3n de este tradicional evento que posiciona a Goya a nivel mundial como capital de la pesca deportiva.<\/p>\n<p>En su mensaje, Hormaechea hizo una menci\u00f3n especial al equipo municipal y a la COMUPE, reconociendo su esfuerzo, planificaci\u00f3n y dedicaci\u00f3n: \u201cQuiero expresar mi m\u00e1s sincero agradecimiento al equipo municipal, donde est\u00e1 incluida la COMUPE, por el arduo trabajo y dedicaci\u00f3n para lograr una nueva edici\u00f3n de la Fiesta Nacional del Surub\u00ed, superando las expectativas y posicionando a Goya como un destino destacado a nivel mundial en la pesca deportiva y el entretenimiento para toda la familia\u201d.<\/p>\n<p>Asimismo, extendi\u00f3 su gratitud a todos los que hicieron posible esta edici\u00f3n inolvidable: pescadores locales y for\u00e1neos, fiscales, responsables de log\u00edstica y contingencia, fuerzas p\u00fablicas y provinciales, turistas, empresarios, emprendedores y a toda la comunidad goyana.<\/p>\n<p>\u201cGracias a todos los que hicieron posible esta fiesta inolvidable: pescadores locales y for\u00e1neos, fiscales, contingencia y log\u00edstica, vecinos de la ciudad, turistas, a las fuerzas p\u00fablicas y de la provincia, empresarios y emprendedores, a todos los goyanos. \u00a1Gracias!\u201d, concluy\u00f3.<\/p>\n<p>El jefe comunal cerr\u00f3 su mensaje con una expresi\u00f3n que refleja el esp\u00edritu de identidad y orgullo local: \u201c\u00a1Viva Goya, chamigo!\u201d<\/p>\n<p>La Fiesta Nacional del Surub\u00ed volvi\u00f3 a brillar este 2025, con una convocatoria multitudinaria y un despliegue organizativo que reafirma a Goya como sede de uno de los eventos m\u00e1s emblem\u00e1ticos del pa\u00eds.<\/p>\n<p>&nbsp;<\/p>\n","protected":false},"excerpt":{"rendered":"<p>El intendente de Goya y presidente honorario de la Comisi\u00f3n Municipal de Pesca (COMUPE), doctor Mariano Hormaechea, expres\u00f3 su agradecimiento a trav\u00e9s de sus redes sociales por el \u00e9xito de la Fiesta Nacional del Surub\u00ed 2025, destacando el compromiso de todos los sectores involucrados en la realizaci\u00f3n de este tradicional evento que posiciona a Goya [&hellip;]<\/p>\n","protected":false},"author":4,"featured_media":189750,"comment_status":"closed","ping_status":"closed","sticky":false,"template":"","format":"standard","meta":{"_joinchat":[],"footnotes":""},"categories":[27],"tags":[],"class_list":{"0":"post-189749","1":"post","2":"type-post","3":"status-publish","4":"format-standard","5":"has-post-thumbnail","7":"category-locales"},"yoast_head":"<!-- This site is optimized with the Yoast SEO plugin v27.2 - https:\/\/yoast.com\/product\/yoast-seo-wordpress\/ -->\n<title>Mariano Hormaechea agradeci\u00f3 por una Fiesta del Surub\u00ed inolvidable - Radio Infinita Goya<\/title>\n<meta name=\"description\" content=\"El intendente de Goya y presidente honorario de la Comisi\u00f3n Municipal de Pesca (COMUPE), doctor Mariano Hormaechea, expres\u00f3 su agradecimiento a trav\u00e9s de\" \/>\n<meta name=\"robots\" content=\"index, follow, max-snippet:-1, max-image-preview:large, max-video-preview:-1\" \/>\n<link rel=\"canonical\" href=\"https:\/\/radioinfinitagoya.com.ar\/v1\/2025\/05\/05\/mariano-hormaechea-agradecio-por-una-fiesta-del-surubi-inolvidable\/\" \/>\n<meta property=\"og:locale\" content=\"es_ES\" \/>\n<meta property=\"og:type\" content=\"article\" \/>\n<meta property=\"og:title\" content=\"Mariano Hormaechea agradeci\u00f3 por una Fiesta del Surub\u00ed inolvidable - Radio Infinita Goya\" \/>\n<meta property=\"og:description\" content=\"El intendente de Goya y presidente honorario de la Comisi\u00f3n Municipal de Pesca (COMUPE), doctor Mariano Hormaechea, expres\u00f3 su agradecimiento a trav\u00e9s de\" \/>\n<meta property=\"og:url\" content=\"https:\/\/radioinfinitagoya.com.ar\/v1\/2025\/05\/05\/mariano-hormaechea-agradecio-por-una-fiesta-del-surubi-inolvidable\/\" \/>\n<meta property=\"og:site_name\" content=\"Radio Infinita Goya\" \/>\n<meta property=\"article:publisher\" content=\"https:\/\/www.facebook.com\/p\/Infinita-Goya-100063870918311\/\" \/>\n<meta property=\"article:published_time\" content=\"2025-05-05T20:03:33+00:00\" \/>\n<meta property=\"og:image\" content=\"https:\/\/radioinfinitagoya.com.ar\/v1\/wp-content\/uploads\/2025\/05\/agradecimiento_hormaeche.jpg\" \/>\n\t<meta property=\"og:image:width\" content=\"848\" \/>\n\t<meta property=\"og:image:height\" content=\"477\" \/>\n\t<meta property=\"og:image:type\" content=\"image\/jpeg\" \/>\n<meta name=\"author\" content=\"Jorge Mi\u00f1o\" \/>\n<meta name=\"twitter:card\" content=\"summary_large_image\" \/>\n<meta name=\"twitter:label1\" content=\"Escrito por\" \/>\n\t<meta name=\"twitter:data1\" content=\"Jorge Mi\u00f1o\" \/>\n\t<meta name=\"twitter:label2\" content=\"Tiempo de lectura\" \/>\n\t<meta name=\"twitter:data2\" content=\"2 minutos\" \/>\n<script type=\"application\/ld+json\" class=\"yoast-schema-graph\">{\"@context\":\"https:\/\/schema.org\",\"@graph\":[{\"@type\":\"Article\",\"@id\":\"https:\/\/radioinfinitagoya.com.ar\/v1\/2025\/05\/05\/mariano-hormaechea-agradecio-por-una-fiesta-del-surubi-inolvidable\/#article\",\"isPartOf\":{\"@id\":\"https:\/\/radioinfinitagoya.com.ar\/v1\/2025\/05\/05\/mariano-hormaechea-agradecio-por-una-fiesta-del-surubi-inolvidable\/\"},\"author\":{\"name\":\"Jorge Mi\u00f1o\",\"@id\":\"https:\/\/radioinfinitagoya.com.ar\/v1\/#\/schema\/person\/d4cf9c413d4f6edb24aabdccab49ca4a\"},\"headline\":\"Mariano Hormaechea agradeci\u00f3 por una Fiesta del Surub\u00ed inolvidable\",\"datePublished\":\"2025-05-05T20:03:33+00:00\",\"mainEntityOfPage\":{\"@id\":\"https:\/\/radioinfinitagoya.com.ar\/v1\/2025\/05\/05\/mariano-hormaechea-agradecio-por-una-fiesta-del-surubi-inolvidable\/\"},\"wordCount\":300,\"publisher\":{\"@id\":\"https:\/\/radioinfinitagoya.com.ar\/v1\/#organization\"},\"image\":{\"@id\":\"https:\/\/radioinfinitagoya.com.ar\/v1\/2025\/05\/05\/mariano-hormaechea-agradecio-por-una-fiesta-del-surubi-inolvidable\/#primaryimage\"},\"thumbnailUrl\":\"https:\/\/radioinfinitagoya.com.ar\/v1\/wp-content\/uploads\/2025\/05\/agradecimiento_hormaeche.jpg\",\"articleSection\":[\"LOCALES\"],\"inLanguage\":\"es-AR\"},{\"@type\":\"WebPage\",\"@id\":\"https:\/\/radioinfinitagoya.com.ar\/v1\/2025\/05\/05\/mariano-hormaechea-agradecio-por-una-fiesta-del-surubi-inolvidable\/\",\"url\":\"https:\/\/radioinfinitagoya.com.ar\/v1\/2025\/05\/05\/mariano-hormaechea-agradecio-por-una-fiesta-del-surubi-inolvidable\/\",\"name\":\"Mariano Hormaechea agradeci\u00f3 por una Fiesta del Surub\u00ed inolvidable - Radio Infinita Goya\",\"isPartOf\":{\"@id\":\"https:\/\/radioinfinitagoya.com.ar\/v1\/#website\"},\"primaryImageOfPage\":{\"@id\":\"https:\/\/radioinfinitagoya.com.ar\/v1\/2025\/05\/05\/mariano-hormaechea-agradecio-por-una-fiesta-del-surubi-inolvidable\/#primaryimage\"},\"image\":{\"@id\":\"https:\/\/radioinfinitagoya.com.ar\/v1\/2025\/05\/05\/mariano-hormaechea-agradecio-por-una-fiesta-del-surubi-inolvidable\/#primaryimage\"},\"thumbnailUrl\":\"https:\/\/radioinfinitagoya.com.ar\/v1\/wp-content\/uploads\/2025\/05\/agradecimiento_hormaeche.jpg\",\"datePublished\":\"2025-05-05T20:03:33+00:00\",\"description\":\"El intendente de Goya y presidente honorario de la Comisi\u00f3n Municipal de Pesca (COMUPE), doctor Mariano Hormaechea, expres\u00f3 su agradecimiento a trav\u00e9s de\",\"breadcrumb\":{\"@id\":\"https:\/\/radioinfinitagoya.com.ar\/v1\/2025\/05\/05\/mariano-hormaechea-agradecio-por-una-fiesta-del-surubi-inolvidable\/#breadcrumb\"},\"inLanguage\":\"es-AR\",\"potentialAction\":[{\"@type\":\"ReadAction\",\"target\":[\"https:\/\/radioinfinitagoya.com.ar\/v1\/2025\/05\/05\/mariano-hormaechea-agradecio-por-una-fiesta-del-surubi-inolvidable\/\"]}]},{\"@type\":\"ImageObject\",\"inLanguage\":\"es-AR\",\"@id\":\"https:\/\/radioinfinitagoya.com.ar\/v1\/2025\/05\/05\/mariano-hormaechea-agradecio-por-una-fiesta-del-surubi-inolvidable\/#primaryimage\",\"url\":\"https:\/\/radioinfinitagoya.com.ar\/v1\/wp-content\/uploads\/2025\/05\/agradecimiento_hormaeche.jpg\",\"contentUrl\":\"https:\/\/radioinfinitagoya.com.ar\/v1\/wp-content\/uploads\/2025\/05\/agradecimiento_hormaeche.jpg\",\"width\":848,\"height\":477},{\"@type\":\"BreadcrumbList\",\"@id\":\"https:\/\/radioinfinitagoya.com.ar\/v1\/2025\/05\/05\/mariano-hormaechea-agradecio-por-una-fiesta-del-surubi-inolvidable\/#breadcrumb\",\"itemListElement\":[{\"@type\":\"ListItem\",\"position\":1,\"name\":\"Inicio\",\"item\":\"https:\/\/radioinfinitagoya.com.ar\/v1\/\"},{\"@type\":\"ListItem\",\"position\":2,\"name\":\"Mariano Hormaechea agradeci\u00f3 por una Fiesta del Surub\u00ed inolvidable\"}]},{\"@type\":\"WebSite\",\"@id\":\"https:\/\/radioinfinitagoya.com.ar\/v1\/#website\",\"url\":\"https:\/\/radioinfinitagoya.com.ar\/v1\/\",\"name\":\"radioinfinitagoya.com.ar\",\"description\":\"Radio de noticias\",\"publisher\":{\"@id\":\"https:\/\/radioinfinitagoya.com.ar\/v1\/#organization\"},\"potentialAction\":[{\"@type\":\"SearchAction\",\"target\":{\"@type\":\"EntryPoint\",\"urlTemplate\":\"https:\/\/radioinfinitagoya.com.ar\/v1\/?s={search_term_string}\"},\"query-input\":{\"@type\":\"PropertyValueSpecification\",\"valueRequired\":true,\"valueName\":\"search_term_string\"}}],\"inLanguage\":\"es-AR\"},{\"@type\":\"Organization\",\"@id\":\"https:\/\/radioinfinitagoya.com.ar\/v1\/#organization\",\"name\":\"Radio Infinita Goya\",\"url\":\"https:\/\/radioinfinitagoya.com.ar\/v1\/\",\"logo\":{\"@type\":\"ImageObject\",\"inLanguage\":\"es-AR\",\"@id\":\"https:\/\/radioinfinitagoya.com.ar\/v1\/#\/schema\/logo\/image\/\",\"url\":\"https:\/\/radioinfinitagoya.com.ar\/v1\/wp-content\/uploads\/2019\/11\/logo-pie-web.png\",\"contentUrl\":\"https:\/\/radioinfinitagoya.com.ar\/v1\/wp-content\/uploads\/2019\/11\/logo-pie-web.png\",\"width\":635,\"height\":326,\"caption\":\"Radio Infinita Goya\"},\"image\":{\"@id\":\"https:\/\/radioinfinitagoya.com.ar\/v1\/#\/schema\/logo\/image\/\"},\"sameAs\":[\"https:\/\/www.facebook.com\/p\/Infinita-Goya-100063870918311\/\"]},{\"@type\":\"Person\",\"@id\":\"https:\/\/radioinfinitagoya.com.ar\/v1\/#\/schema\/person\/d4cf9c413d4f6edb24aabdccab49ca4a\",\"name\":\"Jorge Mi\u00f1o\",\"image\":{\"@type\":\"ImageObject\",\"inLanguage\":\"es-AR\",\"@id\":\"https:\/\/secure.gravatar.com\/avatar\/910fcf6728fe95320e07a6643c1581fec1c7fc4bf8ae12e3d8f0d0373dc844be?s=96&d=mm&r=g\",\"url\":\"https:\/\/secure.gravatar.com\/avatar\/910fcf6728fe95320e07a6643c1581fec1c7fc4bf8ae12e3d8f0d0373dc844be?s=96&d=mm&r=g\",\"contentUrl\":\"https:\/\/secure.gravatar.com\/avatar\/910fcf6728fe95320e07a6643c1581fec1c7fc4bf8ae12e3d8f0d0373dc844be?s=96&d=mm&r=g\",\"caption\":\"Jorge Mi\u00f1o\"},\"sameAs\":[\"http:\/\/radioinfinitagoya.com.ar\"]}]}<\/script>\n<!-- \/ Yoast SEO plugin. -->","yoast_head_json":{"title":"Mariano Hormaechea agradeci\u00f3 por una Fiesta del Surub\u00ed inolvidable - Radio Infinita Goya","description":"El intendente de Goya y presidente honorario de la Comisi\u00f3n Municipal de Pesca (COMUPE), doctor Mariano Hormaechea, expres\u00f3 su agradecimiento a trav\u00e9s de","robots":{"index":"index","follow":"follow","max-snippet":"max-snippet:-1","max-image-preview":"max-image-preview:large","max-video-preview":"max-video-preview:-1"},"canonical":"https:\/\/radioinfinitagoya.com.ar\/v1\/2025\/05\/05\/mariano-hormaechea-agradecio-por-una-fiesta-del-surubi-inolvidable\/","og_locale":"es_ES","og_type":"article","og_title":"Mariano Hormaechea agradeci\u00f3 por una Fiesta del Surub\u00ed inolvidable - Radio Infinita Goya","og_description":"El intendente de Goya y presidente honorario de la Comisi\u00f3n Municipal de Pesca (COMUPE), doctor Mariano Hormaechea, expres\u00f3 su agradecimiento a trav\u00e9s de","og_url":"https:\/\/radioinfinitagoya.com.ar\/v1\/2025\/05\/05\/mariano-hormaechea-agradecio-por-una-fiesta-del-surubi-inolvidable\/","og_site_name":"Radio Infinita Goya","article_publisher":"https:\/\/www.facebook.com\/p\/Infinita-Goya-100063870918311\/","article_published_time":"2025-05-05T20:03:33+00:00","og_image":[{"width":848,"height":477,"url":"https:\/\/radioinfinitagoya.com.ar\/v1\/wp-content\/uploads\/2025\/05\/agradecimiento_hormaeche.jpg","type":"image\/jpeg"}],"author":"Jorge Mi\u00f1o","twitter_card":"summary_large_image","twitter_misc":{"Escrito por":"Jorge Mi\u00f1o","Tiempo de lectura":"2 minutos"},"schema":{"@context":"https:\/\/schema.org","@graph":[{"@type":"Article","@id":"https:\/\/radioinfinitagoya.com.ar\/v1\/2025\/05\/05\/mariano-hormaechea-agradecio-por-una-fiesta-del-surubi-inolvidable\/#article","isPartOf":{"@id":"https:\/\/radioinfinitagoya.com.ar\/v1\/2025\/05\/05\/mariano-hormaechea-agradecio-por-una-fiesta-del-surubi-inolvidable\/"},"author":{"name":"Jorge Mi\u00f1o","@id":"https:\/\/radioinfinitagoya.com.ar\/v1\/#\/schema\/person\/d4cf9c413d4f6edb24aabdccab49ca4a"},"headline":"Mariano Hormaechea agradeci\u00f3 por una Fiesta del Surub\u00ed inolvidable","datePublished":"2025-05-05T20:03:33+00:00","mainEntityOfPage":{"@id":"https:\/\/radioinfinitagoya.com.ar\/v1\/2025\/05\/05\/mariano-hormaechea-agradecio-por-una-fiesta-del-surubi-inolvidable\/"},"wordCount":300,"publisher":{"@id":"https:\/\/radioinfinitagoya.com.ar\/v1\/#organization"},"image":{"@id":"https:\/\/radioinfinitagoya.com.ar\/v1\/2025\/05\/05\/mariano-hormaechea-agradecio-por-una-fiesta-del-surubi-inolvidable\/#primaryimage"},"thumbnailUrl":"https:\/\/radioinfinitagoya.com.ar\/v1\/wp-content\/uploads\/2025\/05\/agradecimiento_hormaeche.jpg","articleSection":["LOCALES"],"inLanguage":"es-AR"},{"@type":"WebPage","@id":"https:\/\/radioinfinitagoya.com.ar\/v1\/2025\/05\/05\/mariano-hormaechea-agradecio-por-una-fiesta-del-surubi-inolvidable\/","url":"https:\/\/radioinfinitagoya.com.ar\/v1\/2025\/05\/05\/mariano-hormaechea-agradecio-por-una-fiesta-del-surubi-inolvidable\/","name":"Mariano Hormaechea agradeci\u00f3 por una Fiesta del Surub\u00ed inolvidable - Radio Infinita Goya","isPartOf":{"@id":"https:\/\/radioinfinitagoya.com.ar\/v1\/#website"},"primaryImageOfPage":{"@id":"https:\/\/radioinfinitagoya.com.ar\/v1\/2025\/05\/05\/mariano-hormaechea-agradecio-por-una-fiesta-del-surubi-inolvidable\/#primaryimage"},"image":{"@id":"https:\/\/radioinfinitagoya.com.ar\/v1\/2025\/05\/05\/mariano-hormaechea-agradecio-por-una-fiesta-del-surubi-inolvidable\/#primaryimage"},"thumbnailUrl":"https:\/\/radioinfinitagoya.com.ar\/v1\/wp-content\/uploads\/2025\/05\/agradecimiento_hormaeche.jpg","datePublished":"2025-05-05T20:03:33+00:00","description":"El intendente de Goya y presidente honorario de la Comisi\u00f3n Municipal de Pesca (COMUPE), doctor Mariano Hormaechea, expres\u00f3 su agradecimiento a trav\u00e9s de","breadcrumb":{"@id":"https:\/\/radioinfinitagoya.com.ar\/v1\/2025\/05\/05\/mariano-hormaechea-agradecio-por-una-fiesta-del-surubi-inolvidable\/#breadcrumb"},"inLanguage":"es-AR","potentialAction":[{"@type":"ReadAction","target":["https:\/\/radioinfinitagoya.com.ar\/v1\/2025\/05\/05\/mariano-hormaechea-agradecio-por-una-fiesta-del-surubi-inolvidable\/"]}]},{"@type":"ImageObject","inLanguage":"es-AR","@id":"https:\/\/radioinfinitagoya.com.ar\/v1\/2025\/05\/05\/mariano-hormaechea-agradecio-por-una-fiesta-del-surubi-inolvidable\/#primaryimage","url":"https:\/\/radioinfinitagoya.com.ar\/v1\/wp-content\/uploads\/2025\/05\/agradecimiento_hormaeche.jpg","contentUrl":"https:\/\/radioinfinitagoya.com.ar\/v1\/wp-content\/uploads\/2025\/05\/agradecimiento_hormaeche.jpg","width":848,"height":477},{"@type":"BreadcrumbList","@id":"https:\/\/radioinfinitagoya.com.ar\/v1\/2025\/05\/05\/mariano-hormaechea-agradecio-por-una-fiesta-del-surubi-inolvidable\/#breadcrumb","itemListElement":[{"@type":"ListItem","position":1,"name":"Inicio","item":"https:\/\/radioinfinitagoya.com.ar\/v1\/"},{"@type":"ListItem","position":2,"name":"Mariano Hormaechea agradeci\u00f3 por una Fiesta del Surub\u00ed inolvidable"}]},{"@type":"WebSite","@id":"https:\/\/radioinfinitagoya.com.ar\/v1\/#website","url":"https:\/\/radioinfinitagoya.com.ar\/v1\/","name":"radioinfinitagoya.com.ar","description":"Radio de noticias","publisher":{"@id":"https:\/\/radioinfinitagoya.com.ar\/v1\/#organization"},"potentialAction":[{"@type":"SearchAction","target":{"@type":"EntryPoint","urlTemplate":"https:\/\/radioinfinitagoya.com.ar\/v1\/?s={search_term_string}"},"query-input":{"@type":"PropertyValueSpecification","valueRequired":true,"valueName":"search_term_string"}}],"inLanguage":"es-AR"},{"@type":"Organization","@id":"https:\/\/radioinfinitagoya.com.ar\/v1\/#organization","name":"Radio Infinita Goya","url":"https:\/\/radioinfinitagoya.com.ar\/v1\/","logo":{"@type":"ImageObject","inLanguage":"es-AR","@id":"https:\/\/radioinfinitagoya.com.ar\/v1\/#\/schema\/logo\/image\/","url":"https:\/\/radioinfinitagoya.com.ar\/v1\/wp-content\/uploads\/2019\/11\/logo-pie-web.png","contentUrl":"https:\/\/radioinfinitagoya.com.ar\/v1\/wp-content\/uploads\/2019\/11\/logo-pie-web.png","width":635,"height":326,"caption":"Radio Infinita Goya"},"image":{"@id":"https:\/\/radioinfinitagoya.com.ar\/v1\/#\/schema\/logo\/image\/"},"sameAs":["https:\/\/www.facebook.com\/p\/Infinita-Goya-100063870918311\/"]},{"@type":"Person","@id":"https:\/\/radioinfinitagoya.com.ar\/v1\/#\/schema\/person\/d4cf9c413d4f6edb24aabdccab49ca4a","name":"Jorge Mi\u00f1o","image":{"@type":"ImageObject","inLanguage":"es-AR","@id":"https:\/\/secure.gravatar.com\/avatar\/910fcf6728fe95320e07a6643c1581fec1c7fc4bf8ae12e3d8f0d0373dc844be?s=96&d=mm&r=g","url":"https:\/\/secure.gravatar.com\/avatar\/910fcf6728fe95320e07a6643c1581fec1c7fc4bf8ae12e3d8f0d0373dc844be?s=96&d=mm&r=g","contentUrl":"https:\/\/secure.gravatar.com\/avatar\/910fcf6728fe95320e07a6643c1581fec1c7fc4bf8ae12e3d8f0d0373dc844be?s=96&d=mm&r=g","caption":"Jorge Mi\u00f1o"},"sameAs":["http:\/\/radioinfinitagoya.com.ar"]}]}},"_links":{"self":[{"href":"https:\/\/radioinfinitagoya.com.ar\/v1\/wp-json\/wp\/v2\/posts\/189749","targetHints":{"allow":["GET"]}}],"collection":[{"href":"https:\/\/radioinfinitagoya.com.ar\/v1\/wp-json\/wp\/v2\/posts"}],"about":[{"href":"https:\/\/radioinfinitagoya.com.ar\/v1\/wp-json\/wp\/v2\/types\/post"}],"author":[{"embeddable":true,"href":"https:\/\/radioinfinitagoya.com.ar\/v1\/wp-json\/wp\/v2\/users\/4"}],"replies":[{"embeddable":true,"href":"https:\/\/radioinfinitagoya.com.ar\/v1\/wp-json\/wp\/v2\/comments?post=189749"}],"version-history":[{"count":0,"href":"https:\/\/radioinfinitagoya.com.ar\/v1\/wp-json\/wp\/v2\/posts\/189749\/revisions"}],"wp:featuredmedia":[{"embeddable":true,"href":"https:\/\/radioinfinitagoya.com.ar\/v1\/wp-json\/wp\/v2\/media\/189750"}],"wp:attachment":[{"href":"https:\/\/radioinfinitagoya.com.ar\/v1\/wp-json\/wp\/v2\/media?parent=189749"}],"wp:term":[{"taxonomy":"category","embeddable":true,"href":"https:\/\/radioinfinitagoya.com.ar\/v1\/wp-json\/wp\/v2\/categories?post=189749"},{"taxonomy":"post_tag","embeddable":true,"href":"https:\/\/radioinfinitagoya.com.ar\/v1\/wp-json\/wp\/v2\/tags?post=189749"}],"curies":[{"name":"wp","href":"https:\/\/api.w.org\/{rel}","templated":true}]}}