{"id":189768,"date":"2025-05-05T17:35:17","date_gmt":"2025-05-05T20:35:17","guid":{"rendered":"https:\/\/radioinfinitagoya.com.ar\/v1\/?p=189768"},"modified":"2025-05-05T17:35:17","modified_gmt":"2025-05-05T20:35:17","slug":"gobernadores-se-reunen-en-entre-rios","status":"publish","type":"post","link":"https:\/\/radioinfinitagoya.com.ar\/v1\/2025\/05\/05\/gobernadores-se-reunen-en-entre-rios\/","title":{"rendered":"Gobernadores se re\u00fanen en Entre R\u00edos"},"content":{"rendered":"<p>Agenda de desarrollo productivo y reclamos en clave federal<\/p>\n<p>Ser\u00e1 en un evento organizado por el Consejo Federal de Inversiones. Participar\u00e1n Axel Kicillof, Rogelio Frigerio y Maximiliano Pullaro, entre otros l\u00edderes. Buscan avanzar en proyectos propios en medio del ajuste de Naci\u00f3n.<\/p>\n<p>Gobernadores de distintas escuder\u00edas pol\u00edticas se reunir\u00e1n este martes en la ciudad de Paran\u00e1 para participar de una jornada de desarrollo productivo organizada por el Consejo Federal de Log\u00edstica (CFI) en conjunto con la administraci\u00f3n de Entre R\u00edos, que tendr\u00e1 como ejes el trabajo en proyectos de infraestructura e incluir\u00e1 reclamos de los jefes provinciales a Naci\u00f3n por los recortes en diversos \u00edtems.<\/p>\n<p>El evento, titulado &#8220;Una hoja de ruta hacia un futuro federal&#8221;, se desarrollar\u00e1 a partir de las 8:30 en el Centro Provincial de Convenciones y tendr\u00e1 como anfitriones al titular del CFI, Ignacio Lamothe, y al mandatario local, Rogelio Frigerio. Tambi\u00e9n dir\u00e1n presentes sus pares Axel Kicillof (Buenos Aires), Ignacio Torres (Chubut), Sergio Ziliotto (La Pampa), Maximiliano Pullaro (Santa Fe) y Ra\u00fal Jalil (Catamarca).<\/p>\n<p>Adem\u00e1s de los mandamases, acudir\u00e1n ministros provinciales y funcionarios, c\u00e1maras empresariales, PyMEs, organismos y representantes acad\u00e9micos, quienes compartir\u00e1n espacios de debate, mesas de trabajo y paneles sobre los principales ejes del desarrollo federal: producci\u00f3n, innovaci\u00f3n y v\u00edas de financiamiento. Concretamente habr\u00e1 cuatro paneles: Una hoja de ruta hacia el futuro federal; Financiamiento para el desarrollo; El futuro productivo de Argentina; e Innovaci\u00f3n, econom\u00eda del conocimiento y startups.<\/p>\n<p>Cumbre de gobernadores en Entre R\u00edos<br \/>\nSe tratar\u00e1 de la primera gran cumbre del a\u00f1o de gobernadores de distintos puntos del pa\u00eds y pelajes diversos, situaci\u00f3n que se repiti\u00f3 con frecuencia en 2024, al calor del avance de la motosierra de Javier Milei sobre los distritos, pero que perdi\u00f3 volumen en 2025 a ra\u00edz de la atomizaci\u00f3n frente a la gesti\u00f3n libertaria.<\/p>\n<p>Adem\u00e1s de la agenda oficial, se espera que, en sus discursos, los jefes provinciales agiten reclamos contra el Gobierno nacional por los recortes en diversos \u00edtems. Por ejemplo, a ra\u00edz del sablazo a impuestos coparticipables dispuestos la semana pasada por la Agencia de Recaudaci\u00f3n y Control Aduanero (ARCA), hecho que despert\u00f3 la bronca de los caciques.<\/p>\n<p>Puntualmente, ARCA aplic\u00f3 un nuevo esquema de anticipos anuales del Impuesto a las Ganancias. De esta manera, elimin\u00f3 el anticipo que las empresas pagaban en junio. A la par, introdujo un cambio en el esquema de retenciones del Impuesto al Valor Agregado (IVA) a las operaciones aduaneras, disponiendo que se dejen de retener los tributos a las exportaciones.<\/p>\n<p>Las medidas causaron hondo malestar entre las provincias aliadas al Gobierno nacional, en un momento en el que la Casa Rosada necesita de apoyos prestados en el Congreso para sostener iniciativas propias y desactivar las de la oposici\u00f3n. En paralelo, las negociaciones rumbo a las elecciones nacionales de octubre contin\u00faan su curso con altas y bajas. Por ahora, y al menos hasta los comicios del 18 de mayo en CABA, el di\u00e1logo entre el PRO y La Libertad Avanza (LLA) est\u00e1 congelado.<\/p>\n<p>Otros puntos recurrentes entre la pr\u00e9dica de los gobernadores en este tipo de eventos son la obra p\u00fablica y la infraestructura. Dentro de ese esquema, causa particular preocupaci\u00f3n el estado de las rutas nacionales, sobre todo en provincias como Santa Fe, por donde circula el grueso del comercio agroindustrial de la Argentina.<\/p>\n<p>Reactivan cumbres entre provincias<br \/>\nAnte este escenario, los mandamases de todo el pa\u00eds vienen trabajando de forma articulada con el CFI como un modo de hacer contrapeso ante el ajuste de Naci\u00f3n y desarrollar proyectos propios. La \u00faltima reuni\u00f3n entre l\u00edderes provinciales tuvo lugar el lunes pasado en Resistencia, Chaco, en el marco de una ronda de negocios con Brasil y Paraguay de la Regi\u00f3n Litoral.<\/p>\n<p>Participaron el anfitri\u00f3n Leandro Zdero, su par correntino, Gustavo Vald\u00e9s, y los ya mencionados Pullaro y Frigerio. Por Misiones dijo presente el vicegobernador Lucas Romero Spinelli, mientras que Formosa no form\u00f3 parte.<\/p>\n<p>En representaci\u00f3n del Consejo Federal de Inversiones, estuvo Lamothe, quien afirm\u00f3: &#8220;El Litoral argentino tiene un enorme potencial que requiere planificaci\u00f3n estrat\u00e9gica y trabajo conjunto para realizarse&#8221;. &#8220;Desde el CFI trabajamos con las provincias para construir una hoja de ruta hacia el desarrollo federal, sostenible e inclusivo que conecte capacidades productivas, reduzca asimetr\u00edas y genere nuevas oportunidades de inversi\u00f3n&#8221;, agreg\u00f3.<\/p>\n<p>Lamothe fue reelecto en septiembre del a\u00f1o pasado por todas las provincias del pa\u00eds, con respaldo mayoritario por parte del peronismo y de antiguos aliados provincialistas, quienes fueron clave para apuntalarlo en el cargo. D\u00edas antes, el funcionario hab\u00eda presentado junto a diversos gobernadores la Estrategia Federal Log\u00edstica, un ambicioso programa en el que participaron jefes provinciales, empresas, sindicatos y diversos actores del sector.<\/p>\n<p>El proyecto llev\u00f3 tres a\u00f1os de trabajo y tiene como objetivo facilitar y perfeccionar el transporte de cargas en el pa\u00eds, dotando a las provincias de herramientas para negociar financiamiento y moverse de manera mancomunada bajo una visi\u00f3n integral a largo plazo. &#8220;Es una herramienta din\u00e1mica, que a medida que los sectores productivos se muevan, se va a ir adaptando a esa realidad productiva que tiene Argentina&#8221;, defini\u00f3 el titular del CFI a este medio en la ocasi\u00f3n.<\/p>\n<p>Desde entonces, el organismo profundiz\u00f3 el trabajo mancomunado con las provincias.<\/p>\n<p>Del pelot\u00f3n de asistentes a la cumbre entrerriana, el \u00faltimo en confirmar fue el bonaerense Axel Kicillof. Este lunes, en conferencia de prensa, su ministro de Gobierno, Carlos Bianco, revel\u00f3 que Kicillof fue invitado y que se comunic\u00f3 con Frigerio para aceptar el convite.<\/p>\n<p>&nbsp;<\/p>\n","protected":false},"excerpt":{"rendered":"<p>Agenda de desarrollo productivo y reclamos en clave federal Ser\u00e1 en un evento organizado por el Consejo Federal de Inversiones. Participar\u00e1n Axel Kicillof, Rogelio Frigerio y Maximiliano Pullaro, entre otros l\u00edderes. Buscan avanzar en proyectos propios en medio del ajuste de Naci\u00f3n. Gobernadores de distintas escuder\u00edas pol\u00edticas se reunir\u00e1n este martes en la ciudad de [&hellip;]<\/p>\n","protected":false},"author":4,"featured_media":189769,"comment_status":"closed","ping_status":"closed","sticky":false,"template":"","format":"standard","meta":{"_joinchat":[],"footnotes":""},"categories":[25],"tags":[],"class_list":{"0":"post-189768","1":"post","2":"type-post","3":"status-publish","4":"format-standard","5":"has-post-thumbnail","7":"category-destacados"},"yoast_head":"<!-- This site is optimized with the Yoast SEO plugin v27.2 - https:\/\/yoast.com\/product\/yoast-seo-wordpress\/ -->\n<title>Gobernadores se re\u00fanen en Entre R\u00edos - Radio Infinita Goya<\/title>\n<meta name=\"description\" content=\"Agenda de desarrollo productivo y reclamos en clave federal Ser\u00e1 en un evento organizado por el Consejo Federal de Inversiones. Participar\u00e1n Axel\" \/>\n<meta name=\"robots\" content=\"index, follow, max-snippet:-1, max-image-preview:large, max-video-preview:-1\" \/>\n<link rel=\"canonical\" href=\"https:\/\/radioinfinitagoya.com.ar\/v1\/2025\/05\/05\/gobernadores-se-reunen-en-entre-rios\/\" \/>\n<meta property=\"og:locale\" content=\"es_ES\" \/>\n<meta property=\"og:type\" content=\"article\" \/>\n<meta property=\"og:title\" content=\"Gobernadores se re\u00fanen en Entre R\u00edos - Radio Infinita Goya\" \/>\n<meta property=\"og:description\" content=\"Agenda de desarrollo productivo y reclamos en clave federal Ser\u00e1 en un evento organizado por el Consejo Federal de Inversiones. Participar\u00e1n Axel\" \/>\n<meta property=\"og:url\" content=\"https:\/\/radioinfinitagoya.com.ar\/v1\/2025\/05\/05\/gobernadores-se-reunen-en-entre-rios\/\" \/>\n<meta property=\"og:site_name\" content=\"Radio Infinita Goya\" \/>\n<meta property=\"article:publisher\" content=\"https:\/\/www.facebook.com\/p\/Infinita-Goya-100063870918311\/\" \/>\n<meta property=\"article:published_time\" content=\"2025-05-05T20:35:17+00:00\" \/>\n<meta property=\"og:image\" content=\"https:\/\/radioinfinitagoya.com.ar\/v1\/wp-content\/uploads\/2025\/05\/d3wW-fke.jpg\" \/>\n\t<meta property=\"og:image:width\" content=\"680\" \/>\n\t<meta property=\"og:image:height\" content=\"383\" \/>\n\t<meta property=\"og:image:type\" content=\"image\/jpeg\" \/>\n<meta name=\"author\" content=\"Jorge Mi\u00f1o\" \/>\n<meta name=\"twitter:card\" content=\"summary_large_image\" \/>\n<meta name=\"twitter:label1\" content=\"Escrito por\" \/>\n\t<meta name=\"twitter:data1\" content=\"Jorge Mi\u00f1o\" \/>\n\t<meta name=\"twitter:label2\" content=\"Tiempo de lectura\" \/>\n\t<meta name=\"twitter:data2\" content=\"5 minutos\" \/>\n<script type=\"application\/ld+json\" class=\"yoast-schema-graph\">{\"@context\":\"https:\/\/schema.org\",\"@graph\":[{\"@type\":\"Article\",\"@id\":\"https:\/\/radioinfinitagoya.com.ar\/v1\/2025\/05\/05\/gobernadores-se-reunen-en-entre-rios\/#article\",\"isPartOf\":{\"@id\":\"https:\/\/radioinfinitagoya.com.ar\/v1\/2025\/05\/05\/gobernadores-se-reunen-en-entre-rios\/\"},\"author\":{\"name\":\"Jorge Mi\u00f1o\",\"@id\":\"https:\/\/radioinfinitagoya.com.ar\/v1\/#\/schema\/person\/d4cf9c413d4f6edb24aabdccab49ca4a\"},\"headline\":\"Gobernadores se re\u00fanen en Entre R\u00edos\",\"datePublished\":\"2025-05-05T20:35:17+00:00\",\"mainEntityOfPage\":{\"@id\":\"https:\/\/radioinfinitagoya.com.ar\/v1\/2025\/05\/05\/gobernadores-se-reunen-en-entre-rios\/\"},\"wordCount\":968,\"publisher\":{\"@id\":\"https:\/\/radioinfinitagoya.com.ar\/v1\/#organization\"},\"image\":{\"@id\":\"https:\/\/radioinfinitagoya.com.ar\/v1\/2025\/05\/05\/gobernadores-se-reunen-en-entre-rios\/#primaryimage\"},\"thumbnailUrl\":\"https:\/\/radioinfinitagoya.com.ar\/v1\/wp-content\/uploads\/2025\/05\/d3wW-fke.jpg\",\"articleSection\":[\"DESTACADOS\"],\"inLanguage\":\"es-AR\"},{\"@type\":\"WebPage\",\"@id\":\"https:\/\/radioinfinitagoya.com.ar\/v1\/2025\/05\/05\/gobernadores-se-reunen-en-entre-rios\/\",\"url\":\"https:\/\/radioinfinitagoya.com.ar\/v1\/2025\/05\/05\/gobernadores-se-reunen-en-entre-rios\/\",\"name\":\"Gobernadores se re\u00fanen en Entre R\u00edos - Radio Infinita Goya\",\"isPartOf\":{\"@id\":\"https:\/\/radioinfinitagoya.com.ar\/v1\/#website\"},\"primaryImageOfPage\":{\"@id\":\"https:\/\/radioinfinitagoya.com.ar\/v1\/2025\/05\/05\/gobernadores-se-reunen-en-entre-rios\/#primaryimage\"},\"image\":{\"@id\":\"https:\/\/radioinfinitagoya.com.ar\/v1\/2025\/05\/05\/gobernadores-se-reunen-en-entre-rios\/#primaryimage\"},\"thumbnailUrl\":\"https:\/\/radioinfinitagoya.com.ar\/v1\/wp-content\/uploads\/2025\/05\/d3wW-fke.jpg\",\"datePublished\":\"2025-05-05T20:35:17+00:00\",\"description\":\"Agenda de desarrollo productivo y reclamos en clave federal Ser\u00e1 en un evento organizado por el Consejo Federal de Inversiones. Participar\u00e1n Axel\",\"breadcrumb\":{\"@id\":\"https:\/\/radioinfinitagoya.com.ar\/v1\/2025\/05\/05\/gobernadores-se-reunen-en-entre-rios\/#breadcrumb\"},\"inLanguage\":\"es-AR\",\"potentialAction\":[{\"@type\":\"ReadAction\",\"target\":[\"https:\/\/radioinfinitagoya.com.ar\/v1\/2025\/05\/05\/gobernadores-se-reunen-en-entre-rios\/\"]}]},{\"@type\":\"ImageObject\",\"inLanguage\":\"es-AR\",\"@id\":\"https:\/\/radioinfinitagoya.com.ar\/v1\/2025\/05\/05\/gobernadores-se-reunen-en-entre-rios\/#primaryimage\",\"url\":\"https:\/\/radioinfinitagoya.com.ar\/v1\/wp-content\/uploads\/2025\/05\/d3wW-fke.jpg\",\"contentUrl\":\"https:\/\/radioinfinitagoya.com.ar\/v1\/wp-content\/uploads\/2025\/05\/d3wW-fke.jpg\",\"width\":680,\"height\":383},{\"@type\":\"BreadcrumbList\",\"@id\":\"https:\/\/radioinfinitagoya.com.ar\/v1\/2025\/05\/05\/gobernadores-se-reunen-en-entre-rios\/#breadcrumb\",\"itemListElement\":[{\"@type\":\"ListItem\",\"position\":1,\"name\":\"Inicio\",\"item\":\"https:\/\/radioinfinitagoya.com.ar\/v1\/\"},{\"@type\":\"ListItem\",\"position\":2,\"name\":\"Gobernadores se re\u00fanen en Entre R\u00edos\"}]},{\"@type\":\"WebSite\",\"@id\":\"https:\/\/radioinfinitagoya.com.ar\/v1\/#website\",\"url\":\"https:\/\/radioinfinitagoya.com.ar\/v1\/\",\"name\":\"radioinfinitagoya.com.ar\",\"description\":\"Radio de noticias\",\"publisher\":{\"@id\":\"https:\/\/radioinfinitagoya.com.ar\/v1\/#organization\"},\"potentialAction\":[{\"@type\":\"SearchAction\",\"target\":{\"@type\":\"EntryPoint\",\"urlTemplate\":\"https:\/\/radioinfinitagoya.com.ar\/v1\/?s={search_term_string}\"},\"query-input\":{\"@type\":\"PropertyValueSpecification\",\"valueRequired\":true,\"valueName\":\"search_term_string\"}}],\"inLanguage\":\"es-AR\"},{\"@type\":\"Organization\",\"@id\":\"https:\/\/radioinfinitagoya.com.ar\/v1\/#organization\",\"name\":\"Radio Infinita Goya\",\"url\":\"https:\/\/radioinfinitagoya.com.ar\/v1\/\",\"logo\":{\"@type\":\"ImageObject\",\"inLanguage\":\"es-AR\",\"@id\":\"https:\/\/radioinfinitagoya.com.ar\/v1\/#\/schema\/logo\/image\/\",\"url\":\"https:\/\/radioinfinitagoya.com.ar\/v1\/wp-content\/uploads\/2019\/11\/logo-pie-web.png\",\"contentUrl\":\"https:\/\/radioinfinitagoya.com.ar\/v1\/wp-content\/uploads\/2019\/11\/logo-pie-web.png\",\"width\":635,\"height\":326,\"caption\":\"Radio Infinita Goya\"},\"image\":{\"@id\":\"https:\/\/radioinfinitagoya.com.ar\/v1\/#\/schema\/logo\/image\/\"},\"sameAs\":[\"https:\/\/www.facebook.com\/p\/Infinita-Goya-100063870918311\/\"]},{\"@type\":\"Person\",\"@id\":\"https:\/\/radioinfinitagoya.com.ar\/v1\/#\/schema\/person\/d4cf9c413d4f6edb24aabdccab49ca4a\",\"name\":\"Jorge Mi\u00f1o\",\"image\":{\"@type\":\"ImageObject\",\"inLanguage\":\"es-AR\",\"@id\":\"https:\/\/secure.gravatar.com\/avatar\/910fcf6728fe95320e07a6643c1581fec1c7fc4bf8ae12e3d8f0d0373dc844be?s=96&d=mm&r=g\",\"url\":\"https:\/\/secure.gravatar.com\/avatar\/910fcf6728fe95320e07a6643c1581fec1c7fc4bf8ae12e3d8f0d0373dc844be?s=96&d=mm&r=g\",\"contentUrl\":\"https:\/\/secure.gravatar.com\/avatar\/910fcf6728fe95320e07a6643c1581fec1c7fc4bf8ae12e3d8f0d0373dc844be?s=96&d=mm&r=g\",\"caption\":\"Jorge Mi\u00f1o\"},\"sameAs\":[\"http:\/\/radioinfinitagoya.com.ar\"]}]}<\/script>\n<!-- \/ Yoast SEO plugin. -->","yoast_head_json":{"title":"Gobernadores se re\u00fanen en Entre R\u00edos - Radio Infinita Goya","description":"Agenda de desarrollo productivo y reclamos en clave federal Ser\u00e1 en un evento organizado por el Consejo Federal de Inversiones. Participar\u00e1n Axel","robots":{"index":"index","follow":"follow","max-snippet":"max-snippet:-1","max-image-preview":"max-image-preview:large","max-video-preview":"max-video-preview:-1"},"canonical":"https:\/\/radioinfinitagoya.com.ar\/v1\/2025\/05\/05\/gobernadores-se-reunen-en-entre-rios\/","og_locale":"es_ES","og_type":"article","og_title":"Gobernadores se re\u00fanen en Entre R\u00edos - Radio Infinita Goya","og_description":"Agenda de desarrollo productivo y reclamos en clave federal Ser\u00e1 en un evento organizado por el Consejo Federal de Inversiones. Participar\u00e1n Axel","og_url":"https:\/\/radioinfinitagoya.com.ar\/v1\/2025\/05\/05\/gobernadores-se-reunen-en-entre-rios\/","og_site_name":"Radio Infinita Goya","article_publisher":"https:\/\/www.facebook.com\/p\/Infinita-Goya-100063870918311\/","article_published_time":"2025-05-05T20:35:17+00:00","og_image":[{"width":680,"height":383,"url":"https:\/\/radioinfinitagoya.com.ar\/v1\/wp-content\/uploads\/2025\/05\/d3wW-fke.jpg","type":"image\/jpeg"}],"author":"Jorge Mi\u00f1o","twitter_card":"summary_large_image","twitter_misc":{"Escrito por":"Jorge Mi\u00f1o","Tiempo de lectura":"5 minutos"},"schema":{"@context":"https:\/\/schema.org","@graph":[{"@type":"Article","@id":"https:\/\/radioinfinitagoya.com.ar\/v1\/2025\/05\/05\/gobernadores-se-reunen-en-entre-rios\/#article","isPartOf":{"@id":"https:\/\/radioinfinitagoya.com.ar\/v1\/2025\/05\/05\/gobernadores-se-reunen-en-entre-rios\/"},"author":{"name":"Jorge Mi\u00f1o","@id":"https:\/\/radioinfinitagoya.com.ar\/v1\/#\/schema\/person\/d4cf9c413d4f6edb24aabdccab49ca4a"},"headline":"Gobernadores se re\u00fanen en Entre R\u00edos","datePublished":"2025-05-05T20:35:17+00:00","mainEntityOfPage":{"@id":"https:\/\/radioinfinitagoya.com.ar\/v1\/2025\/05\/05\/gobernadores-se-reunen-en-entre-rios\/"},"wordCount":968,"publisher":{"@id":"https:\/\/radioinfinitagoya.com.ar\/v1\/#organization"},"image":{"@id":"https:\/\/radioinfinitagoya.com.ar\/v1\/2025\/05\/05\/gobernadores-se-reunen-en-entre-rios\/#primaryimage"},"thumbnailUrl":"https:\/\/radioinfinitagoya.com.ar\/v1\/wp-content\/uploads\/2025\/05\/d3wW-fke.jpg","articleSection":["DESTACADOS"],"inLanguage":"es-AR"},{"@type":"WebPage","@id":"https:\/\/radioinfinitagoya.com.ar\/v1\/2025\/05\/05\/gobernadores-se-reunen-en-entre-rios\/","url":"https:\/\/radioinfinitagoya.com.ar\/v1\/2025\/05\/05\/gobernadores-se-reunen-en-entre-rios\/","name":"Gobernadores se re\u00fanen en Entre R\u00edos - Radio Infinita Goya","isPartOf":{"@id":"https:\/\/radioinfinitagoya.com.ar\/v1\/#website"},"primaryImageOfPage":{"@id":"https:\/\/radioinfinitagoya.com.ar\/v1\/2025\/05\/05\/gobernadores-se-reunen-en-entre-rios\/#primaryimage"},"image":{"@id":"https:\/\/radioinfinitagoya.com.ar\/v1\/2025\/05\/05\/gobernadores-se-reunen-en-entre-rios\/#primaryimage"},"thumbnailUrl":"https:\/\/radioinfinitagoya.com.ar\/v1\/wp-content\/uploads\/2025\/05\/d3wW-fke.jpg","datePublished":"2025-05-05T20:35:17+00:00","description":"Agenda de desarrollo productivo y reclamos en clave federal Ser\u00e1 en un evento organizado por el Consejo Federal de Inversiones. Participar\u00e1n Axel","breadcrumb":{"@id":"https:\/\/radioinfinitagoya.com.ar\/v1\/2025\/05\/05\/gobernadores-se-reunen-en-entre-rios\/#breadcrumb"},"inLanguage":"es-AR","potentialAction":[{"@type":"ReadAction","target":["https:\/\/radioinfinitagoya.com.ar\/v1\/2025\/05\/05\/gobernadores-se-reunen-en-entre-rios\/"]}]},{"@type":"ImageObject","inLanguage":"es-AR","@id":"https:\/\/radioinfinitagoya.com.ar\/v1\/2025\/05\/05\/gobernadores-se-reunen-en-entre-rios\/#primaryimage","url":"https:\/\/radioinfinitagoya.com.ar\/v1\/wp-content\/uploads\/2025\/05\/d3wW-fke.jpg","contentUrl":"https:\/\/radioinfinitagoya.com.ar\/v1\/wp-content\/uploads\/2025\/05\/d3wW-fke.jpg","width":680,"height":383},{"@type":"BreadcrumbList","@id":"https:\/\/radioinfinitagoya.com.ar\/v1\/2025\/05\/05\/gobernadores-se-reunen-en-entre-rios\/#breadcrumb","itemListElement":[{"@type":"ListItem","position":1,"name":"Inicio","item":"https:\/\/radioinfinitagoya.com.ar\/v1\/"},{"@type":"ListItem","position":2,"name":"Gobernadores se re\u00fanen en Entre R\u00edos"}]},{"@type":"WebSite","@id":"https:\/\/radioinfinitagoya.com.ar\/v1\/#website","url":"https:\/\/radioinfinitagoya.com.ar\/v1\/","name":"radioinfinitagoya.com.ar","description":"Radio de noticias","publisher":{"@id":"https:\/\/radioinfinitagoya.com.ar\/v1\/#organization"},"potentialAction":[{"@type":"SearchAction","target":{"@type":"EntryPoint","urlTemplate":"https:\/\/radioinfinitagoya.com.ar\/v1\/?s={search_term_string}"},"query-input":{"@type":"PropertyValueSpecification","valueRequired":true,"valueName":"search_term_string"}}],"inLanguage":"es-AR"},{"@type":"Organization","@id":"https:\/\/radioinfinitagoya.com.ar\/v1\/#organization","name":"Radio Infinita Goya","url":"https:\/\/radioinfinitagoya.com.ar\/v1\/","logo":{"@type":"ImageObject","inLanguage":"es-AR","@id":"https:\/\/radioinfinitagoya.com.ar\/v1\/#\/schema\/logo\/image\/","url":"https:\/\/radioinfinitagoya.com.ar\/v1\/wp-content\/uploads\/2019\/11\/logo-pie-web.png","contentUrl":"https:\/\/radioinfinitagoya.com.ar\/v1\/wp-content\/uploads\/2019\/11\/logo-pie-web.png","width":635,"height":326,"caption":"Radio Infinita Goya"},"image":{"@id":"https:\/\/radioinfinitagoya.com.ar\/v1\/#\/schema\/logo\/image\/"},"sameAs":["https:\/\/www.facebook.com\/p\/Infinita-Goya-100063870918311\/"]},{"@type":"Person","@id":"https:\/\/radioinfinitagoya.com.ar\/v1\/#\/schema\/person\/d4cf9c413d4f6edb24aabdccab49ca4a","name":"Jorge Mi\u00f1o","image":{"@type":"ImageObject","inLanguage":"es-AR","@id":"https:\/\/secure.gravatar.com\/avatar\/910fcf6728fe95320e07a6643c1581fec1c7fc4bf8ae12e3d8f0d0373dc844be?s=96&d=mm&r=g","url":"https:\/\/secure.gravatar.com\/avatar\/910fcf6728fe95320e07a6643c1581fec1c7fc4bf8ae12e3d8f0d0373dc844be?s=96&d=mm&r=g","contentUrl":"https:\/\/secure.gravatar.com\/avatar\/910fcf6728fe95320e07a6643c1581fec1c7fc4bf8ae12e3d8f0d0373dc844be?s=96&d=mm&r=g","caption":"Jorge Mi\u00f1o"},"sameAs":["http:\/\/radioinfinitagoya.com.ar"]}]}},"_links":{"self":[{"href":"https:\/\/radioinfinitagoya.com.ar\/v1\/wp-json\/wp\/v2\/posts\/189768","targetHints":{"allow":["GET"]}}],"collection":[{"href":"https:\/\/radioinfinitagoya.com.ar\/v1\/wp-json\/wp\/v2\/posts"}],"about":[{"href":"https:\/\/radioinfinitagoya.com.ar\/v1\/wp-json\/wp\/v2\/types\/post"}],"author":[{"embeddable":true,"href":"https:\/\/radioinfinitagoya.com.ar\/v1\/wp-json\/wp\/v2\/users\/4"}],"replies":[{"embeddable":true,"href":"https:\/\/radioinfinitagoya.com.ar\/v1\/wp-json\/wp\/v2\/comments?post=189768"}],"version-history":[{"count":0,"href":"https:\/\/radioinfinitagoya.com.ar\/v1\/wp-json\/wp\/v2\/posts\/189768\/revisions"}],"wp:featuredmedia":[{"embeddable":true,"href":"https:\/\/radioinfinitagoya.com.ar\/v1\/wp-json\/wp\/v2\/media\/189769"}],"wp:attachment":[{"href":"https:\/\/radioinfinitagoya.com.ar\/v1\/wp-json\/wp\/v2\/media?parent=189768"}],"wp:term":[{"taxonomy":"category","embeddable":true,"href":"https:\/\/radioinfinitagoya.com.ar\/v1\/wp-json\/wp\/v2\/categories?post=189768"},{"taxonomy":"post_tag","embeddable":true,"href":"https:\/\/radioinfinitagoya.com.ar\/v1\/wp-json\/wp\/v2\/tags?post=189768"}],"curies":[{"name":"wp","href":"https:\/\/api.w.org\/{rel}","templated":true}]}}