{"id":189784,"date":"2025-05-06T16:32:47","date_gmt":"2025-05-06T19:32:47","guid":{"rendered":"https:\/\/radioinfinitagoya.com.ar\/v1\/?p=189784"},"modified":"2025-05-06T16:32:47","modified_gmt":"2025-05-06T19:32:47","slug":"el-paro-de-colectivos-afecta-a-todas-las-lineas-en-corrientes","status":"publish","type":"post","link":"https:\/\/radioinfinitagoya.com.ar\/v1\/2025\/05\/06\/el-paro-de-colectivos-afecta-a-todas-las-lineas-en-corrientes\/","title":{"rendered":"El paro de colectivos afecta a todas las l\u00edneas en Corrientes"},"content":{"rendered":"<p>La huelga fue ratificada por la UTA a nivel nacional tras una fallida reuni\u00f3n en la Secretar\u00eda de Trabajo.<\/p>\n<p>La Uni\u00f3n Tranviarios Automotor (UTA), ratific\u00f3 para este martes la medida de un paro nacional en reclamo de mejoras salariales. La decisi\u00f3n se extender\u00e1 por 24 horas y afectar\u00e1 el servicio de transporte urbano en gran parte del pa\u00eds y en la ciudad de Corrientes.<\/p>\n<p>En capital todas las l\u00edneas de la UTA, confirmaron este lunes que se adher\u00edan a la medida. Sin embargo la empresa de Transporte Miramar hab\u00eda informado que sus servicios funcionar\u00edan con normalidad a partir de las 08:00, pero en los \u00faltimos minutos decidieron sumarse al paro.<\/p>\n<p>La huelga fue ratificada por la UTA a nivel nacional tras una fallida reuni\u00f3n en la Secretar\u00eda de Trabajo, donde no se logr\u00f3 un acuerdo entre las c\u00e1maras empresariales del transporte y el gremio. Desde el sindicato calificaron la situaci\u00f3n como cr\u00edtica y reiteraron su reclamo para elevar el salario b\u00e1sico de los choferes de $1,2 millones a $1,7 millones. Por su parte, el Gobierno nacional intent\u00f3 mediar sin \u00e9xito y tild\u00f3 a la protesta de \u201cextorsiva\u201d.<\/p>\n<p>En Corrientes, el titular local de la UTA, Jos\u00e9 Luis Sabao, confirm\u00f3 que el paro se mantiene firme durante este martes, por lo que gran parte del transporte urbano est\u00e1 paralizado.<\/p>\n<p>En una entrevista con radio Sudamericana, Sabao se\u00f1al\u00f3 que \u201clos compa\u00f1eros de la empresa Miramar no deber\u00edan salir porque es un reclamo de todos y es justo\u201d, resaltando que en Corrientes \u201cse inform\u00f3 a la Subsecretar\u00eda de Trabajo para que corra vista a las empresas, con el debido tiempo\u201d. \u201cNi el trabajador ni el usuario es culpables, sino el Gobierno y las empresas\u201d.<\/p>\n<p>Sabao confirm\u00f3 que en Corrientes Capital y en el interior provincial \u201ctodos los servicios est\u00e1n completamente paralizados\u201d. Reiter\u00f3 que no circulan unidades de transporte urbano ni de corta y media distancia, ya que ning\u00fan chofer est\u00e1 prestando servicio.<\/p>\n<p>De este modo, mientras el conflicto persista, miles de usuarios quedar\u00e1n sin transporte.<\/p>\n","protected":false},"excerpt":{"rendered":"<p>La huelga fue ratificada por la UTA a nivel nacional tras una fallida reuni\u00f3n en la Secretar\u00eda de Trabajo. La Uni\u00f3n Tranviarios Automotor (UTA), ratific\u00f3 para este martes la medida de un paro nacional en reclamo de mejoras salariales. La decisi\u00f3n se extender\u00e1 por 24 horas y afectar\u00e1 el servicio de transporte urbano en gran [&hellip;]<\/p>\n","protected":false},"author":4,"featured_media":189785,"comment_status":"closed","ping_status":"closed","sticky":false,"template":"","format":"standard","meta":{"_joinchat":[],"footnotes":""},"categories":[26],"tags":[],"class_list":{"0":"post-189784","1":"post","2":"type-post","3":"status-publish","4":"format-standard","5":"has-post-thumbnail","7":"category-provinciales"},"yoast_head":"<!-- This site is optimized with the Yoast SEO plugin v27.2 - https:\/\/yoast.com\/product\/yoast-seo-wordpress\/ -->\n<title>El paro de colectivos afecta a todas las l\u00edneas en Corrientes - Radio Infinita Goya<\/title>\n<meta name=\"description\" content=\"La huelga fue ratificada por la UTA a nivel nacional tras una fallida reuni\u00f3n en la Secretar\u00eda de Trabajo. La Uni\u00f3n Tranviarios Automotor (UTA), ratific\u00f3\" \/>\n<meta name=\"robots\" content=\"index, follow, max-snippet:-1, max-image-preview:large, max-video-preview:-1\" \/>\n<link rel=\"canonical\" href=\"https:\/\/radioinfinitagoya.com.ar\/v1\/2025\/05\/06\/el-paro-de-colectivos-afecta-a-todas-las-lineas-en-corrientes\/\" \/>\n<meta property=\"og:locale\" content=\"es_ES\" \/>\n<meta property=\"og:type\" content=\"article\" \/>\n<meta property=\"og:title\" content=\"El paro de colectivos afecta a todas las l\u00edneas en Corrientes - Radio Infinita Goya\" \/>\n<meta property=\"og:description\" content=\"La huelga fue ratificada por la UTA a nivel nacional tras una fallida reuni\u00f3n en la Secretar\u00eda de Trabajo. La Uni\u00f3n Tranviarios Automotor (UTA), ratific\u00f3\" \/>\n<meta property=\"og:url\" content=\"https:\/\/radioinfinitagoya.com.ar\/v1\/2025\/05\/06\/el-paro-de-colectivos-afecta-a-todas-las-lineas-en-corrientes\/\" \/>\n<meta property=\"og:site_name\" content=\"Radio Infinita Goya\" \/>\n<meta property=\"article:publisher\" content=\"https:\/\/www.facebook.com\/p\/Infinita-Goya-100063870918311\/\" \/>\n<meta property=\"article:published_time\" content=\"2025-05-06T19:32:47+00:00\" \/>\n<meta property=\"og:image\" content=\"https:\/\/radioinfinitagoya.com.ar\/v1\/wp-content\/uploads\/2025\/05\/yF5T7G9S.jpg\" \/>\n\t<meta property=\"og:image:width\" content=\"680\" \/>\n\t<meta property=\"og:image:height\" content=\"453\" \/>\n\t<meta property=\"og:image:type\" content=\"image\/jpeg\" \/>\n<meta name=\"author\" content=\"Jorge Mi\u00f1o\" \/>\n<meta name=\"twitter:card\" content=\"summary_large_image\" \/>\n<meta name=\"twitter:label1\" content=\"Escrito por\" \/>\n\t<meta name=\"twitter:data1\" content=\"Jorge Mi\u00f1o\" \/>\n\t<meta name=\"twitter:label2\" content=\"Tiempo de lectura\" \/>\n\t<meta name=\"twitter:data2\" content=\"2 minutos\" \/>\n<script type=\"application\/ld+json\" class=\"yoast-schema-graph\">{\"@context\":\"https:\/\/schema.org\",\"@graph\":[{\"@type\":\"Article\",\"@id\":\"https:\/\/radioinfinitagoya.com.ar\/v1\/2025\/05\/06\/el-paro-de-colectivos-afecta-a-todas-las-lineas-en-corrientes\/#article\",\"isPartOf\":{\"@id\":\"https:\/\/radioinfinitagoya.com.ar\/v1\/2025\/05\/06\/el-paro-de-colectivos-afecta-a-todas-las-lineas-en-corrientes\/\"},\"author\":{\"name\":\"Jorge Mi\u00f1o\",\"@id\":\"https:\/\/radioinfinitagoya.com.ar\/v1\/#\/schema\/person\/d4cf9c413d4f6edb24aabdccab49ca4a\"},\"headline\":\"El paro de colectivos afecta a todas las l\u00edneas en Corrientes\",\"datePublished\":\"2025-05-06T19:32:47+00:00\",\"mainEntityOfPage\":{\"@id\":\"https:\/\/radioinfinitagoya.com.ar\/v1\/2025\/05\/06\/el-paro-de-colectivos-afecta-a-todas-las-lineas-en-corrientes\/\"},\"wordCount\":362,\"publisher\":{\"@id\":\"https:\/\/radioinfinitagoya.com.ar\/v1\/#organization\"},\"image\":{\"@id\":\"https:\/\/radioinfinitagoya.com.ar\/v1\/2025\/05\/06\/el-paro-de-colectivos-afecta-a-todas-las-lineas-en-corrientes\/#primaryimage\"},\"thumbnailUrl\":\"https:\/\/radioinfinitagoya.com.ar\/v1\/wp-content\/uploads\/2025\/05\/yF5T7G9S.jpg\",\"articleSection\":[\"PROVINCIALES\"],\"inLanguage\":\"es-AR\"},{\"@type\":\"WebPage\",\"@id\":\"https:\/\/radioinfinitagoya.com.ar\/v1\/2025\/05\/06\/el-paro-de-colectivos-afecta-a-todas-las-lineas-en-corrientes\/\",\"url\":\"https:\/\/radioinfinitagoya.com.ar\/v1\/2025\/05\/06\/el-paro-de-colectivos-afecta-a-todas-las-lineas-en-corrientes\/\",\"name\":\"El paro de colectivos afecta a todas las l\u00edneas en Corrientes - Radio Infinita Goya\",\"isPartOf\":{\"@id\":\"https:\/\/radioinfinitagoya.com.ar\/v1\/#website\"},\"primaryImageOfPage\":{\"@id\":\"https:\/\/radioinfinitagoya.com.ar\/v1\/2025\/05\/06\/el-paro-de-colectivos-afecta-a-todas-las-lineas-en-corrientes\/#primaryimage\"},\"image\":{\"@id\":\"https:\/\/radioinfinitagoya.com.ar\/v1\/2025\/05\/06\/el-paro-de-colectivos-afecta-a-todas-las-lineas-en-corrientes\/#primaryimage\"},\"thumbnailUrl\":\"https:\/\/radioinfinitagoya.com.ar\/v1\/wp-content\/uploads\/2025\/05\/yF5T7G9S.jpg\",\"datePublished\":\"2025-05-06T19:32:47+00:00\",\"description\":\"La huelga fue ratificada por la UTA a nivel nacional tras una fallida reuni\u00f3n en la Secretar\u00eda de Trabajo. La Uni\u00f3n Tranviarios Automotor (UTA), ratific\u00f3\",\"breadcrumb\":{\"@id\":\"https:\/\/radioinfinitagoya.com.ar\/v1\/2025\/05\/06\/el-paro-de-colectivos-afecta-a-todas-las-lineas-en-corrientes\/#breadcrumb\"},\"inLanguage\":\"es-AR\",\"potentialAction\":[{\"@type\":\"ReadAction\",\"target\":[\"https:\/\/radioinfinitagoya.com.ar\/v1\/2025\/05\/06\/el-paro-de-colectivos-afecta-a-todas-las-lineas-en-corrientes\/\"]}]},{\"@type\":\"ImageObject\",\"inLanguage\":\"es-AR\",\"@id\":\"https:\/\/radioinfinitagoya.com.ar\/v1\/2025\/05\/06\/el-paro-de-colectivos-afecta-a-todas-las-lineas-en-corrientes\/#primaryimage\",\"url\":\"https:\/\/radioinfinitagoya.com.ar\/v1\/wp-content\/uploads\/2025\/05\/yF5T7G9S.jpg\",\"contentUrl\":\"https:\/\/radioinfinitagoya.com.ar\/v1\/wp-content\/uploads\/2025\/05\/yF5T7G9S.jpg\",\"width\":680,\"height\":453},{\"@type\":\"BreadcrumbList\",\"@id\":\"https:\/\/radioinfinitagoya.com.ar\/v1\/2025\/05\/06\/el-paro-de-colectivos-afecta-a-todas-las-lineas-en-corrientes\/#breadcrumb\",\"itemListElement\":[{\"@type\":\"ListItem\",\"position\":1,\"name\":\"Inicio\",\"item\":\"https:\/\/radioinfinitagoya.com.ar\/v1\/\"},{\"@type\":\"ListItem\",\"position\":2,\"name\":\"El paro de colectivos afecta a todas las l\u00edneas en Corrientes\"}]},{\"@type\":\"WebSite\",\"@id\":\"https:\/\/radioinfinitagoya.com.ar\/v1\/#website\",\"url\":\"https:\/\/radioinfinitagoya.com.ar\/v1\/\",\"name\":\"radioinfinitagoya.com.ar\",\"description\":\"Radio de noticias\",\"publisher\":{\"@id\":\"https:\/\/radioinfinitagoya.com.ar\/v1\/#organization\"},\"potentialAction\":[{\"@type\":\"SearchAction\",\"target\":{\"@type\":\"EntryPoint\",\"urlTemplate\":\"https:\/\/radioinfinitagoya.com.ar\/v1\/?s={search_term_string}\"},\"query-input\":{\"@type\":\"PropertyValueSpecification\",\"valueRequired\":true,\"valueName\":\"search_term_string\"}}],\"inLanguage\":\"es-AR\"},{\"@type\":\"Organization\",\"@id\":\"https:\/\/radioinfinitagoya.com.ar\/v1\/#organization\",\"name\":\"Radio Infinita Goya\",\"url\":\"https:\/\/radioinfinitagoya.com.ar\/v1\/\",\"logo\":{\"@type\":\"ImageObject\",\"inLanguage\":\"es-AR\",\"@id\":\"https:\/\/radioinfinitagoya.com.ar\/v1\/#\/schema\/logo\/image\/\",\"url\":\"https:\/\/radioinfinitagoya.com.ar\/v1\/wp-content\/uploads\/2019\/11\/logo-pie-web.png\",\"contentUrl\":\"https:\/\/radioinfinitagoya.com.ar\/v1\/wp-content\/uploads\/2019\/11\/logo-pie-web.png\",\"width\":635,\"height\":326,\"caption\":\"Radio Infinita Goya\"},\"image\":{\"@id\":\"https:\/\/radioinfinitagoya.com.ar\/v1\/#\/schema\/logo\/image\/\"},\"sameAs\":[\"https:\/\/www.facebook.com\/p\/Infinita-Goya-100063870918311\/\"]},{\"@type\":\"Person\",\"@id\":\"https:\/\/radioinfinitagoya.com.ar\/v1\/#\/schema\/person\/d4cf9c413d4f6edb24aabdccab49ca4a\",\"name\":\"Jorge Mi\u00f1o\",\"image\":{\"@type\":\"ImageObject\",\"inLanguage\":\"es-AR\",\"@id\":\"https:\/\/secure.gravatar.com\/avatar\/910fcf6728fe95320e07a6643c1581fec1c7fc4bf8ae12e3d8f0d0373dc844be?s=96&d=mm&r=g\",\"url\":\"https:\/\/secure.gravatar.com\/avatar\/910fcf6728fe95320e07a6643c1581fec1c7fc4bf8ae12e3d8f0d0373dc844be?s=96&d=mm&r=g\",\"contentUrl\":\"https:\/\/secure.gravatar.com\/avatar\/910fcf6728fe95320e07a6643c1581fec1c7fc4bf8ae12e3d8f0d0373dc844be?s=96&d=mm&r=g\",\"caption\":\"Jorge Mi\u00f1o\"},\"sameAs\":[\"http:\/\/radioinfinitagoya.com.ar\"]}]}<\/script>\n<!-- \/ Yoast SEO plugin. -->","yoast_head_json":{"title":"El paro de colectivos afecta a todas las l\u00edneas en Corrientes - Radio Infinita Goya","description":"La huelga fue ratificada por la UTA a nivel nacional tras una fallida reuni\u00f3n en la Secretar\u00eda de Trabajo. La Uni\u00f3n Tranviarios Automotor (UTA), ratific\u00f3","robots":{"index":"index","follow":"follow","max-snippet":"max-snippet:-1","max-image-preview":"max-image-preview:large","max-video-preview":"max-video-preview:-1"},"canonical":"https:\/\/radioinfinitagoya.com.ar\/v1\/2025\/05\/06\/el-paro-de-colectivos-afecta-a-todas-las-lineas-en-corrientes\/","og_locale":"es_ES","og_type":"article","og_title":"El paro de colectivos afecta a todas las l\u00edneas en Corrientes - Radio Infinita Goya","og_description":"La huelga fue ratificada por la UTA a nivel nacional tras una fallida reuni\u00f3n en la Secretar\u00eda de Trabajo. La Uni\u00f3n Tranviarios Automotor (UTA), ratific\u00f3","og_url":"https:\/\/radioinfinitagoya.com.ar\/v1\/2025\/05\/06\/el-paro-de-colectivos-afecta-a-todas-las-lineas-en-corrientes\/","og_site_name":"Radio Infinita Goya","article_publisher":"https:\/\/www.facebook.com\/p\/Infinita-Goya-100063870918311\/","article_published_time":"2025-05-06T19:32:47+00:00","og_image":[{"width":680,"height":453,"url":"https:\/\/radioinfinitagoya.com.ar\/v1\/wp-content\/uploads\/2025\/05\/yF5T7G9S.jpg","type":"image\/jpeg"}],"author":"Jorge Mi\u00f1o","twitter_card":"summary_large_image","twitter_misc":{"Escrito por":"Jorge Mi\u00f1o","Tiempo de lectura":"2 minutos"},"schema":{"@context":"https:\/\/schema.org","@graph":[{"@type":"Article","@id":"https:\/\/radioinfinitagoya.com.ar\/v1\/2025\/05\/06\/el-paro-de-colectivos-afecta-a-todas-las-lineas-en-corrientes\/#article","isPartOf":{"@id":"https:\/\/radioinfinitagoya.com.ar\/v1\/2025\/05\/06\/el-paro-de-colectivos-afecta-a-todas-las-lineas-en-corrientes\/"},"author":{"name":"Jorge Mi\u00f1o","@id":"https:\/\/radioinfinitagoya.com.ar\/v1\/#\/schema\/person\/d4cf9c413d4f6edb24aabdccab49ca4a"},"headline":"El paro de colectivos afecta a todas las l\u00edneas en Corrientes","datePublished":"2025-05-06T19:32:47+00:00","mainEntityOfPage":{"@id":"https:\/\/radioinfinitagoya.com.ar\/v1\/2025\/05\/06\/el-paro-de-colectivos-afecta-a-todas-las-lineas-en-corrientes\/"},"wordCount":362,"publisher":{"@id":"https:\/\/radioinfinitagoya.com.ar\/v1\/#organization"},"image":{"@id":"https:\/\/radioinfinitagoya.com.ar\/v1\/2025\/05\/06\/el-paro-de-colectivos-afecta-a-todas-las-lineas-en-corrientes\/#primaryimage"},"thumbnailUrl":"https:\/\/radioinfinitagoya.com.ar\/v1\/wp-content\/uploads\/2025\/05\/yF5T7G9S.jpg","articleSection":["PROVINCIALES"],"inLanguage":"es-AR"},{"@type":"WebPage","@id":"https:\/\/radioinfinitagoya.com.ar\/v1\/2025\/05\/06\/el-paro-de-colectivos-afecta-a-todas-las-lineas-en-corrientes\/","url":"https:\/\/radioinfinitagoya.com.ar\/v1\/2025\/05\/06\/el-paro-de-colectivos-afecta-a-todas-las-lineas-en-corrientes\/","name":"El paro de colectivos afecta a todas las l\u00edneas en Corrientes - Radio Infinita Goya","isPartOf":{"@id":"https:\/\/radioinfinitagoya.com.ar\/v1\/#website"},"primaryImageOfPage":{"@id":"https:\/\/radioinfinitagoya.com.ar\/v1\/2025\/05\/06\/el-paro-de-colectivos-afecta-a-todas-las-lineas-en-corrientes\/#primaryimage"},"image":{"@id":"https:\/\/radioinfinitagoya.com.ar\/v1\/2025\/05\/06\/el-paro-de-colectivos-afecta-a-todas-las-lineas-en-corrientes\/#primaryimage"},"thumbnailUrl":"https:\/\/radioinfinitagoya.com.ar\/v1\/wp-content\/uploads\/2025\/05\/yF5T7G9S.jpg","datePublished":"2025-05-06T19:32:47+00:00","description":"La huelga fue ratificada por la UTA a nivel nacional tras una fallida reuni\u00f3n en la Secretar\u00eda de Trabajo. La Uni\u00f3n Tranviarios Automotor (UTA), ratific\u00f3","breadcrumb":{"@id":"https:\/\/radioinfinitagoya.com.ar\/v1\/2025\/05\/06\/el-paro-de-colectivos-afecta-a-todas-las-lineas-en-corrientes\/#breadcrumb"},"inLanguage":"es-AR","potentialAction":[{"@type":"ReadAction","target":["https:\/\/radioinfinitagoya.com.ar\/v1\/2025\/05\/06\/el-paro-de-colectivos-afecta-a-todas-las-lineas-en-corrientes\/"]}]},{"@type":"ImageObject","inLanguage":"es-AR","@id":"https:\/\/radioinfinitagoya.com.ar\/v1\/2025\/05\/06\/el-paro-de-colectivos-afecta-a-todas-las-lineas-en-corrientes\/#primaryimage","url":"https:\/\/radioinfinitagoya.com.ar\/v1\/wp-content\/uploads\/2025\/05\/yF5T7G9S.jpg","contentUrl":"https:\/\/radioinfinitagoya.com.ar\/v1\/wp-content\/uploads\/2025\/05\/yF5T7G9S.jpg","width":680,"height":453},{"@type":"BreadcrumbList","@id":"https:\/\/radioinfinitagoya.com.ar\/v1\/2025\/05\/06\/el-paro-de-colectivos-afecta-a-todas-las-lineas-en-corrientes\/#breadcrumb","itemListElement":[{"@type":"ListItem","position":1,"name":"Inicio","item":"https:\/\/radioinfinitagoya.com.ar\/v1\/"},{"@type":"ListItem","position":2,"name":"El paro de colectivos afecta a todas las l\u00edneas en Corrientes"}]},{"@type":"WebSite","@id":"https:\/\/radioinfinitagoya.com.ar\/v1\/#website","url":"https:\/\/radioinfinitagoya.com.ar\/v1\/","name":"radioinfinitagoya.com.ar","description":"Radio de noticias","publisher":{"@id":"https:\/\/radioinfinitagoya.com.ar\/v1\/#organization"},"potentialAction":[{"@type":"SearchAction","target":{"@type":"EntryPoint","urlTemplate":"https:\/\/radioinfinitagoya.com.ar\/v1\/?s={search_term_string}"},"query-input":{"@type":"PropertyValueSpecification","valueRequired":true,"valueName":"search_term_string"}}],"inLanguage":"es-AR"},{"@type":"Organization","@id":"https:\/\/radioinfinitagoya.com.ar\/v1\/#organization","name":"Radio Infinita Goya","url":"https:\/\/radioinfinitagoya.com.ar\/v1\/","logo":{"@type":"ImageObject","inLanguage":"es-AR","@id":"https:\/\/radioinfinitagoya.com.ar\/v1\/#\/schema\/logo\/image\/","url":"https:\/\/radioinfinitagoya.com.ar\/v1\/wp-content\/uploads\/2019\/11\/logo-pie-web.png","contentUrl":"https:\/\/radioinfinitagoya.com.ar\/v1\/wp-content\/uploads\/2019\/11\/logo-pie-web.png","width":635,"height":326,"caption":"Radio Infinita Goya"},"image":{"@id":"https:\/\/radioinfinitagoya.com.ar\/v1\/#\/schema\/logo\/image\/"},"sameAs":["https:\/\/www.facebook.com\/p\/Infinita-Goya-100063870918311\/"]},{"@type":"Person","@id":"https:\/\/radioinfinitagoya.com.ar\/v1\/#\/schema\/person\/d4cf9c413d4f6edb24aabdccab49ca4a","name":"Jorge Mi\u00f1o","image":{"@type":"ImageObject","inLanguage":"es-AR","@id":"https:\/\/secure.gravatar.com\/avatar\/910fcf6728fe95320e07a6643c1581fec1c7fc4bf8ae12e3d8f0d0373dc844be?s=96&d=mm&r=g","url":"https:\/\/secure.gravatar.com\/avatar\/910fcf6728fe95320e07a6643c1581fec1c7fc4bf8ae12e3d8f0d0373dc844be?s=96&d=mm&r=g","contentUrl":"https:\/\/secure.gravatar.com\/avatar\/910fcf6728fe95320e07a6643c1581fec1c7fc4bf8ae12e3d8f0d0373dc844be?s=96&d=mm&r=g","caption":"Jorge Mi\u00f1o"},"sameAs":["http:\/\/radioinfinitagoya.com.ar"]}]}},"_links":{"self":[{"href":"https:\/\/radioinfinitagoya.com.ar\/v1\/wp-json\/wp\/v2\/posts\/189784","targetHints":{"allow":["GET"]}}],"collection":[{"href":"https:\/\/radioinfinitagoya.com.ar\/v1\/wp-json\/wp\/v2\/posts"}],"about":[{"href":"https:\/\/radioinfinitagoya.com.ar\/v1\/wp-json\/wp\/v2\/types\/post"}],"author":[{"embeddable":true,"href":"https:\/\/radioinfinitagoya.com.ar\/v1\/wp-json\/wp\/v2\/users\/4"}],"replies":[{"embeddable":true,"href":"https:\/\/radioinfinitagoya.com.ar\/v1\/wp-json\/wp\/v2\/comments?post=189784"}],"version-history":[{"count":0,"href":"https:\/\/radioinfinitagoya.com.ar\/v1\/wp-json\/wp\/v2\/posts\/189784\/revisions"}],"wp:featuredmedia":[{"embeddable":true,"href":"https:\/\/radioinfinitagoya.com.ar\/v1\/wp-json\/wp\/v2\/media\/189785"}],"wp:attachment":[{"href":"https:\/\/radioinfinitagoya.com.ar\/v1\/wp-json\/wp\/v2\/media?parent=189784"}],"wp:term":[{"taxonomy":"category","embeddable":true,"href":"https:\/\/radioinfinitagoya.com.ar\/v1\/wp-json\/wp\/v2\/categories?post=189784"},{"taxonomy":"post_tag","embeddable":true,"href":"https:\/\/radioinfinitagoya.com.ar\/v1\/wp-json\/wp\/v2\/tags?post=189784"}],"curies":[{"name":"wp","href":"https:\/\/api.w.org\/{rel}","templated":true}]}}