{"id":189808,"date":"2025-05-06T17:00:42","date_gmt":"2025-05-06T20:00:42","guid":{"rendered":"https:\/\/radioinfinitagoya.com.ar\/v1\/?p=189808"},"modified":"2025-05-06T17:00:42","modified_gmt":"2025-05-06T20:00:42","slug":"secretario-de-turismo-analizo-el-impacto-que-tuvo-el-mundial-de-pesca","status":"publish","type":"post","link":"https:\/\/radioinfinitagoya.com.ar\/v1\/2025\/05\/06\/secretario-de-turismo-analizo-el-impacto-que-tuvo-el-mundial-de-pesca\/","title":{"rendered":"Secretario de Turismo, analiz\u00f3 el impacto que tuvo el Mundial de Pesca"},"content":{"rendered":"<p>&#8220;En el desarrollo econ\u00f3mico regional&#8221;<\/p>\n<p>Este martes, el Secretario de Turismo de la Municipalidad de Goya Sebasti\u00e1n Candia analiz\u00f3 el movimiento social y econ\u00f3mico que promovi\u00f3 este fin de semana en nuestra ciudad el Mundial de Pesca del Surub\u00ed. Destac\u00f3 el impacto cultural y tur\u00edstico que trajo a la regi\u00f3n el m\u00e1ximo evento pesquero de Argentina.<\/p>\n<p>IMPORTANCIA DEL REINADO Y VISITA DE REINAS NACIONALES<\/p>\n<p>\u201cEl rol de la reina nacional y sus princesas es fundamental en cuanto a la difusi\u00f3n y promoci\u00f3n del mensaje que queremos dar, al margen del evento principal que tenemos los goyanos que es la Fiesta Nacional del Surub\u00ed\u201d.<\/p>\n<p>Es una representante que tenemos, viaja mucho, visita fiestas muy importantes y Goya est\u00e1 presente en esos lugares gracias a su trabajo\u201d, indic\u00f3.<\/p>\n<p>\u201cEs muy importante darle el rol, lugar y capacitaci\u00f3n que se merecen, el acompa\u00f1amiento permanente. Tenemos un equipo preparado para atenderlo de manera cordial\u201d.<\/p>\n<p>Las reinas que viajan van munidas de presentes para ser entregados en destino, junto con una declaraci\u00f3n y saludo protocolar de parte del gobierno local para los intendentes de cada localidad que visitan. Estas ocasiones adem\u00e1s son aprovechadas para que cada soberana sea invitada a venir a Goya a difundir su evento.<\/p>\n<p>En este punto, Candia confes\u00f3 que m\u00e1s de 45 personas entre reinas nacionales, acompa\u00f1antes y sus delegados visitaron nuestra ciudad durante el Mundial de Pesca.<\/p>\n<p>\u201cEstas personas fueron atendidas desde el d\u00eda viernes al domingo, eso es tarea de nuestro delegado y cada delegado visitante no dejaba de elogiar la atenci\u00f3n que recibi\u00f3, as\u00ed que muy agradecidos a la Secretar\u00eda de Turismo que trabaj\u00f3 para agasajar a esta gente; son hu\u00e9spedes de honor para nosotros\u201d, enfatiz\u00f3.<\/p>\n<p>AGRADECIMIENTOS<\/p>\n<p>Aprovech\u00f3 para agradecer la labor de todas las \u00e1reas municipales que trabajaron en forma silenciosa y aportaron para que todo salga bien, especialmente a los agentes de las dependencias de servicio y limpieza del municipio.<\/p>\n<p>\u201cSon \u00e1reas que no han tenido descanso, son los que verdaderamente le ponen la mano de obra a la Fiesta Nacional del Surub\u00ed, as\u00ed que vaya mi reconocimiento para esos empleados municipales, jefe de \u00e1reas, coordinadores, que tienen el trabajo m\u00e1s ingrato y a la hora de las fotos nos olvidamos de ellos, gente que se pone la ciudad al hombro, gente que est\u00e1 muy comprometida con la gesti\u00f3n, que entiende lo que la ciudad demanda y representa su trabajo\u201d.<\/p>\n<p>\u201cLa Fiesta Nacional del Surub\u00ed es un evento que dinamiza la microrregi\u00f3n Paran\u00e1 Sur por lo que genera. De hecho, se est\u00e1 analizando una recuperaci\u00f3n de toda la informaci\u00f3n recolectada. Se realizaron m\u00e1s de 500 encuestas a pescadores y estamos trabajando en eso as\u00ed que vamos a tener varios d\u00edas de an\u00e1lisis hasta llegar a una conclusi\u00f3n\u201d, inform\u00f3.<\/p>\n<p>MOVIMIENTO TUR\u00cdSTICO<\/p>\n<p>Nuestra ciudad vivi\u00f3 un fin de semana con gran movimiento tur\u00edstico, consolid\u00e1ndose como una de las opciones preferidas para quienes eligieron visitar algunos de los eventos de la Fiesta del Surub\u00ed, generando un impacto econ\u00f3mico superior.<\/p>\n<p>\u201cAlt\u00edsimo fue el promedio de ocupaci\u00f3n hotelera durante este fin de semana en la microrregi\u00f3n: del 100 % estamos hablando\u201d, apunt\u00f3.<\/p>\n<p>\u201cLa hoteler\u00eda estaba llena desde hace mucho tiempo, pero entraron todos los que quisieron venir a Goya. El porcentaje de ocupaci\u00f3n fue 100 % en establecimientos de alojamientos\u201d.<\/p>\n<p>\u201cEl dinamismo que gener\u00f3 este a\u00f1o la fiesta fue impresionante, se vio mucha mano de obra joven sobre todo que consiguieron trabajo en la expo y hoteles, hubo consumo, muchos goyanos pudieron hacer una buena diferencia econ\u00f3mica y en los pr\u00f3ximos d\u00edas vamos a ver la rotaci\u00f3n de ese dinero en la calle\u201d, consider\u00f3.<\/p>\n<p>COSTANERA SUR<\/p>\n<p>Otro de los puntos que ponder\u00f3 el funcionario fue el trabajo y la inversi\u00f3n en materia edilicia que la gesti\u00f3n Hormaechea realiz\u00f3 en Costanera Norte o playita El Ing\u00e1.<\/p>\n<p>Gracias a esta infraestructura generada, la playa (El Ing\u00e1) fue el epicentro de la Fiesta; sobre todo para la gente que no va al predio. El predio va a crecer hacia la zona norte, este a\u00f1o ya hubo un avance para sacar la zona de boliches del predio con un gran \u00e9xito, hay que seguir trabajando en esa l\u00ednea. Ha quedado chico, la fiesta ha crecido exponencialmente estos a\u00f1os y nosotros tenemos la obligaci\u00f3n de proyectar hacia d\u00f3nde, c\u00f3mo, cu\u00e1ndo y cu\u00e1nto\u201d.<\/p>\n<p>RESERVA YSOR\u00d3<\/p>\n<p>En la \u00faltima parte de la nota, Candia analiz\u00f3 lo que puede llegar a significar para Goya la explotaci\u00f3n de la Reserva Ysor\u00f3.<\/p>\n<p>Esta es una alternativa de potencial tur\u00edstico y de pesca. Una fuerte atracci\u00f3n para los amantes de la naturaleza. Es un destino conocido a nivel internacional, esperando ser explotado por los operadores tur\u00edsticos y lo m\u00e1s importante es que est\u00e1 ubicado cercano a nuestra ciudad.<\/p>\n<p>El Secretario Candia resalt\u00f3 estas alternativas diciendo que solo \u201cfalta el desarrollo y atenci\u00f3n de la parte privada\u201d.<\/p>\n<p>\u201cAh\u00ed vamos a empezar a ver los frutos, la generaci\u00f3n genuina de empleo, el dinamismo de la econom\u00eda local, la demanda por parte del consumidor hacia la compra de ese producto, entonces nosotros desde el estado estamos haciendo la parte m\u00e1s engorrosa como es la legislaci\u00f3n, las bases y la parte m\u00e1s arriesgada que es la inversi\u00f3n tur\u00edstica; nosotros tenemos que acompa\u00f1ar a ese inversor, sostenerlo con muchas herramientas que tiene el estado para darle garant\u00edas que su inversi\u00f3n va a ser viable, potable y rentable\u201d, finaliz\u00f3.<\/p>\n<p>&nbsp;<\/p>\n<p>&nbsp;<\/p>\n","protected":false},"excerpt":{"rendered":"<p>&#8220;En el desarrollo econ\u00f3mico regional&#8221; Este martes, el Secretario de Turismo de la Municipalidad de Goya Sebasti\u00e1n Candia analiz\u00f3 el movimiento social y econ\u00f3mico que promovi\u00f3 este fin de semana en nuestra ciudad el Mundial de Pesca del Surub\u00ed. Destac\u00f3 el impacto cultural y tur\u00edstico que trajo a la regi\u00f3n el m\u00e1ximo evento pesquero de [&hellip;]<\/p>\n","protected":false},"author":4,"featured_media":189809,"comment_status":"closed","ping_status":"closed","sticky":false,"template":"","format":"standard","meta":{"_joinchat":[],"footnotes":""},"categories":[27],"tags":[],"class_list":{"0":"post-189808","1":"post","2":"type-post","3":"status-publish","4":"format-standard","5":"has-post-thumbnail","7":"category-locales"},"yoast_head":"<!-- This site is optimized with the Yoast SEO plugin v27.2 - https:\/\/yoast.com\/product\/yoast-seo-wordpress\/ -->\n<title>Secretario de Turismo, analiz\u00f3 el impacto que tuvo el Mundial de Pesca - Radio Infinita Goya<\/title>\n<meta name=\"description\" content=\"&quot;En el desarrollo econ\u00f3mico regional&quot; Este martes, el Secretario de Turismo de la Municipalidad de Goya Sebasti\u00e1n Candia analiz\u00f3 el movimiento social y\" \/>\n<meta name=\"robots\" content=\"index, follow, max-snippet:-1, max-image-preview:large, max-video-preview:-1\" \/>\n<link rel=\"canonical\" href=\"https:\/\/radioinfinitagoya.com.ar\/v1\/2025\/05\/06\/secretario-de-turismo-analizo-el-impacto-que-tuvo-el-mundial-de-pesca\/\" \/>\n<meta property=\"og:locale\" content=\"es_ES\" \/>\n<meta property=\"og:type\" content=\"article\" \/>\n<meta property=\"og:title\" content=\"Secretario de Turismo, analiz\u00f3 el impacto que tuvo el Mundial de Pesca - Radio Infinita Goya\" \/>\n<meta property=\"og:description\" content=\"&quot;En el desarrollo econ\u00f3mico regional&quot; Este martes, el Secretario de Turismo de la Municipalidad de Goya Sebasti\u00e1n Candia analiz\u00f3 el movimiento social y\" \/>\n<meta property=\"og:url\" content=\"https:\/\/radioinfinitagoya.com.ar\/v1\/2025\/05\/06\/secretario-de-turismo-analizo-el-impacto-que-tuvo-el-mundial-de-pesca\/\" \/>\n<meta property=\"og:site_name\" content=\"Radio Infinita Goya\" \/>\n<meta property=\"article:publisher\" content=\"https:\/\/www.facebook.com\/p\/Infinita-Goya-100063870918311\/\" \/>\n<meta property=\"article:published_time\" content=\"2025-05-06T20:00:42+00:00\" \/>\n<meta property=\"og:image\" content=\"https:\/\/radioinfinitagoya.com.ar\/v1\/wp-content\/uploads\/2025\/05\/nota_candia.jpg\" \/>\n\t<meta property=\"og:image:width\" content=\"848\" \/>\n\t<meta property=\"og:image:height\" content=\"477\" \/>\n\t<meta property=\"og:image:type\" content=\"image\/jpeg\" \/>\n<meta name=\"author\" content=\"Jorge Mi\u00f1o\" \/>\n<meta name=\"twitter:card\" content=\"summary_large_image\" \/>\n<meta name=\"twitter:label1\" content=\"Escrito por\" \/>\n\t<meta name=\"twitter:data1\" content=\"Jorge Mi\u00f1o\" \/>\n\t<meta name=\"twitter:label2\" content=\"Tiempo de lectura\" \/>\n\t<meta name=\"twitter:data2\" content=\"5 minutos\" \/>\n<script type=\"application\/ld+json\" class=\"yoast-schema-graph\">{\"@context\":\"https:\/\/schema.org\",\"@graph\":[{\"@type\":\"Article\",\"@id\":\"https:\/\/radioinfinitagoya.com.ar\/v1\/2025\/05\/06\/secretario-de-turismo-analizo-el-impacto-que-tuvo-el-mundial-de-pesca\/#article\",\"isPartOf\":{\"@id\":\"https:\/\/radioinfinitagoya.com.ar\/v1\/2025\/05\/06\/secretario-de-turismo-analizo-el-impacto-que-tuvo-el-mundial-de-pesca\/\"},\"author\":{\"name\":\"Jorge Mi\u00f1o\",\"@id\":\"https:\/\/radioinfinitagoya.com.ar\/v1\/#\/schema\/person\/d4cf9c413d4f6edb24aabdccab49ca4a\"},\"headline\":\"Secretario de Turismo, analiz\u00f3 el impacto que tuvo el Mundial de Pesca\",\"datePublished\":\"2025-05-06T20:00:42+00:00\",\"mainEntityOfPage\":{\"@id\":\"https:\/\/radioinfinitagoya.com.ar\/v1\/2025\/05\/06\/secretario-de-turismo-analizo-el-impacto-que-tuvo-el-mundial-de-pesca\/\"},\"wordCount\":956,\"publisher\":{\"@id\":\"https:\/\/radioinfinitagoya.com.ar\/v1\/#organization\"},\"image\":{\"@id\":\"https:\/\/radioinfinitagoya.com.ar\/v1\/2025\/05\/06\/secretario-de-turismo-analizo-el-impacto-que-tuvo-el-mundial-de-pesca\/#primaryimage\"},\"thumbnailUrl\":\"https:\/\/radioinfinitagoya.com.ar\/v1\/wp-content\/uploads\/2025\/05\/nota_candia.jpg\",\"articleSection\":[\"LOCALES\"],\"inLanguage\":\"es-AR\"},{\"@type\":\"WebPage\",\"@id\":\"https:\/\/radioinfinitagoya.com.ar\/v1\/2025\/05\/06\/secretario-de-turismo-analizo-el-impacto-que-tuvo-el-mundial-de-pesca\/\",\"url\":\"https:\/\/radioinfinitagoya.com.ar\/v1\/2025\/05\/06\/secretario-de-turismo-analizo-el-impacto-que-tuvo-el-mundial-de-pesca\/\",\"name\":\"Secretario de Turismo, analiz\u00f3 el impacto que tuvo el Mundial de Pesca - Radio Infinita Goya\",\"isPartOf\":{\"@id\":\"https:\/\/radioinfinitagoya.com.ar\/v1\/#website\"},\"primaryImageOfPage\":{\"@id\":\"https:\/\/radioinfinitagoya.com.ar\/v1\/2025\/05\/06\/secretario-de-turismo-analizo-el-impacto-que-tuvo-el-mundial-de-pesca\/#primaryimage\"},\"image\":{\"@id\":\"https:\/\/radioinfinitagoya.com.ar\/v1\/2025\/05\/06\/secretario-de-turismo-analizo-el-impacto-que-tuvo-el-mundial-de-pesca\/#primaryimage\"},\"thumbnailUrl\":\"https:\/\/radioinfinitagoya.com.ar\/v1\/wp-content\/uploads\/2025\/05\/nota_candia.jpg\",\"datePublished\":\"2025-05-06T20:00:42+00:00\",\"description\":\"\\\"En el desarrollo econ\u00f3mico regional\\\" Este martes, el Secretario de Turismo de la Municipalidad de Goya Sebasti\u00e1n Candia analiz\u00f3 el movimiento social y\",\"breadcrumb\":{\"@id\":\"https:\/\/radioinfinitagoya.com.ar\/v1\/2025\/05\/06\/secretario-de-turismo-analizo-el-impacto-que-tuvo-el-mundial-de-pesca\/#breadcrumb\"},\"inLanguage\":\"es-AR\",\"potentialAction\":[{\"@type\":\"ReadAction\",\"target\":[\"https:\/\/radioinfinitagoya.com.ar\/v1\/2025\/05\/06\/secretario-de-turismo-analizo-el-impacto-que-tuvo-el-mundial-de-pesca\/\"]}]},{\"@type\":\"ImageObject\",\"inLanguage\":\"es-AR\",\"@id\":\"https:\/\/radioinfinitagoya.com.ar\/v1\/2025\/05\/06\/secretario-de-turismo-analizo-el-impacto-que-tuvo-el-mundial-de-pesca\/#primaryimage\",\"url\":\"https:\/\/radioinfinitagoya.com.ar\/v1\/wp-content\/uploads\/2025\/05\/nota_candia.jpg\",\"contentUrl\":\"https:\/\/radioinfinitagoya.com.ar\/v1\/wp-content\/uploads\/2025\/05\/nota_candia.jpg\",\"width\":848,\"height\":477},{\"@type\":\"BreadcrumbList\",\"@id\":\"https:\/\/radioinfinitagoya.com.ar\/v1\/2025\/05\/06\/secretario-de-turismo-analizo-el-impacto-que-tuvo-el-mundial-de-pesca\/#breadcrumb\",\"itemListElement\":[{\"@type\":\"ListItem\",\"position\":1,\"name\":\"Inicio\",\"item\":\"https:\/\/radioinfinitagoya.com.ar\/v1\/\"},{\"@type\":\"ListItem\",\"position\":2,\"name\":\"Secretario de Turismo, analiz\u00f3 el impacto que tuvo el Mundial de Pesca\"}]},{\"@type\":\"WebSite\",\"@id\":\"https:\/\/radioinfinitagoya.com.ar\/v1\/#website\",\"url\":\"https:\/\/radioinfinitagoya.com.ar\/v1\/\",\"name\":\"radioinfinitagoya.com.ar\",\"description\":\"Radio de noticias\",\"publisher\":{\"@id\":\"https:\/\/radioinfinitagoya.com.ar\/v1\/#organization\"},\"potentialAction\":[{\"@type\":\"SearchAction\",\"target\":{\"@type\":\"EntryPoint\",\"urlTemplate\":\"https:\/\/radioinfinitagoya.com.ar\/v1\/?s={search_term_string}\"},\"query-input\":{\"@type\":\"PropertyValueSpecification\",\"valueRequired\":true,\"valueName\":\"search_term_string\"}}],\"inLanguage\":\"es-AR\"},{\"@type\":\"Organization\",\"@id\":\"https:\/\/radioinfinitagoya.com.ar\/v1\/#organization\",\"name\":\"Radio Infinita Goya\",\"url\":\"https:\/\/radioinfinitagoya.com.ar\/v1\/\",\"logo\":{\"@type\":\"ImageObject\",\"inLanguage\":\"es-AR\",\"@id\":\"https:\/\/radioinfinitagoya.com.ar\/v1\/#\/schema\/logo\/image\/\",\"url\":\"https:\/\/radioinfinitagoya.com.ar\/v1\/wp-content\/uploads\/2019\/11\/logo-pie-web.png\",\"contentUrl\":\"https:\/\/radioinfinitagoya.com.ar\/v1\/wp-content\/uploads\/2019\/11\/logo-pie-web.png\",\"width\":635,\"height\":326,\"caption\":\"Radio Infinita Goya\"},\"image\":{\"@id\":\"https:\/\/radioinfinitagoya.com.ar\/v1\/#\/schema\/logo\/image\/\"},\"sameAs\":[\"https:\/\/www.facebook.com\/p\/Infinita-Goya-100063870918311\/\"]},{\"@type\":\"Person\",\"@id\":\"https:\/\/radioinfinitagoya.com.ar\/v1\/#\/schema\/person\/d4cf9c413d4f6edb24aabdccab49ca4a\",\"name\":\"Jorge Mi\u00f1o\",\"image\":{\"@type\":\"ImageObject\",\"inLanguage\":\"es-AR\",\"@id\":\"https:\/\/secure.gravatar.com\/avatar\/910fcf6728fe95320e07a6643c1581fec1c7fc4bf8ae12e3d8f0d0373dc844be?s=96&d=mm&r=g\",\"url\":\"https:\/\/secure.gravatar.com\/avatar\/910fcf6728fe95320e07a6643c1581fec1c7fc4bf8ae12e3d8f0d0373dc844be?s=96&d=mm&r=g\",\"contentUrl\":\"https:\/\/secure.gravatar.com\/avatar\/910fcf6728fe95320e07a6643c1581fec1c7fc4bf8ae12e3d8f0d0373dc844be?s=96&d=mm&r=g\",\"caption\":\"Jorge Mi\u00f1o\"},\"sameAs\":[\"http:\/\/radioinfinitagoya.com.ar\"]}]}<\/script>\n<!-- \/ Yoast SEO plugin. -->","yoast_head_json":{"title":"Secretario de Turismo, analiz\u00f3 el impacto que tuvo el Mundial de Pesca - Radio Infinita Goya","description":"\"En el desarrollo econ\u00f3mico regional\" Este martes, el Secretario de Turismo de la Municipalidad de Goya Sebasti\u00e1n Candia analiz\u00f3 el movimiento social y","robots":{"index":"index","follow":"follow","max-snippet":"max-snippet:-1","max-image-preview":"max-image-preview:large","max-video-preview":"max-video-preview:-1"},"canonical":"https:\/\/radioinfinitagoya.com.ar\/v1\/2025\/05\/06\/secretario-de-turismo-analizo-el-impacto-que-tuvo-el-mundial-de-pesca\/","og_locale":"es_ES","og_type":"article","og_title":"Secretario de Turismo, analiz\u00f3 el impacto que tuvo el Mundial de Pesca - Radio Infinita Goya","og_description":"\"En el desarrollo econ\u00f3mico regional\" Este martes, el Secretario de Turismo de la Municipalidad de Goya Sebasti\u00e1n Candia analiz\u00f3 el movimiento social y","og_url":"https:\/\/radioinfinitagoya.com.ar\/v1\/2025\/05\/06\/secretario-de-turismo-analizo-el-impacto-que-tuvo-el-mundial-de-pesca\/","og_site_name":"Radio Infinita Goya","article_publisher":"https:\/\/www.facebook.com\/p\/Infinita-Goya-100063870918311\/","article_published_time":"2025-05-06T20:00:42+00:00","og_image":[{"width":848,"height":477,"url":"https:\/\/radioinfinitagoya.com.ar\/v1\/wp-content\/uploads\/2025\/05\/nota_candia.jpg","type":"image\/jpeg"}],"author":"Jorge Mi\u00f1o","twitter_card":"summary_large_image","twitter_misc":{"Escrito por":"Jorge Mi\u00f1o","Tiempo de lectura":"5 minutos"},"schema":{"@context":"https:\/\/schema.org","@graph":[{"@type":"Article","@id":"https:\/\/radioinfinitagoya.com.ar\/v1\/2025\/05\/06\/secretario-de-turismo-analizo-el-impacto-que-tuvo-el-mundial-de-pesca\/#article","isPartOf":{"@id":"https:\/\/radioinfinitagoya.com.ar\/v1\/2025\/05\/06\/secretario-de-turismo-analizo-el-impacto-que-tuvo-el-mundial-de-pesca\/"},"author":{"name":"Jorge Mi\u00f1o","@id":"https:\/\/radioinfinitagoya.com.ar\/v1\/#\/schema\/person\/d4cf9c413d4f6edb24aabdccab49ca4a"},"headline":"Secretario de Turismo, analiz\u00f3 el impacto que tuvo el Mundial de Pesca","datePublished":"2025-05-06T20:00:42+00:00","mainEntityOfPage":{"@id":"https:\/\/radioinfinitagoya.com.ar\/v1\/2025\/05\/06\/secretario-de-turismo-analizo-el-impacto-que-tuvo-el-mundial-de-pesca\/"},"wordCount":956,"publisher":{"@id":"https:\/\/radioinfinitagoya.com.ar\/v1\/#organization"},"image":{"@id":"https:\/\/radioinfinitagoya.com.ar\/v1\/2025\/05\/06\/secretario-de-turismo-analizo-el-impacto-que-tuvo-el-mundial-de-pesca\/#primaryimage"},"thumbnailUrl":"https:\/\/radioinfinitagoya.com.ar\/v1\/wp-content\/uploads\/2025\/05\/nota_candia.jpg","articleSection":["LOCALES"],"inLanguage":"es-AR"},{"@type":"WebPage","@id":"https:\/\/radioinfinitagoya.com.ar\/v1\/2025\/05\/06\/secretario-de-turismo-analizo-el-impacto-que-tuvo-el-mundial-de-pesca\/","url":"https:\/\/radioinfinitagoya.com.ar\/v1\/2025\/05\/06\/secretario-de-turismo-analizo-el-impacto-que-tuvo-el-mundial-de-pesca\/","name":"Secretario de Turismo, analiz\u00f3 el impacto que tuvo el Mundial de Pesca - Radio Infinita Goya","isPartOf":{"@id":"https:\/\/radioinfinitagoya.com.ar\/v1\/#website"},"primaryImageOfPage":{"@id":"https:\/\/radioinfinitagoya.com.ar\/v1\/2025\/05\/06\/secretario-de-turismo-analizo-el-impacto-que-tuvo-el-mundial-de-pesca\/#primaryimage"},"image":{"@id":"https:\/\/radioinfinitagoya.com.ar\/v1\/2025\/05\/06\/secretario-de-turismo-analizo-el-impacto-que-tuvo-el-mundial-de-pesca\/#primaryimage"},"thumbnailUrl":"https:\/\/radioinfinitagoya.com.ar\/v1\/wp-content\/uploads\/2025\/05\/nota_candia.jpg","datePublished":"2025-05-06T20:00:42+00:00","description":"\"En el desarrollo econ\u00f3mico regional\" Este martes, el Secretario de Turismo de la Municipalidad de Goya Sebasti\u00e1n Candia analiz\u00f3 el movimiento social y","breadcrumb":{"@id":"https:\/\/radioinfinitagoya.com.ar\/v1\/2025\/05\/06\/secretario-de-turismo-analizo-el-impacto-que-tuvo-el-mundial-de-pesca\/#breadcrumb"},"inLanguage":"es-AR","potentialAction":[{"@type":"ReadAction","target":["https:\/\/radioinfinitagoya.com.ar\/v1\/2025\/05\/06\/secretario-de-turismo-analizo-el-impacto-que-tuvo-el-mundial-de-pesca\/"]}]},{"@type":"ImageObject","inLanguage":"es-AR","@id":"https:\/\/radioinfinitagoya.com.ar\/v1\/2025\/05\/06\/secretario-de-turismo-analizo-el-impacto-que-tuvo-el-mundial-de-pesca\/#primaryimage","url":"https:\/\/radioinfinitagoya.com.ar\/v1\/wp-content\/uploads\/2025\/05\/nota_candia.jpg","contentUrl":"https:\/\/radioinfinitagoya.com.ar\/v1\/wp-content\/uploads\/2025\/05\/nota_candia.jpg","width":848,"height":477},{"@type":"BreadcrumbList","@id":"https:\/\/radioinfinitagoya.com.ar\/v1\/2025\/05\/06\/secretario-de-turismo-analizo-el-impacto-que-tuvo-el-mundial-de-pesca\/#breadcrumb","itemListElement":[{"@type":"ListItem","position":1,"name":"Inicio","item":"https:\/\/radioinfinitagoya.com.ar\/v1\/"},{"@type":"ListItem","position":2,"name":"Secretario de Turismo, analiz\u00f3 el impacto que tuvo el Mundial de Pesca"}]},{"@type":"WebSite","@id":"https:\/\/radioinfinitagoya.com.ar\/v1\/#website","url":"https:\/\/radioinfinitagoya.com.ar\/v1\/","name":"radioinfinitagoya.com.ar","description":"Radio de noticias","publisher":{"@id":"https:\/\/radioinfinitagoya.com.ar\/v1\/#organization"},"potentialAction":[{"@type":"SearchAction","target":{"@type":"EntryPoint","urlTemplate":"https:\/\/radioinfinitagoya.com.ar\/v1\/?s={search_term_string}"},"query-input":{"@type":"PropertyValueSpecification","valueRequired":true,"valueName":"search_term_string"}}],"inLanguage":"es-AR"},{"@type":"Organization","@id":"https:\/\/radioinfinitagoya.com.ar\/v1\/#organization","name":"Radio Infinita Goya","url":"https:\/\/radioinfinitagoya.com.ar\/v1\/","logo":{"@type":"ImageObject","inLanguage":"es-AR","@id":"https:\/\/radioinfinitagoya.com.ar\/v1\/#\/schema\/logo\/image\/","url":"https:\/\/radioinfinitagoya.com.ar\/v1\/wp-content\/uploads\/2019\/11\/logo-pie-web.png","contentUrl":"https:\/\/radioinfinitagoya.com.ar\/v1\/wp-content\/uploads\/2019\/11\/logo-pie-web.png","width":635,"height":326,"caption":"Radio Infinita Goya"},"image":{"@id":"https:\/\/radioinfinitagoya.com.ar\/v1\/#\/schema\/logo\/image\/"},"sameAs":["https:\/\/www.facebook.com\/p\/Infinita-Goya-100063870918311\/"]},{"@type":"Person","@id":"https:\/\/radioinfinitagoya.com.ar\/v1\/#\/schema\/person\/d4cf9c413d4f6edb24aabdccab49ca4a","name":"Jorge Mi\u00f1o","image":{"@type":"ImageObject","inLanguage":"es-AR","@id":"https:\/\/secure.gravatar.com\/avatar\/910fcf6728fe95320e07a6643c1581fec1c7fc4bf8ae12e3d8f0d0373dc844be?s=96&d=mm&r=g","url":"https:\/\/secure.gravatar.com\/avatar\/910fcf6728fe95320e07a6643c1581fec1c7fc4bf8ae12e3d8f0d0373dc844be?s=96&d=mm&r=g","contentUrl":"https:\/\/secure.gravatar.com\/avatar\/910fcf6728fe95320e07a6643c1581fec1c7fc4bf8ae12e3d8f0d0373dc844be?s=96&d=mm&r=g","caption":"Jorge Mi\u00f1o"},"sameAs":["http:\/\/radioinfinitagoya.com.ar"]}]}},"_links":{"self":[{"href":"https:\/\/radioinfinitagoya.com.ar\/v1\/wp-json\/wp\/v2\/posts\/189808","targetHints":{"allow":["GET"]}}],"collection":[{"href":"https:\/\/radioinfinitagoya.com.ar\/v1\/wp-json\/wp\/v2\/posts"}],"about":[{"href":"https:\/\/radioinfinitagoya.com.ar\/v1\/wp-json\/wp\/v2\/types\/post"}],"author":[{"embeddable":true,"href":"https:\/\/radioinfinitagoya.com.ar\/v1\/wp-json\/wp\/v2\/users\/4"}],"replies":[{"embeddable":true,"href":"https:\/\/radioinfinitagoya.com.ar\/v1\/wp-json\/wp\/v2\/comments?post=189808"}],"version-history":[{"count":0,"href":"https:\/\/radioinfinitagoya.com.ar\/v1\/wp-json\/wp\/v2\/posts\/189808\/revisions"}],"wp:featuredmedia":[{"embeddable":true,"href":"https:\/\/radioinfinitagoya.com.ar\/v1\/wp-json\/wp\/v2\/media\/189809"}],"wp:attachment":[{"href":"https:\/\/radioinfinitagoya.com.ar\/v1\/wp-json\/wp\/v2\/media?parent=189808"}],"wp:term":[{"taxonomy":"category","embeddable":true,"href":"https:\/\/radioinfinitagoya.com.ar\/v1\/wp-json\/wp\/v2\/categories?post=189808"},{"taxonomy":"post_tag","embeddable":true,"href":"https:\/\/radioinfinitagoya.com.ar\/v1\/wp-json\/wp\/v2\/tags?post=189808"}],"curies":[{"name":"wp","href":"https:\/\/api.w.org\/{rel}","templated":true}]}}