{"id":189897,"date":"2025-05-08T17:39:32","date_gmt":"2025-05-08T20:39:32","guid":{"rendered":"https:\/\/radioinfinitagoya.com.ar\/v1\/?p=189897"},"modified":"2025-05-08T17:39:32","modified_gmt":"2025-05-08T20:39:32","slug":"la-muestra-de-trajes-del-carnaval-correntino-con-gran-repercusion","status":"publish","type":"post","link":"https:\/\/radioinfinitagoya.com.ar\/v1\/2025\/05\/08\/la-muestra-de-trajes-del-carnaval-correntino-con-gran-repercusion\/","title":{"rendered":"La muestra de trajes del carnaval correntino con gran repercusi\u00f3n"},"content":{"rendered":"<p>El Sal\u00f3n de los Pasos Perdidos del Parlamento correntino por estos d\u00edas exhibe las vestimentas destacadas de Ar\u00e1 Ber\u00e1 y Sapucay. Los interesados pueden acercarse de 8 a 20. Buscan que otras comparsas de Capital puedan tener la posibilidad de mostrar sus dise\u00f1os.<\/p>\n<p>El pasado martes 29 de abril se inaugur\u00f3 una muestra de trajes del carnaval correntino en el Sal\u00f3n de los Pasos Perdidos de la Legislatura, donde el p\u00fablico puede apreciar una exposici\u00f3n \u00fanica que celebra la historia y la identidad de la provincia. Como complemento, el evento cont\u00f3 con un paseo de artesanos y un patio gastron\u00f3mico.<\/p>\n<p>Natalia Rodr\u00edguez, referente del programa &#8220;El Senado es Cultura&#8221;, se\u00f1al\u00f3 que la muestra denominada &#8220;Corrientes de Fiesta&#8221; fue inaugurada el 29 de abril en coincidencia con el D\u00eda Nacional de la Danza y tambi\u00e9n acompa\u00f1ando a las actividades del Mes de Corrientes.<\/p>\n<p>Esta muestra es la primera vez que se realiza en el Sal\u00f3n de los Pasos Perdidos de la Legislatura provincial. &#8220;Hay trajes de Ar\u00e1 Ber\u00e1 y Sapucay de la edici\u00f3n 2025&#8221;, expres\u00f3 Rodr\u00edguez a este medio.<\/p>\n<p>&#8220;Los interesados en visitarla muestara deben acercarse de 8 a 20 , de Lunes a Viernes en el palacio Legislativo de la calle Salta&#8221;<\/p>\n<p>Coment\u00f3 que por una cuesti\u00f3n de espacio se eligi\u00f3 a estas dos comparsas, pero asegur\u00f3 que el objetivo es que pasen por ese sal\u00f3n m\u00e1s comparsas de la capital nacional del carnaval. &#8220;Ojal\u00e1 que todas las comparsas y agrupaciones musicales que hacen lo posible para que tengamos el carnaval m\u00e1s importante de Argentina puedan pasar por este sal\u00f3n. Por lo pronto hay buena repercusi\u00f3n de esta muestra&#8221;, dijo.<\/p>\n<p>Los interesados en visitar la muestra deben acercarse de 8 a 20 de lunes a viernes en el Palacio Legislativo de la calle Salta entre Quintana y 25 de Mayo.<\/p>\n<p>Coment\u00f3 adem\u00e1s que en la muestra se encuentra el traje del Gauchito Gil que tanto dio qu\u00e9 hablar en la edici\u00f3n del presente a\u00f1o. El mismo se encuentra en la puerta del sal\u00f3n y la gente se acerca a sacarse fotos y algunos hasta se acercan a dejarle elementos a modo de ofrenda.<\/p>\n<p>Consultada por su rol en la comparsa Ar\u00e1 Ber\u00e1, dijo que este 2025 volvi\u00f3 como directora art\u00edstica. &#8220;Soy apasionada y por suerte este a\u00f1o las cosas nos salieron muy bien. Logramos un cambio y despertamos a un gigante&#8221;, enfatiz\u00f3.<\/p>\n<p>&nbsp;<\/p>\n","protected":false},"excerpt":{"rendered":"<p>El Sal\u00f3n de los Pasos Perdidos del Parlamento correntino por estos d\u00edas exhibe las vestimentas destacadas de Ar\u00e1 Ber\u00e1 y Sapucay. Los interesados pueden acercarse de 8 a 20. Buscan que otras comparsas de Capital puedan tener la posibilidad de mostrar sus dise\u00f1os. El pasado martes 29 de abril se inaugur\u00f3 una muestra de trajes [&hellip;]<\/p>\n","protected":false},"author":4,"featured_media":189898,"comment_status":"closed","ping_status":"closed","sticky":false,"template":"","format":"standard","meta":{"_joinchat":[],"footnotes":""},"categories":[26],"tags":[],"class_list":{"0":"post-189897","1":"post","2":"type-post","3":"status-publish","4":"format-standard","5":"has-post-thumbnail","7":"category-provinciales"},"yoast_head":"<!-- This site is optimized with the Yoast SEO plugin v27.2 - https:\/\/yoast.com\/product\/yoast-seo-wordpress\/ -->\n<title>La muestra de trajes del carnaval correntino con gran repercusi\u00f3n - Radio Infinita Goya<\/title>\n<meta name=\"description\" content=\"El Sal\u00f3n de los Pasos Perdidos del Parlamento correntino por estos d\u00edas exhibe las vestimentas destacadas de Ar\u00e1 Ber\u00e1 y Sapucay. Los interesados pueden\" \/>\n<meta name=\"robots\" content=\"index, follow, max-snippet:-1, max-image-preview:large, max-video-preview:-1\" \/>\n<link rel=\"canonical\" href=\"https:\/\/radioinfinitagoya.com.ar\/v1\/2025\/05\/08\/la-muestra-de-trajes-del-carnaval-correntino-con-gran-repercusion\/\" \/>\n<meta property=\"og:locale\" content=\"es_ES\" \/>\n<meta property=\"og:type\" content=\"article\" \/>\n<meta property=\"og:title\" content=\"La muestra de trajes del carnaval correntino con gran repercusi\u00f3n - Radio Infinita Goya\" \/>\n<meta property=\"og:description\" content=\"El Sal\u00f3n de los Pasos Perdidos del Parlamento correntino por estos d\u00edas exhibe las vestimentas destacadas de Ar\u00e1 Ber\u00e1 y Sapucay. Los interesados pueden\" \/>\n<meta property=\"og:url\" content=\"https:\/\/radioinfinitagoya.com.ar\/v1\/2025\/05\/08\/la-muestra-de-trajes-del-carnaval-correntino-con-gran-repercusion\/\" \/>\n<meta property=\"og:site_name\" content=\"Radio Infinita Goya\" \/>\n<meta property=\"article:publisher\" content=\"https:\/\/www.facebook.com\/p\/Infinita-Goya-100063870918311\/\" \/>\n<meta property=\"article:published_time\" content=\"2025-05-08T20:39:32+00:00\" \/>\n<meta property=\"og:image\" content=\"https:\/\/radioinfinitagoya.com.ar\/v1\/wp-content\/uploads\/2025\/05\/LgjmBdFn.jpg\" \/>\n\t<meta property=\"og:image:width\" content=\"528\" \/>\n\t<meta property=\"og:image:height\" content=\"450\" \/>\n\t<meta property=\"og:image:type\" content=\"image\/jpeg\" \/>\n<meta name=\"author\" content=\"Jorge Mi\u00f1o\" \/>\n<meta name=\"twitter:card\" content=\"summary_large_image\" \/>\n<meta name=\"twitter:label1\" content=\"Escrito por\" \/>\n\t<meta name=\"twitter:data1\" content=\"Jorge Mi\u00f1o\" \/>\n\t<meta name=\"twitter:label2\" content=\"Tiempo de lectura\" \/>\n\t<meta name=\"twitter:data2\" content=\"2 minutos\" \/>\n<script type=\"application\/ld+json\" class=\"yoast-schema-graph\">{\"@context\":\"https:\/\/schema.org\",\"@graph\":[{\"@type\":\"Article\",\"@id\":\"https:\/\/radioinfinitagoya.com.ar\/v1\/2025\/05\/08\/la-muestra-de-trajes-del-carnaval-correntino-con-gran-repercusion\/#article\",\"isPartOf\":{\"@id\":\"https:\/\/radioinfinitagoya.com.ar\/v1\/2025\/05\/08\/la-muestra-de-trajes-del-carnaval-correntino-con-gran-repercusion\/\"},\"author\":{\"name\":\"Jorge Mi\u00f1o\",\"@id\":\"https:\/\/radioinfinitagoya.com.ar\/v1\/#\/schema\/person\/d4cf9c413d4f6edb24aabdccab49ca4a\"},\"headline\":\"La muestra de trajes del carnaval correntino con gran repercusi\u00f3n\",\"datePublished\":\"2025-05-08T20:39:32+00:00\",\"mainEntityOfPage\":{\"@id\":\"https:\/\/radioinfinitagoya.com.ar\/v1\/2025\/05\/08\/la-muestra-de-trajes-del-carnaval-correntino-con-gran-repercusion\/\"},\"wordCount\":419,\"publisher\":{\"@id\":\"https:\/\/radioinfinitagoya.com.ar\/v1\/#organization\"},\"image\":{\"@id\":\"https:\/\/radioinfinitagoya.com.ar\/v1\/2025\/05\/08\/la-muestra-de-trajes-del-carnaval-correntino-con-gran-repercusion\/#primaryimage\"},\"thumbnailUrl\":\"https:\/\/radioinfinitagoya.com.ar\/v1\/wp-content\/uploads\/2025\/05\/LgjmBdFn.jpg\",\"articleSection\":[\"PROVINCIALES\"],\"inLanguage\":\"es-AR\"},{\"@type\":\"WebPage\",\"@id\":\"https:\/\/radioinfinitagoya.com.ar\/v1\/2025\/05\/08\/la-muestra-de-trajes-del-carnaval-correntino-con-gran-repercusion\/\",\"url\":\"https:\/\/radioinfinitagoya.com.ar\/v1\/2025\/05\/08\/la-muestra-de-trajes-del-carnaval-correntino-con-gran-repercusion\/\",\"name\":\"La muestra de trajes del carnaval correntino con gran repercusi\u00f3n - Radio Infinita Goya\",\"isPartOf\":{\"@id\":\"https:\/\/radioinfinitagoya.com.ar\/v1\/#website\"},\"primaryImageOfPage\":{\"@id\":\"https:\/\/radioinfinitagoya.com.ar\/v1\/2025\/05\/08\/la-muestra-de-trajes-del-carnaval-correntino-con-gran-repercusion\/#primaryimage\"},\"image\":{\"@id\":\"https:\/\/radioinfinitagoya.com.ar\/v1\/2025\/05\/08\/la-muestra-de-trajes-del-carnaval-correntino-con-gran-repercusion\/#primaryimage\"},\"thumbnailUrl\":\"https:\/\/radioinfinitagoya.com.ar\/v1\/wp-content\/uploads\/2025\/05\/LgjmBdFn.jpg\",\"datePublished\":\"2025-05-08T20:39:32+00:00\",\"description\":\"El Sal\u00f3n de los Pasos Perdidos del Parlamento correntino por estos d\u00edas exhibe las vestimentas destacadas de Ar\u00e1 Ber\u00e1 y Sapucay. Los interesados pueden\",\"breadcrumb\":{\"@id\":\"https:\/\/radioinfinitagoya.com.ar\/v1\/2025\/05\/08\/la-muestra-de-trajes-del-carnaval-correntino-con-gran-repercusion\/#breadcrumb\"},\"inLanguage\":\"es-AR\",\"potentialAction\":[{\"@type\":\"ReadAction\",\"target\":[\"https:\/\/radioinfinitagoya.com.ar\/v1\/2025\/05\/08\/la-muestra-de-trajes-del-carnaval-correntino-con-gran-repercusion\/\"]}]},{\"@type\":\"ImageObject\",\"inLanguage\":\"es-AR\",\"@id\":\"https:\/\/radioinfinitagoya.com.ar\/v1\/2025\/05\/08\/la-muestra-de-trajes-del-carnaval-correntino-con-gran-repercusion\/#primaryimage\",\"url\":\"https:\/\/radioinfinitagoya.com.ar\/v1\/wp-content\/uploads\/2025\/05\/LgjmBdFn.jpg\",\"contentUrl\":\"https:\/\/radioinfinitagoya.com.ar\/v1\/wp-content\/uploads\/2025\/05\/LgjmBdFn.jpg\",\"width\":528,\"height\":450},{\"@type\":\"BreadcrumbList\",\"@id\":\"https:\/\/radioinfinitagoya.com.ar\/v1\/2025\/05\/08\/la-muestra-de-trajes-del-carnaval-correntino-con-gran-repercusion\/#breadcrumb\",\"itemListElement\":[{\"@type\":\"ListItem\",\"position\":1,\"name\":\"Inicio\",\"item\":\"https:\/\/radioinfinitagoya.com.ar\/v1\/\"},{\"@type\":\"ListItem\",\"position\":2,\"name\":\"La muestra de trajes del carnaval correntino con gran repercusi\u00f3n\"}]},{\"@type\":\"WebSite\",\"@id\":\"https:\/\/radioinfinitagoya.com.ar\/v1\/#website\",\"url\":\"https:\/\/radioinfinitagoya.com.ar\/v1\/\",\"name\":\"radioinfinitagoya.com.ar\",\"description\":\"Radio de noticias\",\"publisher\":{\"@id\":\"https:\/\/radioinfinitagoya.com.ar\/v1\/#organization\"},\"potentialAction\":[{\"@type\":\"SearchAction\",\"target\":{\"@type\":\"EntryPoint\",\"urlTemplate\":\"https:\/\/radioinfinitagoya.com.ar\/v1\/?s={search_term_string}\"},\"query-input\":{\"@type\":\"PropertyValueSpecification\",\"valueRequired\":true,\"valueName\":\"search_term_string\"}}],\"inLanguage\":\"es-AR\"},{\"@type\":\"Organization\",\"@id\":\"https:\/\/radioinfinitagoya.com.ar\/v1\/#organization\",\"name\":\"Radio Infinita Goya\",\"url\":\"https:\/\/radioinfinitagoya.com.ar\/v1\/\",\"logo\":{\"@type\":\"ImageObject\",\"inLanguage\":\"es-AR\",\"@id\":\"https:\/\/radioinfinitagoya.com.ar\/v1\/#\/schema\/logo\/image\/\",\"url\":\"https:\/\/radioinfinitagoya.com.ar\/v1\/wp-content\/uploads\/2019\/11\/logo-pie-web.png\",\"contentUrl\":\"https:\/\/radioinfinitagoya.com.ar\/v1\/wp-content\/uploads\/2019\/11\/logo-pie-web.png\",\"width\":635,\"height\":326,\"caption\":\"Radio Infinita Goya\"},\"image\":{\"@id\":\"https:\/\/radioinfinitagoya.com.ar\/v1\/#\/schema\/logo\/image\/\"},\"sameAs\":[\"https:\/\/www.facebook.com\/p\/Infinita-Goya-100063870918311\/\"]},{\"@type\":\"Person\",\"@id\":\"https:\/\/radioinfinitagoya.com.ar\/v1\/#\/schema\/person\/d4cf9c413d4f6edb24aabdccab49ca4a\",\"name\":\"Jorge Mi\u00f1o\",\"image\":{\"@type\":\"ImageObject\",\"inLanguage\":\"es-AR\",\"@id\":\"https:\/\/secure.gravatar.com\/avatar\/910fcf6728fe95320e07a6643c1581fec1c7fc4bf8ae12e3d8f0d0373dc844be?s=96&d=mm&r=g\",\"url\":\"https:\/\/secure.gravatar.com\/avatar\/910fcf6728fe95320e07a6643c1581fec1c7fc4bf8ae12e3d8f0d0373dc844be?s=96&d=mm&r=g\",\"contentUrl\":\"https:\/\/secure.gravatar.com\/avatar\/910fcf6728fe95320e07a6643c1581fec1c7fc4bf8ae12e3d8f0d0373dc844be?s=96&d=mm&r=g\",\"caption\":\"Jorge Mi\u00f1o\"},\"sameAs\":[\"http:\/\/radioinfinitagoya.com.ar\"]}]}<\/script>\n<!-- \/ Yoast SEO plugin. -->","yoast_head_json":{"title":"La muestra de trajes del carnaval correntino con gran repercusi\u00f3n - Radio Infinita Goya","description":"El Sal\u00f3n de los Pasos Perdidos del Parlamento correntino por estos d\u00edas exhibe las vestimentas destacadas de Ar\u00e1 Ber\u00e1 y Sapucay. Los interesados pueden","robots":{"index":"index","follow":"follow","max-snippet":"max-snippet:-1","max-image-preview":"max-image-preview:large","max-video-preview":"max-video-preview:-1"},"canonical":"https:\/\/radioinfinitagoya.com.ar\/v1\/2025\/05\/08\/la-muestra-de-trajes-del-carnaval-correntino-con-gran-repercusion\/","og_locale":"es_ES","og_type":"article","og_title":"La muestra de trajes del carnaval correntino con gran repercusi\u00f3n - Radio Infinita Goya","og_description":"El Sal\u00f3n de los Pasos Perdidos del Parlamento correntino por estos d\u00edas exhibe las vestimentas destacadas de Ar\u00e1 Ber\u00e1 y Sapucay. Los interesados pueden","og_url":"https:\/\/radioinfinitagoya.com.ar\/v1\/2025\/05\/08\/la-muestra-de-trajes-del-carnaval-correntino-con-gran-repercusion\/","og_site_name":"Radio Infinita Goya","article_publisher":"https:\/\/www.facebook.com\/p\/Infinita-Goya-100063870918311\/","article_published_time":"2025-05-08T20:39:32+00:00","og_image":[{"width":528,"height":450,"url":"https:\/\/radioinfinitagoya.com.ar\/v1\/wp-content\/uploads\/2025\/05\/LgjmBdFn.jpg","type":"image\/jpeg"}],"author":"Jorge Mi\u00f1o","twitter_card":"summary_large_image","twitter_misc":{"Escrito por":"Jorge Mi\u00f1o","Tiempo de lectura":"2 minutos"},"schema":{"@context":"https:\/\/schema.org","@graph":[{"@type":"Article","@id":"https:\/\/radioinfinitagoya.com.ar\/v1\/2025\/05\/08\/la-muestra-de-trajes-del-carnaval-correntino-con-gran-repercusion\/#article","isPartOf":{"@id":"https:\/\/radioinfinitagoya.com.ar\/v1\/2025\/05\/08\/la-muestra-de-trajes-del-carnaval-correntino-con-gran-repercusion\/"},"author":{"name":"Jorge Mi\u00f1o","@id":"https:\/\/radioinfinitagoya.com.ar\/v1\/#\/schema\/person\/d4cf9c413d4f6edb24aabdccab49ca4a"},"headline":"La muestra de trajes del carnaval correntino con gran repercusi\u00f3n","datePublished":"2025-05-08T20:39:32+00:00","mainEntityOfPage":{"@id":"https:\/\/radioinfinitagoya.com.ar\/v1\/2025\/05\/08\/la-muestra-de-trajes-del-carnaval-correntino-con-gran-repercusion\/"},"wordCount":419,"publisher":{"@id":"https:\/\/radioinfinitagoya.com.ar\/v1\/#organization"},"image":{"@id":"https:\/\/radioinfinitagoya.com.ar\/v1\/2025\/05\/08\/la-muestra-de-trajes-del-carnaval-correntino-con-gran-repercusion\/#primaryimage"},"thumbnailUrl":"https:\/\/radioinfinitagoya.com.ar\/v1\/wp-content\/uploads\/2025\/05\/LgjmBdFn.jpg","articleSection":["PROVINCIALES"],"inLanguage":"es-AR"},{"@type":"WebPage","@id":"https:\/\/radioinfinitagoya.com.ar\/v1\/2025\/05\/08\/la-muestra-de-trajes-del-carnaval-correntino-con-gran-repercusion\/","url":"https:\/\/radioinfinitagoya.com.ar\/v1\/2025\/05\/08\/la-muestra-de-trajes-del-carnaval-correntino-con-gran-repercusion\/","name":"La muestra de trajes del carnaval correntino con gran repercusi\u00f3n - Radio Infinita Goya","isPartOf":{"@id":"https:\/\/radioinfinitagoya.com.ar\/v1\/#website"},"primaryImageOfPage":{"@id":"https:\/\/radioinfinitagoya.com.ar\/v1\/2025\/05\/08\/la-muestra-de-trajes-del-carnaval-correntino-con-gran-repercusion\/#primaryimage"},"image":{"@id":"https:\/\/radioinfinitagoya.com.ar\/v1\/2025\/05\/08\/la-muestra-de-trajes-del-carnaval-correntino-con-gran-repercusion\/#primaryimage"},"thumbnailUrl":"https:\/\/radioinfinitagoya.com.ar\/v1\/wp-content\/uploads\/2025\/05\/LgjmBdFn.jpg","datePublished":"2025-05-08T20:39:32+00:00","description":"El Sal\u00f3n de los Pasos Perdidos del Parlamento correntino por estos d\u00edas exhibe las vestimentas destacadas de Ar\u00e1 Ber\u00e1 y Sapucay. Los interesados pueden","breadcrumb":{"@id":"https:\/\/radioinfinitagoya.com.ar\/v1\/2025\/05\/08\/la-muestra-de-trajes-del-carnaval-correntino-con-gran-repercusion\/#breadcrumb"},"inLanguage":"es-AR","potentialAction":[{"@type":"ReadAction","target":["https:\/\/radioinfinitagoya.com.ar\/v1\/2025\/05\/08\/la-muestra-de-trajes-del-carnaval-correntino-con-gran-repercusion\/"]}]},{"@type":"ImageObject","inLanguage":"es-AR","@id":"https:\/\/radioinfinitagoya.com.ar\/v1\/2025\/05\/08\/la-muestra-de-trajes-del-carnaval-correntino-con-gran-repercusion\/#primaryimage","url":"https:\/\/radioinfinitagoya.com.ar\/v1\/wp-content\/uploads\/2025\/05\/LgjmBdFn.jpg","contentUrl":"https:\/\/radioinfinitagoya.com.ar\/v1\/wp-content\/uploads\/2025\/05\/LgjmBdFn.jpg","width":528,"height":450},{"@type":"BreadcrumbList","@id":"https:\/\/radioinfinitagoya.com.ar\/v1\/2025\/05\/08\/la-muestra-de-trajes-del-carnaval-correntino-con-gran-repercusion\/#breadcrumb","itemListElement":[{"@type":"ListItem","position":1,"name":"Inicio","item":"https:\/\/radioinfinitagoya.com.ar\/v1\/"},{"@type":"ListItem","position":2,"name":"La muestra de trajes del carnaval correntino con gran repercusi\u00f3n"}]},{"@type":"WebSite","@id":"https:\/\/radioinfinitagoya.com.ar\/v1\/#website","url":"https:\/\/radioinfinitagoya.com.ar\/v1\/","name":"radioinfinitagoya.com.ar","description":"Radio de noticias","publisher":{"@id":"https:\/\/radioinfinitagoya.com.ar\/v1\/#organization"},"potentialAction":[{"@type":"SearchAction","target":{"@type":"EntryPoint","urlTemplate":"https:\/\/radioinfinitagoya.com.ar\/v1\/?s={search_term_string}"},"query-input":{"@type":"PropertyValueSpecification","valueRequired":true,"valueName":"search_term_string"}}],"inLanguage":"es-AR"},{"@type":"Organization","@id":"https:\/\/radioinfinitagoya.com.ar\/v1\/#organization","name":"Radio Infinita Goya","url":"https:\/\/radioinfinitagoya.com.ar\/v1\/","logo":{"@type":"ImageObject","inLanguage":"es-AR","@id":"https:\/\/radioinfinitagoya.com.ar\/v1\/#\/schema\/logo\/image\/","url":"https:\/\/radioinfinitagoya.com.ar\/v1\/wp-content\/uploads\/2019\/11\/logo-pie-web.png","contentUrl":"https:\/\/radioinfinitagoya.com.ar\/v1\/wp-content\/uploads\/2019\/11\/logo-pie-web.png","width":635,"height":326,"caption":"Radio Infinita Goya"},"image":{"@id":"https:\/\/radioinfinitagoya.com.ar\/v1\/#\/schema\/logo\/image\/"},"sameAs":["https:\/\/www.facebook.com\/p\/Infinita-Goya-100063870918311\/"]},{"@type":"Person","@id":"https:\/\/radioinfinitagoya.com.ar\/v1\/#\/schema\/person\/d4cf9c413d4f6edb24aabdccab49ca4a","name":"Jorge Mi\u00f1o","image":{"@type":"ImageObject","inLanguage":"es-AR","@id":"https:\/\/secure.gravatar.com\/avatar\/910fcf6728fe95320e07a6643c1581fec1c7fc4bf8ae12e3d8f0d0373dc844be?s=96&d=mm&r=g","url":"https:\/\/secure.gravatar.com\/avatar\/910fcf6728fe95320e07a6643c1581fec1c7fc4bf8ae12e3d8f0d0373dc844be?s=96&d=mm&r=g","contentUrl":"https:\/\/secure.gravatar.com\/avatar\/910fcf6728fe95320e07a6643c1581fec1c7fc4bf8ae12e3d8f0d0373dc844be?s=96&d=mm&r=g","caption":"Jorge Mi\u00f1o"},"sameAs":["http:\/\/radioinfinitagoya.com.ar"]}]}},"_links":{"self":[{"href":"https:\/\/radioinfinitagoya.com.ar\/v1\/wp-json\/wp\/v2\/posts\/189897","targetHints":{"allow":["GET"]}}],"collection":[{"href":"https:\/\/radioinfinitagoya.com.ar\/v1\/wp-json\/wp\/v2\/posts"}],"about":[{"href":"https:\/\/radioinfinitagoya.com.ar\/v1\/wp-json\/wp\/v2\/types\/post"}],"author":[{"embeddable":true,"href":"https:\/\/radioinfinitagoya.com.ar\/v1\/wp-json\/wp\/v2\/users\/4"}],"replies":[{"embeddable":true,"href":"https:\/\/radioinfinitagoya.com.ar\/v1\/wp-json\/wp\/v2\/comments?post=189897"}],"version-history":[{"count":0,"href":"https:\/\/radioinfinitagoya.com.ar\/v1\/wp-json\/wp\/v2\/posts\/189897\/revisions"}],"wp:featuredmedia":[{"embeddable":true,"href":"https:\/\/radioinfinitagoya.com.ar\/v1\/wp-json\/wp\/v2\/media\/189898"}],"wp:attachment":[{"href":"https:\/\/radioinfinitagoya.com.ar\/v1\/wp-json\/wp\/v2\/media?parent=189897"}],"wp:term":[{"taxonomy":"category","embeddable":true,"href":"https:\/\/radioinfinitagoya.com.ar\/v1\/wp-json\/wp\/v2\/categories?post=189897"},{"taxonomy":"post_tag","embeddable":true,"href":"https:\/\/radioinfinitagoya.com.ar\/v1\/wp-json\/wp\/v2\/tags?post=189897"}],"curies":[{"name":"wp","href":"https:\/\/api.w.org\/{rel}","templated":true}]}}