{"id":190276,"date":"2025-05-17T17:54:20","date_gmt":"2025-05-17T20:54:20","guid":{"rendered":"https:\/\/radioinfinitagoya.com.ar\/v1\/?p=190276"},"modified":"2025-05-17T17:54:20","modified_gmt":"2025-05-17T20:54:20","slug":"mandiyu-empato-con-curupay-y-es-finalista-del-provincial","status":"publish","type":"post","link":"https:\/\/radioinfinitagoya.com.ar\/v1\/2025\/05\/17\/mandiyu-empato-con-curupay-y-es-finalista-del-provincial\/","title":{"rendered":"Mandiy\u00fa empat\u00f3 con Curupay y es finalista del Provincial"},"content":{"rendered":"<p>En el encuentro revancha de la llave semifinal del Torneo Provincial de la primera divisi\u00f3n de la Federaci\u00f3n Correntina de F\u00fatbol, el Deportivo Mandiy\u00fa igual\u00f3 1 a 1 este s\u00e1bado con Curupay en el estadio &#8220;Leoncio Ben\u00edtez&#8221;, y como se hab\u00eda impuesto por 2 a 0 en el cotejo de Ida, logr\u00f3 sellar su clasificaci\u00f3n a la gran final del certamen.<\/p>\n<p>En el inicio del partido, Curupay casi tiene la apertura del marcador, luego de una buena jugada de Antonio B\u00e1ez, que logr\u00f3 acomodarse para quedar s\u00f3lo en la puerta del \u00e1rea, para sacar el derechazo, que termin\u00f3 pegando en el palo izquierdo del arco defendido por Axel Corradini. A los 8\u00b4, luego de un tiro de esquina desde el sector izquierdo, el arquero de Mandiy\u00fa Axel Corradini tuvo una mala salida, el envi\u00f3 encontr\u00f3 la cabeza de Johan B\u00e1ez, que cabeceo pero en la l\u00ednea la termin\u00f3 sacando Juan Sol\u00eds, pero en el rebote Braian Medina alcanz\u00f3 a concretar el 1 a 0 para Curupay.<\/p>\n<p>En el complemento, hubo una terrible agresi\u00f3n de Guillermo Barreto, que le golpe\u00f3 de atr\u00e1s a un jugador de Curupay, que deriv\u00f3 en un tumulto entre los dos equipos que provoc\u00f3 la expulsi\u00f3n de Diego Monz\u00f3n, que se encontraba haciendo el calentamiento precompetitivo y ante la agresi\u00f3n a un compa\u00f1ero ingres\u00f3 a reclamar, por lo que el \u00e1rbitro Carlos Castro decidi\u00f3 expulsarlo.<\/p>\n<p>A los 47\u00b4, luego de un saco desde el arco de Axel Corradini, que encontr\u00f3 a Guillermo Barreto que la alcanz\u00f3 a bajar, para habilitar a Esteban Medina, que pic\u00f3 habilitado para quedar de frente al arco y definir para decretar el 1 a 1, con el que Mandiy\u00fa sell\u00f3 su clasificaci\u00f3n a la gran final del Torneo Provincial, donde enfrentar\u00e1 a Victoria de Curuz\u00fa Cuati\u00e1.<\/p>\n","protected":false},"excerpt":{"rendered":"<p>En el encuentro revancha de la llave semifinal del Torneo Provincial de la primera divisi\u00f3n de la Federaci\u00f3n Correntina de F\u00fatbol, el Deportivo Mandiy\u00fa igual\u00f3 1 a 1 este s\u00e1bado con Curupay en el estadio &#8220;Leoncio Ben\u00edtez&#8221;, y como se hab\u00eda impuesto por 2 a 0 en el cotejo de Ida, logr\u00f3 sellar su clasificaci\u00f3n [&hellip;]<\/p>\n","protected":false},"author":4,"featured_media":190277,"comment_status":"closed","ping_status":"closed","sticky":false,"template":"","format":"standard","meta":{"_joinchat":[],"footnotes":""},"categories":[28],"tags":[],"class_list":{"0":"post-190276","1":"post","2":"type-post","3":"status-publish","4":"format-standard","5":"has-post-thumbnail","7":"category-deportes"},"yoast_head":"<!-- This site is optimized with the Yoast SEO plugin v27.2 - https:\/\/yoast.com\/product\/yoast-seo-wordpress\/ -->\n<title>Mandiy\u00fa empat\u00f3 con Curupay y es finalista del Provincial - Radio Infinita Goya<\/title>\n<meta name=\"description\" content=\"En el encuentro revancha de la llave semifinal del Torneo Provincial de la primera divisi\u00f3n de la Federaci\u00f3n Correntina de F\u00fatbol, el Deportivo Mandiy\u00fa\" \/>\n<meta name=\"robots\" content=\"index, follow, max-snippet:-1, max-image-preview:large, max-video-preview:-1\" \/>\n<link rel=\"canonical\" href=\"https:\/\/radioinfinitagoya.com.ar\/v1\/2025\/05\/17\/mandiyu-empato-con-curupay-y-es-finalista-del-provincial\/\" \/>\n<meta property=\"og:locale\" content=\"es_ES\" \/>\n<meta property=\"og:type\" content=\"article\" \/>\n<meta property=\"og:title\" content=\"Mandiy\u00fa empat\u00f3 con Curupay y es finalista del Provincial - Radio Infinita Goya\" \/>\n<meta property=\"og:description\" content=\"En el encuentro revancha de la llave semifinal del Torneo Provincial de la primera divisi\u00f3n de la Federaci\u00f3n Correntina de F\u00fatbol, el Deportivo Mandiy\u00fa\" \/>\n<meta property=\"og:url\" content=\"https:\/\/radioinfinitagoya.com.ar\/v1\/2025\/05\/17\/mandiyu-empato-con-curupay-y-es-finalista-del-provincial\/\" \/>\n<meta property=\"og:site_name\" content=\"Radio Infinita Goya\" \/>\n<meta property=\"article:publisher\" content=\"https:\/\/www.facebook.com\/p\/Infinita-Goya-100063870918311\/\" \/>\n<meta property=\"article:published_time\" content=\"2025-05-17T20:54:20+00:00\" \/>\n<meta property=\"og:image\" content=\"https:\/\/radioinfinitagoya.com.ar\/v1\/wp-content\/uploads\/2025\/05\/1000081848.jpg\" \/>\n\t<meta property=\"og:image:width\" content=\"1080\" \/>\n\t<meta property=\"og:image:height\" content=\"800\" \/>\n\t<meta property=\"og:image:type\" content=\"image\/jpeg\" \/>\n<meta name=\"author\" content=\"Jorge Mi\u00f1o\" \/>\n<meta name=\"twitter:card\" content=\"summary_large_image\" \/>\n<meta name=\"twitter:label1\" content=\"Escrito por\" \/>\n\t<meta name=\"twitter:data1\" content=\"Jorge Mi\u00f1o\" \/>\n\t<meta name=\"twitter:label2\" content=\"Tiempo de lectura\" \/>\n\t<meta name=\"twitter:data2\" content=\"2 minutos\" \/>\n<script type=\"application\/ld+json\" class=\"yoast-schema-graph\">{\"@context\":\"https:\/\/schema.org\",\"@graph\":[{\"@type\":\"Article\",\"@id\":\"https:\/\/radioinfinitagoya.com.ar\/v1\/2025\/05\/17\/mandiyu-empato-con-curupay-y-es-finalista-del-provincial\/#article\",\"isPartOf\":{\"@id\":\"https:\/\/radioinfinitagoya.com.ar\/v1\/2025\/05\/17\/mandiyu-empato-con-curupay-y-es-finalista-del-provincial\/\"},\"author\":{\"name\":\"Jorge Mi\u00f1o\",\"@id\":\"https:\/\/radioinfinitagoya.com.ar\/v1\/#\/schema\/person\/d4cf9c413d4f6edb24aabdccab49ca4a\"},\"headline\":\"Mandiy\u00fa empat\u00f3 con Curupay y es finalista del Provincial\",\"datePublished\":\"2025-05-17T20:54:20+00:00\",\"mainEntityOfPage\":{\"@id\":\"https:\/\/radioinfinitagoya.com.ar\/v1\/2025\/05\/17\/mandiyu-empato-con-curupay-y-es-finalista-del-provincial\/\"},\"wordCount\":312,\"publisher\":{\"@id\":\"https:\/\/radioinfinitagoya.com.ar\/v1\/#organization\"},\"image\":{\"@id\":\"https:\/\/radioinfinitagoya.com.ar\/v1\/2025\/05\/17\/mandiyu-empato-con-curupay-y-es-finalista-del-provincial\/#primaryimage\"},\"thumbnailUrl\":\"https:\/\/radioinfinitagoya.com.ar\/v1\/wp-content\/uploads\/2025\/05\/1000081848.jpg\",\"articleSection\":[\"DEPORTES\"],\"inLanguage\":\"es-AR\"},{\"@type\":\"WebPage\",\"@id\":\"https:\/\/radioinfinitagoya.com.ar\/v1\/2025\/05\/17\/mandiyu-empato-con-curupay-y-es-finalista-del-provincial\/\",\"url\":\"https:\/\/radioinfinitagoya.com.ar\/v1\/2025\/05\/17\/mandiyu-empato-con-curupay-y-es-finalista-del-provincial\/\",\"name\":\"Mandiy\u00fa empat\u00f3 con Curupay y es finalista del Provincial - Radio Infinita Goya\",\"isPartOf\":{\"@id\":\"https:\/\/radioinfinitagoya.com.ar\/v1\/#website\"},\"primaryImageOfPage\":{\"@id\":\"https:\/\/radioinfinitagoya.com.ar\/v1\/2025\/05\/17\/mandiyu-empato-con-curupay-y-es-finalista-del-provincial\/#primaryimage\"},\"image\":{\"@id\":\"https:\/\/radioinfinitagoya.com.ar\/v1\/2025\/05\/17\/mandiyu-empato-con-curupay-y-es-finalista-del-provincial\/#primaryimage\"},\"thumbnailUrl\":\"https:\/\/radioinfinitagoya.com.ar\/v1\/wp-content\/uploads\/2025\/05\/1000081848.jpg\",\"datePublished\":\"2025-05-17T20:54:20+00:00\",\"description\":\"En el encuentro revancha de la llave semifinal del Torneo Provincial de la primera divisi\u00f3n de la Federaci\u00f3n Correntina de F\u00fatbol, el Deportivo Mandiy\u00fa\",\"breadcrumb\":{\"@id\":\"https:\/\/radioinfinitagoya.com.ar\/v1\/2025\/05\/17\/mandiyu-empato-con-curupay-y-es-finalista-del-provincial\/#breadcrumb\"},\"inLanguage\":\"es-AR\",\"potentialAction\":[{\"@type\":\"ReadAction\",\"target\":[\"https:\/\/radioinfinitagoya.com.ar\/v1\/2025\/05\/17\/mandiyu-empato-con-curupay-y-es-finalista-del-provincial\/\"]}]},{\"@type\":\"ImageObject\",\"inLanguage\":\"es-AR\",\"@id\":\"https:\/\/radioinfinitagoya.com.ar\/v1\/2025\/05\/17\/mandiyu-empato-con-curupay-y-es-finalista-del-provincial\/#primaryimage\",\"url\":\"https:\/\/radioinfinitagoya.com.ar\/v1\/wp-content\/uploads\/2025\/05\/1000081848.jpg\",\"contentUrl\":\"https:\/\/radioinfinitagoya.com.ar\/v1\/wp-content\/uploads\/2025\/05\/1000081848.jpg\",\"width\":1080,\"height\":800},{\"@type\":\"BreadcrumbList\",\"@id\":\"https:\/\/radioinfinitagoya.com.ar\/v1\/2025\/05\/17\/mandiyu-empato-con-curupay-y-es-finalista-del-provincial\/#breadcrumb\",\"itemListElement\":[{\"@type\":\"ListItem\",\"position\":1,\"name\":\"Inicio\",\"item\":\"https:\/\/radioinfinitagoya.com.ar\/v1\/\"},{\"@type\":\"ListItem\",\"position\":2,\"name\":\"Mandiy\u00fa empat\u00f3 con Curupay y es finalista del Provincial\"}]},{\"@type\":\"WebSite\",\"@id\":\"https:\/\/radioinfinitagoya.com.ar\/v1\/#website\",\"url\":\"https:\/\/radioinfinitagoya.com.ar\/v1\/\",\"name\":\"radioinfinitagoya.com.ar\",\"description\":\"Radio de noticias\",\"publisher\":{\"@id\":\"https:\/\/radioinfinitagoya.com.ar\/v1\/#organization\"},\"potentialAction\":[{\"@type\":\"SearchAction\",\"target\":{\"@type\":\"EntryPoint\",\"urlTemplate\":\"https:\/\/radioinfinitagoya.com.ar\/v1\/?s={search_term_string}\"},\"query-input\":{\"@type\":\"PropertyValueSpecification\",\"valueRequired\":true,\"valueName\":\"search_term_string\"}}],\"inLanguage\":\"es-AR\"},{\"@type\":\"Organization\",\"@id\":\"https:\/\/radioinfinitagoya.com.ar\/v1\/#organization\",\"name\":\"Radio Infinita Goya\",\"url\":\"https:\/\/radioinfinitagoya.com.ar\/v1\/\",\"logo\":{\"@type\":\"ImageObject\",\"inLanguage\":\"es-AR\",\"@id\":\"https:\/\/radioinfinitagoya.com.ar\/v1\/#\/schema\/logo\/image\/\",\"url\":\"https:\/\/radioinfinitagoya.com.ar\/v1\/wp-content\/uploads\/2019\/11\/logo-pie-web.png\",\"contentUrl\":\"https:\/\/radioinfinitagoya.com.ar\/v1\/wp-content\/uploads\/2019\/11\/logo-pie-web.png\",\"width\":635,\"height\":326,\"caption\":\"Radio Infinita Goya\"},\"image\":{\"@id\":\"https:\/\/radioinfinitagoya.com.ar\/v1\/#\/schema\/logo\/image\/\"},\"sameAs\":[\"https:\/\/www.facebook.com\/p\/Infinita-Goya-100063870918311\/\"]},{\"@type\":\"Person\",\"@id\":\"https:\/\/radioinfinitagoya.com.ar\/v1\/#\/schema\/person\/d4cf9c413d4f6edb24aabdccab49ca4a\",\"name\":\"Jorge Mi\u00f1o\",\"image\":{\"@type\":\"ImageObject\",\"inLanguage\":\"es-AR\",\"@id\":\"https:\/\/secure.gravatar.com\/avatar\/910fcf6728fe95320e07a6643c1581fec1c7fc4bf8ae12e3d8f0d0373dc844be?s=96&d=mm&r=g\",\"url\":\"https:\/\/secure.gravatar.com\/avatar\/910fcf6728fe95320e07a6643c1581fec1c7fc4bf8ae12e3d8f0d0373dc844be?s=96&d=mm&r=g\",\"contentUrl\":\"https:\/\/secure.gravatar.com\/avatar\/910fcf6728fe95320e07a6643c1581fec1c7fc4bf8ae12e3d8f0d0373dc844be?s=96&d=mm&r=g\",\"caption\":\"Jorge Mi\u00f1o\"},\"sameAs\":[\"http:\/\/radioinfinitagoya.com.ar\"]}]}<\/script>\n<!-- \/ Yoast SEO plugin. -->","yoast_head_json":{"title":"Mandiy\u00fa empat\u00f3 con Curupay y es finalista del Provincial - Radio Infinita Goya","description":"En el encuentro revancha de la llave semifinal del Torneo Provincial de la primera divisi\u00f3n de la Federaci\u00f3n Correntina de F\u00fatbol, el Deportivo Mandiy\u00fa","robots":{"index":"index","follow":"follow","max-snippet":"max-snippet:-1","max-image-preview":"max-image-preview:large","max-video-preview":"max-video-preview:-1"},"canonical":"https:\/\/radioinfinitagoya.com.ar\/v1\/2025\/05\/17\/mandiyu-empato-con-curupay-y-es-finalista-del-provincial\/","og_locale":"es_ES","og_type":"article","og_title":"Mandiy\u00fa empat\u00f3 con Curupay y es finalista del Provincial - Radio Infinita Goya","og_description":"En el encuentro revancha de la llave semifinal del Torneo Provincial de la primera divisi\u00f3n de la Federaci\u00f3n Correntina de F\u00fatbol, el Deportivo Mandiy\u00fa","og_url":"https:\/\/radioinfinitagoya.com.ar\/v1\/2025\/05\/17\/mandiyu-empato-con-curupay-y-es-finalista-del-provincial\/","og_site_name":"Radio Infinita Goya","article_publisher":"https:\/\/www.facebook.com\/p\/Infinita-Goya-100063870918311\/","article_published_time":"2025-05-17T20:54:20+00:00","og_image":[{"width":1080,"height":800,"url":"https:\/\/radioinfinitagoya.com.ar\/v1\/wp-content\/uploads\/2025\/05\/1000081848.jpg","type":"image\/jpeg"}],"author":"Jorge Mi\u00f1o","twitter_card":"summary_large_image","twitter_misc":{"Escrito por":"Jorge Mi\u00f1o","Tiempo de lectura":"2 minutos"},"schema":{"@context":"https:\/\/schema.org","@graph":[{"@type":"Article","@id":"https:\/\/radioinfinitagoya.com.ar\/v1\/2025\/05\/17\/mandiyu-empato-con-curupay-y-es-finalista-del-provincial\/#article","isPartOf":{"@id":"https:\/\/radioinfinitagoya.com.ar\/v1\/2025\/05\/17\/mandiyu-empato-con-curupay-y-es-finalista-del-provincial\/"},"author":{"name":"Jorge Mi\u00f1o","@id":"https:\/\/radioinfinitagoya.com.ar\/v1\/#\/schema\/person\/d4cf9c413d4f6edb24aabdccab49ca4a"},"headline":"Mandiy\u00fa empat\u00f3 con Curupay y es finalista del Provincial","datePublished":"2025-05-17T20:54:20+00:00","mainEntityOfPage":{"@id":"https:\/\/radioinfinitagoya.com.ar\/v1\/2025\/05\/17\/mandiyu-empato-con-curupay-y-es-finalista-del-provincial\/"},"wordCount":312,"publisher":{"@id":"https:\/\/radioinfinitagoya.com.ar\/v1\/#organization"},"image":{"@id":"https:\/\/radioinfinitagoya.com.ar\/v1\/2025\/05\/17\/mandiyu-empato-con-curupay-y-es-finalista-del-provincial\/#primaryimage"},"thumbnailUrl":"https:\/\/radioinfinitagoya.com.ar\/v1\/wp-content\/uploads\/2025\/05\/1000081848.jpg","articleSection":["DEPORTES"],"inLanguage":"es-AR"},{"@type":"WebPage","@id":"https:\/\/radioinfinitagoya.com.ar\/v1\/2025\/05\/17\/mandiyu-empato-con-curupay-y-es-finalista-del-provincial\/","url":"https:\/\/radioinfinitagoya.com.ar\/v1\/2025\/05\/17\/mandiyu-empato-con-curupay-y-es-finalista-del-provincial\/","name":"Mandiy\u00fa empat\u00f3 con Curupay y es finalista del Provincial - Radio Infinita Goya","isPartOf":{"@id":"https:\/\/radioinfinitagoya.com.ar\/v1\/#website"},"primaryImageOfPage":{"@id":"https:\/\/radioinfinitagoya.com.ar\/v1\/2025\/05\/17\/mandiyu-empato-con-curupay-y-es-finalista-del-provincial\/#primaryimage"},"image":{"@id":"https:\/\/radioinfinitagoya.com.ar\/v1\/2025\/05\/17\/mandiyu-empato-con-curupay-y-es-finalista-del-provincial\/#primaryimage"},"thumbnailUrl":"https:\/\/radioinfinitagoya.com.ar\/v1\/wp-content\/uploads\/2025\/05\/1000081848.jpg","datePublished":"2025-05-17T20:54:20+00:00","description":"En el encuentro revancha de la llave semifinal del Torneo Provincial de la primera divisi\u00f3n de la Federaci\u00f3n Correntina de F\u00fatbol, el Deportivo Mandiy\u00fa","breadcrumb":{"@id":"https:\/\/radioinfinitagoya.com.ar\/v1\/2025\/05\/17\/mandiyu-empato-con-curupay-y-es-finalista-del-provincial\/#breadcrumb"},"inLanguage":"es-AR","potentialAction":[{"@type":"ReadAction","target":["https:\/\/radioinfinitagoya.com.ar\/v1\/2025\/05\/17\/mandiyu-empato-con-curupay-y-es-finalista-del-provincial\/"]}]},{"@type":"ImageObject","inLanguage":"es-AR","@id":"https:\/\/radioinfinitagoya.com.ar\/v1\/2025\/05\/17\/mandiyu-empato-con-curupay-y-es-finalista-del-provincial\/#primaryimage","url":"https:\/\/radioinfinitagoya.com.ar\/v1\/wp-content\/uploads\/2025\/05\/1000081848.jpg","contentUrl":"https:\/\/radioinfinitagoya.com.ar\/v1\/wp-content\/uploads\/2025\/05\/1000081848.jpg","width":1080,"height":800},{"@type":"BreadcrumbList","@id":"https:\/\/radioinfinitagoya.com.ar\/v1\/2025\/05\/17\/mandiyu-empato-con-curupay-y-es-finalista-del-provincial\/#breadcrumb","itemListElement":[{"@type":"ListItem","position":1,"name":"Inicio","item":"https:\/\/radioinfinitagoya.com.ar\/v1\/"},{"@type":"ListItem","position":2,"name":"Mandiy\u00fa empat\u00f3 con Curupay y es finalista del Provincial"}]},{"@type":"WebSite","@id":"https:\/\/radioinfinitagoya.com.ar\/v1\/#website","url":"https:\/\/radioinfinitagoya.com.ar\/v1\/","name":"radioinfinitagoya.com.ar","description":"Radio de noticias","publisher":{"@id":"https:\/\/radioinfinitagoya.com.ar\/v1\/#organization"},"potentialAction":[{"@type":"SearchAction","target":{"@type":"EntryPoint","urlTemplate":"https:\/\/radioinfinitagoya.com.ar\/v1\/?s={search_term_string}"},"query-input":{"@type":"PropertyValueSpecification","valueRequired":true,"valueName":"search_term_string"}}],"inLanguage":"es-AR"},{"@type":"Organization","@id":"https:\/\/radioinfinitagoya.com.ar\/v1\/#organization","name":"Radio Infinita Goya","url":"https:\/\/radioinfinitagoya.com.ar\/v1\/","logo":{"@type":"ImageObject","inLanguage":"es-AR","@id":"https:\/\/radioinfinitagoya.com.ar\/v1\/#\/schema\/logo\/image\/","url":"https:\/\/radioinfinitagoya.com.ar\/v1\/wp-content\/uploads\/2019\/11\/logo-pie-web.png","contentUrl":"https:\/\/radioinfinitagoya.com.ar\/v1\/wp-content\/uploads\/2019\/11\/logo-pie-web.png","width":635,"height":326,"caption":"Radio Infinita Goya"},"image":{"@id":"https:\/\/radioinfinitagoya.com.ar\/v1\/#\/schema\/logo\/image\/"},"sameAs":["https:\/\/www.facebook.com\/p\/Infinita-Goya-100063870918311\/"]},{"@type":"Person","@id":"https:\/\/radioinfinitagoya.com.ar\/v1\/#\/schema\/person\/d4cf9c413d4f6edb24aabdccab49ca4a","name":"Jorge Mi\u00f1o","image":{"@type":"ImageObject","inLanguage":"es-AR","@id":"https:\/\/secure.gravatar.com\/avatar\/910fcf6728fe95320e07a6643c1581fec1c7fc4bf8ae12e3d8f0d0373dc844be?s=96&d=mm&r=g","url":"https:\/\/secure.gravatar.com\/avatar\/910fcf6728fe95320e07a6643c1581fec1c7fc4bf8ae12e3d8f0d0373dc844be?s=96&d=mm&r=g","contentUrl":"https:\/\/secure.gravatar.com\/avatar\/910fcf6728fe95320e07a6643c1581fec1c7fc4bf8ae12e3d8f0d0373dc844be?s=96&d=mm&r=g","caption":"Jorge Mi\u00f1o"},"sameAs":["http:\/\/radioinfinitagoya.com.ar"]}]}},"_links":{"self":[{"href":"https:\/\/radioinfinitagoya.com.ar\/v1\/wp-json\/wp\/v2\/posts\/190276","targetHints":{"allow":["GET"]}}],"collection":[{"href":"https:\/\/radioinfinitagoya.com.ar\/v1\/wp-json\/wp\/v2\/posts"}],"about":[{"href":"https:\/\/radioinfinitagoya.com.ar\/v1\/wp-json\/wp\/v2\/types\/post"}],"author":[{"embeddable":true,"href":"https:\/\/radioinfinitagoya.com.ar\/v1\/wp-json\/wp\/v2\/users\/4"}],"replies":[{"embeddable":true,"href":"https:\/\/radioinfinitagoya.com.ar\/v1\/wp-json\/wp\/v2\/comments?post=190276"}],"version-history":[{"count":0,"href":"https:\/\/radioinfinitagoya.com.ar\/v1\/wp-json\/wp\/v2\/posts\/190276\/revisions"}],"wp:featuredmedia":[{"embeddable":true,"href":"https:\/\/radioinfinitagoya.com.ar\/v1\/wp-json\/wp\/v2\/media\/190277"}],"wp:attachment":[{"href":"https:\/\/radioinfinitagoya.com.ar\/v1\/wp-json\/wp\/v2\/media?parent=190276"}],"wp:term":[{"taxonomy":"category","embeddable":true,"href":"https:\/\/radioinfinitagoya.com.ar\/v1\/wp-json\/wp\/v2\/categories?post=190276"},{"taxonomy":"post_tag","embeddable":true,"href":"https:\/\/radioinfinitagoya.com.ar\/v1\/wp-json\/wp\/v2\/tags?post=190276"}],"curies":[{"name":"wp","href":"https:\/\/api.w.org\/{rel}","templated":true}]}}