{"id":190361,"date":"2025-05-19T16:06:38","date_gmt":"2025-05-19T19:06:38","guid":{"rendered":"https:\/\/radioinfinitagoya.com.ar\/v1\/?p=190361"},"modified":"2025-05-19T16:06:38","modified_gmt":"2025-05-19T19:06:38","slug":"leon-xiv-recibio-a-werthein-y-el-canciller-lo-invito-a-viajar-a-la-argentina","status":"publish","type":"post","link":"https:\/\/radioinfinitagoya.com.ar\/v1\/2025\/05\/19\/leon-xiv-recibio-a-werthein-y-el-canciller-lo-invito-a-viajar-a-la-argentina\/","title":{"rendered":"Le\u00f3n XIV recibi\u00f3 a Werthein y el canciller lo invit\u00f3 a viajar a la Argentina"},"content":{"rendered":"<p>La audiencia marca el comienzo de una nueva etapa de la relaci\u00f3n bilateral; el ministro de Relaciones Exteriores y Culto tambi\u00e9n cont\u00f3 que hablaron de una pr\u00f3xima visita del Presidente al Vaticano.<\/p>\n<p>En su primer lunes tras su asunci\u00f3n oficial del ministerio petrino, el papa Le\u00f3n XIV tuvo una agenda intensa con m\u00faltiples audiencias concedidas a autoridades pol\u00edticas y religiosas llegadas a Roma para la ocasi\u00f3n. Entre ellas, tuvo su primera bilateral con el canciller argentino, Gerardo Werthein, que cont\u00f3 a LA NACION que invit\u00f3 al nuevo papa a viajar a la Argentina, \u201calgo recibido bien de parte\u201d del nuevo Pont\u00edfice que \u201ctiene muchos deseos de venir\u201d.<\/p>\n<p>&#8220;Fue una audiencia muy c\u00e1lida; para m\u00ed fue un honor haber sido recibido en el primer d\u00eda oficial de su papado y hubo buena sinton\u00eda. \u00c9l es una persona agradabil\u00edsima y vamos a trabajar de cerca para fortalecer y afianzar la relaci\u00f3n bilateral y para la cooperaci\u00f3n mutua\u201d, dijo el canciller, que tiene 69 a\u00f1os, la misma edad del Papa Le\u00f3n, que tambi\u00e9n hizo saber que conversaron de \u201cla pr\u00f3xima visita\u201d del presidente Javier Milei al Vaticano.<\/p>\n<p>Werthein fue recibido por Robert Francis Prevost, que habla perfecto espa\u00f1ol porque vivi\u00f3 m\u00e1s de 20 a\u00f1os en Per\u00fa -que le dio la nacionalidad porque all\u00ed fue primero misionero agustino y luego obispo de Chiclayo-, en la Biblioteca del Palacio Apost\u00f3lico.<\/p>\n<p>La audiencia comenz\u00f3 con una conversaci\u00f3n privada entre el Papa y Werthein, a la que luego se sum\u00f3 la ministra de Capital Humano, Sandra Pettovello. \u201cElla le cont\u00f3 todo el importante trabajo que est\u00e1 haciendo en el \u00e1rea social y de asistencia a los m\u00e1s necesitados\u201d, relat\u00f3 el canciller. Consultado por LA NACION, Werthein aclar\u00f3 que no se habl\u00f3 de las elecciones porte\u00f1as, el motivo por el cual Milei decidi\u00f3 no viajar a Roma. \u201cEl Papa estaba muy satisfecho de que hayamos asistido a la misa de asunci\u00f3n del ministerio petrino. Creo que hoy dimos un paso muy importante para afianzar el v\u00ednculo con el Vaticano\u201d, afirm\u00f3 en di\u00e1logo telef\u00f3nico y justo antes de subirse al avi\u00f3n para regresar a la Argentina.<\/p>\n<p>El canciller destac\u00f3, por otro lado, que durante el encuentro con el flamante Papa hablaron \u201cde la situaci\u00f3n del mundo y de los procesos de paz a los que tambi\u00e9n est\u00e1 muy interesado en participar el Presidente\u201d. En cuanto al viaje a la Argentina de Le\u00f3n XIV -que ser\u00eda el primero de un Pont\u00edfice desde el \u00faltimo realizado por san Juan Pablo II en 1987-, preguntado si podr\u00eda darse al mismo tiempo que otro probable viaje a Per\u00fa, su pa\u00eds de adopci\u00f3n, Werthein admiti\u00f3 no saber, sino que subray\u00f3 su buena predisposici\u00f3n al recibir la invitaci\u00f3n.<\/p>\n<p>A la hora de los regalos, el canciller le obsequi\u00f3 al Papa una edici\u00f3n del Mart\u00edn Fierro, un cl\u00e1sico de la literatura argentina que le encantaba a su antecesor, Francisco.<\/p>\n<p>Un nuevo cap\u00edtulo tras el papado de Francisco<br \/>\nLa audiencia marc\u00f3 el principio de una nueva relaci\u00f3n entre la Santa Sede y la Argentina -siempre muy buena vista la gran mayor\u00eda cat\u00f3lica del pa\u00eds-, pero que estuvo marcada a fuego en los \u00faltimos 12 a\u00f1os y 39 d\u00edas por la presencia del primer papa argentino. La elecci\u00f3n de Jorge Bergoglio, el 13 de marzo de 2013, no s\u00f3lo descoloc\u00f3 al obispado local, sino tambi\u00e9n a las autoridades pol\u00edticas, que enseguida, pese a que era considerado en ese momento el virtual l\u00edder de la oposici\u00f3n a la entonces presidenta, Cristina Kirchner, r\u00e1pidamente cambiaron de registro e intentaron apropiarse de su figura.<\/p>\n<p>A lo largo de su pontificado Francisco no fue profeta en su tierra, sino que fue objeto de tironeos de la sotana de un lado y del otro de todo el espectro pol\u00edtico, incluso de montajes fotogr\u00e1ficos de dirigentes que hac\u00edan creer que hab\u00edan sido recibidos en privado, mientras que hab\u00edan tenido un simple besamanos en la audiencia general, como \u00e9l mismo lament\u00f3 en una entrevista con LA NACION. As\u00ed, m\u00e1s all\u00e1 del profundo amor del Papa argentino hacia su pa\u00eds, debido a todo este combo y porque pensaba que hab\u00eda otras prioridades y que era el pastor de todo el mundo y que en la Argentina hab\u00eda vivido 76 a\u00f1os de su vida, jam\u00e1s volvi\u00f3.<\/p>\n<p>Robert Francis Prevost, su sucesor, viaj\u00f3 varias veces a la Argentina en sus dos mandatos de superior general de los agustinos -entre 2001 al 2013-, cuando conoci\u00f3 al entonces arzobispo de Buenos Aires, Jorge Bergoglio. Fue entonces que seguramente Bergoglio \u201cfich\u00f3\u201d a ese joven agustino, a quien, siendo Papa, nombr\u00f3 primero obispo en Chiclayo, Per\u00fa, en 2014, y en 2022 llam\u00f3 a Roma para ser prefecto del Dicasterio de los Obispos y a quien design\u00f3 cardenal en 2023, poni\u00e9ndolo en el trampol\u00edn de su sucesi\u00f3n.<\/p>\n<p>En el Vaticano algunos recuerdan que Werthein -ministro de Relaciones Exteriores y Culto desde fines de octubre de 2024, exembajador en Estados Unidos-, a fin de noviembre pasado protagoniz\u00f3 un \u201cfaltazo\u201d al desistir viajar para asistir a una ceremonia en la que Francisco record\u00f3 el 40 aniversario del Tratado de Paz y Amistad entre Argentina y Chile, en la que s\u00ed estuvo el ministro de Relaciones Exteriores del pa\u00eds trasandino, Alberto van Klaveren.<\/p>\n<p>Aunque la excusa oficial fue \u201cproblemas de agenda\u201d, el faltazo del canciller tuvo que ver con las discrepancias que hubo entre la Argentina y Chile en la cumbre del G20 en Brasil que tuvo lugar poco antes, en la que, seg\u00fan trascendi\u00f3, el presidente chileno, Gabriel Boric refut\u00f3 el discurso de Milei, que hab\u00eda exaltado al neoliberalismo y criticado el rol de Estado.<\/p>\n<p>Le\u00f3n XIV, que por la ma\u00f1ana temprano tuvo su primera audiencia con el vicepresidente de Estados Unidos, JD Vance, adem\u00e1s de Werthein, luego tambi\u00e9n recibi\u00f3 al patriarca ecum\u00e9nico de Constantinopla, Bartolom\u00e9 I -a quien le confirm\u00f3 su voluntad de viajar a Turqu\u00eda en el 1700 aniversario del Concilio de Nicea-; al presidente de Colombia, Gustavo Petro; y a una delegaci\u00f3n de la di\u00f3cesis de Chiclayo, Per\u00fa. Por la tarde tiene previsto recibir al primer ministro de Australia, Anthony Albanese y al presidente de Georgia, Mikheil Kavelashvili, junto a sus esposas y s\u00e9quitos.<\/p>\n","protected":false},"excerpt":{"rendered":"<p>La audiencia marca el comienzo de una nueva etapa de la relaci\u00f3n bilateral; el ministro de Relaciones Exteriores y Culto tambi\u00e9n cont\u00f3 que hablaron de una pr\u00f3xima visita del Presidente al Vaticano. En su primer lunes tras su asunci\u00f3n oficial del ministerio petrino, el papa Le\u00f3n XIV tuvo una agenda intensa con m\u00faltiples audiencias concedidas [&hellip;]<\/p>\n","protected":false},"author":4,"featured_media":190362,"comment_status":"closed","ping_status":"closed","sticky":false,"template":"","format":"standard","meta":{"_joinchat":[],"footnotes":""},"categories":[31],"tags":[],"class_list":{"0":"post-190361","1":"post","2":"type-post","3":"status-publish","4":"format-standard","5":"has-post-thumbnail","7":"category-informacion-general"},"yoast_head":"<!-- This site is optimized with the Yoast SEO plugin v27.2 - https:\/\/yoast.com\/product\/yoast-seo-wordpress\/ -->\n<title>Le\u00f3n XIV recibi\u00f3 a Werthein y el canciller lo invit\u00f3 a viajar a la Argentina - Radio Infinita Goya<\/title>\n<meta name=\"description\" content=\"La audiencia marca el comienzo de una nueva etapa de la relaci\u00f3n bilateral; el ministro de Relaciones Exteriores y Culto tambi\u00e9n cont\u00f3 que hablaron de una\" \/>\n<meta name=\"robots\" content=\"index, follow, max-snippet:-1, max-image-preview:large, max-video-preview:-1\" \/>\n<link rel=\"canonical\" href=\"https:\/\/radioinfinitagoya.com.ar\/v1\/2025\/05\/19\/leon-xiv-recibio-a-werthein-y-el-canciller-lo-invito-a-viajar-a-la-argentina\/\" \/>\n<meta property=\"og:locale\" content=\"es_ES\" \/>\n<meta property=\"og:type\" content=\"article\" \/>\n<meta property=\"og:title\" content=\"Le\u00f3n XIV recibi\u00f3 a Werthein y el canciller lo invit\u00f3 a viajar a la Argentina - Radio Infinita Goya\" \/>\n<meta property=\"og:description\" content=\"La audiencia marca el comienzo de una nueva etapa de la relaci\u00f3n bilateral; el ministro de Relaciones Exteriores y Culto tambi\u00e9n cont\u00f3 que hablaron de una\" \/>\n<meta property=\"og:url\" content=\"https:\/\/radioinfinitagoya.com.ar\/v1\/2025\/05\/19\/leon-xiv-recibio-a-werthein-y-el-canciller-lo-invito-a-viajar-a-la-argentina\/\" \/>\n<meta property=\"og:site_name\" content=\"Radio Infinita Goya\" \/>\n<meta property=\"article:publisher\" content=\"https:\/\/www.facebook.com\/p\/Infinita-Goya-100063870918311\/\" \/>\n<meta property=\"article:published_time\" content=\"2025-05-19T19:06:38+00:00\" \/>\n<meta property=\"og:image\" content=\"https:\/\/radioinfinitagoya.com.ar\/v1\/wp-content\/uploads\/2025\/05\/1747655746518.webp\" \/>\n\t<meta property=\"og:image:width\" content=\"1200\" \/>\n\t<meta property=\"og:image:height\" content=\"675\" \/>\n\t<meta property=\"og:image:type\" content=\"image\/webp\" \/>\n<meta name=\"author\" content=\"Jorge Mi\u00f1o\" \/>\n<meta name=\"twitter:card\" content=\"summary_large_image\" \/>\n<meta name=\"twitter:label1\" content=\"Escrito por\" \/>\n\t<meta name=\"twitter:data1\" content=\"Jorge Mi\u00f1o\" \/>\n\t<meta name=\"twitter:label2\" content=\"Tiempo de lectura\" \/>\n\t<meta name=\"twitter:data2\" content=\"5 minutos\" \/>\n<script type=\"application\/ld+json\" class=\"yoast-schema-graph\">{\"@context\":\"https:\/\/schema.org\",\"@graph\":[{\"@type\":\"Article\",\"@id\":\"https:\/\/radioinfinitagoya.com.ar\/v1\/2025\/05\/19\/leon-xiv-recibio-a-werthein-y-el-canciller-lo-invito-a-viajar-a-la-argentina\/#article\",\"isPartOf\":{\"@id\":\"https:\/\/radioinfinitagoya.com.ar\/v1\/2025\/05\/19\/leon-xiv-recibio-a-werthein-y-el-canciller-lo-invito-a-viajar-a-la-argentina\/\"},\"author\":{\"name\":\"Jorge Mi\u00f1o\",\"@id\":\"https:\/\/radioinfinitagoya.com.ar\/v1\/#\/schema\/person\/d4cf9c413d4f6edb24aabdccab49ca4a\"},\"headline\":\"Le\u00f3n XIV recibi\u00f3 a Werthein y el canciller lo invit\u00f3 a viajar a la Argentina\",\"datePublished\":\"2025-05-19T19:06:38+00:00\",\"mainEntityOfPage\":{\"@id\":\"https:\/\/radioinfinitagoya.com.ar\/v1\/2025\/05\/19\/leon-xiv-recibio-a-werthein-y-el-canciller-lo-invito-a-viajar-a-la-argentina\/\"},\"wordCount\":1098,\"publisher\":{\"@id\":\"https:\/\/radioinfinitagoya.com.ar\/v1\/#organization\"},\"image\":{\"@id\":\"https:\/\/radioinfinitagoya.com.ar\/v1\/2025\/05\/19\/leon-xiv-recibio-a-werthein-y-el-canciller-lo-invito-a-viajar-a-la-argentina\/#primaryimage\"},\"thumbnailUrl\":\"https:\/\/radioinfinitagoya.com.ar\/v1\/wp-content\/uploads\/2025\/05\/1747655746518.webp\",\"articleSection\":[\"INFORMACI\u00d3N GENERAL\"],\"inLanguage\":\"es-AR\"},{\"@type\":\"WebPage\",\"@id\":\"https:\/\/radioinfinitagoya.com.ar\/v1\/2025\/05\/19\/leon-xiv-recibio-a-werthein-y-el-canciller-lo-invito-a-viajar-a-la-argentina\/\",\"url\":\"https:\/\/radioinfinitagoya.com.ar\/v1\/2025\/05\/19\/leon-xiv-recibio-a-werthein-y-el-canciller-lo-invito-a-viajar-a-la-argentina\/\",\"name\":\"Le\u00f3n XIV recibi\u00f3 a Werthein y el canciller lo invit\u00f3 a viajar a la Argentina - Radio Infinita Goya\",\"isPartOf\":{\"@id\":\"https:\/\/radioinfinitagoya.com.ar\/v1\/#website\"},\"primaryImageOfPage\":{\"@id\":\"https:\/\/radioinfinitagoya.com.ar\/v1\/2025\/05\/19\/leon-xiv-recibio-a-werthein-y-el-canciller-lo-invito-a-viajar-a-la-argentina\/#primaryimage\"},\"image\":{\"@id\":\"https:\/\/radioinfinitagoya.com.ar\/v1\/2025\/05\/19\/leon-xiv-recibio-a-werthein-y-el-canciller-lo-invito-a-viajar-a-la-argentina\/#primaryimage\"},\"thumbnailUrl\":\"https:\/\/radioinfinitagoya.com.ar\/v1\/wp-content\/uploads\/2025\/05\/1747655746518.webp\",\"datePublished\":\"2025-05-19T19:06:38+00:00\",\"description\":\"La audiencia marca el comienzo de una nueva etapa de la relaci\u00f3n bilateral; el ministro de Relaciones Exteriores y Culto tambi\u00e9n cont\u00f3 que hablaron de una\",\"breadcrumb\":{\"@id\":\"https:\/\/radioinfinitagoya.com.ar\/v1\/2025\/05\/19\/leon-xiv-recibio-a-werthein-y-el-canciller-lo-invito-a-viajar-a-la-argentina\/#breadcrumb\"},\"inLanguage\":\"es-AR\",\"potentialAction\":[{\"@type\":\"ReadAction\",\"target\":[\"https:\/\/radioinfinitagoya.com.ar\/v1\/2025\/05\/19\/leon-xiv-recibio-a-werthein-y-el-canciller-lo-invito-a-viajar-a-la-argentina\/\"]}]},{\"@type\":\"ImageObject\",\"inLanguage\":\"es-AR\",\"@id\":\"https:\/\/radioinfinitagoya.com.ar\/v1\/2025\/05\/19\/leon-xiv-recibio-a-werthein-y-el-canciller-lo-invito-a-viajar-a-la-argentina\/#primaryimage\",\"url\":\"https:\/\/radioinfinitagoya.com.ar\/v1\/wp-content\/uploads\/2025\/05\/1747655746518.webp\",\"contentUrl\":\"https:\/\/radioinfinitagoya.com.ar\/v1\/wp-content\/uploads\/2025\/05\/1747655746518.webp\",\"width\":1200,\"height\":675},{\"@type\":\"BreadcrumbList\",\"@id\":\"https:\/\/radioinfinitagoya.com.ar\/v1\/2025\/05\/19\/leon-xiv-recibio-a-werthein-y-el-canciller-lo-invito-a-viajar-a-la-argentina\/#breadcrumb\",\"itemListElement\":[{\"@type\":\"ListItem\",\"position\":1,\"name\":\"Inicio\",\"item\":\"https:\/\/radioinfinitagoya.com.ar\/v1\/\"},{\"@type\":\"ListItem\",\"position\":2,\"name\":\"Le\u00f3n XIV recibi\u00f3 a Werthein y el canciller lo invit\u00f3 a viajar a la Argentina\"}]},{\"@type\":\"WebSite\",\"@id\":\"https:\/\/radioinfinitagoya.com.ar\/v1\/#website\",\"url\":\"https:\/\/radioinfinitagoya.com.ar\/v1\/\",\"name\":\"radioinfinitagoya.com.ar\",\"description\":\"Radio de noticias\",\"publisher\":{\"@id\":\"https:\/\/radioinfinitagoya.com.ar\/v1\/#organization\"},\"potentialAction\":[{\"@type\":\"SearchAction\",\"target\":{\"@type\":\"EntryPoint\",\"urlTemplate\":\"https:\/\/radioinfinitagoya.com.ar\/v1\/?s={search_term_string}\"},\"query-input\":{\"@type\":\"PropertyValueSpecification\",\"valueRequired\":true,\"valueName\":\"search_term_string\"}}],\"inLanguage\":\"es-AR\"},{\"@type\":\"Organization\",\"@id\":\"https:\/\/radioinfinitagoya.com.ar\/v1\/#organization\",\"name\":\"Radio Infinita Goya\",\"url\":\"https:\/\/radioinfinitagoya.com.ar\/v1\/\",\"logo\":{\"@type\":\"ImageObject\",\"inLanguage\":\"es-AR\",\"@id\":\"https:\/\/radioinfinitagoya.com.ar\/v1\/#\/schema\/logo\/image\/\",\"url\":\"https:\/\/radioinfinitagoya.com.ar\/v1\/wp-content\/uploads\/2019\/11\/logo-pie-web.png\",\"contentUrl\":\"https:\/\/radioinfinitagoya.com.ar\/v1\/wp-content\/uploads\/2019\/11\/logo-pie-web.png\",\"width\":635,\"height\":326,\"caption\":\"Radio Infinita Goya\"},\"image\":{\"@id\":\"https:\/\/radioinfinitagoya.com.ar\/v1\/#\/schema\/logo\/image\/\"},\"sameAs\":[\"https:\/\/www.facebook.com\/p\/Infinita-Goya-100063870918311\/\"]},{\"@type\":\"Person\",\"@id\":\"https:\/\/radioinfinitagoya.com.ar\/v1\/#\/schema\/person\/d4cf9c413d4f6edb24aabdccab49ca4a\",\"name\":\"Jorge Mi\u00f1o\",\"image\":{\"@type\":\"ImageObject\",\"inLanguage\":\"es-AR\",\"@id\":\"https:\/\/secure.gravatar.com\/avatar\/910fcf6728fe95320e07a6643c1581fec1c7fc4bf8ae12e3d8f0d0373dc844be?s=96&d=mm&r=g\",\"url\":\"https:\/\/secure.gravatar.com\/avatar\/910fcf6728fe95320e07a6643c1581fec1c7fc4bf8ae12e3d8f0d0373dc844be?s=96&d=mm&r=g\",\"contentUrl\":\"https:\/\/secure.gravatar.com\/avatar\/910fcf6728fe95320e07a6643c1581fec1c7fc4bf8ae12e3d8f0d0373dc844be?s=96&d=mm&r=g\",\"caption\":\"Jorge Mi\u00f1o\"},\"sameAs\":[\"http:\/\/radioinfinitagoya.com.ar\"]}]}<\/script>\n<!-- \/ Yoast SEO plugin. -->","yoast_head_json":{"title":"Le\u00f3n XIV recibi\u00f3 a Werthein y el canciller lo invit\u00f3 a viajar a la Argentina - Radio Infinita Goya","description":"La audiencia marca el comienzo de una nueva etapa de la relaci\u00f3n bilateral; el ministro de Relaciones Exteriores y Culto tambi\u00e9n cont\u00f3 que hablaron de una","robots":{"index":"index","follow":"follow","max-snippet":"max-snippet:-1","max-image-preview":"max-image-preview:large","max-video-preview":"max-video-preview:-1"},"canonical":"https:\/\/radioinfinitagoya.com.ar\/v1\/2025\/05\/19\/leon-xiv-recibio-a-werthein-y-el-canciller-lo-invito-a-viajar-a-la-argentina\/","og_locale":"es_ES","og_type":"article","og_title":"Le\u00f3n XIV recibi\u00f3 a Werthein y el canciller lo invit\u00f3 a viajar a la Argentina - Radio Infinita Goya","og_description":"La audiencia marca el comienzo de una nueva etapa de la relaci\u00f3n bilateral; el ministro de Relaciones Exteriores y Culto tambi\u00e9n cont\u00f3 que hablaron de una","og_url":"https:\/\/radioinfinitagoya.com.ar\/v1\/2025\/05\/19\/leon-xiv-recibio-a-werthein-y-el-canciller-lo-invito-a-viajar-a-la-argentina\/","og_site_name":"Radio Infinita Goya","article_publisher":"https:\/\/www.facebook.com\/p\/Infinita-Goya-100063870918311\/","article_published_time":"2025-05-19T19:06:38+00:00","og_image":[{"width":1200,"height":675,"url":"https:\/\/radioinfinitagoya.com.ar\/v1\/wp-content\/uploads\/2025\/05\/1747655746518.webp","type":"image\/webp"}],"author":"Jorge Mi\u00f1o","twitter_card":"summary_large_image","twitter_misc":{"Escrito por":"Jorge Mi\u00f1o","Tiempo de lectura":"5 minutos"},"schema":{"@context":"https:\/\/schema.org","@graph":[{"@type":"Article","@id":"https:\/\/radioinfinitagoya.com.ar\/v1\/2025\/05\/19\/leon-xiv-recibio-a-werthein-y-el-canciller-lo-invito-a-viajar-a-la-argentina\/#article","isPartOf":{"@id":"https:\/\/radioinfinitagoya.com.ar\/v1\/2025\/05\/19\/leon-xiv-recibio-a-werthein-y-el-canciller-lo-invito-a-viajar-a-la-argentina\/"},"author":{"name":"Jorge Mi\u00f1o","@id":"https:\/\/radioinfinitagoya.com.ar\/v1\/#\/schema\/person\/d4cf9c413d4f6edb24aabdccab49ca4a"},"headline":"Le\u00f3n XIV recibi\u00f3 a Werthein y el canciller lo invit\u00f3 a viajar a la Argentina","datePublished":"2025-05-19T19:06:38+00:00","mainEntityOfPage":{"@id":"https:\/\/radioinfinitagoya.com.ar\/v1\/2025\/05\/19\/leon-xiv-recibio-a-werthein-y-el-canciller-lo-invito-a-viajar-a-la-argentina\/"},"wordCount":1098,"publisher":{"@id":"https:\/\/radioinfinitagoya.com.ar\/v1\/#organization"},"image":{"@id":"https:\/\/radioinfinitagoya.com.ar\/v1\/2025\/05\/19\/leon-xiv-recibio-a-werthein-y-el-canciller-lo-invito-a-viajar-a-la-argentina\/#primaryimage"},"thumbnailUrl":"https:\/\/radioinfinitagoya.com.ar\/v1\/wp-content\/uploads\/2025\/05\/1747655746518.webp","articleSection":["INFORMACI\u00d3N GENERAL"],"inLanguage":"es-AR"},{"@type":"WebPage","@id":"https:\/\/radioinfinitagoya.com.ar\/v1\/2025\/05\/19\/leon-xiv-recibio-a-werthein-y-el-canciller-lo-invito-a-viajar-a-la-argentina\/","url":"https:\/\/radioinfinitagoya.com.ar\/v1\/2025\/05\/19\/leon-xiv-recibio-a-werthein-y-el-canciller-lo-invito-a-viajar-a-la-argentina\/","name":"Le\u00f3n XIV recibi\u00f3 a Werthein y el canciller lo invit\u00f3 a viajar a la Argentina - Radio Infinita Goya","isPartOf":{"@id":"https:\/\/radioinfinitagoya.com.ar\/v1\/#website"},"primaryImageOfPage":{"@id":"https:\/\/radioinfinitagoya.com.ar\/v1\/2025\/05\/19\/leon-xiv-recibio-a-werthein-y-el-canciller-lo-invito-a-viajar-a-la-argentina\/#primaryimage"},"image":{"@id":"https:\/\/radioinfinitagoya.com.ar\/v1\/2025\/05\/19\/leon-xiv-recibio-a-werthein-y-el-canciller-lo-invito-a-viajar-a-la-argentina\/#primaryimage"},"thumbnailUrl":"https:\/\/radioinfinitagoya.com.ar\/v1\/wp-content\/uploads\/2025\/05\/1747655746518.webp","datePublished":"2025-05-19T19:06:38+00:00","description":"La audiencia marca el comienzo de una nueva etapa de la relaci\u00f3n bilateral; el ministro de Relaciones Exteriores y Culto tambi\u00e9n cont\u00f3 que hablaron de una","breadcrumb":{"@id":"https:\/\/radioinfinitagoya.com.ar\/v1\/2025\/05\/19\/leon-xiv-recibio-a-werthein-y-el-canciller-lo-invito-a-viajar-a-la-argentina\/#breadcrumb"},"inLanguage":"es-AR","potentialAction":[{"@type":"ReadAction","target":["https:\/\/radioinfinitagoya.com.ar\/v1\/2025\/05\/19\/leon-xiv-recibio-a-werthein-y-el-canciller-lo-invito-a-viajar-a-la-argentina\/"]}]},{"@type":"ImageObject","inLanguage":"es-AR","@id":"https:\/\/radioinfinitagoya.com.ar\/v1\/2025\/05\/19\/leon-xiv-recibio-a-werthein-y-el-canciller-lo-invito-a-viajar-a-la-argentina\/#primaryimage","url":"https:\/\/radioinfinitagoya.com.ar\/v1\/wp-content\/uploads\/2025\/05\/1747655746518.webp","contentUrl":"https:\/\/radioinfinitagoya.com.ar\/v1\/wp-content\/uploads\/2025\/05\/1747655746518.webp","width":1200,"height":675},{"@type":"BreadcrumbList","@id":"https:\/\/radioinfinitagoya.com.ar\/v1\/2025\/05\/19\/leon-xiv-recibio-a-werthein-y-el-canciller-lo-invito-a-viajar-a-la-argentina\/#breadcrumb","itemListElement":[{"@type":"ListItem","position":1,"name":"Inicio","item":"https:\/\/radioinfinitagoya.com.ar\/v1\/"},{"@type":"ListItem","position":2,"name":"Le\u00f3n XIV recibi\u00f3 a Werthein y el canciller lo invit\u00f3 a viajar a la Argentina"}]},{"@type":"WebSite","@id":"https:\/\/radioinfinitagoya.com.ar\/v1\/#website","url":"https:\/\/radioinfinitagoya.com.ar\/v1\/","name":"radioinfinitagoya.com.ar","description":"Radio de noticias","publisher":{"@id":"https:\/\/radioinfinitagoya.com.ar\/v1\/#organization"},"potentialAction":[{"@type":"SearchAction","target":{"@type":"EntryPoint","urlTemplate":"https:\/\/radioinfinitagoya.com.ar\/v1\/?s={search_term_string}"},"query-input":{"@type":"PropertyValueSpecification","valueRequired":true,"valueName":"search_term_string"}}],"inLanguage":"es-AR"},{"@type":"Organization","@id":"https:\/\/radioinfinitagoya.com.ar\/v1\/#organization","name":"Radio Infinita Goya","url":"https:\/\/radioinfinitagoya.com.ar\/v1\/","logo":{"@type":"ImageObject","inLanguage":"es-AR","@id":"https:\/\/radioinfinitagoya.com.ar\/v1\/#\/schema\/logo\/image\/","url":"https:\/\/radioinfinitagoya.com.ar\/v1\/wp-content\/uploads\/2019\/11\/logo-pie-web.png","contentUrl":"https:\/\/radioinfinitagoya.com.ar\/v1\/wp-content\/uploads\/2019\/11\/logo-pie-web.png","width":635,"height":326,"caption":"Radio Infinita Goya"},"image":{"@id":"https:\/\/radioinfinitagoya.com.ar\/v1\/#\/schema\/logo\/image\/"},"sameAs":["https:\/\/www.facebook.com\/p\/Infinita-Goya-100063870918311\/"]},{"@type":"Person","@id":"https:\/\/radioinfinitagoya.com.ar\/v1\/#\/schema\/person\/d4cf9c413d4f6edb24aabdccab49ca4a","name":"Jorge Mi\u00f1o","image":{"@type":"ImageObject","inLanguage":"es-AR","@id":"https:\/\/secure.gravatar.com\/avatar\/910fcf6728fe95320e07a6643c1581fec1c7fc4bf8ae12e3d8f0d0373dc844be?s=96&d=mm&r=g","url":"https:\/\/secure.gravatar.com\/avatar\/910fcf6728fe95320e07a6643c1581fec1c7fc4bf8ae12e3d8f0d0373dc844be?s=96&d=mm&r=g","contentUrl":"https:\/\/secure.gravatar.com\/avatar\/910fcf6728fe95320e07a6643c1581fec1c7fc4bf8ae12e3d8f0d0373dc844be?s=96&d=mm&r=g","caption":"Jorge Mi\u00f1o"},"sameAs":["http:\/\/radioinfinitagoya.com.ar"]}]}},"_links":{"self":[{"href":"https:\/\/radioinfinitagoya.com.ar\/v1\/wp-json\/wp\/v2\/posts\/190361","targetHints":{"allow":["GET"]}}],"collection":[{"href":"https:\/\/radioinfinitagoya.com.ar\/v1\/wp-json\/wp\/v2\/posts"}],"about":[{"href":"https:\/\/radioinfinitagoya.com.ar\/v1\/wp-json\/wp\/v2\/types\/post"}],"author":[{"embeddable":true,"href":"https:\/\/radioinfinitagoya.com.ar\/v1\/wp-json\/wp\/v2\/users\/4"}],"replies":[{"embeddable":true,"href":"https:\/\/radioinfinitagoya.com.ar\/v1\/wp-json\/wp\/v2\/comments?post=190361"}],"version-history":[{"count":0,"href":"https:\/\/radioinfinitagoya.com.ar\/v1\/wp-json\/wp\/v2\/posts\/190361\/revisions"}],"wp:featuredmedia":[{"embeddable":true,"href":"https:\/\/radioinfinitagoya.com.ar\/v1\/wp-json\/wp\/v2\/media\/190362"}],"wp:attachment":[{"href":"https:\/\/radioinfinitagoya.com.ar\/v1\/wp-json\/wp\/v2\/media?parent=190361"}],"wp:term":[{"taxonomy":"category","embeddable":true,"href":"https:\/\/radioinfinitagoya.com.ar\/v1\/wp-json\/wp\/v2\/categories?post=190361"},{"taxonomy":"post_tag","embeddable":true,"href":"https:\/\/radioinfinitagoya.com.ar\/v1\/wp-json\/wp\/v2\/tags?post=190361"}],"curies":[{"name":"wp","href":"https:\/\/api.w.org\/{rel}","templated":true}]}}