{"id":190382,"date":"2025-05-19T16:29:57","date_gmt":"2025-05-19T19:29:57","guid":{"rendered":"https:\/\/radioinfinitagoya.com.ar\/v1\/?p=190382"},"modified":"2025-05-19T16:29:57","modified_gmt":"2025-05-19T19:29:57","slug":"la-aventura-de-otono-capto-la-participacion-de-corredores-de-gran-parte-del-pais","status":"publish","type":"post","link":"https:\/\/radioinfinitagoya.com.ar\/v1\/2025\/05\/19\/la-aventura-de-otono-capto-la-participacion-de-corredores-de-gran-parte-del-pais\/","title":{"rendered":"La aventura de oto\u00f1o capt\u00f3 la participaci\u00f3n de corredores de gran parte del pa\u00eds"},"content":{"rendered":"<p>La Oto\u00f1o Trail Run en su 9\u00aa Edici\u00f3n fue para Karen Troche de Concepci\u00f3n del Uruguay, Entre R\u00edos y para el Misionero de Jard\u00edn de Am\u00e9rica Lucas Bareiro<\/p>\n<p>Con la participaci\u00f3n de alrededor de 400 corredores de Corrientes, Chaco; Formosa; Misiones, Entre R\u00edos, Santa Fe y Buenos Aires, la Aventura de Oto\u00f1o llego al final con un componente en la jornada del domingo, en el Parque Acu\u00e1tico Goya, la intensa y copiosa lluvia registrada en nuestra ciudad.<\/p>\n<p>Con el objetivo de resguardar la integridad f\u00edsica de los competidores, este hecho llev\u00f3 a la organizaci\u00f3n consensuando con los participantes a retrasar el horario de la largada, sin llegar a suspender la carrera.<\/p>\n<p>Este a\u00f1o, y por 5to a\u00f1o consecutivo, forma parte de un Campeonato puntuable llamado \u201cCIRCUITO CORRENTINO DE RUNNING 2025\u201d, vale mencionar la disputada el domingo corresponde a la 2da fecha de dicho Circuito de all\u00ed la presencia de los atletas de este certamen, agreg\u00e1ndose corredores de otros puntos del pa\u00eds, que le dieron el marco brillante a la 9\u00aa Edici\u00f3n.<\/p>\n<p>La Oto\u00f1o Goya Trail Run 9\u00aa Edici\u00f3n fue organizada por el Grupo \u201cModo Runner Team\u201d, y el Municipio de Goya, a trav\u00e9s de la Direcci\u00f3n de Deportes. Contando con el apoyo de diferentes \u00e1reas municipales, y el auspicio de empresas locales.<\/p>\n<p>Desde la Organizaci\u00f3n adem\u00e1s de reconocer y agradecer el invalorable aporte y apoyo desde la Municipalidad, del Intendente Mariano Hormaechea y todo el equipo municipal, destacan el apoyo y asistencia de APS Municipal con la presencia de la Unidad M\u00f3vil (Ambulancia), el equipo de Emergencia (EMU) que han respondido a la prestaci\u00f3n del servicio a corredores que han requerido de esa asistencia, producto del rigor f\u00edsico, de las condiciones del circuito como producto de la intensa lluvia ca\u00edda en pleno desarrollo de la competencia, de igual manera los responsables de los equipos de atletas hicieron llegar su gratitud por la atenci\u00f3n recibida.<\/p>\n<p>Otro dato de mencionar, la presencia en la Gran Aventura del Director de Deportes Alejandro Lago, como un corredor m\u00e1s, cumpliendo con el objetivo de completar el circuito de los 12K,<\/p>\n<p>Recordemos que la competencia ofreci\u00f3 3 distancias: 5km, 12km y 21km.<\/p>\n<p>La organizaci\u00f3n fij\u00f3 circuitos alternativos para garantizar la seguridad de los corredores y la realizaci\u00f3n de la carrera, pero en l\u00edneas generales se puede describir a las 3 distancias como de baja a moderada dificultad lo que torn\u00f3 muy atractiva tanto para debutantes en la especialidad, como para aquellos con m\u00e1s experiencias en esta modalidad.<\/p>\n<p>Despu\u00e9s de casi tres horas de carrera, lleg\u00f3 el momento de la entrega por parte de CRC Sistema de la clasificaci\u00f3n general de la 9\u00aa Edici\u00f3n de la Aventura de Oto\u00f1o, en las 3 distancias 5; 12 y 21 K en ambas categor\u00edas femenino y masculino.<\/p>\n<p>Para posteriormente proceder a la premiaci\u00f3n en cada una de las distancias previstas en la competencia, pero all\u00ed no concluyo la Oto\u00f1o, consensuado entre organizadores, corredores y colaboradores, usando el cotill\u00f3n y elementos necesarios, se desat\u00f3 el carnaval, baile, m\u00fasica y sorteos, dando el cl\u00e1sico clima festivo del desaf\u00edo en nuestra ciudad.<\/p>\n<p>CLASIFICACI\u00d3N GENERAL<\/p>\n<p>DISTANCIA 5 K<\/p>\n<p>FEMENINO:<\/p>\n<p>1\u00aa Brenda Fabiana Insaurralde Goya (Corrientes Corre)<\/p>\n<p>2\u00aa Priscila Romero Goya<\/p>\n<p>3\u00aa Ana Tiara Ben\u00edtez Ojeda Corrientes (Corrientes Corre)<\/p>\n<p>MASCULINO:<\/p>\n<p>1\u00ba Agust\u00edn Arriola Goya (Modo Runner Team)<\/p>\n<p>2\u00ba Jos\u00e9 Lacuadra Esquina<\/p>\n<p>3\u00ba Dar\u00edo Joaqu\u00edn Monz\u00f3n Federaci\u00f3n (Entre R\u00edos)<\/p>\n<p>DISTANCIA 12 K<\/p>\n<p>FEMENINO:<\/p>\n<p>1\u00aa Cinthia Andrea Soto Resistencia (Chaco)<\/p>\n<p>2\u00aa Clara Vel\u00e1zquez Goya (Punto de Entrenamiento)<\/p>\n<p>3\u00aa Luciana Jacobi Viale (E. R\u00edos) Club de Atletas J.M Tablada<\/p>\n<p>MASCULINO:<\/p>\n<p>1\u00ba V\u00edctor Elias Molina Bella Vista (MR Team)<\/p>\n<p>2\u00ba Mauro esteban Rano Resistencia (Chaco)<\/p>\n<p>3\u00ba Jos\u00e9 Luis Maciel Goya (VyR)<\/p>\n<p>DISTANCIA 21K<\/p>\n<p>FEMENINO:<\/p>\n<p>1\u00aa Karen Troche Concepci\u00f3n del Uruguay (E. R\u00edos)<\/p>\n<p>2\u00aa M\u00f3nica Daniela Aubel Monte Caseros (3 Fronteras Running)<\/p>\n<p>3\u00aa Ang\u00e9lica Maribel Melnik Entre R\u00edos<\/p>\n<p>MASCULINO:<\/p>\n<p>1\u00ba Lucas Bareiro Jard\u00edn de Am\u00e9rica (Misiones)<\/p>\n<p>2\u00ba Sergio Daniel P\u00e9rez Goya (Modo Runner Team)<\/p>\n<p>3\u00ba Luis Villalba Bella Vista (Me Running Team)<\/p>\n<p>Con gran adhesi\u00f3n de competidores concluy\u00f3 la 9\u00aa Edici\u00f3n de la Oto\u00f1o Trail Run de Goya, un dato que aporta esta carrera la entrega de los Voucher a los ganadores en la distancia de 21k, femenino y masculino, un cupo liberado (inscripci\u00f3n) para la pr\u00f3xima fecha del Circuito Correntino, el Desaf\u00edo Torop\u00ed en Bella Vista.<\/p>\n<p>Direcci\u00f3n de Prensa-Municipalidad de Goya<\/p>\n<p>&nbsp;<\/p>\n","protected":false},"excerpt":{"rendered":"<p>La Oto\u00f1o Trail Run en su 9\u00aa Edici\u00f3n fue para Karen Troche de Concepci\u00f3n del Uruguay, Entre R\u00edos y para el Misionero de Jard\u00edn de Am\u00e9rica Lucas Bareiro Con la participaci\u00f3n de alrededor de 400 corredores de Corrientes, Chaco; Formosa; Misiones, Entre R\u00edos, Santa Fe y Buenos Aires, la Aventura de Oto\u00f1o llego al final [&hellip;]<\/p>\n","protected":false},"author":4,"featured_media":190383,"comment_status":"closed","ping_status":"closed","sticky":false,"template":"","format":"standard","meta":{"_joinchat":[],"footnotes":""},"categories":[28],"tags":[],"class_list":{"0":"post-190382","1":"post","2":"type-post","3":"status-publish","4":"format-standard","5":"has-post-thumbnail","7":"category-deportes"},"yoast_head":"<!-- This site is optimized with the Yoast SEO plugin v27.2 - https:\/\/yoast.com\/product\/yoast-seo-wordpress\/ -->\n<title>La aventura de oto\u00f1o capt\u00f3 la participaci\u00f3n de corredores de gran parte del pa\u00eds - Radio Infinita Goya<\/title>\n<meta name=\"description\" content=\"La Oto\u00f1o Trail Run en su 9\u00aa Edici\u00f3n fue para Karen Troche de Concepci\u00f3n del Uruguay, Entre R\u00edos y para el Misionero de Jard\u00edn de Am\u00e9rica Lucas Bareiro Con\" \/>\n<meta name=\"robots\" content=\"index, follow, max-snippet:-1, max-image-preview:large, max-video-preview:-1\" \/>\n<link rel=\"canonical\" href=\"https:\/\/radioinfinitagoya.com.ar\/v1\/2025\/05\/19\/la-aventura-de-otono-capto-la-participacion-de-corredores-de-gran-parte-del-pais\/\" \/>\n<meta property=\"og:locale\" content=\"es_ES\" \/>\n<meta property=\"og:type\" content=\"article\" \/>\n<meta property=\"og:title\" content=\"La aventura de oto\u00f1o capt\u00f3 la participaci\u00f3n de corredores de gran parte del pa\u00eds - Radio Infinita Goya\" \/>\n<meta property=\"og:description\" content=\"La Oto\u00f1o Trail Run en su 9\u00aa Edici\u00f3n fue para Karen Troche de Concepci\u00f3n del Uruguay, Entre R\u00edos y para el Misionero de Jard\u00edn de Am\u00e9rica Lucas Bareiro Con\" \/>\n<meta property=\"og:url\" content=\"https:\/\/radioinfinitagoya.com.ar\/v1\/2025\/05\/19\/la-aventura-de-otono-capto-la-participacion-de-corredores-de-gran-parte-del-pais\/\" \/>\n<meta property=\"og:site_name\" content=\"Radio Infinita Goya\" \/>\n<meta property=\"article:publisher\" content=\"https:\/\/www.facebook.com\/p\/Infinita-Goya-100063870918311\/\" \/>\n<meta property=\"article:published_time\" content=\"2025-05-19T19:29:57+00:00\" \/>\n<meta property=\"og:image\" content=\"https:\/\/radioinfinitagoya.com.ar\/v1\/wp-content\/uploads\/2025\/05\/9a_otono_trail_run_goy.jpg\" \/>\n\t<meta property=\"og:image:width\" content=\"848\" \/>\n\t<meta property=\"og:image:height\" content=\"477\" \/>\n\t<meta property=\"og:image:type\" content=\"image\/jpeg\" \/>\n<meta name=\"author\" content=\"Jorge Mi\u00f1o\" \/>\n<meta name=\"twitter:card\" content=\"summary_large_image\" \/>\n<meta name=\"twitter:label1\" content=\"Escrito por\" \/>\n\t<meta name=\"twitter:data1\" content=\"Jorge Mi\u00f1o\" \/>\n\t<meta name=\"twitter:label2\" content=\"Tiempo de lectura\" \/>\n\t<meta name=\"twitter:data2\" content=\"4 minutos\" \/>\n<script type=\"application\/ld+json\" class=\"yoast-schema-graph\">{\"@context\":\"https:\/\/schema.org\",\"@graph\":[{\"@type\":\"Article\",\"@id\":\"https:\/\/radioinfinitagoya.com.ar\/v1\/2025\/05\/19\/la-aventura-de-otono-capto-la-participacion-de-corredores-de-gran-parte-del-pais\/#article\",\"isPartOf\":{\"@id\":\"https:\/\/radioinfinitagoya.com.ar\/v1\/2025\/05\/19\/la-aventura-de-otono-capto-la-participacion-de-corredores-de-gran-parte-del-pais\/\"},\"author\":{\"name\":\"Jorge Mi\u00f1o\",\"@id\":\"https:\/\/radioinfinitagoya.com.ar\/v1\/#\/schema\/person\/d4cf9c413d4f6edb24aabdccab49ca4a\"},\"headline\":\"La aventura de oto\u00f1o capt\u00f3 la participaci\u00f3n de corredores de gran parte del pa\u00eds\",\"datePublished\":\"2025-05-19T19:29:57+00:00\",\"mainEntityOfPage\":{\"@id\":\"https:\/\/radioinfinitagoya.com.ar\/v1\/2025\/05\/19\/la-aventura-de-otono-capto-la-participacion-de-corredores-de-gran-parte-del-pais\/\"},\"wordCount\":767,\"publisher\":{\"@id\":\"https:\/\/radioinfinitagoya.com.ar\/v1\/#organization\"},\"image\":{\"@id\":\"https:\/\/radioinfinitagoya.com.ar\/v1\/2025\/05\/19\/la-aventura-de-otono-capto-la-participacion-de-corredores-de-gran-parte-del-pais\/#primaryimage\"},\"thumbnailUrl\":\"https:\/\/radioinfinitagoya.com.ar\/v1\/wp-content\/uploads\/2025\/05\/9a_otono_trail_run_goy.jpg\",\"articleSection\":[\"DEPORTES\"],\"inLanguage\":\"es-AR\"},{\"@type\":\"WebPage\",\"@id\":\"https:\/\/radioinfinitagoya.com.ar\/v1\/2025\/05\/19\/la-aventura-de-otono-capto-la-participacion-de-corredores-de-gran-parte-del-pais\/\",\"url\":\"https:\/\/radioinfinitagoya.com.ar\/v1\/2025\/05\/19\/la-aventura-de-otono-capto-la-participacion-de-corredores-de-gran-parte-del-pais\/\",\"name\":\"La aventura de oto\u00f1o capt\u00f3 la participaci\u00f3n de corredores de gran parte del pa\u00eds - Radio Infinita Goya\",\"isPartOf\":{\"@id\":\"https:\/\/radioinfinitagoya.com.ar\/v1\/#website\"},\"primaryImageOfPage\":{\"@id\":\"https:\/\/radioinfinitagoya.com.ar\/v1\/2025\/05\/19\/la-aventura-de-otono-capto-la-participacion-de-corredores-de-gran-parte-del-pais\/#primaryimage\"},\"image\":{\"@id\":\"https:\/\/radioinfinitagoya.com.ar\/v1\/2025\/05\/19\/la-aventura-de-otono-capto-la-participacion-de-corredores-de-gran-parte-del-pais\/#primaryimage\"},\"thumbnailUrl\":\"https:\/\/radioinfinitagoya.com.ar\/v1\/wp-content\/uploads\/2025\/05\/9a_otono_trail_run_goy.jpg\",\"datePublished\":\"2025-05-19T19:29:57+00:00\",\"description\":\"La Oto\u00f1o Trail Run en su 9\u00aa Edici\u00f3n fue para Karen Troche de Concepci\u00f3n del Uruguay, Entre R\u00edos y para el Misionero de Jard\u00edn de Am\u00e9rica Lucas Bareiro Con\",\"breadcrumb\":{\"@id\":\"https:\/\/radioinfinitagoya.com.ar\/v1\/2025\/05\/19\/la-aventura-de-otono-capto-la-participacion-de-corredores-de-gran-parte-del-pais\/#breadcrumb\"},\"inLanguage\":\"es-AR\",\"potentialAction\":[{\"@type\":\"ReadAction\",\"target\":[\"https:\/\/radioinfinitagoya.com.ar\/v1\/2025\/05\/19\/la-aventura-de-otono-capto-la-participacion-de-corredores-de-gran-parte-del-pais\/\"]}]},{\"@type\":\"ImageObject\",\"inLanguage\":\"es-AR\",\"@id\":\"https:\/\/radioinfinitagoya.com.ar\/v1\/2025\/05\/19\/la-aventura-de-otono-capto-la-participacion-de-corredores-de-gran-parte-del-pais\/#primaryimage\",\"url\":\"https:\/\/radioinfinitagoya.com.ar\/v1\/wp-content\/uploads\/2025\/05\/9a_otono_trail_run_goy.jpg\",\"contentUrl\":\"https:\/\/radioinfinitagoya.com.ar\/v1\/wp-content\/uploads\/2025\/05\/9a_otono_trail_run_goy.jpg\",\"width\":848,\"height\":477},{\"@type\":\"BreadcrumbList\",\"@id\":\"https:\/\/radioinfinitagoya.com.ar\/v1\/2025\/05\/19\/la-aventura-de-otono-capto-la-participacion-de-corredores-de-gran-parte-del-pais\/#breadcrumb\",\"itemListElement\":[{\"@type\":\"ListItem\",\"position\":1,\"name\":\"Inicio\",\"item\":\"https:\/\/radioinfinitagoya.com.ar\/v1\/\"},{\"@type\":\"ListItem\",\"position\":2,\"name\":\"La aventura de oto\u00f1o capt\u00f3 la participaci\u00f3n de corredores de gran parte del pa\u00eds\"}]},{\"@type\":\"WebSite\",\"@id\":\"https:\/\/radioinfinitagoya.com.ar\/v1\/#website\",\"url\":\"https:\/\/radioinfinitagoya.com.ar\/v1\/\",\"name\":\"radioinfinitagoya.com.ar\",\"description\":\"Radio de noticias\",\"publisher\":{\"@id\":\"https:\/\/radioinfinitagoya.com.ar\/v1\/#organization\"},\"potentialAction\":[{\"@type\":\"SearchAction\",\"target\":{\"@type\":\"EntryPoint\",\"urlTemplate\":\"https:\/\/radioinfinitagoya.com.ar\/v1\/?s={search_term_string}\"},\"query-input\":{\"@type\":\"PropertyValueSpecification\",\"valueRequired\":true,\"valueName\":\"search_term_string\"}}],\"inLanguage\":\"es-AR\"},{\"@type\":\"Organization\",\"@id\":\"https:\/\/radioinfinitagoya.com.ar\/v1\/#organization\",\"name\":\"Radio Infinita Goya\",\"url\":\"https:\/\/radioinfinitagoya.com.ar\/v1\/\",\"logo\":{\"@type\":\"ImageObject\",\"inLanguage\":\"es-AR\",\"@id\":\"https:\/\/radioinfinitagoya.com.ar\/v1\/#\/schema\/logo\/image\/\",\"url\":\"https:\/\/radioinfinitagoya.com.ar\/v1\/wp-content\/uploads\/2019\/11\/logo-pie-web.png\",\"contentUrl\":\"https:\/\/radioinfinitagoya.com.ar\/v1\/wp-content\/uploads\/2019\/11\/logo-pie-web.png\",\"width\":635,\"height\":326,\"caption\":\"Radio Infinita Goya\"},\"image\":{\"@id\":\"https:\/\/radioinfinitagoya.com.ar\/v1\/#\/schema\/logo\/image\/\"},\"sameAs\":[\"https:\/\/www.facebook.com\/p\/Infinita-Goya-100063870918311\/\"]},{\"@type\":\"Person\",\"@id\":\"https:\/\/radioinfinitagoya.com.ar\/v1\/#\/schema\/person\/d4cf9c413d4f6edb24aabdccab49ca4a\",\"name\":\"Jorge Mi\u00f1o\",\"image\":{\"@type\":\"ImageObject\",\"inLanguage\":\"es-AR\",\"@id\":\"https:\/\/secure.gravatar.com\/avatar\/910fcf6728fe95320e07a6643c1581fec1c7fc4bf8ae12e3d8f0d0373dc844be?s=96&d=mm&r=g\",\"url\":\"https:\/\/secure.gravatar.com\/avatar\/910fcf6728fe95320e07a6643c1581fec1c7fc4bf8ae12e3d8f0d0373dc844be?s=96&d=mm&r=g\",\"contentUrl\":\"https:\/\/secure.gravatar.com\/avatar\/910fcf6728fe95320e07a6643c1581fec1c7fc4bf8ae12e3d8f0d0373dc844be?s=96&d=mm&r=g\",\"caption\":\"Jorge Mi\u00f1o\"},\"sameAs\":[\"http:\/\/radioinfinitagoya.com.ar\"]}]}<\/script>\n<!-- \/ Yoast SEO plugin. -->","yoast_head_json":{"title":"La aventura de oto\u00f1o capt\u00f3 la participaci\u00f3n de corredores de gran parte del pa\u00eds - Radio Infinita Goya","description":"La Oto\u00f1o Trail Run en su 9\u00aa Edici\u00f3n fue para Karen Troche de Concepci\u00f3n del Uruguay, Entre R\u00edos y para el Misionero de Jard\u00edn de Am\u00e9rica Lucas Bareiro Con","robots":{"index":"index","follow":"follow","max-snippet":"max-snippet:-1","max-image-preview":"max-image-preview:large","max-video-preview":"max-video-preview:-1"},"canonical":"https:\/\/radioinfinitagoya.com.ar\/v1\/2025\/05\/19\/la-aventura-de-otono-capto-la-participacion-de-corredores-de-gran-parte-del-pais\/","og_locale":"es_ES","og_type":"article","og_title":"La aventura de oto\u00f1o capt\u00f3 la participaci\u00f3n de corredores de gran parte del pa\u00eds - Radio Infinita Goya","og_description":"La Oto\u00f1o Trail Run en su 9\u00aa Edici\u00f3n fue para Karen Troche de Concepci\u00f3n del Uruguay, Entre R\u00edos y para el Misionero de Jard\u00edn de Am\u00e9rica Lucas Bareiro Con","og_url":"https:\/\/radioinfinitagoya.com.ar\/v1\/2025\/05\/19\/la-aventura-de-otono-capto-la-participacion-de-corredores-de-gran-parte-del-pais\/","og_site_name":"Radio Infinita Goya","article_publisher":"https:\/\/www.facebook.com\/p\/Infinita-Goya-100063870918311\/","article_published_time":"2025-05-19T19:29:57+00:00","og_image":[{"width":848,"height":477,"url":"https:\/\/radioinfinitagoya.com.ar\/v1\/wp-content\/uploads\/2025\/05\/9a_otono_trail_run_goy.jpg","type":"image\/jpeg"}],"author":"Jorge Mi\u00f1o","twitter_card":"summary_large_image","twitter_misc":{"Escrito por":"Jorge Mi\u00f1o","Tiempo de lectura":"4 minutos"},"schema":{"@context":"https:\/\/schema.org","@graph":[{"@type":"Article","@id":"https:\/\/radioinfinitagoya.com.ar\/v1\/2025\/05\/19\/la-aventura-de-otono-capto-la-participacion-de-corredores-de-gran-parte-del-pais\/#article","isPartOf":{"@id":"https:\/\/radioinfinitagoya.com.ar\/v1\/2025\/05\/19\/la-aventura-de-otono-capto-la-participacion-de-corredores-de-gran-parte-del-pais\/"},"author":{"name":"Jorge Mi\u00f1o","@id":"https:\/\/radioinfinitagoya.com.ar\/v1\/#\/schema\/person\/d4cf9c413d4f6edb24aabdccab49ca4a"},"headline":"La aventura de oto\u00f1o capt\u00f3 la participaci\u00f3n de corredores de gran parte del pa\u00eds","datePublished":"2025-05-19T19:29:57+00:00","mainEntityOfPage":{"@id":"https:\/\/radioinfinitagoya.com.ar\/v1\/2025\/05\/19\/la-aventura-de-otono-capto-la-participacion-de-corredores-de-gran-parte-del-pais\/"},"wordCount":767,"publisher":{"@id":"https:\/\/radioinfinitagoya.com.ar\/v1\/#organization"},"image":{"@id":"https:\/\/radioinfinitagoya.com.ar\/v1\/2025\/05\/19\/la-aventura-de-otono-capto-la-participacion-de-corredores-de-gran-parte-del-pais\/#primaryimage"},"thumbnailUrl":"https:\/\/radioinfinitagoya.com.ar\/v1\/wp-content\/uploads\/2025\/05\/9a_otono_trail_run_goy.jpg","articleSection":["DEPORTES"],"inLanguage":"es-AR"},{"@type":"WebPage","@id":"https:\/\/radioinfinitagoya.com.ar\/v1\/2025\/05\/19\/la-aventura-de-otono-capto-la-participacion-de-corredores-de-gran-parte-del-pais\/","url":"https:\/\/radioinfinitagoya.com.ar\/v1\/2025\/05\/19\/la-aventura-de-otono-capto-la-participacion-de-corredores-de-gran-parte-del-pais\/","name":"La aventura de oto\u00f1o capt\u00f3 la participaci\u00f3n de corredores de gran parte del pa\u00eds - Radio Infinita Goya","isPartOf":{"@id":"https:\/\/radioinfinitagoya.com.ar\/v1\/#website"},"primaryImageOfPage":{"@id":"https:\/\/radioinfinitagoya.com.ar\/v1\/2025\/05\/19\/la-aventura-de-otono-capto-la-participacion-de-corredores-de-gran-parte-del-pais\/#primaryimage"},"image":{"@id":"https:\/\/radioinfinitagoya.com.ar\/v1\/2025\/05\/19\/la-aventura-de-otono-capto-la-participacion-de-corredores-de-gran-parte-del-pais\/#primaryimage"},"thumbnailUrl":"https:\/\/radioinfinitagoya.com.ar\/v1\/wp-content\/uploads\/2025\/05\/9a_otono_trail_run_goy.jpg","datePublished":"2025-05-19T19:29:57+00:00","description":"La Oto\u00f1o Trail Run en su 9\u00aa Edici\u00f3n fue para Karen Troche de Concepci\u00f3n del Uruguay, Entre R\u00edos y para el Misionero de Jard\u00edn de Am\u00e9rica Lucas Bareiro Con","breadcrumb":{"@id":"https:\/\/radioinfinitagoya.com.ar\/v1\/2025\/05\/19\/la-aventura-de-otono-capto-la-participacion-de-corredores-de-gran-parte-del-pais\/#breadcrumb"},"inLanguage":"es-AR","potentialAction":[{"@type":"ReadAction","target":["https:\/\/radioinfinitagoya.com.ar\/v1\/2025\/05\/19\/la-aventura-de-otono-capto-la-participacion-de-corredores-de-gran-parte-del-pais\/"]}]},{"@type":"ImageObject","inLanguage":"es-AR","@id":"https:\/\/radioinfinitagoya.com.ar\/v1\/2025\/05\/19\/la-aventura-de-otono-capto-la-participacion-de-corredores-de-gran-parte-del-pais\/#primaryimage","url":"https:\/\/radioinfinitagoya.com.ar\/v1\/wp-content\/uploads\/2025\/05\/9a_otono_trail_run_goy.jpg","contentUrl":"https:\/\/radioinfinitagoya.com.ar\/v1\/wp-content\/uploads\/2025\/05\/9a_otono_trail_run_goy.jpg","width":848,"height":477},{"@type":"BreadcrumbList","@id":"https:\/\/radioinfinitagoya.com.ar\/v1\/2025\/05\/19\/la-aventura-de-otono-capto-la-participacion-de-corredores-de-gran-parte-del-pais\/#breadcrumb","itemListElement":[{"@type":"ListItem","position":1,"name":"Inicio","item":"https:\/\/radioinfinitagoya.com.ar\/v1\/"},{"@type":"ListItem","position":2,"name":"La aventura de oto\u00f1o capt\u00f3 la participaci\u00f3n de corredores de gran parte del pa\u00eds"}]},{"@type":"WebSite","@id":"https:\/\/radioinfinitagoya.com.ar\/v1\/#website","url":"https:\/\/radioinfinitagoya.com.ar\/v1\/","name":"radioinfinitagoya.com.ar","description":"Radio de noticias","publisher":{"@id":"https:\/\/radioinfinitagoya.com.ar\/v1\/#organization"},"potentialAction":[{"@type":"SearchAction","target":{"@type":"EntryPoint","urlTemplate":"https:\/\/radioinfinitagoya.com.ar\/v1\/?s={search_term_string}"},"query-input":{"@type":"PropertyValueSpecification","valueRequired":true,"valueName":"search_term_string"}}],"inLanguage":"es-AR"},{"@type":"Organization","@id":"https:\/\/radioinfinitagoya.com.ar\/v1\/#organization","name":"Radio Infinita Goya","url":"https:\/\/radioinfinitagoya.com.ar\/v1\/","logo":{"@type":"ImageObject","inLanguage":"es-AR","@id":"https:\/\/radioinfinitagoya.com.ar\/v1\/#\/schema\/logo\/image\/","url":"https:\/\/radioinfinitagoya.com.ar\/v1\/wp-content\/uploads\/2019\/11\/logo-pie-web.png","contentUrl":"https:\/\/radioinfinitagoya.com.ar\/v1\/wp-content\/uploads\/2019\/11\/logo-pie-web.png","width":635,"height":326,"caption":"Radio Infinita Goya"},"image":{"@id":"https:\/\/radioinfinitagoya.com.ar\/v1\/#\/schema\/logo\/image\/"},"sameAs":["https:\/\/www.facebook.com\/p\/Infinita-Goya-100063870918311\/"]},{"@type":"Person","@id":"https:\/\/radioinfinitagoya.com.ar\/v1\/#\/schema\/person\/d4cf9c413d4f6edb24aabdccab49ca4a","name":"Jorge Mi\u00f1o","image":{"@type":"ImageObject","inLanguage":"es-AR","@id":"https:\/\/secure.gravatar.com\/avatar\/910fcf6728fe95320e07a6643c1581fec1c7fc4bf8ae12e3d8f0d0373dc844be?s=96&d=mm&r=g","url":"https:\/\/secure.gravatar.com\/avatar\/910fcf6728fe95320e07a6643c1581fec1c7fc4bf8ae12e3d8f0d0373dc844be?s=96&d=mm&r=g","contentUrl":"https:\/\/secure.gravatar.com\/avatar\/910fcf6728fe95320e07a6643c1581fec1c7fc4bf8ae12e3d8f0d0373dc844be?s=96&d=mm&r=g","caption":"Jorge Mi\u00f1o"},"sameAs":["http:\/\/radioinfinitagoya.com.ar"]}]}},"_links":{"self":[{"href":"https:\/\/radioinfinitagoya.com.ar\/v1\/wp-json\/wp\/v2\/posts\/190382","targetHints":{"allow":["GET"]}}],"collection":[{"href":"https:\/\/radioinfinitagoya.com.ar\/v1\/wp-json\/wp\/v2\/posts"}],"about":[{"href":"https:\/\/radioinfinitagoya.com.ar\/v1\/wp-json\/wp\/v2\/types\/post"}],"author":[{"embeddable":true,"href":"https:\/\/radioinfinitagoya.com.ar\/v1\/wp-json\/wp\/v2\/users\/4"}],"replies":[{"embeddable":true,"href":"https:\/\/radioinfinitagoya.com.ar\/v1\/wp-json\/wp\/v2\/comments?post=190382"}],"version-history":[{"count":0,"href":"https:\/\/radioinfinitagoya.com.ar\/v1\/wp-json\/wp\/v2\/posts\/190382\/revisions"}],"wp:featuredmedia":[{"embeddable":true,"href":"https:\/\/radioinfinitagoya.com.ar\/v1\/wp-json\/wp\/v2\/media\/190383"}],"wp:attachment":[{"href":"https:\/\/radioinfinitagoya.com.ar\/v1\/wp-json\/wp\/v2\/media?parent=190382"}],"wp:term":[{"taxonomy":"category","embeddable":true,"href":"https:\/\/radioinfinitagoya.com.ar\/v1\/wp-json\/wp\/v2\/categories?post=190382"},{"taxonomy":"post_tag","embeddable":true,"href":"https:\/\/radioinfinitagoya.com.ar\/v1\/wp-json\/wp\/v2\/tags?post=190382"}],"curies":[{"name":"wp","href":"https:\/\/api.w.org\/{rel}","templated":true}]}}