{"id":190601,"date":"2025-05-23T16:50:00","date_gmt":"2025-05-23T19:50:00","guid":{"rendered":"https:\/\/radioinfinitagoya.com.ar\/v1\/?p=190601"},"modified":"2025-05-23T16:50:00","modified_gmt":"2025-05-23T19:50:00","slug":"el-intendente-firmo-re-categorizacion-de-personal-municipal","status":"publish","type":"post","link":"https:\/\/radioinfinitagoya.com.ar\/v1\/2025\/05\/23\/el-intendente-firmo-re-categorizacion-de-personal-municipal\/","title":{"rendered":"El Intendente firm\u00f3 re categorizaci\u00f3n de personal municipal"},"content":{"rendered":"<p>Con el objetivo de asegurar y promover la carrera administrativa de Agentes Municipales, respondiendo, asegurando y promoviendo la carrera administrativa, en cumplimiento de normativas vigentes, el intendente Mariano Hormaechea certifico la re categorizaci\u00f3n de empleados municipales.<\/p>\n<p>Cabe recordar que en su mensaje de apertura de Sesiones del HCD, del presente periodo, el Hormaechea anuncio: \u201cuna evaluaci\u00f3n integral para la re categorizaci\u00f3n del personal municipal, que cumpla con las condiciones establecidas, garantizando as\u00ed transparencia, equidad y di\u00e1logo en beneficio de nuestros trabajadores municipales\u201d.<\/p>\n<p>Esta medida, se dicta en uso de las atribuciones conferidas por el art\u00edculo 98 inc. 9\u00ba) de la Carta Org\u00e1nica Municipal, que contempla cambios de categor\u00eda, aprobada mediante las Resoluciones del Departamento Ejecutivo Municipal, Nros: 827 \/ 828 \/ 829 \/ 830 \/ 831 \/ 832 \/ 833 \/ 834 \/ 835.<\/p>\n<p>Estas resoluciones fueron firmados por el intendente Mariano Hormaechea y el Secretario de Gobierno, Pablo Fern\u00e1ndez. Las mencionadas Resoluciones establecen: Disponer la Re categorizaci\u00f3n a partir del 01 de Mayo de 2025, a los agentes municipales.<\/p>\n<p>Direcci\u00f3n de Prensa &#8211; Municipalidad de Goya<\/p>\n","protected":false},"excerpt":{"rendered":"<p>Con el objetivo de asegurar y promover la carrera administrativa de Agentes Municipales, respondiendo, asegurando y promoviendo la carrera administrativa, en cumplimiento de normativas vigentes, el intendente Mariano Hormaechea certifico la re categorizaci\u00f3n de empleados municipales. Cabe recordar que en su mensaje de apertura de Sesiones del HCD, del presente periodo, el Hormaechea anuncio: \u201cuna [&hellip;]<\/p>\n","protected":false},"author":4,"featured_media":190602,"comment_status":"closed","ping_status":"closed","sticky":false,"template":"","format":"standard","meta":{"_joinchat":[],"footnotes":""},"categories":[27],"tags":[],"class_list":{"0":"post-190601","1":"post","2":"type-post","3":"status-publish","4":"format-standard","5":"has-post-thumbnail","7":"category-locales"},"yoast_head":"<!-- This site is optimized with the Yoast SEO plugin v27.2 - https:\/\/yoast.com\/product\/yoast-seo-wordpress\/ -->\n<title>El Intendente firm\u00f3 re categorizaci\u00f3n de personal municipal - Radio Infinita Goya<\/title>\n<meta name=\"description\" content=\"Con el objetivo de asegurar y promover la carrera administrativa de Agentes Municipales, respondiendo, asegurando y promoviendo la carrera administrativa,\" \/>\n<meta name=\"robots\" content=\"index, follow, max-snippet:-1, max-image-preview:large, max-video-preview:-1\" \/>\n<link rel=\"canonical\" href=\"https:\/\/radioinfinitagoya.com.ar\/v1\/2025\/05\/23\/el-intendente-firmo-re-categorizacion-de-personal-municipal\/\" \/>\n<meta property=\"og:locale\" content=\"es_ES\" \/>\n<meta property=\"og:type\" content=\"article\" \/>\n<meta property=\"og:title\" content=\"El Intendente firm\u00f3 re categorizaci\u00f3n de personal municipal - Radio Infinita Goya\" \/>\n<meta property=\"og:description\" content=\"Con el objetivo de asegurar y promover la carrera administrativa de Agentes Municipales, respondiendo, asegurando y promoviendo la carrera administrativa,\" \/>\n<meta property=\"og:url\" content=\"https:\/\/radioinfinitagoya.com.ar\/v1\/2025\/05\/23\/el-intendente-firmo-re-categorizacion-de-personal-municipal\/\" \/>\n<meta property=\"og:site_name\" content=\"Radio Infinita Goya\" \/>\n<meta property=\"article:publisher\" content=\"https:\/\/www.facebook.com\/p\/Infinita-Goya-100063870918311\/\" \/>\n<meta property=\"article:published_time\" content=\"2025-05-23T19:50:00+00:00\" \/>\n<meta property=\"og:image\" content=\"https:\/\/radioinfinitagoya.com.ar\/v1\/wp-content\/uploads\/2025\/05\/firmaa.jpg\" \/>\n\t<meta property=\"og:image:width\" content=\"848\" \/>\n\t<meta property=\"og:image:height\" content=\"477\" \/>\n\t<meta property=\"og:image:type\" content=\"image\/jpeg\" \/>\n<meta name=\"author\" content=\"Jorge Mi\u00f1o\" \/>\n<meta name=\"twitter:card\" content=\"summary_large_image\" \/>\n<meta name=\"twitter:label1\" content=\"Escrito por\" \/>\n\t<meta name=\"twitter:data1\" content=\"Jorge Mi\u00f1o\" \/>\n\t<meta name=\"twitter:label2\" content=\"Tiempo de lectura\" \/>\n\t<meta name=\"twitter:data2\" content=\"2 minutos\" \/>\n<script type=\"application\/ld+json\" class=\"yoast-schema-graph\">{\"@context\":\"https:\/\/schema.org\",\"@graph\":[{\"@type\":\"Article\",\"@id\":\"https:\/\/radioinfinitagoya.com.ar\/v1\/2025\/05\/23\/el-intendente-firmo-re-categorizacion-de-personal-municipal\/#article\",\"isPartOf\":{\"@id\":\"https:\/\/radioinfinitagoya.com.ar\/v1\/2025\/05\/23\/el-intendente-firmo-re-categorizacion-de-personal-municipal\/\"},\"author\":{\"name\":\"Jorge Mi\u00f1o\",\"@id\":\"https:\/\/radioinfinitagoya.com.ar\/v1\/#\/schema\/person\/d4cf9c413d4f6edb24aabdccab49ca4a\"},\"headline\":\"El Intendente firm\u00f3 re categorizaci\u00f3n de personal municipal\",\"datePublished\":\"2025-05-23T19:50:00+00:00\",\"mainEntityOfPage\":{\"@id\":\"https:\/\/radioinfinitagoya.com.ar\/v1\/2025\/05\/23\/el-intendente-firmo-re-categorizacion-de-personal-municipal\/\"},\"wordCount\":175,\"publisher\":{\"@id\":\"https:\/\/radioinfinitagoya.com.ar\/v1\/#organization\"},\"image\":{\"@id\":\"https:\/\/radioinfinitagoya.com.ar\/v1\/2025\/05\/23\/el-intendente-firmo-re-categorizacion-de-personal-municipal\/#primaryimage\"},\"thumbnailUrl\":\"https:\/\/radioinfinitagoya.com.ar\/v1\/wp-content\/uploads\/2025\/05\/firmaa.jpg\",\"articleSection\":[\"LOCALES\"],\"inLanguage\":\"es-AR\"},{\"@type\":\"WebPage\",\"@id\":\"https:\/\/radioinfinitagoya.com.ar\/v1\/2025\/05\/23\/el-intendente-firmo-re-categorizacion-de-personal-municipal\/\",\"url\":\"https:\/\/radioinfinitagoya.com.ar\/v1\/2025\/05\/23\/el-intendente-firmo-re-categorizacion-de-personal-municipal\/\",\"name\":\"El Intendente firm\u00f3 re categorizaci\u00f3n de personal municipal - Radio Infinita Goya\",\"isPartOf\":{\"@id\":\"https:\/\/radioinfinitagoya.com.ar\/v1\/#website\"},\"primaryImageOfPage\":{\"@id\":\"https:\/\/radioinfinitagoya.com.ar\/v1\/2025\/05\/23\/el-intendente-firmo-re-categorizacion-de-personal-municipal\/#primaryimage\"},\"image\":{\"@id\":\"https:\/\/radioinfinitagoya.com.ar\/v1\/2025\/05\/23\/el-intendente-firmo-re-categorizacion-de-personal-municipal\/#primaryimage\"},\"thumbnailUrl\":\"https:\/\/radioinfinitagoya.com.ar\/v1\/wp-content\/uploads\/2025\/05\/firmaa.jpg\",\"datePublished\":\"2025-05-23T19:50:00+00:00\",\"description\":\"Con el objetivo de asegurar y promover la carrera administrativa de Agentes Municipales, respondiendo, asegurando y promoviendo la carrera administrativa,\",\"breadcrumb\":{\"@id\":\"https:\/\/radioinfinitagoya.com.ar\/v1\/2025\/05\/23\/el-intendente-firmo-re-categorizacion-de-personal-municipal\/#breadcrumb\"},\"inLanguage\":\"es-AR\",\"potentialAction\":[{\"@type\":\"ReadAction\",\"target\":[\"https:\/\/radioinfinitagoya.com.ar\/v1\/2025\/05\/23\/el-intendente-firmo-re-categorizacion-de-personal-municipal\/\"]}]},{\"@type\":\"ImageObject\",\"inLanguage\":\"es-AR\",\"@id\":\"https:\/\/radioinfinitagoya.com.ar\/v1\/2025\/05\/23\/el-intendente-firmo-re-categorizacion-de-personal-municipal\/#primaryimage\",\"url\":\"https:\/\/radioinfinitagoya.com.ar\/v1\/wp-content\/uploads\/2025\/05\/firmaa.jpg\",\"contentUrl\":\"https:\/\/radioinfinitagoya.com.ar\/v1\/wp-content\/uploads\/2025\/05\/firmaa.jpg\",\"width\":848,\"height\":477},{\"@type\":\"BreadcrumbList\",\"@id\":\"https:\/\/radioinfinitagoya.com.ar\/v1\/2025\/05\/23\/el-intendente-firmo-re-categorizacion-de-personal-municipal\/#breadcrumb\",\"itemListElement\":[{\"@type\":\"ListItem\",\"position\":1,\"name\":\"Inicio\",\"item\":\"https:\/\/radioinfinitagoya.com.ar\/v1\/\"},{\"@type\":\"ListItem\",\"position\":2,\"name\":\"El Intendente firm\u00f3 re categorizaci\u00f3n de personal municipal\"}]},{\"@type\":\"WebSite\",\"@id\":\"https:\/\/radioinfinitagoya.com.ar\/v1\/#website\",\"url\":\"https:\/\/radioinfinitagoya.com.ar\/v1\/\",\"name\":\"radioinfinitagoya.com.ar\",\"description\":\"Radio de noticias\",\"publisher\":{\"@id\":\"https:\/\/radioinfinitagoya.com.ar\/v1\/#organization\"},\"potentialAction\":[{\"@type\":\"SearchAction\",\"target\":{\"@type\":\"EntryPoint\",\"urlTemplate\":\"https:\/\/radioinfinitagoya.com.ar\/v1\/?s={search_term_string}\"},\"query-input\":{\"@type\":\"PropertyValueSpecification\",\"valueRequired\":true,\"valueName\":\"search_term_string\"}}],\"inLanguage\":\"es-AR\"},{\"@type\":\"Organization\",\"@id\":\"https:\/\/radioinfinitagoya.com.ar\/v1\/#organization\",\"name\":\"Radio Infinita Goya\",\"url\":\"https:\/\/radioinfinitagoya.com.ar\/v1\/\",\"logo\":{\"@type\":\"ImageObject\",\"inLanguage\":\"es-AR\",\"@id\":\"https:\/\/radioinfinitagoya.com.ar\/v1\/#\/schema\/logo\/image\/\",\"url\":\"https:\/\/radioinfinitagoya.com.ar\/v1\/wp-content\/uploads\/2019\/11\/logo-pie-web.png\",\"contentUrl\":\"https:\/\/radioinfinitagoya.com.ar\/v1\/wp-content\/uploads\/2019\/11\/logo-pie-web.png\",\"width\":635,\"height\":326,\"caption\":\"Radio Infinita Goya\"},\"image\":{\"@id\":\"https:\/\/radioinfinitagoya.com.ar\/v1\/#\/schema\/logo\/image\/\"},\"sameAs\":[\"https:\/\/www.facebook.com\/p\/Infinita-Goya-100063870918311\/\"]},{\"@type\":\"Person\",\"@id\":\"https:\/\/radioinfinitagoya.com.ar\/v1\/#\/schema\/person\/d4cf9c413d4f6edb24aabdccab49ca4a\",\"name\":\"Jorge Mi\u00f1o\",\"image\":{\"@type\":\"ImageObject\",\"inLanguage\":\"es-AR\",\"@id\":\"https:\/\/secure.gravatar.com\/avatar\/910fcf6728fe95320e07a6643c1581fec1c7fc4bf8ae12e3d8f0d0373dc844be?s=96&d=mm&r=g\",\"url\":\"https:\/\/secure.gravatar.com\/avatar\/910fcf6728fe95320e07a6643c1581fec1c7fc4bf8ae12e3d8f0d0373dc844be?s=96&d=mm&r=g\",\"contentUrl\":\"https:\/\/secure.gravatar.com\/avatar\/910fcf6728fe95320e07a6643c1581fec1c7fc4bf8ae12e3d8f0d0373dc844be?s=96&d=mm&r=g\",\"caption\":\"Jorge Mi\u00f1o\"},\"sameAs\":[\"http:\/\/radioinfinitagoya.com.ar\"]}]}<\/script>\n<!-- \/ Yoast SEO plugin. -->","yoast_head_json":{"title":"El Intendente firm\u00f3 re categorizaci\u00f3n de personal municipal - Radio Infinita Goya","description":"Con el objetivo de asegurar y promover la carrera administrativa de Agentes Municipales, respondiendo, asegurando y promoviendo la carrera administrativa,","robots":{"index":"index","follow":"follow","max-snippet":"max-snippet:-1","max-image-preview":"max-image-preview:large","max-video-preview":"max-video-preview:-1"},"canonical":"https:\/\/radioinfinitagoya.com.ar\/v1\/2025\/05\/23\/el-intendente-firmo-re-categorizacion-de-personal-municipal\/","og_locale":"es_ES","og_type":"article","og_title":"El Intendente firm\u00f3 re categorizaci\u00f3n de personal municipal - Radio Infinita Goya","og_description":"Con el objetivo de asegurar y promover la carrera administrativa de Agentes Municipales, respondiendo, asegurando y promoviendo la carrera administrativa,","og_url":"https:\/\/radioinfinitagoya.com.ar\/v1\/2025\/05\/23\/el-intendente-firmo-re-categorizacion-de-personal-municipal\/","og_site_name":"Radio Infinita Goya","article_publisher":"https:\/\/www.facebook.com\/p\/Infinita-Goya-100063870918311\/","article_published_time":"2025-05-23T19:50:00+00:00","og_image":[{"width":848,"height":477,"url":"https:\/\/radioinfinitagoya.com.ar\/v1\/wp-content\/uploads\/2025\/05\/firmaa.jpg","type":"image\/jpeg"}],"author":"Jorge Mi\u00f1o","twitter_card":"summary_large_image","twitter_misc":{"Escrito por":"Jorge Mi\u00f1o","Tiempo de lectura":"2 minutos"},"schema":{"@context":"https:\/\/schema.org","@graph":[{"@type":"Article","@id":"https:\/\/radioinfinitagoya.com.ar\/v1\/2025\/05\/23\/el-intendente-firmo-re-categorizacion-de-personal-municipal\/#article","isPartOf":{"@id":"https:\/\/radioinfinitagoya.com.ar\/v1\/2025\/05\/23\/el-intendente-firmo-re-categorizacion-de-personal-municipal\/"},"author":{"name":"Jorge Mi\u00f1o","@id":"https:\/\/radioinfinitagoya.com.ar\/v1\/#\/schema\/person\/d4cf9c413d4f6edb24aabdccab49ca4a"},"headline":"El Intendente firm\u00f3 re categorizaci\u00f3n de personal municipal","datePublished":"2025-05-23T19:50:00+00:00","mainEntityOfPage":{"@id":"https:\/\/radioinfinitagoya.com.ar\/v1\/2025\/05\/23\/el-intendente-firmo-re-categorizacion-de-personal-municipal\/"},"wordCount":175,"publisher":{"@id":"https:\/\/radioinfinitagoya.com.ar\/v1\/#organization"},"image":{"@id":"https:\/\/radioinfinitagoya.com.ar\/v1\/2025\/05\/23\/el-intendente-firmo-re-categorizacion-de-personal-municipal\/#primaryimage"},"thumbnailUrl":"https:\/\/radioinfinitagoya.com.ar\/v1\/wp-content\/uploads\/2025\/05\/firmaa.jpg","articleSection":["LOCALES"],"inLanguage":"es-AR"},{"@type":"WebPage","@id":"https:\/\/radioinfinitagoya.com.ar\/v1\/2025\/05\/23\/el-intendente-firmo-re-categorizacion-de-personal-municipal\/","url":"https:\/\/radioinfinitagoya.com.ar\/v1\/2025\/05\/23\/el-intendente-firmo-re-categorizacion-de-personal-municipal\/","name":"El Intendente firm\u00f3 re categorizaci\u00f3n de personal municipal - Radio Infinita Goya","isPartOf":{"@id":"https:\/\/radioinfinitagoya.com.ar\/v1\/#website"},"primaryImageOfPage":{"@id":"https:\/\/radioinfinitagoya.com.ar\/v1\/2025\/05\/23\/el-intendente-firmo-re-categorizacion-de-personal-municipal\/#primaryimage"},"image":{"@id":"https:\/\/radioinfinitagoya.com.ar\/v1\/2025\/05\/23\/el-intendente-firmo-re-categorizacion-de-personal-municipal\/#primaryimage"},"thumbnailUrl":"https:\/\/radioinfinitagoya.com.ar\/v1\/wp-content\/uploads\/2025\/05\/firmaa.jpg","datePublished":"2025-05-23T19:50:00+00:00","description":"Con el objetivo de asegurar y promover la carrera administrativa de Agentes Municipales, respondiendo, asegurando y promoviendo la carrera administrativa,","breadcrumb":{"@id":"https:\/\/radioinfinitagoya.com.ar\/v1\/2025\/05\/23\/el-intendente-firmo-re-categorizacion-de-personal-municipal\/#breadcrumb"},"inLanguage":"es-AR","potentialAction":[{"@type":"ReadAction","target":["https:\/\/radioinfinitagoya.com.ar\/v1\/2025\/05\/23\/el-intendente-firmo-re-categorizacion-de-personal-municipal\/"]}]},{"@type":"ImageObject","inLanguage":"es-AR","@id":"https:\/\/radioinfinitagoya.com.ar\/v1\/2025\/05\/23\/el-intendente-firmo-re-categorizacion-de-personal-municipal\/#primaryimage","url":"https:\/\/radioinfinitagoya.com.ar\/v1\/wp-content\/uploads\/2025\/05\/firmaa.jpg","contentUrl":"https:\/\/radioinfinitagoya.com.ar\/v1\/wp-content\/uploads\/2025\/05\/firmaa.jpg","width":848,"height":477},{"@type":"BreadcrumbList","@id":"https:\/\/radioinfinitagoya.com.ar\/v1\/2025\/05\/23\/el-intendente-firmo-re-categorizacion-de-personal-municipal\/#breadcrumb","itemListElement":[{"@type":"ListItem","position":1,"name":"Inicio","item":"https:\/\/radioinfinitagoya.com.ar\/v1\/"},{"@type":"ListItem","position":2,"name":"El Intendente firm\u00f3 re categorizaci\u00f3n de personal municipal"}]},{"@type":"WebSite","@id":"https:\/\/radioinfinitagoya.com.ar\/v1\/#website","url":"https:\/\/radioinfinitagoya.com.ar\/v1\/","name":"radioinfinitagoya.com.ar","description":"Radio de noticias","publisher":{"@id":"https:\/\/radioinfinitagoya.com.ar\/v1\/#organization"},"potentialAction":[{"@type":"SearchAction","target":{"@type":"EntryPoint","urlTemplate":"https:\/\/radioinfinitagoya.com.ar\/v1\/?s={search_term_string}"},"query-input":{"@type":"PropertyValueSpecification","valueRequired":true,"valueName":"search_term_string"}}],"inLanguage":"es-AR"},{"@type":"Organization","@id":"https:\/\/radioinfinitagoya.com.ar\/v1\/#organization","name":"Radio Infinita Goya","url":"https:\/\/radioinfinitagoya.com.ar\/v1\/","logo":{"@type":"ImageObject","inLanguage":"es-AR","@id":"https:\/\/radioinfinitagoya.com.ar\/v1\/#\/schema\/logo\/image\/","url":"https:\/\/radioinfinitagoya.com.ar\/v1\/wp-content\/uploads\/2019\/11\/logo-pie-web.png","contentUrl":"https:\/\/radioinfinitagoya.com.ar\/v1\/wp-content\/uploads\/2019\/11\/logo-pie-web.png","width":635,"height":326,"caption":"Radio Infinita Goya"},"image":{"@id":"https:\/\/radioinfinitagoya.com.ar\/v1\/#\/schema\/logo\/image\/"},"sameAs":["https:\/\/www.facebook.com\/p\/Infinita-Goya-100063870918311\/"]},{"@type":"Person","@id":"https:\/\/radioinfinitagoya.com.ar\/v1\/#\/schema\/person\/d4cf9c413d4f6edb24aabdccab49ca4a","name":"Jorge Mi\u00f1o","image":{"@type":"ImageObject","inLanguage":"es-AR","@id":"https:\/\/secure.gravatar.com\/avatar\/910fcf6728fe95320e07a6643c1581fec1c7fc4bf8ae12e3d8f0d0373dc844be?s=96&d=mm&r=g","url":"https:\/\/secure.gravatar.com\/avatar\/910fcf6728fe95320e07a6643c1581fec1c7fc4bf8ae12e3d8f0d0373dc844be?s=96&d=mm&r=g","contentUrl":"https:\/\/secure.gravatar.com\/avatar\/910fcf6728fe95320e07a6643c1581fec1c7fc4bf8ae12e3d8f0d0373dc844be?s=96&d=mm&r=g","caption":"Jorge Mi\u00f1o"},"sameAs":["http:\/\/radioinfinitagoya.com.ar"]}]}},"_links":{"self":[{"href":"https:\/\/radioinfinitagoya.com.ar\/v1\/wp-json\/wp\/v2\/posts\/190601","targetHints":{"allow":["GET"]}}],"collection":[{"href":"https:\/\/radioinfinitagoya.com.ar\/v1\/wp-json\/wp\/v2\/posts"}],"about":[{"href":"https:\/\/radioinfinitagoya.com.ar\/v1\/wp-json\/wp\/v2\/types\/post"}],"author":[{"embeddable":true,"href":"https:\/\/radioinfinitagoya.com.ar\/v1\/wp-json\/wp\/v2\/users\/4"}],"replies":[{"embeddable":true,"href":"https:\/\/radioinfinitagoya.com.ar\/v1\/wp-json\/wp\/v2\/comments?post=190601"}],"version-history":[{"count":0,"href":"https:\/\/radioinfinitagoya.com.ar\/v1\/wp-json\/wp\/v2\/posts\/190601\/revisions"}],"wp:featuredmedia":[{"embeddable":true,"href":"https:\/\/radioinfinitagoya.com.ar\/v1\/wp-json\/wp\/v2\/media\/190602"}],"wp:attachment":[{"href":"https:\/\/radioinfinitagoya.com.ar\/v1\/wp-json\/wp\/v2\/media?parent=190601"}],"wp:term":[{"taxonomy":"category","embeddable":true,"href":"https:\/\/radioinfinitagoya.com.ar\/v1\/wp-json\/wp\/v2\/categories?post=190601"},{"taxonomy":"post_tag","embeddable":true,"href":"https:\/\/radioinfinitagoya.com.ar\/v1\/wp-json\/wp\/v2\/tags?post=190601"}],"curies":[{"name":"wp","href":"https:\/\/api.w.org\/{rel}","templated":true}]}}