{"id":190625,"date":"2025-05-24T18:59:33","date_gmt":"2025-05-24T21:59:33","guid":{"rendered":"https:\/\/radioinfinitagoya.com.ar\/v1\/?p=190625"},"modified":"2025-05-24T18:59:33","modified_gmt":"2025-05-24T21:59:33","slug":"goya-despliega-intensa-actividad-cultural-en-fecha-patria","status":"publish","type":"post","link":"https:\/\/radioinfinitagoya.com.ar\/v1\/2025\/05\/24\/goya-despliega-intensa-actividad-cultural-en-fecha-patria\/","title":{"rendered":"Goya despliega intensa actividad cultural en fecha patria"},"content":{"rendered":"<p>El director de Cultura Manuel Zampar dio a conocer el intenso programa cultural programado para estos d\u00edas patrios.<\/p>\n<p>\u201cPara la jornada patria del domingo 25 de mayo la Direcci\u00f3n de Cultura aportar\u00e1 su participaci\u00f3n con su embajada para festejar y celebrar con alegr\u00eda un nuevo aniversario patrio de la revoluci\u00f3n de mayo. Estamos encargados con todo el staff de Cultura de animar el festival una vez que concluyan los actos oficiales por el 215 aniversario patrio\u201d, comenz\u00f3 diciendo Zampar.<\/p>\n<p>El inicio del festival est\u00e1 previsto para las 11,30 hs. \u201ccon el Grupo Chamamecero, el Ballet Ana Mar\u00eda Trainini, el Coro Infanto Juvenil, la Orquesta Municipal, y la Escuela Municipal que estar\u00e1 con el Taller de Canto\u201d, dijo Zampar, quien estima que el festival \u201cestar\u00e1 prolong\u00e1ndose hasta las 15 horas aproximadamente\u201d.<\/p>\n<p>Adem\u00e1s, \u201clos esperamos a todos a concurrir a Costa Surub\u00ed para apoyar a las comisiones vecinales que ofrecer\u00e1n platos t\u00edpicos en el d\u00eda patrio\u201d, a\u00f1adi\u00f3.<\/p>\n<p>El funcionario prosigui\u00f3 con el detalle de la agenda cultural prevista para este mes: \u201cPara el d\u00eda 31 de mayo est\u00e1 programado un Taller de Percusi\u00f3n en el Teatro Municipal\u201d.<\/p>\n<p>\u201cContinuando con el homenaje a don Mario Mill\u00e1n Medina, desde las 9 hs. habr\u00e1 una concentraci\u00f3n en el arco de acceso a Colonia El Porvenir, y desde all\u00ed en caravana con grupo tradicionalistas se trasladar\u00e1n los restos del extinto m\u00fasico al pante\u00f3n construido por el municipio en el cementerio de ese paraje rural. Luego se realizar\u00e1 un acto con el rezo del padre Gim\u00e9nez, acto seguido har\u00e1 uso de la palabra Virginia Mill\u00e1n Medina, su hija, y por \u00faltimo el intendente Mariano Hormaechea, quienes realizar\u00e1n un sentido homenaje descubriendo una placa que perpetuar\u00e1 su memoria\u201d.<\/p>\n<p>\u201cPor la noche, en Plaza Mitre, se realizar\u00e1 el gran festival homenaje a Mario Mill\u00e1n Medina, con una grilla chamamecera que hac\u00eda mucho tiempo no ten\u00edamos en nuestra ciudad. Estar\u00e1 el Ballet de Ana Mar\u00eda Trainini, la Escuela Municipal de Danzas Nativas, el Coro del Taller Vocal de Selva Vera, la Orquesta Municipal, la Banda Puerto Argentino, Milagritos G\u00f3mez y su conjunto, Ram\u00f3n Sosa y su conjunto, Los Cara&#8217;i del Chamam\u00e9, Agust\u00edn Diez y su conjunto, Ricardito Silva, Ram\u00f3n Sosa, el conjunto Vera Monz\u00f3n, Mar\u00eda Ofelia y el cierre a cargo de Juancito Guenaga.<\/p>\n<p>EXPO HOL\u00cdSTICA, TALLER DE BATER\u00cdA Y CANTO POPULAR<\/p>\n<p>Otra actividad en la Casa de la Cultura es la realizaci\u00f3n de la 1\u00aa Expo-Hol\u00edstica el s\u00e1bado 31 de este mes, desde las 14 hasta las 21 horas. Habr\u00e1 talleres y conferencias, adem\u00e1s de la presentaci\u00f3n de stand con art\u00edculos a la venta de elementos arom\u00e1ticos, velas y comida saludable.<\/p>\n<p>\u201cA esta programaci\u00f3n debemos agregar el Taller de Bater\u00eda y Ensamble de Jazz a cargo de \u201cPepo\u201d Bianucci en el Teatro Municipal desde las 17,30 horas, sin dejar de mencionar el Taller de Canto Popular previsto para el 6 de junio en el Teatro Municipal a las 17,30 horas. Debo marcar que en ambos talleres se puso un cupo y una vez abierta la inscripci\u00f3n hemos completado el n\u00famero designado, lo cual demuestra el inter\u00e9s de participaci\u00f3n\u201d, afirm\u00f3 Zampar. \u201cNos pone muy contentos que estos espacios generados para la formaci\u00f3n espec\u00edfica del arte tengan su respuestas, nos alienta a continuar trabajando en este sentido\u201d agreg\u00f3 el director de Cultura.<\/p>\n<p>Direcci\u00f3n de Prensa-Municipalidad de Goya<\/p>\n","protected":false},"excerpt":{"rendered":"<p>El director de Cultura Manuel Zampar dio a conocer el intenso programa cultural programado para estos d\u00edas patrios. \u201cPara la jornada patria del domingo 25 de mayo la Direcci\u00f3n de Cultura aportar\u00e1 su participaci\u00f3n con su embajada para festejar y celebrar con alegr\u00eda un nuevo aniversario patrio de la revoluci\u00f3n de mayo. Estamos encargados con [&hellip;]<\/p>\n","protected":false},"author":4,"featured_media":190626,"comment_status":"closed","ping_status":"closed","sticky":false,"template":"","format":"standard","meta":{"_joinchat":[],"footnotes":""},"categories":[27],"tags":[],"class_list":{"0":"post-190625","1":"post","2":"type-post","3":"status-publish","4":"format-standard","5":"has-post-thumbnail","7":"category-locales"},"yoast_head":"<!-- This site is optimized with the Yoast SEO plugin v27.2 - https:\/\/yoast.com\/product\/yoast-seo-wordpress\/ -->\n<title>Goya despliega intensa actividad cultural en fecha patria - Radio Infinita Goya<\/title>\n<meta name=\"description\" content=\"El director de Cultura Manuel Zampar dio a conocer el intenso programa cultural programado para estos d\u00edas patrios. \u201cPara la jornada patria del domingo 25\" \/>\n<meta name=\"robots\" content=\"index, follow, max-snippet:-1, max-image-preview:large, max-video-preview:-1\" \/>\n<link rel=\"canonical\" href=\"https:\/\/radioinfinitagoya.com.ar\/v1\/2025\/05\/24\/goya-despliega-intensa-actividad-cultural-en-fecha-patria\/\" \/>\n<meta property=\"og:locale\" content=\"es_ES\" \/>\n<meta property=\"og:type\" content=\"article\" \/>\n<meta property=\"og:title\" content=\"Goya despliega intensa actividad cultural en fecha patria - Radio Infinita Goya\" \/>\n<meta property=\"og:description\" content=\"El director de Cultura Manuel Zampar dio a conocer el intenso programa cultural programado para estos d\u00edas patrios. \u201cPara la jornada patria del domingo 25\" \/>\n<meta property=\"og:url\" content=\"https:\/\/radioinfinitagoya.com.ar\/v1\/2025\/05\/24\/goya-despliega-intensa-actividad-cultural-en-fecha-patria\/\" \/>\n<meta property=\"og:site_name\" content=\"Radio Infinita Goya\" \/>\n<meta property=\"article:publisher\" content=\"https:\/\/www.facebook.com\/p\/Infinita-Goya-100063870918311\/\" \/>\n<meta property=\"article:published_time\" content=\"2025-05-24T21:59:33+00:00\" \/>\n<meta property=\"og:image\" content=\"https:\/\/radioinfinitagoya.com.ar\/v1\/wp-content\/uploads\/2025\/05\/expo_holistica_flyr_ilustra_nota_zamp.jpg\" \/>\n\t<meta property=\"og:image:width\" content=\"848\" \/>\n\t<meta property=\"og:image:height\" content=\"477\" \/>\n\t<meta property=\"og:image:type\" content=\"image\/jpeg\" \/>\n<meta name=\"author\" content=\"Jorge Mi\u00f1o\" \/>\n<meta name=\"twitter:card\" content=\"summary_large_image\" \/>\n<meta name=\"twitter:label1\" content=\"Escrito por\" \/>\n\t<meta name=\"twitter:data1\" content=\"Jorge Mi\u00f1o\" \/>\n\t<meta name=\"twitter:label2\" content=\"Tiempo de lectura\" \/>\n\t<meta name=\"twitter:data2\" content=\"3 minutos\" \/>\n<script type=\"application\/ld+json\" class=\"yoast-schema-graph\">{\"@context\":\"https:\/\/schema.org\",\"@graph\":[{\"@type\":\"Article\",\"@id\":\"https:\/\/radioinfinitagoya.com.ar\/v1\/2025\/05\/24\/goya-despliega-intensa-actividad-cultural-en-fecha-patria\/#article\",\"isPartOf\":{\"@id\":\"https:\/\/radioinfinitagoya.com.ar\/v1\/2025\/05\/24\/goya-despliega-intensa-actividad-cultural-en-fecha-patria\/\"},\"author\":{\"name\":\"Jorge Mi\u00f1o\",\"@id\":\"https:\/\/radioinfinitagoya.com.ar\/v1\/#\/schema\/person\/d4cf9c413d4f6edb24aabdccab49ca4a\"},\"headline\":\"Goya despliega intensa actividad cultural en fecha patria\",\"datePublished\":\"2025-05-24T21:59:33+00:00\",\"mainEntityOfPage\":{\"@id\":\"https:\/\/radioinfinitagoya.com.ar\/v1\/2025\/05\/24\/goya-despliega-intensa-actividad-cultural-en-fecha-patria\/\"},\"wordCount\":592,\"publisher\":{\"@id\":\"https:\/\/radioinfinitagoya.com.ar\/v1\/#organization\"},\"image\":{\"@id\":\"https:\/\/radioinfinitagoya.com.ar\/v1\/2025\/05\/24\/goya-despliega-intensa-actividad-cultural-en-fecha-patria\/#primaryimage\"},\"thumbnailUrl\":\"https:\/\/radioinfinitagoya.com.ar\/v1\/wp-content\/uploads\/2025\/05\/expo_holistica_flyr_ilustra_nota_zamp.jpg\",\"articleSection\":[\"LOCALES\"],\"inLanguage\":\"es-AR\"},{\"@type\":\"WebPage\",\"@id\":\"https:\/\/radioinfinitagoya.com.ar\/v1\/2025\/05\/24\/goya-despliega-intensa-actividad-cultural-en-fecha-patria\/\",\"url\":\"https:\/\/radioinfinitagoya.com.ar\/v1\/2025\/05\/24\/goya-despliega-intensa-actividad-cultural-en-fecha-patria\/\",\"name\":\"Goya despliega intensa actividad cultural en fecha patria - Radio Infinita Goya\",\"isPartOf\":{\"@id\":\"https:\/\/radioinfinitagoya.com.ar\/v1\/#website\"},\"primaryImageOfPage\":{\"@id\":\"https:\/\/radioinfinitagoya.com.ar\/v1\/2025\/05\/24\/goya-despliega-intensa-actividad-cultural-en-fecha-patria\/#primaryimage\"},\"image\":{\"@id\":\"https:\/\/radioinfinitagoya.com.ar\/v1\/2025\/05\/24\/goya-despliega-intensa-actividad-cultural-en-fecha-patria\/#primaryimage\"},\"thumbnailUrl\":\"https:\/\/radioinfinitagoya.com.ar\/v1\/wp-content\/uploads\/2025\/05\/expo_holistica_flyr_ilustra_nota_zamp.jpg\",\"datePublished\":\"2025-05-24T21:59:33+00:00\",\"description\":\"El director de Cultura Manuel Zampar dio a conocer el intenso programa cultural programado para estos d\u00edas patrios. \u201cPara la jornada patria del domingo 25\",\"breadcrumb\":{\"@id\":\"https:\/\/radioinfinitagoya.com.ar\/v1\/2025\/05\/24\/goya-despliega-intensa-actividad-cultural-en-fecha-patria\/#breadcrumb\"},\"inLanguage\":\"es-AR\",\"potentialAction\":[{\"@type\":\"ReadAction\",\"target\":[\"https:\/\/radioinfinitagoya.com.ar\/v1\/2025\/05\/24\/goya-despliega-intensa-actividad-cultural-en-fecha-patria\/\"]}]},{\"@type\":\"ImageObject\",\"inLanguage\":\"es-AR\",\"@id\":\"https:\/\/radioinfinitagoya.com.ar\/v1\/2025\/05\/24\/goya-despliega-intensa-actividad-cultural-en-fecha-patria\/#primaryimage\",\"url\":\"https:\/\/radioinfinitagoya.com.ar\/v1\/wp-content\/uploads\/2025\/05\/expo_holistica_flyr_ilustra_nota_zamp.jpg\",\"contentUrl\":\"https:\/\/radioinfinitagoya.com.ar\/v1\/wp-content\/uploads\/2025\/05\/expo_holistica_flyr_ilustra_nota_zamp.jpg\",\"width\":848,\"height\":477},{\"@type\":\"BreadcrumbList\",\"@id\":\"https:\/\/radioinfinitagoya.com.ar\/v1\/2025\/05\/24\/goya-despliega-intensa-actividad-cultural-en-fecha-patria\/#breadcrumb\",\"itemListElement\":[{\"@type\":\"ListItem\",\"position\":1,\"name\":\"Inicio\",\"item\":\"https:\/\/radioinfinitagoya.com.ar\/v1\/\"},{\"@type\":\"ListItem\",\"position\":2,\"name\":\"Goya despliega intensa actividad cultural en fecha patria\"}]},{\"@type\":\"WebSite\",\"@id\":\"https:\/\/radioinfinitagoya.com.ar\/v1\/#website\",\"url\":\"https:\/\/radioinfinitagoya.com.ar\/v1\/\",\"name\":\"radioinfinitagoya.com.ar\",\"description\":\"Radio de noticias\",\"publisher\":{\"@id\":\"https:\/\/radioinfinitagoya.com.ar\/v1\/#organization\"},\"potentialAction\":[{\"@type\":\"SearchAction\",\"target\":{\"@type\":\"EntryPoint\",\"urlTemplate\":\"https:\/\/radioinfinitagoya.com.ar\/v1\/?s={search_term_string}\"},\"query-input\":{\"@type\":\"PropertyValueSpecification\",\"valueRequired\":true,\"valueName\":\"search_term_string\"}}],\"inLanguage\":\"es-AR\"},{\"@type\":\"Organization\",\"@id\":\"https:\/\/radioinfinitagoya.com.ar\/v1\/#organization\",\"name\":\"Radio Infinita Goya\",\"url\":\"https:\/\/radioinfinitagoya.com.ar\/v1\/\",\"logo\":{\"@type\":\"ImageObject\",\"inLanguage\":\"es-AR\",\"@id\":\"https:\/\/radioinfinitagoya.com.ar\/v1\/#\/schema\/logo\/image\/\",\"url\":\"https:\/\/radioinfinitagoya.com.ar\/v1\/wp-content\/uploads\/2019\/11\/logo-pie-web.png\",\"contentUrl\":\"https:\/\/radioinfinitagoya.com.ar\/v1\/wp-content\/uploads\/2019\/11\/logo-pie-web.png\",\"width\":635,\"height\":326,\"caption\":\"Radio Infinita Goya\"},\"image\":{\"@id\":\"https:\/\/radioinfinitagoya.com.ar\/v1\/#\/schema\/logo\/image\/\"},\"sameAs\":[\"https:\/\/www.facebook.com\/p\/Infinita-Goya-100063870918311\/\"]},{\"@type\":\"Person\",\"@id\":\"https:\/\/radioinfinitagoya.com.ar\/v1\/#\/schema\/person\/d4cf9c413d4f6edb24aabdccab49ca4a\",\"name\":\"Jorge Mi\u00f1o\",\"image\":{\"@type\":\"ImageObject\",\"inLanguage\":\"es-AR\",\"@id\":\"https:\/\/secure.gravatar.com\/avatar\/910fcf6728fe95320e07a6643c1581fec1c7fc4bf8ae12e3d8f0d0373dc844be?s=96&d=mm&r=g\",\"url\":\"https:\/\/secure.gravatar.com\/avatar\/910fcf6728fe95320e07a6643c1581fec1c7fc4bf8ae12e3d8f0d0373dc844be?s=96&d=mm&r=g\",\"contentUrl\":\"https:\/\/secure.gravatar.com\/avatar\/910fcf6728fe95320e07a6643c1581fec1c7fc4bf8ae12e3d8f0d0373dc844be?s=96&d=mm&r=g\",\"caption\":\"Jorge Mi\u00f1o\"},\"sameAs\":[\"http:\/\/radioinfinitagoya.com.ar\"]}]}<\/script>\n<!-- \/ Yoast SEO plugin. -->","yoast_head_json":{"title":"Goya despliega intensa actividad cultural en fecha patria - Radio Infinita Goya","description":"El director de Cultura Manuel Zampar dio a conocer el intenso programa cultural programado para estos d\u00edas patrios. \u201cPara la jornada patria del domingo 25","robots":{"index":"index","follow":"follow","max-snippet":"max-snippet:-1","max-image-preview":"max-image-preview:large","max-video-preview":"max-video-preview:-1"},"canonical":"https:\/\/radioinfinitagoya.com.ar\/v1\/2025\/05\/24\/goya-despliega-intensa-actividad-cultural-en-fecha-patria\/","og_locale":"es_ES","og_type":"article","og_title":"Goya despliega intensa actividad cultural en fecha patria - Radio Infinita Goya","og_description":"El director de Cultura Manuel Zampar dio a conocer el intenso programa cultural programado para estos d\u00edas patrios. \u201cPara la jornada patria del domingo 25","og_url":"https:\/\/radioinfinitagoya.com.ar\/v1\/2025\/05\/24\/goya-despliega-intensa-actividad-cultural-en-fecha-patria\/","og_site_name":"Radio Infinita Goya","article_publisher":"https:\/\/www.facebook.com\/p\/Infinita-Goya-100063870918311\/","article_published_time":"2025-05-24T21:59:33+00:00","og_image":[{"width":848,"height":477,"url":"https:\/\/radioinfinitagoya.com.ar\/v1\/wp-content\/uploads\/2025\/05\/expo_holistica_flyr_ilustra_nota_zamp.jpg","type":"image\/jpeg"}],"author":"Jorge Mi\u00f1o","twitter_card":"summary_large_image","twitter_misc":{"Escrito por":"Jorge Mi\u00f1o","Tiempo de lectura":"3 minutos"},"schema":{"@context":"https:\/\/schema.org","@graph":[{"@type":"Article","@id":"https:\/\/radioinfinitagoya.com.ar\/v1\/2025\/05\/24\/goya-despliega-intensa-actividad-cultural-en-fecha-patria\/#article","isPartOf":{"@id":"https:\/\/radioinfinitagoya.com.ar\/v1\/2025\/05\/24\/goya-despliega-intensa-actividad-cultural-en-fecha-patria\/"},"author":{"name":"Jorge Mi\u00f1o","@id":"https:\/\/radioinfinitagoya.com.ar\/v1\/#\/schema\/person\/d4cf9c413d4f6edb24aabdccab49ca4a"},"headline":"Goya despliega intensa actividad cultural en fecha patria","datePublished":"2025-05-24T21:59:33+00:00","mainEntityOfPage":{"@id":"https:\/\/radioinfinitagoya.com.ar\/v1\/2025\/05\/24\/goya-despliega-intensa-actividad-cultural-en-fecha-patria\/"},"wordCount":592,"publisher":{"@id":"https:\/\/radioinfinitagoya.com.ar\/v1\/#organization"},"image":{"@id":"https:\/\/radioinfinitagoya.com.ar\/v1\/2025\/05\/24\/goya-despliega-intensa-actividad-cultural-en-fecha-patria\/#primaryimage"},"thumbnailUrl":"https:\/\/radioinfinitagoya.com.ar\/v1\/wp-content\/uploads\/2025\/05\/expo_holistica_flyr_ilustra_nota_zamp.jpg","articleSection":["LOCALES"],"inLanguage":"es-AR"},{"@type":"WebPage","@id":"https:\/\/radioinfinitagoya.com.ar\/v1\/2025\/05\/24\/goya-despliega-intensa-actividad-cultural-en-fecha-patria\/","url":"https:\/\/radioinfinitagoya.com.ar\/v1\/2025\/05\/24\/goya-despliega-intensa-actividad-cultural-en-fecha-patria\/","name":"Goya despliega intensa actividad cultural en fecha patria - Radio Infinita Goya","isPartOf":{"@id":"https:\/\/radioinfinitagoya.com.ar\/v1\/#website"},"primaryImageOfPage":{"@id":"https:\/\/radioinfinitagoya.com.ar\/v1\/2025\/05\/24\/goya-despliega-intensa-actividad-cultural-en-fecha-patria\/#primaryimage"},"image":{"@id":"https:\/\/radioinfinitagoya.com.ar\/v1\/2025\/05\/24\/goya-despliega-intensa-actividad-cultural-en-fecha-patria\/#primaryimage"},"thumbnailUrl":"https:\/\/radioinfinitagoya.com.ar\/v1\/wp-content\/uploads\/2025\/05\/expo_holistica_flyr_ilustra_nota_zamp.jpg","datePublished":"2025-05-24T21:59:33+00:00","description":"El director de Cultura Manuel Zampar dio a conocer el intenso programa cultural programado para estos d\u00edas patrios. \u201cPara la jornada patria del domingo 25","breadcrumb":{"@id":"https:\/\/radioinfinitagoya.com.ar\/v1\/2025\/05\/24\/goya-despliega-intensa-actividad-cultural-en-fecha-patria\/#breadcrumb"},"inLanguage":"es-AR","potentialAction":[{"@type":"ReadAction","target":["https:\/\/radioinfinitagoya.com.ar\/v1\/2025\/05\/24\/goya-despliega-intensa-actividad-cultural-en-fecha-patria\/"]}]},{"@type":"ImageObject","inLanguage":"es-AR","@id":"https:\/\/radioinfinitagoya.com.ar\/v1\/2025\/05\/24\/goya-despliega-intensa-actividad-cultural-en-fecha-patria\/#primaryimage","url":"https:\/\/radioinfinitagoya.com.ar\/v1\/wp-content\/uploads\/2025\/05\/expo_holistica_flyr_ilustra_nota_zamp.jpg","contentUrl":"https:\/\/radioinfinitagoya.com.ar\/v1\/wp-content\/uploads\/2025\/05\/expo_holistica_flyr_ilustra_nota_zamp.jpg","width":848,"height":477},{"@type":"BreadcrumbList","@id":"https:\/\/radioinfinitagoya.com.ar\/v1\/2025\/05\/24\/goya-despliega-intensa-actividad-cultural-en-fecha-patria\/#breadcrumb","itemListElement":[{"@type":"ListItem","position":1,"name":"Inicio","item":"https:\/\/radioinfinitagoya.com.ar\/v1\/"},{"@type":"ListItem","position":2,"name":"Goya despliega intensa actividad cultural en fecha patria"}]},{"@type":"WebSite","@id":"https:\/\/radioinfinitagoya.com.ar\/v1\/#website","url":"https:\/\/radioinfinitagoya.com.ar\/v1\/","name":"radioinfinitagoya.com.ar","description":"Radio de noticias","publisher":{"@id":"https:\/\/radioinfinitagoya.com.ar\/v1\/#organization"},"potentialAction":[{"@type":"SearchAction","target":{"@type":"EntryPoint","urlTemplate":"https:\/\/radioinfinitagoya.com.ar\/v1\/?s={search_term_string}"},"query-input":{"@type":"PropertyValueSpecification","valueRequired":true,"valueName":"search_term_string"}}],"inLanguage":"es-AR"},{"@type":"Organization","@id":"https:\/\/radioinfinitagoya.com.ar\/v1\/#organization","name":"Radio Infinita Goya","url":"https:\/\/radioinfinitagoya.com.ar\/v1\/","logo":{"@type":"ImageObject","inLanguage":"es-AR","@id":"https:\/\/radioinfinitagoya.com.ar\/v1\/#\/schema\/logo\/image\/","url":"https:\/\/radioinfinitagoya.com.ar\/v1\/wp-content\/uploads\/2019\/11\/logo-pie-web.png","contentUrl":"https:\/\/radioinfinitagoya.com.ar\/v1\/wp-content\/uploads\/2019\/11\/logo-pie-web.png","width":635,"height":326,"caption":"Radio Infinita Goya"},"image":{"@id":"https:\/\/radioinfinitagoya.com.ar\/v1\/#\/schema\/logo\/image\/"},"sameAs":["https:\/\/www.facebook.com\/p\/Infinita-Goya-100063870918311\/"]},{"@type":"Person","@id":"https:\/\/radioinfinitagoya.com.ar\/v1\/#\/schema\/person\/d4cf9c413d4f6edb24aabdccab49ca4a","name":"Jorge Mi\u00f1o","image":{"@type":"ImageObject","inLanguage":"es-AR","@id":"https:\/\/secure.gravatar.com\/avatar\/910fcf6728fe95320e07a6643c1581fec1c7fc4bf8ae12e3d8f0d0373dc844be?s=96&d=mm&r=g","url":"https:\/\/secure.gravatar.com\/avatar\/910fcf6728fe95320e07a6643c1581fec1c7fc4bf8ae12e3d8f0d0373dc844be?s=96&d=mm&r=g","contentUrl":"https:\/\/secure.gravatar.com\/avatar\/910fcf6728fe95320e07a6643c1581fec1c7fc4bf8ae12e3d8f0d0373dc844be?s=96&d=mm&r=g","caption":"Jorge Mi\u00f1o"},"sameAs":["http:\/\/radioinfinitagoya.com.ar"]}]}},"_links":{"self":[{"href":"https:\/\/radioinfinitagoya.com.ar\/v1\/wp-json\/wp\/v2\/posts\/190625","targetHints":{"allow":["GET"]}}],"collection":[{"href":"https:\/\/radioinfinitagoya.com.ar\/v1\/wp-json\/wp\/v2\/posts"}],"about":[{"href":"https:\/\/radioinfinitagoya.com.ar\/v1\/wp-json\/wp\/v2\/types\/post"}],"author":[{"embeddable":true,"href":"https:\/\/radioinfinitagoya.com.ar\/v1\/wp-json\/wp\/v2\/users\/4"}],"replies":[{"embeddable":true,"href":"https:\/\/radioinfinitagoya.com.ar\/v1\/wp-json\/wp\/v2\/comments?post=190625"}],"version-history":[{"count":0,"href":"https:\/\/radioinfinitagoya.com.ar\/v1\/wp-json\/wp\/v2\/posts\/190625\/revisions"}],"wp:featuredmedia":[{"embeddable":true,"href":"https:\/\/radioinfinitagoya.com.ar\/v1\/wp-json\/wp\/v2\/media\/190626"}],"wp:attachment":[{"href":"https:\/\/radioinfinitagoya.com.ar\/v1\/wp-json\/wp\/v2\/media?parent=190625"}],"wp:term":[{"taxonomy":"category","embeddable":true,"href":"https:\/\/radioinfinitagoya.com.ar\/v1\/wp-json\/wp\/v2\/categories?post=190625"},{"taxonomy":"post_tag","embeddable":true,"href":"https:\/\/radioinfinitagoya.com.ar\/v1\/wp-json\/wp\/v2\/tags?post=190625"}],"curies":[{"name":"wp","href":"https:\/\/api.w.org\/{rel}","templated":true}]}}