{"id":190702,"date":"2025-05-26T16:37:58","date_gmt":"2025-05-26T19:37:58","guid":{"rendered":"https:\/\/radioinfinitagoya.com.ar\/v1\/?p=190702"},"modified":"2025-05-26T16:37:58","modified_gmt":"2025-05-26T19:37:58","slug":"alerta-por-tormentas-fuertes-y-granizo-en-buenos-aires-y-otras-tres-provincias","status":"publish","type":"post","link":"https:\/\/radioinfinitagoya.com.ar\/v1\/2025\/05\/26\/alerta-por-tormentas-fuertes-y-granizo-en-buenos-aires-y-otras-tres-provincias\/","title":{"rendered":"Alerta por tormentas fuertes y granizo en Buenos Aires y otras tres provincias"},"content":{"rendered":"<p>El preocupante informe del SMN<\/p>\n<p>El Servicio Meteorol\u00f3gico Nacional lanz\u00f3 para este lunes nuevos avisos por tormentas y granizo para algunas regiones del pa\u00eds.<\/p>\n<p>El Servicio Meteorol\u00f3gico Nacional (SMN) renov\u00f3 para este lunes sus alertas por tormentas fuertes con posible ca\u00edda de granizo, que en este caso abarcaban a localidades de la provincia de Buenos Aires y otras tres provincias.<\/p>\n<p>El inicio de la semana vuelve a registrar clima inestable en diferentes partes del pa\u00eds, y por eso lanzaron un aviso de nivel amarillo, que rige este lunes 26 de mayo. La advertencia alcanza a regiones de las provincias de Buenos Aires, Santa Fe, Entre R\u00edos y Corrientes.<\/p>\n<p>Alerta por tormentas fuertes y granizo para Buenos Aires, Santa Fe, Entre R\u00edos y Corrientes.<\/p>\n<p>Alerta por tormentas y granizo<br \/>\nLa nueva advertencia del organismo meteorol\u00f3gico indic\u00f3 que, en zonas con alerta amarilla, el \u00e1rea ser\u00e1 afectada por lluvias y tormentas de variada intensidad, por momentos localmente fuertes. Se espera que las mismas est\u00e9n acompa\u00f1adas por actividad el\u00e9ctrica, ca\u00edda de granizo, r\u00e1fagas y fundamentalmente abundante ca\u00edda de agua en cortos per\u00edodos.<\/p>\n<p>Se esperan valores de precipitaci\u00f3n acumulada entre 30 y 60 mm, pudiendo ser superados de forma puntual.<\/p>\n<p>En concreto, el aviso de este lunes alcanza a la costa, centro y noroeste de la provincia de Buenos Aires; sur de Santa Fe; centro y norte de Entre R\u00edos y centro y sur de Corrientes.<\/p>\n<p>Alerta por tormentas fuertes: recomendaciones<br \/>\nEl Servicio Meteorol\u00f3gico Nacional manten\u00eda un alerta amarillo y sus correspondientes recomendaciones:<\/p>\n<p>No saques la basura. Retir\u00e1 objetos que impidan que el agua escurra.<br \/>\nEvit\u00e1 actividades al aire libre.<\/p>\n<p>No te refugies cerca de \u00e1rboles y postes de electricidad que puedan caerse.<br \/>\nPara minimizar el riesgo de ser alcanzado por un rayo, no permanezcas en playas, r\u00edos, lagunas o piletas.<br \/>\nEstate atento ante la posible ca\u00edda de granizo.<\/p>\n<p>Informate por las autoridades. Ten\u00e9 siempre lista una mochila de emergencias con linterna, radio, documentos y tel\u00e9fono.<\/p>\n<p>C\u00f3mo sigue el clima en el AMBA<\/p>\n<p>De acuerdo con el SMN, se prev\u00e9 buen clima en el AMBA, con lunes con probabilidades de tormentas aisladas en la madrugada, con buen tiempo y cielo nublado en la ma\u00f1ana y tarde, y nuevamente con tormentas en la noche; mientras que las temperaturas rondar\u00edan entre 16 y 19 grados.<\/p>\n<p>&nbsp;<\/p>\n","protected":false},"excerpt":{"rendered":"<p>El preocupante informe del SMN El Servicio Meteorol\u00f3gico Nacional lanz\u00f3 para este lunes nuevos avisos por tormentas y granizo para algunas regiones del pa\u00eds. El Servicio Meteorol\u00f3gico Nacional (SMN) renov\u00f3 para este lunes sus alertas por tormentas fuertes con posible ca\u00edda de granizo, que en este caso abarcaban a localidades de la provincia de Buenos [&hellip;]<\/p>\n","protected":false},"author":4,"featured_media":190703,"comment_status":"closed","ping_status":"closed","sticky":false,"template":"","format":"standard","meta":{"_joinchat":[],"footnotes":""},"categories":[31],"tags":[],"class_list":{"0":"post-190702","1":"post","2":"type-post","3":"status-publish","4":"format-standard","5":"has-post-thumbnail","7":"category-informacion-general"},"yoast_head":"<!-- This site is optimized with the Yoast SEO plugin v27.2 - https:\/\/yoast.com\/product\/yoast-seo-wordpress\/ -->\n<title>Alerta por tormentas fuertes y granizo en Buenos Aires y otras tres provincias - Radio Infinita Goya<\/title>\n<meta name=\"description\" content=\"El preocupante informe del SMN El Servicio Meteorol\u00f3gico Nacional lanz\u00f3 para este lunes nuevos avisos por tormentas y granizo para algunas regiones del\" \/>\n<meta name=\"robots\" content=\"index, follow, max-snippet:-1, max-image-preview:large, max-video-preview:-1\" \/>\n<link rel=\"canonical\" href=\"https:\/\/radioinfinitagoya.com.ar\/v1\/2025\/05\/26\/alerta-por-tormentas-fuertes-y-granizo-en-buenos-aires-y-otras-tres-provincias\/\" \/>\n<meta property=\"og:locale\" content=\"es_ES\" \/>\n<meta property=\"og:type\" content=\"article\" \/>\n<meta property=\"og:title\" content=\"Alerta por tormentas fuertes y granizo en Buenos Aires y otras tres provincias - Radio Infinita Goya\" \/>\n<meta property=\"og:description\" content=\"El preocupante informe del SMN El Servicio Meteorol\u00f3gico Nacional lanz\u00f3 para este lunes nuevos avisos por tormentas y granizo para algunas regiones del\" \/>\n<meta property=\"og:url\" content=\"https:\/\/radioinfinitagoya.com.ar\/v1\/2025\/05\/26\/alerta-por-tormentas-fuertes-y-granizo-en-buenos-aires-y-otras-tres-provincias\/\" \/>\n<meta property=\"og:site_name\" content=\"Radio Infinita Goya\" \/>\n<meta property=\"article:publisher\" content=\"https:\/\/www.facebook.com\/p\/Infinita-Goya-100063870918311\/\" \/>\n<meta property=\"article:published_time\" content=\"2025-05-26T19:37:58+00:00\" \/>\n<meta property=\"og:image\" content=\"https:\/\/radioinfinitagoya.com.ar\/v1\/wp-content\/uploads\/2025\/05\/F-WILKFXwAEM1-z.png\" \/>\n\t<meta property=\"og:image:width\" content=\"680\" \/>\n\t<meta property=\"og:image:height\" content=\"382\" \/>\n\t<meta property=\"og:image:type\" content=\"image\/png\" \/>\n<meta name=\"author\" content=\"Jorge Mi\u00f1o\" \/>\n<meta name=\"twitter:card\" content=\"summary_large_image\" \/>\n<meta name=\"twitter:label1\" content=\"Escrito por\" \/>\n\t<meta name=\"twitter:data1\" content=\"Jorge Mi\u00f1o\" \/>\n\t<meta name=\"twitter:label2\" content=\"Tiempo de lectura\" \/>\n\t<meta name=\"twitter:data2\" content=\"2 minutos\" \/>\n<script type=\"application\/ld+json\" class=\"yoast-schema-graph\">{\"@context\":\"https:\/\/schema.org\",\"@graph\":[{\"@type\":\"Article\",\"@id\":\"https:\/\/radioinfinitagoya.com.ar\/v1\/2025\/05\/26\/alerta-por-tormentas-fuertes-y-granizo-en-buenos-aires-y-otras-tres-provincias\/#article\",\"isPartOf\":{\"@id\":\"https:\/\/radioinfinitagoya.com.ar\/v1\/2025\/05\/26\/alerta-por-tormentas-fuertes-y-granizo-en-buenos-aires-y-otras-tres-provincias\/\"},\"author\":{\"name\":\"Jorge Mi\u00f1o\",\"@id\":\"https:\/\/radioinfinitagoya.com.ar\/v1\/#\/schema\/person\/d4cf9c413d4f6edb24aabdccab49ca4a\"},\"headline\":\"Alerta por tormentas fuertes y granizo en Buenos Aires y otras tres provincias\",\"datePublished\":\"2025-05-26T19:37:58+00:00\",\"mainEntityOfPage\":{\"@id\":\"https:\/\/radioinfinitagoya.com.ar\/v1\/2025\/05\/26\/alerta-por-tormentas-fuertes-y-granizo-en-buenos-aires-y-otras-tres-provincias\/\"},\"wordCount\":413,\"publisher\":{\"@id\":\"https:\/\/radioinfinitagoya.com.ar\/v1\/#organization\"},\"image\":{\"@id\":\"https:\/\/radioinfinitagoya.com.ar\/v1\/2025\/05\/26\/alerta-por-tormentas-fuertes-y-granizo-en-buenos-aires-y-otras-tres-provincias\/#primaryimage\"},\"thumbnailUrl\":\"https:\/\/radioinfinitagoya.com.ar\/v1\/wp-content\/uploads\/2025\/05\/F-WILKFXwAEM1-z.png\",\"articleSection\":[\"INFORMACI\u00d3N GENERAL\"],\"inLanguage\":\"es-AR\"},{\"@type\":\"WebPage\",\"@id\":\"https:\/\/radioinfinitagoya.com.ar\/v1\/2025\/05\/26\/alerta-por-tormentas-fuertes-y-granizo-en-buenos-aires-y-otras-tres-provincias\/\",\"url\":\"https:\/\/radioinfinitagoya.com.ar\/v1\/2025\/05\/26\/alerta-por-tormentas-fuertes-y-granizo-en-buenos-aires-y-otras-tres-provincias\/\",\"name\":\"Alerta por tormentas fuertes y granizo en Buenos Aires y otras tres provincias - Radio Infinita Goya\",\"isPartOf\":{\"@id\":\"https:\/\/radioinfinitagoya.com.ar\/v1\/#website\"},\"primaryImageOfPage\":{\"@id\":\"https:\/\/radioinfinitagoya.com.ar\/v1\/2025\/05\/26\/alerta-por-tormentas-fuertes-y-granizo-en-buenos-aires-y-otras-tres-provincias\/#primaryimage\"},\"image\":{\"@id\":\"https:\/\/radioinfinitagoya.com.ar\/v1\/2025\/05\/26\/alerta-por-tormentas-fuertes-y-granizo-en-buenos-aires-y-otras-tres-provincias\/#primaryimage\"},\"thumbnailUrl\":\"https:\/\/radioinfinitagoya.com.ar\/v1\/wp-content\/uploads\/2025\/05\/F-WILKFXwAEM1-z.png\",\"datePublished\":\"2025-05-26T19:37:58+00:00\",\"description\":\"El preocupante informe del SMN El Servicio Meteorol\u00f3gico Nacional lanz\u00f3 para este lunes nuevos avisos por tormentas y granizo para algunas regiones del\",\"breadcrumb\":{\"@id\":\"https:\/\/radioinfinitagoya.com.ar\/v1\/2025\/05\/26\/alerta-por-tormentas-fuertes-y-granizo-en-buenos-aires-y-otras-tres-provincias\/#breadcrumb\"},\"inLanguage\":\"es-AR\",\"potentialAction\":[{\"@type\":\"ReadAction\",\"target\":[\"https:\/\/radioinfinitagoya.com.ar\/v1\/2025\/05\/26\/alerta-por-tormentas-fuertes-y-granizo-en-buenos-aires-y-otras-tres-provincias\/\"]}]},{\"@type\":\"ImageObject\",\"inLanguage\":\"es-AR\",\"@id\":\"https:\/\/radioinfinitagoya.com.ar\/v1\/2025\/05\/26\/alerta-por-tormentas-fuertes-y-granizo-en-buenos-aires-y-otras-tres-provincias\/#primaryimage\",\"url\":\"https:\/\/radioinfinitagoya.com.ar\/v1\/wp-content\/uploads\/2025\/05\/F-WILKFXwAEM1-z.png\",\"contentUrl\":\"https:\/\/radioinfinitagoya.com.ar\/v1\/wp-content\/uploads\/2025\/05\/F-WILKFXwAEM1-z.png\",\"width\":680,\"height\":382},{\"@type\":\"BreadcrumbList\",\"@id\":\"https:\/\/radioinfinitagoya.com.ar\/v1\/2025\/05\/26\/alerta-por-tormentas-fuertes-y-granizo-en-buenos-aires-y-otras-tres-provincias\/#breadcrumb\",\"itemListElement\":[{\"@type\":\"ListItem\",\"position\":1,\"name\":\"Inicio\",\"item\":\"https:\/\/radioinfinitagoya.com.ar\/v1\/\"},{\"@type\":\"ListItem\",\"position\":2,\"name\":\"Alerta por tormentas fuertes y granizo en Buenos Aires y otras tres provincias\"}]},{\"@type\":\"WebSite\",\"@id\":\"https:\/\/radioinfinitagoya.com.ar\/v1\/#website\",\"url\":\"https:\/\/radioinfinitagoya.com.ar\/v1\/\",\"name\":\"radioinfinitagoya.com.ar\",\"description\":\"Radio de noticias\",\"publisher\":{\"@id\":\"https:\/\/radioinfinitagoya.com.ar\/v1\/#organization\"},\"potentialAction\":[{\"@type\":\"SearchAction\",\"target\":{\"@type\":\"EntryPoint\",\"urlTemplate\":\"https:\/\/radioinfinitagoya.com.ar\/v1\/?s={search_term_string}\"},\"query-input\":{\"@type\":\"PropertyValueSpecification\",\"valueRequired\":true,\"valueName\":\"search_term_string\"}}],\"inLanguage\":\"es-AR\"},{\"@type\":\"Organization\",\"@id\":\"https:\/\/radioinfinitagoya.com.ar\/v1\/#organization\",\"name\":\"Radio Infinita Goya\",\"url\":\"https:\/\/radioinfinitagoya.com.ar\/v1\/\",\"logo\":{\"@type\":\"ImageObject\",\"inLanguage\":\"es-AR\",\"@id\":\"https:\/\/radioinfinitagoya.com.ar\/v1\/#\/schema\/logo\/image\/\",\"url\":\"https:\/\/radioinfinitagoya.com.ar\/v1\/wp-content\/uploads\/2019\/11\/logo-pie-web.png\",\"contentUrl\":\"https:\/\/radioinfinitagoya.com.ar\/v1\/wp-content\/uploads\/2019\/11\/logo-pie-web.png\",\"width\":635,\"height\":326,\"caption\":\"Radio Infinita Goya\"},\"image\":{\"@id\":\"https:\/\/radioinfinitagoya.com.ar\/v1\/#\/schema\/logo\/image\/\"},\"sameAs\":[\"https:\/\/www.facebook.com\/p\/Infinita-Goya-100063870918311\/\"]},{\"@type\":\"Person\",\"@id\":\"https:\/\/radioinfinitagoya.com.ar\/v1\/#\/schema\/person\/d4cf9c413d4f6edb24aabdccab49ca4a\",\"name\":\"Jorge Mi\u00f1o\",\"image\":{\"@type\":\"ImageObject\",\"inLanguage\":\"es-AR\",\"@id\":\"https:\/\/secure.gravatar.com\/avatar\/910fcf6728fe95320e07a6643c1581fec1c7fc4bf8ae12e3d8f0d0373dc844be?s=96&d=mm&r=g\",\"url\":\"https:\/\/secure.gravatar.com\/avatar\/910fcf6728fe95320e07a6643c1581fec1c7fc4bf8ae12e3d8f0d0373dc844be?s=96&d=mm&r=g\",\"contentUrl\":\"https:\/\/secure.gravatar.com\/avatar\/910fcf6728fe95320e07a6643c1581fec1c7fc4bf8ae12e3d8f0d0373dc844be?s=96&d=mm&r=g\",\"caption\":\"Jorge Mi\u00f1o\"},\"sameAs\":[\"http:\/\/radioinfinitagoya.com.ar\"]}]}<\/script>\n<!-- \/ Yoast SEO plugin. -->","yoast_head_json":{"title":"Alerta por tormentas fuertes y granizo en Buenos Aires y otras tres provincias - Radio Infinita Goya","description":"El preocupante informe del SMN El Servicio Meteorol\u00f3gico Nacional lanz\u00f3 para este lunes nuevos avisos por tormentas y granizo para algunas regiones del","robots":{"index":"index","follow":"follow","max-snippet":"max-snippet:-1","max-image-preview":"max-image-preview:large","max-video-preview":"max-video-preview:-1"},"canonical":"https:\/\/radioinfinitagoya.com.ar\/v1\/2025\/05\/26\/alerta-por-tormentas-fuertes-y-granizo-en-buenos-aires-y-otras-tres-provincias\/","og_locale":"es_ES","og_type":"article","og_title":"Alerta por tormentas fuertes y granizo en Buenos Aires y otras tres provincias - Radio Infinita Goya","og_description":"El preocupante informe del SMN El Servicio Meteorol\u00f3gico Nacional lanz\u00f3 para este lunes nuevos avisos por tormentas y granizo para algunas regiones del","og_url":"https:\/\/radioinfinitagoya.com.ar\/v1\/2025\/05\/26\/alerta-por-tormentas-fuertes-y-granizo-en-buenos-aires-y-otras-tres-provincias\/","og_site_name":"Radio Infinita Goya","article_publisher":"https:\/\/www.facebook.com\/p\/Infinita-Goya-100063870918311\/","article_published_time":"2025-05-26T19:37:58+00:00","og_image":[{"width":680,"height":382,"url":"https:\/\/radioinfinitagoya.com.ar\/v1\/wp-content\/uploads\/2025\/05\/F-WILKFXwAEM1-z.png","type":"image\/png"}],"author":"Jorge Mi\u00f1o","twitter_card":"summary_large_image","twitter_misc":{"Escrito por":"Jorge Mi\u00f1o","Tiempo de lectura":"2 minutos"},"schema":{"@context":"https:\/\/schema.org","@graph":[{"@type":"Article","@id":"https:\/\/radioinfinitagoya.com.ar\/v1\/2025\/05\/26\/alerta-por-tormentas-fuertes-y-granizo-en-buenos-aires-y-otras-tres-provincias\/#article","isPartOf":{"@id":"https:\/\/radioinfinitagoya.com.ar\/v1\/2025\/05\/26\/alerta-por-tormentas-fuertes-y-granizo-en-buenos-aires-y-otras-tres-provincias\/"},"author":{"name":"Jorge Mi\u00f1o","@id":"https:\/\/radioinfinitagoya.com.ar\/v1\/#\/schema\/person\/d4cf9c413d4f6edb24aabdccab49ca4a"},"headline":"Alerta por tormentas fuertes y granizo en Buenos Aires y otras tres provincias","datePublished":"2025-05-26T19:37:58+00:00","mainEntityOfPage":{"@id":"https:\/\/radioinfinitagoya.com.ar\/v1\/2025\/05\/26\/alerta-por-tormentas-fuertes-y-granizo-en-buenos-aires-y-otras-tres-provincias\/"},"wordCount":413,"publisher":{"@id":"https:\/\/radioinfinitagoya.com.ar\/v1\/#organization"},"image":{"@id":"https:\/\/radioinfinitagoya.com.ar\/v1\/2025\/05\/26\/alerta-por-tormentas-fuertes-y-granizo-en-buenos-aires-y-otras-tres-provincias\/#primaryimage"},"thumbnailUrl":"https:\/\/radioinfinitagoya.com.ar\/v1\/wp-content\/uploads\/2025\/05\/F-WILKFXwAEM1-z.png","articleSection":["INFORMACI\u00d3N GENERAL"],"inLanguage":"es-AR"},{"@type":"WebPage","@id":"https:\/\/radioinfinitagoya.com.ar\/v1\/2025\/05\/26\/alerta-por-tormentas-fuertes-y-granizo-en-buenos-aires-y-otras-tres-provincias\/","url":"https:\/\/radioinfinitagoya.com.ar\/v1\/2025\/05\/26\/alerta-por-tormentas-fuertes-y-granizo-en-buenos-aires-y-otras-tres-provincias\/","name":"Alerta por tormentas fuertes y granizo en Buenos Aires y otras tres provincias - Radio Infinita Goya","isPartOf":{"@id":"https:\/\/radioinfinitagoya.com.ar\/v1\/#website"},"primaryImageOfPage":{"@id":"https:\/\/radioinfinitagoya.com.ar\/v1\/2025\/05\/26\/alerta-por-tormentas-fuertes-y-granizo-en-buenos-aires-y-otras-tres-provincias\/#primaryimage"},"image":{"@id":"https:\/\/radioinfinitagoya.com.ar\/v1\/2025\/05\/26\/alerta-por-tormentas-fuertes-y-granizo-en-buenos-aires-y-otras-tres-provincias\/#primaryimage"},"thumbnailUrl":"https:\/\/radioinfinitagoya.com.ar\/v1\/wp-content\/uploads\/2025\/05\/F-WILKFXwAEM1-z.png","datePublished":"2025-05-26T19:37:58+00:00","description":"El preocupante informe del SMN El Servicio Meteorol\u00f3gico Nacional lanz\u00f3 para este lunes nuevos avisos por tormentas y granizo para algunas regiones del","breadcrumb":{"@id":"https:\/\/radioinfinitagoya.com.ar\/v1\/2025\/05\/26\/alerta-por-tormentas-fuertes-y-granizo-en-buenos-aires-y-otras-tres-provincias\/#breadcrumb"},"inLanguage":"es-AR","potentialAction":[{"@type":"ReadAction","target":["https:\/\/radioinfinitagoya.com.ar\/v1\/2025\/05\/26\/alerta-por-tormentas-fuertes-y-granizo-en-buenos-aires-y-otras-tres-provincias\/"]}]},{"@type":"ImageObject","inLanguage":"es-AR","@id":"https:\/\/radioinfinitagoya.com.ar\/v1\/2025\/05\/26\/alerta-por-tormentas-fuertes-y-granizo-en-buenos-aires-y-otras-tres-provincias\/#primaryimage","url":"https:\/\/radioinfinitagoya.com.ar\/v1\/wp-content\/uploads\/2025\/05\/F-WILKFXwAEM1-z.png","contentUrl":"https:\/\/radioinfinitagoya.com.ar\/v1\/wp-content\/uploads\/2025\/05\/F-WILKFXwAEM1-z.png","width":680,"height":382},{"@type":"BreadcrumbList","@id":"https:\/\/radioinfinitagoya.com.ar\/v1\/2025\/05\/26\/alerta-por-tormentas-fuertes-y-granizo-en-buenos-aires-y-otras-tres-provincias\/#breadcrumb","itemListElement":[{"@type":"ListItem","position":1,"name":"Inicio","item":"https:\/\/radioinfinitagoya.com.ar\/v1\/"},{"@type":"ListItem","position":2,"name":"Alerta por tormentas fuertes y granizo en Buenos Aires y otras tres provincias"}]},{"@type":"WebSite","@id":"https:\/\/radioinfinitagoya.com.ar\/v1\/#website","url":"https:\/\/radioinfinitagoya.com.ar\/v1\/","name":"radioinfinitagoya.com.ar","description":"Radio de noticias","publisher":{"@id":"https:\/\/radioinfinitagoya.com.ar\/v1\/#organization"},"potentialAction":[{"@type":"SearchAction","target":{"@type":"EntryPoint","urlTemplate":"https:\/\/radioinfinitagoya.com.ar\/v1\/?s={search_term_string}"},"query-input":{"@type":"PropertyValueSpecification","valueRequired":true,"valueName":"search_term_string"}}],"inLanguage":"es-AR"},{"@type":"Organization","@id":"https:\/\/radioinfinitagoya.com.ar\/v1\/#organization","name":"Radio Infinita Goya","url":"https:\/\/radioinfinitagoya.com.ar\/v1\/","logo":{"@type":"ImageObject","inLanguage":"es-AR","@id":"https:\/\/radioinfinitagoya.com.ar\/v1\/#\/schema\/logo\/image\/","url":"https:\/\/radioinfinitagoya.com.ar\/v1\/wp-content\/uploads\/2019\/11\/logo-pie-web.png","contentUrl":"https:\/\/radioinfinitagoya.com.ar\/v1\/wp-content\/uploads\/2019\/11\/logo-pie-web.png","width":635,"height":326,"caption":"Radio Infinita Goya"},"image":{"@id":"https:\/\/radioinfinitagoya.com.ar\/v1\/#\/schema\/logo\/image\/"},"sameAs":["https:\/\/www.facebook.com\/p\/Infinita-Goya-100063870918311\/"]},{"@type":"Person","@id":"https:\/\/radioinfinitagoya.com.ar\/v1\/#\/schema\/person\/d4cf9c413d4f6edb24aabdccab49ca4a","name":"Jorge Mi\u00f1o","image":{"@type":"ImageObject","inLanguage":"es-AR","@id":"https:\/\/secure.gravatar.com\/avatar\/910fcf6728fe95320e07a6643c1581fec1c7fc4bf8ae12e3d8f0d0373dc844be?s=96&d=mm&r=g","url":"https:\/\/secure.gravatar.com\/avatar\/910fcf6728fe95320e07a6643c1581fec1c7fc4bf8ae12e3d8f0d0373dc844be?s=96&d=mm&r=g","contentUrl":"https:\/\/secure.gravatar.com\/avatar\/910fcf6728fe95320e07a6643c1581fec1c7fc4bf8ae12e3d8f0d0373dc844be?s=96&d=mm&r=g","caption":"Jorge Mi\u00f1o"},"sameAs":["http:\/\/radioinfinitagoya.com.ar"]}]}},"_links":{"self":[{"href":"https:\/\/radioinfinitagoya.com.ar\/v1\/wp-json\/wp\/v2\/posts\/190702","targetHints":{"allow":["GET"]}}],"collection":[{"href":"https:\/\/radioinfinitagoya.com.ar\/v1\/wp-json\/wp\/v2\/posts"}],"about":[{"href":"https:\/\/radioinfinitagoya.com.ar\/v1\/wp-json\/wp\/v2\/types\/post"}],"author":[{"embeddable":true,"href":"https:\/\/radioinfinitagoya.com.ar\/v1\/wp-json\/wp\/v2\/users\/4"}],"replies":[{"embeddable":true,"href":"https:\/\/radioinfinitagoya.com.ar\/v1\/wp-json\/wp\/v2\/comments?post=190702"}],"version-history":[{"count":0,"href":"https:\/\/radioinfinitagoya.com.ar\/v1\/wp-json\/wp\/v2\/posts\/190702\/revisions"}],"wp:featuredmedia":[{"embeddable":true,"href":"https:\/\/radioinfinitagoya.com.ar\/v1\/wp-json\/wp\/v2\/media\/190703"}],"wp:attachment":[{"href":"https:\/\/radioinfinitagoya.com.ar\/v1\/wp-json\/wp\/v2\/media?parent=190702"}],"wp:term":[{"taxonomy":"category","embeddable":true,"href":"https:\/\/radioinfinitagoya.com.ar\/v1\/wp-json\/wp\/v2\/categories?post=190702"},{"taxonomy":"post_tag","embeddable":true,"href":"https:\/\/radioinfinitagoya.com.ar\/v1\/wp-json\/wp\/v2\/tags?post=190702"}],"curies":[{"name":"wp","href":"https:\/\/api.w.org\/{rel}","templated":true}]}}