{"id":190711,"date":"2025-05-26T16:51:03","date_gmt":"2025-05-26T19:51:03","guid":{"rendered":"https:\/\/radioinfinitagoya.com.ar\/v1\/?p=190711"},"modified":"2025-05-26T16:51:03","modified_gmt":"2025-05-26T19:51:03","slug":"maradona-fernando-burlando-pedira-el-juicio-politico-contra-la-jueza-makintach","status":"publish","type":"post","link":"https:\/\/radioinfinitagoya.com.ar\/v1\/2025\/05\/26\/maradona-fernando-burlando-pedira-el-juicio-politico-contra-la-jueza-makintach\/","title":{"rendered":"Maradona: Fernando Burlando pedir\u00e1 el juicio pol\u00edtico contra la jueza Makintach"},"content":{"rendered":"<p>&#8220;Por grabar un documental&#8221;<\/p>\n<p>El abogado querellante le confirm\u00f3 a la Agencia Noticias Argentinas que el juicio se va a suspender. Se tratan de horas decisivas antes del arranque de la audiencia este martes, donde estar\u00e1n presentes todos los imputados y los familiares de Maradona.<\/p>\n<p>El abogado Fernando Burlando confirm\u00f3 a la Agencia Noticias Argentinas que va a pedir el juicio pol\u00edtico contra la jueza Julieta Makintach por la grabaci\u00f3n de un documental durante el debate por la muerte de Diego Maradona.<\/p>\n<p>Mientras se siguen conociendo videos exclusivos sobre la realizaci\u00f3n de la producci\u00f3n durante el desarrollo del debate, Burlando anunci\u00f3 a este medio que pedir\u00e1 el juicio pol\u00edtico de la magistrada Makitanch.<\/p>\n<p>As\u00ed como hab\u00eda anticipado el abogado Rodolfo Baqu\u00e9, Burlando destac\u00f3 que este martes 27 de mayo el juicio por la muerte del futbolista se suspender\u00e1, por lo que va a foja cero.<\/p>\n<p>De este modo, el esc\u00e1ndalo detr\u00e1s de la grabaci\u00f3n de un documental, de manera ilegal, complic\u00f3 el desarrollo del debate, el cual va a suspenderse, despu\u00e9s de m\u00e1s de dos meses.<\/p>\n<p>Se tratan de horas decisivas antes del arranque de la audiencia este martes, donde estar\u00e1n presentes todos los imputados y los familiares de Maradona.<\/p>\n","protected":false},"excerpt":{"rendered":"<p>&#8220;Por grabar un documental&#8221; El abogado querellante le confirm\u00f3 a la Agencia Noticias Argentinas que el juicio se va a suspender. Se tratan de horas decisivas antes del arranque de la audiencia este martes, donde estar\u00e1n presentes todos los imputados y los familiares de Maradona. El abogado Fernando Burlando confirm\u00f3 a la Agencia Noticias Argentinas [&hellip;]<\/p>\n","protected":false},"author":4,"featured_media":190712,"comment_status":"closed","ping_status":"closed","sticky":false,"template":"","format":"standard","meta":{"_joinchat":[],"footnotes":""},"categories":[29],"tags":[],"class_list":{"0":"post-190711","1":"post","2":"type-post","3":"status-publish","4":"format-standard","5":"has-post-thumbnail","7":"category-nacionales"},"yoast_head":"<!-- This site is optimized with the Yoast SEO plugin v27.2 - https:\/\/yoast.com\/product\/yoast-seo-wordpress\/ -->\n<title>Maradona: Fernando Burlando pedir\u00e1 el juicio pol\u00edtico contra la jueza Makintach - Radio Infinita Goya<\/title>\n<meta name=\"description\" content=\"&quot;Por grabar un documental&quot; El abogado querellante le confirm\u00f3 a la Agencia Noticias Argentinas que el juicio se va a suspender. Se tratan de horas\" \/>\n<meta name=\"robots\" content=\"index, follow, max-snippet:-1, max-image-preview:large, max-video-preview:-1\" \/>\n<link rel=\"canonical\" href=\"https:\/\/radioinfinitagoya.com.ar\/v1\/2025\/05\/26\/maradona-fernando-burlando-pedira-el-juicio-politico-contra-la-jueza-makintach\/\" \/>\n<meta property=\"og:locale\" content=\"es_ES\" \/>\n<meta property=\"og:type\" content=\"article\" \/>\n<meta property=\"og:title\" content=\"Maradona: Fernando Burlando pedir\u00e1 el juicio pol\u00edtico contra la jueza Makintach - Radio Infinita Goya\" \/>\n<meta property=\"og:description\" content=\"&quot;Por grabar un documental&quot; El abogado querellante le confirm\u00f3 a la Agencia Noticias Argentinas que el juicio se va a suspender. Se tratan de horas\" \/>\n<meta property=\"og:url\" content=\"https:\/\/radioinfinitagoya.com.ar\/v1\/2025\/05\/26\/maradona-fernando-burlando-pedira-el-juicio-politico-contra-la-jueza-makintach\/\" \/>\n<meta property=\"og:site_name\" content=\"Radio Infinita Goya\" \/>\n<meta property=\"article:publisher\" content=\"https:\/\/www.facebook.com\/p\/Infinita-Goya-100063870918311\/\" \/>\n<meta property=\"article:published_time\" content=\"2025-05-26T19:51:03+00:00\" \/>\n<meta property=\"og:image\" content=\"https:\/\/radioinfinitagoya.com.ar\/v1\/wp-content\/uploads\/2025\/05\/4hbwOsRM.jpg\" \/>\n\t<meta property=\"og:image:width\" content=\"680\" \/>\n\t<meta property=\"og:image:height\" content=\"383\" \/>\n\t<meta property=\"og:image:type\" content=\"image\/jpeg\" \/>\n<meta name=\"author\" content=\"Jorge Mi\u00f1o\" \/>\n<meta name=\"twitter:card\" content=\"summary_large_image\" \/>\n<meta name=\"twitter:label1\" content=\"Escrito por\" \/>\n\t<meta name=\"twitter:data1\" content=\"Jorge Mi\u00f1o\" \/>\n\t<meta name=\"twitter:label2\" content=\"Tiempo de lectura\" \/>\n\t<meta name=\"twitter:data2\" content=\"2 minutos\" \/>\n<script type=\"application\/ld+json\" class=\"yoast-schema-graph\">{\"@context\":\"https:\/\/schema.org\",\"@graph\":[{\"@type\":\"Article\",\"@id\":\"https:\/\/radioinfinitagoya.com.ar\/v1\/2025\/05\/26\/maradona-fernando-burlando-pedira-el-juicio-politico-contra-la-jueza-makintach\/#article\",\"isPartOf\":{\"@id\":\"https:\/\/radioinfinitagoya.com.ar\/v1\/2025\/05\/26\/maradona-fernando-burlando-pedira-el-juicio-politico-contra-la-jueza-makintach\/\"},\"author\":{\"name\":\"Jorge Mi\u00f1o\",\"@id\":\"https:\/\/radioinfinitagoya.com.ar\/v1\/#\/schema\/person\/d4cf9c413d4f6edb24aabdccab49ca4a\"},\"headline\":\"Maradona: Fernando Burlando pedir\u00e1 el juicio pol\u00edtico contra la jueza Makintach\",\"datePublished\":\"2025-05-26T19:51:03+00:00\",\"mainEntityOfPage\":{\"@id\":\"https:\/\/radioinfinitagoya.com.ar\/v1\/2025\/05\/26\/maradona-fernando-burlando-pedira-el-juicio-politico-contra-la-jueza-makintach\/\"},\"wordCount\":224,\"publisher\":{\"@id\":\"https:\/\/radioinfinitagoya.com.ar\/v1\/#organization\"},\"image\":{\"@id\":\"https:\/\/radioinfinitagoya.com.ar\/v1\/2025\/05\/26\/maradona-fernando-burlando-pedira-el-juicio-politico-contra-la-jueza-makintach\/#primaryimage\"},\"thumbnailUrl\":\"https:\/\/radioinfinitagoya.com.ar\/v1\/wp-content\/uploads\/2025\/05\/4hbwOsRM.jpg\",\"articleSection\":[\"NACIONALES\"],\"inLanguage\":\"es-AR\"},{\"@type\":\"WebPage\",\"@id\":\"https:\/\/radioinfinitagoya.com.ar\/v1\/2025\/05\/26\/maradona-fernando-burlando-pedira-el-juicio-politico-contra-la-jueza-makintach\/\",\"url\":\"https:\/\/radioinfinitagoya.com.ar\/v1\/2025\/05\/26\/maradona-fernando-burlando-pedira-el-juicio-politico-contra-la-jueza-makintach\/\",\"name\":\"Maradona: Fernando Burlando pedir\u00e1 el juicio pol\u00edtico contra la jueza Makintach - Radio Infinita Goya\",\"isPartOf\":{\"@id\":\"https:\/\/radioinfinitagoya.com.ar\/v1\/#website\"},\"primaryImageOfPage\":{\"@id\":\"https:\/\/radioinfinitagoya.com.ar\/v1\/2025\/05\/26\/maradona-fernando-burlando-pedira-el-juicio-politico-contra-la-jueza-makintach\/#primaryimage\"},\"image\":{\"@id\":\"https:\/\/radioinfinitagoya.com.ar\/v1\/2025\/05\/26\/maradona-fernando-burlando-pedira-el-juicio-politico-contra-la-jueza-makintach\/#primaryimage\"},\"thumbnailUrl\":\"https:\/\/radioinfinitagoya.com.ar\/v1\/wp-content\/uploads\/2025\/05\/4hbwOsRM.jpg\",\"datePublished\":\"2025-05-26T19:51:03+00:00\",\"description\":\"\\\"Por grabar un documental\\\" El abogado querellante le confirm\u00f3 a la Agencia Noticias Argentinas que el juicio se va a suspender. Se tratan de horas\",\"breadcrumb\":{\"@id\":\"https:\/\/radioinfinitagoya.com.ar\/v1\/2025\/05\/26\/maradona-fernando-burlando-pedira-el-juicio-politico-contra-la-jueza-makintach\/#breadcrumb\"},\"inLanguage\":\"es-AR\",\"potentialAction\":[{\"@type\":\"ReadAction\",\"target\":[\"https:\/\/radioinfinitagoya.com.ar\/v1\/2025\/05\/26\/maradona-fernando-burlando-pedira-el-juicio-politico-contra-la-jueza-makintach\/\"]}]},{\"@type\":\"ImageObject\",\"inLanguage\":\"es-AR\",\"@id\":\"https:\/\/radioinfinitagoya.com.ar\/v1\/2025\/05\/26\/maradona-fernando-burlando-pedira-el-juicio-politico-contra-la-jueza-makintach\/#primaryimage\",\"url\":\"https:\/\/radioinfinitagoya.com.ar\/v1\/wp-content\/uploads\/2025\/05\/4hbwOsRM.jpg\",\"contentUrl\":\"https:\/\/radioinfinitagoya.com.ar\/v1\/wp-content\/uploads\/2025\/05\/4hbwOsRM.jpg\",\"width\":680,\"height\":383},{\"@type\":\"BreadcrumbList\",\"@id\":\"https:\/\/radioinfinitagoya.com.ar\/v1\/2025\/05\/26\/maradona-fernando-burlando-pedira-el-juicio-politico-contra-la-jueza-makintach\/#breadcrumb\",\"itemListElement\":[{\"@type\":\"ListItem\",\"position\":1,\"name\":\"Inicio\",\"item\":\"https:\/\/radioinfinitagoya.com.ar\/v1\/\"},{\"@type\":\"ListItem\",\"position\":2,\"name\":\"Maradona: Fernando Burlando pedir\u00e1 el juicio pol\u00edtico contra la jueza Makintach\"}]},{\"@type\":\"WebSite\",\"@id\":\"https:\/\/radioinfinitagoya.com.ar\/v1\/#website\",\"url\":\"https:\/\/radioinfinitagoya.com.ar\/v1\/\",\"name\":\"radioinfinitagoya.com.ar\",\"description\":\"Radio de noticias\",\"publisher\":{\"@id\":\"https:\/\/radioinfinitagoya.com.ar\/v1\/#organization\"},\"potentialAction\":[{\"@type\":\"SearchAction\",\"target\":{\"@type\":\"EntryPoint\",\"urlTemplate\":\"https:\/\/radioinfinitagoya.com.ar\/v1\/?s={search_term_string}\"},\"query-input\":{\"@type\":\"PropertyValueSpecification\",\"valueRequired\":true,\"valueName\":\"search_term_string\"}}],\"inLanguage\":\"es-AR\"},{\"@type\":\"Organization\",\"@id\":\"https:\/\/radioinfinitagoya.com.ar\/v1\/#organization\",\"name\":\"Radio Infinita Goya\",\"url\":\"https:\/\/radioinfinitagoya.com.ar\/v1\/\",\"logo\":{\"@type\":\"ImageObject\",\"inLanguage\":\"es-AR\",\"@id\":\"https:\/\/radioinfinitagoya.com.ar\/v1\/#\/schema\/logo\/image\/\",\"url\":\"https:\/\/radioinfinitagoya.com.ar\/v1\/wp-content\/uploads\/2019\/11\/logo-pie-web.png\",\"contentUrl\":\"https:\/\/radioinfinitagoya.com.ar\/v1\/wp-content\/uploads\/2019\/11\/logo-pie-web.png\",\"width\":635,\"height\":326,\"caption\":\"Radio Infinita Goya\"},\"image\":{\"@id\":\"https:\/\/radioinfinitagoya.com.ar\/v1\/#\/schema\/logo\/image\/\"},\"sameAs\":[\"https:\/\/www.facebook.com\/p\/Infinita-Goya-100063870918311\/\"]},{\"@type\":\"Person\",\"@id\":\"https:\/\/radioinfinitagoya.com.ar\/v1\/#\/schema\/person\/d4cf9c413d4f6edb24aabdccab49ca4a\",\"name\":\"Jorge Mi\u00f1o\",\"image\":{\"@type\":\"ImageObject\",\"inLanguage\":\"es-AR\",\"@id\":\"https:\/\/secure.gravatar.com\/avatar\/910fcf6728fe95320e07a6643c1581fec1c7fc4bf8ae12e3d8f0d0373dc844be?s=96&d=mm&r=g\",\"url\":\"https:\/\/secure.gravatar.com\/avatar\/910fcf6728fe95320e07a6643c1581fec1c7fc4bf8ae12e3d8f0d0373dc844be?s=96&d=mm&r=g\",\"contentUrl\":\"https:\/\/secure.gravatar.com\/avatar\/910fcf6728fe95320e07a6643c1581fec1c7fc4bf8ae12e3d8f0d0373dc844be?s=96&d=mm&r=g\",\"caption\":\"Jorge Mi\u00f1o\"},\"sameAs\":[\"http:\/\/radioinfinitagoya.com.ar\"]}]}<\/script>\n<!-- \/ Yoast SEO plugin. -->","yoast_head_json":{"title":"Maradona: Fernando Burlando pedir\u00e1 el juicio pol\u00edtico contra la jueza Makintach - Radio Infinita Goya","description":"\"Por grabar un documental\" El abogado querellante le confirm\u00f3 a la Agencia Noticias Argentinas que el juicio se va a suspender. Se tratan de horas","robots":{"index":"index","follow":"follow","max-snippet":"max-snippet:-1","max-image-preview":"max-image-preview:large","max-video-preview":"max-video-preview:-1"},"canonical":"https:\/\/radioinfinitagoya.com.ar\/v1\/2025\/05\/26\/maradona-fernando-burlando-pedira-el-juicio-politico-contra-la-jueza-makintach\/","og_locale":"es_ES","og_type":"article","og_title":"Maradona: Fernando Burlando pedir\u00e1 el juicio pol\u00edtico contra la jueza Makintach - Radio Infinita Goya","og_description":"\"Por grabar un documental\" El abogado querellante le confirm\u00f3 a la Agencia Noticias Argentinas que el juicio se va a suspender. Se tratan de horas","og_url":"https:\/\/radioinfinitagoya.com.ar\/v1\/2025\/05\/26\/maradona-fernando-burlando-pedira-el-juicio-politico-contra-la-jueza-makintach\/","og_site_name":"Radio Infinita Goya","article_publisher":"https:\/\/www.facebook.com\/p\/Infinita-Goya-100063870918311\/","article_published_time":"2025-05-26T19:51:03+00:00","og_image":[{"width":680,"height":383,"url":"https:\/\/radioinfinitagoya.com.ar\/v1\/wp-content\/uploads\/2025\/05\/4hbwOsRM.jpg","type":"image\/jpeg"}],"author":"Jorge Mi\u00f1o","twitter_card":"summary_large_image","twitter_misc":{"Escrito por":"Jorge Mi\u00f1o","Tiempo de lectura":"2 minutos"},"schema":{"@context":"https:\/\/schema.org","@graph":[{"@type":"Article","@id":"https:\/\/radioinfinitagoya.com.ar\/v1\/2025\/05\/26\/maradona-fernando-burlando-pedira-el-juicio-politico-contra-la-jueza-makintach\/#article","isPartOf":{"@id":"https:\/\/radioinfinitagoya.com.ar\/v1\/2025\/05\/26\/maradona-fernando-burlando-pedira-el-juicio-politico-contra-la-jueza-makintach\/"},"author":{"name":"Jorge Mi\u00f1o","@id":"https:\/\/radioinfinitagoya.com.ar\/v1\/#\/schema\/person\/d4cf9c413d4f6edb24aabdccab49ca4a"},"headline":"Maradona: Fernando Burlando pedir\u00e1 el juicio pol\u00edtico contra la jueza Makintach","datePublished":"2025-05-26T19:51:03+00:00","mainEntityOfPage":{"@id":"https:\/\/radioinfinitagoya.com.ar\/v1\/2025\/05\/26\/maradona-fernando-burlando-pedira-el-juicio-politico-contra-la-jueza-makintach\/"},"wordCount":224,"publisher":{"@id":"https:\/\/radioinfinitagoya.com.ar\/v1\/#organization"},"image":{"@id":"https:\/\/radioinfinitagoya.com.ar\/v1\/2025\/05\/26\/maradona-fernando-burlando-pedira-el-juicio-politico-contra-la-jueza-makintach\/#primaryimage"},"thumbnailUrl":"https:\/\/radioinfinitagoya.com.ar\/v1\/wp-content\/uploads\/2025\/05\/4hbwOsRM.jpg","articleSection":["NACIONALES"],"inLanguage":"es-AR"},{"@type":"WebPage","@id":"https:\/\/radioinfinitagoya.com.ar\/v1\/2025\/05\/26\/maradona-fernando-burlando-pedira-el-juicio-politico-contra-la-jueza-makintach\/","url":"https:\/\/radioinfinitagoya.com.ar\/v1\/2025\/05\/26\/maradona-fernando-burlando-pedira-el-juicio-politico-contra-la-jueza-makintach\/","name":"Maradona: Fernando Burlando pedir\u00e1 el juicio pol\u00edtico contra la jueza Makintach - Radio Infinita Goya","isPartOf":{"@id":"https:\/\/radioinfinitagoya.com.ar\/v1\/#website"},"primaryImageOfPage":{"@id":"https:\/\/radioinfinitagoya.com.ar\/v1\/2025\/05\/26\/maradona-fernando-burlando-pedira-el-juicio-politico-contra-la-jueza-makintach\/#primaryimage"},"image":{"@id":"https:\/\/radioinfinitagoya.com.ar\/v1\/2025\/05\/26\/maradona-fernando-burlando-pedira-el-juicio-politico-contra-la-jueza-makintach\/#primaryimage"},"thumbnailUrl":"https:\/\/radioinfinitagoya.com.ar\/v1\/wp-content\/uploads\/2025\/05\/4hbwOsRM.jpg","datePublished":"2025-05-26T19:51:03+00:00","description":"\"Por grabar un documental\" El abogado querellante le confirm\u00f3 a la Agencia Noticias Argentinas que el juicio se va a suspender. Se tratan de horas","breadcrumb":{"@id":"https:\/\/radioinfinitagoya.com.ar\/v1\/2025\/05\/26\/maradona-fernando-burlando-pedira-el-juicio-politico-contra-la-jueza-makintach\/#breadcrumb"},"inLanguage":"es-AR","potentialAction":[{"@type":"ReadAction","target":["https:\/\/radioinfinitagoya.com.ar\/v1\/2025\/05\/26\/maradona-fernando-burlando-pedira-el-juicio-politico-contra-la-jueza-makintach\/"]}]},{"@type":"ImageObject","inLanguage":"es-AR","@id":"https:\/\/radioinfinitagoya.com.ar\/v1\/2025\/05\/26\/maradona-fernando-burlando-pedira-el-juicio-politico-contra-la-jueza-makintach\/#primaryimage","url":"https:\/\/radioinfinitagoya.com.ar\/v1\/wp-content\/uploads\/2025\/05\/4hbwOsRM.jpg","contentUrl":"https:\/\/radioinfinitagoya.com.ar\/v1\/wp-content\/uploads\/2025\/05\/4hbwOsRM.jpg","width":680,"height":383},{"@type":"BreadcrumbList","@id":"https:\/\/radioinfinitagoya.com.ar\/v1\/2025\/05\/26\/maradona-fernando-burlando-pedira-el-juicio-politico-contra-la-jueza-makintach\/#breadcrumb","itemListElement":[{"@type":"ListItem","position":1,"name":"Inicio","item":"https:\/\/radioinfinitagoya.com.ar\/v1\/"},{"@type":"ListItem","position":2,"name":"Maradona: Fernando Burlando pedir\u00e1 el juicio pol\u00edtico contra la jueza Makintach"}]},{"@type":"WebSite","@id":"https:\/\/radioinfinitagoya.com.ar\/v1\/#website","url":"https:\/\/radioinfinitagoya.com.ar\/v1\/","name":"radioinfinitagoya.com.ar","description":"Radio de noticias","publisher":{"@id":"https:\/\/radioinfinitagoya.com.ar\/v1\/#organization"},"potentialAction":[{"@type":"SearchAction","target":{"@type":"EntryPoint","urlTemplate":"https:\/\/radioinfinitagoya.com.ar\/v1\/?s={search_term_string}"},"query-input":{"@type":"PropertyValueSpecification","valueRequired":true,"valueName":"search_term_string"}}],"inLanguage":"es-AR"},{"@type":"Organization","@id":"https:\/\/radioinfinitagoya.com.ar\/v1\/#organization","name":"Radio Infinita Goya","url":"https:\/\/radioinfinitagoya.com.ar\/v1\/","logo":{"@type":"ImageObject","inLanguage":"es-AR","@id":"https:\/\/radioinfinitagoya.com.ar\/v1\/#\/schema\/logo\/image\/","url":"https:\/\/radioinfinitagoya.com.ar\/v1\/wp-content\/uploads\/2019\/11\/logo-pie-web.png","contentUrl":"https:\/\/radioinfinitagoya.com.ar\/v1\/wp-content\/uploads\/2019\/11\/logo-pie-web.png","width":635,"height":326,"caption":"Radio Infinita Goya"},"image":{"@id":"https:\/\/radioinfinitagoya.com.ar\/v1\/#\/schema\/logo\/image\/"},"sameAs":["https:\/\/www.facebook.com\/p\/Infinita-Goya-100063870918311\/"]},{"@type":"Person","@id":"https:\/\/radioinfinitagoya.com.ar\/v1\/#\/schema\/person\/d4cf9c413d4f6edb24aabdccab49ca4a","name":"Jorge Mi\u00f1o","image":{"@type":"ImageObject","inLanguage":"es-AR","@id":"https:\/\/secure.gravatar.com\/avatar\/910fcf6728fe95320e07a6643c1581fec1c7fc4bf8ae12e3d8f0d0373dc844be?s=96&d=mm&r=g","url":"https:\/\/secure.gravatar.com\/avatar\/910fcf6728fe95320e07a6643c1581fec1c7fc4bf8ae12e3d8f0d0373dc844be?s=96&d=mm&r=g","contentUrl":"https:\/\/secure.gravatar.com\/avatar\/910fcf6728fe95320e07a6643c1581fec1c7fc4bf8ae12e3d8f0d0373dc844be?s=96&d=mm&r=g","caption":"Jorge Mi\u00f1o"},"sameAs":["http:\/\/radioinfinitagoya.com.ar"]}]}},"_links":{"self":[{"href":"https:\/\/radioinfinitagoya.com.ar\/v1\/wp-json\/wp\/v2\/posts\/190711","targetHints":{"allow":["GET"]}}],"collection":[{"href":"https:\/\/radioinfinitagoya.com.ar\/v1\/wp-json\/wp\/v2\/posts"}],"about":[{"href":"https:\/\/radioinfinitagoya.com.ar\/v1\/wp-json\/wp\/v2\/types\/post"}],"author":[{"embeddable":true,"href":"https:\/\/radioinfinitagoya.com.ar\/v1\/wp-json\/wp\/v2\/users\/4"}],"replies":[{"embeddable":true,"href":"https:\/\/radioinfinitagoya.com.ar\/v1\/wp-json\/wp\/v2\/comments?post=190711"}],"version-history":[{"count":0,"href":"https:\/\/radioinfinitagoya.com.ar\/v1\/wp-json\/wp\/v2\/posts\/190711\/revisions"}],"wp:featuredmedia":[{"embeddable":true,"href":"https:\/\/radioinfinitagoya.com.ar\/v1\/wp-json\/wp\/v2\/media\/190712"}],"wp:attachment":[{"href":"https:\/\/radioinfinitagoya.com.ar\/v1\/wp-json\/wp\/v2\/media?parent=190711"}],"wp:term":[{"taxonomy":"category","embeddable":true,"href":"https:\/\/radioinfinitagoya.com.ar\/v1\/wp-json\/wp\/v2\/categories?post=190711"},{"taxonomy":"post_tag","embeddable":true,"href":"https:\/\/radioinfinitagoya.com.ar\/v1\/wp-json\/wp\/v2\/tags?post=190711"}],"curies":[{"name":"wp","href":"https:\/\/api.w.org\/{rel}","templated":true}]}}