{"id":190940,"date":"2025-05-31T17:18:45","date_gmt":"2025-05-31T20:18:45","guid":{"rendered":"https:\/\/radioinfinitagoya.com.ar\/v1\/?p=190940"},"modified":"2025-05-31T17:18:45","modified_gmt":"2025-05-31T20:18:45","slug":"recuperamos-la-iniciativa-sostuvo-el-dt-de-regatas","status":"publish","type":"post","link":"https:\/\/radioinfinitagoya.com.ar\/v1\/2025\/05\/31\/recuperamos-la-iniciativa-sostuvo-el-dt-de-regatas\/","title":{"rendered":"&#8220;Recuperamos la iniciativa\u201d, sostuvo el DT de Regatas"},"content":{"rendered":"<p>El entrenador Fantasma analiz\u00f3 el triunfo del jueves frente a San Mart\u00edn y la marcha del cl\u00e1sico en la Reclasificaci\u00f3n.<\/p>\n<p>Regatas se hizo fuerte en el Fort\u00edn, venci\u00f3 a San Mart\u00edn 59 a 52 y se adelant\u00f3 en la serie de Reclasificaci\u00f3n de la Liga Nacional de B\u00e1squetbol 2 a 1.<\/p>\n<p>&#8220;Tenemos que sacar el tema de la localia porque qued\u00f3 demostrado que nos podemos en cualquiera de las dos canchas, lo que creo es que recuperamos la iniciativa en la serie\u201d, sentenci\u00f3 Juan Manuel Varas, entrenador de Regatas.<\/p>\n<p>La eliminatoria, al mejor de cinco partidos, comenz\u00f3 en el parque Mitre con triunfo local en el juego 1 y victoria de San Mart\u00edn en el 2.<\/p>\n<p>&#8220;Nos pusimos a la par de ellos en trabar el juego, nos pusimos en el juego de ellos y nos sentimos c\u00f3modos y ante esa igualdad de condiciones, nosotros tuvimos un plus en el tercer cuarto que nos permiti\u00f3 por primera vez una ventaja en el tanteador\u201d, analiz\u00f3 el entrenador en declaraciones que realiz\u00f3 a La Red Deportiva.<\/p>\n<p>\u201cEn el primer cuarto tomamos los tiros que quer\u00edamos, despu\u00e9s San Mart\u00edn nos sac\u00f3 una diferencia pero tuvimos la hombr\u00eda para revertirlo y permitirnos estar en juego jugando mal, cuando mejoramos tomamos el control del partido\u201d, agreg\u00f3.<\/p>\n<p>El cuarto punto ser\u00e1 este s\u00e1bado en el estadio Ra\u00fal Argentino Ort\u00edz. \u201cNo se si se podr\u00e1 ver un partido muy distinto. La serie est\u00e1 dado as\u00ed, ya se jug\u00f3 el 60% de la misma\u201d, sostuvo Varas.<\/p>\n<p>\u201cQueda claro que ninguno de los dos equipos estamos c\u00f3modos con las ofensivas, el marcador lo refleja, la efectividad lo marca. Obviamente que intentaremos mejorar en la ofensiva y seguir encontrando zonas de confort\u201d, concluy\u00f3.<\/p>\n<p>&nbsp;<\/p>\n","protected":false},"excerpt":{"rendered":"<p>El entrenador Fantasma analiz\u00f3 el triunfo del jueves frente a San Mart\u00edn y la marcha del cl\u00e1sico en la Reclasificaci\u00f3n. Regatas se hizo fuerte en el Fort\u00edn, venci\u00f3 a San Mart\u00edn 59 a 52 y se adelant\u00f3 en la serie de Reclasificaci\u00f3n de la Liga Nacional de B\u00e1squetbol 2 a 1. &#8220;Tenemos que sacar el [&hellip;]<\/p>\n","protected":false},"author":4,"featured_media":190941,"comment_status":"closed","ping_status":"closed","sticky":false,"template":"","format":"standard","meta":{"_joinchat":[],"footnotes":""},"categories":[28],"tags":[],"class_list":{"0":"post-190940","1":"post","2":"type-post","3":"status-publish","4":"format-standard","5":"has-post-thumbnail","7":"category-deportes"},"yoast_head":"<!-- This site is optimized with the Yoast SEO plugin v27.2 - https:\/\/yoast.com\/product\/yoast-seo-wordpress\/ -->\n<title>&quot;Recuperamos la iniciativa\u201d, sostuvo el DT de Regatas - Radio Infinita Goya<\/title>\n<meta name=\"description\" content=\"El entrenador Fantasma analiz\u00f3 el triunfo del jueves frente a San Mart\u00edn y la marcha del cl\u00e1sico en la Reclasificaci\u00f3n. Regatas se hizo fuerte en el\" \/>\n<meta name=\"robots\" content=\"index, follow, max-snippet:-1, max-image-preview:large, max-video-preview:-1\" \/>\n<link rel=\"canonical\" href=\"https:\/\/radioinfinitagoya.com.ar\/v1\/2025\/05\/31\/recuperamos-la-iniciativa-sostuvo-el-dt-de-regatas\/\" \/>\n<meta property=\"og:locale\" content=\"es_ES\" \/>\n<meta property=\"og:type\" content=\"article\" \/>\n<meta property=\"og:title\" content=\"&quot;Recuperamos la iniciativa\u201d, sostuvo el DT de Regatas - Radio Infinita Goya\" \/>\n<meta property=\"og:description\" content=\"El entrenador Fantasma analiz\u00f3 el triunfo del jueves frente a San Mart\u00edn y la marcha del cl\u00e1sico en la Reclasificaci\u00f3n. Regatas se hizo fuerte en el\" \/>\n<meta property=\"og:url\" content=\"https:\/\/radioinfinitagoya.com.ar\/v1\/2025\/05\/31\/recuperamos-la-iniciativa-sostuvo-el-dt-de-regatas\/\" \/>\n<meta property=\"og:site_name\" content=\"Radio Infinita Goya\" \/>\n<meta property=\"article:publisher\" content=\"https:\/\/www.facebook.com\/p\/Infinita-Goya-100063870918311\/\" \/>\n<meta property=\"article:published_time\" content=\"2025-05-31T20:18:45+00:00\" \/>\n<meta property=\"og:image\" content=\"https:\/\/radioinfinitagoya.com.ar\/v1\/wp-content\/uploads\/2025\/05\/1748641808575.webp\" \/>\n\t<meta property=\"og:image:width\" content=\"1200\" \/>\n\t<meta property=\"og:image:height\" content=\"675\" \/>\n\t<meta property=\"og:image:type\" content=\"image\/webp\" \/>\n<meta name=\"author\" content=\"Jorge Mi\u00f1o\" \/>\n<meta name=\"twitter:card\" content=\"summary_large_image\" \/>\n<meta name=\"twitter:label1\" content=\"Escrito por\" \/>\n\t<meta name=\"twitter:data1\" content=\"Jorge Mi\u00f1o\" \/>\n\t<meta name=\"twitter:label2\" content=\"Tiempo de lectura\" \/>\n\t<meta name=\"twitter:data2\" content=\"2 minutos\" \/>\n<script type=\"application\/ld+json\" class=\"yoast-schema-graph\">{\"@context\":\"https:\/\/schema.org\",\"@graph\":[{\"@type\":\"Article\",\"@id\":\"https:\/\/radioinfinitagoya.com.ar\/v1\/2025\/05\/31\/recuperamos-la-iniciativa-sostuvo-el-dt-de-regatas\/#article\",\"isPartOf\":{\"@id\":\"https:\/\/radioinfinitagoya.com.ar\/v1\/2025\/05\/31\/recuperamos-la-iniciativa-sostuvo-el-dt-de-regatas\/\"},\"author\":{\"name\":\"Jorge Mi\u00f1o\",\"@id\":\"https:\/\/radioinfinitagoya.com.ar\/v1\/#\/schema\/person\/d4cf9c413d4f6edb24aabdccab49ca4a\"},\"headline\":\"&#8220;Recuperamos la iniciativa\u201d, sostuvo el DT de Regatas\",\"datePublished\":\"2025-05-31T20:18:45+00:00\",\"mainEntityOfPage\":{\"@id\":\"https:\/\/radioinfinitagoya.com.ar\/v1\/2025\/05\/31\/recuperamos-la-iniciativa-sostuvo-el-dt-de-regatas\/\"},\"wordCount\":302,\"publisher\":{\"@id\":\"https:\/\/radioinfinitagoya.com.ar\/v1\/#organization\"},\"image\":{\"@id\":\"https:\/\/radioinfinitagoya.com.ar\/v1\/2025\/05\/31\/recuperamos-la-iniciativa-sostuvo-el-dt-de-regatas\/#primaryimage\"},\"thumbnailUrl\":\"https:\/\/radioinfinitagoya.com.ar\/v1\/wp-content\/uploads\/2025\/05\/1748641808575.webp\",\"articleSection\":[\"DEPORTES\"],\"inLanguage\":\"es-AR\"},{\"@type\":\"WebPage\",\"@id\":\"https:\/\/radioinfinitagoya.com.ar\/v1\/2025\/05\/31\/recuperamos-la-iniciativa-sostuvo-el-dt-de-regatas\/\",\"url\":\"https:\/\/radioinfinitagoya.com.ar\/v1\/2025\/05\/31\/recuperamos-la-iniciativa-sostuvo-el-dt-de-regatas\/\",\"name\":\"\\\"Recuperamos la iniciativa\u201d, sostuvo el DT de Regatas - Radio Infinita Goya\",\"isPartOf\":{\"@id\":\"https:\/\/radioinfinitagoya.com.ar\/v1\/#website\"},\"primaryImageOfPage\":{\"@id\":\"https:\/\/radioinfinitagoya.com.ar\/v1\/2025\/05\/31\/recuperamos-la-iniciativa-sostuvo-el-dt-de-regatas\/#primaryimage\"},\"image\":{\"@id\":\"https:\/\/radioinfinitagoya.com.ar\/v1\/2025\/05\/31\/recuperamos-la-iniciativa-sostuvo-el-dt-de-regatas\/#primaryimage\"},\"thumbnailUrl\":\"https:\/\/radioinfinitagoya.com.ar\/v1\/wp-content\/uploads\/2025\/05\/1748641808575.webp\",\"datePublished\":\"2025-05-31T20:18:45+00:00\",\"description\":\"El entrenador Fantasma analiz\u00f3 el triunfo del jueves frente a San Mart\u00edn y la marcha del cl\u00e1sico en la Reclasificaci\u00f3n. Regatas se hizo fuerte en el\",\"breadcrumb\":{\"@id\":\"https:\/\/radioinfinitagoya.com.ar\/v1\/2025\/05\/31\/recuperamos-la-iniciativa-sostuvo-el-dt-de-regatas\/#breadcrumb\"},\"inLanguage\":\"es-AR\",\"potentialAction\":[{\"@type\":\"ReadAction\",\"target\":[\"https:\/\/radioinfinitagoya.com.ar\/v1\/2025\/05\/31\/recuperamos-la-iniciativa-sostuvo-el-dt-de-regatas\/\"]}]},{\"@type\":\"ImageObject\",\"inLanguage\":\"es-AR\",\"@id\":\"https:\/\/radioinfinitagoya.com.ar\/v1\/2025\/05\/31\/recuperamos-la-iniciativa-sostuvo-el-dt-de-regatas\/#primaryimage\",\"url\":\"https:\/\/radioinfinitagoya.com.ar\/v1\/wp-content\/uploads\/2025\/05\/1748641808575.webp\",\"contentUrl\":\"https:\/\/radioinfinitagoya.com.ar\/v1\/wp-content\/uploads\/2025\/05\/1748641808575.webp\",\"width\":1200,\"height\":675},{\"@type\":\"BreadcrumbList\",\"@id\":\"https:\/\/radioinfinitagoya.com.ar\/v1\/2025\/05\/31\/recuperamos-la-iniciativa-sostuvo-el-dt-de-regatas\/#breadcrumb\",\"itemListElement\":[{\"@type\":\"ListItem\",\"position\":1,\"name\":\"Inicio\",\"item\":\"https:\/\/radioinfinitagoya.com.ar\/v1\/\"},{\"@type\":\"ListItem\",\"position\":2,\"name\":\"&#8220;Recuperamos la iniciativa\u201d, sostuvo el DT de Regatas\"}]},{\"@type\":\"WebSite\",\"@id\":\"https:\/\/radioinfinitagoya.com.ar\/v1\/#website\",\"url\":\"https:\/\/radioinfinitagoya.com.ar\/v1\/\",\"name\":\"radioinfinitagoya.com.ar\",\"description\":\"Radio de noticias\",\"publisher\":{\"@id\":\"https:\/\/radioinfinitagoya.com.ar\/v1\/#organization\"},\"potentialAction\":[{\"@type\":\"SearchAction\",\"target\":{\"@type\":\"EntryPoint\",\"urlTemplate\":\"https:\/\/radioinfinitagoya.com.ar\/v1\/?s={search_term_string}\"},\"query-input\":{\"@type\":\"PropertyValueSpecification\",\"valueRequired\":true,\"valueName\":\"search_term_string\"}}],\"inLanguage\":\"es-AR\"},{\"@type\":\"Organization\",\"@id\":\"https:\/\/radioinfinitagoya.com.ar\/v1\/#organization\",\"name\":\"Radio Infinita Goya\",\"url\":\"https:\/\/radioinfinitagoya.com.ar\/v1\/\",\"logo\":{\"@type\":\"ImageObject\",\"inLanguage\":\"es-AR\",\"@id\":\"https:\/\/radioinfinitagoya.com.ar\/v1\/#\/schema\/logo\/image\/\",\"url\":\"https:\/\/radioinfinitagoya.com.ar\/v1\/wp-content\/uploads\/2019\/11\/logo-pie-web.png\",\"contentUrl\":\"https:\/\/radioinfinitagoya.com.ar\/v1\/wp-content\/uploads\/2019\/11\/logo-pie-web.png\",\"width\":635,\"height\":326,\"caption\":\"Radio Infinita Goya\"},\"image\":{\"@id\":\"https:\/\/radioinfinitagoya.com.ar\/v1\/#\/schema\/logo\/image\/\"},\"sameAs\":[\"https:\/\/www.facebook.com\/p\/Infinita-Goya-100063870918311\/\"]},{\"@type\":\"Person\",\"@id\":\"https:\/\/radioinfinitagoya.com.ar\/v1\/#\/schema\/person\/d4cf9c413d4f6edb24aabdccab49ca4a\",\"name\":\"Jorge Mi\u00f1o\",\"image\":{\"@type\":\"ImageObject\",\"inLanguage\":\"es-AR\",\"@id\":\"https:\/\/secure.gravatar.com\/avatar\/910fcf6728fe95320e07a6643c1581fec1c7fc4bf8ae12e3d8f0d0373dc844be?s=96&d=mm&r=g\",\"url\":\"https:\/\/secure.gravatar.com\/avatar\/910fcf6728fe95320e07a6643c1581fec1c7fc4bf8ae12e3d8f0d0373dc844be?s=96&d=mm&r=g\",\"contentUrl\":\"https:\/\/secure.gravatar.com\/avatar\/910fcf6728fe95320e07a6643c1581fec1c7fc4bf8ae12e3d8f0d0373dc844be?s=96&d=mm&r=g\",\"caption\":\"Jorge Mi\u00f1o\"},\"sameAs\":[\"http:\/\/radioinfinitagoya.com.ar\"]}]}<\/script>\n<!-- \/ Yoast SEO plugin. -->","yoast_head_json":{"title":"\"Recuperamos la iniciativa\u201d, sostuvo el DT de Regatas - Radio Infinita Goya","description":"El entrenador Fantasma analiz\u00f3 el triunfo del jueves frente a San Mart\u00edn y la marcha del cl\u00e1sico en la Reclasificaci\u00f3n. Regatas se hizo fuerte en el","robots":{"index":"index","follow":"follow","max-snippet":"max-snippet:-1","max-image-preview":"max-image-preview:large","max-video-preview":"max-video-preview:-1"},"canonical":"https:\/\/radioinfinitagoya.com.ar\/v1\/2025\/05\/31\/recuperamos-la-iniciativa-sostuvo-el-dt-de-regatas\/","og_locale":"es_ES","og_type":"article","og_title":"\"Recuperamos la iniciativa\u201d, sostuvo el DT de Regatas - Radio Infinita Goya","og_description":"El entrenador Fantasma analiz\u00f3 el triunfo del jueves frente a San Mart\u00edn y la marcha del cl\u00e1sico en la Reclasificaci\u00f3n. Regatas se hizo fuerte en el","og_url":"https:\/\/radioinfinitagoya.com.ar\/v1\/2025\/05\/31\/recuperamos-la-iniciativa-sostuvo-el-dt-de-regatas\/","og_site_name":"Radio Infinita Goya","article_publisher":"https:\/\/www.facebook.com\/p\/Infinita-Goya-100063870918311\/","article_published_time":"2025-05-31T20:18:45+00:00","og_image":[{"width":1200,"height":675,"url":"https:\/\/radioinfinitagoya.com.ar\/v1\/wp-content\/uploads\/2025\/05\/1748641808575.webp","type":"image\/webp"}],"author":"Jorge Mi\u00f1o","twitter_card":"summary_large_image","twitter_misc":{"Escrito por":"Jorge Mi\u00f1o","Tiempo de lectura":"2 minutos"},"schema":{"@context":"https:\/\/schema.org","@graph":[{"@type":"Article","@id":"https:\/\/radioinfinitagoya.com.ar\/v1\/2025\/05\/31\/recuperamos-la-iniciativa-sostuvo-el-dt-de-regatas\/#article","isPartOf":{"@id":"https:\/\/radioinfinitagoya.com.ar\/v1\/2025\/05\/31\/recuperamos-la-iniciativa-sostuvo-el-dt-de-regatas\/"},"author":{"name":"Jorge Mi\u00f1o","@id":"https:\/\/radioinfinitagoya.com.ar\/v1\/#\/schema\/person\/d4cf9c413d4f6edb24aabdccab49ca4a"},"headline":"&#8220;Recuperamos la iniciativa\u201d, sostuvo el DT de Regatas","datePublished":"2025-05-31T20:18:45+00:00","mainEntityOfPage":{"@id":"https:\/\/radioinfinitagoya.com.ar\/v1\/2025\/05\/31\/recuperamos-la-iniciativa-sostuvo-el-dt-de-regatas\/"},"wordCount":302,"publisher":{"@id":"https:\/\/radioinfinitagoya.com.ar\/v1\/#organization"},"image":{"@id":"https:\/\/radioinfinitagoya.com.ar\/v1\/2025\/05\/31\/recuperamos-la-iniciativa-sostuvo-el-dt-de-regatas\/#primaryimage"},"thumbnailUrl":"https:\/\/radioinfinitagoya.com.ar\/v1\/wp-content\/uploads\/2025\/05\/1748641808575.webp","articleSection":["DEPORTES"],"inLanguage":"es-AR"},{"@type":"WebPage","@id":"https:\/\/radioinfinitagoya.com.ar\/v1\/2025\/05\/31\/recuperamos-la-iniciativa-sostuvo-el-dt-de-regatas\/","url":"https:\/\/radioinfinitagoya.com.ar\/v1\/2025\/05\/31\/recuperamos-la-iniciativa-sostuvo-el-dt-de-regatas\/","name":"\"Recuperamos la iniciativa\u201d, sostuvo el DT de Regatas - Radio Infinita Goya","isPartOf":{"@id":"https:\/\/radioinfinitagoya.com.ar\/v1\/#website"},"primaryImageOfPage":{"@id":"https:\/\/radioinfinitagoya.com.ar\/v1\/2025\/05\/31\/recuperamos-la-iniciativa-sostuvo-el-dt-de-regatas\/#primaryimage"},"image":{"@id":"https:\/\/radioinfinitagoya.com.ar\/v1\/2025\/05\/31\/recuperamos-la-iniciativa-sostuvo-el-dt-de-regatas\/#primaryimage"},"thumbnailUrl":"https:\/\/radioinfinitagoya.com.ar\/v1\/wp-content\/uploads\/2025\/05\/1748641808575.webp","datePublished":"2025-05-31T20:18:45+00:00","description":"El entrenador Fantasma analiz\u00f3 el triunfo del jueves frente a San Mart\u00edn y la marcha del cl\u00e1sico en la Reclasificaci\u00f3n. Regatas se hizo fuerte en el","breadcrumb":{"@id":"https:\/\/radioinfinitagoya.com.ar\/v1\/2025\/05\/31\/recuperamos-la-iniciativa-sostuvo-el-dt-de-regatas\/#breadcrumb"},"inLanguage":"es-AR","potentialAction":[{"@type":"ReadAction","target":["https:\/\/radioinfinitagoya.com.ar\/v1\/2025\/05\/31\/recuperamos-la-iniciativa-sostuvo-el-dt-de-regatas\/"]}]},{"@type":"ImageObject","inLanguage":"es-AR","@id":"https:\/\/radioinfinitagoya.com.ar\/v1\/2025\/05\/31\/recuperamos-la-iniciativa-sostuvo-el-dt-de-regatas\/#primaryimage","url":"https:\/\/radioinfinitagoya.com.ar\/v1\/wp-content\/uploads\/2025\/05\/1748641808575.webp","contentUrl":"https:\/\/radioinfinitagoya.com.ar\/v1\/wp-content\/uploads\/2025\/05\/1748641808575.webp","width":1200,"height":675},{"@type":"BreadcrumbList","@id":"https:\/\/radioinfinitagoya.com.ar\/v1\/2025\/05\/31\/recuperamos-la-iniciativa-sostuvo-el-dt-de-regatas\/#breadcrumb","itemListElement":[{"@type":"ListItem","position":1,"name":"Inicio","item":"https:\/\/radioinfinitagoya.com.ar\/v1\/"},{"@type":"ListItem","position":2,"name":"&#8220;Recuperamos la iniciativa\u201d, sostuvo el DT de Regatas"}]},{"@type":"WebSite","@id":"https:\/\/radioinfinitagoya.com.ar\/v1\/#website","url":"https:\/\/radioinfinitagoya.com.ar\/v1\/","name":"radioinfinitagoya.com.ar","description":"Radio de noticias","publisher":{"@id":"https:\/\/radioinfinitagoya.com.ar\/v1\/#organization"},"potentialAction":[{"@type":"SearchAction","target":{"@type":"EntryPoint","urlTemplate":"https:\/\/radioinfinitagoya.com.ar\/v1\/?s={search_term_string}"},"query-input":{"@type":"PropertyValueSpecification","valueRequired":true,"valueName":"search_term_string"}}],"inLanguage":"es-AR"},{"@type":"Organization","@id":"https:\/\/radioinfinitagoya.com.ar\/v1\/#organization","name":"Radio Infinita Goya","url":"https:\/\/radioinfinitagoya.com.ar\/v1\/","logo":{"@type":"ImageObject","inLanguage":"es-AR","@id":"https:\/\/radioinfinitagoya.com.ar\/v1\/#\/schema\/logo\/image\/","url":"https:\/\/radioinfinitagoya.com.ar\/v1\/wp-content\/uploads\/2019\/11\/logo-pie-web.png","contentUrl":"https:\/\/radioinfinitagoya.com.ar\/v1\/wp-content\/uploads\/2019\/11\/logo-pie-web.png","width":635,"height":326,"caption":"Radio Infinita Goya"},"image":{"@id":"https:\/\/radioinfinitagoya.com.ar\/v1\/#\/schema\/logo\/image\/"},"sameAs":["https:\/\/www.facebook.com\/p\/Infinita-Goya-100063870918311\/"]},{"@type":"Person","@id":"https:\/\/radioinfinitagoya.com.ar\/v1\/#\/schema\/person\/d4cf9c413d4f6edb24aabdccab49ca4a","name":"Jorge Mi\u00f1o","image":{"@type":"ImageObject","inLanguage":"es-AR","@id":"https:\/\/secure.gravatar.com\/avatar\/910fcf6728fe95320e07a6643c1581fec1c7fc4bf8ae12e3d8f0d0373dc844be?s=96&d=mm&r=g","url":"https:\/\/secure.gravatar.com\/avatar\/910fcf6728fe95320e07a6643c1581fec1c7fc4bf8ae12e3d8f0d0373dc844be?s=96&d=mm&r=g","contentUrl":"https:\/\/secure.gravatar.com\/avatar\/910fcf6728fe95320e07a6643c1581fec1c7fc4bf8ae12e3d8f0d0373dc844be?s=96&d=mm&r=g","caption":"Jorge Mi\u00f1o"},"sameAs":["http:\/\/radioinfinitagoya.com.ar"]}]}},"_links":{"self":[{"href":"https:\/\/radioinfinitagoya.com.ar\/v1\/wp-json\/wp\/v2\/posts\/190940","targetHints":{"allow":["GET"]}}],"collection":[{"href":"https:\/\/radioinfinitagoya.com.ar\/v1\/wp-json\/wp\/v2\/posts"}],"about":[{"href":"https:\/\/radioinfinitagoya.com.ar\/v1\/wp-json\/wp\/v2\/types\/post"}],"author":[{"embeddable":true,"href":"https:\/\/radioinfinitagoya.com.ar\/v1\/wp-json\/wp\/v2\/users\/4"}],"replies":[{"embeddable":true,"href":"https:\/\/radioinfinitagoya.com.ar\/v1\/wp-json\/wp\/v2\/comments?post=190940"}],"version-history":[{"count":0,"href":"https:\/\/radioinfinitagoya.com.ar\/v1\/wp-json\/wp\/v2\/posts\/190940\/revisions"}],"wp:featuredmedia":[{"embeddable":true,"href":"https:\/\/radioinfinitagoya.com.ar\/v1\/wp-json\/wp\/v2\/media\/190941"}],"wp:attachment":[{"href":"https:\/\/radioinfinitagoya.com.ar\/v1\/wp-json\/wp\/v2\/media?parent=190940"}],"wp:term":[{"taxonomy":"category","embeddable":true,"href":"https:\/\/radioinfinitagoya.com.ar\/v1\/wp-json\/wp\/v2\/categories?post=190940"},{"taxonomy":"post_tag","embeddable":true,"href":"https:\/\/radioinfinitagoya.com.ar\/v1\/wp-json\/wp\/v2\/tags?post=190940"}],"curies":[{"name":"wp","href":"https:\/\/api.w.org\/{rel}","templated":true}]}}