{"id":191013,"date":"2025-06-01T17:59:54","date_gmt":"2025-06-01T20:59:54","guid":{"rendered":"https:\/\/radioinfinitagoya.com.ar\/v1\/?p=191013"},"modified":"2025-06-01T17:59:54","modified_gmt":"2025-06-01T20:59:54","slug":"impacto-en-los-fondos-provinciales-por-derrumbe-en-la-coparticipacion-por-la-baja-del-consumo-y-la-recaudacion","status":"publish","type":"post","link":"https:\/\/radioinfinitagoya.com.ar\/v1\/2025\/06\/01\/impacto-en-los-fondos-provinciales-por-derrumbe-en-la-coparticipacion-por-la-baja-del-consumo-y-la-recaudacion\/","title":{"rendered":"Impacto en los fondos provinciales por derrumbe en la coparticipaci\u00f3n por la baja del consumo y la recaudaci\u00f3n"},"content":{"rendered":"<p>Un informe apunta a una ca\u00edda interanual del 26,6% en los fondos coparticipables a nivel federal, en simult\u00e1neo a la reducci\u00f3n de recaudaci\u00f3n por IVA.<\/p>\n<p>A pesar de los \u00faltimos registros de repunte del consumo en el \u00faltimo mes, el deterioro en el desempe\u00f1o interanual provoc\u00f3 una profunda ca\u00edda en la coparticipaci\u00f3n en mayo del 2025. La situaci\u00f3n representa el principal desaf\u00edo a debatirse en la pr\u00f3xima reuni\u00f3n del Consejo Federal de Inversiones (CFI), en la que participar\u00e1n los gobernadores provinciales.<\/p>\n<p>Un estudio del Centro de Econom\u00eda Pol\u00edtica Argentina (CEPA) registr\u00f3 una merma en el orden del 23,3% interanual de los Recursos de Origen Nacional en t\u00e9rminos reales, junto a un derrumbe del 26,2% en los fondos de Coparticipaci\u00f3n Federal de Impuestos. En los distritos patag\u00f3nicos se vio el principal deterioro: -26,5% en R\u00edo Negro, -26,3% en Tierra del Fuego y -26,2% en Santa Cruz.<\/p>\n<p>Los fondos coparticipables provienen del Impuesto a las Ganancias (que destina el 100% de la recaudaci\u00f3n), el Impuesto al Valor Agregado (IVA, que dirige el 89% de su total) y los Impuestos Internos Coparticipables (100% de su percepci\u00f3n, pero con impacto exiguo en la cuenta final).<\/p>\n<p>Precisamente, el deterioro de la recaudaci\u00f3n de estos impuestos explica la ca\u00edda de los fondos coparticipables. Seg\u00fan el CEPA, se observ\u00f3 una reducci\u00f3n en el IVA del 1% interanual, lo que est\u00e1 \u201cexplicado por un comportamiento err\u00e1tico de la actividad econ\u00f3mica y del consumo\u201d. Por otro lado, la ca\u00edda de Ganancias fue a\u00fan m\u00e1s impactante: 39,8%.<\/p>\n<p>Reactivaci\u00f3n del consumo<br \/>\nEl consumo masivo en Argentina comenz\u00f3 a mostrar se\u00f1ales de recuperaci\u00f3n durante los primeros meses de 2025, tras un 2024 marcado por la recesi\u00f3n y el ajuste. Sin embargo, esta mejora es desigual: mientras algunas categor\u00edas crecen y recuperan volumen, otras siguen golpeadas, y la capacidad de compra de los hogares argentinos contin\u00faa fragmentada seg\u00fan el nivel de ingresos.<\/p>\n<p>De acuerdo con el informe Shopper Day 2025, de la consultora Kantar, el 61% de las categor\u00edas analizadas creci\u00f3 en volumen durante el primer bimestre del a\u00f1o, impulsado por una mayor estabilidad de precios y el regreso de los consumidores a productos y marcas que hab\u00edan dejado de lado. Adem\u00e1s, el informe destaca que 3 de cada 4 categor\u00edas que crecieron tambi\u00e9n sumaron nuevos hogares compradores, ampliaron el tama\u00f1o de la canasta y aumentaron la frecuencia de compra, lo que marca una mejora en la din\u00e1mica general del consumo.<\/p>\n<p>Entre las categor\u00edas que m\u00e1s crecieron en el inicio de 2025 se destacan los tratamientos capilares, enjuagues bucales, yogures descremados y margarinas. Estos productos muestran una clara reactivaci\u00f3n, en contraste con otras \u00e1reas que todav\u00eda no logran recuperarse: el 60% de las categor\u00edas sigue por debajo de los niveles de consumo del a\u00f1o pasado, y el segmento de bebidas alcoh\u00f3licas contin\u00faa en ca\u00edda.<\/p>\n<p>El informe tambi\u00e9n revela una fuerte fragmentaci\u00f3n del consumo seg\u00fan el nivel socioecon\u00f3mico. Mientras que solo el 5% de las categor\u00edas creci\u00f3 en los hogares de menores ingresos, el crecimiento alcanz\u00f3 al 79% de las categor\u00edas en los hogares de nivel socioecon\u00f3mico medio y alto.<\/p>\n","protected":false},"excerpt":{"rendered":"<p>Un informe apunta a una ca\u00edda interanual del 26,6% en los fondos coparticipables a nivel federal, en simult\u00e1neo a la reducci\u00f3n de recaudaci\u00f3n por IVA. A pesar de los \u00faltimos registros de repunte del consumo en el \u00faltimo mes, el deterioro en el desempe\u00f1o interanual provoc\u00f3 una profunda ca\u00edda en la coparticipaci\u00f3n en mayo del [&hellip;]<\/p>\n","protected":false},"author":4,"featured_media":191014,"comment_status":"closed","ping_status":"closed","sticky":false,"template":"","format":"standard","meta":{"_joinchat":[],"footnotes":""},"categories":[34],"tags":[],"class_list":{"0":"post-191013","1":"post","2":"type-post","3":"status-publish","4":"format-standard","5":"has-post-thumbnail","7":"category-principal"},"yoast_head":"<!-- This site is optimized with the Yoast SEO plugin v27.2 - https:\/\/yoast.com\/product\/yoast-seo-wordpress\/ -->\n<title>Impacto en los fondos provinciales por derrumbe en la coparticipaci\u00f3n por la baja del consumo y la recaudaci\u00f3n - Radio Infinita Goya<\/title>\n<meta name=\"description\" content=\"Un informe apunta a una ca\u00edda interanual del 26,6% en los fondos coparticipables a nivel federal, en simult\u00e1neo a la reducci\u00f3n de recaudaci\u00f3n por IVA. A\" \/>\n<meta name=\"robots\" content=\"index, follow, max-snippet:-1, max-image-preview:large, max-video-preview:-1\" \/>\n<link rel=\"canonical\" href=\"https:\/\/radioinfinitagoya.com.ar\/v1\/2025\/06\/01\/impacto-en-los-fondos-provinciales-por-derrumbe-en-la-coparticipacion-por-la-baja-del-consumo-y-la-recaudacion\/\" \/>\n<meta property=\"og:locale\" content=\"es_ES\" \/>\n<meta property=\"og:type\" content=\"article\" \/>\n<meta property=\"og:title\" content=\"Impacto en los fondos provinciales por derrumbe en la coparticipaci\u00f3n por la baja del consumo y la recaudaci\u00f3n - Radio Infinita Goya\" \/>\n<meta property=\"og:description\" content=\"Un informe apunta a una ca\u00edda interanual del 26,6% en los fondos coparticipables a nivel federal, en simult\u00e1neo a la reducci\u00f3n de recaudaci\u00f3n por IVA. A\" \/>\n<meta property=\"og:url\" content=\"https:\/\/radioinfinitagoya.com.ar\/v1\/2025\/06\/01\/impacto-en-los-fondos-provinciales-por-derrumbe-en-la-coparticipacion-por-la-baja-del-consumo-y-la-recaudacion\/\" \/>\n<meta property=\"og:site_name\" content=\"Radio Infinita Goya\" \/>\n<meta property=\"article:publisher\" content=\"https:\/\/www.facebook.com\/p\/Infinita-Goya-100063870918311\/\" \/>\n<meta property=\"article:published_time\" content=\"2025-06-01T20:59:54+00:00\" \/>\n<meta property=\"og:image\" content=\"https:\/\/radioinfinitagoya.com.ar\/v1\/wp-content\/uploads\/2025\/06\/tJw0iyR-.jpg\" \/>\n\t<meta property=\"og:image:width\" content=\"680\" \/>\n\t<meta property=\"og:image:height\" content=\"383\" \/>\n\t<meta property=\"og:image:type\" content=\"image\/jpeg\" \/>\n<meta name=\"author\" content=\"Jorge Mi\u00f1o\" \/>\n<meta name=\"twitter:card\" content=\"summary_large_image\" \/>\n<meta name=\"twitter:label1\" content=\"Escrito por\" \/>\n\t<meta name=\"twitter:data1\" content=\"Jorge Mi\u00f1o\" \/>\n\t<meta name=\"twitter:label2\" content=\"Tiempo de lectura\" \/>\n\t<meta name=\"twitter:data2\" content=\"3 minutos\" \/>\n<script type=\"application\/ld+json\" class=\"yoast-schema-graph\">{\"@context\":\"https:\/\/schema.org\",\"@graph\":[{\"@type\":\"Article\",\"@id\":\"https:\/\/radioinfinitagoya.com.ar\/v1\/2025\/06\/01\/impacto-en-los-fondos-provinciales-por-derrumbe-en-la-coparticipacion-por-la-baja-del-consumo-y-la-recaudacion\/#article\",\"isPartOf\":{\"@id\":\"https:\/\/radioinfinitagoya.com.ar\/v1\/2025\/06\/01\/impacto-en-los-fondos-provinciales-por-derrumbe-en-la-coparticipacion-por-la-baja-del-consumo-y-la-recaudacion\/\"},\"author\":{\"name\":\"Jorge Mi\u00f1o\",\"@id\":\"https:\/\/radioinfinitagoya.com.ar\/v1\/#\/schema\/person\/d4cf9c413d4f6edb24aabdccab49ca4a\"},\"headline\":\"Impacto en los fondos provinciales por derrumbe en la coparticipaci\u00f3n por la baja del consumo y la recaudaci\u00f3n\",\"datePublished\":\"2025-06-01T20:59:54+00:00\",\"mainEntityOfPage\":{\"@id\":\"https:\/\/radioinfinitagoya.com.ar\/v1\/2025\/06\/01\/impacto-en-los-fondos-provinciales-por-derrumbe-en-la-coparticipacion-por-la-baja-del-consumo-y-la-recaudacion\/\"},\"wordCount\":567,\"publisher\":{\"@id\":\"https:\/\/radioinfinitagoya.com.ar\/v1\/#organization\"},\"image\":{\"@id\":\"https:\/\/radioinfinitagoya.com.ar\/v1\/2025\/06\/01\/impacto-en-los-fondos-provinciales-por-derrumbe-en-la-coparticipacion-por-la-baja-del-consumo-y-la-recaudacion\/#primaryimage\"},\"thumbnailUrl\":\"https:\/\/radioinfinitagoya.com.ar\/v1\/wp-content\/uploads\/2025\/06\/tJw0iyR-.jpg\",\"articleSection\":[\"PRINCIPAL\"],\"inLanguage\":\"es-AR\"},{\"@type\":\"WebPage\",\"@id\":\"https:\/\/radioinfinitagoya.com.ar\/v1\/2025\/06\/01\/impacto-en-los-fondos-provinciales-por-derrumbe-en-la-coparticipacion-por-la-baja-del-consumo-y-la-recaudacion\/\",\"url\":\"https:\/\/radioinfinitagoya.com.ar\/v1\/2025\/06\/01\/impacto-en-los-fondos-provinciales-por-derrumbe-en-la-coparticipacion-por-la-baja-del-consumo-y-la-recaudacion\/\",\"name\":\"Impacto en los fondos provinciales por derrumbe en la coparticipaci\u00f3n por la baja del consumo y la recaudaci\u00f3n - Radio Infinita Goya\",\"isPartOf\":{\"@id\":\"https:\/\/radioinfinitagoya.com.ar\/v1\/#website\"},\"primaryImageOfPage\":{\"@id\":\"https:\/\/radioinfinitagoya.com.ar\/v1\/2025\/06\/01\/impacto-en-los-fondos-provinciales-por-derrumbe-en-la-coparticipacion-por-la-baja-del-consumo-y-la-recaudacion\/#primaryimage\"},\"image\":{\"@id\":\"https:\/\/radioinfinitagoya.com.ar\/v1\/2025\/06\/01\/impacto-en-los-fondos-provinciales-por-derrumbe-en-la-coparticipacion-por-la-baja-del-consumo-y-la-recaudacion\/#primaryimage\"},\"thumbnailUrl\":\"https:\/\/radioinfinitagoya.com.ar\/v1\/wp-content\/uploads\/2025\/06\/tJw0iyR-.jpg\",\"datePublished\":\"2025-06-01T20:59:54+00:00\",\"description\":\"Un informe apunta a una ca\u00edda interanual del 26,6% en los fondos coparticipables a nivel federal, en simult\u00e1neo a la reducci\u00f3n de recaudaci\u00f3n por IVA. A\",\"breadcrumb\":{\"@id\":\"https:\/\/radioinfinitagoya.com.ar\/v1\/2025\/06\/01\/impacto-en-los-fondos-provinciales-por-derrumbe-en-la-coparticipacion-por-la-baja-del-consumo-y-la-recaudacion\/#breadcrumb\"},\"inLanguage\":\"es-AR\",\"potentialAction\":[{\"@type\":\"ReadAction\",\"target\":[\"https:\/\/radioinfinitagoya.com.ar\/v1\/2025\/06\/01\/impacto-en-los-fondos-provinciales-por-derrumbe-en-la-coparticipacion-por-la-baja-del-consumo-y-la-recaudacion\/\"]}]},{\"@type\":\"ImageObject\",\"inLanguage\":\"es-AR\",\"@id\":\"https:\/\/radioinfinitagoya.com.ar\/v1\/2025\/06\/01\/impacto-en-los-fondos-provinciales-por-derrumbe-en-la-coparticipacion-por-la-baja-del-consumo-y-la-recaudacion\/#primaryimage\",\"url\":\"https:\/\/radioinfinitagoya.com.ar\/v1\/wp-content\/uploads\/2025\/06\/tJw0iyR-.jpg\",\"contentUrl\":\"https:\/\/radioinfinitagoya.com.ar\/v1\/wp-content\/uploads\/2025\/06\/tJw0iyR-.jpg\",\"width\":680,\"height\":383},{\"@type\":\"BreadcrumbList\",\"@id\":\"https:\/\/radioinfinitagoya.com.ar\/v1\/2025\/06\/01\/impacto-en-los-fondos-provinciales-por-derrumbe-en-la-coparticipacion-por-la-baja-del-consumo-y-la-recaudacion\/#breadcrumb\",\"itemListElement\":[{\"@type\":\"ListItem\",\"position\":1,\"name\":\"Inicio\",\"item\":\"https:\/\/radioinfinitagoya.com.ar\/v1\/\"},{\"@type\":\"ListItem\",\"position\":2,\"name\":\"Impacto en los fondos provinciales por derrumbe en la coparticipaci\u00f3n por la baja del consumo y la recaudaci\u00f3n\"}]},{\"@type\":\"WebSite\",\"@id\":\"https:\/\/radioinfinitagoya.com.ar\/v1\/#website\",\"url\":\"https:\/\/radioinfinitagoya.com.ar\/v1\/\",\"name\":\"radioinfinitagoya.com.ar\",\"description\":\"Radio de noticias\",\"publisher\":{\"@id\":\"https:\/\/radioinfinitagoya.com.ar\/v1\/#organization\"},\"potentialAction\":[{\"@type\":\"SearchAction\",\"target\":{\"@type\":\"EntryPoint\",\"urlTemplate\":\"https:\/\/radioinfinitagoya.com.ar\/v1\/?s={search_term_string}\"},\"query-input\":{\"@type\":\"PropertyValueSpecification\",\"valueRequired\":true,\"valueName\":\"search_term_string\"}}],\"inLanguage\":\"es-AR\"},{\"@type\":\"Organization\",\"@id\":\"https:\/\/radioinfinitagoya.com.ar\/v1\/#organization\",\"name\":\"Radio Infinita Goya\",\"url\":\"https:\/\/radioinfinitagoya.com.ar\/v1\/\",\"logo\":{\"@type\":\"ImageObject\",\"inLanguage\":\"es-AR\",\"@id\":\"https:\/\/radioinfinitagoya.com.ar\/v1\/#\/schema\/logo\/image\/\",\"url\":\"https:\/\/radioinfinitagoya.com.ar\/v1\/wp-content\/uploads\/2019\/11\/logo-pie-web.png\",\"contentUrl\":\"https:\/\/radioinfinitagoya.com.ar\/v1\/wp-content\/uploads\/2019\/11\/logo-pie-web.png\",\"width\":635,\"height\":326,\"caption\":\"Radio Infinita Goya\"},\"image\":{\"@id\":\"https:\/\/radioinfinitagoya.com.ar\/v1\/#\/schema\/logo\/image\/\"},\"sameAs\":[\"https:\/\/www.facebook.com\/p\/Infinita-Goya-100063870918311\/\"]},{\"@type\":\"Person\",\"@id\":\"https:\/\/radioinfinitagoya.com.ar\/v1\/#\/schema\/person\/d4cf9c413d4f6edb24aabdccab49ca4a\",\"name\":\"Jorge Mi\u00f1o\",\"image\":{\"@type\":\"ImageObject\",\"inLanguage\":\"es-AR\",\"@id\":\"https:\/\/secure.gravatar.com\/avatar\/910fcf6728fe95320e07a6643c1581fec1c7fc4bf8ae12e3d8f0d0373dc844be?s=96&d=mm&r=g\",\"url\":\"https:\/\/secure.gravatar.com\/avatar\/910fcf6728fe95320e07a6643c1581fec1c7fc4bf8ae12e3d8f0d0373dc844be?s=96&d=mm&r=g\",\"contentUrl\":\"https:\/\/secure.gravatar.com\/avatar\/910fcf6728fe95320e07a6643c1581fec1c7fc4bf8ae12e3d8f0d0373dc844be?s=96&d=mm&r=g\",\"caption\":\"Jorge Mi\u00f1o\"},\"sameAs\":[\"http:\/\/radioinfinitagoya.com.ar\"]}]}<\/script>\n<!-- \/ Yoast SEO plugin. -->","yoast_head_json":{"title":"Impacto en los fondos provinciales por derrumbe en la coparticipaci\u00f3n por la baja del consumo y la recaudaci\u00f3n - Radio Infinita Goya","description":"Un informe apunta a una ca\u00edda interanual del 26,6% en los fondos coparticipables a nivel federal, en simult\u00e1neo a la reducci\u00f3n de recaudaci\u00f3n por IVA. A","robots":{"index":"index","follow":"follow","max-snippet":"max-snippet:-1","max-image-preview":"max-image-preview:large","max-video-preview":"max-video-preview:-1"},"canonical":"https:\/\/radioinfinitagoya.com.ar\/v1\/2025\/06\/01\/impacto-en-los-fondos-provinciales-por-derrumbe-en-la-coparticipacion-por-la-baja-del-consumo-y-la-recaudacion\/","og_locale":"es_ES","og_type":"article","og_title":"Impacto en los fondos provinciales por derrumbe en la coparticipaci\u00f3n por la baja del consumo y la recaudaci\u00f3n - Radio Infinita Goya","og_description":"Un informe apunta a una ca\u00edda interanual del 26,6% en los fondos coparticipables a nivel federal, en simult\u00e1neo a la reducci\u00f3n de recaudaci\u00f3n por IVA. A","og_url":"https:\/\/radioinfinitagoya.com.ar\/v1\/2025\/06\/01\/impacto-en-los-fondos-provinciales-por-derrumbe-en-la-coparticipacion-por-la-baja-del-consumo-y-la-recaudacion\/","og_site_name":"Radio Infinita Goya","article_publisher":"https:\/\/www.facebook.com\/p\/Infinita-Goya-100063870918311\/","article_published_time":"2025-06-01T20:59:54+00:00","og_image":[{"width":680,"height":383,"url":"https:\/\/radioinfinitagoya.com.ar\/v1\/wp-content\/uploads\/2025\/06\/tJw0iyR-.jpg","type":"image\/jpeg"}],"author":"Jorge Mi\u00f1o","twitter_card":"summary_large_image","twitter_misc":{"Escrito por":"Jorge Mi\u00f1o","Tiempo de lectura":"3 minutos"},"schema":{"@context":"https:\/\/schema.org","@graph":[{"@type":"Article","@id":"https:\/\/radioinfinitagoya.com.ar\/v1\/2025\/06\/01\/impacto-en-los-fondos-provinciales-por-derrumbe-en-la-coparticipacion-por-la-baja-del-consumo-y-la-recaudacion\/#article","isPartOf":{"@id":"https:\/\/radioinfinitagoya.com.ar\/v1\/2025\/06\/01\/impacto-en-los-fondos-provinciales-por-derrumbe-en-la-coparticipacion-por-la-baja-del-consumo-y-la-recaudacion\/"},"author":{"name":"Jorge Mi\u00f1o","@id":"https:\/\/radioinfinitagoya.com.ar\/v1\/#\/schema\/person\/d4cf9c413d4f6edb24aabdccab49ca4a"},"headline":"Impacto en los fondos provinciales por derrumbe en la coparticipaci\u00f3n por la baja del consumo y la recaudaci\u00f3n","datePublished":"2025-06-01T20:59:54+00:00","mainEntityOfPage":{"@id":"https:\/\/radioinfinitagoya.com.ar\/v1\/2025\/06\/01\/impacto-en-los-fondos-provinciales-por-derrumbe-en-la-coparticipacion-por-la-baja-del-consumo-y-la-recaudacion\/"},"wordCount":567,"publisher":{"@id":"https:\/\/radioinfinitagoya.com.ar\/v1\/#organization"},"image":{"@id":"https:\/\/radioinfinitagoya.com.ar\/v1\/2025\/06\/01\/impacto-en-los-fondos-provinciales-por-derrumbe-en-la-coparticipacion-por-la-baja-del-consumo-y-la-recaudacion\/#primaryimage"},"thumbnailUrl":"https:\/\/radioinfinitagoya.com.ar\/v1\/wp-content\/uploads\/2025\/06\/tJw0iyR-.jpg","articleSection":["PRINCIPAL"],"inLanguage":"es-AR"},{"@type":"WebPage","@id":"https:\/\/radioinfinitagoya.com.ar\/v1\/2025\/06\/01\/impacto-en-los-fondos-provinciales-por-derrumbe-en-la-coparticipacion-por-la-baja-del-consumo-y-la-recaudacion\/","url":"https:\/\/radioinfinitagoya.com.ar\/v1\/2025\/06\/01\/impacto-en-los-fondos-provinciales-por-derrumbe-en-la-coparticipacion-por-la-baja-del-consumo-y-la-recaudacion\/","name":"Impacto en los fondos provinciales por derrumbe en la coparticipaci\u00f3n por la baja del consumo y la recaudaci\u00f3n - Radio Infinita Goya","isPartOf":{"@id":"https:\/\/radioinfinitagoya.com.ar\/v1\/#website"},"primaryImageOfPage":{"@id":"https:\/\/radioinfinitagoya.com.ar\/v1\/2025\/06\/01\/impacto-en-los-fondos-provinciales-por-derrumbe-en-la-coparticipacion-por-la-baja-del-consumo-y-la-recaudacion\/#primaryimage"},"image":{"@id":"https:\/\/radioinfinitagoya.com.ar\/v1\/2025\/06\/01\/impacto-en-los-fondos-provinciales-por-derrumbe-en-la-coparticipacion-por-la-baja-del-consumo-y-la-recaudacion\/#primaryimage"},"thumbnailUrl":"https:\/\/radioinfinitagoya.com.ar\/v1\/wp-content\/uploads\/2025\/06\/tJw0iyR-.jpg","datePublished":"2025-06-01T20:59:54+00:00","description":"Un informe apunta a una ca\u00edda interanual del 26,6% en los fondos coparticipables a nivel federal, en simult\u00e1neo a la reducci\u00f3n de recaudaci\u00f3n por IVA. A","breadcrumb":{"@id":"https:\/\/radioinfinitagoya.com.ar\/v1\/2025\/06\/01\/impacto-en-los-fondos-provinciales-por-derrumbe-en-la-coparticipacion-por-la-baja-del-consumo-y-la-recaudacion\/#breadcrumb"},"inLanguage":"es-AR","potentialAction":[{"@type":"ReadAction","target":["https:\/\/radioinfinitagoya.com.ar\/v1\/2025\/06\/01\/impacto-en-los-fondos-provinciales-por-derrumbe-en-la-coparticipacion-por-la-baja-del-consumo-y-la-recaudacion\/"]}]},{"@type":"ImageObject","inLanguage":"es-AR","@id":"https:\/\/radioinfinitagoya.com.ar\/v1\/2025\/06\/01\/impacto-en-los-fondos-provinciales-por-derrumbe-en-la-coparticipacion-por-la-baja-del-consumo-y-la-recaudacion\/#primaryimage","url":"https:\/\/radioinfinitagoya.com.ar\/v1\/wp-content\/uploads\/2025\/06\/tJw0iyR-.jpg","contentUrl":"https:\/\/radioinfinitagoya.com.ar\/v1\/wp-content\/uploads\/2025\/06\/tJw0iyR-.jpg","width":680,"height":383},{"@type":"BreadcrumbList","@id":"https:\/\/radioinfinitagoya.com.ar\/v1\/2025\/06\/01\/impacto-en-los-fondos-provinciales-por-derrumbe-en-la-coparticipacion-por-la-baja-del-consumo-y-la-recaudacion\/#breadcrumb","itemListElement":[{"@type":"ListItem","position":1,"name":"Inicio","item":"https:\/\/radioinfinitagoya.com.ar\/v1\/"},{"@type":"ListItem","position":2,"name":"Impacto en los fondos provinciales por derrumbe en la coparticipaci\u00f3n por la baja del consumo y la recaudaci\u00f3n"}]},{"@type":"WebSite","@id":"https:\/\/radioinfinitagoya.com.ar\/v1\/#website","url":"https:\/\/radioinfinitagoya.com.ar\/v1\/","name":"radioinfinitagoya.com.ar","description":"Radio de noticias","publisher":{"@id":"https:\/\/radioinfinitagoya.com.ar\/v1\/#organization"},"potentialAction":[{"@type":"SearchAction","target":{"@type":"EntryPoint","urlTemplate":"https:\/\/radioinfinitagoya.com.ar\/v1\/?s={search_term_string}"},"query-input":{"@type":"PropertyValueSpecification","valueRequired":true,"valueName":"search_term_string"}}],"inLanguage":"es-AR"},{"@type":"Organization","@id":"https:\/\/radioinfinitagoya.com.ar\/v1\/#organization","name":"Radio Infinita Goya","url":"https:\/\/radioinfinitagoya.com.ar\/v1\/","logo":{"@type":"ImageObject","inLanguage":"es-AR","@id":"https:\/\/radioinfinitagoya.com.ar\/v1\/#\/schema\/logo\/image\/","url":"https:\/\/radioinfinitagoya.com.ar\/v1\/wp-content\/uploads\/2019\/11\/logo-pie-web.png","contentUrl":"https:\/\/radioinfinitagoya.com.ar\/v1\/wp-content\/uploads\/2019\/11\/logo-pie-web.png","width":635,"height":326,"caption":"Radio Infinita Goya"},"image":{"@id":"https:\/\/radioinfinitagoya.com.ar\/v1\/#\/schema\/logo\/image\/"},"sameAs":["https:\/\/www.facebook.com\/p\/Infinita-Goya-100063870918311\/"]},{"@type":"Person","@id":"https:\/\/radioinfinitagoya.com.ar\/v1\/#\/schema\/person\/d4cf9c413d4f6edb24aabdccab49ca4a","name":"Jorge Mi\u00f1o","image":{"@type":"ImageObject","inLanguage":"es-AR","@id":"https:\/\/secure.gravatar.com\/avatar\/910fcf6728fe95320e07a6643c1581fec1c7fc4bf8ae12e3d8f0d0373dc844be?s=96&d=mm&r=g","url":"https:\/\/secure.gravatar.com\/avatar\/910fcf6728fe95320e07a6643c1581fec1c7fc4bf8ae12e3d8f0d0373dc844be?s=96&d=mm&r=g","contentUrl":"https:\/\/secure.gravatar.com\/avatar\/910fcf6728fe95320e07a6643c1581fec1c7fc4bf8ae12e3d8f0d0373dc844be?s=96&d=mm&r=g","caption":"Jorge Mi\u00f1o"},"sameAs":["http:\/\/radioinfinitagoya.com.ar"]}]}},"_links":{"self":[{"href":"https:\/\/radioinfinitagoya.com.ar\/v1\/wp-json\/wp\/v2\/posts\/191013","targetHints":{"allow":["GET"]}}],"collection":[{"href":"https:\/\/radioinfinitagoya.com.ar\/v1\/wp-json\/wp\/v2\/posts"}],"about":[{"href":"https:\/\/radioinfinitagoya.com.ar\/v1\/wp-json\/wp\/v2\/types\/post"}],"author":[{"embeddable":true,"href":"https:\/\/radioinfinitagoya.com.ar\/v1\/wp-json\/wp\/v2\/users\/4"}],"replies":[{"embeddable":true,"href":"https:\/\/radioinfinitagoya.com.ar\/v1\/wp-json\/wp\/v2\/comments?post=191013"}],"version-history":[{"count":0,"href":"https:\/\/radioinfinitagoya.com.ar\/v1\/wp-json\/wp\/v2\/posts\/191013\/revisions"}],"wp:featuredmedia":[{"embeddable":true,"href":"https:\/\/radioinfinitagoya.com.ar\/v1\/wp-json\/wp\/v2\/media\/191014"}],"wp:attachment":[{"href":"https:\/\/radioinfinitagoya.com.ar\/v1\/wp-json\/wp\/v2\/media?parent=191013"}],"wp:term":[{"taxonomy":"category","embeddable":true,"href":"https:\/\/radioinfinitagoya.com.ar\/v1\/wp-json\/wp\/v2\/categories?post=191013"},{"taxonomy":"post_tag","embeddable":true,"href":"https:\/\/radioinfinitagoya.com.ar\/v1\/wp-json\/wp\/v2\/tags?post=191013"}],"curies":[{"name":"wp","href":"https:\/\/api.w.org\/{rel}","templated":true}]}}