{"id":191016,"date":"2025-06-02T15:37:02","date_gmt":"2025-06-02T18:37:02","guid":{"rendered":"https:\/\/radioinfinitagoya.com.ar\/v1\/?p=191016"},"modified":"2025-06-02T15:37:02","modified_gmt":"2025-06-02T18:37:02","slug":"bella-vista-cumple-200-anos-toda-la-ciudad-se-involucro-y-eso-nos-emociona","status":"publish","type":"post","link":"https:\/\/radioinfinitagoya.com.ar\/v1\/2025\/06\/02\/bella-vista-cumple-200-anos-toda-la-ciudad-se-involucro-y-eso-nos-emociona\/","title":{"rendered":"Bella Vista cumple 200 a\u00f1os: &#8220;Toda la ciudad se involucr\u00f3 y eso nos emociona&#8221;"},"content":{"rendered":"<p>&#8220;Toda la ciudad est\u00e1 viviendo momentos de revoluci\u00f3n y muchas emociones&#8221;, se\u00f1al\u00f3 en Hoja de Ruta la intendenta Noelia Bazzi.<\/p>\n<p>La localidad de Bella Vista cumple 200 a\u00f1os en el marco de una agenda oficial y actividades centrales en la ciudad. &#8220;Toda la ciudad est\u00e1 viviendo momentos de revoluci\u00f3n y muchas emociones&#8221;, se\u00f1al\u00f3 en Hoja de Ruta la intendenta Noelia Bazzi.<\/p>\n<p>&#8220;Estos 200 a\u00f1os son el resultado del trabajo de todos los que integran la ciudad. El bellavistense es muy orgulloso de su tierra por todo lo que tiene para aportar al mundo&#8221;, sostuvo. Adem\u00e1s, indic\u00f3 que la ciudad &#8220;est\u00e1 pintada de naranja y blanco porque todas las calles y casas est\u00e1n adornadas por objetivo propio&#8221;. &#8220;Toda la ciudad se hizo carne de este bicentenario y nos emociona a todos&#8221;, resalt\u00f3.<\/p>\n<p>Las actividades recreativas para este lunes se concentran en el festival musical en la plaza Pedro Ferr\u00e9 con la actuaci\u00f3n de L\u00e1zaro Caballero, Amar Azul y otros.<\/p>\n<p>Mientras que este martes 3 de junio los actos centrales comenzsar\u00e1n a las 9 en la misma plaza con el izamiento del pabell\u00f3n nacional y posterior desfile c\u00edvico-militar a las 16.<\/p>\n","protected":false},"excerpt":{"rendered":"<p>&#8220;Toda la ciudad est\u00e1 viviendo momentos de revoluci\u00f3n y muchas emociones&#8221;, se\u00f1al\u00f3 en Hoja de Ruta la intendenta Noelia Bazzi. La localidad de Bella Vista cumple 200 a\u00f1os en el marco de una agenda oficial y actividades centrales en la ciudad. &#8220;Toda la ciudad est\u00e1 viviendo momentos de revoluci\u00f3n y muchas emociones&#8221;, se\u00f1al\u00f3 en Hoja [&hellip;]<\/p>\n","protected":false},"author":4,"featured_media":191017,"comment_status":"closed","ping_status":"closed","sticky":false,"template":"","format":"standard","meta":{"_joinchat":[],"footnotes":""},"categories":[26],"tags":[],"class_list":{"0":"post-191016","1":"post","2":"type-post","3":"status-publish","4":"format-standard","5":"has-post-thumbnail","7":"category-provinciales"},"yoast_head":"<!-- This site is optimized with the Yoast SEO plugin v27.2 - https:\/\/yoast.com\/product\/yoast-seo-wordpress\/ -->\n<title>Bella Vista cumple 200 a\u00f1os: &quot;Toda la ciudad se involucr\u00f3 y eso nos emociona&quot; - Radio Infinita Goya<\/title>\n<meta name=\"description\" content=\"&quot;Toda la ciudad est\u00e1 viviendo momentos de revoluci\u00f3n y muchas emociones&quot;, se\u00f1al\u00f3 en Hoja de Ruta la intendenta Noelia Bazzi. La localidad de Bella Vista\" \/>\n<meta name=\"robots\" content=\"index, follow, max-snippet:-1, max-image-preview:large, max-video-preview:-1\" \/>\n<link rel=\"canonical\" href=\"https:\/\/radioinfinitagoya.com.ar\/v1\/2025\/06\/02\/bella-vista-cumple-200-anos-toda-la-ciudad-se-involucro-y-eso-nos-emociona\/\" \/>\n<meta property=\"og:locale\" content=\"es_ES\" \/>\n<meta property=\"og:type\" content=\"article\" \/>\n<meta property=\"og:title\" content=\"Bella Vista cumple 200 a\u00f1os: &quot;Toda la ciudad se involucr\u00f3 y eso nos emociona&quot; - Radio Infinita Goya\" \/>\n<meta property=\"og:description\" content=\"&quot;Toda la ciudad est\u00e1 viviendo momentos de revoluci\u00f3n y muchas emociones&quot;, se\u00f1al\u00f3 en Hoja de Ruta la intendenta Noelia Bazzi. La localidad de Bella Vista\" \/>\n<meta property=\"og:url\" content=\"https:\/\/radioinfinitagoya.com.ar\/v1\/2025\/06\/02\/bella-vista-cumple-200-anos-toda-la-ciudad-se-involucro-y-eso-nos-emociona\/\" \/>\n<meta property=\"og:site_name\" content=\"Radio Infinita Goya\" \/>\n<meta property=\"article:publisher\" content=\"https:\/\/www.facebook.com\/p\/Infinita-Goya-100063870918311\/\" \/>\n<meta property=\"article:published_time\" content=\"2025-06-02T18:37:02+00:00\" \/>\n<meta property=\"og:image\" content=\"https:\/\/radioinfinitagoya.com.ar\/v1\/wp-content\/uploads\/2025\/06\/1748880365516.webp\" \/>\n\t<meta property=\"og:image:width\" content=\"1200\" \/>\n\t<meta property=\"og:image:height\" content=\"675\" \/>\n\t<meta property=\"og:image:type\" content=\"image\/webp\" \/>\n<meta name=\"author\" content=\"Jorge Mi\u00f1o\" \/>\n<meta name=\"twitter:card\" content=\"summary_large_image\" \/>\n<meta name=\"twitter:label1\" content=\"Escrito por\" \/>\n\t<meta name=\"twitter:data1\" content=\"Jorge Mi\u00f1o\" \/>\n\t<meta name=\"twitter:label2\" content=\"Tiempo de lectura\" \/>\n\t<meta name=\"twitter:data2\" content=\"2 minutos\" \/>\n<script type=\"application\/ld+json\" class=\"yoast-schema-graph\">{\"@context\":\"https:\/\/schema.org\",\"@graph\":[{\"@type\":\"Article\",\"@id\":\"https:\/\/radioinfinitagoya.com.ar\/v1\/2025\/06\/02\/bella-vista-cumple-200-anos-toda-la-ciudad-se-involucro-y-eso-nos-emociona\/#article\",\"isPartOf\":{\"@id\":\"https:\/\/radioinfinitagoya.com.ar\/v1\/2025\/06\/02\/bella-vista-cumple-200-anos-toda-la-ciudad-se-involucro-y-eso-nos-emociona\/\"},\"author\":{\"name\":\"Jorge Mi\u00f1o\",\"@id\":\"https:\/\/radioinfinitagoya.com.ar\/v1\/#\/schema\/person\/d4cf9c413d4f6edb24aabdccab49ca4a\"},\"headline\":\"Bella Vista cumple 200 a\u00f1os: &#8220;Toda la ciudad se involucr\u00f3 y eso nos emociona&#8221;\",\"datePublished\":\"2025-06-02T18:37:02+00:00\",\"mainEntityOfPage\":{\"@id\":\"https:\/\/radioinfinitagoya.com.ar\/v1\/2025\/06\/02\/bella-vista-cumple-200-anos-toda-la-ciudad-se-involucro-y-eso-nos-emociona\/\"},\"wordCount\":211,\"publisher\":{\"@id\":\"https:\/\/radioinfinitagoya.com.ar\/v1\/#organization\"},\"image\":{\"@id\":\"https:\/\/radioinfinitagoya.com.ar\/v1\/2025\/06\/02\/bella-vista-cumple-200-anos-toda-la-ciudad-se-involucro-y-eso-nos-emociona\/#primaryimage\"},\"thumbnailUrl\":\"https:\/\/radioinfinitagoya.com.ar\/v1\/wp-content\/uploads\/2025\/06\/1748880365516.webp\",\"articleSection\":[\"PROVINCIALES\"],\"inLanguage\":\"es-AR\"},{\"@type\":\"WebPage\",\"@id\":\"https:\/\/radioinfinitagoya.com.ar\/v1\/2025\/06\/02\/bella-vista-cumple-200-anos-toda-la-ciudad-se-involucro-y-eso-nos-emociona\/\",\"url\":\"https:\/\/radioinfinitagoya.com.ar\/v1\/2025\/06\/02\/bella-vista-cumple-200-anos-toda-la-ciudad-se-involucro-y-eso-nos-emociona\/\",\"name\":\"Bella Vista cumple 200 a\u00f1os: \\\"Toda la ciudad se involucr\u00f3 y eso nos emociona\\\" - Radio Infinita Goya\",\"isPartOf\":{\"@id\":\"https:\/\/radioinfinitagoya.com.ar\/v1\/#website\"},\"primaryImageOfPage\":{\"@id\":\"https:\/\/radioinfinitagoya.com.ar\/v1\/2025\/06\/02\/bella-vista-cumple-200-anos-toda-la-ciudad-se-involucro-y-eso-nos-emociona\/#primaryimage\"},\"image\":{\"@id\":\"https:\/\/radioinfinitagoya.com.ar\/v1\/2025\/06\/02\/bella-vista-cumple-200-anos-toda-la-ciudad-se-involucro-y-eso-nos-emociona\/#primaryimage\"},\"thumbnailUrl\":\"https:\/\/radioinfinitagoya.com.ar\/v1\/wp-content\/uploads\/2025\/06\/1748880365516.webp\",\"datePublished\":\"2025-06-02T18:37:02+00:00\",\"description\":\"\\\"Toda la ciudad est\u00e1 viviendo momentos de revoluci\u00f3n y muchas emociones\\\", se\u00f1al\u00f3 en Hoja de Ruta la intendenta Noelia Bazzi. La localidad de Bella Vista\",\"breadcrumb\":{\"@id\":\"https:\/\/radioinfinitagoya.com.ar\/v1\/2025\/06\/02\/bella-vista-cumple-200-anos-toda-la-ciudad-se-involucro-y-eso-nos-emociona\/#breadcrumb\"},\"inLanguage\":\"es-AR\",\"potentialAction\":[{\"@type\":\"ReadAction\",\"target\":[\"https:\/\/radioinfinitagoya.com.ar\/v1\/2025\/06\/02\/bella-vista-cumple-200-anos-toda-la-ciudad-se-involucro-y-eso-nos-emociona\/\"]}]},{\"@type\":\"ImageObject\",\"inLanguage\":\"es-AR\",\"@id\":\"https:\/\/radioinfinitagoya.com.ar\/v1\/2025\/06\/02\/bella-vista-cumple-200-anos-toda-la-ciudad-se-involucro-y-eso-nos-emociona\/#primaryimage\",\"url\":\"https:\/\/radioinfinitagoya.com.ar\/v1\/wp-content\/uploads\/2025\/06\/1748880365516.webp\",\"contentUrl\":\"https:\/\/radioinfinitagoya.com.ar\/v1\/wp-content\/uploads\/2025\/06\/1748880365516.webp\",\"width\":1200,\"height\":675},{\"@type\":\"BreadcrumbList\",\"@id\":\"https:\/\/radioinfinitagoya.com.ar\/v1\/2025\/06\/02\/bella-vista-cumple-200-anos-toda-la-ciudad-se-involucro-y-eso-nos-emociona\/#breadcrumb\",\"itemListElement\":[{\"@type\":\"ListItem\",\"position\":1,\"name\":\"Inicio\",\"item\":\"https:\/\/radioinfinitagoya.com.ar\/v1\/\"},{\"@type\":\"ListItem\",\"position\":2,\"name\":\"Bella Vista cumple 200 a\u00f1os: &#8220;Toda la ciudad se involucr\u00f3 y eso nos emociona&#8221;\"}]},{\"@type\":\"WebSite\",\"@id\":\"https:\/\/radioinfinitagoya.com.ar\/v1\/#website\",\"url\":\"https:\/\/radioinfinitagoya.com.ar\/v1\/\",\"name\":\"radioinfinitagoya.com.ar\",\"description\":\"Radio de noticias\",\"publisher\":{\"@id\":\"https:\/\/radioinfinitagoya.com.ar\/v1\/#organization\"},\"potentialAction\":[{\"@type\":\"SearchAction\",\"target\":{\"@type\":\"EntryPoint\",\"urlTemplate\":\"https:\/\/radioinfinitagoya.com.ar\/v1\/?s={search_term_string}\"},\"query-input\":{\"@type\":\"PropertyValueSpecification\",\"valueRequired\":true,\"valueName\":\"search_term_string\"}}],\"inLanguage\":\"es-AR\"},{\"@type\":\"Organization\",\"@id\":\"https:\/\/radioinfinitagoya.com.ar\/v1\/#organization\",\"name\":\"Radio Infinita Goya\",\"url\":\"https:\/\/radioinfinitagoya.com.ar\/v1\/\",\"logo\":{\"@type\":\"ImageObject\",\"inLanguage\":\"es-AR\",\"@id\":\"https:\/\/radioinfinitagoya.com.ar\/v1\/#\/schema\/logo\/image\/\",\"url\":\"https:\/\/radioinfinitagoya.com.ar\/v1\/wp-content\/uploads\/2019\/11\/logo-pie-web.png\",\"contentUrl\":\"https:\/\/radioinfinitagoya.com.ar\/v1\/wp-content\/uploads\/2019\/11\/logo-pie-web.png\",\"width\":635,\"height\":326,\"caption\":\"Radio Infinita Goya\"},\"image\":{\"@id\":\"https:\/\/radioinfinitagoya.com.ar\/v1\/#\/schema\/logo\/image\/\"},\"sameAs\":[\"https:\/\/www.facebook.com\/p\/Infinita-Goya-100063870918311\/\"]},{\"@type\":\"Person\",\"@id\":\"https:\/\/radioinfinitagoya.com.ar\/v1\/#\/schema\/person\/d4cf9c413d4f6edb24aabdccab49ca4a\",\"name\":\"Jorge Mi\u00f1o\",\"image\":{\"@type\":\"ImageObject\",\"inLanguage\":\"es-AR\",\"@id\":\"https:\/\/secure.gravatar.com\/avatar\/910fcf6728fe95320e07a6643c1581fec1c7fc4bf8ae12e3d8f0d0373dc844be?s=96&d=mm&r=g\",\"url\":\"https:\/\/secure.gravatar.com\/avatar\/910fcf6728fe95320e07a6643c1581fec1c7fc4bf8ae12e3d8f0d0373dc844be?s=96&d=mm&r=g\",\"contentUrl\":\"https:\/\/secure.gravatar.com\/avatar\/910fcf6728fe95320e07a6643c1581fec1c7fc4bf8ae12e3d8f0d0373dc844be?s=96&d=mm&r=g\",\"caption\":\"Jorge Mi\u00f1o\"},\"sameAs\":[\"http:\/\/radioinfinitagoya.com.ar\"]}]}<\/script>\n<!-- \/ Yoast SEO plugin. -->","yoast_head_json":{"title":"Bella Vista cumple 200 a\u00f1os: \"Toda la ciudad se involucr\u00f3 y eso nos emociona\" - Radio Infinita Goya","description":"\"Toda la ciudad est\u00e1 viviendo momentos de revoluci\u00f3n y muchas emociones\", se\u00f1al\u00f3 en Hoja de Ruta la intendenta Noelia Bazzi. La localidad de Bella Vista","robots":{"index":"index","follow":"follow","max-snippet":"max-snippet:-1","max-image-preview":"max-image-preview:large","max-video-preview":"max-video-preview:-1"},"canonical":"https:\/\/radioinfinitagoya.com.ar\/v1\/2025\/06\/02\/bella-vista-cumple-200-anos-toda-la-ciudad-se-involucro-y-eso-nos-emociona\/","og_locale":"es_ES","og_type":"article","og_title":"Bella Vista cumple 200 a\u00f1os: \"Toda la ciudad se involucr\u00f3 y eso nos emociona\" - Radio Infinita Goya","og_description":"\"Toda la ciudad est\u00e1 viviendo momentos de revoluci\u00f3n y muchas emociones\", se\u00f1al\u00f3 en Hoja de Ruta la intendenta Noelia Bazzi. La localidad de Bella Vista","og_url":"https:\/\/radioinfinitagoya.com.ar\/v1\/2025\/06\/02\/bella-vista-cumple-200-anos-toda-la-ciudad-se-involucro-y-eso-nos-emociona\/","og_site_name":"Radio Infinita Goya","article_publisher":"https:\/\/www.facebook.com\/p\/Infinita-Goya-100063870918311\/","article_published_time":"2025-06-02T18:37:02+00:00","og_image":[{"width":1200,"height":675,"url":"https:\/\/radioinfinitagoya.com.ar\/v1\/wp-content\/uploads\/2025\/06\/1748880365516.webp","type":"image\/webp"}],"author":"Jorge Mi\u00f1o","twitter_card":"summary_large_image","twitter_misc":{"Escrito por":"Jorge Mi\u00f1o","Tiempo de lectura":"2 minutos"},"schema":{"@context":"https:\/\/schema.org","@graph":[{"@type":"Article","@id":"https:\/\/radioinfinitagoya.com.ar\/v1\/2025\/06\/02\/bella-vista-cumple-200-anos-toda-la-ciudad-se-involucro-y-eso-nos-emociona\/#article","isPartOf":{"@id":"https:\/\/radioinfinitagoya.com.ar\/v1\/2025\/06\/02\/bella-vista-cumple-200-anos-toda-la-ciudad-se-involucro-y-eso-nos-emociona\/"},"author":{"name":"Jorge Mi\u00f1o","@id":"https:\/\/radioinfinitagoya.com.ar\/v1\/#\/schema\/person\/d4cf9c413d4f6edb24aabdccab49ca4a"},"headline":"Bella Vista cumple 200 a\u00f1os: &#8220;Toda la ciudad se involucr\u00f3 y eso nos emociona&#8221;","datePublished":"2025-06-02T18:37:02+00:00","mainEntityOfPage":{"@id":"https:\/\/radioinfinitagoya.com.ar\/v1\/2025\/06\/02\/bella-vista-cumple-200-anos-toda-la-ciudad-se-involucro-y-eso-nos-emociona\/"},"wordCount":211,"publisher":{"@id":"https:\/\/radioinfinitagoya.com.ar\/v1\/#organization"},"image":{"@id":"https:\/\/radioinfinitagoya.com.ar\/v1\/2025\/06\/02\/bella-vista-cumple-200-anos-toda-la-ciudad-se-involucro-y-eso-nos-emociona\/#primaryimage"},"thumbnailUrl":"https:\/\/radioinfinitagoya.com.ar\/v1\/wp-content\/uploads\/2025\/06\/1748880365516.webp","articleSection":["PROVINCIALES"],"inLanguage":"es-AR"},{"@type":"WebPage","@id":"https:\/\/radioinfinitagoya.com.ar\/v1\/2025\/06\/02\/bella-vista-cumple-200-anos-toda-la-ciudad-se-involucro-y-eso-nos-emociona\/","url":"https:\/\/radioinfinitagoya.com.ar\/v1\/2025\/06\/02\/bella-vista-cumple-200-anos-toda-la-ciudad-se-involucro-y-eso-nos-emociona\/","name":"Bella Vista cumple 200 a\u00f1os: \"Toda la ciudad se involucr\u00f3 y eso nos emociona\" - Radio Infinita Goya","isPartOf":{"@id":"https:\/\/radioinfinitagoya.com.ar\/v1\/#website"},"primaryImageOfPage":{"@id":"https:\/\/radioinfinitagoya.com.ar\/v1\/2025\/06\/02\/bella-vista-cumple-200-anos-toda-la-ciudad-se-involucro-y-eso-nos-emociona\/#primaryimage"},"image":{"@id":"https:\/\/radioinfinitagoya.com.ar\/v1\/2025\/06\/02\/bella-vista-cumple-200-anos-toda-la-ciudad-se-involucro-y-eso-nos-emociona\/#primaryimage"},"thumbnailUrl":"https:\/\/radioinfinitagoya.com.ar\/v1\/wp-content\/uploads\/2025\/06\/1748880365516.webp","datePublished":"2025-06-02T18:37:02+00:00","description":"\"Toda la ciudad est\u00e1 viviendo momentos de revoluci\u00f3n y muchas emociones\", se\u00f1al\u00f3 en Hoja de Ruta la intendenta Noelia Bazzi. La localidad de Bella Vista","breadcrumb":{"@id":"https:\/\/radioinfinitagoya.com.ar\/v1\/2025\/06\/02\/bella-vista-cumple-200-anos-toda-la-ciudad-se-involucro-y-eso-nos-emociona\/#breadcrumb"},"inLanguage":"es-AR","potentialAction":[{"@type":"ReadAction","target":["https:\/\/radioinfinitagoya.com.ar\/v1\/2025\/06\/02\/bella-vista-cumple-200-anos-toda-la-ciudad-se-involucro-y-eso-nos-emociona\/"]}]},{"@type":"ImageObject","inLanguage":"es-AR","@id":"https:\/\/radioinfinitagoya.com.ar\/v1\/2025\/06\/02\/bella-vista-cumple-200-anos-toda-la-ciudad-se-involucro-y-eso-nos-emociona\/#primaryimage","url":"https:\/\/radioinfinitagoya.com.ar\/v1\/wp-content\/uploads\/2025\/06\/1748880365516.webp","contentUrl":"https:\/\/radioinfinitagoya.com.ar\/v1\/wp-content\/uploads\/2025\/06\/1748880365516.webp","width":1200,"height":675},{"@type":"BreadcrumbList","@id":"https:\/\/radioinfinitagoya.com.ar\/v1\/2025\/06\/02\/bella-vista-cumple-200-anos-toda-la-ciudad-se-involucro-y-eso-nos-emociona\/#breadcrumb","itemListElement":[{"@type":"ListItem","position":1,"name":"Inicio","item":"https:\/\/radioinfinitagoya.com.ar\/v1\/"},{"@type":"ListItem","position":2,"name":"Bella Vista cumple 200 a\u00f1os: &#8220;Toda la ciudad se involucr\u00f3 y eso nos emociona&#8221;"}]},{"@type":"WebSite","@id":"https:\/\/radioinfinitagoya.com.ar\/v1\/#website","url":"https:\/\/radioinfinitagoya.com.ar\/v1\/","name":"radioinfinitagoya.com.ar","description":"Radio de noticias","publisher":{"@id":"https:\/\/radioinfinitagoya.com.ar\/v1\/#organization"},"potentialAction":[{"@type":"SearchAction","target":{"@type":"EntryPoint","urlTemplate":"https:\/\/radioinfinitagoya.com.ar\/v1\/?s={search_term_string}"},"query-input":{"@type":"PropertyValueSpecification","valueRequired":true,"valueName":"search_term_string"}}],"inLanguage":"es-AR"},{"@type":"Organization","@id":"https:\/\/radioinfinitagoya.com.ar\/v1\/#organization","name":"Radio Infinita Goya","url":"https:\/\/radioinfinitagoya.com.ar\/v1\/","logo":{"@type":"ImageObject","inLanguage":"es-AR","@id":"https:\/\/radioinfinitagoya.com.ar\/v1\/#\/schema\/logo\/image\/","url":"https:\/\/radioinfinitagoya.com.ar\/v1\/wp-content\/uploads\/2019\/11\/logo-pie-web.png","contentUrl":"https:\/\/radioinfinitagoya.com.ar\/v1\/wp-content\/uploads\/2019\/11\/logo-pie-web.png","width":635,"height":326,"caption":"Radio Infinita Goya"},"image":{"@id":"https:\/\/radioinfinitagoya.com.ar\/v1\/#\/schema\/logo\/image\/"},"sameAs":["https:\/\/www.facebook.com\/p\/Infinita-Goya-100063870918311\/"]},{"@type":"Person","@id":"https:\/\/radioinfinitagoya.com.ar\/v1\/#\/schema\/person\/d4cf9c413d4f6edb24aabdccab49ca4a","name":"Jorge Mi\u00f1o","image":{"@type":"ImageObject","inLanguage":"es-AR","@id":"https:\/\/secure.gravatar.com\/avatar\/910fcf6728fe95320e07a6643c1581fec1c7fc4bf8ae12e3d8f0d0373dc844be?s=96&d=mm&r=g","url":"https:\/\/secure.gravatar.com\/avatar\/910fcf6728fe95320e07a6643c1581fec1c7fc4bf8ae12e3d8f0d0373dc844be?s=96&d=mm&r=g","contentUrl":"https:\/\/secure.gravatar.com\/avatar\/910fcf6728fe95320e07a6643c1581fec1c7fc4bf8ae12e3d8f0d0373dc844be?s=96&d=mm&r=g","caption":"Jorge Mi\u00f1o"},"sameAs":["http:\/\/radioinfinitagoya.com.ar"]}]}},"_links":{"self":[{"href":"https:\/\/radioinfinitagoya.com.ar\/v1\/wp-json\/wp\/v2\/posts\/191016","targetHints":{"allow":["GET"]}}],"collection":[{"href":"https:\/\/radioinfinitagoya.com.ar\/v1\/wp-json\/wp\/v2\/posts"}],"about":[{"href":"https:\/\/radioinfinitagoya.com.ar\/v1\/wp-json\/wp\/v2\/types\/post"}],"author":[{"embeddable":true,"href":"https:\/\/radioinfinitagoya.com.ar\/v1\/wp-json\/wp\/v2\/users\/4"}],"replies":[{"embeddable":true,"href":"https:\/\/radioinfinitagoya.com.ar\/v1\/wp-json\/wp\/v2\/comments?post=191016"}],"version-history":[{"count":0,"href":"https:\/\/radioinfinitagoya.com.ar\/v1\/wp-json\/wp\/v2\/posts\/191016\/revisions"}],"wp:featuredmedia":[{"embeddable":true,"href":"https:\/\/radioinfinitagoya.com.ar\/v1\/wp-json\/wp\/v2\/media\/191017"}],"wp:attachment":[{"href":"https:\/\/radioinfinitagoya.com.ar\/v1\/wp-json\/wp\/v2\/media?parent=191016"}],"wp:term":[{"taxonomy":"category","embeddable":true,"href":"https:\/\/radioinfinitagoya.com.ar\/v1\/wp-json\/wp\/v2\/categories?post=191016"},{"taxonomy":"post_tag","embeddable":true,"href":"https:\/\/radioinfinitagoya.com.ar\/v1\/wp-json\/wp\/v2\/tags?post=191016"}],"curies":[{"name":"wp","href":"https:\/\/api.w.org\/{rel}","templated":true}]}}