{"id":191030,"date":"2025-06-02T15:55:52","date_gmt":"2025-06-02T18:55:52","guid":{"rendered":"https:\/\/radioinfinitagoya.com.ar\/v1\/?p=191030"},"modified":"2025-06-02T15:55:52","modified_gmt":"2025-06-02T18:55:52","slug":"seis-condenados-por-la-ruta-del-dinero-k-seran-detenidos","status":"publish","type":"post","link":"https:\/\/radioinfinitagoya.com.ar\/v1\/2025\/06\/02\/seis-condenados-por-la-ruta-del-dinero-k-seran-detenidos\/","title":{"rendered":"Seis condenados por &#8220;la ruta del dinero k&#8221; ser\u00e1n detenidos"},"content":{"rendered":"<p>La Corte Suprema ratific\u00f3 durante la semana pasada las sentencias por el delito de lavado de dinero, por lo que este lunes los acusados deben presentarse para luego ser encarcelados.<\/p>\n<p>Seis condenados en la causa conocida como &#8220;La Ruta del Dinero K&#8221; deben presentarse en los tribunales federales de Comodoro Py para quedar detenidos. Se trata de Fabi\u00e1n Rossi, Julio Mendoza, Juan Alberto De Rasis, C\u00e9sar Fern\u00e1ndez, Carlos Molinari y Eduardo Castro.<\/p>\n<p>La orden fue a partir del fallo de la Corte Suprema de la semana pasada, que confirm\u00f3 las sentencias por el delito de lavado de dinero. La medida fue pedida por el fiscal, Abel C\u00f3rdoba. Los condenados ser\u00e1n detenidos y luego alojados en una unidad del Servicio Penitenciario Federal. Ninguno de ellos estuvo preso antes.<\/p>\n<p>El juzgado igualmente debe ahora analizar la situaci\u00f3n de cada uno, ya que varios de ellos presentaron certificados m\u00e9dicos para cumplir la condena bajo el esquema de prisi\u00f3n domiciliaria. Algunos tienen m\u00e1s de 70 a\u00f1os, lo que habilita a la Justicia a otorgarles el beneficio.<\/p>\n<p>El juez, N\u00e9stor Costabel, integrante del Tribunal Oral Federal 4 (TOF 4), que estuvo a cargo del juicio, notific\u00f3 a los condenados a que se presenten hoy a las 10:30 \u201cpara hacer efectivas sus detenciones\u201d.<\/p>\n<p>Entre las sentencias confirmadas est\u00e1 la del principal condenado, el empresario K, L\u00e1zaro B\u00e1ez, que actualmente cumple prisi\u00f3n domiciliaria a partir de una condena por lavado de dinero por la compra del campo \u201cEl Entrevero\u201d.<\/p>\n<p>Los condenados recibieron penas de prisi\u00f3n por tener distintos grados de participaci\u00f3n en la maniobra que permiti\u00f3 a B\u00e1ez a lavar 55 millones de d\u00f3lares a trav\u00e9s de la financiera S.G.I, popularmente conocida como \u201cLa Rosadita\u201d.<\/p>\n<p>Las claves de la causa de La Ruta del Dinero K<\/p>\n<p>La causa comenz\u00f3 en 2013 luego de un informe period\u00edstico en el programa Periodismo Para Todos (PPT) de Jorge Lanata, por eltrece, en donde se aseguraba que el empresario B\u00e1ez, amigo de N\u00e9stor Kirchner y uno de los principales proveedores de la obra p\u00fablica en la provincia de Santa Cruz, hab\u00eda sacado del pa\u00eds 55 millones de d\u00f3lares con maniobras financieras a cuentas en Suiza.<\/p>\n<p>El programa incluy\u00f3 las declaraciones de los financistas, Federico Elaskar y Leonardo Fari\u00f1a, en c\u00e1mara oculta.<\/p>\n<p>El juez federal, Sebasti\u00e1n Casanello, orden\u00f3 en abril del 2016 las detenciones de L\u00e1zaro B\u00e1ez y de su contador, Daniel P\u00e9rez Gad\u00edn. En aquel momento tambi\u00e9n fue arrestado el abogado, Jorge Chueco, cuando huy\u00f3 hacia Paraguay.<\/p>\n<p>La instrucci\u00f3n determin\u00f3 que existi\u00f3 una organizaci\u00f3n criminal que entre los meses de diciembre del 2010 y abril del 2013 realiz\u00f3 maniobras de lavado de dinero implicados principalmente del manejo de la empresa Austral Construcciones que dirig\u00eda B\u00e1ez, a trav\u00e9s de la financiera SGI mediante un entramado que funcion\u00f3 en el pa\u00eds y en el exterior y que logr\u00f3 la expatriaci\u00f3n de fondos de origen il\u00edcito y su posterior reingreso por un total de 54.872.866,69 de d\u00f3lares.<\/p>\n<p>Seg\u00fan se estableci\u00f3, la plata depositada en el exterior llegaba a las cuentas de diversos bancos internacionales \u2013generalmente con bajos controles fiscales- a nombre de otras personas jur\u00eddicas.<\/p>\n<p>Luego se compraron bonos de deuda p\u00fablica que despu\u00e9s se liquidaron en la plaza local, con simulaciones de una supuesta inversi\u00f3n multimillonaria de una empresa fiduciaria suiza para adquirir acciones de la empresa Austral Construcci\u00f3n S.A. (Acsa).<\/p>\n<p>El proceso termin\u00f3 en 2021 con la condena a B\u00e1ez a 12 a\u00f1os de c\u00e1rcel por \u201clavado de activos agravado\u201d, entre otras sentencias.<\/p>\n<p>Finalmente, la Corte Suprema confirm\u00f3 la semana pasada las condenas por lavado de activos.<\/p>\n","protected":false},"excerpt":{"rendered":"<p>La Corte Suprema ratific\u00f3 durante la semana pasada las sentencias por el delito de lavado de dinero, por lo que este lunes los acusados deben presentarse para luego ser encarcelados. Seis condenados en la causa conocida como &#8220;La Ruta del Dinero K&#8221; deben presentarse en los tribunales federales de Comodoro Py para quedar detenidos. Se [&hellip;]<\/p>\n","protected":false},"author":4,"featured_media":191031,"comment_status":"closed","ping_status":"closed","sticky":false,"template":"","format":"standard","meta":{"_joinchat":[],"footnotes":""},"categories":[29],"tags":[],"class_list":{"0":"post-191030","1":"post","2":"type-post","3":"status-publish","4":"format-standard","5":"has-post-thumbnail","7":"category-nacionales"},"yoast_head":"<!-- This site is optimized with the Yoast SEO plugin v27.2 - https:\/\/yoast.com\/product\/yoast-seo-wordpress\/ -->\n<title>Seis condenados por &quot;la ruta del dinero k&quot; ser\u00e1n detenidos - Radio Infinita Goya<\/title>\n<meta name=\"description\" content=\"La Corte Suprema ratific\u00f3 durante la semana pasada las sentencias por el delito de lavado de dinero, por lo que este lunes los acusados deben presentarse\" \/>\n<meta name=\"robots\" content=\"index, follow, max-snippet:-1, max-image-preview:large, max-video-preview:-1\" \/>\n<link rel=\"canonical\" href=\"https:\/\/radioinfinitagoya.com.ar\/v1\/2025\/06\/02\/seis-condenados-por-la-ruta-del-dinero-k-seran-detenidos\/\" \/>\n<meta property=\"og:locale\" content=\"es_ES\" \/>\n<meta property=\"og:type\" content=\"article\" \/>\n<meta property=\"og:title\" content=\"Seis condenados por &quot;la ruta del dinero k&quot; ser\u00e1n detenidos - Radio Infinita Goya\" \/>\n<meta property=\"og:description\" content=\"La Corte Suprema ratific\u00f3 durante la semana pasada las sentencias por el delito de lavado de dinero, por lo que este lunes los acusados deben presentarse\" \/>\n<meta property=\"og:url\" content=\"https:\/\/radioinfinitagoya.com.ar\/v1\/2025\/06\/02\/seis-condenados-por-la-ruta-del-dinero-k-seran-detenidos\/\" \/>\n<meta property=\"og:site_name\" content=\"Radio Infinita Goya\" \/>\n<meta property=\"article:publisher\" content=\"https:\/\/www.facebook.com\/p\/Infinita-Goya-100063870918311\/\" \/>\n<meta property=\"article:published_time\" content=\"2025-06-02T18:55:52+00:00\" \/>\n<meta property=\"og:image\" content=\"https:\/\/radioinfinitagoya.com.ar\/v1\/wp-content\/uploads\/2025\/06\/fo1-wmsJ.jpg\" \/>\n\t<meta property=\"og:image:width\" content=\"680\" \/>\n\t<meta property=\"og:image:height\" content=\"340\" \/>\n\t<meta property=\"og:image:type\" content=\"image\/jpeg\" \/>\n<meta name=\"author\" content=\"Jorge Mi\u00f1o\" \/>\n<meta name=\"twitter:card\" content=\"summary_large_image\" \/>\n<meta name=\"twitter:label1\" content=\"Escrito por\" \/>\n\t<meta name=\"twitter:data1\" content=\"Jorge Mi\u00f1o\" \/>\n\t<meta name=\"twitter:label2\" content=\"Tiempo de lectura\" \/>\n\t<meta name=\"twitter:data2\" content=\"3 minutos\" \/>\n<script type=\"application\/ld+json\" class=\"yoast-schema-graph\">{\"@context\":\"https:\/\/schema.org\",\"@graph\":[{\"@type\":\"Article\",\"@id\":\"https:\/\/radioinfinitagoya.com.ar\/v1\/2025\/06\/02\/seis-condenados-por-la-ruta-del-dinero-k-seran-detenidos\/#article\",\"isPartOf\":{\"@id\":\"https:\/\/radioinfinitagoya.com.ar\/v1\/2025\/06\/02\/seis-condenados-por-la-ruta-del-dinero-k-seran-detenidos\/\"},\"author\":{\"name\":\"Jorge Mi\u00f1o\",\"@id\":\"https:\/\/radioinfinitagoya.com.ar\/v1\/#\/schema\/person\/d4cf9c413d4f6edb24aabdccab49ca4a\"},\"headline\":\"Seis condenados por &#8220;la ruta del dinero k&#8221; ser\u00e1n detenidos\",\"datePublished\":\"2025-06-02T18:55:52+00:00\",\"mainEntityOfPage\":{\"@id\":\"https:\/\/radioinfinitagoya.com.ar\/v1\/2025\/06\/02\/seis-condenados-por-la-ruta-del-dinero-k-seran-detenidos\/\"},\"wordCount\":638,\"publisher\":{\"@id\":\"https:\/\/radioinfinitagoya.com.ar\/v1\/#organization\"},\"image\":{\"@id\":\"https:\/\/radioinfinitagoya.com.ar\/v1\/2025\/06\/02\/seis-condenados-por-la-ruta-del-dinero-k-seran-detenidos\/#primaryimage\"},\"thumbnailUrl\":\"https:\/\/radioinfinitagoya.com.ar\/v1\/wp-content\/uploads\/2025\/06\/fo1-wmsJ.jpg\",\"articleSection\":[\"NACIONALES\"],\"inLanguage\":\"es-AR\"},{\"@type\":\"WebPage\",\"@id\":\"https:\/\/radioinfinitagoya.com.ar\/v1\/2025\/06\/02\/seis-condenados-por-la-ruta-del-dinero-k-seran-detenidos\/\",\"url\":\"https:\/\/radioinfinitagoya.com.ar\/v1\/2025\/06\/02\/seis-condenados-por-la-ruta-del-dinero-k-seran-detenidos\/\",\"name\":\"Seis condenados por \\\"la ruta del dinero k\\\" ser\u00e1n detenidos - Radio Infinita Goya\",\"isPartOf\":{\"@id\":\"https:\/\/radioinfinitagoya.com.ar\/v1\/#website\"},\"primaryImageOfPage\":{\"@id\":\"https:\/\/radioinfinitagoya.com.ar\/v1\/2025\/06\/02\/seis-condenados-por-la-ruta-del-dinero-k-seran-detenidos\/#primaryimage\"},\"image\":{\"@id\":\"https:\/\/radioinfinitagoya.com.ar\/v1\/2025\/06\/02\/seis-condenados-por-la-ruta-del-dinero-k-seran-detenidos\/#primaryimage\"},\"thumbnailUrl\":\"https:\/\/radioinfinitagoya.com.ar\/v1\/wp-content\/uploads\/2025\/06\/fo1-wmsJ.jpg\",\"datePublished\":\"2025-06-02T18:55:52+00:00\",\"description\":\"La Corte Suprema ratific\u00f3 durante la semana pasada las sentencias por el delito de lavado de dinero, por lo que este lunes los acusados deben presentarse\",\"breadcrumb\":{\"@id\":\"https:\/\/radioinfinitagoya.com.ar\/v1\/2025\/06\/02\/seis-condenados-por-la-ruta-del-dinero-k-seran-detenidos\/#breadcrumb\"},\"inLanguage\":\"es-AR\",\"potentialAction\":[{\"@type\":\"ReadAction\",\"target\":[\"https:\/\/radioinfinitagoya.com.ar\/v1\/2025\/06\/02\/seis-condenados-por-la-ruta-del-dinero-k-seran-detenidos\/\"]}]},{\"@type\":\"ImageObject\",\"inLanguage\":\"es-AR\",\"@id\":\"https:\/\/radioinfinitagoya.com.ar\/v1\/2025\/06\/02\/seis-condenados-por-la-ruta-del-dinero-k-seran-detenidos\/#primaryimage\",\"url\":\"https:\/\/radioinfinitagoya.com.ar\/v1\/wp-content\/uploads\/2025\/06\/fo1-wmsJ.jpg\",\"contentUrl\":\"https:\/\/radioinfinitagoya.com.ar\/v1\/wp-content\/uploads\/2025\/06\/fo1-wmsJ.jpg\",\"width\":680,\"height\":340},{\"@type\":\"BreadcrumbList\",\"@id\":\"https:\/\/radioinfinitagoya.com.ar\/v1\/2025\/06\/02\/seis-condenados-por-la-ruta-del-dinero-k-seran-detenidos\/#breadcrumb\",\"itemListElement\":[{\"@type\":\"ListItem\",\"position\":1,\"name\":\"Inicio\",\"item\":\"https:\/\/radioinfinitagoya.com.ar\/v1\/\"},{\"@type\":\"ListItem\",\"position\":2,\"name\":\"Seis condenados por &#8220;la ruta del dinero k&#8221; ser\u00e1n detenidos\"}]},{\"@type\":\"WebSite\",\"@id\":\"https:\/\/radioinfinitagoya.com.ar\/v1\/#website\",\"url\":\"https:\/\/radioinfinitagoya.com.ar\/v1\/\",\"name\":\"radioinfinitagoya.com.ar\",\"description\":\"Radio de noticias\",\"publisher\":{\"@id\":\"https:\/\/radioinfinitagoya.com.ar\/v1\/#organization\"},\"potentialAction\":[{\"@type\":\"SearchAction\",\"target\":{\"@type\":\"EntryPoint\",\"urlTemplate\":\"https:\/\/radioinfinitagoya.com.ar\/v1\/?s={search_term_string}\"},\"query-input\":{\"@type\":\"PropertyValueSpecification\",\"valueRequired\":true,\"valueName\":\"search_term_string\"}}],\"inLanguage\":\"es-AR\"},{\"@type\":\"Organization\",\"@id\":\"https:\/\/radioinfinitagoya.com.ar\/v1\/#organization\",\"name\":\"Radio Infinita Goya\",\"url\":\"https:\/\/radioinfinitagoya.com.ar\/v1\/\",\"logo\":{\"@type\":\"ImageObject\",\"inLanguage\":\"es-AR\",\"@id\":\"https:\/\/radioinfinitagoya.com.ar\/v1\/#\/schema\/logo\/image\/\",\"url\":\"https:\/\/radioinfinitagoya.com.ar\/v1\/wp-content\/uploads\/2019\/11\/logo-pie-web.png\",\"contentUrl\":\"https:\/\/radioinfinitagoya.com.ar\/v1\/wp-content\/uploads\/2019\/11\/logo-pie-web.png\",\"width\":635,\"height\":326,\"caption\":\"Radio Infinita Goya\"},\"image\":{\"@id\":\"https:\/\/radioinfinitagoya.com.ar\/v1\/#\/schema\/logo\/image\/\"},\"sameAs\":[\"https:\/\/www.facebook.com\/p\/Infinita-Goya-100063870918311\/\"]},{\"@type\":\"Person\",\"@id\":\"https:\/\/radioinfinitagoya.com.ar\/v1\/#\/schema\/person\/d4cf9c413d4f6edb24aabdccab49ca4a\",\"name\":\"Jorge Mi\u00f1o\",\"image\":{\"@type\":\"ImageObject\",\"inLanguage\":\"es-AR\",\"@id\":\"https:\/\/secure.gravatar.com\/avatar\/910fcf6728fe95320e07a6643c1581fec1c7fc4bf8ae12e3d8f0d0373dc844be?s=96&d=mm&r=g\",\"url\":\"https:\/\/secure.gravatar.com\/avatar\/910fcf6728fe95320e07a6643c1581fec1c7fc4bf8ae12e3d8f0d0373dc844be?s=96&d=mm&r=g\",\"contentUrl\":\"https:\/\/secure.gravatar.com\/avatar\/910fcf6728fe95320e07a6643c1581fec1c7fc4bf8ae12e3d8f0d0373dc844be?s=96&d=mm&r=g\",\"caption\":\"Jorge Mi\u00f1o\"},\"sameAs\":[\"http:\/\/radioinfinitagoya.com.ar\"]}]}<\/script>\n<!-- \/ Yoast SEO plugin. -->","yoast_head_json":{"title":"Seis condenados por \"la ruta del dinero k\" ser\u00e1n detenidos - Radio Infinita Goya","description":"La Corte Suprema ratific\u00f3 durante la semana pasada las sentencias por el delito de lavado de dinero, por lo que este lunes los acusados deben presentarse","robots":{"index":"index","follow":"follow","max-snippet":"max-snippet:-1","max-image-preview":"max-image-preview:large","max-video-preview":"max-video-preview:-1"},"canonical":"https:\/\/radioinfinitagoya.com.ar\/v1\/2025\/06\/02\/seis-condenados-por-la-ruta-del-dinero-k-seran-detenidos\/","og_locale":"es_ES","og_type":"article","og_title":"Seis condenados por \"la ruta del dinero k\" ser\u00e1n detenidos - Radio Infinita Goya","og_description":"La Corte Suprema ratific\u00f3 durante la semana pasada las sentencias por el delito de lavado de dinero, por lo que este lunes los acusados deben presentarse","og_url":"https:\/\/radioinfinitagoya.com.ar\/v1\/2025\/06\/02\/seis-condenados-por-la-ruta-del-dinero-k-seran-detenidos\/","og_site_name":"Radio Infinita Goya","article_publisher":"https:\/\/www.facebook.com\/p\/Infinita-Goya-100063870918311\/","article_published_time":"2025-06-02T18:55:52+00:00","og_image":[{"width":680,"height":340,"url":"https:\/\/radioinfinitagoya.com.ar\/v1\/wp-content\/uploads\/2025\/06\/fo1-wmsJ.jpg","type":"image\/jpeg"}],"author":"Jorge Mi\u00f1o","twitter_card":"summary_large_image","twitter_misc":{"Escrito por":"Jorge Mi\u00f1o","Tiempo de lectura":"3 minutos"},"schema":{"@context":"https:\/\/schema.org","@graph":[{"@type":"Article","@id":"https:\/\/radioinfinitagoya.com.ar\/v1\/2025\/06\/02\/seis-condenados-por-la-ruta-del-dinero-k-seran-detenidos\/#article","isPartOf":{"@id":"https:\/\/radioinfinitagoya.com.ar\/v1\/2025\/06\/02\/seis-condenados-por-la-ruta-del-dinero-k-seran-detenidos\/"},"author":{"name":"Jorge Mi\u00f1o","@id":"https:\/\/radioinfinitagoya.com.ar\/v1\/#\/schema\/person\/d4cf9c413d4f6edb24aabdccab49ca4a"},"headline":"Seis condenados por &#8220;la ruta del dinero k&#8221; ser\u00e1n detenidos","datePublished":"2025-06-02T18:55:52+00:00","mainEntityOfPage":{"@id":"https:\/\/radioinfinitagoya.com.ar\/v1\/2025\/06\/02\/seis-condenados-por-la-ruta-del-dinero-k-seran-detenidos\/"},"wordCount":638,"publisher":{"@id":"https:\/\/radioinfinitagoya.com.ar\/v1\/#organization"},"image":{"@id":"https:\/\/radioinfinitagoya.com.ar\/v1\/2025\/06\/02\/seis-condenados-por-la-ruta-del-dinero-k-seran-detenidos\/#primaryimage"},"thumbnailUrl":"https:\/\/radioinfinitagoya.com.ar\/v1\/wp-content\/uploads\/2025\/06\/fo1-wmsJ.jpg","articleSection":["NACIONALES"],"inLanguage":"es-AR"},{"@type":"WebPage","@id":"https:\/\/radioinfinitagoya.com.ar\/v1\/2025\/06\/02\/seis-condenados-por-la-ruta-del-dinero-k-seran-detenidos\/","url":"https:\/\/radioinfinitagoya.com.ar\/v1\/2025\/06\/02\/seis-condenados-por-la-ruta-del-dinero-k-seran-detenidos\/","name":"Seis condenados por \"la ruta del dinero k\" ser\u00e1n detenidos - Radio Infinita Goya","isPartOf":{"@id":"https:\/\/radioinfinitagoya.com.ar\/v1\/#website"},"primaryImageOfPage":{"@id":"https:\/\/radioinfinitagoya.com.ar\/v1\/2025\/06\/02\/seis-condenados-por-la-ruta-del-dinero-k-seran-detenidos\/#primaryimage"},"image":{"@id":"https:\/\/radioinfinitagoya.com.ar\/v1\/2025\/06\/02\/seis-condenados-por-la-ruta-del-dinero-k-seran-detenidos\/#primaryimage"},"thumbnailUrl":"https:\/\/radioinfinitagoya.com.ar\/v1\/wp-content\/uploads\/2025\/06\/fo1-wmsJ.jpg","datePublished":"2025-06-02T18:55:52+00:00","description":"La Corte Suprema ratific\u00f3 durante la semana pasada las sentencias por el delito de lavado de dinero, por lo que este lunes los acusados deben presentarse","breadcrumb":{"@id":"https:\/\/radioinfinitagoya.com.ar\/v1\/2025\/06\/02\/seis-condenados-por-la-ruta-del-dinero-k-seran-detenidos\/#breadcrumb"},"inLanguage":"es-AR","potentialAction":[{"@type":"ReadAction","target":["https:\/\/radioinfinitagoya.com.ar\/v1\/2025\/06\/02\/seis-condenados-por-la-ruta-del-dinero-k-seran-detenidos\/"]}]},{"@type":"ImageObject","inLanguage":"es-AR","@id":"https:\/\/radioinfinitagoya.com.ar\/v1\/2025\/06\/02\/seis-condenados-por-la-ruta-del-dinero-k-seran-detenidos\/#primaryimage","url":"https:\/\/radioinfinitagoya.com.ar\/v1\/wp-content\/uploads\/2025\/06\/fo1-wmsJ.jpg","contentUrl":"https:\/\/radioinfinitagoya.com.ar\/v1\/wp-content\/uploads\/2025\/06\/fo1-wmsJ.jpg","width":680,"height":340},{"@type":"BreadcrumbList","@id":"https:\/\/radioinfinitagoya.com.ar\/v1\/2025\/06\/02\/seis-condenados-por-la-ruta-del-dinero-k-seran-detenidos\/#breadcrumb","itemListElement":[{"@type":"ListItem","position":1,"name":"Inicio","item":"https:\/\/radioinfinitagoya.com.ar\/v1\/"},{"@type":"ListItem","position":2,"name":"Seis condenados por &#8220;la ruta del dinero k&#8221; ser\u00e1n detenidos"}]},{"@type":"WebSite","@id":"https:\/\/radioinfinitagoya.com.ar\/v1\/#website","url":"https:\/\/radioinfinitagoya.com.ar\/v1\/","name":"radioinfinitagoya.com.ar","description":"Radio de noticias","publisher":{"@id":"https:\/\/radioinfinitagoya.com.ar\/v1\/#organization"},"potentialAction":[{"@type":"SearchAction","target":{"@type":"EntryPoint","urlTemplate":"https:\/\/radioinfinitagoya.com.ar\/v1\/?s={search_term_string}"},"query-input":{"@type":"PropertyValueSpecification","valueRequired":true,"valueName":"search_term_string"}}],"inLanguage":"es-AR"},{"@type":"Organization","@id":"https:\/\/radioinfinitagoya.com.ar\/v1\/#organization","name":"Radio Infinita Goya","url":"https:\/\/radioinfinitagoya.com.ar\/v1\/","logo":{"@type":"ImageObject","inLanguage":"es-AR","@id":"https:\/\/radioinfinitagoya.com.ar\/v1\/#\/schema\/logo\/image\/","url":"https:\/\/radioinfinitagoya.com.ar\/v1\/wp-content\/uploads\/2019\/11\/logo-pie-web.png","contentUrl":"https:\/\/radioinfinitagoya.com.ar\/v1\/wp-content\/uploads\/2019\/11\/logo-pie-web.png","width":635,"height":326,"caption":"Radio Infinita Goya"},"image":{"@id":"https:\/\/radioinfinitagoya.com.ar\/v1\/#\/schema\/logo\/image\/"},"sameAs":["https:\/\/www.facebook.com\/p\/Infinita-Goya-100063870918311\/"]},{"@type":"Person","@id":"https:\/\/radioinfinitagoya.com.ar\/v1\/#\/schema\/person\/d4cf9c413d4f6edb24aabdccab49ca4a","name":"Jorge Mi\u00f1o","image":{"@type":"ImageObject","inLanguage":"es-AR","@id":"https:\/\/secure.gravatar.com\/avatar\/910fcf6728fe95320e07a6643c1581fec1c7fc4bf8ae12e3d8f0d0373dc844be?s=96&d=mm&r=g","url":"https:\/\/secure.gravatar.com\/avatar\/910fcf6728fe95320e07a6643c1581fec1c7fc4bf8ae12e3d8f0d0373dc844be?s=96&d=mm&r=g","contentUrl":"https:\/\/secure.gravatar.com\/avatar\/910fcf6728fe95320e07a6643c1581fec1c7fc4bf8ae12e3d8f0d0373dc844be?s=96&d=mm&r=g","caption":"Jorge Mi\u00f1o"},"sameAs":["http:\/\/radioinfinitagoya.com.ar"]}]}},"_links":{"self":[{"href":"https:\/\/radioinfinitagoya.com.ar\/v1\/wp-json\/wp\/v2\/posts\/191030","targetHints":{"allow":["GET"]}}],"collection":[{"href":"https:\/\/radioinfinitagoya.com.ar\/v1\/wp-json\/wp\/v2\/posts"}],"about":[{"href":"https:\/\/radioinfinitagoya.com.ar\/v1\/wp-json\/wp\/v2\/types\/post"}],"author":[{"embeddable":true,"href":"https:\/\/radioinfinitagoya.com.ar\/v1\/wp-json\/wp\/v2\/users\/4"}],"replies":[{"embeddable":true,"href":"https:\/\/radioinfinitagoya.com.ar\/v1\/wp-json\/wp\/v2\/comments?post=191030"}],"version-history":[{"count":0,"href":"https:\/\/radioinfinitagoya.com.ar\/v1\/wp-json\/wp\/v2\/posts\/191030\/revisions"}],"wp:featuredmedia":[{"embeddable":true,"href":"https:\/\/radioinfinitagoya.com.ar\/v1\/wp-json\/wp\/v2\/media\/191031"}],"wp:attachment":[{"href":"https:\/\/radioinfinitagoya.com.ar\/v1\/wp-json\/wp\/v2\/media?parent=191030"}],"wp:term":[{"taxonomy":"category","embeddable":true,"href":"https:\/\/radioinfinitagoya.com.ar\/v1\/wp-json\/wp\/v2\/categories?post=191030"},{"taxonomy":"post_tag","embeddable":true,"href":"https:\/\/radioinfinitagoya.com.ar\/v1\/wp-json\/wp\/v2\/tags?post=191030"}],"curies":[{"name":"wp","href":"https:\/\/api.w.org\/{rel}","templated":true}]}}