{"id":191044,"date":"2025-06-02T16:18:13","date_gmt":"2025-06-02T19:18:13","guid":{"rendered":"https:\/\/radioinfinitagoya.com.ar\/v1\/?p=191044"},"modified":"2025-06-02T16:18:13","modified_gmt":"2025-06-02T19:18:13","slug":"mandiyu-igualo-con-victoria-en-la-primera-final-del-provincial","status":"publish","type":"post","link":"https:\/\/radioinfinitagoya.com.ar\/v1\/2025\/06\/02\/mandiyu-igualo-con-victoria-en-la-primera-final-del-provincial\/","title":{"rendered":"Mandiy\u00fa igual\u00f3 con Victoria en la primera final del Provincial"},"content":{"rendered":"<p>El encuentro que se jug\u00f3 en Curuz\u00fa Cuati\u00e1 termin\u00f3 en 0. La definici\u00f3n ser\u00e1 en la capital correntina.<\/p>\n<p>El primer cap\u00edtulo de la final del torneo Provincial de Clubes 2025 de f\u00fatbol termin\u00f3 sin abrirse el marcador. En Curuz\u00fa Cuati\u00e1, Victoria y Mandiy\u00fa igualaron en 0 y todo esta abierto para la definici\u00f3n tendr\u00e1 lugar en la ciudad de Corrientes.<\/p>\n<p>A lo largo de los 90 minutos, Mandiy\u00fa (que jug\u00f3 con una camiseta alternativa) se mostr\u00f3 superior pero fall\u00f3 en la definici\u00f3n y debi\u00f3 conformarse con el reparto de puntos.<\/p>\n<p>Los dirigidos t\u00e9cnicamente por Fabi\u00e1n \u201cBocha\u201d Ponce tomaron el protagonismo y se mostraron superiores, principalmente en el inicio del segundo tiempo.<\/p>\n<p>La superioridad que se vio en el campo de juego y en la cantidad de situaciones para convertir no se traslad\u00f3 en el marcador.<\/p>\n<p>Victoria cedi\u00f3 terreno y la iniciativa; se refugi\u00f3 cerca de su arquero Jonathan Romero esperando hilvanar un contraataque que nunca lleg\u00f3.<\/p>\n<p>Hern\u00e1n Valenzuela, el jugador destacado en Mandiy\u00fa, y Guillermo Barreto tuvieron las principales oportunidades para abrir el marcador.<\/p>\n<p>Gonzalo Gonz\u00e1lez, con un tiro libre, y Alberto Baz\u00e1n V\u00e1zquez tambi\u00e9n tuvieron sus opciones, pero siempre con resultado negativo.<\/p>\n<p>Con el 0 a 0 todo queda abierto para la revancha que se jugar\u00e1 el pr\u00f3ximo fin de semana en el complejo Leoncio Ben\u00edtez de la capital correntina. En el caso de registrarse otra igualdad en la revancha, se recurrir\u00e1 directamente a los tiros desde el punto del penal para definir al campe\u00f3n.<\/p>\n","protected":false},"excerpt":{"rendered":"<p>El encuentro que se jug\u00f3 en Curuz\u00fa Cuati\u00e1 termin\u00f3 en 0. La definici\u00f3n ser\u00e1 en la capital correntina. El primer cap\u00edtulo de la final del torneo Provincial de Clubes 2025 de f\u00fatbol termin\u00f3 sin abrirse el marcador. En Curuz\u00fa Cuati\u00e1, Victoria y Mandiy\u00fa igualaron en 0 y todo esta abierto para la definici\u00f3n tendr\u00e1 lugar [&hellip;]<\/p>\n","protected":false},"author":4,"featured_media":191045,"comment_status":"closed","ping_status":"closed","sticky":false,"template":"","format":"standard","meta":{"_joinchat":[],"footnotes":""},"categories":[28],"tags":[],"class_list":{"0":"post-191044","1":"post","2":"type-post","3":"status-publish","4":"format-standard","5":"has-post-thumbnail","7":"category-deportes"},"yoast_head":"<!-- This site is optimized with the Yoast SEO plugin v27.2 - https:\/\/yoast.com\/product\/yoast-seo-wordpress\/ -->\n<title>Mandiy\u00fa igual\u00f3 con Victoria en la primera final del Provincial - Radio Infinita Goya<\/title>\n<meta name=\"description\" content=\"El encuentro que se jug\u00f3 en Curuz\u00fa Cuati\u00e1 termin\u00f3 en 0. La definici\u00f3n ser\u00e1 en la capital correntina. El primer cap\u00edtulo de la final del torneo Provincial\" \/>\n<meta name=\"robots\" content=\"index, follow, max-snippet:-1, max-image-preview:large, max-video-preview:-1\" \/>\n<link rel=\"canonical\" href=\"https:\/\/radioinfinitagoya.com.ar\/v1\/2025\/06\/02\/mandiyu-igualo-con-victoria-en-la-primera-final-del-provincial\/\" \/>\n<meta property=\"og:locale\" content=\"es_ES\" \/>\n<meta property=\"og:type\" content=\"article\" \/>\n<meta property=\"og:title\" content=\"Mandiy\u00fa igual\u00f3 con Victoria en la primera final del Provincial - Radio Infinita Goya\" \/>\n<meta property=\"og:description\" content=\"El encuentro que se jug\u00f3 en Curuz\u00fa Cuati\u00e1 termin\u00f3 en 0. La definici\u00f3n ser\u00e1 en la capital correntina. El primer cap\u00edtulo de la final del torneo Provincial\" \/>\n<meta property=\"og:url\" content=\"https:\/\/radioinfinitagoya.com.ar\/v1\/2025\/06\/02\/mandiyu-igualo-con-victoria-en-la-primera-final-del-provincial\/\" \/>\n<meta property=\"og:site_name\" content=\"Radio Infinita Goya\" \/>\n<meta property=\"article:publisher\" content=\"https:\/\/www.facebook.com\/p\/Infinita-Goya-100063870918311\/\" \/>\n<meta property=\"article:published_time\" content=\"2025-06-02T19:18:13+00:00\" \/>\n<meta property=\"og:image\" content=\"https:\/\/radioinfinitagoya.com.ar\/v1\/wp-content\/uploads\/2025\/06\/1748812811859.webp\" \/>\n\t<meta property=\"og:image:width\" content=\"1200\" \/>\n\t<meta property=\"og:image:height\" content=\"675\" \/>\n\t<meta property=\"og:image:type\" content=\"image\/webp\" \/>\n<meta name=\"author\" content=\"Jorge Mi\u00f1o\" \/>\n<meta name=\"twitter:card\" content=\"summary_large_image\" \/>\n<meta name=\"twitter:label1\" content=\"Escrito por\" \/>\n\t<meta name=\"twitter:data1\" content=\"Jorge Mi\u00f1o\" \/>\n\t<meta name=\"twitter:label2\" content=\"Tiempo de lectura\" \/>\n\t<meta name=\"twitter:data2\" content=\"2 minutos\" \/>\n<script type=\"application\/ld+json\" class=\"yoast-schema-graph\">{\"@context\":\"https:\/\/schema.org\",\"@graph\":[{\"@type\":\"Article\",\"@id\":\"https:\/\/radioinfinitagoya.com.ar\/v1\/2025\/06\/02\/mandiyu-igualo-con-victoria-en-la-primera-final-del-provincial\/#article\",\"isPartOf\":{\"@id\":\"https:\/\/radioinfinitagoya.com.ar\/v1\/2025\/06\/02\/mandiyu-igualo-con-victoria-en-la-primera-final-del-provincial\/\"},\"author\":{\"name\":\"Jorge Mi\u00f1o\",\"@id\":\"https:\/\/radioinfinitagoya.com.ar\/v1\/#\/schema\/person\/d4cf9c413d4f6edb24aabdccab49ca4a\"},\"headline\":\"Mandiy\u00fa igual\u00f3 con Victoria en la primera final del Provincial\",\"datePublished\":\"2025-06-02T19:18:13+00:00\",\"mainEntityOfPage\":{\"@id\":\"https:\/\/radioinfinitagoya.com.ar\/v1\/2025\/06\/02\/mandiyu-igualo-con-victoria-en-la-primera-final-del-provincial\/\"},\"wordCount\":265,\"publisher\":{\"@id\":\"https:\/\/radioinfinitagoya.com.ar\/v1\/#organization\"},\"image\":{\"@id\":\"https:\/\/radioinfinitagoya.com.ar\/v1\/2025\/06\/02\/mandiyu-igualo-con-victoria-en-la-primera-final-del-provincial\/#primaryimage\"},\"thumbnailUrl\":\"https:\/\/radioinfinitagoya.com.ar\/v1\/wp-content\/uploads\/2025\/06\/1748812811859.webp\",\"articleSection\":[\"DEPORTES\"],\"inLanguage\":\"es-AR\"},{\"@type\":\"WebPage\",\"@id\":\"https:\/\/radioinfinitagoya.com.ar\/v1\/2025\/06\/02\/mandiyu-igualo-con-victoria-en-la-primera-final-del-provincial\/\",\"url\":\"https:\/\/radioinfinitagoya.com.ar\/v1\/2025\/06\/02\/mandiyu-igualo-con-victoria-en-la-primera-final-del-provincial\/\",\"name\":\"Mandiy\u00fa igual\u00f3 con Victoria en la primera final del Provincial - Radio Infinita Goya\",\"isPartOf\":{\"@id\":\"https:\/\/radioinfinitagoya.com.ar\/v1\/#website\"},\"primaryImageOfPage\":{\"@id\":\"https:\/\/radioinfinitagoya.com.ar\/v1\/2025\/06\/02\/mandiyu-igualo-con-victoria-en-la-primera-final-del-provincial\/#primaryimage\"},\"image\":{\"@id\":\"https:\/\/radioinfinitagoya.com.ar\/v1\/2025\/06\/02\/mandiyu-igualo-con-victoria-en-la-primera-final-del-provincial\/#primaryimage\"},\"thumbnailUrl\":\"https:\/\/radioinfinitagoya.com.ar\/v1\/wp-content\/uploads\/2025\/06\/1748812811859.webp\",\"datePublished\":\"2025-06-02T19:18:13+00:00\",\"description\":\"El encuentro que se jug\u00f3 en Curuz\u00fa Cuati\u00e1 termin\u00f3 en 0. La definici\u00f3n ser\u00e1 en la capital correntina. El primer cap\u00edtulo de la final del torneo Provincial\",\"breadcrumb\":{\"@id\":\"https:\/\/radioinfinitagoya.com.ar\/v1\/2025\/06\/02\/mandiyu-igualo-con-victoria-en-la-primera-final-del-provincial\/#breadcrumb\"},\"inLanguage\":\"es-AR\",\"potentialAction\":[{\"@type\":\"ReadAction\",\"target\":[\"https:\/\/radioinfinitagoya.com.ar\/v1\/2025\/06\/02\/mandiyu-igualo-con-victoria-en-la-primera-final-del-provincial\/\"]}]},{\"@type\":\"ImageObject\",\"inLanguage\":\"es-AR\",\"@id\":\"https:\/\/radioinfinitagoya.com.ar\/v1\/2025\/06\/02\/mandiyu-igualo-con-victoria-en-la-primera-final-del-provincial\/#primaryimage\",\"url\":\"https:\/\/radioinfinitagoya.com.ar\/v1\/wp-content\/uploads\/2025\/06\/1748812811859.webp\",\"contentUrl\":\"https:\/\/radioinfinitagoya.com.ar\/v1\/wp-content\/uploads\/2025\/06\/1748812811859.webp\",\"width\":1200,\"height\":675},{\"@type\":\"BreadcrumbList\",\"@id\":\"https:\/\/radioinfinitagoya.com.ar\/v1\/2025\/06\/02\/mandiyu-igualo-con-victoria-en-la-primera-final-del-provincial\/#breadcrumb\",\"itemListElement\":[{\"@type\":\"ListItem\",\"position\":1,\"name\":\"Inicio\",\"item\":\"https:\/\/radioinfinitagoya.com.ar\/v1\/\"},{\"@type\":\"ListItem\",\"position\":2,\"name\":\"Mandiy\u00fa igual\u00f3 con Victoria en la primera final del Provincial\"}]},{\"@type\":\"WebSite\",\"@id\":\"https:\/\/radioinfinitagoya.com.ar\/v1\/#website\",\"url\":\"https:\/\/radioinfinitagoya.com.ar\/v1\/\",\"name\":\"radioinfinitagoya.com.ar\",\"description\":\"Radio de noticias\",\"publisher\":{\"@id\":\"https:\/\/radioinfinitagoya.com.ar\/v1\/#organization\"},\"potentialAction\":[{\"@type\":\"SearchAction\",\"target\":{\"@type\":\"EntryPoint\",\"urlTemplate\":\"https:\/\/radioinfinitagoya.com.ar\/v1\/?s={search_term_string}\"},\"query-input\":{\"@type\":\"PropertyValueSpecification\",\"valueRequired\":true,\"valueName\":\"search_term_string\"}}],\"inLanguage\":\"es-AR\"},{\"@type\":\"Organization\",\"@id\":\"https:\/\/radioinfinitagoya.com.ar\/v1\/#organization\",\"name\":\"Radio Infinita Goya\",\"url\":\"https:\/\/radioinfinitagoya.com.ar\/v1\/\",\"logo\":{\"@type\":\"ImageObject\",\"inLanguage\":\"es-AR\",\"@id\":\"https:\/\/radioinfinitagoya.com.ar\/v1\/#\/schema\/logo\/image\/\",\"url\":\"https:\/\/radioinfinitagoya.com.ar\/v1\/wp-content\/uploads\/2019\/11\/logo-pie-web.png\",\"contentUrl\":\"https:\/\/radioinfinitagoya.com.ar\/v1\/wp-content\/uploads\/2019\/11\/logo-pie-web.png\",\"width\":635,\"height\":326,\"caption\":\"Radio Infinita Goya\"},\"image\":{\"@id\":\"https:\/\/radioinfinitagoya.com.ar\/v1\/#\/schema\/logo\/image\/\"},\"sameAs\":[\"https:\/\/www.facebook.com\/p\/Infinita-Goya-100063870918311\/\"]},{\"@type\":\"Person\",\"@id\":\"https:\/\/radioinfinitagoya.com.ar\/v1\/#\/schema\/person\/d4cf9c413d4f6edb24aabdccab49ca4a\",\"name\":\"Jorge Mi\u00f1o\",\"image\":{\"@type\":\"ImageObject\",\"inLanguage\":\"es-AR\",\"@id\":\"https:\/\/secure.gravatar.com\/avatar\/910fcf6728fe95320e07a6643c1581fec1c7fc4bf8ae12e3d8f0d0373dc844be?s=96&d=mm&r=g\",\"url\":\"https:\/\/secure.gravatar.com\/avatar\/910fcf6728fe95320e07a6643c1581fec1c7fc4bf8ae12e3d8f0d0373dc844be?s=96&d=mm&r=g\",\"contentUrl\":\"https:\/\/secure.gravatar.com\/avatar\/910fcf6728fe95320e07a6643c1581fec1c7fc4bf8ae12e3d8f0d0373dc844be?s=96&d=mm&r=g\",\"caption\":\"Jorge Mi\u00f1o\"},\"sameAs\":[\"http:\/\/radioinfinitagoya.com.ar\"]}]}<\/script>\n<!-- \/ Yoast SEO plugin. -->","yoast_head_json":{"title":"Mandiy\u00fa igual\u00f3 con Victoria en la primera final del Provincial - Radio Infinita Goya","description":"El encuentro que se jug\u00f3 en Curuz\u00fa Cuati\u00e1 termin\u00f3 en 0. La definici\u00f3n ser\u00e1 en la capital correntina. El primer cap\u00edtulo de la final del torneo Provincial","robots":{"index":"index","follow":"follow","max-snippet":"max-snippet:-1","max-image-preview":"max-image-preview:large","max-video-preview":"max-video-preview:-1"},"canonical":"https:\/\/radioinfinitagoya.com.ar\/v1\/2025\/06\/02\/mandiyu-igualo-con-victoria-en-la-primera-final-del-provincial\/","og_locale":"es_ES","og_type":"article","og_title":"Mandiy\u00fa igual\u00f3 con Victoria en la primera final del Provincial - Radio Infinita Goya","og_description":"El encuentro que se jug\u00f3 en Curuz\u00fa Cuati\u00e1 termin\u00f3 en 0. La definici\u00f3n ser\u00e1 en la capital correntina. El primer cap\u00edtulo de la final del torneo Provincial","og_url":"https:\/\/radioinfinitagoya.com.ar\/v1\/2025\/06\/02\/mandiyu-igualo-con-victoria-en-la-primera-final-del-provincial\/","og_site_name":"Radio Infinita Goya","article_publisher":"https:\/\/www.facebook.com\/p\/Infinita-Goya-100063870918311\/","article_published_time":"2025-06-02T19:18:13+00:00","og_image":[{"width":1200,"height":675,"url":"https:\/\/radioinfinitagoya.com.ar\/v1\/wp-content\/uploads\/2025\/06\/1748812811859.webp","type":"image\/webp"}],"author":"Jorge Mi\u00f1o","twitter_card":"summary_large_image","twitter_misc":{"Escrito por":"Jorge Mi\u00f1o","Tiempo de lectura":"2 minutos"},"schema":{"@context":"https:\/\/schema.org","@graph":[{"@type":"Article","@id":"https:\/\/radioinfinitagoya.com.ar\/v1\/2025\/06\/02\/mandiyu-igualo-con-victoria-en-la-primera-final-del-provincial\/#article","isPartOf":{"@id":"https:\/\/radioinfinitagoya.com.ar\/v1\/2025\/06\/02\/mandiyu-igualo-con-victoria-en-la-primera-final-del-provincial\/"},"author":{"name":"Jorge Mi\u00f1o","@id":"https:\/\/radioinfinitagoya.com.ar\/v1\/#\/schema\/person\/d4cf9c413d4f6edb24aabdccab49ca4a"},"headline":"Mandiy\u00fa igual\u00f3 con Victoria en la primera final del Provincial","datePublished":"2025-06-02T19:18:13+00:00","mainEntityOfPage":{"@id":"https:\/\/radioinfinitagoya.com.ar\/v1\/2025\/06\/02\/mandiyu-igualo-con-victoria-en-la-primera-final-del-provincial\/"},"wordCount":265,"publisher":{"@id":"https:\/\/radioinfinitagoya.com.ar\/v1\/#organization"},"image":{"@id":"https:\/\/radioinfinitagoya.com.ar\/v1\/2025\/06\/02\/mandiyu-igualo-con-victoria-en-la-primera-final-del-provincial\/#primaryimage"},"thumbnailUrl":"https:\/\/radioinfinitagoya.com.ar\/v1\/wp-content\/uploads\/2025\/06\/1748812811859.webp","articleSection":["DEPORTES"],"inLanguage":"es-AR"},{"@type":"WebPage","@id":"https:\/\/radioinfinitagoya.com.ar\/v1\/2025\/06\/02\/mandiyu-igualo-con-victoria-en-la-primera-final-del-provincial\/","url":"https:\/\/radioinfinitagoya.com.ar\/v1\/2025\/06\/02\/mandiyu-igualo-con-victoria-en-la-primera-final-del-provincial\/","name":"Mandiy\u00fa igual\u00f3 con Victoria en la primera final del Provincial - Radio Infinita Goya","isPartOf":{"@id":"https:\/\/radioinfinitagoya.com.ar\/v1\/#website"},"primaryImageOfPage":{"@id":"https:\/\/radioinfinitagoya.com.ar\/v1\/2025\/06\/02\/mandiyu-igualo-con-victoria-en-la-primera-final-del-provincial\/#primaryimage"},"image":{"@id":"https:\/\/radioinfinitagoya.com.ar\/v1\/2025\/06\/02\/mandiyu-igualo-con-victoria-en-la-primera-final-del-provincial\/#primaryimage"},"thumbnailUrl":"https:\/\/radioinfinitagoya.com.ar\/v1\/wp-content\/uploads\/2025\/06\/1748812811859.webp","datePublished":"2025-06-02T19:18:13+00:00","description":"El encuentro que se jug\u00f3 en Curuz\u00fa Cuati\u00e1 termin\u00f3 en 0. La definici\u00f3n ser\u00e1 en la capital correntina. El primer cap\u00edtulo de la final del torneo Provincial","breadcrumb":{"@id":"https:\/\/radioinfinitagoya.com.ar\/v1\/2025\/06\/02\/mandiyu-igualo-con-victoria-en-la-primera-final-del-provincial\/#breadcrumb"},"inLanguage":"es-AR","potentialAction":[{"@type":"ReadAction","target":["https:\/\/radioinfinitagoya.com.ar\/v1\/2025\/06\/02\/mandiyu-igualo-con-victoria-en-la-primera-final-del-provincial\/"]}]},{"@type":"ImageObject","inLanguage":"es-AR","@id":"https:\/\/radioinfinitagoya.com.ar\/v1\/2025\/06\/02\/mandiyu-igualo-con-victoria-en-la-primera-final-del-provincial\/#primaryimage","url":"https:\/\/radioinfinitagoya.com.ar\/v1\/wp-content\/uploads\/2025\/06\/1748812811859.webp","contentUrl":"https:\/\/radioinfinitagoya.com.ar\/v1\/wp-content\/uploads\/2025\/06\/1748812811859.webp","width":1200,"height":675},{"@type":"BreadcrumbList","@id":"https:\/\/radioinfinitagoya.com.ar\/v1\/2025\/06\/02\/mandiyu-igualo-con-victoria-en-la-primera-final-del-provincial\/#breadcrumb","itemListElement":[{"@type":"ListItem","position":1,"name":"Inicio","item":"https:\/\/radioinfinitagoya.com.ar\/v1\/"},{"@type":"ListItem","position":2,"name":"Mandiy\u00fa igual\u00f3 con Victoria en la primera final del Provincial"}]},{"@type":"WebSite","@id":"https:\/\/radioinfinitagoya.com.ar\/v1\/#website","url":"https:\/\/radioinfinitagoya.com.ar\/v1\/","name":"radioinfinitagoya.com.ar","description":"Radio de noticias","publisher":{"@id":"https:\/\/radioinfinitagoya.com.ar\/v1\/#organization"},"potentialAction":[{"@type":"SearchAction","target":{"@type":"EntryPoint","urlTemplate":"https:\/\/radioinfinitagoya.com.ar\/v1\/?s={search_term_string}"},"query-input":{"@type":"PropertyValueSpecification","valueRequired":true,"valueName":"search_term_string"}}],"inLanguage":"es-AR"},{"@type":"Organization","@id":"https:\/\/radioinfinitagoya.com.ar\/v1\/#organization","name":"Radio Infinita Goya","url":"https:\/\/radioinfinitagoya.com.ar\/v1\/","logo":{"@type":"ImageObject","inLanguage":"es-AR","@id":"https:\/\/radioinfinitagoya.com.ar\/v1\/#\/schema\/logo\/image\/","url":"https:\/\/radioinfinitagoya.com.ar\/v1\/wp-content\/uploads\/2019\/11\/logo-pie-web.png","contentUrl":"https:\/\/radioinfinitagoya.com.ar\/v1\/wp-content\/uploads\/2019\/11\/logo-pie-web.png","width":635,"height":326,"caption":"Radio Infinita Goya"},"image":{"@id":"https:\/\/radioinfinitagoya.com.ar\/v1\/#\/schema\/logo\/image\/"},"sameAs":["https:\/\/www.facebook.com\/p\/Infinita-Goya-100063870918311\/"]},{"@type":"Person","@id":"https:\/\/radioinfinitagoya.com.ar\/v1\/#\/schema\/person\/d4cf9c413d4f6edb24aabdccab49ca4a","name":"Jorge Mi\u00f1o","image":{"@type":"ImageObject","inLanguage":"es-AR","@id":"https:\/\/secure.gravatar.com\/avatar\/910fcf6728fe95320e07a6643c1581fec1c7fc4bf8ae12e3d8f0d0373dc844be?s=96&d=mm&r=g","url":"https:\/\/secure.gravatar.com\/avatar\/910fcf6728fe95320e07a6643c1581fec1c7fc4bf8ae12e3d8f0d0373dc844be?s=96&d=mm&r=g","contentUrl":"https:\/\/secure.gravatar.com\/avatar\/910fcf6728fe95320e07a6643c1581fec1c7fc4bf8ae12e3d8f0d0373dc844be?s=96&d=mm&r=g","caption":"Jorge Mi\u00f1o"},"sameAs":["http:\/\/radioinfinitagoya.com.ar"]}]}},"_links":{"self":[{"href":"https:\/\/radioinfinitagoya.com.ar\/v1\/wp-json\/wp\/v2\/posts\/191044","targetHints":{"allow":["GET"]}}],"collection":[{"href":"https:\/\/radioinfinitagoya.com.ar\/v1\/wp-json\/wp\/v2\/posts"}],"about":[{"href":"https:\/\/radioinfinitagoya.com.ar\/v1\/wp-json\/wp\/v2\/types\/post"}],"author":[{"embeddable":true,"href":"https:\/\/radioinfinitagoya.com.ar\/v1\/wp-json\/wp\/v2\/users\/4"}],"replies":[{"embeddable":true,"href":"https:\/\/radioinfinitagoya.com.ar\/v1\/wp-json\/wp\/v2\/comments?post=191044"}],"version-history":[{"count":0,"href":"https:\/\/radioinfinitagoya.com.ar\/v1\/wp-json\/wp\/v2\/posts\/191044\/revisions"}],"wp:featuredmedia":[{"embeddable":true,"href":"https:\/\/radioinfinitagoya.com.ar\/v1\/wp-json\/wp\/v2\/media\/191045"}],"wp:attachment":[{"href":"https:\/\/radioinfinitagoya.com.ar\/v1\/wp-json\/wp\/v2\/media?parent=191044"}],"wp:term":[{"taxonomy":"category","embeddable":true,"href":"https:\/\/radioinfinitagoya.com.ar\/v1\/wp-json\/wp\/v2\/categories?post=191044"},{"taxonomy":"post_tag","embeddable":true,"href":"https:\/\/radioinfinitagoya.com.ar\/v1\/wp-json\/wp\/v2\/tags?post=191044"}],"curies":[{"name":"wp","href":"https:\/\/api.w.org\/{rel}","templated":true}]}}