{"id":191047,"date":"2025-06-02T16:21:40","date_gmt":"2025-06-02T19:21:40","guid":{"rendered":"https:\/\/radioinfinitagoya.com.ar\/v1\/?p=191047"},"modified":"2025-06-02T16:21:40","modified_gmt":"2025-06-02T19:21:40","slug":"ypf-confirmo-que-sera-mas-barato-cargar-nafta-a-la-madrugada","status":"publish","type":"post","link":"https:\/\/radioinfinitagoya.com.ar\/v1\/2025\/06\/02\/ypf-confirmo-que-sera-mas-barato-cargar-nafta-a-la-madrugada\/","title":{"rendered":"YPF confirm\u00f3 que ser\u00e1 m\u00e1s barato cargar nafta a la madrugada"},"content":{"rendered":"<p>El presidente de la petrolera estatal, Horacio Mar\u00edn, anticip\u00f3 que el sistema ser\u00e1 inaugurado el 23 de junio en 1.600 estaciones de servicio de toda la Argentina<\/p>\n<p>El presidente de YPF, Horacio Mar\u00edn, confirm\u00f3 que este mes se pondr\u00e1 en marcha un nuevo sistema de precios diferenciales para la venta de nafta y gasoil seg\u00fan franja horaria, a partir de la utilizaci\u00f3n de la Inteligencia Artificial (IA) en el segmento de comercializaci\u00f3n de la empresa de mayor\u00eda estatal. Tal como hab\u00eda adelantado Infobae, la medida ser\u00e1 inaugurada el 23 de junio y buscar\u00e1 tener el control en aproximadamente 1.600 estaciones de servicio de todo el pa\u00eds.<\/p>\n<p>Durante su presentaci\u00f3n en el evento Energ\u00eda Chubut 2050, que tuvo lugar este lunes en el Hotel Four Seasons, Mar\u00edn explic\u00f3 que la empresa estatal complementar\u00e1 este esquema con el de autodespacho nocturno de combustibles para tener tarifas reducidas como parte de una estrategia para optimizar sus costos operativos y aprovechar las horas de menor demanda.<\/p>\n<p>&#8220;A las 03:00 no se compra mucha nafta. Entonces lo que nosotros vamos a hacer es bajar los costos fijos a la noche porque perdemos plata. Pr\u00e1cticamente hicimos los c\u00e1lculos en casi todas las estaciones de servicios. Vamos a bajar los costos, vamos a poner a autoservicio y vamos a bajar la nafta a esas horas para que la gente tenga una mejora y nosotros tambi\u00e9n. De cualquier manera dir\u00eda que es una ventaja para el usuario y una ventaja para nosotros&#8221;, dijo el titular de la petrolera.<\/p>\n<p>La implementaci\u00f3n del nuevo modelo responde a un an\u00e1lisis detallado del comportamiento de los consumidores en relaci\u00f3n con los horarios de carga. Seg\u00fan la empresa, los turnos nocturnos presentan una demanda muy baja, lo que genera p\u00e9rdidas operativas debido a los costos fijos que se mantienen sin una contraprestaci\u00f3n suficiente en t\u00e9rminos de ventas.<\/p>\n<p>Esta iniciativa se enmarca dentro del ambicioso proyecto de modernizaci\u00f3n tecnol\u00f3gica de la petrolera estatal, y se concretar\u00e1 con la puesta en marcha de un nuevo Real Time Intelligence Center (RTIC) para el segmento de comercializaci\u00f3n. Este centro ser\u00e1 el primero de habla hispana en su tipo y permitir\u00e1, entre otras cosas, implementar un sistema de micropricing, una herramienta que posibilita ajustar los precios de los combustibles dependiendo del momento del d\u00eda y otros factores de demanda.<\/p>\n<p>Este sistema de precios segmentados se complementar\u00e1 con un nuevo esquema de autodespacho, mediante el cual los usuarios podr\u00e1n cargar nafta sin intervenci\u00f3n de un operador. As\u00ed, se reduce la necesidad de personal durante la noche, se optimizan los costos operativos y se ofrece una ventaja econ\u00f3mica directa al consumidor.&#8221;Vamos a hacer cosas que se hacen en Europa&#8221;, afirm\u00f3 Mar\u00edn, al referirse al car\u00e1cter vanguardista del proyecto.<\/p>\n<p>Fuentes de YPF se\u00f1alaron a Infobae que el nuevo RTIC en estaciones&#8221;va a permitir controlar toda la comercializaci\u00f3n de YPF, no solo el precio del surtidor&#8221;. Explicaron que tambi\u00e9n permitir\u00e1 tener control sobre las tiendas Full y todo el proceso log\u00edstico de combustibles.<\/p>\n<p>El RTIC para estaciones de servicio se suma a los centros ya operativos en la sede central de la empresa en Puerto Madero para eficientizar su producci\u00f3n en Vaca Muerta y en la Refiner\u00eda de La Plata. En ambos casos, estos espacios tecnol\u00f3gicos ya est\u00e1n produciendo efectos concretos en t\u00e9rminos de eficiencia y control operativo. &#8220;Significa decisiones en tiempo real, generar valor segundo a segundo&#8221;, repiti\u00f3 Mar\u00edn, al destacar los beneficios de esta herramienta.<\/p>\n<p>Voceros de la compa\u00f1\u00eda agregaron que el sistema permitir\u00e1 una interconexi\u00f3n directa con la log\u00edstica de combustibles. &#8220;Vas a poder tener bandas de horarios en donde quiz\u00e1s baj\u00e1s los precios de los combustibles porque sab\u00e9s que en esas estaciones de servicio no va nadie en determinada banda horaria y te conviene tener ese personal ocioso. Entonces es preferible tomar esas decisiones para que el flujo de autos vaya a determinado horario y no vaya en otro&#8221;.<\/p>\n<p>&nbsp;<\/p>\n","protected":false},"excerpt":{"rendered":"<p>El presidente de la petrolera estatal, Horacio Mar\u00edn, anticip\u00f3 que el sistema ser\u00e1 inaugurado el 23 de junio en 1.600 estaciones de servicio de toda la Argentina El presidente de YPF, Horacio Mar\u00edn, confirm\u00f3 que este mes se pondr\u00e1 en marcha un nuevo sistema de precios diferenciales para la venta de nafta y gasoil seg\u00fan [&hellip;]<\/p>\n","protected":false},"author":4,"featured_media":191048,"comment_status":"closed","ping_status":"closed","sticky":false,"template":"","format":"standard","meta":{"_joinchat":[],"footnotes":""},"categories":[31],"tags":[],"class_list":{"0":"post-191047","1":"post","2":"type-post","3":"status-publish","4":"format-standard","5":"has-post-thumbnail","7":"category-informacion-general"},"yoast_head":"<!-- This site is optimized with the Yoast SEO plugin v27.2 - https:\/\/yoast.com\/product\/yoast-seo-wordpress\/ -->\n<title>YPF confirm\u00f3 que ser\u00e1 m\u00e1s barato cargar nafta a la madrugada - Radio Infinita Goya<\/title>\n<meta name=\"description\" content=\"El presidente de la petrolera estatal, Horacio Mar\u00edn, anticip\u00f3 que el sistema ser\u00e1 inaugurado el 23 de junio en 1.600 estaciones de servicio de toda la\" \/>\n<meta name=\"robots\" content=\"index, follow, max-snippet:-1, max-image-preview:large, max-video-preview:-1\" \/>\n<link rel=\"canonical\" href=\"https:\/\/radioinfinitagoya.com.ar\/v1\/2025\/06\/02\/ypf-confirmo-que-sera-mas-barato-cargar-nafta-a-la-madrugada\/\" \/>\n<meta property=\"og:locale\" content=\"es_ES\" \/>\n<meta property=\"og:type\" content=\"article\" \/>\n<meta property=\"og:title\" content=\"YPF confirm\u00f3 que ser\u00e1 m\u00e1s barato cargar nafta a la madrugada - Radio Infinita Goya\" \/>\n<meta property=\"og:description\" content=\"El presidente de la petrolera estatal, Horacio Mar\u00edn, anticip\u00f3 que el sistema ser\u00e1 inaugurado el 23 de junio en 1.600 estaciones de servicio de toda la\" \/>\n<meta property=\"og:url\" content=\"https:\/\/radioinfinitagoya.com.ar\/v1\/2025\/06\/02\/ypf-confirmo-que-sera-mas-barato-cargar-nafta-a-la-madrugada\/\" \/>\n<meta property=\"og:site_name\" content=\"Radio Infinita Goya\" \/>\n<meta property=\"article:publisher\" content=\"https:\/\/www.facebook.com\/p\/Infinita-Goya-100063870918311\/\" \/>\n<meta property=\"article:published_time\" content=\"2025-06-02T19:21:40+00:00\" \/>\n<meta property=\"og:image\" content=\"https:\/\/radioinfinitagoya.com.ar\/v1\/wp-content\/uploads\/2025\/06\/gU6p_-t6.jpg\" \/>\n\t<meta property=\"og:image:width\" content=\"680\" \/>\n\t<meta property=\"og:image:height\" content=\"299\" \/>\n\t<meta property=\"og:image:type\" content=\"image\/jpeg\" \/>\n<meta name=\"author\" content=\"Jorge Mi\u00f1o\" \/>\n<meta name=\"twitter:card\" content=\"summary_large_image\" \/>\n<meta name=\"twitter:label1\" content=\"Escrito por\" \/>\n\t<meta name=\"twitter:data1\" content=\"Jorge Mi\u00f1o\" \/>\n\t<meta name=\"twitter:label2\" content=\"Tiempo de lectura\" \/>\n\t<meta name=\"twitter:data2\" content=\"4 minutos\" \/>\n<script type=\"application\/ld+json\" class=\"yoast-schema-graph\">{\"@context\":\"https:\/\/schema.org\",\"@graph\":[{\"@type\":\"Article\",\"@id\":\"https:\/\/radioinfinitagoya.com.ar\/v1\/2025\/06\/02\/ypf-confirmo-que-sera-mas-barato-cargar-nafta-a-la-madrugada\/#article\",\"isPartOf\":{\"@id\":\"https:\/\/radioinfinitagoya.com.ar\/v1\/2025\/06\/02\/ypf-confirmo-que-sera-mas-barato-cargar-nafta-a-la-madrugada\/\"},\"author\":{\"name\":\"Jorge Mi\u00f1o\",\"@id\":\"https:\/\/radioinfinitagoya.com.ar\/v1\/#\/schema\/person\/d4cf9c413d4f6edb24aabdccab49ca4a\"},\"headline\":\"YPF confirm\u00f3 que ser\u00e1 m\u00e1s barato cargar nafta a la madrugada\",\"datePublished\":\"2025-06-02T19:21:40+00:00\",\"mainEntityOfPage\":{\"@id\":\"https:\/\/radioinfinitagoya.com.ar\/v1\/2025\/06\/02\/ypf-confirmo-que-sera-mas-barato-cargar-nafta-a-la-madrugada\/\"},\"wordCount\":697,\"publisher\":{\"@id\":\"https:\/\/radioinfinitagoya.com.ar\/v1\/#organization\"},\"image\":{\"@id\":\"https:\/\/radioinfinitagoya.com.ar\/v1\/2025\/06\/02\/ypf-confirmo-que-sera-mas-barato-cargar-nafta-a-la-madrugada\/#primaryimage\"},\"thumbnailUrl\":\"https:\/\/radioinfinitagoya.com.ar\/v1\/wp-content\/uploads\/2025\/06\/gU6p_-t6.jpg\",\"articleSection\":[\"INFORMACI\u00d3N GENERAL\"],\"inLanguage\":\"es-AR\"},{\"@type\":\"WebPage\",\"@id\":\"https:\/\/radioinfinitagoya.com.ar\/v1\/2025\/06\/02\/ypf-confirmo-que-sera-mas-barato-cargar-nafta-a-la-madrugada\/\",\"url\":\"https:\/\/radioinfinitagoya.com.ar\/v1\/2025\/06\/02\/ypf-confirmo-que-sera-mas-barato-cargar-nafta-a-la-madrugada\/\",\"name\":\"YPF confirm\u00f3 que ser\u00e1 m\u00e1s barato cargar nafta a la madrugada - Radio Infinita Goya\",\"isPartOf\":{\"@id\":\"https:\/\/radioinfinitagoya.com.ar\/v1\/#website\"},\"primaryImageOfPage\":{\"@id\":\"https:\/\/radioinfinitagoya.com.ar\/v1\/2025\/06\/02\/ypf-confirmo-que-sera-mas-barato-cargar-nafta-a-la-madrugada\/#primaryimage\"},\"image\":{\"@id\":\"https:\/\/radioinfinitagoya.com.ar\/v1\/2025\/06\/02\/ypf-confirmo-que-sera-mas-barato-cargar-nafta-a-la-madrugada\/#primaryimage\"},\"thumbnailUrl\":\"https:\/\/radioinfinitagoya.com.ar\/v1\/wp-content\/uploads\/2025\/06\/gU6p_-t6.jpg\",\"datePublished\":\"2025-06-02T19:21:40+00:00\",\"description\":\"El presidente de la petrolera estatal, Horacio Mar\u00edn, anticip\u00f3 que el sistema ser\u00e1 inaugurado el 23 de junio en 1.600 estaciones de servicio de toda la\",\"breadcrumb\":{\"@id\":\"https:\/\/radioinfinitagoya.com.ar\/v1\/2025\/06\/02\/ypf-confirmo-que-sera-mas-barato-cargar-nafta-a-la-madrugada\/#breadcrumb\"},\"inLanguage\":\"es-AR\",\"potentialAction\":[{\"@type\":\"ReadAction\",\"target\":[\"https:\/\/radioinfinitagoya.com.ar\/v1\/2025\/06\/02\/ypf-confirmo-que-sera-mas-barato-cargar-nafta-a-la-madrugada\/\"]}]},{\"@type\":\"ImageObject\",\"inLanguage\":\"es-AR\",\"@id\":\"https:\/\/radioinfinitagoya.com.ar\/v1\/2025\/06\/02\/ypf-confirmo-que-sera-mas-barato-cargar-nafta-a-la-madrugada\/#primaryimage\",\"url\":\"https:\/\/radioinfinitagoya.com.ar\/v1\/wp-content\/uploads\/2025\/06\/gU6p_-t6.jpg\",\"contentUrl\":\"https:\/\/radioinfinitagoya.com.ar\/v1\/wp-content\/uploads\/2025\/06\/gU6p_-t6.jpg\",\"width\":680,\"height\":299},{\"@type\":\"BreadcrumbList\",\"@id\":\"https:\/\/radioinfinitagoya.com.ar\/v1\/2025\/06\/02\/ypf-confirmo-que-sera-mas-barato-cargar-nafta-a-la-madrugada\/#breadcrumb\",\"itemListElement\":[{\"@type\":\"ListItem\",\"position\":1,\"name\":\"Inicio\",\"item\":\"https:\/\/radioinfinitagoya.com.ar\/v1\/\"},{\"@type\":\"ListItem\",\"position\":2,\"name\":\"YPF confirm\u00f3 que ser\u00e1 m\u00e1s barato cargar nafta a la madrugada\"}]},{\"@type\":\"WebSite\",\"@id\":\"https:\/\/radioinfinitagoya.com.ar\/v1\/#website\",\"url\":\"https:\/\/radioinfinitagoya.com.ar\/v1\/\",\"name\":\"radioinfinitagoya.com.ar\",\"description\":\"Radio de noticias\",\"publisher\":{\"@id\":\"https:\/\/radioinfinitagoya.com.ar\/v1\/#organization\"},\"potentialAction\":[{\"@type\":\"SearchAction\",\"target\":{\"@type\":\"EntryPoint\",\"urlTemplate\":\"https:\/\/radioinfinitagoya.com.ar\/v1\/?s={search_term_string}\"},\"query-input\":{\"@type\":\"PropertyValueSpecification\",\"valueRequired\":true,\"valueName\":\"search_term_string\"}}],\"inLanguage\":\"es-AR\"},{\"@type\":\"Organization\",\"@id\":\"https:\/\/radioinfinitagoya.com.ar\/v1\/#organization\",\"name\":\"Radio Infinita Goya\",\"url\":\"https:\/\/radioinfinitagoya.com.ar\/v1\/\",\"logo\":{\"@type\":\"ImageObject\",\"inLanguage\":\"es-AR\",\"@id\":\"https:\/\/radioinfinitagoya.com.ar\/v1\/#\/schema\/logo\/image\/\",\"url\":\"https:\/\/radioinfinitagoya.com.ar\/v1\/wp-content\/uploads\/2019\/11\/logo-pie-web.png\",\"contentUrl\":\"https:\/\/radioinfinitagoya.com.ar\/v1\/wp-content\/uploads\/2019\/11\/logo-pie-web.png\",\"width\":635,\"height\":326,\"caption\":\"Radio Infinita Goya\"},\"image\":{\"@id\":\"https:\/\/radioinfinitagoya.com.ar\/v1\/#\/schema\/logo\/image\/\"},\"sameAs\":[\"https:\/\/www.facebook.com\/p\/Infinita-Goya-100063870918311\/\"]},{\"@type\":\"Person\",\"@id\":\"https:\/\/radioinfinitagoya.com.ar\/v1\/#\/schema\/person\/d4cf9c413d4f6edb24aabdccab49ca4a\",\"name\":\"Jorge Mi\u00f1o\",\"image\":{\"@type\":\"ImageObject\",\"inLanguage\":\"es-AR\",\"@id\":\"https:\/\/secure.gravatar.com\/avatar\/910fcf6728fe95320e07a6643c1581fec1c7fc4bf8ae12e3d8f0d0373dc844be?s=96&d=mm&r=g\",\"url\":\"https:\/\/secure.gravatar.com\/avatar\/910fcf6728fe95320e07a6643c1581fec1c7fc4bf8ae12e3d8f0d0373dc844be?s=96&d=mm&r=g\",\"contentUrl\":\"https:\/\/secure.gravatar.com\/avatar\/910fcf6728fe95320e07a6643c1581fec1c7fc4bf8ae12e3d8f0d0373dc844be?s=96&d=mm&r=g\",\"caption\":\"Jorge Mi\u00f1o\"},\"sameAs\":[\"http:\/\/radioinfinitagoya.com.ar\"]}]}<\/script>\n<!-- \/ Yoast SEO plugin. -->","yoast_head_json":{"title":"YPF confirm\u00f3 que ser\u00e1 m\u00e1s barato cargar nafta a la madrugada - Radio Infinita Goya","description":"El presidente de la petrolera estatal, Horacio Mar\u00edn, anticip\u00f3 que el sistema ser\u00e1 inaugurado el 23 de junio en 1.600 estaciones de servicio de toda la","robots":{"index":"index","follow":"follow","max-snippet":"max-snippet:-1","max-image-preview":"max-image-preview:large","max-video-preview":"max-video-preview:-1"},"canonical":"https:\/\/radioinfinitagoya.com.ar\/v1\/2025\/06\/02\/ypf-confirmo-que-sera-mas-barato-cargar-nafta-a-la-madrugada\/","og_locale":"es_ES","og_type":"article","og_title":"YPF confirm\u00f3 que ser\u00e1 m\u00e1s barato cargar nafta a la madrugada - Radio Infinita Goya","og_description":"El presidente de la petrolera estatal, Horacio Mar\u00edn, anticip\u00f3 que el sistema ser\u00e1 inaugurado el 23 de junio en 1.600 estaciones de servicio de toda la","og_url":"https:\/\/radioinfinitagoya.com.ar\/v1\/2025\/06\/02\/ypf-confirmo-que-sera-mas-barato-cargar-nafta-a-la-madrugada\/","og_site_name":"Radio Infinita Goya","article_publisher":"https:\/\/www.facebook.com\/p\/Infinita-Goya-100063870918311\/","article_published_time":"2025-06-02T19:21:40+00:00","og_image":[{"width":680,"height":299,"url":"https:\/\/radioinfinitagoya.com.ar\/v1\/wp-content\/uploads\/2025\/06\/gU6p_-t6.jpg","type":"image\/jpeg"}],"author":"Jorge Mi\u00f1o","twitter_card":"summary_large_image","twitter_misc":{"Escrito por":"Jorge Mi\u00f1o","Tiempo de lectura":"4 minutos"},"schema":{"@context":"https:\/\/schema.org","@graph":[{"@type":"Article","@id":"https:\/\/radioinfinitagoya.com.ar\/v1\/2025\/06\/02\/ypf-confirmo-que-sera-mas-barato-cargar-nafta-a-la-madrugada\/#article","isPartOf":{"@id":"https:\/\/radioinfinitagoya.com.ar\/v1\/2025\/06\/02\/ypf-confirmo-que-sera-mas-barato-cargar-nafta-a-la-madrugada\/"},"author":{"name":"Jorge Mi\u00f1o","@id":"https:\/\/radioinfinitagoya.com.ar\/v1\/#\/schema\/person\/d4cf9c413d4f6edb24aabdccab49ca4a"},"headline":"YPF confirm\u00f3 que ser\u00e1 m\u00e1s barato cargar nafta a la madrugada","datePublished":"2025-06-02T19:21:40+00:00","mainEntityOfPage":{"@id":"https:\/\/radioinfinitagoya.com.ar\/v1\/2025\/06\/02\/ypf-confirmo-que-sera-mas-barato-cargar-nafta-a-la-madrugada\/"},"wordCount":697,"publisher":{"@id":"https:\/\/radioinfinitagoya.com.ar\/v1\/#organization"},"image":{"@id":"https:\/\/radioinfinitagoya.com.ar\/v1\/2025\/06\/02\/ypf-confirmo-que-sera-mas-barato-cargar-nafta-a-la-madrugada\/#primaryimage"},"thumbnailUrl":"https:\/\/radioinfinitagoya.com.ar\/v1\/wp-content\/uploads\/2025\/06\/gU6p_-t6.jpg","articleSection":["INFORMACI\u00d3N GENERAL"],"inLanguage":"es-AR"},{"@type":"WebPage","@id":"https:\/\/radioinfinitagoya.com.ar\/v1\/2025\/06\/02\/ypf-confirmo-que-sera-mas-barato-cargar-nafta-a-la-madrugada\/","url":"https:\/\/radioinfinitagoya.com.ar\/v1\/2025\/06\/02\/ypf-confirmo-que-sera-mas-barato-cargar-nafta-a-la-madrugada\/","name":"YPF confirm\u00f3 que ser\u00e1 m\u00e1s barato cargar nafta a la madrugada - Radio Infinita Goya","isPartOf":{"@id":"https:\/\/radioinfinitagoya.com.ar\/v1\/#website"},"primaryImageOfPage":{"@id":"https:\/\/radioinfinitagoya.com.ar\/v1\/2025\/06\/02\/ypf-confirmo-que-sera-mas-barato-cargar-nafta-a-la-madrugada\/#primaryimage"},"image":{"@id":"https:\/\/radioinfinitagoya.com.ar\/v1\/2025\/06\/02\/ypf-confirmo-que-sera-mas-barato-cargar-nafta-a-la-madrugada\/#primaryimage"},"thumbnailUrl":"https:\/\/radioinfinitagoya.com.ar\/v1\/wp-content\/uploads\/2025\/06\/gU6p_-t6.jpg","datePublished":"2025-06-02T19:21:40+00:00","description":"El presidente de la petrolera estatal, Horacio Mar\u00edn, anticip\u00f3 que el sistema ser\u00e1 inaugurado el 23 de junio en 1.600 estaciones de servicio de toda la","breadcrumb":{"@id":"https:\/\/radioinfinitagoya.com.ar\/v1\/2025\/06\/02\/ypf-confirmo-que-sera-mas-barato-cargar-nafta-a-la-madrugada\/#breadcrumb"},"inLanguage":"es-AR","potentialAction":[{"@type":"ReadAction","target":["https:\/\/radioinfinitagoya.com.ar\/v1\/2025\/06\/02\/ypf-confirmo-que-sera-mas-barato-cargar-nafta-a-la-madrugada\/"]}]},{"@type":"ImageObject","inLanguage":"es-AR","@id":"https:\/\/radioinfinitagoya.com.ar\/v1\/2025\/06\/02\/ypf-confirmo-que-sera-mas-barato-cargar-nafta-a-la-madrugada\/#primaryimage","url":"https:\/\/radioinfinitagoya.com.ar\/v1\/wp-content\/uploads\/2025\/06\/gU6p_-t6.jpg","contentUrl":"https:\/\/radioinfinitagoya.com.ar\/v1\/wp-content\/uploads\/2025\/06\/gU6p_-t6.jpg","width":680,"height":299},{"@type":"BreadcrumbList","@id":"https:\/\/radioinfinitagoya.com.ar\/v1\/2025\/06\/02\/ypf-confirmo-que-sera-mas-barato-cargar-nafta-a-la-madrugada\/#breadcrumb","itemListElement":[{"@type":"ListItem","position":1,"name":"Inicio","item":"https:\/\/radioinfinitagoya.com.ar\/v1\/"},{"@type":"ListItem","position":2,"name":"YPF confirm\u00f3 que ser\u00e1 m\u00e1s barato cargar nafta a la madrugada"}]},{"@type":"WebSite","@id":"https:\/\/radioinfinitagoya.com.ar\/v1\/#website","url":"https:\/\/radioinfinitagoya.com.ar\/v1\/","name":"radioinfinitagoya.com.ar","description":"Radio de noticias","publisher":{"@id":"https:\/\/radioinfinitagoya.com.ar\/v1\/#organization"},"potentialAction":[{"@type":"SearchAction","target":{"@type":"EntryPoint","urlTemplate":"https:\/\/radioinfinitagoya.com.ar\/v1\/?s={search_term_string}"},"query-input":{"@type":"PropertyValueSpecification","valueRequired":true,"valueName":"search_term_string"}}],"inLanguage":"es-AR"},{"@type":"Organization","@id":"https:\/\/radioinfinitagoya.com.ar\/v1\/#organization","name":"Radio Infinita Goya","url":"https:\/\/radioinfinitagoya.com.ar\/v1\/","logo":{"@type":"ImageObject","inLanguage":"es-AR","@id":"https:\/\/radioinfinitagoya.com.ar\/v1\/#\/schema\/logo\/image\/","url":"https:\/\/radioinfinitagoya.com.ar\/v1\/wp-content\/uploads\/2019\/11\/logo-pie-web.png","contentUrl":"https:\/\/radioinfinitagoya.com.ar\/v1\/wp-content\/uploads\/2019\/11\/logo-pie-web.png","width":635,"height":326,"caption":"Radio Infinita Goya"},"image":{"@id":"https:\/\/radioinfinitagoya.com.ar\/v1\/#\/schema\/logo\/image\/"},"sameAs":["https:\/\/www.facebook.com\/p\/Infinita-Goya-100063870918311\/"]},{"@type":"Person","@id":"https:\/\/radioinfinitagoya.com.ar\/v1\/#\/schema\/person\/d4cf9c413d4f6edb24aabdccab49ca4a","name":"Jorge Mi\u00f1o","image":{"@type":"ImageObject","inLanguage":"es-AR","@id":"https:\/\/secure.gravatar.com\/avatar\/910fcf6728fe95320e07a6643c1581fec1c7fc4bf8ae12e3d8f0d0373dc844be?s=96&d=mm&r=g","url":"https:\/\/secure.gravatar.com\/avatar\/910fcf6728fe95320e07a6643c1581fec1c7fc4bf8ae12e3d8f0d0373dc844be?s=96&d=mm&r=g","contentUrl":"https:\/\/secure.gravatar.com\/avatar\/910fcf6728fe95320e07a6643c1581fec1c7fc4bf8ae12e3d8f0d0373dc844be?s=96&d=mm&r=g","caption":"Jorge Mi\u00f1o"},"sameAs":["http:\/\/radioinfinitagoya.com.ar"]}]}},"_links":{"self":[{"href":"https:\/\/radioinfinitagoya.com.ar\/v1\/wp-json\/wp\/v2\/posts\/191047","targetHints":{"allow":["GET"]}}],"collection":[{"href":"https:\/\/radioinfinitagoya.com.ar\/v1\/wp-json\/wp\/v2\/posts"}],"about":[{"href":"https:\/\/radioinfinitagoya.com.ar\/v1\/wp-json\/wp\/v2\/types\/post"}],"author":[{"embeddable":true,"href":"https:\/\/radioinfinitagoya.com.ar\/v1\/wp-json\/wp\/v2\/users\/4"}],"replies":[{"embeddable":true,"href":"https:\/\/radioinfinitagoya.com.ar\/v1\/wp-json\/wp\/v2\/comments?post=191047"}],"version-history":[{"count":0,"href":"https:\/\/radioinfinitagoya.com.ar\/v1\/wp-json\/wp\/v2\/posts\/191047\/revisions"}],"wp:featuredmedia":[{"embeddable":true,"href":"https:\/\/radioinfinitagoya.com.ar\/v1\/wp-json\/wp\/v2\/media\/191048"}],"wp:attachment":[{"href":"https:\/\/radioinfinitagoya.com.ar\/v1\/wp-json\/wp\/v2\/media?parent=191047"}],"wp:term":[{"taxonomy":"category","embeddable":true,"href":"https:\/\/radioinfinitagoya.com.ar\/v1\/wp-json\/wp\/v2\/categories?post=191047"},{"taxonomy":"post_tag","embeddable":true,"href":"https:\/\/radioinfinitagoya.com.ar\/v1\/wp-json\/wp\/v2\/tags?post=191047"}],"curies":[{"name":"wp","href":"https:\/\/api.w.org\/{rel}","templated":true}]}}