{"id":191073,"date":"2025-06-03T16:14:49","date_gmt":"2025-06-03T19:14:49","guid":{"rendered":"https:\/\/radioinfinitagoya.com.ar\/v1\/?p=191073"},"modified":"2025-06-03T16:14:49","modified_gmt":"2025-06-03T19:14:49","slug":"la-primera-casa-en-corrientes-para-victimas-de-violencia-de-genero","status":"publish","type":"post","link":"https:\/\/radioinfinitagoya.com.ar\/v1\/2025\/06\/03\/la-primera-casa-en-corrientes-para-victimas-de-violencia-de-genero\/","title":{"rendered":"La primera casa en Corrientes para v\u00edctimas de violencia de g\u00e9nero"},"content":{"rendered":"<p>A diez a\u00f1os del primer grito colectivo de Ni Una Menos, la violencia de g\u00e9nero sigue siendo una realidad que atraviesa hogares, vidas y generaciones. Pero tambi\u00e9n persisten los espacios que, con amor, compromiso y coraje, transforman el dolor en una nueva oportunidad. Uno de esos espacios late fuerte en el interior de Corrientes, en la ciudad de Goya, donde desde 2011 funciona la Casa de Acogida, el primer refugio de la provincia para mujeres v\u00edctimas de violencia.<\/p>\n<p>En lo m\u00e1s profundo del interior provincial, resiste un refugio: una casa que brilla con la luz de la esperanza en medio de la oscuridad. All\u00ed, mujeres que han sido v\u00edctimas de la violencia encuentran un abrazo, un techo, una nueva oportunidad. No est\u00e1n solas.<\/p>\n<p>A su lado, miles de ni\u00f1os caminan tambi\u00e9n las huellas de su dolor, marcados por un ciclo de violencia que no tiene fin. Porque el maltrato no termina en la mujer: se derrama, envuelve, hiere a sus hijos, a sus madres, a familias enteras que luchan por sostenerse entre los escombros del abandono. Son madres golpeadas, abuelas que cr\u00edan con el alma rota, peque\u00f1os donde su infancia qued\u00f3 en suspenso y se ha fracturado. Pero en ese refugio, renace algo m\u00e1s fuerte: la dignidad, la contenci\u00f3n, la posibilidad de empezar de nuevo.<\/p>\n<p>La organizaci\u00f3n Infancia Robada irrumpe con fuerza donde el Estado calla. Golpea la desidia, sacude el abandono, abraza la desesperaci\u00f3n de una mujer que no sabe a qui\u00e9n acudir cuando la violencia la rodea. All\u00ed donde todo parece perdido, se convierte en sost\u00e9n, en abrigo, en abrazo c\u00e1lido que contiene. y se para de pie. Pero tambi\u00e9n es voz firme, clara y valiente. Una voz que no tiembla cuando un juzgado silencia una denuncia, cuando la Polic\u00eda elige mira de costado, cuando los prejuicios sociales \u2014esas miradas que juzgan desde arriba\u2014 se vuelven otra forma de violencia.<\/p>\n<p>El alma grita, el cuerpo duele. Las necesidades son urgentes. La realidad no es ficticia. No est\u00e1n matando, nos matan cotidianamente, cuando las pol\u00edticas de g\u00e9nero no son respetadas. Cuando volvemos a ver que ya van 75 femicidios registrados en la provincia de Corrientes y 2827 v\u00edctimas en diez a\u00f1os, desde que gritamos el primero &#8220;Ni Una Menos&#8221; en el 2015.<\/p>\n<p><img loading=\"lazy\" decoding=\"async\" class=\"alignnone size-full wp-image-191074\" src=\"https:\/\/radioinfinitagoya.com.ar\/v1\/wp-content\/uploads\/2025\/06\/WhatsApp-Image-2025-06-03-at-12.59.22-PM.jpeg\" alt=\"\" width=\"446\" height=\"500\" srcset=\"https:\/\/radioinfinitagoya.com.ar\/v1\/wp-content\/uploads\/2025\/06\/WhatsApp-Image-2025-06-03-at-12.59.22-PM.jpeg 446w, https:\/\/radioinfinitagoya.com.ar\/v1\/wp-content\/uploads\/2025\/06\/WhatsApp-Image-2025-06-03-at-12.59.22-PM-375x420.jpeg 375w\" sizes=\"auto, (max-width: 446px) 100vw, 446px\" \/><\/p>\n<p>Esta realidad duele a\u00fan m\u00e1s en los barrios vulnerables, donde las respuestas nunca llegan y el silencio se vuelve costumbre. Basta con imaginarla para que la desesperaci\u00f3n te recorra el cuerpo como un fr\u00edo que no se va. All\u00ed, donde los ni\u00f1os acompa\u00f1an el llanter\u00edo, donde las mujeres gritan en un desierto sin eco, y donde el Estado brilla por su ausencia. Y la pobreza golpea como un sopapo diario, tan fuerte que hasta el hilo de la cama se va desgastando, deshilachando, hasta romperse. Y no queda otra que soportar, aguantar, aunque el alma pese y la esperanza se vuelva delgada como una fina hebra.<\/p>\n<p><img loading=\"lazy\" decoding=\"async\" class=\"alignnone size-full wp-image-191075\" src=\"https:\/\/radioinfinitagoya.com.ar\/v1\/wp-content\/uploads\/2025\/06\/WhatsApp-Image-2025-06-03-at-10.00.49-AM.jpeg\" alt=\"\" width=\"807\" height=\"605\" srcset=\"https:\/\/radioinfinitagoya.com.ar\/v1\/wp-content\/uploads\/2025\/06\/WhatsApp-Image-2025-06-03-at-10.00.49-AM.jpeg 807w, https:\/\/radioinfinitagoya.com.ar\/v1\/wp-content\/uploads\/2025\/06\/WhatsApp-Image-2025-06-03-at-10.00.49-AM-80x60.jpeg 80w, https:\/\/radioinfinitagoya.com.ar\/v1\/wp-content\/uploads\/2025\/06\/WhatsApp-Image-2025-06-03-at-10.00.49-AM-265x198.jpeg 265w, https:\/\/radioinfinitagoya.com.ar\/v1\/wp-content\/uploads\/2025\/06\/WhatsApp-Image-2025-06-03-at-10.00.49-AM-696x522.jpeg 696w, https:\/\/radioinfinitagoya.com.ar\/v1\/wp-content\/uploads\/2025\/06\/WhatsApp-Image-2025-06-03-at-10.00.49-AM-560x420.jpeg 560w\" sizes=\"auto, (max-width: 807px) 100vw, 807px\" \/><\/p>\n<p>Infancia Robada enciende la luz donde todo duele, se levanta cuando el cuerpo sangra, cuando el alma se apaga y cuando el hambre de los chicos, tambi\u00e9n v\u00edctimas del c\u00edrculo de violencia, grita con fuerza en medio del olvido. Es coraje hecho acci\u00f3n. Es humanidad donde m\u00e1s se necesita.<\/p>\n<p>En 2011, se encendi\u00f3 un faro en el coraz\u00f3n del interior provincial. Fue la luz de una esperanza concreta, nacida del compromiso incansable de la hermana Martha Pelloni, una mujer que se ha convertido en emblema nacional en la defensa de los derechos de la infancia y de las mujeres. Ese a\u00f1o, gracias a su impulso, abri\u00f3 sus puertas la primera \u201cCasa de Acogida\u201d de la provincia. No fue s\u00f3lo una casa: fue un acto de amor, una respuesta urgente y profundamente humana frente a una violencia que golpea en silencio miles de hogares cada d\u00eda. Desde entonces, ese refugio no solo ofrece techo y abrigo, sino contenci\u00f3n, dignidad y una mano firme que sostiene cuando todo lo dem\u00e1s falla.<\/p>\n<p>Con su voz serena pero firme, Pelloni impuls\u00f3 la creaci\u00f3n de este refugio, convencida de que toda persona tiene derecho a una vida libre de violencia. Y ah\u00ed, tras ese port\u00f3n celeste que se cierra con cuidado, empieza el trabajo m\u00e1s arduo del equipo interdisciplinario del foro &#8220;Infancia Robada&#8221;. Un equipo compuesto de trabajadores sociales, abogados y psic\u00f3logos para contener a las v\u00edctimas.<\/p>\n<p>La Casa de Acogida se encuentra en la calle Bartolom\u00e9 Mitre, en la ciudad correntina de Goya. Desde su creaci\u00f3n, en coordinaci\u00f3n con el gobierno local, este refugio se ha convertido en un espacio de contenci\u00f3n, donde conviven historias de dolor, gritos ahogados y desesperaci\u00f3n, pero tambi\u00e9n de esperanza, acompa\u00f1amiento y nuevos comienzos.<\/p>\n<p>En di\u00e1logo con el diario El Litoral, el equipo interdisciplinario y las v\u00edctimas de violencia de g\u00e9nero accedieron a una nota, donde nos contaron c\u00f3mo trabaja el quipo interdisciplinario y el terror que viven las v\u00edctimas.<\/p>\n<p>Norma duerme bajo ese techo desde hace algunas semanas. Su rostro a\u00fan carga el peso de una historia marcada por 12 a\u00f1os de golpes, gritos y silencios.<br \/>\n\u201cPens\u00e9 que era lo normal, que as\u00ed era el amor&#8230; hasta que me di cuenta de que estaba desapareciendo\u201d, dice con voz baja. Pedir ayuda fue su primer acto de libertad. Desde entonces, acompa\u00f1ada por psic\u00f3logos, trabajadoras sociales y voluntarias, Norma transita el camino de reconstruirse desde adentro.<\/p>\n<p>M\u00f3nica tambi\u00e9n vivi\u00f3 bajo el mismo miedo. Soport\u00f3 a\u00f1os de violencia hasta que una vecina \u2014esa hero\u00edna an\u00f3nima\u2014 la acerc\u00f3 a la organizaci\u00f3n. \u201cTodav\u00eda me cuesta nombrarlo, porque me da verg\u00fcenza&#8230; pero estoy viva, y eso ya es mucho\u201d, confiesa con l\u00e1grimas contenidas.<\/p>\n<p>Cada mujer que cruza la puerta de la Casa de Acogida lo hace cargando una mochila invisible, repleta de miedo, angustia y culpa. Por eso, el equipo interdisciplinario trabaja con un protocolo integral que prioriza la seguridad f\u00edsica, emocional y psicol\u00f3gica.<\/p>\n<p>La primera regla es firme: cortar todo v\u00ednculo con el agresor. A partir de ah\u00ed, comienza lo m\u00e1s dif\u00edcil: sanar, recuperar la autoestima, garantizar derechos y, sobre todo, demostrarles que merecen una vida libre y digna.<\/p>\n<p>\u201cLa tarea no es f\u00e1cil. Acompa\u00f1amos, contenemos, pero sobre todo, escuchamos\u201d, dice Graciela Flores, trabajadora social. A su lado, Marta Almada, coordinadora de la red en Goya, lo resume con claridad: \u201cLo hacemos porque no podemos mirar para otro lado. Cada mujer protegida es un eslab\u00f3n menos en la cadena de violencia que intentamos romper\u201d.<\/p>\n<p>Desde 2011, miles de mujeres y sus hijos han pasado por esta casa-refugio. Algunas regresaron a sus hogares con nuevas herramientas, otras comenzaron una vida desde cero en otras ciudades. Pero todas compartieron el mismo punto de partida: la decisi\u00f3n valiente de decir basta.<\/p>\n<p>Historias como las de Norma y M\u00f3nica se repiten en Goya, Paso de los Libres, Ituzaing\u00f3 y tantas otras localidades. No son casos aislados: son el resultado de un sistema que castiga a las mujeres, de un patriarcado que a\u00fan oprime, y de una deuda estatal: la falta de pol\u00edticas p\u00fablicas sostenidas, reales y libres de intereses pol\u00edticos que acompa\u00f1en, contengan y prevengan.<\/p>\n<p>La Casa de Acogida y la red que la sostiene son el rostro visible del compromiso. Son prueba de que la empat\u00eda puede transformarse en acci\u00f3n, y de que otra realidad es posible cuando hay voluntad y organizaci\u00f3n.<\/p>\n<p>En esta casa, la violencia no tiene la \u00faltima palabra. Aqu\u00ed, cada historia de dolor se convierte, paso a paso, en un testimonio de resiliencia. Aqu\u00ed, cada mujer encuentra su derecho \u2014y su lugar\u2014 para volver a empezar.<\/p>\n<p>Conoce m\u00e1s de la organizaci\u00f3n, su equipo interdisciplinario y las distintas sedes ac\u00e1: https:\/\/infanciarobada.org\/<\/p>\n<p>Si sufr\u00eds violencia de g\u00e9nero podes dirigirte al foro Infancia Robada en su sede central: calle Bartolom\u00e9 Mitre 1556.<\/p>\n<p>La L\u00ednea 144 brinda atenci\u00f3n telef\u00f3nica especializada a mujeres v\u00edctimas de violencia de g\u00e9nero durante las 24 horas, los 365 d\u00edas del a\u00f1o. Es an\u00f3nima, gratuita y nacional.<\/p>\n","protected":false},"excerpt":{"rendered":"<p>A diez a\u00f1os del primer grito colectivo de Ni Una Menos, la violencia de g\u00e9nero sigue siendo una realidad que atraviesa hogares, vidas y generaciones. Pero tambi\u00e9n persisten los espacios que, con amor, compromiso y coraje, transforman el dolor en una nueva oportunidad. Uno de esos espacios late fuerte en el interior de Corrientes, en [&hellip;]<\/p>\n","protected":false},"author":4,"featured_media":191076,"comment_status":"closed","ping_status":"closed","sticky":false,"template":"","format":"standard","meta":{"_joinchat":[],"footnotes":""},"categories":[26],"tags":[],"class_list":{"0":"post-191073","1":"post","2":"type-post","3":"status-publish","4":"format-standard","5":"has-post-thumbnail","7":"category-provinciales"},"yoast_head":"<!-- This site is optimized with the Yoast SEO plugin v27.2 - https:\/\/yoast.com\/product\/yoast-seo-wordpress\/ -->\n<title>La primera casa en Corrientes para v\u00edctimas de violencia de g\u00e9nero - Radio Infinita Goya<\/title>\n<meta name=\"description\" content=\"A diez a\u00f1os del primer grito colectivo de Ni Una Menos, la violencia de g\u00e9nero sigue siendo una realidad que atraviesa hogares, vidas y generaciones. Pero\" \/>\n<meta name=\"robots\" content=\"index, follow, max-snippet:-1, max-image-preview:large, max-video-preview:-1\" \/>\n<link rel=\"canonical\" href=\"https:\/\/radioinfinitagoya.com.ar\/v1\/2025\/06\/03\/la-primera-casa-en-corrientes-para-victimas-de-violencia-de-genero\/\" \/>\n<meta property=\"og:locale\" content=\"es_ES\" \/>\n<meta property=\"og:type\" content=\"article\" \/>\n<meta property=\"og:title\" content=\"La primera casa en Corrientes para v\u00edctimas de violencia de g\u00e9nero - Radio Infinita Goya\" \/>\n<meta property=\"og:description\" content=\"A diez a\u00f1os del primer grito colectivo de Ni Una Menos, la violencia de g\u00e9nero sigue siendo una realidad que atraviesa hogares, vidas y generaciones. Pero\" \/>\n<meta property=\"og:url\" content=\"https:\/\/radioinfinitagoya.com.ar\/v1\/2025\/06\/03\/la-primera-casa-en-corrientes-para-victimas-de-violencia-de-genero\/\" \/>\n<meta property=\"og:site_name\" content=\"Radio Infinita Goya\" \/>\n<meta property=\"article:publisher\" content=\"https:\/\/www.facebook.com\/p\/Infinita-Goya-100063870918311\/\" \/>\n<meta property=\"article:published_time\" content=\"2025-06-03T19:14:49+00:00\" \/>\n<meta property=\"og:image\" content=\"https:\/\/radioinfinitagoya.com.ar\/v1\/wp-content\/uploads\/2025\/06\/ssls.png\" \/>\n\t<meta property=\"og:image:width\" content=\"807\" \/>\n\t<meta property=\"og:image:height\" content=\"407\" \/>\n\t<meta property=\"og:image:type\" content=\"image\/png\" \/>\n<meta name=\"author\" content=\"Jorge Mi\u00f1o\" \/>\n<meta name=\"twitter:card\" content=\"summary_large_image\" \/>\n<meta name=\"twitter:label1\" content=\"Escrito por\" \/>\n\t<meta name=\"twitter:data1\" content=\"Jorge Mi\u00f1o\" \/>\n\t<meta name=\"twitter:label2\" content=\"Tiempo de lectura\" \/>\n\t<meta name=\"twitter:data2\" content=\"7 minutos\" \/>\n<script type=\"application\/ld+json\" class=\"yoast-schema-graph\">{\"@context\":\"https:\/\/schema.org\",\"@graph\":[{\"@type\":\"Article\",\"@id\":\"https:\/\/radioinfinitagoya.com.ar\/v1\/2025\/06\/03\/la-primera-casa-en-corrientes-para-victimas-de-violencia-de-genero\/#article\",\"isPartOf\":{\"@id\":\"https:\/\/radioinfinitagoya.com.ar\/v1\/2025\/06\/03\/la-primera-casa-en-corrientes-para-victimas-de-violencia-de-genero\/\"},\"author\":{\"name\":\"Jorge Mi\u00f1o\",\"@id\":\"https:\/\/radioinfinitagoya.com.ar\/v1\/#\/schema\/person\/d4cf9c413d4f6edb24aabdccab49ca4a\"},\"headline\":\"La primera casa en Corrientes para v\u00edctimas de violencia de g\u00e9nero\",\"datePublished\":\"2025-06-03T19:14:49+00:00\",\"mainEntityOfPage\":{\"@id\":\"https:\/\/radioinfinitagoya.com.ar\/v1\/2025\/06\/03\/la-primera-casa-en-corrientes-para-victimas-de-violencia-de-genero\/\"},\"wordCount\":1400,\"publisher\":{\"@id\":\"https:\/\/radioinfinitagoya.com.ar\/v1\/#organization\"},\"image\":{\"@id\":\"https:\/\/radioinfinitagoya.com.ar\/v1\/2025\/06\/03\/la-primera-casa-en-corrientes-para-victimas-de-violencia-de-genero\/#primaryimage\"},\"thumbnailUrl\":\"https:\/\/radioinfinitagoya.com.ar\/v1\/wp-content\/uploads\/2025\/06\/ssls.png\",\"articleSection\":[\"PROVINCIALES\"],\"inLanguage\":\"es-AR\"},{\"@type\":\"WebPage\",\"@id\":\"https:\/\/radioinfinitagoya.com.ar\/v1\/2025\/06\/03\/la-primera-casa-en-corrientes-para-victimas-de-violencia-de-genero\/\",\"url\":\"https:\/\/radioinfinitagoya.com.ar\/v1\/2025\/06\/03\/la-primera-casa-en-corrientes-para-victimas-de-violencia-de-genero\/\",\"name\":\"La primera casa en Corrientes para v\u00edctimas de violencia de g\u00e9nero - Radio Infinita Goya\",\"isPartOf\":{\"@id\":\"https:\/\/radioinfinitagoya.com.ar\/v1\/#website\"},\"primaryImageOfPage\":{\"@id\":\"https:\/\/radioinfinitagoya.com.ar\/v1\/2025\/06\/03\/la-primera-casa-en-corrientes-para-victimas-de-violencia-de-genero\/#primaryimage\"},\"image\":{\"@id\":\"https:\/\/radioinfinitagoya.com.ar\/v1\/2025\/06\/03\/la-primera-casa-en-corrientes-para-victimas-de-violencia-de-genero\/#primaryimage\"},\"thumbnailUrl\":\"https:\/\/radioinfinitagoya.com.ar\/v1\/wp-content\/uploads\/2025\/06\/ssls.png\",\"datePublished\":\"2025-06-03T19:14:49+00:00\",\"description\":\"A diez a\u00f1os del primer grito colectivo de Ni Una Menos, la violencia de g\u00e9nero sigue siendo una realidad que atraviesa hogares, vidas y generaciones. Pero\",\"breadcrumb\":{\"@id\":\"https:\/\/radioinfinitagoya.com.ar\/v1\/2025\/06\/03\/la-primera-casa-en-corrientes-para-victimas-de-violencia-de-genero\/#breadcrumb\"},\"inLanguage\":\"es-AR\",\"potentialAction\":[{\"@type\":\"ReadAction\",\"target\":[\"https:\/\/radioinfinitagoya.com.ar\/v1\/2025\/06\/03\/la-primera-casa-en-corrientes-para-victimas-de-violencia-de-genero\/\"]}]},{\"@type\":\"ImageObject\",\"inLanguage\":\"es-AR\",\"@id\":\"https:\/\/radioinfinitagoya.com.ar\/v1\/2025\/06\/03\/la-primera-casa-en-corrientes-para-victimas-de-violencia-de-genero\/#primaryimage\",\"url\":\"https:\/\/radioinfinitagoya.com.ar\/v1\/wp-content\/uploads\/2025\/06\/ssls.png\",\"contentUrl\":\"https:\/\/radioinfinitagoya.com.ar\/v1\/wp-content\/uploads\/2025\/06\/ssls.png\",\"width\":807,\"height\":407},{\"@type\":\"BreadcrumbList\",\"@id\":\"https:\/\/radioinfinitagoya.com.ar\/v1\/2025\/06\/03\/la-primera-casa-en-corrientes-para-victimas-de-violencia-de-genero\/#breadcrumb\",\"itemListElement\":[{\"@type\":\"ListItem\",\"position\":1,\"name\":\"Inicio\",\"item\":\"https:\/\/radioinfinitagoya.com.ar\/v1\/\"},{\"@type\":\"ListItem\",\"position\":2,\"name\":\"La primera casa en Corrientes para v\u00edctimas de violencia de g\u00e9nero\"}]},{\"@type\":\"WebSite\",\"@id\":\"https:\/\/radioinfinitagoya.com.ar\/v1\/#website\",\"url\":\"https:\/\/radioinfinitagoya.com.ar\/v1\/\",\"name\":\"radioinfinitagoya.com.ar\",\"description\":\"Radio de noticias\",\"publisher\":{\"@id\":\"https:\/\/radioinfinitagoya.com.ar\/v1\/#organization\"},\"potentialAction\":[{\"@type\":\"SearchAction\",\"target\":{\"@type\":\"EntryPoint\",\"urlTemplate\":\"https:\/\/radioinfinitagoya.com.ar\/v1\/?s={search_term_string}\"},\"query-input\":{\"@type\":\"PropertyValueSpecification\",\"valueRequired\":true,\"valueName\":\"search_term_string\"}}],\"inLanguage\":\"es-AR\"},{\"@type\":\"Organization\",\"@id\":\"https:\/\/radioinfinitagoya.com.ar\/v1\/#organization\",\"name\":\"Radio Infinita Goya\",\"url\":\"https:\/\/radioinfinitagoya.com.ar\/v1\/\",\"logo\":{\"@type\":\"ImageObject\",\"inLanguage\":\"es-AR\",\"@id\":\"https:\/\/radioinfinitagoya.com.ar\/v1\/#\/schema\/logo\/image\/\",\"url\":\"https:\/\/radioinfinitagoya.com.ar\/v1\/wp-content\/uploads\/2019\/11\/logo-pie-web.png\",\"contentUrl\":\"https:\/\/radioinfinitagoya.com.ar\/v1\/wp-content\/uploads\/2019\/11\/logo-pie-web.png\",\"width\":635,\"height\":326,\"caption\":\"Radio Infinita Goya\"},\"image\":{\"@id\":\"https:\/\/radioinfinitagoya.com.ar\/v1\/#\/schema\/logo\/image\/\"},\"sameAs\":[\"https:\/\/www.facebook.com\/p\/Infinita-Goya-100063870918311\/\"]},{\"@type\":\"Person\",\"@id\":\"https:\/\/radioinfinitagoya.com.ar\/v1\/#\/schema\/person\/d4cf9c413d4f6edb24aabdccab49ca4a\",\"name\":\"Jorge Mi\u00f1o\",\"image\":{\"@type\":\"ImageObject\",\"inLanguage\":\"es-AR\",\"@id\":\"https:\/\/secure.gravatar.com\/avatar\/910fcf6728fe95320e07a6643c1581fec1c7fc4bf8ae12e3d8f0d0373dc844be?s=96&d=mm&r=g\",\"url\":\"https:\/\/secure.gravatar.com\/avatar\/910fcf6728fe95320e07a6643c1581fec1c7fc4bf8ae12e3d8f0d0373dc844be?s=96&d=mm&r=g\",\"contentUrl\":\"https:\/\/secure.gravatar.com\/avatar\/910fcf6728fe95320e07a6643c1581fec1c7fc4bf8ae12e3d8f0d0373dc844be?s=96&d=mm&r=g\",\"caption\":\"Jorge Mi\u00f1o\"},\"sameAs\":[\"http:\/\/radioinfinitagoya.com.ar\"]}]}<\/script>\n<!-- \/ Yoast SEO plugin. -->","yoast_head_json":{"title":"La primera casa en Corrientes para v\u00edctimas de violencia de g\u00e9nero - Radio Infinita Goya","description":"A diez a\u00f1os del primer grito colectivo de Ni Una Menos, la violencia de g\u00e9nero sigue siendo una realidad que atraviesa hogares, vidas y generaciones. Pero","robots":{"index":"index","follow":"follow","max-snippet":"max-snippet:-1","max-image-preview":"max-image-preview:large","max-video-preview":"max-video-preview:-1"},"canonical":"https:\/\/radioinfinitagoya.com.ar\/v1\/2025\/06\/03\/la-primera-casa-en-corrientes-para-victimas-de-violencia-de-genero\/","og_locale":"es_ES","og_type":"article","og_title":"La primera casa en Corrientes para v\u00edctimas de violencia de g\u00e9nero - Radio Infinita Goya","og_description":"A diez a\u00f1os del primer grito colectivo de Ni Una Menos, la violencia de g\u00e9nero sigue siendo una realidad que atraviesa hogares, vidas y generaciones. Pero","og_url":"https:\/\/radioinfinitagoya.com.ar\/v1\/2025\/06\/03\/la-primera-casa-en-corrientes-para-victimas-de-violencia-de-genero\/","og_site_name":"Radio Infinita Goya","article_publisher":"https:\/\/www.facebook.com\/p\/Infinita-Goya-100063870918311\/","article_published_time":"2025-06-03T19:14:49+00:00","og_image":[{"width":807,"height":407,"url":"https:\/\/radioinfinitagoya.com.ar\/v1\/wp-content\/uploads\/2025\/06\/ssls.png","type":"image\/png"}],"author":"Jorge Mi\u00f1o","twitter_card":"summary_large_image","twitter_misc":{"Escrito por":"Jorge Mi\u00f1o","Tiempo de lectura":"7 minutos"},"schema":{"@context":"https:\/\/schema.org","@graph":[{"@type":"Article","@id":"https:\/\/radioinfinitagoya.com.ar\/v1\/2025\/06\/03\/la-primera-casa-en-corrientes-para-victimas-de-violencia-de-genero\/#article","isPartOf":{"@id":"https:\/\/radioinfinitagoya.com.ar\/v1\/2025\/06\/03\/la-primera-casa-en-corrientes-para-victimas-de-violencia-de-genero\/"},"author":{"name":"Jorge Mi\u00f1o","@id":"https:\/\/radioinfinitagoya.com.ar\/v1\/#\/schema\/person\/d4cf9c413d4f6edb24aabdccab49ca4a"},"headline":"La primera casa en Corrientes para v\u00edctimas de violencia de g\u00e9nero","datePublished":"2025-06-03T19:14:49+00:00","mainEntityOfPage":{"@id":"https:\/\/radioinfinitagoya.com.ar\/v1\/2025\/06\/03\/la-primera-casa-en-corrientes-para-victimas-de-violencia-de-genero\/"},"wordCount":1400,"publisher":{"@id":"https:\/\/radioinfinitagoya.com.ar\/v1\/#organization"},"image":{"@id":"https:\/\/radioinfinitagoya.com.ar\/v1\/2025\/06\/03\/la-primera-casa-en-corrientes-para-victimas-de-violencia-de-genero\/#primaryimage"},"thumbnailUrl":"https:\/\/radioinfinitagoya.com.ar\/v1\/wp-content\/uploads\/2025\/06\/ssls.png","articleSection":["PROVINCIALES"],"inLanguage":"es-AR"},{"@type":"WebPage","@id":"https:\/\/radioinfinitagoya.com.ar\/v1\/2025\/06\/03\/la-primera-casa-en-corrientes-para-victimas-de-violencia-de-genero\/","url":"https:\/\/radioinfinitagoya.com.ar\/v1\/2025\/06\/03\/la-primera-casa-en-corrientes-para-victimas-de-violencia-de-genero\/","name":"La primera casa en Corrientes para v\u00edctimas de violencia de g\u00e9nero - Radio Infinita Goya","isPartOf":{"@id":"https:\/\/radioinfinitagoya.com.ar\/v1\/#website"},"primaryImageOfPage":{"@id":"https:\/\/radioinfinitagoya.com.ar\/v1\/2025\/06\/03\/la-primera-casa-en-corrientes-para-victimas-de-violencia-de-genero\/#primaryimage"},"image":{"@id":"https:\/\/radioinfinitagoya.com.ar\/v1\/2025\/06\/03\/la-primera-casa-en-corrientes-para-victimas-de-violencia-de-genero\/#primaryimage"},"thumbnailUrl":"https:\/\/radioinfinitagoya.com.ar\/v1\/wp-content\/uploads\/2025\/06\/ssls.png","datePublished":"2025-06-03T19:14:49+00:00","description":"A diez a\u00f1os del primer grito colectivo de Ni Una Menos, la violencia de g\u00e9nero sigue siendo una realidad que atraviesa hogares, vidas y generaciones. Pero","breadcrumb":{"@id":"https:\/\/radioinfinitagoya.com.ar\/v1\/2025\/06\/03\/la-primera-casa-en-corrientes-para-victimas-de-violencia-de-genero\/#breadcrumb"},"inLanguage":"es-AR","potentialAction":[{"@type":"ReadAction","target":["https:\/\/radioinfinitagoya.com.ar\/v1\/2025\/06\/03\/la-primera-casa-en-corrientes-para-victimas-de-violencia-de-genero\/"]}]},{"@type":"ImageObject","inLanguage":"es-AR","@id":"https:\/\/radioinfinitagoya.com.ar\/v1\/2025\/06\/03\/la-primera-casa-en-corrientes-para-victimas-de-violencia-de-genero\/#primaryimage","url":"https:\/\/radioinfinitagoya.com.ar\/v1\/wp-content\/uploads\/2025\/06\/ssls.png","contentUrl":"https:\/\/radioinfinitagoya.com.ar\/v1\/wp-content\/uploads\/2025\/06\/ssls.png","width":807,"height":407},{"@type":"BreadcrumbList","@id":"https:\/\/radioinfinitagoya.com.ar\/v1\/2025\/06\/03\/la-primera-casa-en-corrientes-para-victimas-de-violencia-de-genero\/#breadcrumb","itemListElement":[{"@type":"ListItem","position":1,"name":"Inicio","item":"https:\/\/radioinfinitagoya.com.ar\/v1\/"},{"@type":"ListItem","position":2,"name":"La primera casa en Corrientes para v\u00edctimas de violencia de g\u00e9nero"}]},{"@type":"WebSite","@id":"https:\/\/radioinfinitagoya.com.ar\/v1\/#website","url":"https:\/\/radioinfinitagoya.com.ar\/v1\/","name":"radioinfinitagoya.com.ar","description":"Radio de noticias","publisher":{"@id":"https:\/\/radioinfinitagoya.com.ar\/v1\/#organization"},"potentialAction":[{"@type":"SearchAction","target":{"@type":"EntryPoint","urlTemplate":"https:\/\/radioinfinitagoya.com.ar\/v1\/?s={search_term_string}"},"query-input":{"@type":"PropertyValueSpecification","valueRequired":true,"valueName":"search_term_string"}}],"inLanguage":"es-AR"},{"@type":"Organization","@id":"https:\/\/radioinfinitagoya.com.ar\/v1\/#organization","name":"Radio Infinita Goya","url":"https:\/\/radioinfinitagoya.com.ar\/v1\/","logo":{"@type":"ImageObject","inLanguage":"es-AR","@id":"https:\/\/radioinfinitagoya.com.ar\/v1\/#\/schema\/logo\/image\/","url":"https:\/\/radioinfinitagoya.com.ar\/v1\/wp-content\/uploads\/2019\/11\/logo-pie-web.png","contentUrl":"https:\/\/radioinfinitagoya.com.ar\/v1\/wp-content\/uploads\/2019\/11\/logo-pie-web.png","width":635,"height":326,"caption":"Radio Infinita Goya"},"image":{"@id":"https:\/\/radioinfinitagoya.com.ar\/v1\/#\/schema\/logo\/image\/"},"sameAs":["https:\/\/www.facebook.com\/p\/Infinita-Goya-100063870918311\/"]},{"@type":"Person","@id":"https:\/\/radioinfinitagoya.com.ar\/v1\/#\/schema\/person\/d4cf9c413d4f6edb24aabdccab49ca4a","name":"Jorge Mi\u00f1o","image":{"@type":"ImageObject","inLanguage":"es-AR","@id":"https:\/\/secure.gravatar.com\/avatar\/910fcf6728fe95320e07a6643c1581fec1c7fc4bf8ae12e3d8f0d0373dc844be?s=96&d=mm&r=g","url":"https:\/\/secure.gravatar.com\/avatar\/910fcf6728fe95320e07a6643c1581fec1c7fc4bf8ae12e3d8f0d0373dc844be?s=96&d=mm&r=g","contentUrl":"https:\/\/secure.gravatar.com\/avatar\/910fcf6728fe95320e07a6643c1581fec1c7fc4bf8ae12e3d8f0d0373dc844be?s=96&d=mm&r=g","caption":"Jorge Mi\u00f1o"},"sameAs":["http:\/\/radioinfinitagoya.com.ar"]}]}},"_links":{"self":[{"href":"https:\/\/radioinfinitagoya.com.ar\/v1\/wp-json\/wp\/v2\/posts\/191073","targetHints":{"allow":["GET"]}}],"collection":[{"href":"https:\/\/radioinfinitagoya.com.ar\/v1\/wp-json\/wp\/v2\/posts"}],"about":[{"href":"https:\/\/radioinfinitagoya.com.ar\/v1\/wp-json\/wp\/v2\/types\/post"}],"author":[{"embeddable":true,"href":"https:\/\/radioinfinitagoya.com.ar\/v1\/wp-json\/wp\/v2\/users\/4"}],"replies":[{"embeddable":true,"href":"https:\/\/radioinfinitagoya.com.ar\/v1\/wp-json\/wp\/v2\/comments?post=191073"}],"version-history":[{"count":0,"href":"https:\/\/radioinfinitagoya.com.ar\/v1\/wp-json\/wp\/v2\/posts\/191073\/revisions"}],"wp:featuredmedia":[{"embeddable":true,"href":"https:\/\/radioinfinitagoya.com.ar\/v1\/wp-json\/wp\/v2\/media\/191076"}],"wp:attachment":[{"href":"https:\/\/radioinfinitagoya.com.ar\/v1\/wp-json\/wp\/v2\/media?parent=191073"}],"wp:term":[{"taxonomy":"category","embeddable":true,"href":"https:\/\/radioinfinitagoya.com.ar\/v1\/wp-json\/wp\/v2\/categories?post=191073"},{"taxonomy":"post_tag","embeddable":true,"href":"https:\/\/radioinfinitagoya.com.ar\/v1\/wp-json\/wp\/v2\/tags?post=191073"}],"curies":[{"name":"wp","href":"https:\/\/api.w.org\/{rel}","templated":true}]}}