{"id":191081,"date":"2025-06-03T16:22:39","date_gmt":"2025-06-03T19:22:39","guid":{"rendered":"https:\/\/radioinfinitagoya.com.ar\/v1\/?p=191081"},"modified":"2025-06-03T16:22:39","modified_gmt":"2025-06-03T19:22:39","slug":"quilmes-y-san-martin-participaron-de-la-liga-nacional-sub-17","status":"publish","type":"post","link":"https:\/\/radioinfinitagoya.com.ar\/v1\/2025\/06\/03\/quilmes-y-san-martin-participaron-de-la-liga-nacional-sub-17\/","title":{"rendered":"Quilmes y San Mart\u00edn participaron de la Liga Nacional Sub 17"},"content":{"rendered":"<p>Las chicas correntinas compitieron en Santiago del Estero. El t\u00edtulo qued\u00f3 para Ciudad de Buenos Aires.<\/p>\n<p>Cestoball que se realiz\u00f3 en Santiago del Estero y donde fueron de la partida los equipos correntinos de Quilmes y San Mart\u00edn.<br \/>\nLa final certamen que se desarroll\u00f3 durante tres d\u00edas se concret\u00f3 en el estadio de Quimsa, Ciudad de Buenos Aires a Avellaneda de Capital Federal por 74 a 46.<br \/>\nEn la previa del encuentro por el t\u00edtulo, Sitas de Capital Federal obtuvo el tercer puesto tras vencer a Cultural Argentino la Pampa por 90 a 68.<br \/>\nEl mejor equipo correntino fue Quilmes que finaliz\u00f3 en el d\u00e9cimo lugar, mientras que un puesto m\u00e1s abajo qued\u00f3 San Mart\u00edn.<br \/>\nTomaron parte del certamen 16 clubes que llegaron desde Capital Federal, La Pampa, San Luis, Buenos Aires, Corrientes y Tucum\u00e1n, adem\u00e1s se los representantes locales.<br \/>\nEn la fase clasificatoria, Quilmes, que integr\u00f3 la zona A, perdi\u00f3 frente a Ferro de La Pampa 88 a 70 y contra Ciudad de Buenos Aires 102 a 48. En tanto que venci\u00f3 a Edip de San Luis 106 a 87.<\/p>\n<p>Por los cuartos de final del noveno al d\u00e9cimo sexto lugar, las chicas de Quilmes vencieron G\u00fcemes de Santiago del Estero 100 a 78.<br \/>\nEn la semifinal, el equipo correntino super\u00f3 a Lilan de Buenos Aires 101 a 72 y en la final por el noveno lugar cay\u00f3 contra Edip 68 a 64.<\/p>\n<p>San Mart\u00edn jug\u00f3 en el grupo D. Debut\u00f3 con una derrota frente a Avellaneda 70 a 52 y se recuper\u00f3 contra Lilan de Buenos Aires 78 a 60.<br \/>\nEn el cierre de la fase clasificatoria, las chicas del rojinegro perdieron contra Defensores de Santiago del Estero 84 a 61.<br \/>\nSan Mart\u00edn disput\u00f3 el grupo del 9\u00ba al 16\u00ba puesto. En los cuartos de final, derrot\u00f3 a Quimsa 65 a 64, en semifinales perdi\u00f3 frente a Edip 80 a 66.<\/p>\n<p>Por el und\u00e9cimo puesto, San Mart\u00edn venci\u00f3 a Lilan 54 a 52.<\/p>\n<p>\u201cGran experiencia para nuestra categor\u00eda formativa de la disciplina que una vez m\u00e1s represent\u00f3 al club a nivel nacional\u201d, manifestaron desde la entidad ubicada en el barrio La Cruz.<\/p>\n","protected":false},"excerpt":{"rendered":"<p>Las chicas correntinas compitieron en Santiago del Estero. El t\u00edtulo qued\u00f3 para Ciudad de Buenos Aires. Cestoball que se realiz\u00f3 en Santiago del Estero y donde fueron de la partida los equipos correntinos de Quilmes y San Mart\u00edn. La final certamen que se desarroll\u00f3 durante tres d\u00edas se concret\u00f3 en el estadio de Quimsa, Ciudad [&hellip;]<\/p>\n","protected":false},"author":4,"featured_media":191082,"comment_status":"closed","ping_status":"closed","sticky":false,"template":"","format":"standard","meta":{"_joinchat":[],"footnotes":""},"categories":[28],"tags":[],"class_list":{"0":"post-191081","1":"post","2":"type-post","3":"status-publish","4":"format-standard","5":"has-post-thumbnail","7":"category-deportes"},"yoast_head":"<!-- This site is optimized with the Yoast SEO plugin v27.2 - https:\/\/yoast.com\/product\/yoast-seo-wordpress\/ -->\n<title>Quilmes y San Mart\u00edn participaron de la Liga Nacional Sub 17 - Radio Infinita Goya<\/title>\n<meta name=\"description\" content=\"Las chicas correntinas compitieron en Santiago del Estero. El t\u00edtulo qued\u00f3 para Ciudad de Buenos Aires. Cestoball que se realiz\u00f3 en Santiago del Estero y\" \/>\n<meta name=\"robots\" content=\"index, follow, max-snippet:-1, max-image-preview:large, max-video-preview:-1\" \/>\n<link rel=\"canonical\" href=\"https:\/\/radioinfinitagoya.com.ar\/v1\/2025\/06\/03\/quilmes-y-san-martin-participaron-de-la-liga-nacional-sub-17\/\" \/>\n<meta property=\"og:locale\" content=\"es_ES\" \/>\n<meta property=\"og:type\" content=\"article\" \/>\n<meta property=\"og:title\" content=\"Quilmes y San Mart\u00edn participaron de la Liga Nacional Sub 17 - Radio Infinita Goya\" \/>\n<meta property=\"og:description\" content=\"Las chicas correntinas compitieron en Santiago del Estero. El t\u00edtulo qued\u00f3 para Ciudad de Buenos Aires. Cestoball que se realiz\u00f3 en Santiago del Estero y\" \/>\n<meta property=\"og:url\" content=\"https:\/\/radioinfinitagoya.com.ar\/v1\/2025\/06\/03\/quilmes-y-san-martin-participaron-de-la-liga-nacional-sub-17\/\" \/>\n<meta property=\"og:site_name\" content=\"Radio Infinita Goya\" \/>\n<meta property=\"article:publisher\" content=\"https:\/\/www.facebook.com\/p\/Infinita-Goya-100063870918311\/\" \/>\n<meta property=\"article:published_time\" content=\"2025-06-03T19:22:39+00:00\" \/>\n<meta property=\"og:image\" content=\"https:\/\/radioinfinitagoya.com.ar\/v1\/wp-content\/uploads\/2025\/06\/1748906701520.webp\" \/>\n\t<meta property=\"og:image:width\" content=\"1200\" \/>\n\t<meta property=\"og:image:height\" content=\"675\" \/>\n\t<meta property=\"og:image:type\" content=\"image\/webp\" \/>\n<meta name=\"author\" content=\"Jorge Mi\u00f1o\" \/>\n<meta name=\"twitter:card\" content=\"summary_large_image\" \/>\n<meta name=\"twitter:label1\" content=\"Escrito por\" \/>\n\t<meta name=\"twitter:data1\" content=\"Jorge Mi\u00f1o\" \/>\n\t<meta name=\"twitter:label2\" content=\"Tiempo de lectura\" \/>\n\t<meta name=\"twitter:data2\" content=\"2 minutos\" \/>\n<script type=\"application\/ld+json\" class=\"yoast-schema-graph\">{\"@context\":\"https:\/\/schema.org\",\"@graph\":[{\"@type\":\"Article\",\"@id\":\"https:\/\/radioinfinitagoya.com.ar\/v1\/2025\/06\/03\/quilmes-y-san-martin-participaron-de-la-liga-nacional-sub-17\/#article\",\"isPartOf\":{\"@id\":\"https:\/\/radioinfinitagoya.com.ar\/v1\/2025\/06\/03\/quilmes-y-san-martin-participaron-de-la-liga-nacional-sub-17\/\"},\"author\":{\"name\":\"Jorge Mi\u00f1o\",\"@id\":\"https:\/\/radioinfinitagoya.com.ar\/v1\/#\/schema\/person\/d4cf9c413d4f6edb24aabdccab49ca4a\"},\"headline\":\"Quilmes y San Mart\u00edn participaron de la Liga Nacional Sub 17\",\"datePublished\":\"2025-06-03T19:22:39+00:00\",\"mainEntityOfPage\":{\"@id\":\"https:\/\/radioinfinitagoya.com.ar\/v1\/2025\/06\/03\/quilmes-y-san-martin-participaron-de-la-liga-nacional-sub-17\/\"},\"wordCount\":351,\"publisher\":{\"@id\":\"https:\/\/radioinfinitagoya.com.ar\/v1\/#organization\"},\"image\":{\"@id\":\"https:\/\/radioinfinitagoya.com.ar\/v1\/2025\/06\/03\/quilmes-y-san-martin-participaron-de-la-liga-nacional-sub-17\/#primaryimage\"},\"thumbnailUrl\":\"https:\/\/radioinfinitagoya.com.ar\/v1\/wp-content\/uploads\/2025\/06\/1748906701520.webp\",\"articleSection\":[\"DEPORTES\"],\"inLanguage\":\"es-AR\"},{\"@type\":\"WebPage\",\"@id\":\"https:\/\/radioinfinitagoya.com.ar\/v1\/2025\/06\/03\/quilmes-y-san-martin-participaron-de-la-liga-nacional-sub-17\/\",\"url\":\"https:\/\/radioinfinitagoya.com.ar\/v1\/2025\/06\/03\/quilmes-y-san-martin-participaron-de-la-liga-nacional-sub-17\/\",\"name\":\"Quilmes y San Mart\u00edn participaron de la Liga Nacional Sub 17 - Radio Infinita Goya\",\"isPartOf\":{\"@id\":\"https:\/\/radioinfinitagoya.com.ar\/v1\/#website\"},\"primaryImageOfPage\":{\"@id\":\"https:\/\/radioinfinitagoya.com.ar\/v1\/2025\/06\/03\/quilmes-y-san-martin-participaron-de-la-liga-nacional-sub-17\/#primaryimage\"},\"image\":{\"@id\":\"https:\/\/radioinfinitagoya.com.ar\/v1\/2025\/06\/03\/quilmes-y-san-martin-participaron-de-la-liga-nacional-sub-17\/#primaryimage\"},\"thumbnailUrl\":\"https:\/\/radioinfinitagoya.com.ar\/v1\/wp-content\/uploads\/2025\/06\/1748906701520.webp\",\"datePublished\":\"2025-06-03T19:22:39+00:00\",\"description\":\"Las chicas correntinas compitieron en Santiago del Estero. El t\u00edtulo qued\u00f3 para Ciudad de Buenos Aires. Cestoball que se realiz\u00f3 en Santiago del Estero y\",\"breadcrumb\":{\"@id\":\"https:\/\/radioinfinitagoya.com.ar\/v1\/2025\/06\/03\/quilmes-y-san-martin-participaron-de-la-liga-nacional-sub-17\/#breadcrumb\"},\"inLanguage\":\"es-AR\",\"potentialAction\":[{\"@type\":\"ReadAction\",\"target\":[\"https:\/\/radioinfinitagoya.com.ar\/v1\/2025\/06\/03\/quilmes-y-san-martin-participaron-de-la-liga-nacional-sub-17\/\"]}]},{\"@type\":\"ImageObject\",\"inLanguage\":\"es-AR\",\"@id\":\"https:\/\/radioinfinitagoya.com.ar\/v1\/2025\/06\/03\/quilmes-y-san-martin-participaron-de-la-liga-nacional-sub-17\/#primaryimage\",\"url\":\"https:\/\/radioinfinitagoya.com.ar\/v1\/wp-content\/uploads\/2025\/06\/1748906701520.webp\",\"contentUrl\":\"https:\/\/radioinfinitagoya.com.ar\/v1\/wp-content\/uploads\/2025\/06\/1748906701520.webp\",\"width\":1200,\"height\":675},{\"@type\":\"BreadcrumbList\",\"@id\":\"https:\/\/radioinfinitagoya.com.ar\/v1\/2025\/06\/03\/quilmes-y-san-martin-participaron-de-la-liga-nacional-sub-17\/#breadcrumb\",\"itemListElement\":[{\"@type\":\"ListItem\",\"position\":1,\"name\":\"Inicio\",\"item\":\"https:\/\/radioinfinitagoya.com.ar\/v1\/\"},{\"@type\":\"ListItem\",\"position\":2,\"name\":\"Quilmes y San Mart\u00edn participaron de la Liga Nacional Sub 17\"}]},{\"@type\":\"WebSite\",\"@id\":\"https:\/\/radioinfinitagoya.com.ar\/v1\/#website\",\"url\":\"https:\/\/radioinfinitagoya.com.ar\/v1\/\",\"name\":\"radioinfinitagoya.com.ar\",\"description\":\"Radio de noticias\",\"publisher\":{\"@id\":\"https:\/\/radioinfinitagoya.com.ar\/v1\/#organization\"},\"potentialAction\":[{\"@type\":\"SearchAction\",\"target\":{\"@type\":\"EntryPoint\",\"urlTemplate\":\"https:\/\/radioinfinitagoya.com.ar\/v1\/?s={search_term_string}\"},\"query-input\":{\"@type\":\"PropertyValueSpecification\",\"valueRequired\":true,\"valueName\":\"search_term_string\"}}],\"inLanguage\":\"es-AR\"},{\"@type\":\"Organization\",\"@id\":\"https:\/\/radioinfinitagoya.com.ar\/v1\/#organization\",\"name\":\"Radio Infinita Goya\",\"url\":\"https:\/\/radioinfinitagoya.com.ar\/v1\/\",\"logo\":{\"@type\":\"ImageObject\",\"inLanguage\":\"es-AR\",\"@id\":\"https:\/\/radioinfinitagoya.com.ar\/v1\/#\/schema\/logo\/image\/\",\"url\":\"https:\/\/radioinfinitagoya.com.ar\/v1\/wp-content\/uploads\/2019\/11\/logo-pie-web.png\",\"contentUrl\":\"https:\/\/radioinfinitagoya.com.ar\/v1\/wp-content\/uploads\/2019\/11\/logo-pie-web.png\",\"width\":635,\"height\":326,\"caption\":\"Radio Infinita Goya\"},\"image\":{\"@id\":\"https:\/\/radioinfinitagoya.com.ar\/v1\/#\/schema\/logo\/image\/\"},\"sameAs\":[\"https:\/\/www.facebook.com\/p\/Infinita-Goya-100063870918311\/\"]},{\"@type\":\"Person\",\"@id\":\"https:\/\/radioinfinitagoya.com.ar\/v1\/#\/schema\/person\/d4cf9c413d4f6edb24aabdccab49ca4a\",\"name\":\"Jorge Mi\u00f1o\",\"image\":{\"@type\":\"ImageObject\",\"inLanguage\":\"es-AR\",\"@id\":\"https:\/\/secure.gravatar.com\/avatar\/910fcf6728fe95320e07a6643c1581fec1c7fc4bf8ae12e3d8f0d0373dc844be?s=96&d=mm&r=g\",\"url\":\"https:\/\/secure.gravatar.com\/avatar\/910fcf6728fe95320e07a6643c1581fec1c7fc4bf8ae12e3d8f0d0373dc844be?s=96&d=mm&r=g\",\"contentUrl\":\"https:\/\/secure.gravatar.com\/avatar\/910fcf6728fe95320e07a6643c1581fec1c7fc4bf8ae12e3d8f0d0373dc844be?s=96&d=mm&r=g\",\"caption\":\"Jorge Mi\u00f1o\"},\"sameAs\":[\"http:\/\/radioinfinitagoya.com.ar\"]}]}<\/script>\n<!-- \/ Yoast SEO plugin. -->","yoast_head_json":{"title":"Quilmes y San Mart\u00edn participaron de la Liga Nacional Sub 17 - Radio Infinita Goya","description":"Las chicas correntinas compitieron en Santiago del Estero. El t\u00edtulo qued\u00f3 para Ciudad de Buenos Aires. Cestoball que se realiz\u00f3 en Santiago del Estero y","robots":{"index":"index","follow":"follow","max-snippet":"max-snippet:-1","max-image-preview":"max-image-preview:large","max-video-preview":"max-video-preview:-1"},"canonical":"https:\/\/radioinfinitagoya.com.ar\/v1\/2025\/06\/03\/quilmes-y-san-martin-participaron-de-la-liga-nacional-sub-17\/","og_locale":"es_ES","og_type":"article","og_title":"Quilmes y San Mart\u00edn participaron de la Liga Nacional Sub 17 - Radio Infinita Goya","og_description":"Las chicas correntinas compitieron en Santiago del Estero. El t\u00edtulo qued\u00f3 para Ciudad de Buenos Aires. Cestoball que se realiz\u00f3 en Santiago del Estero y","og_url":"https:\/\/radioinfinitagoya.com.ar\/v1\/2025\/06\/03\/quilmes-y-san-martin-participaron-de-la-liga-nacional-sub-17\/","og_site_name":"Radio Infinita Goya","article_publisher":"https:\/\/www.facebook.com\/p\/Infinita-Goya-100063870918311\/","article_published_time":"2025-06-03T19:22:39+00:00","og_image":[{"width":1200,"height":675,"url":"https:\/\/radioinfinitagoya.com.ar\/v1\/wp-content\/uploads\/2025\/06\/1748906701520.webp","type":"image\/webp"}],"author":"Jorge Mi\u00f1o","twitter_card":"summary_large_image","twitter_misc":{"Escrito por":"Jorge Mi\u00f1o","Tiempo de lectura":"2 minutos"},"schema":{"@context":"https:\/\/schema.org","@graph":[{"@type":"Article","@id":"https:\/\/radioinfinitagoya.com.ar\/v1\/2025\/06\/03\/quilmes-y-san-martin-participaron-de-la-liga-nacional-sub-17\/#article","isPartOf":{"@id":"https:\/\/radioinfinitagoya.com.ar\/v1\/2025\/06\/03\/quilmes-y-san-martin-participaron-de-la-liga-nacional-sub-17\/"},"author":{"name":"Jorge Mi\u00f1o","@id":"https:\/\/radioinfinitagoya.com.ar\/v1\/#\/schema\/person\/d4cf9c413d4f6edb24aabdccab49ca4a"},"headline":"Quilmes y San Mart\u00edn participaron de la Liga Nacional Sub 17","datePublished":"2025-06-03T19:22:39+00:00","mainEntityOfPage":{"@id":"https:\/\/radioinfinitagoya.com.ar\/v1\/2025\/06\/03\/quilmes-y-san-martin-participaron-de-la-liga-nacional-sub-17\/"},"wordCount":351,"publisher":{"@id":"https:\/\/radioinfinitagoya.com.ar\/v1\/#organization"},"image":{"@id":"https:\/\/radioinfinitagoya.com.ar\/v1\/2025\/06\/03\/quilmes-y-san-martin-participaron-de-la-liga-nacional-sub-17\/#primaryimage"},"thumbnailUrl":"https:\/\/radioinfinitagoya.com.ar\/v1\/wp-content\/uploads\/2025\/06\/1748906701520.webp","articleSection":["DEPORTES"],"inLanguage":"es-AR"},{"@type":"WebPage","@id":"https:\/\/radioinfinitagoya.com.ar\/v1\/2025\/06\/03\/quilmes-y-san-martin-participaron-de-la-liga-nacional-sub-17\/","url":"https:\/\/radioinfinitagoya.com.ar\/v1\/2025\/06\/03\/quilmes-y-san-martin-participaron-de-la-liga-nacional-sub-17\/","name":"Quilmes y San Mart\u00edn participaron de la Liga Nacional Sub 17 - Radio Infinita Goya","isPartOf":{"@id":"https:\/\/radioinfinitagoya.com.ar\/v1\/#website"},"primaryImageOfPage":{"@id":"https:\/\/radioinfinitagoya.com.ar\/v1\/2025\/06\/03\/quilmes-y-san-martin-participaron-de-la-liga-nacional-sub-17\/#primaryimage"},"image":{"@id":"https:\/\/radioinfinitagoya.com.ar\/v1\/2025\/06\/03\/quilmes-y-san-martin-participaron-de-la-liga-nacional-sub-17\/#primaryimage"},"thumbnailUrl":"https:\/\/radioinfinitagoya.com.ar\/v1\/wp-content\/uploads\/2025\/06\/1748906701520.webp","datePublished":"2025-06-03T19:22:39+00:00","description":"Las chicas correntinas compitieron en Santiago del Estero. El t\u00edtulo qued\u00f3 para Ciudad de Buenos Aires. Cestoball que se realiz\u00f3 en Santiago del Estero y","breadcrumb":{"@id":"https:\/\/radioinfinitagoya.com.ar\/v1\/2025\/06\/03\/quilmes-y-san-martin-participaron-de-la-liga-nacional-sub-17\/#breadcrumb"},"inLanguage":"es-AR","potentialAction":[{"@type":"ReadAction","target":["https:\/\/radioinfinitagoya.com.ar\/v1\/2025\/06\/03\/quilmes-y-san-martin-participaron-de-la-liga-nacional-sub-17\/"]}]},{"@type":"ImageObject","inLanguage":"es-AR","@id":"https:\/\/radioinfinitagoya.com.ar\/v1\/2025\/06\/03\/quilmes-y-san-martin-participaron-de-la-liga-nacional-sub-17\/#primaryimage","url":"https:\/\/radioinfinitagoya.com.ar\/v1\/wp-content\/uploads\/2025\/06\/1748906701520.webp","contentUrl":"https:\/\/radioinfinitagoya.com.ar\/v1\/wp-content\/uploads\/2025\/06\/1748906701520.webp","width":1200,"height":675},{"@type":"BreadcrumbList","@id":"https:\/\/radioinfinitagoya.com.ar\/v1\/2025\/06\/03\/quilmes-y-san-martin-participaron-de-la-liga-nacional-sub-17\/#breadcrumb","itemListElement":[{"@type":"ListItem","position":1,"name":"Inicio","item":"https:\/\/radioinfinitagoya.com.ar\/v1\/"},{"@type":"ListItem","position":2,"name":"Quilmes y San Mart\u00edn participaron de la Liga Nacional Sub 17"}]},{"@type":"WebSite","@id":"https:\/\/radioinfinitagoya.com.ar\/v1\/#website","url":"https:\/\/radioinfinitagoya.com.ar\/v1\/","name":"radioinfinitagoya.com.ar","description":"Radio de noticias","publisher":{"@id":"https:\/\/radioinfinitagoya.com.ar\/v1\/#organization"},"potentialAction":[{"@type":"SearchAction","target":{"@type":"EntryPoint","urlTemplate":"https:\/\/radioinfinitagoya.com.ar\/v1\/?s={search_term_string}"},"query-input":{"@type":"PropertyValueSpecification","valueRequired":true,"valueName":"search_term_string"}}],"inLanguage":"es-AR"},{"@type":"Organization","@id":"https:\/\/radioinfinitagoya.com.ar\/v1\/#organization","name":"Radio Infinita Goya","url":"https:\/\/radioinfinitagoya.com.ar\/v1\/","logo":{"@type":"ImageObject","inLanguage":"es-AR","@id":"https:\/\/radioinfinitagoya.com.ar\/v1\/#\/schema\/logo\/image\/","url":"https:\/\/radioinfinitagoya.com.ar\/v1\/wp-content\/uploads\/2019\/11\/logo-pie-web.png","contentUrl":"https:\/\/radioinfinitagoya.com.ar\/v1\/wp-content\/uploads\/2019\/11\/logo-pie-web.png","width":635,"height":326,"caption":"Radio Infinita Goya"},"image":{"@id":"https:\/\/radioinfinitagoya.com.ar\/v1\/#\/schema\/logo\/image\/"},"sameAs":["https:\/\/www.facebook.com\/p\/Infinita-Goya-100063870918311\/"]},{"@type":"Person","@id":"https:\/\/radioinfinitagoya.com.ar\/v1\/#\/schema\/person\/d4cf9c413d4f6edb24aabdccab49ca4a","name":"Jorge Mi\u00f1o","image":{"@type":"ImageObject","inLanguage":"es-AR","@id":"https:\/\/secure.gravatar.com\/avatar\/910fcf6728fe95320e07a6643c1581fec1c7fc4bf8ae12e3d8f0d0373dc844be?s=96&d=mm&r=g","url":"https:\/\/secure.gravatar.com\/avatar\/910fcf6728fe95320e07a6643c1581fec1c7fc4bf8ae12e3d8f0d0373dc844be?s=96&d=mm&r=g","contentUrl":"https:\/\/secure.gravatar.com\/avatar\/910fcf6728fe95320e07a6643c1581fec1c7fc4bf8ae12e3d8f0d0373dc844be?s=96&d=mm&r=g","caption":"Jorge Mi\u00f1o"},"sameAs":["http:\/\/radioinfinitagoya.com.ar"]}]}},"_links":{"self":[{"href":"https:\/\/radioinfinitagoya.com.ar\/v1\/wp-json\/wp\/v2\/posts\/191081","targetHints":{"allow":["GET"]}}],"collection":[{"href":"https:\/\/radioinfinitagoya.com.ar\/v1\/wp-json\/wp\/v2\/posts"}],"about":[{"href":"https:\/\/radioinfinitagoya.com.ar\/v1\/wp-json\/wp\/v2\/types\/post"}],"author":[{"embeddable":true,"href":"https:\/\/radioinfinitagoya.com.ar\/v1\/wp-json\/wp\/v2\/users\/4"}],"replies":[{"embeddable":true,"href":"https:\/\/radioinfinitagoya.com.ar\/v1\/wp-json\/wp\/v2\/comments?post=191081"}],"version-history":[{"count":0,"href":"https:\/\/radioinfinitagoya.com.ar\/v1\/wp-json\/wp\/v2\/posts\/191081\/revisions"}],"wp:featuredmedia":[{"embeddable":true,"href":"https:\/\/radioinfinitagoya.com.ar\/v1\/wp-json\/wp\/v2\/media\/191082"}],"wp:attachment":[{"href":"https:\/\/radioinfinitagoya.com.ar\/v1\/wp-json\/wp\/v2\/media?parent=191081"}],"wp:term":[{"taxonomy":"category","embeddable":true,"href":"https:\/\/radioinfinitagoya.com.ar\/v1\/wp-json\/wp\/v2\/categories?post=191081"},{"taxonomy":"post_tag","embeddable":true,"href":"https:\/\/radioinfinitagoya.com.ar\/v1\/wp-json\/wp\/v2\/tags?post=191081"}],"curies":[{"name":"wp","href":"https:\/\/api.w.org\/{rel}","templated":true}]}}