{"id":191084,"date":"2025-06-03T16:27:31","date_gmt":"2025-06-03T19:27:31","guid":{"rendered":"https:\/\/radioinfinitagoya.com.ar\/v1\/?p=191084"},"modified":"2025-06-03T16:27:31","modified_gmt":"2025-06-03T19:27:31","slug":"confirmaron-el-dia-y-la-hora-para-la-segunda-final-entre-mandiyu-y-victoria","status":"publish","type":"post","link":"https:\/\/radioinfinitagoya.com.ar\/v1\/2025\/06\/03\/confirmaron-el-dia-y-la-hora-para-la-segunda-final-entre-mandiyu-y-victoria\/","title":{"rendered":"Confirmaron el d\u00eda y la hora para la segunda final entre Mandiy\u00fa y Victoria"},"content":{"rendered":"<p>La definici\u00f3n de la temporada 2025 se concretar\u00e1 en cancha de Boca Unidos. Comenz\u00f3 la venta de entradas.<\/p>\n<p>La Federaci\u00f3n Correntina de F\u00fatbol confirm\u00f3 el d\u00eda y la hora para la definici\u00f3n del Provincial de Clubes 2025 de primera divisi\u00f3n.<\/p>\n<p>El partido revancha entre Mandiy\u00fa y Victoria de Curuz\u00fa Cuati\u00e1 se jugar\u00e1 el s\u00e1bado 7 desde las 15 en el estadio principal del complejo Leoncio Ben\u00edtez que pertenece a Boca Unidos.<\/p>\n<p>En el encuentro de ida, disputado el \u00faltimo domingo en Curuz\u00fa Cuati\u00e1, termin\u00f3 sin abrirse el marcador y por lo tanto la definici\u00f3n qued\u00f3 abierta.<\/p>\n<p>Si el cotejo del s\u00e1bado concluye con otro empate, directamente se recurrir\u00e1 a los tiros desde el punto del penal para definir al campe\u00f3n y el pasaje al pr\u00f3ximo Regional Federal Amateur.<\/p>\n<p>La Federaci\u00f3n solicit\u00f3 que se le habilite otra plaza, teniendo en cuenta la cantidad de participantes que tuvo el Provincial pero todav\u00eda no logr\u00f3 un respuesta oficial por parte del Consejo Federal de la AFA.<\/p>\n<p>En la primera final, el juego estuvo bien definido. Mandiy\u00fa apost\u00f3 al ataque pero fall\u00f3 en la definici\u00f3n y Victoria se refugi\u00f3 de mitad de cancha hacia atr\u00e1s y mantuvo el 0 en su arco.<\/p>\n<p>La venta de entradas para la gran final comenz\u00f3 este lunes con una gran demanda.<\/p>\n<p>El \u00fanico lugar de expendio es la sede del Deportivo Mandiy\u00fa ubicada en la calle Catamarca 1056 en el horario de 9 a 13 y de 17 a 21.<\/p>\n<p>Hasta el mi\u00e9rcoles, las entradas \u201canticipadas\u201d tendr\u00e1 un costo de $8.000 la genera y $12.000 la platea.<\/p>\n<p>Desde el jueves, el precio se modificar\u00e1. La general pasar\u00e1 a valer $10.000 y la platea $15.000.<\/p>\n<p>Los socios de Mandiy\u00fa con la cuota al d\u00eda del mes de junio podr\u00e1n acceder a una general si costo.<\/p>\n","protected":false},"excerpt":{"rendered":"<p>La definici\u00f3n de la temporada 2025 se concretar\u00e1 en cancha de Boca Unidos. Comenz\u00f3 la venta de entradas. La Federaci\u00f3n Correntina de F\u00fatbol confirm\u00f3 el d\u00eda y la hora para la definici\u00f3n del Provincial de Clubes 2025 de primera divisi\u00f3n. El partido revancha entre Mandiy\u00fa y Victoria de Curuz\u00fa Cuati\u00e1 se jugar\u00e1 el s\u00e1bado 7 [&hellip;]<\/p>\n","protected":false},"author":4,"featured_media":191085,"comment_status":"closed","ping_status":"closed","sticky":false,"template":"","format":"standard","meta":{"_joinchat":[],"footnotes":""},"categories":[28],"tags":[],"class_list":{"0":"post-191084","1":"post","2":"type-post","3":"status-publish","4":"format-standard","5":"has-post-thumbnail","7":"category-deportes"},"yoast_head":"<!-- This site is optimized with the Yoast SEO plugin v27.2 - https:\/\/yoast.com\/product\/yoast-seo-wordpress\/ -->\n<title>Confirmaron el d\u00eda y la hora para la segunda final entre Mandiy\u00fa y Victoria - Radio Infinita Goya<\/title>\n<meta name=\"description\" content=\"La definici\u00f3n de la temporada 2025 se concretar\u00e1 en cancha de Boca Unidos. Comenz\u00f3 la venta de entradas. La Federaci\u00f3n Correntina de F\u00fatbol confirm\u00f3 el\" \/>\n<meta name=\"robots\" content=\"index, follow, max-snippet:-1, max-image-preview:large, max-video-preview:-1\" \/>\n<link rel=\"canonical\" href=\"https:\/\/radioinfinitagoya.com.ar\/v1\/2025\/06\/03\/confirmaron-el-dia-y-la-hora-para-la-segunda-final-entre-mandiyu-y-victoria\/\" \/>\n<meta property=\"og:locale\" content=\"es_ES\" \/>\n<meta property=\"og:type\" content=\"article\" \/>\n<meta property=\"og:title\" content=\"Confirmaron el d\u00eda y la hora para la segunda final entre Mandiy\u00fa y Victoria - Radio Infinita Goya\" \/>\n<meta property=\"og:description\" content=\"La definici\u00f3n de la temporada 2025 se concretar\u00e1 en cancha de Boca Unidos. Comenz\u00f3 la venta de entradas. La Federaci\u00f3n Correntina de F\u00fatbol confirm\u00f3 el\" \/>\n<meta property=\"og:url\" content=\"https:\/\/radioinfinitagoya.com.ar\/v1\/2025\/06\/03\/confirmaron-el-dia-y-la-hora-para-la-segunda-final-entre-mandiyu-y-victoria\/\" \/>\n<meta property=\"og:site_name\" content=\"Radio Infinita Goya\" \/>\n<meta property=\"article:publisher\" content=\"https:\/\/www.facebook.com\/p\/Infinita-Goya-100063870918311\/\" \/>\n<meta property=\"article:published_time\" content=\"2025-06-03T19:27:31+00:00\" \/>\n<meta property=\"og:image\" content=\"https:\/\/radioinfinitagoya.com.ar\/v1\/wp-content\/uploads\/2025\/06\/GsZO7kLWYAAf_Id.jpg\" \/>\n\t<meta property=\"og:image:width\" content=\"680\" \/>\n\t<meta property=\"og:image:height\" content=\"429\" \/>\n\t<meta property=\"og:image:type\" content=\"image\/jpeg\" \/>\n<meta name=\"author\" content=\"Jorge Mi\u00f1o\" \/>\n<meta name=\"twitter:card\" content=\"summary_large_image\" \/>\n<meta name=\"twitter:label1\" content=\"Escrito por\" \/>\n\t<meta name=\"twitter:data1\" content=\"Jorge Mi\u00f1o\" \/>\n\t<meta name=\"twitter:label2\" content=\"Tiempo de lectura\" \/>\n\t<meta name=\"twitter:data2\" content=\"2 minutos\" \/>\n<script type=\"application\/ld+json\" class=\"yoast-schema-graph\">{\"@context\":\"https:\/\/schema.org\",\"@graph\":[{\"@type\":\"Article\",\"@id\":\"https:\/\/radioinfinitagoya.com.ar\/v1\/2025\/06\/03\/confirmaron-el-dia-y-la-hora-para-la-segunda-final-entre-mandiyu-y-victoria\/#article\",\"isPartOf\":{\"@id\":\"https:\/\/radioinfinitagoya.com.ar\/v1\/2025\/06\/03\/confirmaron-el-dia-y-la-hora-para-la-segunda-final-entre-mandiyu-y-victoria\/\"},\"author\":{\"name\":\"Jorge Mi\u00f1o\",\"@id\":\"https:\/\/radioinfinitagoya.com.ar\/v1\/#\/schema\/person\/d4cf9c413d4f6edb24aabdccab49ca4a\"},\"headline\":\"Confirmaron el d\u00eda y la hora para la segunda final entre Mandiy\u00fa y Victoria\",\"datePublished\":\"2025-06-03T19:27:31+00:00\",\"mainEntityOfPage\":{\"@id\":\"https:\/\/radioinfinitagoya.com.ar\/v1\/2025\/06\/03\/confirmaron-el-dia-y-la-hora-para-la-segunda-final-entre-mandiyu-y-victoria\/\"},\"wordCount\":316,\"publisher\":{\"@id\":\"https:\/\/radioinfinitagoya.com.ar\/v1\/#organization\"},\"image\":{\"@id\":\"https:\/\/radioinfinitagoya.com.ar\/v1\/2025\/06\/03\/confirmaron-el-dia-y-la-hora-para-la-segunda-final-entre-mandiyu-y-victoria\/#primaryimage\"},\"thumbnailUrl\":\"https:\/\/radioinfinitagoya.com.ar\/v1\/wp-content\/uploads\/2025\/06\/GsZO7kLWYAAf_Id.jpg\",\"articleSection\":[\"DEPORTES\"],\"inLanguage\":\"es-AR\"},{\"@type\":\"WebPage\",\"@id\":\"https:\/\/radioinfinitagoya.com.ar\/v1\/2025\/06\/03\/confirmaron-el-dia-y-la-hora-para-la-segunda-final-entre-mandiyu-y-victoria\/\",\"url\":\"https:\/\/radioinfinitagoya.com.ar\/v1\/2025\/06\/03\/confirmaron-el-dia-y-la-hora-para-la-segunda-final-entre-mandiyu-y-victoria\/\",\"name\":\"Confirmaron el d\u00eda y la hora para la segunda final entre Mandiy\u00fa y Victoria - Radio Infinita Goya\",\"isPartOf\":{\"@id\":\"https:\/\/radioinfinitagoya.com.ar\/v1\/#website\"},\"primaryImageOfPage\":{\"@id\":\"https:\/\/radioinfinitagoya.com.ar\/v1\/2025\/06\/03\/confirmaron-el-dia-y-la-hora-para-la-segunda-final-entre-mandiyu-y-victoria\/#primaryimage\"},\"image\":{\"@id\":\"https:\/\/radioinfinitagoya.com.ar\/v1\/2025\/06\/03\/confirmaron-el-dia-y-la-hora-para-la-segunda-final-entre-mandiyu-y-victoria\/#primaryimage\"},\"thumbnailUrl\":\"https:\/\/radioinfinitagoya.com.ar\/v1\/wp-content\/uploads\/2025\/06\/GsZO7kLWYAAf_Id.jpg\",\"datePublished\":\"2025-06-03T19:27:31+00:00\",\"description\":\"La definici\u00f3n de la temporada 2025 se concretar\u00e1 en cancha de Boca Unidos. Comenz\u00f3 la venta de entradas. La Federaci\u00f3n Correntina de F\u00fatbol confirm\u00f3 el\",\"breadcrumb\":{\"@id\":\"https:\/\/radioinfinitagoya.com.ar\/v1\/2025\/06\/03\/confirmaron-el-dia-y-la-hora-para-la-segunda-final-entre-mandiyu-y-victoria\/#breadcrumb\"},\"inLanguage\":\"es-AR\",\"potentialAction\":[{\"@type\":\"ReadAction\",\"target\":[\"https:\/\/radioinfinitagoya.com.ar\/v1\/2025\/06\/03\/confirmaron-el-dia-y-la-hora-para-la-segunda-final-entre-mandiyu-y-victoria\/\"]}]},{\"@type\":\"ImageObject\",\"inLanguage\":\"es-AR\",\"@id\":\"https:\/\/radioinfinitagoya.com.ar\/v1\/2025\/06\/03\/confirmaron-el-dia-y-la-hora-para-la-segunda-final-entre-mandiyu-y-victoria\/#primaryimage\",\"url\":\"https:\/\/radioinfinitagoya.com.ar\/v1\/wp-content\/uploads\/2025\/06\/GsZO7kLWYAAf_Id.jpg\",\"contentUrl\":\"https:\/\/radioinfinitagoya.com.ar\/v1\/wp-content\/uploads\/2025\/06\/GsZO7kLWYAAf_Id.jpg\",\"width\":680,\"height\":429},{\"@type\":\"BreadcrumbList\",\"@id\":\"https:\/\/radioinfinitagoya.com.ar\/v1\/2025\/06\/03\/confirmaron-el-dia-y-la-hora-para-la-segunda-final-entre-mandiyu-y-victoria\/#breadcrumb\",\"itemListElement\":[{\"@type\":\"ListItem\",\"position\":1,\"name\":\"Inicio\",\"item\":\"https:\/\/radioinfinitagoya.com.ar\/v1\/\"},{\"@type\":\"ListItem\",\"position\":2,\"name\":\"Confirmaron el d\u00eda y la hora para la segunda final entre Mandiy\u00fa y Victoria\"}]},{\"@type\":\"WebSite\",\"@id\":\"https:\/\/radioinfinitagoya.com.ar\/v1\/#website\",\"url\":\"https:\/\/radioinfinitagoya.com.ar\/v1\/\",\"name\":\"radioinfinitagoya.com.ar\",\"description\":\"Radio de noticias\",\"publisher\":{\"@id\":\"https:\/\/radioinfinitagoya.com.ar\/v1\/#organization\"},\"potentialAction\":[{\"@type\":\"SearchAction\",\"target\":{\"@type\":\"EntryPoint\",\"urlTemplate\":\"https:\/\/radioinfinitagoya.com.ar\/v1\/?s={search_term_string}\"},\"query-input\":{\"@type\":\"PropertyValueSpecification\",\"valueRequired\":true,\"valueName\":\"search_term_string\"}}],\"inLanguage\":\"es-AR\"},{\"@type\":\"Organization\",\"@id\":\"https:\/\/radioinfinitagoya.com.ar\/v1\/#organization\",\"name\":\"Radio Infinita Goya\",\"url\":\"https:\/\/radioinfinitagoya.com.ar\/v1\/\",\"logo\":{\"@type\":\"ImageObject\",\"inLanguage\":\"es-AR\",\"@id\":\"https:\/\/radioinfinitagoya.com.ar\/v1\/#\/schema\/logo\/image\/\",\"url\":\"https:\/\/radioinfinitagoya.com.ar\/v1\/wp-content\/uploads\/2019\/11\/logo-pie-web.png\",\"contentUrl\":\"https:\/\/radioinfinitagoya.com.ar\/v1\/wp-content\/uploads\/2019\/11\/logo-pie-web.png\",\"width\":635,\"height\":326,\"caption\":\"Radio Infinita Goya\"},\"image\":{\"@id\":\"https:\/\/radioinfinitagoya.com.ar\/v1\/#\/schema\/logo\/image\/\"},\"sameAs\":[\"https:\/\/www.facebook.com\/p\/Infinita-Goya-100063870918311\/\"]},{\"@type\":\"Person\",\"@id\":\"https:\/\/radioinfinitagoya.com.ar\/v1\/#\/schema\/person\/d4cf9c413d4f6edb24aabdccab49ca4a\",\"name\":\"Jorge Mi\u00f1o\",\"image\":{\"@type\":\"ImageObject\",\"inLanguage\":\"es-AR\",\"@id\":\"https:\/\/secure.gravatar.com\/avatar\/910fcf6728fe95320e07a6643c1581fec1c7fc4bf8ae12e3d8f0d0373dc844be?s=96&d=mm&r=g\",\"url\":\"https:\/\/secure.gravatar.com\/avatar\/910fcf6728fe95320e07a6643c1581fec1c7fc4bf8ae12e3d8f0d0373dc844be?s=96&d=mm&r=g\",\"contentUrl\":\"https:\/\/secure.gravatar.com\/avatar\/910fcf6728fe95320e07a6643c1581fec1c7fc4bf8ae12e3d8f0d0373dc844be?s=96&d=mm&r=g\",\"caption\":\"Jorge Mi\u00f1o\"},\"sameAs\":[\"http:\/\/radioinfinitagoya.com.ar\"]}]}<\/script>\n<!-- \/ Yoast SEO plugin. -->","yoast_head_json":{"title":"Confirmaron el d\u00eda y la hora para la segunda final entre Mandiy\u00fa y Victoria - Radio Infinita Goya","description":"La definici\u00f3n de la temporada 2025 se concretar\u00e1 en cancha de Boca Unidos. Comenz\u00f3 la venta de entradas. La Federaci\u00f3n Correntina de F\u00fatbol confirm\u00f3 el","robots":{"index":"index","follow":"follow","max-snippet":"max-snippet:-1","max-image-preview":"max-image-preview:large","max-video-preview":"max-video-preview:-1"},"canonical":"https:\/\/radioinfinitagoya.com.ar\/v1\/2025\/06\/03\/confirmaron-el-dia-y-la-hora-para-la-segunda-final-entre-mandiyu-y-victoria\/","og_locale":"es_ES","og_type":"article","og_title":"Confirmaron el d\u00eda y la hora para la segunda final entre Mandiy\u00fa y Victoria - Radio Infinita Goya","og_description":"La definici\u00f3n de la temporada 2025 se concretar\u00e1 en cancha de Boca Unidos. Comenz\u00f3 la venta de entradas. La Federaci\u00f3n Correntina de F\u00fatbol confirm\u00f3 el","og_url":"https:\/\/radioinfinitagoya.com.ar\/v1\/2025\/06\/03\/confirmaron-el-dia-y-la-hora-para-la-segunda-final-entre-mandiyu-y-victoria\/","og_site_name":"Radio Infinita Goya","article_publisher":"https:\/\/www.facebook.com\/p\/Infinita-Goya-100063870918311\/","article_published_time":"2025-06-03T19:27:31+00:00","og_image":[{"width":680,"height":429,"url":"https:\/\/radioinfinitagoya.com.ar\/v1\/wp-content\/uploads\/2025\/06\/GsZO7kLWYAAf_Id.jpg","type":"image\/jpeg"}],"author":"Jorge Mi\u00f1o","twitter_card":"summary_large_image","twitter_misc":{"Escrito por":"Jorge Mi\u00f1o","Tiempo de lectura":"2 minutos"},"schema":{"@context":"https:\/\/schema.org","@graph":[{"@type":"Article","@id":"https:\/\/radioinfinitagoya.com.ar\/v1\/2025\/06\/03\/confirmaron-el-dia-y-la-hora-para-la-segunda-final-entre-mandiyu-y-victoria\/#article","isPartOf":{"@id":"https:\/\/radioinfinitagoya.com.ar\/v1\/2025\/06\/03\/confirmaron-el-dia-y-la-hora-para-la-segunda-final-entre-mandiyu-y-victoria\/"},"author":{"name":"Jorge Mi\u00f1o","@id":"https:\/\/radioinfinitagoya.com.ar\/v1\/#\/schema\/person\/d4cf9c413d4f6edb24aabdccab49ca4a"},"headline":"Confirmaron el d\u00eda y la hora para la segunda final entre Mandiy\u00fa y Victoria","datePublished":"2025-06-03T19:27:31+00:00","mainEntityOfPage":{"@id":"https:\/\/radioinfinitagoya.com.ar\/v1\/2025\/06\/03\/confirmaron-el-dia-y-la-hora-para-la-segunda-final-entre-mandiyu-y-victoria\/"},"wordCount":316,"publisher":{"@id":"https:\/\/radioinfinitagoya.com.ar\/v1\/#organization"},"image":{"@id":"https:\/\/radioinfinitagoya.com.ar\/v1\/2025\/06\/03\/confirmaron-el-dia-y-la-hora-para-la-segunda-final-entre-mandiyu-y-victoria\/#primaryimage"},"thumbnailUrl":"https:\/\/radioinfinitagoya.com.ar\/v1\/wp-content\/uploads\/2025\/06\/GsZO7kLWYAAf_Id.jpg","articleSection":["DEPORTES"],"inLanguage":"es-AR"},{"@type":"WebPage","@id":"https:\/\/radioinfinitagoya.com.ar\/v1\/2025\/06\/03\/confirmaron-el-dia-y-la-hora-para-la-segunda-final-entre-mandiyu-y-victoria\/","url":"https:\/\/radioinfinitagoya.com.ar\/v1\/2025\/06\/03\/confirmaron-el-dia-y-la-hora-para-la-segunda-final-entre-mandiyu-y-victoria\/","name":"Confirmaron el d\u00eda y la hora para la segunda final entre Mandiy\u00fa y Victoria - Radio Infinita Goya","isPartOf":{"@id":"https:\/\/radioinfinitagoya.com.ar\/v1\/#website"},"primaryImageOfPage":{"@id":"https:\/\/radioinfinitagoya.com.ar\/v1\/2025\/06\/03\/confirmaron-el-dia-y-la-hora-para-la-segunda-final-entre-mandiyu-y-victoria\/#primaryimage"},"image":{"@id":"https:\/\/radioinfinitagoya.com.ar\/v1\/2025\/06\/03\/confirmaron-el-dia-y-la-hora-para-la-segunda-final-entre-mandiyu-y-victoria\/#primaryimage"},"thumbnailUrl":"https:\/\/radioinfinitagoya.com.ar\/v1\/wp-content\/uploads\/2025\/06\/GsZO7kLWYAAf_Id.jpg","datePublished":"2025-06-03T19:27:31+00:00","description":"La definici\u00f3n de la temporada 2025 se concretar\u00e1 en cancha de Boca Unidos. Comenz\u00f3 la venta de entradas. La Federaci\u00f3n Correntina de F\u00fatbol confirm\u00f3 el","breadcrumb":{"@id":"https:\/\/radioinfinitagoya.com.ar\/v1\/2025\/06\/03\/confirmaron-el-dia-y-la-hora-para-la-segunda-final-entre-mandiyu-y-victoria\/#breadcrumb"},"inLanguage":"es-AR","potentialAction":[{"@type":"ReadAction","target":["https:\/\/radioinfinitagoya.com.ar\/v1\/2025\/06\/03\/confirmaron-el-dia-y-la-hora-para-la-segunda-final-entre-mandiyu-y-victoria\/"]}]},{"@type":"ImageObject","inLanguage":"es-AR","@id":"https:\/\/radioinfinitagoya.com.ar\/v1\/2025\/06\/03\/confirmaron-el-dia-y-la-hora-para-la-segunda-final-entre-mandiyu-y-victoria\/#primaryimage","url":"https:\/\/radioinfinitagoya.com.ar\/v1\/wp-content\/uploads\/2025\/06\/GsZO7kLWYAAf_Id.jpg","contentUrl":"https:\/\/radioinfinitagoya.com.ar\/v1\/wp-content\/uploads\/2025\/06\/GsZO7kLWYAAf_Id.jpg","width":680,"height":429},{"@type":"BreadcrumbList","@id":"https:\/\/radioinfinitagoya.com.ar\/v1\/2025\/06\/03\/confirmaron-el-dia-y-la-hora-para-la-segunda-final-entre-mandiyu-y-victoria\/#breadcrumb","itemListElement":[{"@type":"ListItem","position":1,"name":"Inicio","item":"https:\/\/radioinfinitagoya.com.ar\/v1\/"},{"@type":"ListItem","position":2,"name":"Confirmaron el d\u00eda y la hora para la segunda final entre Mandiy\u00fa y Victoria"}]},{"@type":"WebSite","@id":"https:\/\/radioinfinitagoya.com.ar\/v1\/#website","url":"https:\/\/radioinfinitagoya.com.ar\/v1\/","name":"radioinfinitagoya.com.ar","description":"Radio de noticias","publisher":{"@id":"https:\/\/radioinfinitagoya.com.ar\/v1\/#organization"},"potentialAction":[{"@type":"SearchAction","target":{"@type":"EntryPoint","urlTemplate":"https:\/\/radioinfinitagoya.com.ar\/v1\/?s={search_term_string}"},"query-input":{"@type":"PropertyValueSpecification","valueRequired":true,"valueName":"search_term_string"}}],"inLanguage":"es-AR"},{"@type":"Organization","@id":"https:\/\/radioinfinitagoya.com.ar\/v1\/#organization","name":"Radio Infinita Goya","url":"https:\/\/radioinfinitagoya.com.ar\/v1\/","logo":{"@type":"ImageObject","inLanguage":"es-AR","@id":"https:\/\/radioinfinitagoya.com.ar\/v1\/#\/schema\/logo\/image\/","url":"https:\/\/radioinfinitagoya.com.ar\/v1\/wp-content\/uploads\/2019\/11\/logo-pie-web.png","contentUrl":"https:\/\/radioinfinitagoya.com.ar\/v1\/wp-content\/uploads\/2019\/11\/logo-pie-web.png","width":635,"height":326,"caption":"Radio Infinita Goya"},"image":{"@id":"https:\/\/radioinfinitagoya.com.ar\/v1\/#\/schema\/logo\/image\/"},"sameAs":["https:\/\/www.facebook.com\/p\/Infinita-Goya-100063870918311\/"]},{"@type":"Person","@id":"https:\/\/radioinfinitagoya.com.ar\/v1\/#\/schema\/person\/d4cf9c413d4f6edb24aabdccab49ca4a","name":"Jorge Mi\u00f1o","image":{"@type":"ImageObject","inLanguage":"es-AR","@id":"https:\/\/secure.gravatar.com\/avatar\/910fcf6728fe95320e07a6643c1581fec1c7fc4bf8ae12e3d8f0d0373dc844be?s=96&d=mm&r=g","url":"https:\/\/secure.gravatar.com\/avatar\/910fcf6728fe95320e07a6643c1581fec1c7fc4bf8ae12e3d8f0d0373dc844be?s=96&d=mm&r=g","contentUrl":"https:\/\/secure.gravatar.com\/avatar\/910fcf6728fe95320e07a6643c1581fec1c7fc4bf8ae12e3d8f0d0373dc844be?s=96&d=mm&r=g","caption":"Jorge Mi\u00f1o"},"sameAs":["http:\/\/radioinfinitagoya.com.ar"]}]}},"_links":{"self":[{"href":"https:\/\/radioinfinitagoya.com.ar\/v1\/wp-json\/wp\/v2\/posts\/191084","targetHints":{"allow":["GET"]}}],"collection":[{"href":"https:\/\/radioinfinitagoya.com.ar\/v1\/wp-json\/wp\/v2\/posts"}],"about":[{"href":"https:\/\/radioinfinitagoya.com.ar\/v1\/wp-json\/wp\/v2\/types\/post"}],"author":[{"embeddable":true,"href":"https:\/\/radioinfinitagoya.com.ar\/v1\/wp-json\/wp\/v2\/users\/4"}],"replies":[{"embeddable":true,"href":"https:\/\/radioinfinitagoya.com.ar\/v1\/wp-json\/wp\/v2\/comments?post=191084"}],"version-history":[{"count":0,"href":"https:\/\/radioinfinitagoya.com.ar\/v1\/wp-json\/wp\/v2\/posts\/191084\/revisions"}],"wp:featuredmedia":[{"embeddable":true,"href":"https:\/\/radioinfinitagoya.com.ar\/v1\/wp-json\/wp\/v2\/media\/191085"}],"wp:attachment":[{"href":"https:\/\/radioinfinitagoya.com.ar\/v1\/wp-json\/wp\/v2\/media?parent=191084"}],"wp:term":[{"taxonomy":"category","embeddable":true,"href":"https:\/\/radioinfinitagoya.com.ar\/v1\/wp-json\/wp\/v2\/categories?post=191084"},{"taxonomy":"post_tag","embeddable":true,"href":"https:\/\/radioinfinitagoya.com.ar\/v1\/wp-json\/wp\/v2\/tags?post=191084"}],"curies":[{"name":"wp","href":"https:\/\/api.w.org\/{rel}","templated":true}]}}