{"id":191087,"date":"2025-06-03T16:33:57","date_gmt":"2025-06-03T19:33:57","guid":{"rendered":"https:\/\/radioinfinitagoya.com.ar\/v1\/?p=191087"},"modified":"2025-06-03T16:33:57","modified_gmt":"2025-06-03T19:33:57","slug":"argentina-negocia-un-acuerdo-con-eeuu-que-recorte-los-aranceles-impuestos-por-trump","status":"publish","type":"post","link":"https:\/\/radioinfinitagoya.com.ar\/v1\/2025\/06\/03\/argentina-negocia-un-acuerdo-con-eeuu-que-recorte-los-aranceles-impuestos-por-trump\/","title":{"rendered":"Argentina negocia un acuerdo con EEUU que recorte los aranceles impuestos por Trump"},"content":{"rendered":"<p>Es la segunda vez en 20 d\u00edas que una comisi\u00f3n t\u00e9cnica de la Canciller\u00eda y el Ministerio de Econom\u00eda se encuentra con representantes de la administraci\u00f3n republicana para definir una propuesta que excluya a los bienes nacionales de la guerra comercial que inici\u00f3 la Casa Blanca<\/p>\n<p>Desde Washington, Estados Unidos) Argentina inici\u00f3 ayer en Washington una segunda ronda de negociaciones con la Casa Blanca para aplacar la decisi\u00f3n de Donald Trump de imponer aranceles rec\u00edprocos a los bienes nacionales que se exportan a Estados Unidos.<\/p>\n<p>La misi\u00f3n est\u00e1 encabezada por el embajador Luis Mar\u00eda Kreckler -a cargo del tema en la Canciller\u00eda-, y Pablo Lavigne, secretario de Coordinaci\u00f3n del Palacio de Hacienda, que se re\u00fanen con representantes de la Secretar\u00eda de Comercio de Estados Unidos y la Oficina del Representante Comercial de los Estados Unidos (USTR).<br \/>\nLa negociaci\u00f3n t\u00e9cnica tiene dos obst\u00e1culos pol\u00edticos.<\/p>\n<p>Trump oscila con incrementos arancelarios distintos a medida que evoluciona su guerra comercial con China, y Javier Milei no puede ajustar toda la legislaci\u00f3n para satisfacer los reclamos de la Casa Blanca por su debilidad estructural en el Congreso.<\/p>\n<p>En este contexto, el presidente republicano dobl\u00f3 los aranceles al aluminio y al acero cuando se enfri\u00f3 la negociaci\u00f3n con Xi Jinping, mientras que Milei apuesta a un fuerte triunfo en los comicios de octubre para reformar la legislaci\u00f3n sobre uso de patentes.<\/p>\n<p>La iniciativa arancelaria de Trump apunta a contener la ofensiva comercial de China, aplacar la inmigraci\u00f3n indocumentada que llega a Estados Unidos y reprimir el tr\u00e1fico ilegal de Fentanilo.<\/p>\n<p>Desde esta perspectiva geopol\u00edtica, el informe anual de la USTR explicita las reformas que deber\u00eda ejecutar Argentina para quedar afuera de los aranceles rec\u00edprocos.<\/p>\n<p>Argentina aparece en la foja 14 del informe del USTR, y durante cuatro p\u00e1ginas se describe la asimetr\u00eda que existe entre la Argentina y Estados Unidos respecto aranceles, tasas, prohibiciones de importaci\u00f3n, restricciones a las importaciones, barreras aduaneras y derechos de propiedad intelectual.<br \/>\nEn la p\u00e1gina 17 del informe de la USTR se describen las principales objeciones a la legislaci\u00f3n vigente, una exhaustiva enumeraci\u00f3n que sirve como hoja de ruta en las conversaciones que Kreckler y Lavigne mantendr\u00e1n esta semana con la administraci\u00f3n republicana.<\/p>\n<p>La foja 17 del informe del USTR sostiene:<\/p>\n<p>1. \u201cLa situaci\u00f3n de los innovadores en los sectores farmac\u00e9utico y agroqu\u00edmico presenta importantes desaf\u00edos. En primer lugar, el alcance de la materia patentable est\u00e1 significativamente restringido por la legislaci\u00f3n argentina. En segundo lugar, las pol\u00edticas actuales brindan una protecci\u00f3n inadecuada contra el uso comercial desleal y la divulgaci\u00f3n no autorizada de datos de prueba no divulgados y de otro tipo presentados al Gobierno argentino, junto con su largo proceso de aprobaci\u00f3n de comercializaci\u00f3n.<\/p>\n<p>2. Estados Unidos insta a Argentina a garantizar la transparencia y el debido proceso en la protecci\u00f3n de las indicaciones geogr\u00e1ficas (IG) y a garantizar que la concesi\u00f3n de la protecci\u00f3n de las IG no prive a las partes interesadas de la posibilidad de utilizar nombres comunes, en particular a medida que Argentina avanza con el Acuerdo Comercial entre la Uni\u00f3n Europea y el MERCOSUR.<\/p>\n<p>3. Adem\u00e1s, contin\u00faa la acumulaci\u00f3n de solicitudes de patentes para productos farmac\u00e9uticos y biosimilares, lo que resulta en demoras excesivas para estos productos. La aplicaci\u00f3n de los derechos de propiedad intelectual en Argentina sigue siendo un desaf\u00edo, ya que los productos falsificados y pirateados siguen estando ampliamente disponibles.<\/p>\n<p>4. Los mercados f\u00edsicos de La Salada y Barrio Once figuran en la Revisi\u00f3n de Mercados Notorios de Falsificaci\u00f3n y Pirater\u00eda de 2024 (Lista de Mercados Notorios). Por ejemplo, La Salada en Buenos Aires, uno de los mayores mercados negros de productos falsificados y pirateados en Argentina, contin\u00faa vendiendo productos falsificados en l\u00ednea.<\/p>\n<p>5. El r\u00e9gimen legal vigente y la deficiente aplicaci\u00f3n de la ley dificultan la capacidad de los titulares de derechos, las fuerzas del orden y los fiscales para frenar, mediante acciones legales, el crecimiento de los mercados ilegales, tanto en l\u00ednea como f\u00edsicos.<\/p>\n<p>6. Al igual que los importadores de bienes, los proveedores de servicios est\u00e1n sujetos a restricciones para acceder al mercado cambiario\u201d.<\/p>\n<p>El trabajo conjunto del canciller Gerardo Werthein y el ministro Luis Caputo para resolver los cuestionamientos de Estados Unidos ha tenido ciertos avances que sirven para demostrar la voluntad pol\u00edtica de la Argentina.<\/p>\n<p>La Agencia de Recaudaci\u00f3n y Control Aduanero (ARCA) elimin\u00f3 23 resoluciones generales que impon\u00edan requisitos de intervenci\u00f3n a c\u00e1maras, federaciones y asociaciones sectoriales durante las verificaciones f\u00edsicas de mercader\u00edas importadas.<\/p>\n<p>Esta decisi\u00f3n administrativa va en l\u00ednea con las exigencias de la Secretar\u00eda de Comercio de Estados Unidos y la USTR.<\/p>\n<p>Asimismo, la justicia federal detuvo Jorge Omar Castillo, el Rey de la Salada, acusado de asociaci\u00f3n il\u00edcita, lavado de dinero y evasi\u00f3n impositiva.<\/p>\n<p>Castillo era intocable por sus contactos pol\u00edticos, y el informe de la USTR cita a La Salada como un nicho de falsificadores que Argentina deber\u00eda anular sin mayores dilaciones.<\/p>\n<p>Al margen de los esfuerzos que Kreckler y Lavigne hagan en DC, el resultado final de las conversaciones depender\u00e1 de la decisi\u00f3n pol\u00edtica de Trump.<\/p>\n<p>El presidente de Estados Unidos cerr\u00f3 un acuerdo con Reino Unido que no replica con la Uni\u00f3n Europea (UE), y dej\u00f3 en un impasse al Estado de Israel, que es su socio estrat\u00e9gico en Medio Oriente.<\/p>\n<p>Trump y Milei tienen afinidad ideol\u00f3gica y personal, pero ello no significa que los aranceles rec\u00edprocos aplicados a la Argentina volver\u00e1n a cero.<\/p>\n<p>La tregua comercial vence en julio<\/p>\n","protected":false},"excerpt":{"rendered":"<p>Es la segunda vez en 20 d\u00edas que una comisi\u00f3n t\u00e9cnica de la Canciller\u00eda y el Ministerio de Econom\u00eda se encuentra con representantes de la administraci\u00f3n republicana para definir una propuesta que excluya a los bienes nacionales de la guerra comercial que inici\u00f3 la Casa Blanca Desde Washington, Estados Unidos) Argentina inici\u00f3 ayer en Washington [&hellip;]<\/p>\n","protected":false},"author":4,"featured_media":191088,"comment_status":"closed","ping_status":"closed","sticky":false,"template":"","format":"standard","meta":{"_joinchat":[],"footnotes":""},"categories":[29],"tags":[],"class_list":{"0":"post-191087","1":"post","2":"type-post","3":"status-publish","4":"format-standard","5":"has-post-thumbnail","7":"category-nacionales"},"yoast_head":"<!-- This site is optimized with the Yoast SEO plugin v27.2 - https:\/\/yoast.com\/product\/yoast-seo-wordpress\/ -->\n<title>Argentina negocia un acuerdo con EEUU que recorte los aranceles impuestos por Trump - Radio Infinita Goya<\/title>\n<meta name=\"description\" content=\"Es la segunda vez en 20 d\u00edas que una comisi\u00f3n t\u00e9cnica de la Canciller\u00eda y el Ministerio de Econom\u00eda se encuentra con representantes de la administraci\u00f3n\" \/>\n<meta name=\"robots\" content=\"index, follow, max-snippet:-1, max-image-preview:large, max-video-preview:-1\" \/>\n<link rel=\"canonical\" href=\"https:\/\/radioinfinitagoya.com.ar\/v1\/2025\/06\/03\/argentina-negocia-un-acuerdo-con-eeuu-que-recorte-los-aranceles-impuestos-por-trump\/\" \/>\n<meta property=\"og:locale\" content=\"es_ES\" \/>\n<meta property=\"og:type\" content=\"article\" \/>\n<meta property=\"og:title\" content=\"Argentina negocia un acuerdo con EEUU que recorte los aranceles impuestos por Trump - Radio Infinita Goya\" \/>\n<meta property=\"og:description\" content=\"Es la segunda vez en 20 d\u00edas que una comisi\u00f3n t\u00e9cnica de la Canciller\u00eda y el Ministerio de Econom\u00eda se encuentra con representantes de la administraci\u00f3n\" \/>\n<meta property=\"og:url\" content=\"https:\/\/radioinfinitagoya.com.ar\/v1\/2025\/06\/03\/argentina-negocia-un-acuerdo-con-eeuu-que-recorte-los-aranceles-impuestos-por-trump\/\" \/>\n<meta property=\"og:site_name\" content=\"Radio Infinita Goya\" \/>\n<meta property=\"article:publisher\" content=\"https:\/\/www.facebook.com\/p\/Infinita-Goya-100063870918311\/\" \/>\n<meta property=\"article:published_time\" content=\"2025-06-03T19:33:57+00:00\" \/>\n<meta property=\"og:image\" content=\"https:\/\/radioinfinitagoya.com.ar\/v1\/wp-content\/uploads\/2025\/06\/GkbGhiCWcAAjT3q.jpg\" \/>\n\t<meta property=\"og:image:width\" content=\"680\" \/>\n\t<meta property=\"og:image:height\" content=\"454\" \/>\n\t<meta property=\"og:image:type\" content=\"image\/jpeg\" \/>\n<meta name=\"author\" content=\"Jorge Mi\u00f1o\" \/>\n<meta name=\"twitter:card\" content=\"summary_large_image\" \/>\n<meta name=\"twitter:label1\" content=\"Escrito por\" \/>\n\t<meta name=\"twitter:data1\" content=\"Jorge Mi\u00f1o\" \/>\n\t<meta name=\"twitter:label2\" content=\"Tiempo de lectura\" \/>\n\t<meta name=\"twitter:data2\" content=\"5 minutos\" \/>\n<script type=\"application\/ld+json\" class=\"yoast-schema-graph\">{\"@context\":\"https:\/\/schema.org\",\"@graph\":[{\"@type\":\"Article\",\"@id\":\"https:\/\/radioinfinitagoya.com.ar\/v1\/2025\/06\/03\/argentina-negocia-un-acuerdo-con-eeuu-que-recorte-los-aranceles-impuestos-por-trump\/#article\",\"isPartOf\":{\"@id\":\"https:\/\/radioinfinitagoya.com.ar\/v1\/2025\/06\/03\/argentina-negocia-un-acuerdo-con-eeuu-que-recorte-los-aranceles-impuestos-por-trump\/\"},\"author\":{\"name\":\"Jorge Mi\u00f1o\",\"@id\":\"https:\/\/radioinfinitagoya.com.ar\/v1\/#\/schema\/person\/d4cf9c413d4f6edb24aabdccab49ca4a\"},\"headline\":\"Argentina negocia un acuerdo con EEUU que recorte los aranceles impuestos por Trump\",\"datePublished\":\"2025-06-03T19:33:57+00:00\",\"mainEntityOfPage\":{\"@id\":\"https:\/\/radioinfinitagoya.com.ar\/v1\/2025\/06\/03\/argentina-negocia-un-acuerdo-con-eeuu-que-recorte-los-aranceles-impuestos-por-trump\/\"},\"wordCount\":988,\"publisher\":{\"@id\":\"https:\/\/radioinfinitagoya.com.ar\/v1\/#organization\"},\"image\":{\"@id\":\"https:\/\/radioinfinitagoya.com.ar\/v1\/2025\/06\/03\/argentina-negocia-un-acuerdo-con-eeuu-que-recorte-los-aranceles-impuestos-por-trump\/#primaryimage\"},\"thumbnailUrl\":\"https:\/\/radioinfinitagoya.com.ar\/v1\/wp-content\/uploads\/2025\/06\/GkbGhiCWcAAjT3q.jpg\",\"articleSection\":[\"NACIONALES\"],\"inLanguage\":\"es-AR\"},{\"@type\":\"WebPage\",\"@id\":\"https:\/\/radioinfinitagoya.com.ar\/v1\/2025\/06\/03\/argentina-negocia-un-acuerdo-con-eeuu-que-recorte-los-aranceles-impuestos-por-trump\/\",\"url\":\"https:\/\/radioinfinitagoya.com.ar\/v1\/2025\/06\/03\/argentina-negocia-un-acuerdo-con-eeuu-que-recorte-los-aranceles-impuestos-por-trump\/\",\"name\":\"Argentina negocia un acuerdo con EEUU que recorte los aranceles impuestos por Trump - Radio Infinita Goya\",\"isPartOf\":{\"@id\":\"https:\/\/radioinfinitagoya.com.ar\/v1\/#website\"},\"primaryImageOfPage\":{\"@id\":\"https:\/\/radioinfinitagoya.com.ar\/v1\/2025\/06\/03\/argentina-negocia-un-acuerdo-con-eeuu-que-recorte-los-aranceles-impuestos-por-trump\/#primaryimage\"},\"image\":{\"@id\":\"https:\/\/radioinfinitagoya.com.ar\/v1\/2025\/06\/03\/argentina-negocia-un-acuerdo-con-eeuu-que-recorte-los-aranceles-impuestos-por-trump\/#primaryimage\"},\"thumbnailUrl\":\"https:\/\/radioinfinitagoya.com.ar\/v1\/wp-content\/uploads\/2025\/06\/GkbGhiCWcAAjT3q.jpg\",\"datePublished\":\"2025-06-03T19:33:57+00:00\",\"description\":\"Es la segunda vez en 20 d\u00edas que una comisi\u00f3n t\u00e9cnica de la Canciller\u00eda y el Ministerio de Econom\u00eda se encuentra con representantes de la administraci\u00f3n\",\"breadcrumb\":{\"@id\":\"https:\/\/radioinfinitagoya.com.ar\/v1\/2025\/06\/03\/argentina-negocia-un-acuerdo-con-eeuu-que-recorte-los-aranceles-impuestos-por-trump\/#breadcrumb\"},\"inLanguage\":\"es-AR\",\"potentialAction\":[{\"@type\":\"ReadAction\",\"target\":[\"https:\/\/radioinfinitagoya.com.ar\/v1\/2025\/06\/03\/argentina-negocia-un-acuerdo-con-eeuu-que-recorte-los-aranceles-impuestos-por-trump\/\"]}]},{\"@type\":\"ImageObject\",\"inLanguage\":\"es-AR\",\"@id\":\"https:\/\/radioinfinitagoya.com.ar\/v1\/2025\/06\/03\/argentina-negocia-un-acuerdo-con-eeuu-que-recorte-los-aranceles-impuestos-por-trump\/#primaryimage\",\"url\":\"https:\/\/radioinfinitagoya.com.ar\/v1\/wp-content\/uploads\/2025\/06\/GkbGhiCWcAAjT3q.jpg\",\"contentUrl\":\"https:\/\/radioinfinitagoya.com.ar\/v1\/wp-content\/uploads\/2025\/06\/GkbGhiCWcAAjT3q.jpg\",\"width\":680,\"height\":454},{\"@type\":\"BreadcrumbList\",\"@id\":\"https:\/\/radioinfinitagoya.com.ar\/v1\/2025\/06\/03\/argentina-negocia-un-acuerdo-con-eeuu-que-recorte-los-aranceles-impuestos-por-trump\/#breadcrumb\",\"itemListElement\":[{\"@type\":\"ListItem\",\"position\":1,\"name\":\"Inicio\",\"item\":\"https:\/\/radioinfinitagoya.com.ar\/v1\/\"},{\"@type\":\"ListItem\",\"position\":2,\"name\":\"Argentina negocia un acuerdo con EEUU que recorte los aranceles impuestos por Trump\"}]},{\"@type\":\"WebSite\",\"@id\":\"https:\/\/radioinfinitagoya.com.ar\/v1\/#website\",\"url\":\"https:\/\/radioinfinitagoya.com.ar\/v1\/\",\"name\":\"radioinfinitagoya.com.ar\",\"description\":\"Radio de noticias\",\"publisher\":{\"@id\":\"https:\/\/radioinfinitagoya.com.ar\/v1\/#organization\"},\"potentialAction\":[{\"@type\":\"SearchAction\",\"target\":{\"@type\":\"EntryPoint\",\"urlTemplate\":\"https:\/\/radioinfinitagoya.com.ar\/v1\/?s={search_term_string}\"},\"query-input\":{\"@type\":\"PropertyValueSpecification\",\"valueRequired\":true,\"valueName\":\"search_term_string\"}}],\"inLanguage\":\"es-AR\"},{\"@type\":\"Organization\",\"@id\":\"https:\/\/radioinfinitagoya.com.ar\/v1\/#organization\",\"name\":\"Radio Infinita Goya\",\"url\":\"https:\/\/radioinfinitagoya.com.ar\/v1\/\",\"logo\":{\"@type\":\"ImageObject\",\"inLanguage\":\"es-AR\",\"@id\":\"https:\/\/radioinfinitagoya.com.ar\/v1\/#\/schema\/logo\/image\/\",\"url\":\"https:\/\/radioinfinitagoya.com.ar\/v1\/wp-content\/uploads\/2019\/11\/logo-pie-web.png\",\"contentUrl\":\"https:\/\/radioinfinitagoya.com.ar\/v1\/wp-content\/uploads\/2019\/11\/logo-pie-web.png\",\"width\":635,\"height\":326,\"caption\":\"Radio Infinita Goya\"},\"image\":{\"@id\":\"https:\/\/radioinfinitagoya.com.ar\/v1\/#\/schema\/logo\/image\/\"},\"sameAs\":[\"https:\/\/www.facebook.com\/p\/Infinita-Goya-100063870918311\/\"]},{\"@type\":\"Person\",\"@id\":\"https:\/\/radioinfinitagoya.com.ar\/v1\/#\/schema\/person\/d4cf9c413d4f6edb24aabdccab49ca4a\",\"name\":\"Jorge Mi\u00f1o\",\"image\":{\"@type\":\"ImageObject\",\"inLanguage\":\"es-AR\",\"@id\":\"https:\/\/secure.gravatar.com\/avatar\/910fcf6728fe95320e07a6643c1581fec1c7fc4bf8ae12e3d8f0d0373dc844be?s=96&d=mm&r=g\",\"url\":\"https:\/\/secure.gravatar.com\/avatar\/910fcf6728fe95320e07a6643c1581fec1c7fc4bf8ae12e3d8f0d0373dc844be?s=96&d=mm&r=g\",\"contentUrl\":\"https:\/\/secure.gravatar.com\/avatar\/910fcf6728fe95320e07a6643c1581fec1c7fc4bf8ae12e3d8f0d0373dc844be?s=96&d=mm&r=g\",\"caption\":\"Jorge Mi\u00f1o\"},\"sameAs\":[\"http:\/\/radioinfinitagoya.com.ar\"]}]}<\/script>\n<!-- \/ Yoast SEO plugin. -->","yoast_head_json":{"title":"Argentina negocia un acuerdo con EEUU que recorte los aranceles impuestos por Trump - Radio Infinita Goya","description":"Es la segunda vez en 20 d\u00edas que una comisi\u00f3n t\u00e9cnica de la Canciller\u00eda y el Ministerio de Econom\u00eda se encuentra con representantes de la administraci\u00f3n","robots":{"index":"index","follow":"follow","max-snippet":"max-snippet:-1","max-image-preview":"max-image-preview:large","max-video-preview":"max-video-preview:-1"},"canonical":"https:\/\/radioinfinitagoya.com.ar\/v1\/2025\/06\/03\/argentina-negocia-un-acuerdo-con-eeuu-que-recorte-los-aranceles-impuestos-por-trump\/","og_locale":"es_ES","og_type":"article","og_title":"Argentina negocia un acuerdo con EEUU que recorte los aranceles impuestos por Trump - Radio Infinita Goya","og_description":"Es la segunda vez en 20 d\u00edas que una comisi\u00f3n t\u00e9cnica de la Canciller\u00eda y el Ministerio de Econom\u00eda se encuentra con representantes de la administraci\u00f3n","og_url":"https:\/\/radioinfinitagoya.com.ar\/v1\/2025\/06\/03\/argentina-negocia-un-acuerdo-con-eeuu-que-recorte-los-aranceles-impuestos-por-trump\/","og_site_name":"Radio Infinita Goya","article_publisher":"https:\/\/www.facebook.com\/p\/Infinita-Goya-100063870918311\/","article_published_time":"2025-06-03T19:33:57+00:00","og_image":[{"width":680,"height":454,"url":"https:\/\/radioinfinitagoya.com.ar\/v1\/wp-content\/uploads\/2025\/06\/GkbGhiCWcAAjT3q.jpg","type":"image\/jpeg"}],"author":"Jorge Mi\u00f1o","twitter_card":"summary_large_image","twitter_misc":{"Escrito por":"Jorge Mi\u00f1o","Tiempo de lectura":"5 minutos"},"schema":{"@context":"https:\/\/schema.org","@graph":[{"@type":"Article","@id":"https:\/\/radioinfinitagoya.com.ar\/v1\/2025\/06\/03\/argentina-negocia-un-acuerdo-con-eeuu-que-recorte-los-aranceles-impuestos-por-trump\/#article","isPartOf":{"@id":"https:\/\/radioinfinitagoya.com.ar\/v1\/2025\/06\/03\/argentina-negocia-un-acuerdo-con-eeuu-que-recorte-los-aranceles-impuestos-por-trump\/"},"author":{"name":"Jorge Mi\u00f1o","@id":"https:\/\/radioinfinitagoya.com.ar\/v1\/#\/schema\/person\/d4cf9c413d4f6edb24aabdccab49ca4a"},"headline":"Argentina negocia un acuerdo con EEUU que recorte los aranceles impuestos por Trump","datePublished":"2025-06-03T19:33:57+00:00","mainEntityOfPage":{"@id":"https:\/\/radioinfinitagoya.com.ar\/v1\/2025\/06\/03\/argentina-negocia-un-acuerdo-con-eeuu-que-recorte-los-aranceles-impuestos-por-trump\/"},"wordCount":988,"publisher":{"@id":"https:\/\/radioinfinitagoya.com.ar\/v1\/#organization"},"image":{"@id":"https:\/\/radioinfinitagoya.com.ar\/v1\/2025\/06\/03\/argentina-negocia-un-acuerdo-con-eeuu-que-recorte-los-aranceles-impuestos-por-trump\/#primaryimage"},"thumbnailUrl":"https:\/\/radioinfinitagoya.com.ar\/v1\/wp-content\/uploads\/2025\/06\/GkbGhiCWcAAjT3q.jpg","articleSection":["NACIONALES"],"inLanguage":"es-AR"},{"@type":"WebPage","@id":"https:\/\/radioinfinitagoya.com.ar\/v1\/2025\/06\/03\/argentina-negocia-un-acuerdo-con-eeuu-que-recorte-los-aranceles-impuestos-por-trump\/","url":"https:\/\/radioinfinitagoya.com.ar\/v1\/2025\/06\/03\/argentina-negocia-un-acuerdo-con-eeuu-que-recorte-los-aranceles-impuestos-por-trump\/","name":"Argentina negocia un acuerdo con EEUU que recorte los aranceles impuestos por Trump - Radio Infinita Goya","isPartOf":{"@id":"https:\/\/radioinfinitagoya.com.ar\/v1\/#website"},"primaryImageOfPage":{"@id":"https:\/\/radioinfinitagoya.com.ar\/v1\/2025\/06\/03\/argentina-negocia-un-acuerdo-con-eeuu-que-recorte-los-aranceles-impuestos-por-trump\/#primaryimage"},"image":{"@id":"https:\/\/radioinfinitagoya.com.ar\/v1\/2025\/06\/03\/argentina-negocia-un-acuerdo-con-eeuu-que-recorte-los-aranceles-impuestos-por-trump\/#primaryimage"},"thumbnailUrl":"https:\/\/radioinfinitagoya.com.ar\/v1\/wp-content\/uploads\/2025\/06\/GkbGhiCWcAAjT3q.jpg","datePublished":"2025-06-03T19:33:57+00:00","description":"Es la segunda vez en 20 d\u00edas que una comisi\u00f3n t\u00e9cnica de la Canciller\u00eda y el Ministerio de Econom\u00eda se encuentra con representantes de la administraci\u00f3n","breadcrumb":{"@id":"https:\/\/radioinfinitagoya.com.ar\/v1\/2025\/06\/03\/argentina-negocia-un-acuerdo-con-eeuu-que-recorte-los-aranceles-impuestos-por-trump\/#breadcrumb"},"inLanguage":"es-AR","potentialAction":[{"@type":"ReadAction","target":["https:\/\/radioinfinitagoya.com.ar\/v1\/2025\/06\/03\/argentina-negocia-un-acuerdo-con-eeuu-que-recorte-los-aranceles-impuestos-por-trump\/"]}]},{"@type":"ImageObject","inLanguage":"es-AR","@id":"https:\/\/radioinfinitagoya.com.ar\/v1\/2025\/06\/03\/argentina-negocia-un-acuerdo-con-eeuu-que-recorte-los-aranceles-impuestos-por-trump\/#primaryimage","url":"https:\/\/radioinfinitagoya.com.ar\/v1\/wp-content\/uploads\/2025\/06\/GkbGhiCWcAAjT3q.jpg","contentUrl":"https:\/\/radioinfinitagoya.com.ar\/v1\/wp-content\/uploads\/2025\/06\/GkbGhiCWcAAjT3q.jpg","width":680,"height":454},{"@type":"BreadcrumbList","@id":"https:\/\/radioinfinitagoya.com.ar\/v1\/2025\/06\/03\/argentina-negocia-un-acuerdo-con-eeuu-que-recorte-los-aranceles-impuestos-por-trump\/#breadcrumb","itemListElement":[{"@type":"ListItem","position":1,"name":"Inicio","item":"https:\/\/radioinfinitagoya.com.ar\/v1\/"},{"@type":"ListItem","position":2,"name":"Argentina negocia un acuerdo con EEUU que recorte los aranceles impuestos por Trump"}]},{"@type":"WebSite","@id":"https:\/\/radioinfinitagoya.com.ar\/v1\/#website","url":"https:\/\/radioinfinitagoya.com.ar\/v1\/","name":"radioinfinitagoya.com.ar","description":"Radio de noticias","publisher":{"@id":"https:\/\/radioinfinitagoya.com.ar\/v1\/#organization"},"potentialAction":[{"@type":"SearchAction","target":{"@type":"EntryPoint","urlTemplate":"https:\/\/radioinfinitagoya.com.ar\/v1\/?s={search_term_string}"},"query-input":{"@type":"PropertyValueSpecification","valueRequired":true,"valueName":"search_term_string"}}],"inLanguage":"es-AR"},{"@type":"Organization","@id":"https:\/\/radioinfinitagoya.com.ar\/v1\/#organization","name":"Radio Infinita Goya","url":"https:\/\/radioinfinitagoya.com.ar\/v1\/","logo":{"@type":"ImageObject","inLanguage":"es-AR","@id":"https:\/\/radioinfinitagoya.com.ar\/v1\/#\/schema\/logo\/image\/","url":"https:\/\/radioinfinitagoya.com.ar\/v1\/wp-content\/uploads\/2019\/11\/logo-pie-web.png","contentUrl":"https:\/\/radioinfinitagoya.com.ar\/v1\/wp-content\/uploads\/2019\/11\/logo-pie-web.png","width":635,"height":326,"caption":"Radio Infinita Goya"},"image":{"@id":"https:\/\/radioinfinitagoya.com.ar\/v1\/#\/schema\/logo\/image\/"},"sameAs":["https:\/\/www.facebook.com\/p\/Infinita-Goya-100063870918311\/"]},{"@type":"Person","@id":"https:\/\/radioinfinitagoya.com.ar\/v1\/#\/schema\/person\/d4cf9c413d4f6edb24aabdccab49ca4a","name":"Jorge Mi\u00f1o","image":{"@type":"ImageObject","inLanguage":"es-AR","@id":"https:\/\/secure.gravatar.com\/avatar\/910fcf6728fe95320e07a6643c1581fec1c7fc4bf8ae12e3d8f0d0373dc844be?s=96&d=mm&r=g","url":"https:\/\/secure.gravatar.com\/avatar\/910fcf6728fe95320e07a6643c1581fec1c7fc4bf8ae12e3d8f0d0373dc844be?s=96&d=mm&r=g","contentUrl":"https:\/\/secure.gravatar.com\/avatar\/910fcf6728fe95320e07a6643c1581fec1c7fc4bf8ae12e3d8f0d0373dc844be?s=96&d=mm&r=g","caption":"Jorge Mi\u00f1o"},"sameAs":["http:\/\/radioinfinitagoya.com.ar"]}]}},"_links":{"self":[{"href":"https:\/\/radioinfinitagoya.com.ar\/v1\/wp-json\/wp\/v2\/posts\/191087","targetHints":{"allow":["GET"]}}],"collection":[{"href":"https:\/\/radioinfinitagoya.com.ar\/v1\/wp-json\/wp\/v2\/posts"}],"about":[{"href":"https:\/\/radioinfinitagoya.com.ar\/v1\/wp-json\/wp\/v2\/types\/post"}],"author":[{"embeddable":true,"href":"https:\/\/radioinfinitagoya.com.ar\/v1\/wp-json\/wp\/v2\/users\/4"}],"replies":[{"embeddable":true,"href":"https:\/\/radioinfinitagoya.com.ar\/v1\/wp-json\/wp\/v2\/comments?post=191087"}],"version-history":[{"count":0,"href":"https:\/\/radioinfinitagoya.com.ar\/v1\/wp-json\/wp\/v2\/posts\/191087\/revisions"}],"wp:featuredmedia":[{"embeddable":true,"href":"https:\/\/radioinfinitagoya.com.ar\/v1\/wp-json\/wp\/v2\/media\/191088"}],"wp:attachment":[{"href":"https:\/\/radioinfinitagoya.com.ar\/v1\/wp-json\/wp\/v2\/media?parent=191087"}],"wp:term":[{"taxonomy":"category","embeddable":true,"href":"https:\/\/radioinfinitagoya.com.ar\/v1\/wp-json\/wp\/v2\/categories?post=191087"},{"taxonomy":"post_tag","embeddable":true,"href":"https:\/\/radioinfinitagoya.com.ar\/v1\/wp-json\/wp\/v2\/tags?post=191087"}],"curies":[{"name":"wp","href":"https:\/\/api.w.org\/{rel}","templated":true}]}}