{"id":191090,"date":"2025-06-03T16:39:04","date_gmt":"2025-06-03T19:39:04","guid":{"rendered":"https:\/\/radioinfinitagoya.com.ar\/v1\/?p=191090"},"modified":"2025-06-03T16:39:04","modified_gmt":"2025-06-03T19:39:04","slug":"llamaron-a-una-licitacion-publica-para-la-concesion-de-la-ruta-del-mercosur","status":"publish","type":"post","link":"https:\/\/radioinfinitagoya.com.ar\/v1\/2025\/06\/03\/llamaron-a-una-licitacion-publica-para-la-concesion-de-la-ruta-del-mercosur\/","title":{"rendered":"Llamaron a una licitaci\u00f3n p\u00fablica para la concesi\u00f3n de la \u201cRuta del Mercosur\u201d"},"content":{"rendered":"<p>A trav\u00e9s de una resoluci\u00f3n publicada en el Bolet\u00edn Oficial, el Gobierno convoc\u00f3 a empresas nacionales e internacionales a presentar sus propuestas<\/p>\n<p>El Gobierno avanza con el plan de privatizaci\u00f3n de las concesiones de la denominada \u201cRuta del Mercosur\u201d. El Ministerio de Econom\u00eda, a trav\u00e9s de la Secretar\u00eda de Transporte, oficializ\u00f3 el llamado a Licitaci\u00f3n P\u00fablica Nacional e Internacional para la concesi\u00f3n de los tramos \u201cOriental\u201d y \u201cConexi\u00f3n\u201d del proyecto Red Federal de Concesiones \u2013 Etapa 1.<\/p>\n<p>La medida, firmada por el secretario Luis Octavio Pierrini y publicada esta madrugada en el Bolet\u00edn Oficial, establece la apertura de ofertas para el 5 de agosto de 2025. El proceso impacta directamente en la infraestructura vial de las provincias de Entre R\u00edos y Corrientes, y en los pasos fronterizos con Uruguay y Brasil.<\/p>\n<p>A trav\u00e9s de la resoluci\u00f3n 29\/2025, se convoca a empresas nacionales e internacionales a presentar propuestas para la construcci\u00f3n, explotaci\u00f3n, administraci\u00f3n, reparaci\u00f3n, ampliaci\u00f3n, conservaci\u00f3n y mantenimiento de los tramos mencionados, bajo el r\u00e9gimen de concesi\u00f3n de obra p\u00fablica por peaje. El llamado incluye la prestaci\u00f3n de servicios al usuario y la posibilidad de desarrollar explotaciones complementarias que generen ingresos adicionales.<\/p>\n<p>El Tramo Oriental abarca rutas que conectan tres provincias y tres pasos internacionales: el Puente Internacional General Artigas (Col\u00f3n, Entre R\u00edos \u2013 Paysand\u00fa, Uruguay), el acceso a la Represa Binacional Salto Grande (Concordia, Entre R\u00edos \u2013 Salto, Uruguay) y el Puente Internacional Paso de los Libres (Corrientes \u2013 Uruguayana, Brasil).<\/p>\n<p>Ruta Nacional N\u00b0 12: desde Fin Distribuidor RNN\u00b09 \u2013 Z\u00e1rate (Buenos Aires) hasta Empalme RP N\u00b0 16 \u2013 Gualeguay (Entre Rios) &#8211; Longitud de 144,46 km<\/p>\n<p>Ruta Nacional N\u00b0 14: desde Emp. RNN\u00b012 \u2013 Ceibas (Entre R\u00edos) hasta Emp. RNN\u00b0117 \u2013 Paso de los Libres (Corrientes) &#8211; Longitud de 497,33 km<\/p>\n<p>Ruta Nacional N\u00b0 135: desde Emp. RNN\u00b014 \u2013 Col\u00f3n (Entre R\u00edos) hasta Junta inicio acceso Puente Internacional Gral. Artigas (Entre R\u00edos) &#8211; Longitud de 12,94 km<\/p>\n<p>Ruta Nacional A015: desde Emp. RNN\u00b014 \u2013 Concordia (Entre R\u00edos) hasta Junta inicio pavimento articulado acceso Represa Salto Grande (Entre R\u00edos) &#8211; Longitud de 14,67 km<\/p>\n<p>Ruta Nacional 117: desde Emp. RNN\u00b014 \u2013 Paso de los Libres (Corrientes) hasta Limite Internacional Argentina \u2013 Brasil &#8211; Puente Internacional Agust\u00edn P. Justo &#8211; Longitud de 12,88 km<\/p>\n<p>El Tramo Conexi\u00f3n tambi\u00e9n se considera estrat\u00e9gico para el desarrollo econ\u00f3mico y log\u00edstico nacional.<\/p>\n<p>La decisi\u00f3n se produce tras el fin de la concesi\u00f3n anterior otorgada a Caminos del R\u00edo Uruguay S.A. de Construcciones y Concesiones Viales, seg\u00fan consta en el acta firmada por el Administrador General de la Direcci\u00f3n Nacional de Vialidad y el presidente de la empresa.<\/p>\n<p>El documento cita: \u201cEl d\u00eda 9 de abril de 2025, a las 0.00 horas, se extingue la Concesi\u00f3n por el vencimiento del plazo en orden a lo establecido expresamente en la cl\u00e1usula decimooctava del Acta Acuerdo de Reformulaci\u00f3n del Contrato de Concesi\u00f3n de Obra P\u00fablica\u2026 aprobada por el Decreto 1019\/96\u201d.<\/p>\n<p>El proceso licitatorio se enmarca en la Ley 17.520 y sus modificatorias, as\u00ed como en la Ley de Bases y Puntos de Partida para la Libertad de los Argentinos, que establece lineamientos para la reorganizaci\u00f3n administrativa y la mejora de la gesti\u00f3n p\u00fablica. El Decreto 28\/2025 dispuso que los tramos y rutas de la Red Vial Nacional sean licitados en un plazo de doce meses, delegando en el Ministerio de Econom\u00eda, a trav\u00e9s de la Secretar\u00eda de Transporte, la convocatoria, adjudicaci\u00f3n y suscripci\u00f3n de los contratos.<\/p>\n<p>La resoluci\u00f3n aprueba los pliegos de bases y condiciones generales y particulares, los formularios de cotizaci\u00f3n, el modelo de contrato y las especificaciones t\u00e9cnicas, que estar\u00e1n disponibles para consulta y descarga en el portal CONTRAT.AR.<\/p>\n<p>La Comisi\u00f3n de Concesiones que evaluar\u00e1 las propuestas estar\u00e1 integrada por Marcelo Jorge Campoy, Ra\u00fal Fernando Abalos Gorostiaga y Fernando Exequiel Liendo como miembros titulares, y por Mariano Ignacio Plencovich, Mar\u00eda Elisa Osano Cerde\u00f1a y Marcelo Guillermo Bianchi como suplentes. Esta se expedir\u00e1 sobre las ofertas conforme a los pliegos aprobados.<\/p>\n<p>El proceso de licitaci\u00f3n se desarroll\u00f3 tras la realizaci\u00f3n de audiencias p\u00fablicas en Gualeguaych\u00fa y Victoria, Entre R\u00edos, los d\u00edas 25 y 27 de febrero de 2025, respectivamente. En esas instancias participaron autoridades nacionales, provinciales y locales, as\u00ed como organizaciones p\u00fablicas y privadas. Los informes de cierre de las audiencias fueron aprobados por la Direcci\u00f3n Nacional de Vialidad mediante la resoluci\u00f3n 501 del 26 de marzo de 2025.<\/p>\n<p>El documento destaca: \u201cEl mencionado Tramo es de suma importancia, no solo para la regi\u00f3n del Litoral argentino, sino para todo el Mercado Com\u00fan del Sur (MERCOSUR), al conectar tres de las cuatro naciones miembros de ese organismo intergubernamental por v\u00eda terrestre\u201d.<\/p>\n<p>&nbsp;<\/p>\n","protected":false},"excerpt":{"rendered":"<p>A trav\u00e9s de una resoluci\u00f3n publicada en el Bolet\u00edn Oficial, el Gobierno convoc\u00f3 a empresas nacionales e internacionales a presentar sus propuestas El Gobierno avanza con el plan de privatizaci\u00f3n de las concesiones de la denominada \u201cRuta del Mercosur\u201d. El Ministerio de Econom\u00eda, a trav\u00e9s de la Secretar\u00eda de Transporte, oficializ\u00f3 el llamado a Licitaci\u00f3n [&hellip;]<\/p>\n","protected":false},"author":4,"featured_media":191091,"comment_status":"closed","ping_status":"closed","sticky":false,"template":"","format":"standard","meta":{"_joinchat":[],"footnotes":""},"categories":[29],"tags":[],"class_list":{"0":"post-191090","1":"post","2":"type-post","3":"status-publish","4":"format-standard","5":"has-post-thumbnail","7":"category-nacionales"},"yoast_head":"<!-- This site is optimized with the Yoast SEO plugin v27.2 - https:\/\/yoast.com\/product\/yoast-seo-wordpress\/ -->\n<title>Llamaron a una licitaci\u00f3n p\u00fablica para la concesi\u00f3n de la \u201cRuta del Mercosur\u201d - Radio Infinita Goya<\/title>\n<meta name=\"description\" content=\"A trav\u00e9s de una resoluci\u00f3n publicada en el Bolet\u00edn Oficial, el Gobierno convoc\u00f3 a empresas nacionales e internacionales a presentar sus propuestas El\" \/>\n<meta name=\"robots\" content=\"index, follow, max-snippet:-1, max-image-preview:large, max-video-preview:-1\" \/>\n<link rel=\"canonical\" href=\"https:\/\/radioinfinitagoya.com.ar\/v1\/2025\/06\/03\/llamaron-a-una-licitacion-publica-para-la-concesion-de-la-ruta-del-mercosur\/\" \/>\n<meta property=\"og:locale\" content=\"es_ES\" \/>\n<meta property=\"og:type\" content=\"article\" \/>\n<meta property=\"og:title\" content=\"Llamaron a una licitaci\u00f3n p\u00fablica para la concesi\u00f3n de la \u201cRuta del Mercosur\u201d - Radio Infinita Goya\" \/>\n<meta property=\"og:description\" content=\"A trav\u00e9s de una resoluci\u00f3n publicada en el Bolet\u00edn Oficial, el Gobierno convoc\u00f3 a empresas nacionales e internacionales a presentar sus propuestas El\" \/>\n<meta property=\"og:url\" content=\"https:\/\/radioinfinitagoya.com.ar\/v1\/2025\/06\/03\/llamaron-a-una-licitacion-publica-para-la-concesion-de-la-ruta-del-mercosur\/\" \/>\n<meta property=\"og:site_name\" content=\"Radio Infinita Goya\" \/>\n<meta property=\"article:publisher\" content=\"https:\/\/www.facebook.com\/p\/Infinita-Goya-100063870918311\/\" \/>\n<meta property=\"article:published_time\" content=\"2025-06-03T19:39:04+00:00\" \/>\n<meta property=\"og:image\" content=\"https:\/\/radioinfinitagoya.com.ar\/v1\/wp-content\/uploads\/2025\/06\/WoAFwU1.jpg\" \/>\n\t<meta property=\"og:image:width\" content=\"680\" \/>\n\t<meta property=\"og:image:height\" content=\"340\" \/>\n\t<meta property=\"og:image:type\" content=\"image\/jpeg\" \/>\n<meta name=\"author\" content=\"Jorge Mi\u00f1o\" \/>\n<meta name=\"twitter:card\" content=\"summary_large_image\" \/>\n<meta name=\"twitter:label1\" content=\"Escrito por\" \/>\n\t<meta name=\"twitter:data1\" content=\"Jorge Mi\u00f1o\" \/>\n\t<meta name=\"twitter:label2\" content=\"Tiempo de lectura\" \/>\n\t<meta name=\"twitter:data2\" content=\"4 minutos\" \/>\n<script type=\"application\/ld+json\" class=\"yoast-schema-graph\">{\"@context\":\"https:\/\/schema.org\",\"@graph\":[{\"@type\":\"Article\",\"@id\":\"https:\/\/radioinfinitagoya.com.ar\/v1\/2025\/06\/03\/llamaron-a-una-licitacion-publica-para-la-concesion-de-la-ruta-del-mercosur\/#article\",\"isPartOf\":{\"@id\":\"https:\/\/radioinfinitagoya.com.ar\/v1\/2025\/06\/03\/llamaron-a-una-licitacion-publica-para-la-concesion-de-la-ruta-del-mercosur\/\"},\"author\":{\"name\":\"Jorge Mi\u00f1o\",\"@id\":\"https:\/\/radioinfinitagoya.com.ar\/v1\/#\/schema\/person\/d4cf9c413d4f6edb24aabdccab49ca4a\"},\"headline\":\"Llamaron a una licitaci\u00f3n p\u00fablica para la concesi\u00f3n de la \u201cRuta del Mercosur\u201d\",\"datePublished\":\"2025-06-03T19:39:04+00:00\",\"mainEntityOfPage\":{\"@id\":\"https:\/\/radioinfinitagoya.com.ar\/v1\/2025\/06\/03\/llamaron-a-una-licitacion-publica-para-la-concesion-de-la-ruta-del-mercosur\/\"},\"wordCount\":824,\"publisher\":{\"@id\":\"https:\/\/radioinfinitagoya.com.ar\/v1\/#organization\"},\"image\":{\"@id\":\"https:\/\/radioinfinitagoya.com.ar\/v1\/2025\/06\/03\/llamaron-a-una-licitacion-publica-para-la-concesion-de-la-ruta-del-mercosur\/#primaryimage\"},\"thumbnailUrl\":\"https:\/\/radioinfinitagoya.com.ar\/v1\/wp-content\/uploads\/2025\/06\/WoAFwU1.jpg\",\"articleSection\":[\"NACIONALES\"],\"inLanguage\":\"es-AR\"},{\"@type\":\"WebPage\",\"@id\":\"https:\/\/radioinfinitagoya.com.ar\/v1\/2025\/06\/03\/llamaron-a-una-licitacion-publica-para-la-concesion-de-la-ruta-del-mercosur\/\",\"url\":\"https:\/\/radioinfinitagoya.com.ar\/v1\/2025\/06\/03\/llamaron-a-una-licitacion-publica-para-la-concesion-de-la-ruta-del-mercosur\/\",\"name\":\"Llamaron a una licitaci\u00f3n p\u00fablica para la concesi\u00f3n de la \u201cRuta del Mercosur\u201d - Radio Infinita Goya\",\"isPartOf\":{\"@id\":\"https:\/\/radioinfinitagoya.com.ar\/v1\/#website\"},\"primaryImageOfPage\":{\"@id\":\"https:\/\/radioinfinitagoya.com.ar\/v1\/2025\/06\/03\/llamaron-a-una-licitacion-publica-para-la-concesion-de-la-ruta-del-mercosur\/#primaryimage\"},\"image\":{\"@id\":\"https:\/\/radioinfinitagoya.com.ar\/v1\/2025\/06\/03\/llamaron-a-una-licitacion-publica-para-la-concesion-de-la-ruta-del-mercosur\/#primaryimage\"},\"thumbnailUrl\":\"https:\/\/radioinfinitagoya.com.ar\/v1\/wp-content\/uploads\/2025\/06\/WoAFwU1.jpg\",\"datePublished\":\"2025-06-03T19:39:04+00:00\",\"description\":\"A trav\u00e9s de una resoluci\u00f3n publicada en el Bolet\u00edn Oficial, el Gobierno convoc\u00f3 a empresas nacionales e internacionales a presentar sus propuestas El\",\"breadcrumb\":{\"@id\":\"https:\/\/radioinfinitagoya.com.ar\/v1\/2025\/06\/03\/llamaron-a-una-licitacion-publica-para-la-concesion-de-la-ruta-del-mercosur\/#breadcrumb\"},\"inLanguage\":\"es-AR\",\"potentialAction\":[{\"@type\":\"ReadAction\",\"target\":[\"https:\/\/radioinfinitagoya.com.ar\/v1\/2025\/06\/03\/llamaron-a-una-licitacion-publica-para-la-concesion-de-la-ruta-del-mercosur\/\"]}]},{\"@type\":\"ImageObject\",\"inLanguage\":\"es-AR\",\"@id\":\"https:\/\/radioinfinitagoya.com.ar\/v1\/2025\/06\/03\/llamaron-a-una-licitacion-publica-para-la-concesion-de-la-ruta-del-mercosur\/#primaryimage\",\"url\":\"https:\/\/radioinfinitagoya.com.ar\/v1\/wp-content\/uploads\/2025\/06\/WoAFwU1.jpg\",\"contentUrl\":\"https:\/\/radioinfinitagoya.com.ar\/v1\/wp-content\/uploads\/2025\/06\/WoAFwU1.jpg\",\"width\":680,\"height\":340},{\"@type\":\"BreadcrumbList\",\"@id\":\"https:\/\/radioinfinitagoya.com.ar\/v1\/2025\/06\/03\/llamaron-a-una-licitacion-publica-para-la-concesion-de-la-ruta-del-mercosur\/#breadcrumb\",\"itemListElement\":[{\"@type\":\"ListItem\",\"position\":1,\"name\":\"Inicio\",\"item\":\"https:\/\/radioinfinitagoya.com.ar\/v1\/\"},{\"@type\":\"ListItem\",\"position\":2,\"name\":\"Llamaron a una licitaci\u00f3n p\u00fablica para la concesi\u00f3n de la \u201cRuta del Mercosur\u201d\"}]},{\"@type\":\"WebSite\",\"@id\":\"https:\/\/radioinfinitagoya.com.ar\/v1\/#website\",\"url\":\"https:\/\/radioinfinitagoya.com.ar\/v1\/\",\"name\":\"radioinfinitagoya.com.ar\",\"description\":\"Radio de noticias\",\"publisher\":{\"@id\":\"https:\/\/radioinfinitagoya.com.ar\/v1\/#organization\"},\"potentialAction\":[{\"@type\":\"SearchAction\",\"target\":{\"@type\":\"EntryPoint\",\"urlTemplate\":\"https:\/\/radioinfinitagoya.com.ar\/v1\/?s={search_term_string}\"},\"query-input\":{\"@type\":\"PropertyValueSpecification\",\"valueRequired\":true,\"valueName\":\"search_term_string\"}}],\"inLanguage\":\"es-AR\"},{\"@type\":\"Organization\",\"@id\":\"https:\/\/radioinfinitagoya.com.ar\/v1\/#organization\",\"name\":\"Radio Infinita Goya\",\"url\":\"https:\/\/radioinfinitagoya.com.ar\/v1\/\",\"logo\":{\"@type\":\"ImageObject\",\"inLanguage\":\"es-AR\",\"@id\":\"https:\/\/radioinfinitagoya.com.ar\/v1\/#\/schema\/logo\/image\/\",\"url\":\"https:\/\/radioinfinitagoya.com.ar\/v1\/wp-content\/uploads\/2019\/11\/logo-pie-web.png\",\"contentUrl\":\"https:\/\/radioinfinitagoya.com.ar\/v1\/wp-content\/uploads\/2019\/11\/logo-pie-web.png\",\"width\":635,\"height\":326,\"caption\":\"Radio Infinita Goya\"},\"image\":{\"@id\":\"https:\/\/radioinfinitagoya.com.ar\/v1\/#\/schema\/logo\/image\/\"},\"sameAs\":[\"https:\/\/www.facebook.com\/p\/Infinita-Goya-100063870918311\/\"]},{\"@type\":\"Person\",\"@id\":\"https:\/\/radioinfinitagoya.com.ar\/v1\/#\/schema\/person\/d4cf9c413d4f6edb24aabdccab49ca4a\",\"name\":\"Jorge Mi\u00f1o\",\"image\":{\"@type\":\"ImageObject\",\"inLanguage\":\"es-AR\",\"@id\":\"https:\/\/secure.gravatar.com\/avatar\/910fcf6728fe95320e07a6643c1581fec1c7fc4bf8ae12e3d8f0d0373dc844be?s=96&d=mm&r=g\",\"url\":\"https:\/\/secure.gravatar.com\/avatar\/910fcf6728fe95320e07a6643c1581fec1c7fc4bf8ae12e3d8f0d0373dc844be?s=96&d=mm&r=g\",\"contentUrl\":\"https:\/\/secure.gravatar.com\/avatar\/910fcf6728fe95320e07a6643c1581fec1c7fc4bf8ae12e3d8f0d0373dc844be?s=96&d=mm&r=g\",\"caption\":\"Jorge Mi\u00f1o\"},\"sameAs\":[\"http:\/\/radioinfinitagoya.com.ar\"]}]}<\/script>\n<!-- \/ Yoast SEO plugin. -->","yoast_head_json":{"title":"Llamaron a una licitaci\u00f3n p\u00fablica para la concesi\u00f3n de la \u201cRuta del Mercosur\u201d - Radio Infinita Goya","description":"A trav\u00e9s de una resoluci\u00f3n publicada en el Bolet\u00edn Oficial, el Gobierno convoc\u00f3 a empresas nacionales e internacionales a presentar sus propuestas El","robots":{"index":"index","follow":"follow","max-snippet":"max-snippet:-1","max-image-preview":"max-image-preview:large","max-video-preview":"max-video-preview:-1"},"canonical":"https:\/\/radioinfinitagoya.com.ar\/v1\/2025\/06\/03\/llamaron-a-una-licitacion-publica-para-la-concesion-de-la-ruta-del-mercosur\/","og_locale":"es_ES","og_type":"article","og_title":"Llamaron a una licitaci\u00f3n p\u00fablica para la concesi\u00f3n de la \u201cRuta del Mercosur\u201d - Radio Infinita Goya","og_description":"A trav\u00e9s de una resoluci\u00f3n publicada en el Bolet\u00edn Oficial, el Gobierno convoc\u00f3 a empresas nacionales e internacionales a presentar sus propuestas El","og_url":"https:\/\/radioinfinitagoya.com.ar\/v1\/2025\/06\/03\/llamaron-a-una-licitacion-publica-para-la-concesion-de-la-ruta-del-mercosur\/","og_site_name":"Radio Infinita Goya","article_publisher":"https:\/\/www.facebook.com\/p\/Infinita-Goya-100063870918311\/","article_published_time":"2025-06-03T19:39:04+00:00","og_image":[{"width":680,"height":340,"url":"https:\/\/radioinfinitagoya.com.ar\/v1\/wp-content\/uploads\/2025\/06\/WoAFwU1.jpg","type":"image\/jpeg"}],"author":"Jorge Mi\u00f1o","twitter_card":"summary_large_image","twitter_misc":{"Escrito por":"Jorge Mi\u00f1o","Tiempo de lectura":"4 minutos"},"schema":{"@context":"https:\/\/schema.org","@graph":[{"@type":"Article","@id":"https:\/\/radioinfinitagoya.com.ar\/v1\/2025\/06\/03\/llamaron-a-una-licitacion-publica-para-la-concesion-de-la-ruta-del-mercosur\/#article","isPartOf":{"@id":"https:\/\/radioinfinitagoya.com.ar\/v1\/2025\/06\/03\/llamaron-a-una-licitacion-publica-para-la-concesion-de-la-ruta-del-mercosur\/"},"author":{"name":"Jorge Mi\u00f1o","@id":"https:\/\/radioinfinitagoya.com.ar\/v1\/#\/schema\/person\/d4cf9c413d4f6edb24aabdccab49ca4a"},"headline":"Llamaron a una licitaci\u00f3n p\u00fablica para la concesi\u00f3n de la \u201cRuta del Mercosur\u201d","datePublished":"2025-06-03T19:39:04+00:00","mainEntityOfPage":{"@id":"https:\/\/radioinfinitagoya.com.ar\/v1\/2025\/06\/03\/llamaron-a-una-licitacion-publica-para-la-concesion-de-la-ruta-del-mercosur\/"},"wordCount":824,"publisher":{"@id":"https:\/\/radioinfinitagoya.com.ar\/v1\/#organization"},"image":{"@id":"https:\/\/radioinfinitagoya.com.ar\/v1\/2025\/06\/03\/llamaron-a-una-licitacion-publica-para-la-concesion-de-la-ruta-del-mercosur\/#primaryimage"},"thumbnailUrl":"https:\/\/radioinfinitagoya.com.ar\/v1\/wp-content\/uploads\/2025\/06\/WoAFwU1.jpg","articleSection":["NACIONALES"],"inLanguage":"es-AR"},{"@type":"WebPage","@id":"https:\/\/radioinfinitagoya.com.ar\/v1\/2025\/06\/03\/llamaron-a-una-licitacion-publica-para-la-concesion-de-la-ruta-del-mercosur\/","url":"https:\/\/radioinfinitagoya.com.ar\/v1\/2025\/06\/03\/llamaron-a-una-licitacion-publica-para-la-concesion-de-la-ruta-del-mercosur\/","name":"Llamaron a una licitaci\u00f3n p\u00fablica para la concesi\u00f3n de la \u201cRuta del Mercosur\u201d - Radio Infinita Goya","isPartOf":{"@id":"https:\/\/radioinfinitagoya.com.ar\/v1\/#website"},"primaryImageOfPage":{"@id":"https:\/\/radioinfinitagoya.com.ar\/v1\/2025\/06\/03\/llamaron-a-una-licitacion-publica-para-la-concesion-de-la-ruta-del-mercosur\/#primaryimage"},"image":{"@id":"https:\/\/radioinfinitagoya.com.ar\/v1\/2025\/06\/03\/llamaron-a-una-licitacion-publica-para-la-concesion-de-la-ruta-del-mercosur\/#primaryimage"},"thumbnailUrl":"https:\/\/radioinfinitagoya.com.ar\/v1\/wp-content\/uploads\/2025\/06\/WoAFwU1.jpg","datePublished":"2025-06-03T19:39:04+00:00","description":"A trav\u00e9s de una resoluci\u00f3n publicada en el Bolet\u00edn Oficial, el Gobierno convoc\u00f3 a empresas nacionales e internacionales a presentar sus propuestas El","breadcrumb":{"@id":"https:\/\/radioinfinitagoya.com.ar\/v1\/2025\/06\/03\/llamaron-a-una-licitacion-publica-para-la-concesion-de-la-ruta-del-mercosur\/#breadcrumb"},"inLanguage":"es-AR","potentialAction":[{"@type":"ReadAction","target":["https:\/\/radioinfinitagoya.com.ar\/v1\/2025\/06\/03\/llamaron-a-una-licitacion-publica-para-la-concesion-de-la-ruta-del-mercosur\/"]}]},{"@type":"ImageObject","inLanguage":"es-AR","@id":"https:\/\/radioinfinitagoya.com.ar\/v1\/2025\/06\/03\/llamaron-a-una-licitacion-publica-para-la-concesion-de-la-ruta-del-mercosur\/#primaryimage","url":"https:\/\/radioinfinitagoya.com.ar\/v1\/wp-content\/uploads\/2025\/06\/WoAFwU1.jpg","contentUrl":"https:\/\/radioinfinitagoya.com.ar\/v1\/wp-content\/uploads\/2025\/06\/WoAFwU1.jpg","width":680,"height":340},{"@type":"BreadcrumbList","@id":"https:\/\/radioinfinitagoya.com.ar\/v1\/2025\/06\/03\/llamaron-a-una-licitacion-publica-para-la-concesion-de-la-ruta-del-mercosur\/#breadcrumb","itemListElement":[{"@type":"ListItem","position":1,"name":"Inicio","item":"https:\/\/radioinfinitagoya.com.ar\/v1\/"},{"@type":"ListItem","position":2,"name":"Llamaron a una licitaci\u00f3n p\u00fablica para la concesi\u00f3n de la \u201cRuta del Mercosur\u201d"}]},{"@type":"WebSite","@id":"https:\/\/radioinfinitagoya.com.ar\/v1\/#website","url":"https:\/\/radioinfinitagoya.com.ar\/v1\/","name":"radioinfinitagoya.com.ar","description":"Radio de noticias","publisher":{"@id":"https:\/\/radioinfinitagoya.com.ar\/v1\/#organization"},"potentialAction":[{"@type":"SearchAction","target":{"@type":"EntryPoint","urlTemplate":"https:\/\/radioinfinitagoya.com.ar\/v1\/?s={search_term_string}"},"query-input":{"@type":"PropertyValueSpecification","valueRequired":true,"valueName":"search_term_string"}}],"inLanguage":"es-AR"},{"@type":"Organization","@id":"https:\/\/radioinfinitagoya.com.ar\/v1\/#organization","name":"Radio Infinita Goya","url":"https:\/\/radioinfinitagoya.com.ar\/v1\/","logo":{"@type":"ImageObject","inLanguage":"es-AR","@id":"https:\/\/radioinfinitagoya.com.ar\/v1\/#\/schema\/logo\/image\/","url":"https:\/\/radioinfinitagoya.com.ar\/v1\/wp-content\/uploads\/2019\/11\/logo-pie-web.png","contentUrl":"https:\/\/radioinfinitagoya.com.ar\/v1\/wp-content\/uploads\/2019\/11\/logo-pie-web.png","width":635,"height":326,"caption":"Radio Infinita Goya"},"image":{"@id":"https:\/\/radioinfinitagoya.com.ar\/v1\/#\/schema\/logo\/image\/"},"sameAs":["https:\/\/www.facebook.com\/p\/Infinita-Goya-100063870918311\/"]},{"@type":"Person","@id":"https:\/\/radioinfinitagoya.com.ar\/v1\/#\/schema\/person\/d4cf9c413d4f6edb24aabdccab49ca4a","name":"Jorge Mi\u00f1o","image":{"@type":"ImageObject","inLanguage":"es-AR","@id":"https:\/\/secure.gravatar.com\/avatar\/910fcf6728fe95320e07a6643c1581fec1c7fc4bf8ae12e3d8f0d0373dc844be?s=96&d=mm&r=g","url":"https:\/\/secure.gravatar.com\/avatar\/910fcf6728fe95320e07a6643c1581fec1c7fc4bf8ae12e3d8f0d0373dc844be?s=96&d=mm&r=g","contentUrl":"https:\/\/secure.gravatar.com\/avatar\/910fcf6728fe95320e07a6643c1581fec1c7fc4bf8ae12e3d8f0d0373dc844be?s=96&d=mm&r=g","caption":"Jorge Mi\u00f1o"},"sameAs":["http:\/\/radioinfinitagoya.com.ar"]}]}},"_links":{"self":[{"href":"https:\/\/radioinfinitagoya.com.ar\/v1\/wp-json\/wp\/v2\/posts\/191090","targetHints":{"allow":["GET"]}}],"collection":[{"href":"https:\/\/radioinfinitagoya.com.ar\/v1\/wp-json\/wp\/v2\/posts"}],"about":[{"href":"https:\/\/radioinfinitagoya.com.ar\/v1\/wp-json\/wp\/v2\/types\/post"}],"author":[{"embeddable":true,"href":"https:\/\/radioinfinitagoya.com.ar\/v1\/wp-json\/wp\/v2\/users\/4"}],"replies":[{"embeddable":true,"href":"https:\/\/radioinfinitagoya.com.ar\/v1\/wp-json\/wp\/v2\/comments?post=191090"}],"version-history":[{"count":0,"href":"https:\/\/radioinfinitagoya.com.ar\/v1\/wp-json\/wp\/v2\/posts\/191090\/revisions"}],"wp:featuredmedia":[{"embeddable":true,"href":"https:\/\/radioinfinitagoya.com.ar\/v1\/wp-json\/wp\/v2\/media\/191091"}],"wp:attachment":[{"href":"https:\/\/radioinfinitagoya.com.ar\/v1\/wp-json\/wp\/v2\/media?parent=191090"}],"wp:term":[{"taxonomy":"category","embeddable":true,"href":"https:\/\/radioinfinitagoya.com.ar\/v1\/wp-json\/wp\/v2\/categories?post=191090"},{"taxonomy":"post_tag","embeddable":true,"href":"https:\/\/radioinfinitagoya.com.ar\/v1\/wp-json\/wp\/v2\/tags?post=191090"}],"curies":[{"name":"wp","href":"https:\/\/api.w.org\/{rel}","templated":true}]}}