{"id":191093,"date":"2025-06-03T16:43:29","date_gmt":"2025-06-03T19:43:29","guid":{"rendered":"https:\/\/radioinfinitagoya.com.ar\/v1\/?p=191093"},"modified":"2025-06-03T16:43:29","modified_gmt":"2025-06-03T19:43:29","slug":"el-fotografo-pablo-grillo-fue-dado-de-alta","status":"publish","type":"post","link":"https:\/\/radioinfinitagoya.com.ar\/v1\/2025\/06\/03\/el-fotografo-pablo-grillo-fue-dado-de-alta\/","title":{"rendered":"El fot\u00f3grafo Pablo Grillo fue dado de alta"},"content":{"rendered":"<p>El trabajador de prensa recibi\u00f3 el disparo de un tubo de gas lacrim\u00f3geno en la cabeza el pasado 12 de marzo, cuando hac\u00eda cobertura durante la macha de jubilados.<\/p>\n<p>Luego de casi tres meses de internaci\u00f3n y de luchar por su vida, tras haber sido herido gravemente por el ataque de un gendarme durante la represi\u00f3n a la protesta de jubilados del 12 de marzo pasado, el fotoperiodista Pablo Grillo recibi\u00f3 el alta en la ma\u00f1ana de este martes. La informaci\u00f3n fue confirmada por la cuenta de Instagram \u201cJusticia por Pablo Grillo\u201d, que sigui\u00f3 su evoluci\u00f3n desde aquel episodio.<\/p>\n<p>El anuncio fue recibido con alegr\u00eda y esperanza, ya que marca el inicio de una nueva etapa en el proceso de recuperaci\u00f3n de Pablo, quien ser\u00e1 derivado al Hospital de Rehabilitaci\u00f3n Manuel Rocca, para continuar con su tratamiento.<\/p>\n<p>La familia del joven celebr\u00f3 la noticia y lo destac\u00f3 como un momento de alivio en medio de una situaci\u00f3n que describieron como un \u201cinfierno\u201d.<\/p>\n<p>Asimismo, destacaron la importancia de la continuidad en la mejor\u00eda de Pablo para que el procedimiento se lleve a cabo seg\u00fan lo planeado.<\/p>\n<p>Tambi\u00e9n, expresaron su agradecimiento por el apoyo recibido durante el proceso, destacando la solidaridad y el acompa\u00f1amiento de quienes han estado presentes en los momentos m\u00e1s dif\u00edciles.<\/p>\n<p>\u00a1Gracias eternas por el cari\u00f1o, el apoyo y acompa\u00f1amiento!\u201d, manifestaron en la publicaci\u00f3n, reflejando el impacto emocional que ha tenido la noticia en familiares, amigos y seguidores.<\/p>\n<p>Desde que el fot\u00f3grafo fue agredido, la cuenta que reclama Justicia por la grave lesi\u00f3n que sufri\u00f3 mientras hac\u00eda su trabajo se ha convertido en un espacio de informaci\u00f3n y contenci\u00f3n para quienes siguen de cerca su evoluci\u00f3n.<\/p>\n<p>El anuncio concluy\u00f3 con un mensaje de aliento dirigido a Pablo, reafirmando el compromiso de quienes lo esperan y acompa\u00f1an en esta nueva etapa.<\/p>\n<p>Lucha y ganas de vivir<\/p>\n<p>En las \u00faltimas semanas, Grillo volvi\u00f3 a ser noticia al ser diagnosticado con un cuadro de hidrocefalia, lo que oblig\u00f3 \u00e1 a una nueva intervenci\u00f3n quir\u00fargica en el Hospital Ramos Mej\u00eda, donde permanece internado desde que fue agredido.<\/p>\n<p>El fot\u00f3grafo de 35 a\u00f1os, quien permaneci\u00f3 en terapia intensiva por casi tres meses, hab\u00eda sorprendido a su familia d\u00edas antes, al poder incorporarse luego de semanas postrado.<\/p>\n<p>\u201cFue incre\u00edble, sorpresivo. Est\u00e1bamos tomando mate en el patio del hospital y aparece por una especie de balc\u00f3n que hay alrededor. Se para, nos saluda&#8230; una emoci\u00f3n que no pod\u00eda controlarme. La verdad es incre\u00edble verlo as\u00ed despu\u00e9s de todo lo que pas\u00f3. Es asombroso. Gracias a los m\u00e9dicos, gracias al hospital p\u00fablico\u201d, manifest\u00f3 su pap\u00e1, Fabi\u00e1n Grillo. Tambi\u00e9n asegur\u00f3 que Pablo \u201cest\u00e1 muy embalado\u201d y que \u201cse est\u00e1 enterando de todo lo que est\u00e1 pasando y no lo puede creer\u201d.<\/p>\n<p>Este nuevo diagn\u00f3stico parec\u00eda un paso atr\u00e1s en la evoluci\u00f3n del joven fot\u00f3grafo, pero sus ganas de vivir y salir adelante volvieron a ponerlo de pie.<\/p>\n<p>Grillo fue herido de gravedad el pasado 12 de marzo, durante la tradicional marcha de jubilados al Congreso, cuando fue alcanzado por el disparo de una lata de gas lacrim\u00f3geno efectuado por un efectivo de Gendarmer\u00eda Nacional.<\/p>\n<p>El proyectil le impact\u00f3 en la frente mientras \u00e9l intentaba tomar una foto en Plaza Congreso y estuvo al borde la muerte. Casi tres meses despu\u00e9s, a pura lucha y aferr\u00e1ndose a la vida, el fot\u00f3grafo dejar\u00e1 el hospital Ramos Mej\u00eda para continuar su recuperaci\u00f3n en un centro especializado.<\/p>\n","protected":false},"excerpt":{"rendered":"<p>El trabajador de prensa recibi\u00f3 el disparo de un tubo de gas lacrim\u00f3geno en la cabeza el pasado 12 de marzo, cuando hac\u00eda cobertura durante la macha de jubilados. Luego de casi tres meses de internaci\u00f3n y de luchar por su vida, tras haber sido herido gravemente por el ataque de un gendarme durante la [&hellip;]<\/p>\n","protected":false},"author":4,"featured_media":191094,"comment_status":"closed","ping_status":"closed","sticky":false,"template":"","format":"standard","meta":{"_joinchat":[],"footnotes":""},"categories":[31],"tags":[],"class_list":{"0":"post-191093","1":"post","2":"type-post","3":"status-publish","4":"format-standard","5":"has-post-thumbnail","7":"category-informacion-general"},"yoast_head":"<!-- This site is optimized with the Yoast SEO plugin v27.2 - https:\/\/yoast.com\/product\/yoast-seo-wordpress\/ -->\n<title>El fot\u00f3grafo Pablo Grillo fue dado de alta - Radio Infinita Goya<\/title>\n<meta name=\"description\" content=\"El trabajador de prensa recibi\u00f3 el disparo de un tubo de gas lacrim\u00f3geno en la cabeza el pasado 12 de marzo, cuando hac\u00eda cobertura durante la macha de\" \/>\n<meta name=\"robots\" content=\"index, follow, max-snippet:-1, max-image-preview:large, max-video-preview:-1\" \/>\n<link rel=\"canonical\" href=\"https:\/\/radioinfinitagoya.com.ar\/v1\/2025\/06\/03\/el-fotografo-pablo-grillo-fue-dado-de-alta\/\" \/>\n<meta property=\"og:locale\" content=\"es_ES\" \/>\n<meta property=\"og:type\" content=\"article\" \/>\n<meta property=\"og:title\" content=\"El fot\u00f3grafo Pablo Grillo fue dado de alta - Radio Infinita Goya\" \/>\n<meta property=\"og:description\" content=\"El trabajador de prensa recibi\u00f3 el disparo de un tubo de gas lacrim\u00f3geno en la cabeza el pasado 12 de marzo, cuando hac\u00eda cobertura durante la macha de\" \/>\n<meta property=\"og:url\" content=\"https:\/\/radioinfinitagoya.com.ar\/v1\/2025\/06\/03\/el-fotografo-pablo-grillo-fue-dado-de-alta\/\" \/>\n<meta property=\"og:site_name\" content=\"Radio Infinita Goya\" \/>\n<meta property=\"article:publisher\" content=\"https:\/\/www.facebook.com\/p\/Infinita-Goya-100063870918311\/\" \/>\n<meta property=\"article:published_time\" content=\"2025-06-03T19:43:29+00:00\" \/>\n<meta property=\"og:image\" content=\"https:\/\/radioinfinitagoya.com.ar\/v1\/wp-content\/uploads\/2025\/06\/gdC9XKnd.jpg\" \/>\n\t<meta property=\"og:image:width\" content=\"679\" \/>\n\t<meta property=\"og:image:height\" content=\"565\" \/>\n\t<meta property=\"og:image:type\" content=\"image\/jpeg\" \/>\n<meta name=\"author\" content=\"Jorge Mi\u00f1o\" \/>\n<meta name=\"twitter:card\" content=\"summary_large_image\" \/>\n<meta name=\"twitter:label1\" content=\"Escrito por\" \/>\n\t<meta name=\"twitter:data1\" content=\"Jorge Mi\u00f1o\" \/>\n\t<meta name=\"twitter:label2\" content=\"Tiempo de lectura\" \/>\n\t<meta name=\"twitter:data2\" content=\"3 minutos\" \/>\n<script type=\"application\/ld+json\" class=\"yoast-schema-graph\">{\"@context\":\"https:\/\/schema.org\",\"@graph\":[{\"@type\":\"Article\",\"@id\":\"https:\/\/radioinfinitagoya.com.ar\/v1\/2025\/06\/03\/el-fotografo-pablo-grillo-fue-dado-de-alta\/#article\",\"isPartOf\":{\"@id\":\"https:\/\/radioinfinitagoya.com.ar\/v1\/2025\/06\/03\/el-fotografo-pablo-grillo-fue-dado-de-alta\/\"},\"author\":{\"name\":\"Jorge Mi\u00f1o\",\"@id\":\"https:\/\/radioinfinitagoya.com.ar\/v1\/#\/schema\/person\/d4cf9c413d4f6edb24aabdccab49ca4a\"},\"headline\":\"El fot\u00f3grafo Pablo Grillo fue dado de alta\",\"datePublished\":\"2025-06-03T19:43:29+00:00\",\"mainEntityOfPage\":{\"@id\":\"https:\/\/radioinfinitagoya.com.ar\/v1\/2025\/06\/03\/el-fotografo-pablo-grillo-fue-dado-de-alta\/\"},\"wordCount\":626,\"publisher\":{\"@id\":\"https:\/\/radioinfinitagoya.com.ar\/v1\/#organization\"},\"image\":{\"@id\":\"https:\/\/radioinfinitagoya.com.ar\/v1\/2025\/06\/03\/el-fotografo-pablo-grillo-fue-dado-de-alta\/#primaryimage\"},\"thumbnailUrl\":\"https:\/\/radioinfinitagoya.com.ar\/v1\/wp-content\/uploads\/2025\/06\/gdC9XKnd.jpg\",\"articleSection\":[\"INFORMACI\u00d3N GENERAL\"],\"inLanguage\":\"es-AR\"},{\"@type\":\"WebPage\",\"@id\":\"https:\/\/radioinfinitagoya.com.ar\/v1\/2025\/06\/03\/el-fotografo-pablo-grillo-fue-dado-de-alta\/\",\"url\":\"https:\/\/radioinfinitagoya.com.ar\/v1\/2025\/06\/03\/el-fotografo-pablo-grillo-fue-dado-de-alta\/\",\"name\":\"El fot\u00f3grafo Pablo Grillo fue dado de alta - Radio Infinita Goya\",\"isPartOf\":{\"@id\":\"https:\/\/radioinfinitagoya.com.ar\/v1\/#website\"},\"primaryImageOfPage\":{\"@id\":\"https:\/\/radioinfinitagoya.com.ar\/v1\/2025\/06\/03\/el-fotografo-pablo-grillo-fue-dado-de-alta\/#primaryimage\"},\"image\":{\"@id\":\"https:\/\/radioinfinitagoya.com.ar\/v1\/2025\/06\/03\/el-fotografo-pablo-grillo-fue-dado-de-alta\/#primaryimage\"},\"thumbnailUrl\":\"https:\/\/radioinfinitagoya.com.ar\/v1\/wp-content\/uploads\/2025\/06\/gdC9XKnd.jpg\",\"datePublished\":\"2025-06-03T19:43:29+00:00\",\"description\":\"El trabajador de prensa recibi\u00f3 el disparo de un tubo de gas lacrim\u00f3geno en la cabeza el pasado 12 de marzo, cuando hac\u00eda cobertura durante la macha de\",\"breadcrumb\":{\"@id\":\"https:\/\/radioinfinitagoya.com.ar\/v1\/2025\/06\/03\/el-fotografo-pablo-grillo-fue-dado-de-alta\/#breadcrumb\"},\"inLanguage\":\"es-AR\",\"potentialAction\":[{\"@type\":\"ReadAction\",\"target\":[\"https:\/\/radioinfinitagoya.com.ar\/v1\/2025\/06\/03\/el-fotografo-pablo-grillo-fue-dado-de-alta\/\"]}]},{\"@type\":\"ImageObject\",\"inLanguage\":\"es-AR\",\"@id\":\"https:\/\/radioinfinitagoya.com.ar\/v1\/2025\/06\/03\/el-fotografo-pablo-grillo-fue-dado-de-alta\/#primaryimage\",\"url\":\"https:\/\/radioinfinitagoya.com.ar\/v1\/wp-content\/uploads\/2025\/06\/gdC9XKnd.jpg\",\"contentUrl\":\"https:\/\/radioinfinitagoya.com.ar\/v1\/wp-content\/uploads\/2025\/06\/gdC9XKnd.jpg\",\"width\":679,\"height\":565},{\"@type\":\"BreadcrumbList\",\"@id\":\"https:\/\/radioinfinitagoya.com.ar\/v1\/2025\/06\/03\/el-fotografo-pablo-grillo-fue-dado-de-alta\/#breadcrumb\",\"itemListElement\":[{\"@type\":\"ListItem\",\"position\":1,\"name\":\"Inicio\",\"item\":\"https:\/\/radioinfinitagoya.com.ar\/v1\/\"},{\"@type\":\"ListItem\",\"position\":2,\"name\":\"El fot\u00f3grafo Pablo Grillo fue dado de alta\"}]},{\"@type\":\"WebSite\",\"@id\":\"https:\/\/radioinfinitagoya.com.ar\/v1\/#website\",\"url\":\"https:\/\/radioinfinitagoya.com.ar\/v1\/\",\"name\":\"radioinfinitagoya.com.ar\",\"description\":\"Radio de noticias\",\"publisher\":{\"@id\":\"https:\/\/radioinfinitagoya.com.ar\/v1\/#organization\"},\"potentialAction\":[{\"@type\":\"SearchAction\",\"target\":{\"@type\":\"EntryPoint\",\"urlTemplate\":\"https:\/\/radioinfinitagoya.com.ar\/v1\/?s={search_term_string}\"},\"query-input\":{\"@type\":\"PropertyValueSpecification\",\"valueRequired\":true,\"valueName\":\"search_term_string\"}}],\"inLanguage\":\"es-AR\"},{\"@type\":\"Organization\",\"@id\":\"https:\/\/radioinfinitagoya.com.ar\/v1\/#organization\",\"name\":\"Radio Infinita Goya\",\"url\":\"https:\/\/radioinfinitagoya.com.ar\/v1\/\",\"logo\":{\"@type\":\"ImageObject\",\"inLanguage\":\"es-AR\",\"@id\":\"https:\/\/radioinfinitagoya.com.ar\/v1\/#\/schema\/logo\/image\/\",\"url\":\"https:\/\/radioinfinitagoya.com.ar\/v1\/wp-content\/uploads\/2019\/11\/logo-pie-web.png\",\"contentUrl\":\"https:\/\/radioinfinitagoya.com.ar\/v1\/wp-content\/uploads\/2019\/11\/logo-pie-web.png\",\"width\":635,\"height\":326,\"caption\":\"Radio Infinita Goya\"},\"image\":{\"@id\":\"https:\/\/radioinfinitagoya.com.ar\/v1\/#\/schema\/logo\/image\/\"},\"sameAs\":[\"https:\/\/www.facebook.com\/p\/Infinita-Goya-100063870918311\/\"]},{\"@type\":\"Person\",\"@id\":\"https:\/\/radioinfinitagoya.com.ar\/v1\/#\/schema\/person\/d4cf9c413d4f6edb24aabdccab49ca4a\",\"name\":\"Jorge Mi\u00f1o\",\"image\":{\"@type\":\"ImageObject\",\"inLanguage\":\"es-AR\",\"@id\":\"https:\/\/secure.gravatar.com\/avatar\/910fcf6728fe95320e07a6643c1581fec1c7fc4bf8ae12e3d8f0d0373dc844be?s=96&d=mm&r=g\",\"url\":\"https:\/\/secure.gravatar.com\/avatar\/910fcf6728fe95320e07a6643c1581fec1c7fc4bf8ae12e3d8f0d0373dc844be?s=96&d=mm&r=g\",\"contentUrl\":\"https:\/\/secure.gravatar.com\/avatar\/910fcf6728fe95320e07a6643c1581fec1c7fc4bf8ae12e3d8f0d0373dc844be?s=96&d=mm&r=g\",\"caption\":\"Jorge Mi\u00f1o\"},\"sameAs\":[\"http:\/\/radioinfinitagoya.com.ar\"]}]}<\/script>\n<!-- \/ Yoast SEO plugin. -->","yoast_head_json":{"title":"El fot\u00f3grafo Pablo Grillo fue dado de alta - Radio Infinita Goya","description":"El trabajador de prensa recibi\u00f3 el disparo de un tubo de gas lacrim\u00f3geno en la cabeza el pasado 12 de marzo, cuando hac\u00eda cobertura durante la macha de","robots":{"index":"index","follow":"follow","max-snippet":"max-snippet:-1","max-image-preview":"max-image-preview:large","max-video-preview":"max-video-preview:-1"},"canonical":"https:\/\/radioinfinitagoya.com.ar\/v1\/2025\/06\/03\/el-fotografo-pablo-grillo-fue-dado-de-alta\/","og_locale":"es_ES","og_type":"article","og_title":"El fot\u00f3grafo Pablo Grillo fue dado de alta - Radio Infinita Goya","og_description":"El trabajador de prensa recibi\u00f3 el disparo de un tubo de gas lacrim\u00f3geno en la cabeza el pasado 12 de marzo, cuando hac\u00eda cobertura durante la macha de","og_url":"https:\/\/radioinfinitagoya.com.ar\/v1\/2025\/06\/03\/el-fotografo-pablo-grillo-fue-dado-de-alta\/","og_site_name":"Radio Infinita Goya","article_publisher":"https:\/\/www.facebook.com\/p\/Infinita-Goya-100063870918311\/","article_published_time":"2025-06-03T19:43:29+00:00","og_image":[{"width":679,"height":565,"url":"https:\/\/radioinfinitagoya.com.ar\/v1\/wp-content\/uploads\/2025\/06\/gdC9XKnd.jpg","type":"image\/jpeg"}],"author":"Jorge Mi\u00f1o","twitter_card":"summary_large_image","twitter_misc":{"Escrito por":"Jorge Mi\u00f1o","Tiempo de lectura":"3 minutos"},"schema":{"@context":"https:\/\/schema.org","@graph":[{"@type":"Article","@id":"https:\/\/radioinfinitagoya.com.ar\/v1\/2025\/06\/03\/el-fotografo-pablo-grillo-fue-dado-de-alta\/#article","isPartOf":{"@id":"https:\/\/radioinfinitagoya.com.ar\/v1\/2025\/06\/03\/el-fotografo-pablo-grillo-fue-dado-de-alta\/"},"author":{"name":"Jorge Mi\u00f1o","@id":"https:\/\/radioinfinitagoya.com.ar\/v1\/#\/schema\/person\/d4cf9c413d4f6edb24aabdccab49ca4a"},"headline":"El fot\u00f3grafo Pablo Grillo fue dado de alta","datePublished":"2025-06-03T19:43:29+00:00","mainEntityOfPage":{"@id":"https:\/\/radioinfinitagoya.com.ar\/v1\/2025\/06\/03\/el-fotografo-pablo-grillo-fue-dado-de-alta\/"},"wordCount":626,"publisher":{"@id":"https:\/\/radioinfinitagoya.com.ar\/v1\/#organization"},"image":{"@id":"https:\/\/radioinfinitagoya.com.ar\/v1\/2025\/06\/03\/el-fotografo-pablo-grillo-fue-dado-de-alta\/#primaryimage"},"thumbnailUrl":"https:\/\/radioinfinitagoya.com.ar\/v1\/wp-content\/uploads\/2025\/06\/gdC9XKnd.jpg","articleSection":["INFORMACI\u00d3N GENERAL"],"inLanguage":"es-AR"},{"@type":"WebPage","@id":"https:\/\/radioinfinitagoya.com.ar\/v1\/2025\/06\/03\/el-fotografo-pablo-grillo-fue-dado-de-alta\/","url":"https:\/\/radioinfinitagoya.com.ar\/v1\/2025\/06\/03\/el-fotografo-pablo-grillo-fue-dado-de-alta\/","name":"El fot\u00f3grafo Pablo Grillo fue dado de alta - Radio Infinita Goya","isPartOf":{"@id":"https:\/\/radioinfinitagoya.com.ar\/v1\/#website"},"primaryImageOfPage":{"@id":"https:\/\/radioinfinitagoya.com.ar\/v1\/2025\/06\/03\/el-fotografo-pablo-grillo-fue-dado-de-alta\/#primaryimage"},"image":{"@id":"https:\/\/radioinfinitagoya.com.ar\/v1\/2025\/06\/03\/el-fotografo-pablo-grillo-fue-dado-de-alta\/#primaryimage"},"thumbnailUrl":"https:\/\/radioinfinitagoya.com.ar\/v1\/wp-content\/uploads\/2025\/06\/gdC9XKnd.jpg","datePublished":"2025-06-03T19:43:29+00:00","description":"El trabajador de prensa recibi\u00f3 el disparo de un tubo de gas lacrim\u00f3geno en la cabeza el pasado 12 de marzo, cuando hac\u00eda cobertura durante la macha de","breadcrumb":{"@id":"https:\/\/radioinfinitagoya.com.ar\/v1\/2025\/06\/03\/el-fotografo-pablo-grillo-fue-dado-de-alta\/#breadcrumb"},"inLanguage":"es-AR","potentialAction":[{"@type":"ReadAction","target":["https:\/\/radioinfinitagoya.com.ar\/v1\/2025\/06\/03\/el-fotografo-pablo-grillo-fue-dado-de-alta\/"]}]},{"@type":"ImageObject","inLanguage":"es-AR","@id":"https:\/\/radioinfinitagoya.com.ar\/v1\/2025\/06\/03\/el-fotografo-pablo-grillo-fue-dado-de-alta\/#primaryimage","url":"https:\/\/radioinfinitagoya.com.ar\/v1\/wp-content\/uploads\/2025\/06\/gdC9XKnd.jpg","contentUrl":"https:\/\/radioinfinitagoya.com.ar\/v1\/wp-content\/uploads\/2025\/06\/gdC9XKnd.jpg","width":679,"height":565},{"@type":"BreadcrumbList","@id":"https:\/\/radioinfinitagoya.com.ar\/v1\/2025\/06\/03\/el-fotografo-pablo-grillo-fue-dado-de-alta\/#breadcrumb","itemListElement":[{"@type":"ListItem","position":1,"name":"Inicio","item":"https:\/\/radioinfinitagoya.com.ar\/v1\/"},{"@type":"ListItem","position":2,"name":"El fot\u00f3grafo Pablo Grillo fue dado de alta"}]},{"@type":"WebSite","@id":"https:\/\/radioinfinitagoya.com.ar\/v1\/#website","url":"https:\/\/radioinfinitagoya.com.ar\/v1\/","name":"radioinfinitagoya.com.ar","description":"Radio de noticias","publisher":{"@id":"https:\/\/radioinfinitagoya.com.ar\/v1\/#organization"},"potentialAction":[{"@type":"SearchAction","target":{"@type":"EntryPoint","urlTemplate":"https:\/\/radioinfinitagoya.com.ar\/v1\/?s={search_term_string}"},"query-input":{"@type":"PropertyValueSpecification","valueRequired":true,"valueName":"search_term_string"}}],"inLanguage":"es-AR"},{"@type":"Organization","@id":"https:\/\/radioinfinitagoya.com.ar\/v1\/#organization","name":"Radio Infinita Goya","url":"https:\/\/radioinfinitagoya.com.ar\/v1\/","logo":{"@type":"ImageObject","inLanguage":"es-AR","@id":"https:\/\/radioinfinitagoya.com.ar\/v1\/#\/schema\/logo\/image\/","url":"https:\/\/radioinfinitagoya.com.ar\/v1\/wp-content\/uploads\/2019\/11\/logo-pie-web.png","contentUrl":"https:\/\/radioinfinitagoya.com.ar\/v1\/wp-content\/uploads\/2019\/11\/logo-pie-web.png","width":635,"height":326,"caption":"Radio Infinita Goya"},"image":{"@id":"https:\/\/radioinfinitagoya.com.ar\/v1\/#\/schema\/logo\/image\/"},"sameAs":["https:\/\/www.facebook.com\/p\/Infinita-Goya-100063870918311\/"]},{"@type":"Person","@id":"https:\/\/radioinfinitagoya.com.ar\/v1\/#\/schema\/person\/d4cf9c413d4f6edb24aabdccab49ca4a","name":"Jorge Mi\u00f1o","image":{"@type":"ImageObject","inLanguage":"es-AR","@id":"https:\/\/secure.gravatar.com\/avatar\/910fcf6728fe95320e07a6643c1581fec1c7fc4bf8ae12e3d8f0d0373dc844be?s=96&d=mm&r=g","url":"https:\/\/secure.gravatar.com\/avatar\/910fcf6728fe95320e07a6643c1581fec1c7fc4bf8ae12e3d8f0d0373dc844be?s=96&d=mm&r=g","contentUrl":"https:\/\/secure.gravatar.com\/avatar\/910fcf6728fe95320e07a6643c1581fec1c7fc4bf8ae12e3d8f0d0373dc844be?s=96&d=mm&r=g","caption":"Jorge Mi\u00f1o"},"sameAs":["http:\/\/radioinfinitagoya.com.ar"]}]}},"_links":{"self":[{"href":"https:\/\/radioinfinitagoya.com.ar\/v1\/wp-json\/wp\/v2\/posts\/191093","targetHints":{"allow":["GET"]}}],"collection":[{"href":"https:\/\/radioinfinitagoya.com.ar\/v1\/wp-json\/wp\/v2\/posts"}],"about":[{"href":"https:\/\/radioinfinitagoya.com.ar\/v1\/wp-json\/wp\/v2\/types\/post"}],"author":[{"embeddable":true,"href":"https:\/\/radioinfinitagoya.com.ar\/v1\/wp-json\/wp\/v2\/users\/4"}],"replies":[{"embeddable":true,"href":"https:\/\/radioinfinitagoya.com.ar\/v1\/wp-json\/wp\/v2\/comments?post=191093"}],"version-history":[{"count":0,"href":"https:\/\/radioinfinitagoya.com.ar\/v1\/wp-json\/wp\/v2\/posts\/191093\/revisions"}],"wp:featuredmedia":[{"embeddable":true,"href":"https:\/\/radioinfinitagoya.com.ar\/v1\/wp-json\/wp\/v2\/media\/191094"}],"wp:attachment":[{"href":"https:\/\/radioinfinitagoya.com.ar\/v1\/wp-json\/wp\/v2\/media?parent=191093"}],"wp:term":[{"taxonomy":"category","embeddable":true,"href":"https:\/\/radioinfinitagoya.com.ar\/v1\/wp-json\/wp\/v2\/categories?post=191093"},{"taxonomy":"post_tag","embeddable":true,"href":"https:\/\/radioinfinitagoya.com.ar\/v1\/wp-json\/wp\/v2\/tags?post=191093"}],"curies":[{"name":"wp","href":"https:\/\/api.w.org\/{rel}","templated":true}]}}