{"id":191109,"date":"2025-06-03T17:01:04","date_gmt":"2025-06-03T20:01:04","guid":{"rendered":"https:\/\/radioinfinitagoya.com.ar\/v1\/?p=191109"},"modified":"2025-06-03T17:01:04","modified_gmt":"2025-06-03T20:01:04","slug":"el-gobernador-entrego-82-viviendas-con-el-objetivo-de-un-futuro-mejor-para-los-bellavistenses","status":"publish","type":"post","link":"https:\/\/radioinfinitagoya.com.ar\/v1\/2025\/06\/03\/el-gobernador-entrego-82-viviendas-con-el-objetivo-de-un-futuro-mejor-para-los-bellavistenses\/","title":{"rendered":"El Gobernador entreg\u00f3 82 viviendas con el objetivo de un futuro mejor para los Bellavistenses"},"content":{"rendered":"<p>Cerrando la jornada de este lunes en Bella Vista, el gobernador Gustavo Vald\u00e9s hizo entrega de 82 viviendas del Programa &#8220;Casa propia&#8221; en la zona Sur de la localidad apostando a la mejora de calidad de vida de los vecinos. Adem\u00e1s, en el Polideportivo municipal se inauguraron instalaciones deportivas.<\/p>\n<p><img loading=\"lazy\" decoding=\"async\" class=\"alignnone size-full wp-image-191111\" src=\"https:\/\/radioinfinitagoya.com.ar\/v1\/wp-content\/uploads\/2025\/06\/GseThgDWYAAPcBi.jpg\" alt=\"\" width=\"360\" height=\"240\" \/><\/p>\n<p>Las caracter\u00edsticas principales de las 82 viviendas entregadas en Bella Vista esta tarde: cuentan con 64 metros cubiertos, tienen toda la infraestructura, con paredes bioclim\u00e1ticas que mantienen la temperatura, cisterna, toda la red tiene acceso integral para personas con capacidades especiales y toda la infraestructura el\u00e9ctrica, de desag\u00fce, cord\u00f3n cuneta y enriado en las calles, una vivienda que re\u00fane todas las condiciones m\u00ednimas para las familias.<\/p>\n<p>Al iniciar su discurso, el gobernador Vald\u00e9s manifest\u00f3 dijo a los adjudicatarios que \u201cHoy es un d\u00eda de mucha alegr\u00eda pero tuvimos que hacer un esfuerzo enorme los correntinos, en determinado momento, porque se paraba la obra p\u00fablica y en muchas familias se para la esperanza\u201d ya la vez expresaron que \u201cdecidimos con el Gobierno de la provincia de Corrientes asumir este compromiso de poner recursos que nosotros no pens\u00e1bamos invertir para concretar estas viviendas que se hab\u00eda comprometido el gobierno nacional\u201d.<\/p>\n<p>Seguidamente, Vald\u00e9s cont\u00f3 que \u201casumimos cerca de cincuenta mil millones de pesos en obras que eran fundamentales para la provincia y el Gobierno nacional se comprometi\u00f3 con seguir obras p\u00fablicas que ven\u00eda haciendo\u201d y revel\u00f3 que \u201ceran, la autov\u00eda de la ruta 12, la Estaci\u00f3n transformadora de l\u00edquidos cloacales en la ciudad de Corrientes y la ruta 126\u201d.<\/p>\n<p>Luego, el Primer mandatario de la provincia remarc\u00f3 que \u201cnosotros estamos cumpliendo nuestra palabra, con el compromiso, nosotros firmamos y cumplimos y esta es la prueba de que los correntinos s\u00ed tenemos palabra y hoy estamos entregando 82 viviendas para los correntinos\u201d y agreg\u00f3 que \u201cestas viviendas son de las mejores que construimos, tienen doble pared, tienen en el centro una capa aisladora, tienen tanques de agua y tiene todo el confort\u201d.<\/p>\n<p>Por \u00faltimo, les pidieron a los adjudicatarios que \u201cahora a ustedes bellavistenses les toca construir una familia, siempre les pido por favor que hagan terminar a sus hijos la escuela primaria, la escuela secundaria, si pueden un t\u00edtulo terciario o un t\u00edtulo universitario, pero es fundamental que trabajen o que estudien\u201d y agregaron para concluir que \u201cestamos en la tierra m\u00e1s productiva de nuestra provincia de Corrientes, estamos en la tierra que es industrial productiva, estamos en una tierra bendita y en la v\u00edspera de cumplir 200 a\u00f1os en esta ciudad hist\u00f3rica\u201d.<\/p>\n<p>Por su parte, Noelia Bazzi, intendente de Bella Vista, al respecto indic\u00f3 que \u201cen v\u00edspera del bicentenario de nuestra ciudad, a nosotros nos llena de orgullo ver que nuestra ciudad crece, y se desarrolla\u201d, de manera \u201chabitacional y con calles enripiadas, con cord\u00f3n cuneta, y con iluminaci\u00f3n\u201d. En este punto, se detuvo, y agradeci\u00f3 al Gobernador por \u201cafrontar los costos de financiamiento de estas viviendas\u201d, y por las dem\u00e1s \u201cmejoras que se realizaron en el barrio\u201d.<\/p>\n<p>Interventor INVICO<\/p>\n<p>El interventor del INVICO, Lizardo Gonz\u00e1lez expres\u00f3 que \u201cson 82 viviendas del programa CASA PROPIA, que por una decisi\u00f3n de nuestro Gobernador pas\u00f3 a la \u00f3rbita de la provincia toda la finalizaci\u00f3n y m\u00e1s de un a\u00f1o y medio para atr\u00e1s fueron solventados con el recurso del Gobierno de la provincia llevado a cabo por el Instituto de Viviendas\u201d y agreg\u00f3 que \u201cas\u00ed que destacar el trabajo que se hizo durante este \u00faltimo a\u00f1o y medio para poder finalizar en este caso las 82 viviendas\u201d.<\/p>\n<p>Para concluir, Gonz\u00e1lez remarc\u00f3 la decisi\u00f3n del Gobernador al manifestar que \u201cson 800 viviendas que est\u00e1n distribuidas en distintas partes de la provincia y que la estamos terminando con fondos del Gobierno de la provincia\u201d cerr\u00f3.<\/p>\n<p>Inauguraci\u00f3n de obras en el Polideportivo Municipal<\/p>\n<p>Finalizada la entrega de viviendas, el gobernador Vald\u00e9s, junto a la intendenta local y su comitiva, se dirigi\u00f3 al Complejo Polideportivo Municipal Julio C\u00e9sar Cossani para dejar formalmente habilitados los balos, vestuarios y juegos del lugar. La obra fue resultado de la colaboraci\u00f3n entre la Municipalidad y el Gobierno provincial, reflejando el compromiso con el crecimiento, la inclusi\u00f3n y la calidad de vida en la comunidad de Bella Vista, celebrando su historia y proyectando su futuro.<\/p>\n<p>Se destac\u00f3 la creaci\u00f3n de un nuevo sector con juegos acu\u00e1ticos y una piscina al aire libre accesible para todos, incluyendo diversas instalaciones como toboganes y \u00e1reas recreativas. Se construyeron nuevos sanitarios dise\u00f1ados para atender a usuarios del complejo y adaptados para personas con movilidad reducida.<\/p>\n<p>Al tomar la palabra, el gobernador Vald\u00e9s resumi\u00f3 su jornada y la caratul\u00f3 como \u201cpositiva\u201d, ya que en Capital a la ma\u00f1ana se entregaron veh\u00edculos que \u201cllegar\u00e1n a Bella Vista, para apoyar la seguridad\u201d, y con el Programa Incluir Futuro \u201clos alumnos de secundaria tienen asegurado el futuro\u201d, y luego \u201cseguimos con la entrega de viviendas, recorrimos e inauguramos un CAPS\u201d, y \u201cahora inauguramos esto\u201d.<\/p>\n<p>\u201cLa arquitectura que tiene Bella Vista es muy buena, y por eso tengo que felicitar al arquitecto de esta obra, porque tener dise\u00f1o y evoluci\u00f3n en la obra p\u00fablica es algo que tenemos que lograr, y debemos invertir en dise\u00f1o para una arquitectura avanzada\u201d, apunt\u00f3 Vald\u00e9s. Seguidamente, felicit\u00f3 a la Municipalidad por la obra como a los involucrados en la arquitectura de la misma.<\/p>\n<p>\u201cDotar de ba\u00f1os el lugar, era uno de nuestros objetivos, y hoy podemos decir que estamos preparados\u201d, destac\u00f3 Vald\u00e9s y sostuvo que una falencia de la parte p\u00fablica era la falta de piletas de nataci\u00f3n para que entrenen los aspirantes a cargos de la polic\u00eda, por ejemplo. Por \u00faltimo, felicit\u00f3 a Noelia Bazzi y su equipo destacando que \u201ctenemos metas y est\u00e1n a la vista que est\u00e1n cumplidas\u201d.<\/p>\n<p>Detalles de las obras<\/p>\n<p>La ciudad de Bellavista ha demostrado en los \u00faltimos a\u00f1os un crecimiento sostenido en el \u00e1mbito tur\u00edstico dentro de la provincia de Corrientes, con el objetivo de ampliar y diversificar la oferta recreativa local, se proyect\u00f3 la creaci\u00f3n de un nuevo sector con juegos acu\u00e1ticos, complementando la pila semiol\u00edmpica ya existente dentro del complejo.<\/p>\n<p>Este nuevo espacio, incluy\u00f3 la construcci\u00f3n de una piscina al aire libre con distintos niveles de profundidad y solarium h\u00famedo, especialmente dise\u00f1ada para el confort de los adultos mayores. Todo el parque fue pensado para ser completamente accesible, cumpliendo con las normas m\u00ednimas de accesibilidad y permitiendo as\u00ed que tanto residentes como turistas puedan disfrutar de las instalaciones sin restricciones.<\/p>\n<p>Los juegos acu\u00e1ticos instalados fueron dos toboganes acu\u00e1ticos, un mangrullo con tres toboganes, una torre y un balde basculante, dos hongos tipo cascada, cuatro baldes infantiles dobles que generan agua en forma de lluvia, cuatro palmeras con aspersores. La construcci\u00f3n de las piscinas y las obras civiles necesarias fueron delegadas a una empresa contratista seleccionada mediante un proceso de licitaci\u00f3n p\u00fablica.<\/p>\n<p>Por su parte, el personal municipal especializado se encarg\u00f3 de la instalaci\u00f3n de ca\u00f1er\u00edas, bombas, sistema el\u00e9ctrico y colocaci\u00f3n de los juegos acu\u00e1ticos. Adem\u00e1s de la creciente demanda tur\u00edstica, el complejo polideportivo recibe diariamente a numerosos vecinos que participan en actividades deportivas y recreativas. Por este motivo, se demostr\u00f3 esencial la construcci\u00f3n de nuevos sanitarios que respondieran a las necesidades de los usuarios de la pileta, del nuevo sector de juegos acu\u00e1ticos y del estadio ciudad. Los sanitarios fueron dise\u00f1ados para mujeres y hombres, cuentan con instalaciones accesibles para personas con movilidad reducida en cada secci\u00f3n. Ambos sectores incluyen tres cambiadores, brindando un espacio adecuado para que los usuarios preparen sus actividades. El sector femenino cuenta con siete inodoros en cabinas individuales y un cambiador para beb\u00e9s. El sector masculino dispone de cuatro inodoros y cuatro ingitorios. Ambos sectores comparten un \u00e1rea com\u00fan de lavamanos. Adem\u00e1s, se construy\u00f3 un ba\u00f1o unisex pensando en el espacio de la pileta de nataci\u00f3n y el nuevo sector con juegos acu\u00e1ticos, tambi\u00e9n adaptado para personas con movilidad reducida, que incluye dos cambiadores y cuatro inodoros ubicados en la pileta y en el nuevo sector acu\u00e1tico.<\/p>\n<p>Este enfoque integral en la mejora de la infraestructura del complejo busc\u00f3 brindar un espacio c\u00f3modo, higi\u00e9nico y accesible, en l\u00ednea con la calidad de servicio que merece la comunidad. Los nuevos sanitarios resultan especialmente importantes durante eventos de gran convocatoria, como lo son la Fiesta Nacional de la Naranja y la diversidad productiva, los carnavales, el D\u00eda del Ni\u00f1o, entre otros.<\/p>\n<p>Es importante destacar que esta obra se concret\u00f3 gracias al trabajo conjunto entre la Municipalidad de Bella Vista y el Gobierno de la Provincia de Corrientes. Estas obras representan mucho m\u00e1s que infraestructura, son el reflejo del compromiso con el crecimiento de Bella Vista, con la inclusi\u00f3n y la calidad de vida de todos los habitantes. Son inversiones que fortalecen la identidad local, potencian el desarrollo tur\u00edstico y generan orgullo en cada bellavistense que ve c\u00f3mo su ciudad avanza, celebrando los 200 a\u00f1os de historia y se proyectan con obras pensadas para todos.<\/p>\n<p>Bazzi<\/p>\n<p>Al expresarse ante los presentes, la intendenta de Bella Vista, Noelia Bazzi expres\u00f3 su alegr\u00eda por esta obra al decir que \u201ces para nosotros Gobernador una obra muy significativa, este lugar alberga todas las actividades que se realizan en nuestra ciudad, es nuestro famoso poli como le llamamos nosotros\u201d y amplio destacando que \u201caqu\u00ed se hacen actividades deportivas, culturales, tur\u00edsticas y donde cada vez nos est\u00e1 quedando cada vez m\u00e1s chico pero es el epicentro de toda la juventud y de la familia de nuestra ciudad\u201d.<\/p>\n<p>\u201cTen\u00edamos la deuda pendiente de poder dotarlo de sanitarios, es una obra muy significativa para nosotros que viene a solucionar una gran problem\u00e1tica que se presentaba con cada evento que realizaban ac\u00e1\u201d argumento Bazzi y para terminar agreg\u00f3 que \u201cadem\u00e1s tiene vestuarios y ni hablar del sector de piletas donde se pudo construir una nueva pileta y donde se pudo incorporar juegos acu\u00e1ticos que van a ser utilizados por todos los chicos y las familias en la temporada anexando ba\u00f1os y vestuarios en el sector de juegos\u201d conclusi\u00f3n.<\/p>\n<p>Subsidios, corte de cinta, y recorrida<\/p>\n<p>Finalizadas las palabras del gobernador, se procedi\u00f3 a realizar la entrega de subsidios a los participantes &#8220;Los naranjeros&#8221; para el Torneo de pesca; al Club Centro Astrada para la construcci\u00f3n del cerco perimetral; ya Lalcel Bella Vista para ejecuci\u00f3n de obras.<\/p>\n<p>Tras el corte de cinta de las instalaciones, se recorrieron las mismas.<\/p>\n<p>Presencias<\/p>\n<p>Estaban presentes en estas actividades junto con el gobernador Vald\u00e9s y la intendente Bazzi; los ministros del Poder ejecutivo; los legisladores nacionales y provinciales; el interventor de INVICO; el secretario de Deportes, Jorge Terrile; secretarios y subsecretarios provinciales y municipales; concejales; intendentes de localidades de la provincia; adjudicatarios y dem\u00e1s autoridades presentes.<\/p>\n","protected":false},"excerpt":{"rendered":"<p>Cerrando la jornada de este lunes en Bella Vista, el gobernador Gustavo Vald\u00e9s hizo entrega de 82 viviendas del Programa &#8220;Casa propia&#8221; en la zona Sur de la localidad apostando a la mejora de calidad de vida de los vecinos. Adem\u00e1s, en el Polideportivo municipal se inauguraron instalaciones deportivas. Las caracter\u00edsticas principales de las 82 [&hellip;]<\/p>\n","protected":false},"author":4,"featured_media":191110,"comment_status":"closed","ping_status":"closed","sticky":false,"template":"","format":"standard","meta":{"_joinchat":[],"footnotes":""},"categories":[34],"tags":[],"class_list":{"0":"post-191109","1":"post","2":"type-post","3":"status-publish","4":"format-standard","5":"has-post-thumbnail","7":"category-principal"},"yoast_head":"<!-- This site is optimized with the Yoast SEO plugin v27.2 - https:\/\/yoast.com\/product\/yoast-seo-wordpress\/ -->\n<title>El Gobernador entreg\u00f3 82 viviendas con el objetivo de un futuro mejor para los Bellavistenses - Radio Infinita Goya<\/title>\n<meta name=\"description\" content=\"Cerrando la jornada de este lunes en Bella Vista, el gobernador Gustavo Vald\u00e9s hizo entrega de 82 viviendas del Programa &quot;Casa propia&quot; en la zona Sur de\" \/>\n<meta name=\"robots\" content=\"index, follow, max-snippet:-1, max-image-preview:large, max-video-preview:-1\" \/>\n<link rel=\"canonical\" href=\"https:\/\/radioinfinitagoya.com.ar\/v1\/2025\/06\/03\/el-gobernador-entrego-82-viviendas-con-el-objetivo-de-un-futuro-mejor-para-los-bellavistenses\/\" \/>\n<meta property=\"og:locale\" content=\"es_ES\" \/>\n<meta property=\"og:type\" content=\"article\" \/>\n<meta property=\"og:title\" content=\"El Gobernador entreg\u00f3 82 viviendas con el objetivo de un futuro mejor para los Bellavistenses - Radio Infinita Goya\" \/>\n<meta property=\"og:description\" content=\"Cerrando la jornada de este lunes en Bella Vista, el gobernador Gustavo Vald\u00e9s hizo entrega de 82 viviendas del Programa &quot;Casa propia&quot; en la zona Sur de\" \/>\n<meta property=\"og:url\" content=\"https:\/\/radioinfinitagoya.com.ar\/v1\/2025\/06\/03\/el-gobernador-entrego-82-viviendas-con-el-objetivo-de-un-futuro-mejor-para-los-bellavistenses\/\" \/>\n<meta property=\"og:site_name\" content=\"Radio Infinita Goya\" \/>\n<meta property=\"article:publisher\" content=\"https:\/\/www.facebook.com\/p\/Infinita-Goya-100063870918311\/\" \/>\n<meta property=\"article:published_time\" content=\"2025-06-03T20:01:04+00:00\" \/>\n<meta property=\"og:image\" content=\"https:\/\/radioinfinitagoya.com.ar\/v1\/wp-content\/uploads\/2025\/06\/GseThf7XoAADd5w.jpg\" \/>\n\t<meta property=\"og:image:width\" content=\"2048\" \/>\n\t<meta property=\"og:image:height\" content=\"1368\" \/>\n\t<meta property=\"og:image:type\" content=\"image\/jpeg\" \/>\n<meta name=\"author\" content=\"Jorge Mi\u00f1o\" \/>\n<meta name=\"twitter:card\" content=\"summary_large_image\" \/>\n<meta name=\"twitter:label1\" content=\"Escrito por\" \/>\n\t<meta name=\"twitter:data1\" content=\"Jorge Mi\u00f1o\" \/>\n\t<meta name=\"twitter:label2\" content=\"Tiempo de lectura\" \/>\n\t<meta name=\"twitter:data2\" content=\"9 minutos\" \/>\n<script type=\"application\/ld+json\" class=\"yoast-schema-graph\">{\"@context\":\"https:\/\/schema.org\",\"@graph\":[{\"@type\":\"Article\",\"@id\":\"https:\/\/radioinfinitagoya.com.ar\/v1\/2025\/06\/03\/el-gobernador-entrego-82-viviendas-con-el-objetivo-de-un-futuro-mejor-para-los-bellavistenses\/#article\",\"isPartOf\":{\"@id\":\"https:\/\/radioinfinitagoya.com.ar\/v1\/2025\/06\/03\/el-gobernador-entrego-82-viviendas-con-el-objetivo-de-un-futuro-mejor-para-los-bellavistenses\/\"},\"author\":{\"name\":\"Jorge Mi\u00f1o\",\"@id\":\"https:\/\/radioinfinitagoya.com.ar\/v1\/#\/schema\/person\/d4cf9c413d4f6edb24aabdccab49ca4a\"},\"headline\":\"El Gobernador entreg\u00f3 82 viviendas con el objetivo de un futuro mejor para los Bellavistenses\",\"datePublished\":\"2025-06-03T20:01:04+00:00\",\"mainEntityOfPage\":{\"@id\":\"https:\/\/radioinfinitagoya.com.ar\/v1\/2025\/06\/03\/el-gobernador-entrego-82-viviendas-con-el-objetivo-de-un-futuro-mejor-para-los-bellavistenses\/\"},\"wordCount\":1881,\"publisher\":{\"@id\":\"https:\/\/radioinfinitagoya.com.ar\/v1\/#organization\"},\"image\":{\"@id\":\"https:\/\/radioinfinitagoya.com.ar\/v1\/2025\/06\/03\/el-gobernador-entrego-82-viviendas-con-el-objetivo-de-un-futuro-mejor-para-los-bellavistenses\/#primaryimage\"},\"thumbnailUrl\":\"https:\/\/radioinfinitagoya.com.ar\/v1\/wp-content\/uploads\/2025\/06\/GseThf7XoAADd5w.jpg\",\"articleSection\":[\"PRINCIPAL\"],\"inLanguage\":\"es-AR\"},{\"@type\":\"WebPage\",\"@id\":\"https:\/\/radioinfinitagoya.com.ar\/v1\/2025\/06\/03\/el-gobernador-entrego-82-viviendas-con-el-objetivo-de-un-futuro-mejor-para-los-bellavistenses\/\",\"url\":\"https:\/\/radioinfinitagoya.com.ar\/v1\/2025\/06\/03\/el-gobernador-entrego-82-viviendas-con-el-objetivo-de-un-futuro-mejor-para-los-bellavistenses\/\",\"name\":\"El Gobernador entreg\u00f3 82 viviendas con el objetivo de un futuro mejor para los Bellavistenses - Radio Infinita Goya\",\"isPartOf\":{\"@id\":\"https:\/\/radioinfinitagoya.com.ar\/v1\/#website\"},\"primaryImageOfPage\":{\"@id\":\"https:\/\/radioinfinitagoya.com.ar\/v1\/2025\/06\/03\/el-gobernador-entrego-82-viviendas-con-el-objetivo-de-un-futuro-mejor-para-los-bellavistenses\/#primaryimage\"},\"image\":{\"@id\":\"https:\/\/radioinfinitagoya.com.ar\/v1\/2025\/06\/03\/el-gobernador-entrego-82-viviendas-con-el-objetivo-de-un-futuro-mejor-para-los-bellavistenses\/#primaryimage\"},\"thumbnailUrl\":\"https:\/\/radioinfinitagoya.com.ar\/v1\/wp-content\/uploads\/2025\/06\/GseThf7XoAADd5w.jpg\",\"datePublished\":\"2025-06-03T20:01:04+00:00\",\"description\":\"Cerrando la jornada de este lunes en Bella Vista, el gobernador Gustavo Vald\u00e9s hizo entrega de 82 viviendas del Programa \\\"Casa propia\\\" en la zona Sur de\",\"breadcrumb\":{\"@id\":\"https:\/\/radioinfinitagoya.com.ar\/v1\/2025\/06\/03\/el-gobernador-entrego-82-viviendas-con-el-objetivo-de-un-futuro-mejor-para-los-bellavistenses\/#breadcrumb\"},\"inLanguage\":\"es-AR\",\"potentialAction\":[{\"@type\":\"ReadAction\",\"target\":[\"https:\/\/radioinfinitagoya.com.ar\/v1\/2025\/06\/03\/el-gobernador-entrego-82-viviendas-con-el-objetivo-de-un-futuro-mejor-para-los-bellavistenses\/\"]}]},{\"@type\":\"ImageObject\",\"inLanguage\":\"es-AR\",\"@id\":\"https:\/\/radioinfinitagoya.com.ar\/v1\/2025\/06\/03\/el-gobernador-entrego-82-viviendas-con-el-objetivo-de-un-futuro-mejor-para-los-bellavistenses\/#primaryimage\",\"url\":\"https:\/\/radioinfinitagoya.com.ar\/v1\/wp-content\/uploads\/2025\/06\/GseThf7XoAADd5w.jpg\",\"contentUrl\":\"https:\/\/radioinfinitagoya.com.ar\/v1\/wp-content\/uploads\/2025\/06\/GseThf7XoAADd5w.jpg\",\"width\":2048,\"height\":1368},{\"@type\":\"BreadcrumbList\",\"@id\":\"https:\/\/radioinfinitagoya.com.ar\/v1\/2025\/06\/03\/el-gobernador-entrego-82-viviendas-con-el-objetivo-de-un-futuro-mejor-para-los-bellavistenses\/#breadcrumb\",\"itemListElement\":[{\"@type\":\"ListItem\",\"position\":1,\"name\":\"Inicio\",\"item\":\"https:\/\/radioinfinitagoya.com.ar\/v1\/\"},{\"@type\":\"ListItem\",\"position\":2,\"name\":\"El Gobernador entreg\u00f3 82 viviendas con el objetivo de un futuro mejor para los Bellavistenses\"}]},{\"@type\":\"WebSite\",\"@id\":\"https:\/\/radioinfinitagoya.com.ar\/v1\/#website\",\"url\":\"https:\/\/radioinfinitagoya.com.ar\/v1\/\",\"name\":\"radioinfinitagoya.com.ar\",\"description\":\"Radio de noticias\",\"publisher\":{\"@id\":\"https:\/\/radioinfinitagoya.com.ar\/v1\/#organization\"},\"potentialAction\":[{\"@type\":\"SearchAction\",\"target\":{\"@type\":\"EntryPoint\",\"urlTemplate\":\"https:\/\/radioinfinitagoya.com.ar\/v1\/?s={search_term_string}\"},\"query-input\":{\"@type\":\"PropertyValueSpecification\",\"valueRequired\":true,\"valueName\":\"search_term_string\"}}],\"inLanguage\":\"es-AR\"},{\"@type\":\"Organization\",\"@id\":\"https:\/\/radioinfinitagoya.com.ar\/v1\/#organization\",\"name\":\"Radio Infinita Goya\",\"url\":\"https:\/\/radioinfinitagoya.com.ar\/v1\/\",\"logo\":{\"@type\":\"ImageObject\",\"inLanguage\":\"es-AR\",\"@id\":\"https:\/\/radioinfinitagoya.com.ar\/v1\/#\/schema\/logo\/image\/\",\"url\":\"https:\/\/radioinfinitagoya.com.ar\/v1\/wp-content\/uploads\/2019\/11\/logo-pie-web.png\",\"contentUrl\":\"https:\/\/radioinfinitagoya.com.ar\/v1\/wp-content\/uploads\/2019\/11\/logo-pie-web.png\",\"width\":635,\"height\":326,\"caption\":\"Radio Infinita Goya\"},\"image\":{\"@id\":\"https:\/\/radioinfinitagoya.com.ar\/v1\/#\/schema\/logo\/image\/\"},\"sameAs\":[\"https:\/\/www.facebook.com\/p\/Infinita-Goya-100063870918311\/\"]},{\"@type\":\"Person\",\"@id\":\"https:\/\/radioinfinitagoya.com.ar\/v1\/#\/schema\/person\/d4cf9c413d4f6edb24aabdccab49ca4a\",\"name\":\"Jorge Mi\u00f1o\",\"image\":{\"@type\":\"ImageObject\",\"inLanguage\":\"es-AR\",\"@id\":\"https:\/\/secure.gravatar.com\/avatar\/910fcf6728fe95320e07a6643c1581fec1c7fc4bf8ae12e3d8f0d0373dc844be?s=96&d=mm&r=g\",\"url\":\"https:\/\/secure.gravatar.com\/avatar\/910fcf6728fe95320e07a6643c1581fec1c7fc4bf8ae12e3d8f0d0373dc844be?s=96&d=mm&r=g\",\"contentUrl\":\"https:\/\/secure.gravatar.com\/avatar\/910fcf6728fe95320e07a6643c1581fec1c7fc4bf8ae12e3d8f0d0373dc844be?s=96&d=mm&r=g\",\"caption\":\"Jorge Mi\u00f1o\"},\"sameAs\":[\"http:\/\/radioinfinitagoya.com.ar\"]}]}<\/script>\n<!-- \/ Yoast SEO plugin. -->","yoast_head_json":{"title":"El Gobernador entreg\u00f3 82 viviendas con el objetivo de un futuro mejor para los Bellavistenses - Radio Infinita Goya","description":"Cerrando la jornada de este lunes en Bella Vista, el gobernador Gustavo Vald\u00e9s hizo entrega de 82 viviendas del Programa \"Casa propia\" en la zona Sur de","robots":{"index":"index","follow":"follow","max-snippet":"max-snippet:-1","max-image-preview":"max-image-preview:large","max-video-preview":"max-video-preview:-1"},"canonical":"https:\/\/radioinfinitagoya.com.ar\/v1\/2025\/06\/03\/el-gobernador-entrego-82-viviendas-con-el-objetivo-de-un-futuro-mejor-para-los-bellavistenses\/","og_locale":"es_ES","og_type":"article","og_title":"El Gobernador entreg\u00f3 82 viviendas con el objetivo de un futuro mejor para los Bellavistenses - Radio Infinita Goya","og_description":"Cerrando la jornada de este lunes en Bella Vista, el gobernador Gustavo Vald\u00e9s hizo entrega de 82 viviendas del Programa \"Casa propia\" en la zona Sur de","og_url":"https:\/\/radioinfinitagoya.com.ar\/v1\/2025\/06\/03\/el-gobernador-entrego-82-viviendas-con-el-objetivo-de-un-futuro-mejor-para-los-bellavistenses\/","og_site_name":"Radio Infinita Goya","article_publisher":"https:\/\/www.facebook.com\/p\/Infinita-Goya-100063870918311\/","article_published_time":"2025-06-03T20:01:04+00:00","og_image":[{"width":2048,"height":1368,"url":"https:\/\/radioinfinitagoya.com.ar\/v1\/wp-content\/uploads\/2025\/06\/GseThf7XoAADd5w.jpg","type":"image\/jpeg"}],"author":"Jorge Mi\u00f1o","twitter_card":"summary_large_image","twitter_misc":{"Escrito por":"Jorge Mi\u00f1o","Tiempo de lectura":"9 minutos"},"schema":{"@context":"https:\/\/schema.org","@graph":[{"@type":"Article","@id":"https:\/\/radioinfinitagoya.com.ar\/v1\/2025\/06\/03\/el-gobernador-entrego-82-viviendas-con-el-objetivo-de-un-futuro-mejor-para-los-bellavistenses\/#article","isPartOf":{"@id":"https:\/\/radioinfinitagoya.com.ar\/v1\/2025\/06\/03\/el-gobernador-entrego-82-viviendas-con-el-objetivo-de-un-futuro-mejor-para-los-bellavistenses\/"},"author":{"name":"Jorge Mi\u00f1o","@id":"https:\/\/radioinfinitagoya.com.ar\/v1\/#\/schema\/person\/d4cf9c413d4f6edb24aabdccab49ca4a"},"headline":"El Gobernador entreg\u00f3 82 viviendas con el objetivo de un futuro mejor para los Bellavistenses","datePublished":"2025-06-03T20:01:04+00:00","mainEntityOfPage":{"@id":"https:\/\/radioinfinitagoya.com.ar\/v1\/2025\/06\/03\/el-gobernador-entrego-82-viviendas-con-el-objetivo-de-un-futuro-mejor-para-los-bellavistenses\/"},"wordCount":1881,"publisher":{"@id":"https:\/\/radioinfinitagoya.com.ar\/v1\/#organization"},"image":{"@id":"https:\/\/radioinfinitagoya.com.ar\/v1\/2025\/06\/03\/el-gobernador-entrego-82-viviendas-con-el-objetivo-de-un-futuro-mejor-para-los-bellavistenses\/#primaryimage"},"thumbnailUrl":"https:\/\/radioinfinitagoya.com.ar\/v1\/wp-content\/uploads\/2025\/06\/GseThf7XoAADd5w.jpg","articleSection":["PRINCIPAL"],"inLanguage":"es-AR"},{"@type":"WebPage","@id":"https:\/\/radioinfinitagoya.com.ar\/v1\/2025\/06\/03\/el-gobernador-entrego-82-viviendas-con-el-objetivo-de-un-futuro-mejor-para-los-bellavistenses\/","url":"https:\/\/radioinfinitagoya.com.ar\/v1\/2025\/06\/03\/el-gobernador-entrego-82-viviendas-con-el-objetivo-de-un-futuro-mejor-para-los-bellavistenses\/","name":"El Gobernador entreg\u00f3 82 viviendas con el objetivo de un futuro mejor para los Bellavistenses - Radio Infinita Goya","isPartOf":{"@id":"https:\/\/radioinfinitagoya.com.ar\/v1\/#website"},"primaryImageOfPage":{"@id":"https:\/\/radioinfinitagoya.com.ar\/v1\/2025\/06\/03\/el-gobernador-entrego-82-viviendas-con-el-objetivo-de-un-futuro-mejor-para-los-bellavistenses\/#primaryimage"},"image":{"@id":"https:\/\/radioinfinitagoya.com.ar\/v1\/2025\/06\/03\/el-gobernador-entrego-82-viviendas-con-el-objetivo-de-un-futuro-mejor-para-los-bellavistenses\/#primaryimage"},"thumbnailUrl":"https:\/\/radioinfinitagoya.com.ar\/v1\/wp-content\/uploads\/2025\/06\/GseThf7XoAADd5w.jpg","datePublished":"2025-06-03T20:01:04+00:00","description":"Cerrando la jornada de este lunes en Bella Vista, el gobernador Gustavo Vald\u00e9s hizo entrega de 82 viviendas del Programa \"Casa propia\" en la zona Sur de","breadcrumb":{"@id":"https:\/\/radioinfinitagoya.com.ar\/v1\/2025\/06\/03\/el-gobernador-entrego-82-viviendas-con-el-objetivo-de-un-futuro-mejor-para-los-bellavistenses\/#breadcrumb"},"inLanguage":"es-AR","potentialAction":[{"@type":"ReadAction","target":["https:\/\/radioinfinitagoya.com.ar\/v1\/2025\/06\/03\/el-gobernador-entrego-82-viviendas-con-el-objetivo-de-un-futuro-mejor-para-los-bellavistenses\/"]}]},{"@type":"ImageObject","inLanguage":"es-AR","@id":"https:\/\/radioinfinitagoya.com.ar\/v1\/2025\/06\/03\/el-gobernador-entrego-82-viviendas-con-el-objetivo-de-un-futuro-mejor-para-los-bellavistenses\/#primaryimage","url":"https:\/\/radioinfinitagoya.com.ar\/v1\/wp-content\/uploads\/2025\/06\/GseThf7XoAADd5w.jpg","contentUrl":"https:\/\/radioinfinitagoya.com.ar\/v1\/wp-content\/uploads\/2025\/06\/GseThf7XoAADd5w.jpg","width":2048,"height":1368},{"@type":"BreadcrumbList","@id":"https:\/\/radioinfinitagoya.com.ar\/v1\/2025\/06\/03\/el-gobernador-entrego-82-viviendas-con-el-objetivo-de-un-futuro-mejor-para-los-bellavistenses\/#breadcrumb","itemListElement":[{"@type":"ListItem","position":1,"name":"Inicio","item":"https:\/\/radioinfinitagoya.com.ar\/v1\/"},{"@type":"ListItem","position":2,"name":"El Gobernador entreg\u00f3 82 viviendas con el objetivo de un futuro mejor para los Bellavistenses"}]},{"@type":"WebSite","@id":"https:\/\/radioinfinitagoya.com.ar\/v1\/#website","url":"https:\/\/radioinfinitagoya.com.ar\/v1\/","name":"radioinfinitagoya.com.ar","description":"Radio de noticias","publisher":{"@id":"https:\/\/radioinfinitagoya.com.ar\/v1\/#organization"},"potentialAction":[{"@type":"SearchAction","target":{"@type":"EntryPoint","urlTemplate":"https:\/\/radioinfinitagoya.com.ar\/v1\/?s={search_term_string}"},"query-input":{"@type":"PropertyValueSpecification","valueRequired":true,"valueName":"search_term_string"}}],"inLanguage":"es-AR"},{"@type":"Organization","@id":"https:\/\/radioinfinitagoya.com.ar\/v1\/#organization","name":"Radio Infinita Goya","url":"https:\/\/radioinfinitagoya.com.ar\/v1\/","logo":{"@type":"ImageObject","inLanguage":"es-AR","@id":"https:\/\/radioinfinitagoya.com.ar\/v1\/#\/schema\/logo\/image\/","url":"https:\/\/radioinfinitagoya.com.ar\/v1\/wp-content\/uploads\/2019\/11\/logo-pie-web.png","contentUrl":"https:\/\/radioinfinitagoya.com.ar\/v1\/wp-content\/uploads\/2019\/11\/logo-pie-web.png","width":635,"height":326,"caption":"Radio Infinita Goya"},"image":{"@id":"https:\/\/radioinfinitagoya.com.ar\/v1\/#\/schema\/logo\/image\/"},"sameAs":["https:\/\/www.facebook.com\/p\/Infinita-Goya-100063870918311\/"]},{"@type":"Person","@id":"https:\/\/radioinfinitagoya.com.ar\/v1\/#\/schema\/person\/d4cf9c413d4f6edb24aabdccab49ca4a","name":"Jorge Mi\u00f1o","image":{"@type":"ImageObject","inLanguage":"es-AR","@id":"https:\/\/secure.gravatar.com\/avatar\/910fcf6728fe95320e07a6643c1581fec1c7fc4bf8ae12e3d8f0d0373dc844be?s=96&d=mm&r=g","url":"https:\/\/secure.gravatar.com\/avatar\/910fcf6728fe95320e07a6643c1581fec1c7fc4bf8ae12e3d8f0d0373dc844be?s=96&d=mm&r=g","contentUrl":"https:\/\/secure.gravatar.com\/avatar\/910fcf6728fe95320e07a6643c1581fec1c7fc4bf8ae12e3d8f0d0373dc844be?s=96&d=mm&r=g","caption":"Jorge Mi\u00f1o"},"sameAs":["http:\/\/radioinfinitagoya.com.ar"]}]}},"_links":{"self":[{"href":"https:\/\/radioinfinitagoya.com.ar\/v1\/wp-json\/wp\/v2\/posts\/191109","targetHints":{"allow":["GET"]}}],"collection":[{"href":"https:\/\/radioinfinitagoya.com.ar\/v1\/wp-json\/wp\/v2\/posts"}],"about":[{"href":"https:\/\/radioinfinitagoya.com.ar\/v1\/wp-json\/wp\/v2\/types\/post"}],"author":[{"embeddable":true,"href":"https:\/\/radioinfinitagoya.com.ar\/v1\/wp-json\/wp\/v2\/users\/4"}],"replies":[{"embeddable":true,"href":"https:\/\/radioinfinitagoya.com.ar\/v1\/wp-json\/wp\/v2\/comments?post=191109"}],"version-history":[{"count":0,"href":"https:\/\/radioinfinitagoya.com.ar\/v1\/wp-json\/wp\/v2\/posts\/191109\/revisions"}],"wp:featuredmedia":[{"embeddable":true,"href":"https:\/\/radioinfinitagoya.com.ar\/v1\/wp-json\/wp\/v2\/media\/191110"}],"wp:attachment":[{"href":"https:\/\/radioinfinitagoya.com.ar\/v1\/wp-json\/wp\/v2\/media?parent=191109"}],"wp:term":[{"taxonomy":"category","embeddable":true,"href":"https:\/\/radioinfinitagoya.com.ar\/v1\/wp-json\/wp\/v2\/categories?post=191109"},{"taxonomy":"post_tag","embeddable":true,"href":"https:\/\/radioinfinitagoya.com.ar\/v1\/wp-json\/wp\/v2\/tags?post=191109"}],"curies":[{"name":"wp","href":"https:\/\/api.w.org\/{rel}","templated":true}]}}