{"id":191122,"date":"2025-06-04T16:17:10","date_gmt":"2025-06-04T19:17:10","guid":{"rendered":"https:\/\/radioinfinitagoya.com.ar\/v1\/?p=191122"},"modified":"2025-06-04T16:17:10","modified_gmt":"2025-06-04T19:17:10","slug":"la-perdida-del-recurso-humano-es-lo-mas-grave-lo-dijo-un-medico-del-hospital-garrahan","status":"publish","type":"post","link":"https:\/\/radioinfinitagoya.com.ar\/v1\/2025\/06\/04\/la-perdida-del-recurso-humano-es-lo-mas-grave-lo-dijo-un-medico-del-hospital-garrahan\/","title":{"rendered":"&#8220;La p\u00e9rdida del recurso humano es lo m\u00e1s grave\u201d: lo dijo un m\u00e9dico del hospital Garrahan"},"content":{"rendered":"<p>Mariano Boglione, el coordinador del centro quir\u00fargico, dio detalles del conflicto por salarios<\/p>\n<p>Mariano Boglione, el coordinador del centro quir\u00fargico del hospital Garrahan, expres\u00f3 este mi\u00e9rcoles su preocupaci\u00f3n por la situaci\u00f3n actual que enfrenta la instituci\u00f3n. A ra\u00edz de conflictos salariales que movilizaron tanto a los m\u00e9dicos residentes como a los trabajadores del hospital, Boglione destac\u00f3 la importancia de resolver estas fricciones para evitar una crisis a\u00fan mayor. \u201cLa p\u00e9rdida del recurso humano es lo m\u00e1s grave \u2014dijo Boglione\u2014, ya que la tecnolog\u00eda y los insumos se pueden adquirir, pero reponer el recurso humano es muy dif\u00edcil\u201d.<\/p>\n<p>Estas declaraciones fueron realizadas en di\u00e1logo con Infobae en Vivo, durante el programa de la ma\u00f1ana, que cuenta con la conducci\u00f3n de Gonzalo S\u00e1nchez, Carolina Amoroso, Ram\u00f3n Indart y Cecilia Boufflet. En este contexto, Boglione expuso los factores internos que desencadenaron este tenso ambiente en el hospital emblem\u00e1tico de Buenos Aires. Los m\u00e9dicos residentes llevaron a cabo una serie de protestas que culminaron en un paro por tiempo indeterminado, acto que incrementa las complicaciones operativas de la instituci\u00f3n. Adem\u00e1s, los trabajadores del hospital se sumaron a esta protesta, exigiendo una urgente recomposici\u00f3n salarial y una actualizaci\u00f3n presupuestaria adecuada.<\/p>\n<p>Boglione describi\u00f3 un panorama inquietante: el hospital est\u00e1 operando con un presupuesto prorrogado correspondiente a 2023, lo que conlleva atrasos significativos en los salarios y una p\u00e9rdida del poder adquisitivo que estima en un 50% en los \u00faltimos 16 meses. \u201cEste atraso ha exacerbado las dificultades que ya ven\u00edamos enfrentando en los \u00faltimos a\u00f1os\u201d, detall\u00f3. La falta de respuesta por parte del Ministerio de Salud frustr\u00f3 a los trabajadores, quienes sienten el apoyo del p\u00fablico pero no as\u00ed de las autoridades.<\/p>\n<p>La situaci\u00f3n es desgastante\u201d, confes\u00f3 Boglione. A esto se suma el desaf\u00edo log\u00edstico de reprogramar pacientes con necesidades urgentes, incrementando la presi\u00f3n sobre el ya de por s\u00ed exigido personal del hospital. Muchos m\u00e9dicos, debido a la insuficiencia de sus salarios, se ven obligados a tomar empleos adicionales para sostener su nivel de vida.<\/p>\n<p>El Hospital Garrahan, conocido por ser un referente en atenci\u00f3n pedi\u00e1trica compleja, cuenta con m\u00e1s de 500 camas y una ocupaci\u00f3n constante de su capacidad de terapia intensiva, con 120 camas siempre ocupadas por pacientes de alta complejidad. Esta situaci\u00f3n exige un nivel elevado de dedicaci\u00f3n y eficiencia por parte de todo el personal, que logra mantener la atenci\u00f3n sin interrupci\u00f3n a pesar de los desaf\u00edos actuales.<\/p>\n<p>El compromiso del personal del hospital es notorio; sin embargo, Boglione destac\u00f3 la contradicci\u00f3n que enfrentan: mientras que afuera son reconocidos por su labor, dentro del sistema enfrentan la desdicha de sentirse desvalorados. \u201cNos duele que se nos trate de \u00f1oquis o ineficientes cuando constantemente trabajamos para resolver casos que otros centros no pueden abordar \u2014se lament\u00f3\u2014. Somos parte de una red esencial para la salud p\u00fablica y privada\u201d.<\/p>\n<p>En cuanto a los recursos materiales, Boglione aclar\u00f3 que el hospital est\u00e1 bien abastecido en t\u00e9rminos de insumos y medicamentos. No obstante, la renovaci\u00f3n del equipo t\u00e9cnico ha visto ciertos retrasos, sumando un elemento m\u00e1s de preocupaci\u00f3n a la ya compleja situaci\u00f3n del personal m\u00e9dico.<\/p>\n<p>Boglione hizo hincapi\u00e9 en un fen\u00f3meno preocupante que podr\u00eda derivarse de la presente crisis: una disminuci\u00f3n en la demanda para las residencias m\u00e9dicas. El Hospital Garrahan podr\u00eda volverse menos atractivo para los nuevos profesionales debido a la intensidad del trabajo, las largas horas, la baja remuneraci\u00f3n y el peso emocional inherente a atender casos cr\u00edticos sin suficientes soluciones.<\/p>\n<p>Durante la tarde del martes, los residentes del Hospital Garrahan confirmaron que mantendr\u00e1n el paro que vienen llevando adelante. En un comunicado de prensa, el colectivo profesional detall\u00f3 que la propuesta del Ministerio de Salud consiste en un bono no remunerativo de 500.000 pesos. Seg\u00fan explicaron, esa suma llevar\u00eda el ingreso neto a alrededor de 1.300.000 pesos mensuales para los residentes de primer a\u00f1o y a m\u00e1s de 1.500.000 para los de \u00faltimo a\u00f1o y jefes de residencia.<\/p>\n<p>Los m\u00e9dicos aclararon que la oferta \u201cno est\u00e1 respaldada por un decreto oficial y carece de garant\u00edas y compromisos futuros de di\u00e1logo por parte de las autoridades\u201d. Adem\u00e1s, destacaron que \u201cel recibo de sueldo sigue siendo el mismo\u201d, y que este punto representa uno de los principales motivos del reclamo.<\/p>\n<p>\u201cNuestro salario depende exclusivamente del Ministerio de Salud de la Naci\u00f3n. El bono no remunerativo que se instaurar\u00eda a partir del 1 de julio del corriente a\u00f1o es un arreglo provisional a la situaci\u00f3n\u201d, indicaron en el mismo documento.<\/p>\n<p>&nbsp;<\/p>\n<p>&nbsp;<\/p>\n","protected":false},"excerpt":{"rendered":"<p>Mariano Boglione, el coordinador del centro quir\u00fargico, dio detalles del conflicto por salarios Mariano Boglione, el coordinador del centro quir\u00fargico del hospital Garrahan, expres\u00f3 este mi\u00e9rcoles su preocupaci\u00f3n por la situaci\u00f3n actual que enfrenta la instituci\u00f3n. A ra\u00edz de conflictos salariales que movilizaron tanto a los m\u00e9dicos residentes como a los trabajadores del hospital, Boglione [&hellip;]<\/p>\n","protected":false},"author":4,"featured_media":191123,"comment_status":"closed","ping_status":"closed","sticky":false,"template":"","format":"standard","meta":{"_joinchat":[],"footnotes":""},"categories":[29],"tags":[],"class_list":{"0":"post-191122","1":"post","2":"type-post","3":"status-publish","4":"format-standard","5":"has-post-thumbnail","7":"category-nacionales"},"yoast_head":"<!-- This site is optimized with the Yoast SEO plugin v27.2 - https:\/\/yoast.com\/product\/yoast-seo-wordpress\/ -->\n<title>&quot;La p\u00e9rdida del recurso humano es lo m\u00e1s grave\u201d: lo dijo un m\u00e9dico del hospital Garrahan - Radio Infinita Goya<\/title>\n<meta name=\"description\" content=\"Mariano Boglione, el coordinador del centro quir\u00fargico, dio detalles del conflicto por salarios Mariano Boglione, el coordinador del centro quir\u00fargico del\" \/>\n<meta name=\"robots\" content=\"index, follow, max-snippet:-1, max-image-preview:large, max-video-preview:-1\" \/>\n<link rel=\"canonical\" href=\"https:\/\/radioinfinitagoya.com.ar\/v1\/2025\/06\/04\/la-perdida-del-recurso-humano-es-lo-mas-grave-lo-dijo-un-medico-del-hospital-garrahan\/\" \/>\n<meta property=\"og:locale\" content=\"es_ES\" \/>\n<meta property=\"og:type\" content=\"article\" \/>\n<meta property=\"og:title\" content=\"&quot;La p\u00e9rdida del recurso humano es lo m\u00e1s grave\u201d: lo dijo un m\u00e9dico del hospital Garrahan - Radio Infinita Goya\" \/>\n<meta property=\"og:description\" content=\"Mariano Boglione, el coordinador del centro quir\u00fargico, dio detalles del conflicto por salarios Mariano Boglione, el coordinador del centro quir\u00fargico del\" \/>\n<meta property=\"og:url\" content=\"https:\/\/radioinfinitagoya.com.ar\/v1\/2025\/06\/04\/la-perdida-del-recurso-humano-es-lo-mas-grave-lo-dijo-un-medico-del-hospital-garrahan\/\" \/>\n<meta property=\"og:site_name\" content=\"Radio Infinita Goya\" \/>\n<meta property=\"article:publisher\" content=\"https:\/\/www.facebook.com\/p\/Infinita-Goya-100063870918311\/\" \/>\n<meta property=\"article:published_time\" content=\"2025-06-04T19:17:10+00:00\" \/>\n<meta property=\"og:image\" content=\"https:\/\/radioinfinitagoya.com.ar\/v1\/wp-content\/uploads\/2025\/06\/1749046581914.webp\" \/>\n\t<meta property=\"og:image:width\" content=\"1200\" \/>\n\t<meta property=\"og:image:height\" content=\"675\" \/>\n\t<meta property=\"og:image:type\" content=\"image\/webp\" \/>\n<meta name=\"author\" content=\"Jorge Mi\u00f1o\" \/>\n<meta name=\"twitter:card\" content=\"summary_large_image\" \/>\n<meta name=\"twitter:label1\" content=\"Escrito por\" \/>\n\t<meta name=\"twitter:data1\" content=\"Jorge Mi\u00f1o\" \/>\n\t<meta name=\"twitter:label2\" content=\"Tiempo de lectura\" \/>\n\t<meta name=\"twitter:data2\" content=\"4 minutos\" \/>\n<script type=\"application\/ld+json\" class=\"yoast-schema-graph\">{\"@context\":\"https:\/\/schema.org\",\"@graph\":[{\"@type\":\"Article\",\"@id\":\"https:\/\/radioinfinitagoya.com.ar\/v1\/2025\/06\/04\/la-perdida-del-recurso-humano-es-lo-mas-grave-lo-dijo-un-medico-del-hospital-garrahan\/#article\",\"isPartOf\":{\"@id\":\"https:\/\/radioinfinitagoya.com.ar\/v1\/2025\/06\/04\/la-perdida-del-recurso-humano-es-lo-mas-grave-lo-dijo-un-medico-del-hospital-garrahan\/\"},\"author\":{\"name\":\"Jorge Mi\u00f1o\",\"@id\":\"https:\/\/radioinfinitagoya.com.ar\/v1\/#\/schema\/person\/d4cf9c413d4f6edb24aabdccab49ca4a\"},\"headline\":\"&#8220;La p\u00e9rdida del recurso humano es lo m\u00e1s grave\u201d: lo dijo un m\u00e9dico del hospital Garrahan\",\"datePublished\":\"2025-06-04T19:17:10+00:00\",\"mainEntityOfPage\":{\"@id\":\"https:\/\/radioinfinitagoya.com.ar\/v1\/2025\/06\/04\/la-perdida-del-recurso-humano-es-lo-mas-grave-lo-dijo-un-medico-del-hospital-garrahan\/\"},\"wordCount\":820,\"publisher\":{\"@id\":\"https:\/\/radioinfinitagoya.com.ar\/v1\/#organization\"},\"image\":{\"@id\":\"https:\/\/radioinfinitagoya.com.ar\/v1\/2025\/06\/04\/la-perdida-del-recurso-humano-es-lo-mas-grave-lo-dijo-un-medico-del-hospital-garrahan\/#primaryimage\"},\"thumbnailUrl\":\"https:\/\/radioinfinitagoya.com.ar\/v1\/wp-content\/uploads\/2025\/06\/1749046581914.webp\",\"articleSection\":[\"NACIONALES\"],\"inLanguage\":\"es-AR\"},{\"@type\":\"WebPage\",\"@id\":\"https:\/\/radioinfinitagoya.com.ar\/v1\/2025\/06\/04\/la-perdida-del-recurso-humano-es-lo-mas-grave-lo-dijo-un-medico-del-hospital-garrahan\/\",\"url\":\"https:\/\/radioinfinitagoya.com.ar\/v1\/2025\/06\/04\/la-perdida-del-recurso-humano-es-lo-mas-grave-lo-dijo-un-medico-del-hospital-garrahan\/\",\"name\":\"\\\"La p\u00e9rdida del recurso humano es lo m\u00e1s grave\u201d: lo dijo un m\u00e9dico del hospital Garrahan - Radio Infinita Goya\",\"isPartOf\":{\"@id\":\"https:\/\/radioinfinitagoya.com.ar\/v1\/#website\"},\"primaryImageOfPage\":{\"@id\":\"https:\/\/radioinfinitagoya.com.ar\/v1\/2025\/06\/04\/la-perdida-del-recurso-humano-es-lo-mas-grave-lo-dijo-un-medico-del-hospital-garrahan\/#primaryimage\"},\"image\":{\"@id\":\"https:\/\/radioinfinitagoya.com.ar\/v1\/2025\/06\/04\/la-perdida-del-recurso-humano-es-lo-mas-grave-lo-dijo-un-medico-del-hospital-garrahan\/#primaryimage\"},\"thumbnailUrl\":\"https:\/\/radioinfinitagoya.com.ar\/v1\/wp-content\/uploads\/2025\/06\/1749046581914.webp\",\"datePublished\":\"2025-06-04T19:17:10+00:00\",\"description\":\"Mariano Boglione, el coordinador del centro quir\u00fargico, dio detalles del conflicto por salarios Mariano Boglione, el coordinador del centro quir\u00fargico del\",\"breadcrumb\":{\"@id\":\"https:\/\/radioinfinitagoya.com.ar\/v1\/2025\/06\/04\/la-perdida-del-recurso-humano-es-lo-mas-grave-lo-dijo-un-medico-del-hospital-garrahan\/#breadcrumb\"},\"inLanguage\":\"es-AR\",\"potentialAction\":[{\"@type\":\"ReadAction\",\"target\":[\"https:\/\/radioinfinitagoya.com.ar\/v1\/2025\/06\/04\/la-perdida-del-recurso-humano-es-lo-mas-grave-lo-dijo-un-medico-del-hospital-garrahan\/\"]}]},{\"@type\":\"ImageObject\",\"inLanguage\":\"es-AR\",\"@id\":\"https:\/\/radioinfinitagoya.com.ar\/v1\/2025\/06\/04\/la-perdida-del-recurso-humano-es-lo-mas-grave-lo-dijo-un-medico-del-hospital-garrahan\/#primaryimage\",\"url\":\"https:\/\/radioinfinitagoya.com.ar\/v1\/wp-content\/uploads\/2025\/06\/1749046581914.webp\",\"contentUrl\":\"https:\/\/radioinfinitagoya.com.ar\/v1\/wp-content\/uploads\/2025\/06\/1749046581914.webp\",\"width\":1200,\"height\":675},{\"@type\":\"BreadcrumbList\",\"@id\":\"https:\/\/radioinfinitagoya.com.ar\/v1\/2025\/06\/04\/la-perdida-del-recurso-humano-es-lo-mas-grave-lo-dijo-un-medico-del-hospital-garrahan\/#breadcrumb\",\"itemListElement\":[{\"@type\":\"ListItem\",\"position\":1,\"name\":\"Inicio\",\"item\":\"https:\/\/radioinfinitagoya.com.ar\/v1\/\"},{\"@type\":\"ListItem\",\"position\":2,\"name\":\"&#8220;La p\u00e9rdida del recurso humano es lo m\u00e1s grave\u201d: lo dijo un m\u00e9dico del hospital Garrahan\"}]},{\"@type\":\"WebSite\",\"@id\":\"https:\/\/radioinfinitagoya.com.ar\/v1\/#website\",\"url\":\"https:\/\/radioinfinitagoya.com.ar\/v1\/\",\"name\":\"radioinfinitagoya.com.ar\",\"description\":\"Radio de noticias\",\"publisher\":{\"@id\":\"https:\/\/radioinfinitagoya.com.ar\/v1\/#organization\"},\"potentialAction\":[{\"@type\":\"SearchAction\",\"target\":{\"@type\":\"EntryPoint\",\"urlTemplate\":\"https:\/\/radioinfinitagoya.com.ar\/v1\/?s={search_term_string}\"},\"query-input\":{\"@type\":\"PropertyValueSpecification\",\"valueRequired\":true,\"valueName\":\"search_term_string\"}}],\"inLanguage\":\"es-AR\"},{\"@type\":\"Organization\",\"@id\":\"https:\/\/radioinfinitagoya.com.ar\/v1\/#organization\",\"name\":\"Radio Infinita Goya\",\"url\":\"https:\/\/radioinfinitagoya.com.ar\/v1\/\",\"logo\":{\"@type\":\"ImageObject\",\"inLanguage\":\"es-AR\",\"@id\":\"https:\/\/radioinfinitagoya.com.ar\/v1\/#\/schema\/logo\/image\/\",\"url\":\"https:\/\/radioinfinitagoya.com.ar\/v1\/wp-content\/uploads\/2019\/11\/logo-pie-web.png\",\"contentUrl\":\"https:\/\/radioinfinitagoya.com.ar\/v1\/wp-content\/uploads\/2019\/11\/logo-pie-web.png\",\"width\":635,\"height\":326,\"caption\":\"Radio Infinita Goya\"},\"image\":{\"@id\":\"https:\/\/radioinfinitagoya.com.ar\/v1\/#\/schema\/logo\/image\/\"},\"sameAs\":[\"https:\/\/www.facebook.com\/p\/Infinita-Goya-100063870918311\/\"]},{\"@type\":\"Person\",\"@id\":\"https:\/\/radioinfinitagoya.com.ar\/v1\/#\/schema\/person\/d4cf9c413d4f6edb24aabdccab49ca4a\",\"name\":\"Jorge Mi\u00f1o\",\"image\":{\"@type\":\"ImageObject\",\"inLanguage\":\"es-AR\",\"@id\":\"https:\/\/secure.gravatar.com\/avatar\/910fcf6728fe95320e07a6643c1581fec1c7fc4bf8ae12e3d8f0d0373dc844be?s=96&d=mm&r=g\",\"url\":\"https:\/\/secure.gravatar.com\/avatar\/910fcf6728fe95320e07a6643c1581fec1c7fc4bf8ae12e3d8f0d0373dc844be?s=96&d=mm&r=g\",\"contentUrl\":\"https:\/\/secure.gravatar.com\/avatar\/910fcf6728fe95320e07a6643c1581fec1c7fc4bf8ae12e3d8f0d0373dc844be?s=96&d=mm&r=g\",\"caption\":\"Jorge Mi\u00f1o\"},\"sameAs\":[\"http:\/\/radioinfinitagoya.com.ar\"]}]}<\/script>\n<!-- \/ Yoast SEO plugin. -->","yoast_head_json":{"title":"\"La p\u00e9rdida del recurso humano es lo m\u00e1s grave\u201d: lo dijo un m\u00e9dico del hospital Garrahan - Radio Infinita Goya","description":"Mariano Boglione, el coordinador del centro quir\u00fargico, dio detalles del conflicto por salarios Mariano Boglione, el coordinador del centro quir\u00fargico del","robots":{"index":"index","follow":"follow","max-snippet":"max-snippet:-1","max-image-preview":"max-image-preview:large","max-video-preview":"max-video-preview:-1"},"canonical":"https:\/\/radioinfinitagoya.com.ar\/v1\/2025\/06\/04\/la-perdida-del-recurso-humano-es-lo-mas-grave-lo-dijo-un-medico-del-hospital-garrahan\/","og_locale":"es_ES","og_type":"article","og_title":"\"La p\u00e9rdida del recurso humano es lo m\u00e1s grave\u201d: lo dijo un m\u00e9dico del hospital Garrahan - Radio Infinita Goya","og_description":"Mariano Boglione, el coordinador del centro quir\u00fargico, dio detalles del conflicto por salarios Mariano Boglione, el coordinador del centro quir\u00fargico del","og_url":"https:\/\/radioinfinitagoya.com.ar\/v1\/2025\/06\/04\/la-perdida-del-recurso-humano-es-lo-mas-grave-lo-dijo-un-medico-del-hospital-garrahan\/","og_site_name":"Radio Infinita Goya","article_publisher":"https:\/\/www.facebook.com\/p\/Infinita-Goya-100063870918311\/","article_published_time":"2025-06-04T19:17:10+00:00","og_image":[{"width":1200,"height":675,"url":"https:\/\/radioinfinitagoya.com.ar\/v1\/wp-content\/uploads\/2025\/06\/1749046581914.webp","type":"image\/webp"}],"author":"Jorge Mi\u00f1o","twitter_card":"summary_large_image","twitter_misc":{"Escrito por":"Jorge Mi\u00f1o","Tiempo de lectura":"4 minutos"},"schema":{"@context":"https:\/\/schema.org","@graph":[{"@type":"Article","@id":"https:\/\/radioinfinitagoya.com.ar\/v1\/2025\/06\/04\/la-perdida-del-recurso-humano-es-lo-mas-grave-lo-dijo-un-medico-del-hospital-garrahan\/#article","isPartOf":{"@id":"https:\/\/radioinfinitagoya.com.ar\/v1\/2025\/06\/04\/la-perdida-del-recurso-humano-es-lo-mas-grave-lo-dijo-un-medico-del-hospital-garrahan\/"},"author":{"name":"Jorge Mi\u00f1o","@id":"https:\/\/radioinfinitagoya.com.ar\/v1\/#\/schema\/person\/d4cf9c413d4f6edb24aabdccab49ca4a"},"headline":"&#8220;La p\u00e9rdida del recurso humano es lo m\u00e1s grave\u201d: lo dijo un m\u00e9dico del hospital Garrahan","datePublished":"2025-06-04T19:17:10+00:00","mainEntityOfPage":{"@id":"https:\/\/radioinfinitagoya.com.ar\/v1\/2025\/06\/04\/la-perdida-del-recurso-humano-es-lo-mas-grave-lo-dijo-un-medico-del-hospital-garrahan\/"},"wordCount":820,"publisher":{"@id":"https:\/\/radioinfinitagoya.com.ar\/v1\/#organization"},"image":{"@id":"https:\/\/radioinfinitagoya.com.ar\/v1\/2025\/06\/04\/la-perdida-del-recurso-humano-es-lo-mas-grave-lo-dijo-un-medico-del-hospital-garrahan\/#primaryimage"},"thumbnailUrl":"https:\/\/radioinfinitagoya.com.ar\/v1\/wp-content\/uploads\/2025\/06\/1749046581914.webp","articleSection":["NACIONALES"],"inLanguage":"es-AR"},{"@type":"WebPage","@id":"https:\/\/radioinfinitagoya.com.ar\/v1\/2025\/06\/04\/la-perdida-del-recurso-humano-es-lo-mas-grave-lo-dijo-un-medico-del-hospital-garrahan\/","url":"https:\/\/radioinfinitagoya.com.ar\/v1\/2025\/06\/04\/la-perdida-del-recurso-humano-es-lo-mas-grave-lo-dijo-un-medico-del-hospital-garrahan\/","name":"\"La p\u00e9rdida del recurso humano es lo m\u00e1s grave\u201d: lo dijo un m\u00e9dico del hospital Garrahan - Radio Infinita Goya","isPartOf":{"@id":"https:\/\/radioinfinitagoya.com.ar\/v1\/#website"},"primaryImageOfPage":{"@id":"https:\/\/radioinfinitagoya.com.ar\/v1\/2025\/06\/04\/la-perdida-del-recurso-humano-es-lo-mas-grave-lo-dijo-un-medico-del-hospital-garrahan\/#primaryimage"},"image":{"@id":"https:\/\/radioinfinitagoya.com.ar\/v1\/2025\/06\/04\/la-perdida-del-recurso-humano-es-lo-mas-grave-lo-dijo-un-medico-del-hospital-garrahan\/#primaryimage"},"thumbnailUrl":"https:\/\/radioinfinitagoya.com.ar\/v1\/wp-content\/uploads\/2025\/06\/1749046581914.webp","datePublished":"2025-06-04T19:17:10+00:00","description":"Mariano Boglione, el coordinador del centro quir\u00fargico, dio detalles del conflicto por salarios Mariano Boglione, el coordinador del centro quir\u00fargico del","breadcrumb":{"@id":"https:\/\/radioinfinitagoya.com.ar\/v1\/2025\/06\/04\/la-perdida-del-recurso-humano-es-lo-mas-grave-lo-dijo-un-medico-del-hospital-garrahan\/#breadcrumb"},"inLanguage":"es-AR","potentialAction":[{"@type":"ReadAction","target":["https:\/\/radioinfinitagoya.com.ar\/v1\/2025\/06\/04\/la-perdida-del-recurso-humano-es-lo-mas-grave-lo-dijo-un-medico-del-hospital-garrahan\/"]}]},{"@type":"ImageObject","inLanguage":"es-AR","@id":"https:\/\/radioinfinitagoya.com.ar\/v1\/2025\/06\/04\/la-perdida-del-recurso-humano-es-lo-mas-grave-lo-dijo-un-medico-del-hospital-garrahan\/#primaryimage","url":"https:\/\/radioinfinitagoya.com.ar\/v1\/wp-content\/uploads\/2025\/06\/1749046581914.webp","contentUrl":"https:\/\/radioinfinitagoya.com.ar\/v1\/wp-content\/uploads\/2025\/06\/1749046581914.webp","width":1200,"height":675},{"@type":"BreadcrumbList","@id":"https:\/\/radioinfinitagoya.com.ar\/v1\/2025\/06\/04\/la-perdida-del-recurso-humano-es-lo-mas-grave-lo-dijo-un-medico-del-hospital-garrahan\/#breadcrumb","itemListElement":[{"@type":"ListItem","position":1,"name":"Inicio","item":"https:\/\/radioinfinitagoya.com.ar\/v1\/"},{"@type":"ListItem","position":2,"name":"&#8220;La p\u00e9rdida del recurso humano es lo m\u00e1s grave\u201d: lo dijo un m\u00e9dico del hospital Garrahan"}]},{"@type":"WebSite","@id":"https:\/\/radioinfinitagoya.com.ar\/v1\/#website","url":"https:\/\/radioinfinitagoya.com.ar\/v1\/","name":"radioinfinitagoya.com.ar","description":"Radio de noticias","publisher":{"@id":"https:\/\/radioinfinitagoya.com.ar\/v1\/#organization"},"potentialAction":[{"@type":"SearchAction","target":{"@type":"EntryPoint","urlTemplate":"https:\/\/radioinfinitagoya.com.ar\/v1\/?s={search_term_string}"},"query-input":{"@type":"PropertyValueSpecification","valueRequired":true,"valueName":"search_term_string"}}],"inLanguage":"es-AR"},{"@type":"Organization","@id":"https:\/\/radioinfinitagoya.com.ar\/v1\/#organization","name":"Radio Infinita Goya","url":"https:\/\/radioinfinitagoya.com.ar\/v1\/","logo":{"@type":"ImageObject","inLanguage":"es-AR","@id":"https:\/\/radioinfinitagoya.com.ar\/v1\/#\/schema\/logo\/image\/","url":"https:\/\/radioinfinitagoya.com.ar\/v1\/wp-content\/uploads\/2019\/11\/logo-pie-web.png","contentUrl":"https:\/\/radioinfinitagoya.com.ar\/v1\/wp-content\/uploads\/2019\/11\/logo-pie-web.png","width":635,"height":326,"caption":"Radio Infinita Goya"},"image":{"@id":"https:\/\/radioinfinitagoya.com.ar\/v1\/#\/schema\/logo\/image\/"},"sameAs":["https:\/\/www.facebook.com\/p\/Infinita-Goya-100063870918311\/"]},{"@type":"Person","@id":"https:\/\/radioinfinitagoya.com.ar\/v1\/#\/schema\/person\/d4cf9c413d4f6edb24aabdccab49ca4a","name":"Jorge Mi\u00f1o","image":{"@type":"ImageObject","inLanguage":"es-AR","@id":"https:\/\/secure.gravatar.com\/avatar\/910fcf6728fe95320e07a6643c1581fec1c7fc4bf8ae12e3d8f0d0373dc844be?s=96&d=mm&r=g","url":"https:\/\/secure.gravatar.com\/avatar\/910fcf6728fe95320e07a6643c1581fec1c7fc4bf8ae12e3d8f0d0373dc844be?s=96&d=mm&r=g","contentUrl":"https:\/\/secure.gravatar.com\/avatar\/910fcf6728fe95320e07a6643c1581fec1c7fc4bf8ae12e3d8f0d0373dc844be?s=96&d=mm&r=g","caption":"Jorge Mi\u00f1o"},"sameAs":["http:\/\/radioinfinitagoya.com.ar"]}]}},"_links":{"self":[{"href":"https:\/\/radioinfinitagoya.com.ar\/v1\/wp-json\/wp\/v2\/posts\/191122","targetHints":{"allow":["GET"]}}],"collection":[{"href":"https:\/\/radioinfinitagoya.com.ar\/v1\/wp-json\/wp\/v2\/posts"}],"about":[{"href":"https:\/\/radioinfinitagoya.com.ar\/v1\/wp-json\/wp\/v2\/types\/post"}],"author":[{"embeddable":true,"href":"https:\/\/radioinfinitagoya.com.ar\/v1\/wp-json\/wp\/v2\/users\/4"}],"replies":[{"embeddable":true,"href":"https:\/\/radioinfinitagoya.com.ar\/v1\/wp-json\/wp\/v2\/comments?post=191122"}],"version-history":[{"count":0,"href":"https:\/\/radioinfinitagoya.com.ar\/v1\/wp-json\/wp\/v2\/posts\/191122\/revisions"}],"wp:featuredmedia":[{"embeddable":true,"href":"https:\/\/radioinfinitagoya.com.ar\/v1\/wp-json\/wp\/v2\/media\/191123"}],"wp:attachment":[{"href":"https:\/\/radioinfinitagoya.com.ar\/v1\/wp-json\/wp\/v2\/media?parent=191122"}],"wp:term":[{"taxonomy":"category","embeddable":true,"href":"https:\/\/radioinfinitagoya.com.ar\/v1\/wp-json\/wp\/v2\/categories?post=191122"},{"taxonomy":"post_tag","embeddable":true,"href":"https:\/\/radioinfinitagoya.com.ar\/v1\/wp-json\/wp\/v2\/tags?post=191122"}],"curies":[{"name":"wp","href":"https:\/\/api.w.org\/{rel}","templated":true}]}}