{"id":191128,"date":"2025-06-04T16:26:22","date_gmt":"2025-06-04T19:26:22","guid":{"rendered":"https:\/\/radioinfinitagoya.com.ar\/v1\/?p=191128"},"modified":"2025-06-04T16:26:22","modified_gmt":"2025-06-04T19:26:22","slug":"la-oposicion-vuelve-a-la-carga-con-las-jubilaciones","status":"publish","type":"post","link":"https:\/\/radioinfinitagoya.com.ar\/v1\/2025\/06\/04\/la-oposicion-vuelve-a-la-carga-con-las-jubilaciones\/","title":{"rendered":"La oposici\u00f3n vuelve a la carga con las jubilaciones"},"content":{"rendered":"<p>Pero no tiene garantizado el qu\u00f3rum<\/p>\n<p>Este mi\u00e9rcoles habr\u00e1 una nueva jornada de tensi\u00f3n en el Congreso de la Naci\u00f3n. Desde las 12 del mediod\u00eda habr\u00e1 una sesi\u00f3n especial, pedida por el jefe del bloque de Uni\u00f3n por la Patria, Germ\u00e1n Mart\u00ednez. El dato es que el temario es muy similar al de la \u00faltima, que fracas\u00f3 por falta de qu\u00f3rum.<\/p>\n<p>Mientras, hay muchas dudas respecto de si la oposici\u00f3n tendr\u00e1 los n\u00fameros necesarios para comenzar la sesi\u00f3n (129), el temario incluye proyectos de ley previsionales, moratoria, emergencia en discapacidad y la emergencia por inundaciones en la provincia de Buenos Aires.<\/p>\n<p>Sin dudas, los proyectos que m\u00e1s ruido hacen en el Gobierno son los que tienen que ver con las jubilaciones. Los mi\u00e9rcoles son adem\u00e1s los d\u00edas de las marchas de jubilados al Congreso, en reclamo de mejora de los haberes.<\/p>\n<p>Uno de los proyectos que la oposici\u00f3n busca aprobar establece el \u201cincremento excepcional y de emergencia, equivalente al 7,2%, para las jubilaciones y pensiones\u201d y un aumento del bono extraordinario que var\u00eda entre pasar de $70.000 a $105.000 o $115.000. Otro es la vuelta del Plan de Pago de Deuda Previsional y la de Reparaci\u00f3n Hist\u00f3rica para Jubilados y Pensionados. Se trata de la vuelta de la moratoria jubilatoria, que permite a todo aquel que no cuente con los 30 a\u00f1os de aporte, ir saldando su deuda.<\/p>\n<p>La Libertad Avanza acompa\u00f1\u00f3 la propuesta de la diputada Silvana Giudici (PRO) para la creaci\u00f3n de una comisi\u00f3n para la Elaboraci\u00f3n del Proyecto de Ley de Reforma Integral del Sistema Previsional Argentino. La iniciativa apunta a estudiar, analizar y proponer al Congreso un proyecto que comprenda la reforma estructural del r\u00e9gimen de jubilaciones y pensiones. Se sumaron los bloques del MID y los radicales libertarios de Liga del Interior que preside Pablo Cervi.<\/p>\n<p>Adem\u00e1s, se debatir\u00eda la Ley de Emergencia en Discapacidad en todo el pa\u00eds hasta el 31 de diciembre de 2027 inclusive. Lo mismo ocurrir\u00eda con la declaraci\u00f3n de zona de desastre y emergencia ambiental en todas las zonas de la provincia de Buenos Aires que sufrieron inundaciones en las \u00faltimas semanas.<\/p>\n<p>Mientras tanto, el oficialismo intenta bloquear la sesi\u00f3n. En ese sentido, hizo su trabajo para convencer a los gobernadores de que los diputados de sus provincias no bajen al recinto. Esta estrategia le dio resultados a La Libertad Avanza, ya que entre los ausentes en los diferentes fracasos por falta de qu\u00f3rum no estuvieron diputados de casi todas las bancadas pol\u00edticas.<\/p>\n<p>Los libertarios, el PRO y la UCR de Rodrigo de Loredo tienen una postura similar de no bajar al recinto. A ellos se les suman los diputados del gobernador tucumano Osvaldo Jaldo, los radicales libertarios de Cervi y los representantes de los provincialismos de Salta, R\u00edo Negro y Misiones.<\/p>\n<p>Tambi\u00e9n se esperan ausencias de radicales cr\u00edticos de Democracia para Siempre, que responden a los gobernadores de Santa Fe, Maximiliano Pullaro, y Entre R\u00edos, Rogelio Frigerio. Hay que prestar atenci\u00f3n a su vez a posibles faltazos en Encuentro Federal y tambi\u00e9n hubo llamados hacia los diputados de los gobernadores de Catamarca, Ra\u00fal Jalil, y Santiago del Estero, Gerardo Zamora. Ambos han tenido gui\u00f1os con el Gobierno.<\/p>\n<p>El n\u00famero clave a conseguir para la oposici\u00f3n es de 129 diputados y tendr\u00e1 una tolerancia de 30 minutos para conseguirlos, desde las 12 del mediod\u00eda, horario de inicio de la sesi\u00f3n.<\/p>\n","protected":false},"excerpt":{"rendered":"<p>Pero no tiene garantizado el qu\u00f3rum Este mi\u00e9rcoles habr\u00e1 una nueva jornada de tensi\u00f3n en el Congreso de la Naci\u00f3n. Desde las 12 del mediod\u00eda habr\u00e1 una sesi\u00f3n especial, pedida por el jefe del bloque de Uni\u00f3n por la Patria, Germ\u00e1n Mart\u00ednez. El dato es que el temario es muy similar al de la \u00faltima, [&hellip;]<\/p>\n","protected":false},"author":4,"featured_media":191129,"comment_status":"closed","ping_status":"closed","sticky":false,"template":"","format":"standard","meta":{"_joinchat":[],"footnotes":""},"categories":[29],"tags":[],"class_list":{"0":"post-191128","1":"post","2":"type-post","3":"status-publish","4":"format-standard","5":"has-post-thumbnail","7":"category-nacionales"},"yoast_head":"<!-- This site is optimized with the Yoast SEO plugin v27.2 - https:\/\/yoast.com\/product\/yoast-seo-wordpress\/ -->\n<title>La oposici\u00f3n vuelve a la carga con las jubilaciones - Radio Infinita Goya<\/title>\n<meta name=\"description\" content=\"Pero no tiene garantizado el qu\u00f3rum Este mi\u00e9rcoles habr\u00e1 una nueva jornada de tensi\u00f3n en el Congreso de la Naci\u00f3n. Desde las 12 del mediod\u00eda habr\u00e1 una\" \/>\n<meta name=\"robots\" content=\"index, follow, max-snippet:-1, max-image-preview:large, max-video-preview:-1\" \/>\n<link rel=\"canonical\" href=\"https:\/\/radioinfinitagoya.com.ar\/v1\/2025\/06\/04\/la-oposicion-vuelve-a-la-carga-con-las-jubilaciones\/\" \/>\n<meta property=\"og:locale\" content=\"es_ES\" \/>\n<meta property=\"og:type\" content=\"article\" \/>\n<meta property=\"og:title\" content=\"La oposici\u00f3n vuelve a la carga con las jubilaciones - Radio Infinita Goya\" \/>\n<meta property=\"og:description\" content=\"Pero no tiene garantizado el qu\u00f3rum Este mi\u00e9rcoles habr\u00e1 una nueva jornada de tensi\u00f3n en el Congreso de la Naci\u00f3n. Desde las 12 del mediod\u00eda habr\u00e1 una\" \/>\n<meta property=\"og:url\" content=\"https:\/\/radioinfinitagoya.com.ar\/v1\/2025\/06\/04\/la-oposicion-vuelve-a-la-carga-con-las-jubilaciones\/\" \/>\n<meta property=\"og:site_name\" content=\"Radio Infinita Goya\" \/>\n<meta property=\"article:publisher\" content=\"https:\/\/www.facebook.com\/p\/Infinita-Goya-100063870918311\/\" \/>\n<meta property=\"article:published_time\" content=\"2025-06-04T19:26:22+00:00\" \/>\n<meta property=\"og:image\" content=\"https:\/\/radioinfinitagoya.com.ar\/v1\/wp-content\/uploads\/2025\/06\/1749041229041.webp\" \/>\n\t<meta property=\"og:image:width\" content=\"1200\" \/>\n\t<meta property=\"og:image:height\" content=\"675\" \/>\n\t<meta property=\"og:image:type\" content=\"image\/webp\" \/>\n<meta name=\"author\" content=\"Jorge Mi\u00f1o\" \/>\n<meta name=\"twitter:card\" content=\"summary_large_image\" \/>\n<meta name=\"twitter:label1\" content=\"Escrito por\" \/>\n\t<meta name=\"twitter:data1\" content=\"Jorge Mi\u00f1o\" \/>\n\t<meta name=\"twitter:label2\" content=\"Tiempo de lectura\" \/>\n\t<meta name=\"twitter:data2\" content=\"3 minutos\" \/>\n<script type=\"application\/ld+json\" class=\"yoast-schema-graph\">{\"@context\":\"https:\/\/schema.org\",\"@graph\":[{\"@type\":\"Article\",\"@id\":\"https:\/\/radioinfinitagoya.com.ar\/v1\/2025\/06\/04\/la-oposicion-vuelve-a-la-carga-con-las-jubilaciones\/#article\",\"isPartOf\":{\"@id\":\"https:\/\/radioinfinitagoya.com.ar\/v1\/2025\/06\/04\/la-oposicion-vuelve-a-la-carga-con-las-jubilaciones\/\"},\"author\":{\"name\":\"Jorge Mi\u00f1o\",\"@id\":\"https:\/\/radioinfinitagoya.com.ar\/v1\/#\/schema\/person\/d4cf9c413d4f6edb24aabdccab49ca4a\"},\"headline\":\"La oposici\u00f3n vuelve a la carga con las jubilaciones\",\"datePublished\":\"2025-06-04T19:26:22+00:00\",\"mainEntityOfPage\":{\"@id\":\"https:\/\/radioinfinitagoya.com.ar\/v1\/2025\/06\/04\/la-oposicion-vuelve-a-la-carga-con-las-jubilaciones\/\"},\"wordCount\":604,\"publisher\":{\"@id\":\"https:\/\/radioinfinitagoya.com.ar\/v1\/#organization\"},\"image\":{\"@id\":\"https:\/\/radioinfinitagoya.com.ar\/v1\/2025\/06\/04\/la-oposicion-vuelve-a-la-carga-con-las-jubilaciones\/#primaryimage\"},\"thumbnailUrl\":\"https:\/\/radioinfinitagoya.com.ar\/v1\/wp-content\/uploads\/2025\/06\/1749041229041.webp\",\"articleSection\":[\"NACIONALES\"],\"inLanguage\":\"es-AR\"},{\"@type\":\"WebPage\",\"@id\":\"https:\/\/radioinfinitagoya.com.ar\/v1\/2025\/06\/04\/la-oposicion-vuelve-a-la-carga-con-las-jubilaciones\/\",\"url\":\"https:\/\/radioinfinitagoya.com.ar\/v1\/2025\/06\/04\/la-oposicion-vuelve-a-la-carga-con-las-jubilaciones\/\",\"name\":\"La oposici\u00f3n vuelve a la carga con las jubilaciones - Radio Infinita Goya\",\"isPartOf\":{\"@id\":\"https:\/\/radioinfinitagoya.com.ar\/v1\/#website\"},\"primaryImageOfPage\":{\"@id\":\"https:\/\/radioinfinitagoya.com.ar\/v1\/2025\/06\/04\/la-oposicion-vuelve-a-la-carga-con-las-jubilaciones\/#primaryimage\"},\"image\":{\"@id\":\"https:\/\/radioinfinitagoya.com.ar\/v1\/2025\/06\/04\/la-oposicion-vuelve-a-la-carga-con-las-jubilaciones\/#primaryimage\"},\"thumbnailUrl\":\"https:\/\/radioinfinitagoya.com.ar\/v1\/wp-content\/uploads\/2025\/06\/1749041229041.webp\",\"datePublished\":\"2025-06-04T19:26:22+00:00\",\"description\":\"Pero no tiene garantizado el qu\u00f3rum Este mi\u00e9rcoles habr\u00e1 una nueva jornada de tensi\u00f3n en el Congreso de la Naci\u00f3n. Desde las 12 del mediod\u00eda habr\u00e1 una\",\"breadcrumb\":{\"@id\":\"https:\/\/radioinfinitagoya.com.ar\/v1\/2025\/06\/04\/la-oposicion-vuelve-a-la-carga-con-las-jubilaciones\/#breadcrumb\"},\"inLanguage\":\"es-AR\",\"potentialAction\":[{\"@type\":\"ReadAction\",\"target\":[\"https:\/\/radioinfinitagoya.com.ar\/v1\/2025\/06\/04\/la-oposicion-vuelve-a-la-carga-con-las-jubilaciones\/\"]}]},{\"@type\":\"ImageObject\",\"inLanguage\":\"es-AR\",\"@id\":\"https:\/\/radioinfinitagoya.com.ar\/v1\/2025\/06\/04\/la-oposicion-vuelve-a-la-carga-con-las-jubilaciones\/#primaryimage\",\"url\":\"https:\/\/radioinfinitagoya.com.ar\/v1\/wp-content\/uploads\/2025\/06\/1749041229041.webp\",\"contentUrl\":\"https:\/\/radioinfinitagoya.com.ar\/v1\/wp-content\/uploads\/2025\/06\/1749041229041.webp\",\"width\":1200,\"height\":675},{\"@type\":\"BreadcrumbList\",\"@id\":\"https:\/\/radioinfinitagoya.com.ar\/v1\/2025\/06\/04\/la-oposicion-vuelve-a-la-carga-con-las-jubilaciones\/#breadcrumb\",\"itemListElement\":[{\"@type\":\"ListItem\",\"position\":1,\"name\":\"Inicio\",\"item\":\"https:\/\/radioinfinitagoya.com.ar\/v1\/\"},{\"@type\":\"ListItem\",\"position\":2,\"name\":\"La oposici\u00f3n vuelve a la carga con las jubilaciones\"}]},{\"@type\":\"WebSite\",\"@id\":\"https:\/\/radioinfinitagoya.com.ar\/v1\/#website\",\"url\":\"https:\/\/radioinfinitagoya.com.ar\/v1\/\",\"name\":\"radioinfinitagoya.com.ar\",\"description\":\"Radio de noticias\",\"publisher\":{\"@id\":\"https:\/\/radioinfinitagoya.com.ar\/v1\/#organization\"},\"potentialAction\":[{\"@type\":\"SearchAction\",\"target\":{\"@type\":\"EntryPoint\",\"urlTemplate\":\"https:\/\/radioinfinitagoya.com.ar\/v1\/?s={search_term_string}\"},\"query-input\":{\"@type\":\"PropertyValueSpecification\",\"valueRequired\":true,\"valueName\":\"search_term_string\"}}],\"inLanguage\":\"es-AR\"},{\"@type\":\"Organization\",\"@id\":\"https:\/\/radioinfinitagoya.com.ar\/v1\/#organization\",\"name\":\"Radio Infinita Goya\",\"url\":\"https:\/\/radioinfinitagoya.com.ar\/v1\/\",\"logo\":{\"@type\":\"ImageObject\",\"inLanguage\":\"es-AR\",\"@id\":\"https:\/\/radioinfinitagoya.com.ar\/v1\/#\/schema\/logo\/image\/\",\"url\":\"https:\/\/radioinfinitagoya.com.ar\/v1\/wp-content\/uploads\/2019\/11\/logo-pie-web.png\",\"contentUrl\":\"https:\/\/radioinfinitagoya.com.ar\/v1\/wp-content\/uploads\/2019\/11\/logo-pie-web.png\",\"width\":635,\"height\":326,\"caption\":\"Radio Infinita Goya\"},\"image\":{\"@id\":\"https:\/\/radioinfinitagoya.com.ar\/v1\/#\/schema\/logo\/image\/\"},\"sameAs\":[\"https:\/\/www.facebook.com\/p\/Infinita-Goya-100063870918311\/\"]},{\"@type\":\"Person\",\"@id\":\"https:\/\/radioinfinitagoya.com.ar\/v1\/#\/schema\/person\/d4cf9c413d4f6edb24aabdccab49ca4a\",\"name\":\"Jorge Mi\u00f1o\",\"image\":{\"@type\":\"ImageObject\",\"inLanguage\":\"es-AR\",\"@id\":\"https:\/\/secure.gravatar.com\/avatar\/910fcf6728fe95320e07a6643c1581fec1c7fc4bf8ae12e3d8f0d0373dc844be?s=96&d=mm&r=g\",\"url\":\"https:\/\/secure.gravatar.com\/avatar\/910fcf6728fe95320e07a6643c1581fec1c7fc4bf8ae12e3d8f0d0373dc844be?s=96&d=mm&r=g\",\"contentUrl\":\"https:\/\/secure.gravatar.com\/avatar\/910fcf6728fe95320e07a6643c1581fec1c7fc4bf8ae12e3d8f0d0373dc844be?s=96&d=mm&r=g\",\"caption\":\"Jorge Mi\u00f1o\"},\"sameAs\":[\"http:\/\/radioinfinitagoya.com.ar\"]}]}<\/script>\n<!-- \/ Yoast SEO plugin. -->","yoast_head_json":{"title":"La oposici\u00f3n vuelve a la carga con las jubilaciones - Radio Infinita Goya","description":"Pero no tiene garantizado el qu\u00f3rum Este mi\u00e9rcoles habr\u00e1 una nueva jornada de tensi\u00f3n en el Congreso de la Naci\u00f3n. Desde las 12 del mediod\u00eda habr\u00e1 una","robots":{"index":"index","follow":"follow","max-snippet":"max-snippet:-1","max-image-preview":"max-image-preview:large","max-video-preview":"max-video-preview:-1"},"canonical":"https:\/\/radioinfinitagoya.com.ar\/v1\/2025\/06\/04\/la-oposicion-vuelve-a-la-carga-con-las-jubilaciones\/","og_locale":"es_ES","og_type":"article","og_title":"La oposici\u00f3n vuelve a la carga con las jubilaciones - Radio Infinita Goya","og_description":"Pero no tiene garantizado el qu\u00f3rum Este mi\u00e9rcoles habr\u00e1 una nueva jornada de tensi\u00f3n en el Congreso de la Naci\u00f3n. Desde las 12 del mediod\u00eda habr\u00e1 una","og_url":"https:\/\/radioinfinitagoya.com.ar\/v1\/2025\/06\/04\/la-oposicion-vuelve-a-la-carga-con-las-jubilaciones\/","og_site_name":"Radio Infinita Goya","article_publisher":"https:\/\/www.facebook.com\/p\/Infinita-Goya-100063870918311\/","article_published_time":"2025-06-04T19:26:22+00:00","og_image":[{"width":1200,"height":675,"url":"https:\/\/radioinfinitagoya.com.ar\/v1\/wp-content\/uploads\/2025\/06\/1749041229041.webp","type":"image\/webp"}],"author":"Jorge Mi\u00f1o","twitter_card":"summary_large_image","twitter_misc":{"Escrito por":"Jorge Mi\u00f1o","Tiempo de lectura":"3 minutos"},"schema":{"@context":"https:\/\/schema.org","@graph":[{"@type":"Article","@id":"https:\/\/radioinfinitagoya.com.ar\/v1\/2025\/06\/04\/la-oposicion-vuelve-a-la-carga-con-las-jubilaciones\/#article","isPartOf":{"@id":"https:\/\/radioinfinitagoya.com.ar\/v1\/2025\/06\/04\/la-oposicion-vuelve-a-la-carga-con-las-jubilaciones\/"},"author":{"name":"Jorge Mi\u00f1o","@id":"https:\/\/radioinfinitagoya.com.ar\/v1\/#\/schema\/person\/d4cf9c413d4f6edb24aabdccab49ca4a"},"headline":"La oposici\u00f3n vuelve a la carga con las jubilaciones","datePublished":"2025-06-04T19:26:22+00:00","mainEntityOfPage":{"@id":"https:\/\/radioinfinitagoya.com.ar\/v1\/2025\/06\/04\/la-oposicion-vuelve-a-la-carga-con-las-jubilaciones\/"},"wordCount":604,"publisher":{"@id":"https:\/\/radioinfinitagoya.com.ar\/v1\/#organization"},"image":{"@id":"https:\/\/radioinfinitagoya.com.ar\/v1\/2025\/06\/04\/la-oposicion-vuelve-a-la-carga-con-las-jubilaciones\/#primaryimage"},"thumbnailUrl":"https:\/\/radioinfinitagoya.com.ar\/v1\/wp-content\/uploads\/2025\/06\/1749041229041.webp","articleSection":["NACIONALES"],"inLanguage":"es-AR"},{"@type":"WebPage","@id":"https:\/\/radioinfinitagoya.com.ar\/v1\/2025\/06\/04\/la-oposicion-vuelve-a-la-carga-con-las-jubilaciones\/","url":"https:\/\/radioinfinitagoya.com.ar\/v1\/2025\/06\/04\/la-oposicion-vuelve-a-la-carga-con-las-jubilaciones\/","name":"La oposici\u00f3n vuelve a la carga con las jubilaciones - Radio Infinita Goya","isPartOf":{"@id":"https:\/\/radioinfinitagoya.com.ar\/v1\/#website"},"primaryImageOfPage":{"@id":"https:\/\/radioinfinitagoya.com.ar\/v1\/2025\/06\/04\/la-oposicion-vuelve-a-la-carga-con-las-jubilaciones\/#primaryimage"},"image":{"@id":"https:\/\/radioinfinitagoya.com.ar\/v1\/2025\/06\/04\/la-oposicion-vuelve-a-la-carga-con-las-jubilaciones\/#primaryimage"},"thumbnailUrl":"https:\/\/radioinfinitagoya.com.ar\/v1\/wp-content\/uploads\/2025\/06\/1749041229041.webp","datePublished":"2025-06-04T19:26:22+00:00","description":"Pero no tiene garantizado el qu\u00f3rum Este mi\u00e9rcoles habr\u00e1 una nueva jornada de tensi\u00f3n en el Congreso de la Naci\u00f3n. Desde las 12 del mediod\u00eda habr\u00e1 una","breadcrumb":{"@id":"https:\/\/radioinfinitagoya.com.ar\/v1\/2025\/06\/04\/la-oposicion-vuelve-a-la-carga-con-las-jubilaciones\/#breadcrumb"},"inLanguage":"es-AR","potentialAction":[{"@type":"ReadAction","target":["https:\/\/radioinfinitagoya.com.ar\/v1\/2025\/06\/04\/la-oposicion-vuelve-a-la-carga-con-las-jubilaciones\/"]}]},{"@type":"ImageObject","inLanguage":"es-AR","@id":"https:\/\/radioinfinitagoya.com.ar\/v1\/2025\/06\/04\/la-oposicion-vuelve-a-la-carga-con-las-jubilaciones\/#primaryimage","url":"https:\/\/radioinfinitagoya.com.ar\/v1\/wp-content\/uploads\/2025\/06\/1749041229041.webp","contentUrl":"https:\/\/radioinfinitagoya.com.ar\/v1\/wp-content\/uploads\/2025\/06\/1749041229041.webp","width":1200,"height":675},{"@type":"BreadcrumbList","@id":"https:\/\/radioinfinitagoya.com.ar\/v1\/2025\/06\/04\/la-oposicion-vuelve-a-la-carga-con-las-jubilaciones\/#breadcrumb","itemListElement":[{"@type":"ListItem","position":1,"name":"Inicio","item":"https:\/\/radioinfinitagoya.com.ar\/v1\/"},{"@type":"ListItem","position":2,"name":"La oposici\u00f3n vuelve a la carga con las jubilaciones"}]},{"@type":"WebSite","@id":"https:\/\/radioinfinitagoya.com.ar\/v1\/#website","url":"https:\/\/radioinfinitagoya.com.ar\/v1\/","name":"radioinfinitagoya.com.ar","description":"Radio de noticias","publisher":{"@id":"https:\/\/radioinfinitagoya.com.ar\/v1\/#organization"},"potentialAction":[{"@type":"SearchAction","target":{"@type":"EntryPoint","urlTemplate":"https:\/\/radioinfinitagoya.com.ar\/v1\/?s={search_term_string}"},"query-input":{"@type":"PropertyValueSpecification","valueRequired":true,"valueName":"search_term_string"}}],"inLanguage":"es-AR"},{"@type":"Organization","@id":"https:\/\/radioinfinitagoya.com.ar\/v1\/#organization","name":"Radio Infinita Goya","url":"https:\/\/radioinfinitagoya.com.ar\/v1\/","logo":{"@type":"ImageObject","inLanguage":"es-AR","@id":"https:\/\/radioinfinitagoya.com.ar\/v1\/#\/schema\/logo\/image\/","url":"https:\/\/radioinfinitagoya.com.ar\/v1\/wp-content\/uploads\/2019\/11\/logo-pie-web.png","contentUrl":"https:\/\/radioinfinitagoya.com.ar\/v1\/wp-content\/uploads\/2019\/11\/logo-pie-web.png","width":635,"height":326,"caption":"Radio Infinita Goya"},"image":{"@id":"https:\/\/radioinfinitagoya.com.ar\/v1\/#\/schema\/logo\/image\/"},"sameAs":["https:\/\/www.facebook.com\/p\/Infinita-Goya-100063870918311\/"]},{"@type":"Person","@id":"https:\/\/radioinfinitagoya.com.ar\/v1\/#\/schema\/person\/d4cf9c413d4f6edb24aabdccab49ca4a","name":"Jorge Mi\u00f1o","image":{"@type":"ImageObject","inLanguage":"es-AR","@id":"https:\/\/secure.gravatar.com\/avatar\/910fcf6728fe95320e07a6643c1581fec1c7fc4bf8ae12e3d8f0d0373dc844be?s=96&d=mm&r=g","url":"https:\/\/secure.gravatar.com\/avatar\/910fcf6728fe95320e07a6643c1581fec1c7fc4bf8ae12e3d8f0d0373dc844be?s=96&d=mm&r=g","contentUrl":"https:\/\/secure.gravatar.com\/avatar\/910fcf6728fe95320e07a6643c1581fec1c7fc4bf8ae12e3d8f0d0373dc844be?s=96&d=mm&r=g","caption":"Jorge Mi\u00f1o"},"sameAs":["http:\/\/radioinfinitagoya.com.ar"]}]}},"_links":{"self":[{"href":"https:\/\/radioinfinitagoya.com.ar\/v1\/wp-json\/wp\/v2\/posts\/191128","targetHints":{"allow":["GET"]}}],"collection":[{"href":"https:\/\/radioinfinitagoya.com.ar\/v1\/wp-json\/wp\/v2\/posts"}],"about":[{"href":"https:\/\/radioinfinitagoya.com.ar\/v1\/wp-json\/wp\/v2\/types\/post"}],"author":[{"embeddable":true,"href":"https:\/\/radioinfinitagoya.com.ar\/v1\/wp-json\/wp\/v2\/users\/4"}],"replies":[{"embeddable":true,"href":"https:\/\/radioinfinitagoya.com.ar\/v1\/wp-json\/wp\/v2\/comments?post=191128"}],"version-history":[{"count":0,"href":"https:\/\/radioinfinitagoya.com.ar\/v1\/wp-json\/wp\/v2\/posts\/191128\/revisions"}],"wp:featuredmedia":[{"embeddable":true,"href":"https:\/\/radioinfinitagoya.com.ar\/v1\/wp-json\/wp\/v2\/media\/191129"}],"wp:attachment":[{"href":"https:\/\/radioinfinitagoya.com.ar\/v1\/wp-json\/wp\/v2\/media?parent=191128"}],"wp:term":[{"taxonomy":"category","embeddable":true,"href":"https:\/\/radioinfinitagoya.com.ar\/v1\/wp-json\/wp\/v2\/categories?post=191128"},{"taxonomy":"post_tag","embeddable":true,"href":"https:\/\/radioinfinitagoya.com.ar\/v1\/wp-json\/wp\/v2\/tags?post=191128"}],"curies":[{"name":"wp","href":"https:\/\/api.w.org\/{rel}","templated":true}]}}