{"id":191131,"date":"2025-06-04T16:31:32","date_gmt":"2025-06-04T19:31:32","guid":{"rendered":"https:\/\/radioinfinitagoya.com.ar\/v1\/?p=191131"},"modified":"2025-06-04T16:31:32","modified_gmt":"2025-06-04T19:31:32","slug":"sabrina-rojas-opino-de-la-inesperada-renuncia-de-flor-vigna-a-un-reality-chileno","status":"publish","type":"post","link":"https:\/\/radioinfinitagoya.com.ar\/v1\/2025\/06\/04\/sabrina-rojas-opino-de-la-inesperada-renuncia-de-flor-vigna-a-un-reality-chileno\/","title":{"rendered":"Sabrina Rojas opin\u00f3 de la inesperada renuncia de Flor Vigna a un reality chileno"},"content":{"rendered":"<p>\u201cEn lo emocional, ella no puede\u201d<\/p>\n<p>La conductora habl\u00f3 de la abrupta salida de la bailarina a Mundos Opuestos y asegur\u00f3 que \u201cella tira para ser picante y cuando se la devuelven, lo sufre\u201d<\/p>\n<p>Hace algunos d\u00edas, Flor Vigna se convirti\u00f3 en noticia luego de abandonar de manera repentina el reality Mundos Opuestos, en el que estaba participando en Chile. Esta decisi\u00f3n gener\u00f3 gran revuelo y Sabrina Rojas, quien comparti\u00f3 varios a\u00f1os con la bailarina, opin\u00f3 al respecto del tema al aire de Pas\u00f3 en Am\u00e9rica (Am\u00e9rica TV).<\/p>\n<p>Tras ver las repercusiones que tuvo la salida de Florencia del programa chileno, hicieron un an\u00e1lisis del pasado de Vigna en los realities. Mart\u00edn Salwe repas\u00f3: \u201cElla hace Combate, gana Combate\u201d, a lo que Natelie Weber a\u00f1adi\u00f3: \u201cLa rompi\u00f3 toda en Combate, fue mucho mejor que Mica Viciconte\u201d. Salwe continu\u00f3 con los \u00e9xitos en otros formatos: \u201cDespu\u00e9s la llaman del Bailando, lo gana con Pedro Alfonso. Despu\u00e9s lo gana por segunda vez con el bailar\u00edn Gonzalo Gerber\u201d.<\/p>\n<p>Natalie no dej\u00f3 de se\u00f1alar que la bailarina naci\u00f3 en este tipo de programas, pero que al final del d\u00eda no aguante los golpes: \u201cEs verdad que ella es la chica reality, pero tambi\u00e9n abandon\u00f3 muchos. De los \u00faltimos dos Bailando se fue\u201d. Rojas explic\u00f3 los motivos: \u201cS\u00ed, pero sab\u00e9s por qu\u00e9 se fue, porque los \u00faltimos dos Bailando ella ya era figura y fue m\u00e1s como hacerle un favor. La postura de ella era \u2018arreglo un par de galas porque quiero mostrar mi m\u00fasica y me voy\u2019. No porque haya quedado eliminada\u201d. Weber objet\u00f3: \u201cPero est\u00e1 mal, porque no te tom\u00e1s el certamen con seriedad\u201d, a lo que la conductora replic\u00f3 que esa actitud no era bien vista por el conductor del programa: \u201cS\u00ed, eso a Marcelo Tinelli no le gustaba\u201d.<\/p>\n<p>En ese clima, Weber destac\u00f3 que la artista sobresale en lo art\u00edstico, pero que enfrenta dificultades al exponerse en el \u00e1mbito medi\u00e1tico: \u201cPara m\u00ed ella no sabe manejar la fama. Porque en todo lo que hace art\u00edsticamente es buena. Despu\u00e9s se le complica cuando es algo de su vida privada o medi\u00e1tico\u201d. Rojas apunt\u00f3 a un episodio concreto: \u201cEn el \u00faltimo Bailando se desbord\u00f3. Tuvo peleas con Lourdes S\u00e1nchez\u201d. Weber aport\u00f3 una reflexi\u00f3n sobre el contraste en la personalidad de la figura: \u201cIgual no le creo tanto que sea tan zen, porque cuando te tiene que cantar las cuarenta y la tiene que pudrir, como la pudri\u00f3 en el Bailando, tambi\u00e9n lo hace. No se banca el vuelto\u201d.<\/p>\n<p>Finalmente, la conductora analiz\u00f3 el costado emocional y los efectos de la exposici\u00f3n televisiva sobre la protagonista: \u201cA veces ella tira para ser picante y cuando se la devuelven, lo sufre. La hemos visto sufrir por cosas que ella misma inici\u00f3. Pero es buena mina\u201d.<\/p>\n<p>M\u00e1s adelante, cerr\u00f3 con una reflexi\u00f3n sobre la expareja del padre de sus hijos. \u201cYo creo que es una mujer tan talentosa con su cuerpo, que todo lo que sea poner el cuerpo, no tiene competencia. Es muy espectacular bailando. En Combate no la vi, pero s\u00e9 que es muy buena en todo lo que tiene que ver con lo f\u00edsico. Y en lo emocional, cuando se juega con lo emocional, ella no puede\u201d.<\/p>\n<p>Pero no todo fue palitos contra la bailarina, sino que minutos antes, Sabrina la halago: \u201cChe, \u00a1el lomo que tiene Flor Vigna! De repente la vi y me acord\u00e9 de que nosotras estuvimos en la playa, en Mar del Plata, en la carpa. 13 a\u00f1os fui yo a esa carpa\u201d. Relat\u00f3 su experiencia asistiendo como visitante al balneario donde su exmarido ya compart\u00eda con otra pareja. Con su caracter\u00edstico estilo, sum\u00f3: \u201cUn d\u00eda voy a esa carpa de visitante, porque Luciano ten\u00eda otra novia, y la pendeja se paraba con un lomo y el culo bien puesto\u201d.<\/p>\n<p>A trav\u00e9s del humor, describi\u00f3 la tentaci\u00f3n de intervenir en la actitud de la entonces flamante novia: \u201cYo ten\u00eda ganas de decirle: \u2018Mir\u00e1, pendeja, si yo 13 a\u00f1os estuve con pareo, vos te pon\u00e9s el pareo\u2019. Fantaseaba con que le iba a decir eso cuando la ve\u00eda con el pelo mojado y el culo que le hac\u00edan \u2018tun, tun, tun\u2019\u201d, continu\u00f3 la conductora, logrando las risas de sus compa\u00f1eros y dejando en claro la atenci\u00f3n que generaba la figura de la joven en el espacio compartido.<\/p>\n<p>El clima divertido deriv\u00f3 en comentarios de quienes la acompa\u00f1aban en el piso. Natalie sum\u00f3: \u201cS\u00ed, tiene un lomazo. Muy buen lomo\u201d. La conductora cerr\u00f3 la secuencia con una afirmaci\u00f3n rotunda: \u201c\u00a1Tremendo el lomo!\u201d, cerr\u00f3.<\/p>\n","protected":false},"excerpt":{"rendered":"<p>\u201cEn lo emocional, ella no puede\u201d La conductora habl\u00f3 de la abrupta salida de la bailarina a Mundos Opuestos y asegur\u00f3 que \u201cella tira para ser picante y cuando se la devuelven, lo sufre\u201d Hace algunos d\u00edas, Flor Vigna se convirti\u00f3 en noticia luego de abandonar de manera repentina el reality Mundos Opuestos, en el [&hellip;]<\/p>\n","protected":false},"author":4,"featured_media":191132,"comment_status":"closed","ping_status":"closed","sticky":false,"template":"","format":"standard","meta":{"_joinchat":[],"footnotes":""},"categories":[31],"tags":[],"class_list":{"0":"post-191131","1":"post","2":"type-post","3":"status-publish","4":"format-standard","5":"has-post-thumbnail","7":"category-informacion-general"},"yoast_head":"<!-- This site is optimized with the Yoast SEO plugin v27.2 - https:\/\/yoast.com\/product\/yoast-seo-wordpress\/ -->\n<title>Sabrina Rojas opin\u00f3 de la inesperada renuncia de Flor Vigna a un reality chileno - Radio Infinita Goya<\/title>\n<meta name=\"description\" content=\"\u201cEn lo emocional, ella no puede\u201d La conductora habl\u00f3 de la abrupta salida de la bailarina a Mundos Opuestos y asegur\u00f3 que \u201cella tira para ser picante y\" \/>\n<meta name=\"robots\" content=\"index, follow, max-snippet:-1, max-image-preview:large, max-video-preview:-1\" \/>\n<link rel=\"canonical\" href=\"https:\/\/radioinfinitagoya.com.ar\/v1\/2025\/06\/04\/sabrina-rojas-opino-de-la-inesperada-renuncia-de-flor-vigna-a-un-reality-chileno\/\" \/>\n<meta property=\"og:locale\" content=\"es_ES\" \/>\n<meta property=\"og:type\" content=\"article\" \/>\n<meta property=\"og:title\" content=\"Sabrina Rojas opin\u00f3 de la inesperada renuncia de Flor Vigna a un reality chileno - Radio Infinita Goya\" \/>\n<meta property=\"og:description\" content=\"\u201cEn lo emocional, ella no puede\u201d La conductora habl\u00f3 de la abrupta salida de la bailarina a Mundos Opuestos y asegur\u00f3 que \u201cella tira para ser picante y\" \/>\n<meta property=\"og:url\" content=\"https:\/\/radioinfinitagoya.com.ar\/v1\/2025\/06\/04\/sabrina-rojas-opino-de-la-inesperada-renuncia-de-flor-vigna-a-un-reality-chileno\/\" \/>\n<meta property=\"og:site_name\" content=\"Radio Infinita Goya\" \/>\n<meta property=\"article:publisher\" content=\"https:\/\/www.facebook.com\/p\/Infinita-Goya-100063870918311\/\" \/>\n<meta property=\"article:published_time\" content=\"2025-06-04T19:31:32+00:00\" \/>\n<meta property=\"og:image\" content=\"https:\/\/radioinfinitagoya.com.ar\/v1\/wp-content\/uploads\/2025\/06\/bduZVO38.jpg\" \/>\n\t<meta property=\"og:image:width\" content=\"680\" \/>\n\t<meta property=\"og:image:height\" content=\"340\" \/>\n\t<meta property=\"og:image:type\" content=\"image\/jpeg\" \/>\n<meta name=\"author\" content=\"Jorge Mi\u00f1o\" \/>\n<meta name=\"twitter:card\" content=\"summary_large_image\" \/>\n<meta name=\"twitter:label1\" content=\"Escrito por\" \/>\n\t<meta name=\"twitter:data1\" content=\"Jorge Mi\u00f1o\" \/>\n\t<meta name=\"twitter:label2\" content=\"Tiempo de lectura\" \/>\n\t<meta name=\"twitter:data2\" content=\"4 minutos\" \/>\n<script type=\"application\/ld+json\" class=\"yoast-schema-graph\">{\"@context\":\"https:\/\/schema.org\",\"@graph\":[{\"@type\":\"Article\",\"@id\":\"https:\/\/radioinfinitagoya.com.ar\/v1\/2025\/06\/04\/sabrina-rojas-opino-de-la-inesperada-renuncia-de-flor-vigna-a-un-reality-chileno\/#article\",\"isPartOf\":{\"@id\":\"https:\/\/radioinfinitagoya.com.ar\/v1\/2025\/06\/04\/sabrina-rojas-opino-de-la-inesperada-renuncia-de-flor-vigna-a-un-reality-chileno\/\"},\"author\":{\"name\":\"Jorge Mi\u00f1o\",\"@id\":\"https:\/\/radioinfinitagoya.com.ar\/v1\/#\/schema\/person\/d4cf9c413d4f6edb24aabdccab49ca4a\"},\"headline\":\"Sabrina Rojas opin\u00f3 de la inesperada renuncia de Flor Vigna a un reality chileno\",\"datePublished\":\"2025-06-04T19:31:32+00:00\",\"mainEntityOfPage\":{\"@id\":\"https:\/\/radioinfinitagoya.com.ar\/v1\/2025\/06\/04\/sabrina-rojas-opino-de-la-inesperada-renuncia-de-flor-vigna-a-un-reality-chileno\/\"},\"wordCount\":810,\"publisher\":{\"@id\":\"https:\/\/radioinfinitagoya.com.ar\/v1\/#organization\"},\"image\":{\"@id\":\"https:\/\/radioinfinitagoya.com.ar\/v1\/2025\/06\/04\/sabrina-rojas-opino-de-la-inesperada-renuncia-de-flor-vigna-a-un-reality-chileno\/#primaryimage\"},\"thumbnailUrl\":\"https:\/\/radioinfinitagoya.com.ar\/v1\/wp-content\/uploads\/2025\/06\/bduZVO38.jpg\",\"articleSection\":[\"INFORMACI\u00d3N GENERAL\"],\"inLanguage\":\"es-AR\"},{\"@type\":\"WebPage\",\"@id\":\"https:\/\/radioinfinitagoya.com.ar\/v1\/2025\/06\/04\/sabrina-rojas-opino-de-la-inesperada-renuncia-de-flor-vigna-a-un-reality-chileno\/\",\"url\":\"https:\/\/radioinfinitagoya.com.ar\/v1\/2025\/06\/04\/sabrina-rojas-opino-de-la-inesperada-renuncia-de-flor-vigna-a-un-reality-chileno\/\",\"name\":\"Sabrina Rojas opin\u00f3 de la inesperada renuncia de Flor Vigna a un reality chileno - Radio Infinita Goya\",\"isPartOf\":{\"@id\":\"https:\/\/radioinfinitagoya.com.ar\/v1\/#website\"},\"primaryImageOfPage\":{\"@id\":\"https:\/\/radioinfinitagoya.com.ar\/v1\/2025\/06\/04\/sabrina-rojas-opino-de-la-inesperada-renuncia-de-flor-vigna-a-un-reality-chileno\/#primaryimage\"},\"image\":{\"@id\":\"https:\/\/radioinfinitagoya.com.ar\/v1\/2025\/06\/04\/sabrina-rojas-opino-de-la-inesperada-renuncia-de-flor-vigna-a-un-reality-chileno\/#primaryimage\"},\"thumbnailUrl\":\"https:\/\/radioinfinitagoya.com.ar\/v1\/wp-content\/uploads\/2025\/06\/bduZVO38.jpg\",\"datePublished\":\"2025-06-04T19:31:32+00:00\",\"description\":\"\u201cEn lo emocional, ella no puede\u201d La conductora habl\u00f3 de la abrupta salida de la bailarina a Mundos Opuestos y asegur\u00f3 que \u201cella tira para ser picante y\",\"breadcrumb\":{\"@id\":\"https:\/\/radioinfinitagoya.com.ar\/v1\/2025\/06\/04\/sabrina-rojas-opino-de-la-inesperada-renuncia-de-flor-vigna-a-un-reality-chileno\/#breadcrumb\"},\"inLanguage\":\"es-AR\",\"potentialAction\":[{\"@type\":\"ReadAction\",\"target\":[\"https:\/\/radioinfinitagoya.com.ar\/v1\/2025\/06\/04\/sabrina-rojas-opino-de-la-inesperada-renuncia-de-flor-vigna-a-un-reality-chileno\/\"]}]},{\"@type\":\"ImageObject\",\"inLanguage\":\"es-AR\",\"@id\":\"https:\/\/radioinfinitagoya.com.ar\/v1\/2025\/06\/04\/sabrina-rojas-opino-de-la-inesperada-renuncia-de-flor-vigna-a-un-reality-chileno\/#primaryimage\",\"url\":\"https:\/\/radioinfinitagoya.com.ar\/v1\/wp-content\/uploads\/2025\/06\/bduZVO38.jpg\",\"contentUrl\":\"https:\/\/radioinfinitagoya.com.ar\/v1\/wp-content\/uploads\/2025\/06\/bduZVO38.jpg\",\"width\":680,\"height\":340},{\"@type\":\"BreadcrumbList\",\"@id\":\"https:\/\/radioinfinitagoya.com.ar\/v1\/2025\/06\/04\/sabrina-rojas-opino-de-la-inesperada-renuncia-de-flor-vigna-a-un-reality-chileno\/#breadcrumb\",\"itemListElement\":[{\"@type\":\"ListItem\",\"position\":1,\"name\":\"Inicio\",\"item\":\"https:\/\/radioinfinitagoya.com.ar\/v1\/\"},{\"@type\":\"ListItem\",\"position\":2,\"name\":\"Sabrina Rojas opin\u00f3 de la inesperada renuncia de Flor Vigna a un reality chileno\"}]},{\"@type\":\"WebSite\",\"@id\":\"https:\/\/radioinfinitagoya.com.ar\/v1\/#website\",\"url\":\"https:\/\/radioinfinitagoya.com.ar\/v1\/\",\"name\":\"radioinfinitagoya.com.ar\",\"description\":\"Radio de noticias\",\"publisher\":{\"@id\":\"https:\/\/radioinfinitagoya.com.ar\/v1\/#organization\"},\"potentialAction\":[{\"@type\":\"SearchAction\",\"target\":{\"@type\":\"EntryPoint\",\"urlTemplate\":\"https:\/\/radioinfinitagoya.com.ar\/v1\/?s={search_term_string}\"},\"query-input\":{\"@type\":\"PropertyValueSpecification\",\"valueRequired\":true,\"valueName\":\"search_term_string\"}}],\"inLanguage\":\"es-AR\"},{\"@type\":\"Organization\",\"@id\":\"https:\/\/radioinfinitagoya.com.ar\/v1\/#organization\",\"name\":\"Radio Infinita Goya\",\"url\":\"https:\/\/radioinfinitagoya.com.ar\/v1\/\",\"logo\":{\"@type\":\"ImageObject\",\"inLanguage\":\"es-AR\",\"@id\":\"https:\/\/radioinfinitagoya.com.ar\/v1\/#\/schema\/logo\/image\/\",\"url\":\"https:\/\/radioinfinitagoya.com.ar\/v1\/wp-content\/uploads\/2019\/11\/logo-pie-web.png\",\"contentUrl\":\"https:\/\/radioinfinitagoya.com.ar\/v1\/wp-content\/uploads\/2019\/11\/logo-pie-web.png\",\"width\":635,\"height\":326,\"caption\":\"Radio Infinita Goya\"},\"image\":{\"@id\":\"https:\/\/radioinfinitagoya.com.ar\/v1\/#\/schema\/logo\/image\/\"},\"sameAs\":[\"https:\/\/www.facebook.com\/p\/Infinita-Goya-100063870918311\/\"]},{\"@type\":\"Person\",\"@id\":\"https:\/\/radioinfinitagoya.com.ar\/v1\/#\/schema\/person\/d4cf9c413d4f6edb24aabdccab49ca4a\",\"name\":\"Jorge Mi\u00f1o\",\"image\":{\"@type\":\"ImageObject\",\"inLanguage\":\"es-AR\",\"@id\":\"https:\/\/secure.gravatar.com\/avatar\/910fcf6728fe95320e07a6643c1581fec1c7fc4bf8ae12e3d8f0d0373dc844be?s=96&d=mm&r=g\",\"url\":\"https:\/\/secure.gravatar.com\/avatar\/910fcf6728fe95320e07a6643c1581fec1c7fc4bf8ae12e3d8f0d0373dc844be?s=96&d=mm&r=g\",\"contentUrl\":\"https:\/\/secure.gravatar.com\/avatar\/910fcf6728fe95320e07a6643c1581fec1c7fc4bf8ae12e3d8f0d0373dc844be?s=96&d=mm&r=g\",\"caption\":\"Jorge Mi\u00f1o\"},\"sameAs\":[\"http:\/\/radioinfinitagoya.com.ar\"]}]}<\/script>\n<!-- \/ Yoast SEO plugin. -->","yoast_head_json":{"title":"Sabrina Rojas opin\u00f3 de la inesperada renuncia de Flor Vigna a un reality chileno - Radio Infinita Goya","description":"\u201cEn lo emocional, ella no puede\u201d La conductora habl\u00f3 de la abrupta salida de la bailarina a Mundos Opuestos y asegur\u00f3 que \u201cella tira para ser picante y","robots":{"index":"index","follow":"follow","max-snippet":"max-snippet:-1","max-image-preview":"max-image-preview:large","max-video-preview":"max-video-preview:-1"},"canonical":"https:\/\/radioinfinitagoya.com.ar\/v1\/2025\/06\/04\/sabrina-rojas-opino-de-la-inesperada-renuncia-de-flor-vigna-a-un-reality-chileno\/","og_locale":"es_ES","og_type":"article","og_title":"Sabrina Rojas opin\u00f3 de la inesperada renuncia de Flor Vigna a un reality chileno - Radio Infinita Goya","og_description":"\u201cEn lo emocional, ella no puede\u201d La conductora habl\u00f3 de la abrupta salida de la bailarina a Mundos Opuestos y asegur\u00f3 que \u201cella tira para ser picante y","og_url":"https:\/\/radioinfinitagoya.com.ar\/v1\/2025\/06\/04\/sabrina-rojas-opino-de-la-inesperada-renuncia-de-flor-vigna-a-un-reality-chileno\/","og_site_name":"Radio Infinita Goya","article_publisher":"https:\/\/www.facebook.com\/p\/Infinita-Goya-100063870918311\/","article_published_time":"2025-06-04T19:31:32+00:00","og_image":[{"width":680,"height":340,"url":"https:\/\/radioinfinitagoya.com.ar\/v1\/wp-content\/uploads\/2025\/06\/bduZVO38.jpg","type":"image\/jpeg"}],"author":"Jorge Mi\u00f1o","twitter_card":"summary_large_image","twitter_misc":{"Escrito por":"Jorge Mi\u00f1o","Tiempo de lectura":"4 minutos"},"schema":{"@context":"https:\/\/schema.org","@graph":[{"@type":"Article","@id":"https:\/\/radioinfinitagoya.com.ar\/v1\/2025\/06\/04\/sabrina-rojas-opino-de-la-inesperada-renuncia-de-flor-vigna-a-un-reality-chileno\/#article","isPartOf":{"@id":"https:\/\/radioinfinitagoya.com.ar\/v1\/2025\/06\/04\/sabrina-rojas-opino-de-la-inesperada-renuncia-de-flor-vigna-a-un-reality-chileno\/"},"author":{"name":"Jorge Mi\u00f1o","@id":"https:\/\/radioinfinitagoya.com.ar\/v1\/#\/schema\/person\/d4cf9c413d4f6edb24aabdccab49ca4a"},"headline":"Sabrina Rojas opin\u00f3 de la inesperada renuncia de Flor Vigna a un reality chileno","datePublished":"2025-06-04T19:31:32+00:00","mainEntityOfPage":{"@id":"https:\/\/radioinfinitagoya.com.ar\/v1\/2025\/06\/04\/sabrina-rojas-opino-de-la-inesperada-renuncia-de-flor-vigna-a-un-reality-chileno\/"},"wordCount":810,"publisher":{"@id":"https:\/\/radioinfinitagoya.com.ar\/v1\/#organization"},"image":{"@id":"https:\/\/radioinfinitagoya.com.ar\/v1\/2025\/06\/04\/sabrina-rojas-opino-de-la-inesperada-renuncia-de-flor-vigna-a-un-reality-chileno\/#primaryimage"},"thumbnailUrl":"https:\/\/radioinfinitagoya.com.ar\/v1\/wp-content\/uploads\/2025\/06\/bduZVO38.jpg","articleSection":["INFORMACI\u00d3N GENERAL"],"inLanguage":"es-AR"},{"@type":"WebPage","@id":"https:\/\/radioinfinitagoya.com.ar\/v1\/2025\/06\/04\/sabrina-rojas-opino-de-la-inesperada-renuncia-de-flor-vigna-a-un-reality-chileno\/","url":"https:\/\/radioinfinitagoya.com.ar\/v1\/2025\/06\/04\/sabrina-rojas-opino-de-la-inesperada-renuncia-de-flor-vigna-a-un-reality-chileno\/","name":"Sabrina Rojas opin\u00f3 de la inesperada renuncia de Flor Vigna a un reality chileno - Radio Infinita Goya","isPartOf":{"@id":"https:\/\/radioinfinitagoya.com.ar\/v1\/#website"},"primaryImageOfPage":{"@id":"https:\/\/radioinfinitagoya.com.ar\/v1\/2025\/06\/04\/sabrina-rojas-opino-de-la-inesperada-renuncia-de-flor-vigna-a-un-reality-chileno\/#primaryimage"},"image":{"@id":"https:\/\/radioinfinitagoya.com.ar\/v1\/2025\/06\/04\/sabrina-rojas-opino-de-la-inesperada-renuncia-de-flor-vigna-a-un-reality-chileno\/#primaryimage"},"thumbnailUrl":"https:\/\/radioinfinitagoya.com.ar\/v1\/wp-content\/uploads\/2025\/06\/bduZVO38.jpg","datePublished":"2025-06-04T19:31:32+00:00","description":"\u201cEn lo emocional, ella no puede\u201d La conductora habl\u00f3 de la abrupta salida de la bailarina a Mundos Opuestos y asegur\u00f3 que \u201cella tira para ser picante y","breadcrumb":{"@id":"https:\/\/radioinfinitagoya.com.ar\/v1\/2025\/06\/04\/sabrina-rojas-opino-de-la-inesperada-renuncia-de-flor-vigna-a-un-reality-chileno\/#breadcrumb"},"inLanguage":"es-AR","potentialAction":[{"@type":"ReadAction","target":["https:\/\/radioinfinitagoya.com.ar\/v1\/2025\/06\/04\/sabrina-rojas-opino-de-la-inesperada-renuncia-de-flor-vigna-a-un-reality-chileno\/"]}]},{"@type":"ImageObject","inLanguage":"es-AR","@id":"https:\/\/radioinfinitagoya.com.ar\/v1\/2025\/06\/04\/sabrina-rojas-opino-de-la-inesperada-renuncia-de-flor-vigna-a-un-reality-chileno\/#primaryimage","url":"https:\/\/radioinfinitagoya.com.ar\/v1\/wp-content\/uploads\/2025\/06\/bduZVO38.jpg","contentUrl":"https:\/\/radioinfinitagoya.com.ar\/v1\/wp-content\/uploads\/2025\/06\/bduZVO38.jpg","width":680,"height":340},{"@type":"BreadcrumbList","@id":"https:\/\/radioinfinitagoya.com.ar\/v1\/2025\/06\/04\/sabrina-rojas-opino-de-la-inesperada-renuncia-de-flor-vigna-a-un-reality-chileno\/#breadcrumb","itemListElement":[{"@type":"ListItem","position":1,"name":"Inicio","item":"https:\/\/radioinfinitagoya.com.ar\/v1\/"},{"@type":"ListItem","position":2,"name":"Sabrina Rojas opin\u00f3 de la inesperada renuncia de Flor Vigna a un reality chileno"}]},{"@type":"WebSite","@id":"https:\/\/radioinfinitagoya.com.ar\/v1\/#website","url":"https:\/\/radioinfinitagoya.com.ar\/v1\/","name":"radioinfinitagoya.com.ar","description":"Radio de noticias","publisher":{"@id":"https:\/\/radioinfinitagoya.com.ar\/v1\/#organization"},"potentialAction":[{"@type":"SearchAction","target":{"@type":"EntryPoint","urlTemplate":"https:\/\/radioinfinitagoya.com.ar\/v1\/?s={search_term_string}"},"query-input":{"@type":"PropertyValueSpecification","valueRequired":true,"valueName":"search_term_string"}}],"inLanguage":"es-AR"},{"@type":"Organization","@id":"https:\/\/radioinfinitagoya.com.ar\/v1\/#organization","name":"Radio Infinita Goya","url":"https:\/\/radioinfinitagoya.com.ar\/v1\/","logo":{"@type":"ImageObject","inLanguage":"es-AR","@id":"https:\/\/radioinfinitagoya.com.ar\/v1\/#\/schema\/logo\/image\/","url":"https:\/\/radioinfinitagoya.com.ar\/v1\/wp-content\/uploads\/2019\/11\/logo-pie-web.png","contentUrl":"https:\/\/radioinfinitagoya.com.ar\/v1\/wp-content\/uploads\/2019\/11\/logo-pie-web.png","width":635,"height":326,"caption":"Radio Infinita Goya"},"image":{"@id":"https:\/\/radioinfinitagoya.com.ar\/v1\/#\/schema\/logo\/image\/"},"sameAs":["https:\/\/www.facebook.com\/p\/Infinita-Goya-100063870918311\/"]},{"@type":"Person","@id":"https:\/\/radioinfinitagoya.com.ar\/v1\/#\/schema\/person\/d4cf9c413d4f6edb24aabdccab49ca4a","name":"Jorge Mi\u00f1o","image":{"@type":"ImageObject","inLanguage":"es-AR","@id":"https:\/\/secure.gravatar.com\/avatar\/910fcf6728fe95320e07a6643c1581fec1c7fc4bf8ae12e3d8f0d0373dc844be?s=96&d=mm&r=g","url":"https:\/\/secure.gravatar.com\/avatar\/910fcf6728fe95320e07a6643c1581fec1c7fc4bf8ae12e3d8f0d0373dc844be?s=96&d=mm&r=g","contentUrl":"https:\/\/secure.gravatar.com\/avatar\/910fcf6728fe95320e07a6643c1581fec1c7fc4bf8ae12e3d8f0d0373dc844be?s=96&d=mm&r=g","caption":"Jorge Mi\u00f1o"},"sameAs":["http:\/\/radioinfinitagoya.com.ar"]}]}},"_links":{"self":[{"href":"https:\/\/radioinfinitagoya.com.ar\/v1\/wp-json\/wp\/v2\/posts\/191131","targetHints":{"allow":["GET"]}}],"collection":[{"href":"https:\/\/radioinfinitagoya.com.ar\/v1\/wp-json\/wp\/v2\/posts"}],"about":[{"href":"https:\/\/radioinfinitagoya.com.ar\/v1\/wp-json\/wp\/v2\/types\/post"}],"author":[{"embeddable":true,"href":"https:\/\/radioinfinitagoya.com.ar\/v1\/wp-json\/wp\/v2\/users\/4"}],"replies":[{"embeddable":true,"href":"https:\/\/radioinfinitagoya.com.ar\/v1\/wp-json\/wp\/v2\/comments?post=191131"}],"version-history":[{"count":0,"href":"https:\/\/radioinfinitagoya.com.ar\/v1\/wp-json\/wp\/v2\/posts\/191131\/revisions"}],"wp:featuredmedia":[{"embeddable":true,"href":"https:\/\/radioinfinitagoya.com.ar\/v1\/wp-json\/wp\/v2\/media\/191132"}],"wp:attachment":[{"href":"https:\/\/radioinfinitagoya.com.ar\/v1\/wp-json\/wp\/v2\/media?parent=191131"}],"wp:term":[{"taxonomy":"category","embeddable":true,"href":"https:\/\/radioinfinitagoya.com.ar\/v1\/wp-json\/wp\/v2\/categories?post=191131"},{"taxonomy":"post_tag","embeddable":true,"href":"https:\/\/radioinfinitagoya.com.ar\/v1\/wp-json\/wp\/v2\/tags?post=191131"}],"curies":[{"name":"wp","href":"https:\/\/api.w.org\/{rel}","templated":true}]}}