{"id":191143,"date":"2025-06-04T16:57:49","date_gmt":"2025-06-04T19:57:49","guid":{"rendered":"https:\/\/radioinfinitagoya.com.ar\/v1\/?p=191143"},"modified":"2025-06-04T16:57:49","modified_gmt":"2025-06-04T19:57:49","slug":"valdes-viajara-a-buenos-aires-para-tratar-el-plan-dolares-bajo-el-colchon","status":"publish","type":"post","link":"https:\/\/radioinfinitagoya.com.ar\/v1\/2025\/06\/04\/valdes-viajara-a-buenos-aires-para-tratar-el-plan-dolares-bajo-el-colchon\/","title":{"rendered":"Vald\u00e9s viajar\u00e1 a Buenos Aires para tratar el plan &#8220;d\u00f3lares bajo el colch\u00f3n&#8221;"},"content":{"rendered":"<p>El mandatario dijo al respecto que esta iniciativa de Naci\u00f3n \u201cpuede incluso hasta mejorar la recaudaci\u00f3n\u201d.<\/p>\n<p>El gobernador de Corrientes, Gustavo Vald\u00e9s, confirm\u00f3 en la ma\u00f1ana de este mi\u00e9rcoles que viajar\u00e1 a Buenos Aires, lo hizo luego de la inauguraci\u00f3n de las obras del CDI \u201cMamitas\u201d.<\/p>\n<p>En contacto con la prensa, el mandatario confirm\u00f3 que viajar\u00e1 a Buenos Aires para tratar la adhesi\u00f3n de la provincia al plan \u201cd\u00f3lares bajo el colch\u00f3n\u201d impulsado por Naci\u00f3n.<\/p>\n<p>Las autoridades nacionales buscan que, m\u00e1s all\u00e1 de las modificaciones que implement\u00f3 la Agencia de Recaudaci\u00f3n y Control Aduanero (Arca) para blanquear las divisas no declaradas, los distritos de todo el pa\u00eds garanticen a los ahorristas que \u201cno ser\u00e1n perseguidos\u201d, como plante\u00f3 comunicacionalmente el Ejecutivo Nacional.<\/p>\n<p>Cabe recordar que el jefe de Gabinete, Guillermo Francos; su vice del Interior, Lisandro Catal\u00e1n; el ministro de Econom\u00eda, Luis Caputo, y el titular de Arca, Juan Pazo, encabezaron un zoom con los gobernadores para explicarles en detalle el denominado Plan de Reparaci\u00f3n Hist\u00f3rica de los Ahorros de los Argentinos.<\/p>\n<p>Al respecto, el gobernador dijo que \u201ctiene que ver con la solidez, en lo que implica a la provincia de Corrientes, de reclamar a los contribuyentes y si pueden invertir esos dineros que ten\u00edan bajo los colchones\u201d, y agreg\u00f3 que \u201cnosotros no los vamos a perseguir, queremos que gasten\u201d.<\/p>\n<p>Adem\u00e1s, destac\u00f3 que esta medida del Gobierno Nacional beneficia al ciudadano \u201cque tiene plata ahorrada y que ahora no se les va a perseguir\u201d por el uso de la misma, y agreg\u00f3 que \u201cpuede incluso hasta mejorar la recaudaci\u00f3n\u201d.<\/p>\n<p>&nbsp;<\/p>\n<p>&nbsp;<\/p>\n","protected":false},"excerpt":{"rendered":"<p>El mandatario dijo al respecto que esta iniciativa de Naci\u00f3n \u201cpuede incluso hasta mejorar la recaudaci\u00f3n\u201d. El gobernador de Corrientes, Gustavo Vald\u00e9s, confirm\u00f3 en la ma\u00f1ana de este mi\u00e9rcoles que viajar\u00e1 a Buenos Aires, lo hizo luego de la inauguraci\u00f3n de las obras del CDI \u201cMamitas\u201d. En contacto con la prensa, el mandatario confirm\u00f3 que [&hellip;]<\/p>\n","protected":false},"author":4,"featured_media":191144,"comment_status":"closed","ping_status":"closed","sticky":false,"template":"","format":"standard","meta":{"_joinchat":[],"footnotes":""},"categories":[34],"tags":[],"class_list":{"0":"post-191143","1":"post","2":"type-post","3":"status-publish","4":"format-standard","5":"has-post-thumbnail","7":"category-principal"},"yoast_head":"<!-- This site is optimized with the Yoast SEO plugin v27.2 - https:\/\/yoast.com\/product\/yoast-seo-wordpress\/ -->\n<title>Vald\u00e9s viajar\u00e1 a Buenos Aires para tratar el plan &quot;d\u00f3lares bajo el colch\u00f3n&quot; - Radio Infinita Goya<\/title>\n<meta name=\"description\" content=\"El mandatario dijo al respecto que esta iniciativa de Naci\u00f3n \u201cpuede incluso hasta mejorar la recaudaci\u00f3n\u201d. El gobernador de Corrientes, Gustavo Vald\u00e9s,\" \/>\n<meta name=\"robots\" content=\"index, follow, max-snippet:-1, max-image-preview:large, max-video-preview:-1\" \/>\n<link rel=\"canonical\" href=\"https:\/\/radioinfinitagoya.com.ar\/v1\/2025\/06\/04\/valdes-viajara-a-buenos-aires-para-tratar-el-plan-dolares-bajo-el-colchon\/\" \/>\n<meta property=\"og:locale\" content=\"es_ES\" \/>\n<meta property=\"og:type\" content=\"article\" \/>\n<meta property=\"og:title\" content=\"Vald\u00e9s viajar\u00e1 a Buenos Aires para tratar el plan &quot;d\u00f3lares bajo el colch\u00f3n&quot; - Radio Infinita Goya\" \/>\n<meta property=\"og:description\" content=\"El mandatario dijo al respecto que esta iniciativa de Naci\u00f3n \u201cpuede incluso hasta mejorar la recaudaci\u00f3n\u201d. El gobernador de Corrientes, Gustavo Vald\u00e9s,\" \/>\n<meta property=\"og:url\" content=\"https:\/\/radioinfinitagoya.com.ar\/v1\/2025\/06\/04\/valdes-viajara-a-buenos-aires-para-tratar-el-plan-dolares-bajo-el-colchon\/\" \/>\n<meta property=\"og:site_name\" content=\"Radio Infinita Goya\" \/>\n<meta property=\"article:publisher\" content=\"https:\/\/www.facebook.com\/p\/Infinita-Goya-100063870918311\/\" \/>\n<meta property=\"article:published_time\" content=\"2025-06-04T19:57:49+00:00\" \/>\n<meta property=\"og:image\" content=\"https:\/\/radioinfinitagoya.com.ar\/v1\/wp-content\/uploads\/2025\/06\/GqwcY-LXoAAqay3.jpg\" \/>\n\t<meta property=\"og:image:width\" content=\"2888\" \/>\n\t<meta property=\"og:image:height\" content=\"1926\" \/>\n\t<meta property=\"og:image:type\" content=\"image\/jpeg\" \/>\n<meta name=\"author\" content=\"Jorge Mi\u00f1o\" \/>\n<meta name=\"twitter:card\" content=\"summary_large_image\" \/>\n<meta name=\"twitter:label1\" content=\"Escrito por\" \/>\n\t<meta name=\"twitter:data1\" content=\"Jorge Mi\u00f1o\" \/>\n\t<meta name=\"twitter:label2\" content=\"Tiempo de lectura\" \/>\n\t<meta name=\"twitter:data2\" content=\"2 minutos\" \/>\n<script type=\"application\/ld+json\" class=\"yoast-schema-graph\">{\"@context\":\"https:\/\/schema.org\",\"@graph\":[{\"@type\":\"Article\",\"@id\":\"https:\/\/radioinfinitagoya.com.ar\/v1\/2025\/06\/04\/valdes-viajara-a-buenos-aires-para-tratar-el-plan-dolares-bajo-el-colchon\/#article\",\"isPartOf\":{\"@id\":\"https:\/\/radioinfinitagoya.com.ar\/v1\/2025\/06\/04\/valdes-viajara-a-buenos-aires-para-tratar-el-plan-dolares-bajo-el-colchon\/\"},\"author\":{\"name\":\"Jorge Mi\u00f1o\",\"@id\":\"https:\/\/radioinfinitagoya.com.ar\/v1\/#\/schema\/person\/d4cf9c413d4f6edb24aabdccab49ca4a\"},\"headline\":\"Vald\u00e9s viajar\u00e1 a Buenos Aires para tratar el plan &#8220;d\u00f3lares bajo el colch\u00f3n&#8221;\",\"datePublished\":\"2025-06-04T19:57:49+00:00\",\"mainEntityOfPage\":{\"@id\":\"https:\/\/radioinfinitagoya.com.ar\/v1\/2025\/06\/04\/valdes-viajara-a-buenos-aires-para-tratar-el-plan-dolares-bajo-el-colchon\/\"},\"wordCount\":298,\"publisher\":{\"@id\":\"https:\/\/radioinfinitagoya.com.ar\/v1\/#organization\"},\"image\":{\"@id\":\"https:\/\/radioinfinitagoya.com.ar\/v1\/2025\/06\/04\/valdes-viajara-a-buenos-aires-para-tratar-el-plan-dolares-bajo-el-colchon\/#primaryimage\"},\"thumbnailUrl\":\"https:\/\/radioinfinitagoya.com.ar\/v1\/wp-content\/uploads\/2025\/06\/GqwcY-LXoAAqay3.jpg\",\"articleSection\":[\"PRINCIPAL\"],\"inLanguage\":\"es-AR\"},{\"@type\":\"WebPage\",\"@id\":\"https:\/\/radioinfinitagoya.com.ar\/v1\/2025\/06\/04\/valdes-viajara-a-buenos-aires-para-tratar-el-plan-dolares-bajo-el-colchon\/\",\"url\":\"https:\/\/radioinfinitagoya.com.ar\/v1\/2025\/06\/04\/valdes-viajara-a-buenos-aires-para-tratar-el-plan-dolares-bajo-el-colchon\/\",\"name\":\"Vald\u00e9s viajar\u00e1 a Buenos Aires para tratar el plan \\\"d\u00f3lares bajo el colch\u00f3n\\\" - Radio Infinita Goya\",\"isPartOf\":{\"@id\":\"https:\/\/radioinfinitagoya.com.ar\/v1\/#website\"},\"primaryImageOfPage\":{\"@id\":\"https:\/\/radioinfinitagoya.com.ar\/v1\/2025\/06\/04\/valdes-viajara-a-buenos-aires-para-tratar-el-plan-dolares-bajo-el-colchon\/#primaryimage\"},\"image\":{\"@id\":\"https:\/\/radioinfinitagoya.com.ar\/v1\/2025\/06\/04\/valdes-viajara-a-buenos-aires-para-tratar-el-plan-dolares-bajo-el-colchon\/#primaryimage\"},\"thumbnailUrl\":\"https:\/\/radioinfinitagoya.com.ar\/v1\/wp-content\/uploads\/2025\/06\/GqwcY-LXoAAqay3.jpg\",\"datePublished\":\"2025-06-04T19:57:49+00:00\",\"description\":\"El mandatario dijo al respecto que esta iniciativa de Naci\u00f3n \u201cpuede incluso hasta mejorar la recaudaci\u00f3n\u201d. El gobernador de Corrientes, Gustavo Vald\u00e9s,\",\"breadcrumb\":{\"@id\":\"https:\/\/radioinfinitagoya.com.ar\/v1\/2025\/06\/04\/valdes-viajara-a-buenos-aires-para-tratar-el-plan-dolares-bajo-el-colchon\/#breadcrumb\"},\"inLanguage\":\"es-AR\",\"potentialAction\":[{\"@type\":\"ReadAction\",\"target\":[\"https:\/\/radioinfinitagoya.com.ar\/v1\/2025\/06\/04\/valdes-viajara-a-buenos-aires-para-tratar-el-plan-dolares-bajo-el-colchon\/\"]}]},{\"@type\":\"ImageObject\",\"inLanguage\":\"es-AR\",\"@id\":\"https:\/\/radioinfinitagoya.com.ar\/v1\/2025\/06\/04\/valdes-viajara-a-buenos-aires-para-tratar-el-plan-dolares-bajo-el-colchon\/#primaryimage\",\"url\":\"https:\/\/radioinfinitagoya.com.ar\/v1\/wp-content\/uploads\/2025\/06\/GqwcY-LXoAAqay3.jpg\",\"contentUrl\":\"https:\/\/radioinfinitagoya.com.ar\/v1\/wp-content\/uploads\/2025\/06\/GqwcY-LXoAAqay3.jpg\",\"width\":2888,\"height\":1926},{\"@type\":\"BreadcrumbList\",\"@id\":\"https:\/\/radioinfinitagoya.com.ar\/v1\/2025\/06\/04\/valdes-viajara-a-buenos-aires-para-tratar-el-plan-dolares-bajo-el-colchon\/#breadcrumb\",\"itemListElement\":[{\"@type\":\"ListItem\",\"position\":1,\"name\":\"Inicio\",\"item\":\"https:\/\/radioinfinitagoya.com.ar\/v1\/\"},{\"@type\":\"ListItem\",\"position\":2,\"name\":\"Vald\u00e9s viajar\u00e1 a Buenos Aires para tratar el plan &#8220;d\u00f3lares bajo el colch\u00f3n&#8221;\"}]},{\"@type\":\"WebSite\",\"@id\":\"https:\/\/radioinfinitagoya.com.ar\/v1\/#website\",\"url\":\"https:\/\/radioinfinitagoya.com.ar\/v1\/\",\"name\":\"radioinfinitagoya.com.ar\",\"description\":\"Radio de noticias\",\"publisher\":{\"@id\":\"https:\/\/radioinfinitagoya.com.ar\/v1\/#organization\"},\"potentialAction\":[{\"@type\":\"SearchAction\",\"target\":{\"@type\":\"EntryPoint\",\"urlTemplate\":\"https:\/\/radioinfinitagoya.com.ar\/v1\/?s={search_term_string}\"},\"query-input\":{\"@type\":\"PropertyValueSpecification\",\"valueRequired\":true,\"valueName\":\"search_term_string\"}}],\"inLanguage\":\"es-AR\"},{\"@type\":\"Organization\",\"@id\":\"https:\/\/radioinfinitagoya.com.ar\/v1\/#organization\",\"name\":\"Radio Infinita Goya\",\"url\":\"https:\/\/radioinfinitagoya.com.ar\/v1\/\",\"logo\":{\"@type\":\"ImageObject\",\"inLanguage\":\"es-AR\",\"@id\":\"https:\/\/radioinfinitagoya.com.ar\/v1\/#\/schema\/logo\/image\/\",\"url\":\"https:\/\/radioinfinitagoya.com.ar\/v1\/wp-content\/uploads\/2019\/11\/logo-pie-web.png\",\"contentUrl\":\"https:\/\/radioinfinitagoya.com.ar\/v1\/wp-content\/uploads\/2019\/11\/logo-pie-web.png\",\"width\":635,\"height\":326,\"caption\":\"Radio Infinita Goya\"},\"image\":{\"@id\":\"https:\/\/radioinfinitagoya.com.ar\/v1\/#\/schema\/logo\/image\/\"},\"sameAs\":[\"https:\/\/www.facebook.com\/p\/Infinita-Goya-100063870918311\/\"]},{\"@type\":\"Person\",\"@id\":\"https:\/\/radioinfinitagoya.com.ar\/v1\/#\/schema\/person\/d4cf9c413d4f6edb24aabdccab49ca4a\",\"name\":\"Jorge Mi\u00f1o\",\"image\":{\"@type\":\"ImageObject\",\"inLanguage\":\"es-AR\",\"@id\":\"https:\/\/secure.gravatar.com\/avatar\/910fcf6728fe95320e07a6643c1581fec1c7fc4bf8ae12e3d8f0d0373dc844be?s=96&d=mm&r=g\",\"url\":\"https:\/\/secure.gravatar.com\/avatar\/910fcf6728fe95320e07a6643c1581fec1c7fc4bf8ae12e3d8f0d0373dc844be?s=96&d=mm&r=g\",\"contentUrl\":\"https:\/\/secure.gravatar.com\/avatar\/910fcf6728fe95320e07a6643c1581fec1c7fc4bf8ae12e3d8f0d0373dc844be?s=96&d=mm&r=g\",\"caption\":\"Jorge Mi\u00f1o\"},\"sameAs\":[\"http:\/\/radioinfinitagoya.com.ar\"]}]}<\/script>\n<!-- \/ Yoast SEO plugin. -->","yoast_head_json":{"title":"Vald\u00e9s viajar\u00e1 a Buenos Aires para tratar el plan \"d\u00f3lares bajo el colch\u00f3n\" - Radio Infinita Goya","description":"El mandatario dijo al respecto que esta iniciativa de Naci\u00f3n \u201cpuede incluso hasta mejorar la recaudaci\u00f3n\u201d. El gobernador de Corrientes, Gustavo Vald\u00e9s,","robots":{"index":"index","follow":"follow","max-snippet":"max-snippet:-1","max-image-preview":"max-image-preview:large","max-video-preview":"max-video-preview:-1"},"canonical":"https:\/\/radioinfinitagoya.com.ar\/v1\/2025\/06\/04\/valdes-viajara-a-buenos-aires-para-tratar-el-plan-dolares-bajo-el-colchon\/","og_locale":"es_ES","og_type":"article","og_title":"Vald\u00e9s viajar\u00e1 a Buenos Aires para tratar el plan \"d\u00f3lares bajo el colch\u00f3n\" - Radio Infinita Goya","og_description":"El mandatario dijo al respecto que esta iniciativa de Naci\u00f3n \u201cpuede incluso hasta mejorar la recaudaci\u00f3n\u201d. El gobernador de Corrientes, Gustavo Vald\u00e9s,","og_url":"https:\/\/radioinfinitagoya.com.ar\/v1\/2025\/06\/04\/valdes-viajara-a-buenos-aires-para-tratar-el-plan-dolares-bajo-el-colchon\/","og_site_name":"Radio Infinita Goya","article_publisher":"https:\/\/www.facebook.com\/p\/Infinita-Goya-100063870918311\/","article_published_time":"2025-06-04T19:57:49+00:00","og_image":[{"url":"https:\/\/radioinfinitagoya.com.ar\/v1\/wp-content\/uploads\/2025\/06\/GqwcY-LXoAAqay3.jpg","width":2888,"height":1926,"type":"image\/jpeg"}],"author":"Jorge Mi\u00f1o","twitter_card":"summary_large_image","twitter_misc":{"Escrito por":"Jorge Mi\u00f1o","Tiempo de lectura":"2 minutos"},"schema":{"@context":"https:\/\/schema.org","@graph":[{"@type":"Article","@id":"https:\/\/radioinfinitagoya.com.ar\/v1\/2025\/06\/04\/valdes-viajara-a-buenos-aires-para-tratar-el-plan-dolares-bajo-el-colchon\/#article","isPartOf":{"@id":"https:\/\/radioinfinitagoya.com.ar\/v1\/2025\/06\/04\/valdes-viajara-a-buenos-aires-para-tratar-el-plan-dolares-bajo-el-colchon\/"},"author":{"name":"Jorge Mi\u00f1o","@id":"https:\/\/radioinfinitagoya.com.ar\/v1\/#\/schema\/person\/d4cf9c413d4f6edb24aabdccab49ca4a"},"headline":"Vald\u00e9s viajar\u00e1 a Buenos Aires para tratar el plan &#8220;d\u00f3lares bajo el colch\u00f3n&#8221;","datePublished":"2025-06-04T19:57:49+00:00","mainEntityOfPage":{"@id":"https:\/\/radioinfinitagoya.com.ar\/v1\/2025\/06\/04\/valdes-viajara-a-buenos-aires-para-tratar-el-plan-dolares-bajo-el-colchon\/"},"wordCount":298,"publisher":{"@id":"https:\/\/radioinfinitagoya.com.ar\/v1\/#organization"},"image":{"@id":"https:\/\/radioinfinitagoya.com.ar\/v1\/2025\/06\/04\/valdes-viajara-a-buenos-aires-para-tratar-el-plan-dolares-bajo-el-colchon\/#primaryimage"},"thumbnailUrl":"https:\/\/radioinfinitagoya.com.ar\/v1\/wp-content\/uploads\/2025\/06\/GqwcY-LXoAAqay3.jpg","articleSection":["PRINCIPAL"],"inLanguage":"es-AR"},{"@type":"WebPage","@id":"https:\/\/radioinfinitagoya.com.ar\/v1\/2025\/06\/04\/valdes-viajara-a-buenos-aires-para-tratar-el-plan-dolares-bajo-el-colchon\/","url":"https:\/\/radioinfinitagoya.com.ar\/v1\/2025\/06\/04\/valdes-viajara-a-buenos-aires-para-tratar-el-plan-dolares-bajo-el-colchon\/","name":"Vald\u00e9s viajar\u00e1 a Buenos Aires para tratar el plan \"d\u00f3lares bajo el colch\u00f3n\" - Radio Infinita Goya","isPartOf":{"@id":"https:\/\/radioinfinitagoya.com.ar\/v1\/#website"},"primaryImageOfPage":{"@id":"https:\/\/radioinfinitagoya.com.ar\/v1\/2025\/06\/04\/valdes-viajara-a-buenos-aires-para-tratar-el-plan-dolares-bajo-el-colchon\/#primaryimage"},"image":{"@id":"https:\/\/radioinfinitagoya.com.ar\/v1\/2025\/06\/04\/valdes-viajara-a-buenos-aires-para-tratar-el-plan-dolares-bajo-el-colchon\/#primaryimage"},"thumbnailUrl":"https:\/\/radioinfinitagoya.com.ar\/v1\/wp-content\/uploads\/2025\/06\/GqwcY-LXoAAqay3.jpg","datePublished":"2025-06-04T19:57:49+00:00","description":"El mandatario dijo al respecto que esta iniciativa de Naci\u00f3n \u201cpuede incluso hasta mejorar la recaudaci\u00f3n\u201d. El gobernador de Corrientes, Gustavo Vald\u00e9s,","breadcrumb":{"@id":"https:\/\/radioinfinitagoya.com.ar\/v1\/2025\/06\/04\/valdes-viajara-a-buenos-aires-para-tratar-el-plan-dolares-bajo-el-colchon\/#breadcrumb"},"inLanguage":"es-AR","potentialAction":[{"@type":"ReadAction","target":["https:\/\/radioinfinitagoya.com.ar\/v1\/2025\/06\/04\/valdes-viajara-a-buenos-aires-para-tratar-el-plan-dolares-bajo-el-colchon\/"]}]},{"@type":"ImageObject","inLanguage":"es-AR","@id":"https:\/\/radioinfinitagoya.com.ar\/v1\/2025\/06\/04\/valdes-viajara-a-buenos-aires-para-tratar-el-plan-dolares-bajo-el-colchon\/#primaryimage","url":"https:\/\/radioinfinitagoya.com.ar\/v1\/wp-content\/uploads\/2025\/06\/GqwcY-LXoAAqay3.jpg","contentUrl":"https:\/\/radioinfinitagoya.com.ar\/v1\/wp-content\/uploads\/2025\/06\/GqwcY-LXoAAqay3.jpg","width":2888,"height":1926},{"@type":"BreadcrumbList","@id":"https:\/\/radioinfinitagoya.com.ar\/v1\/2025\/06\/04\/valdes-viajara-a-buenos-aires-para-tratar-el-plan-dolares-bajo-el-colchon\/#breadcrumb","itemListElement":[{"@type":"ListItem","position":1,"name":"Inicio","item":"https:\/\/radioinfinitagoya.com.ar\/v1\/"},{"@type":"ListItem","position":2,"name":"Vald\u00e9s viajar\u00e1 a Buenos Aires para tratar el plan &#8220;d\u00f3lares bajo el colch\u00f3n&#8221;"}]},{"@type":"WebSite","@id":"https:\/\/radioinfinitagoya.com.ar\/v1\/#website","url":"https:\/\/radioinfinitagoya.com.ar\/v1\/","name":"radioinfinitagoya.com.ar","description":"Radio de noticias","publisher":{"@id":"https:\/\/radioinfinitagoya.com.ar\/v1\/#organization"},"potentialAction":[{"@type":"SearchAction","target":{"@type":"EntryPoint","urlTemplate":"https:\/\/radioinfinitagoya.com.ar\/v1\/?s={search_term_string}"},"query-input":{"@type":"PropertyValueSpecification","valueRequired":true,"valueName":"search_term_string"}}],"inLanguage":"es-AR"},{"@type":"Organization","@id":"https:\/\/radioinfinitagoya.com.ar\/v1\/#organization","name":"Radio Infinita Goya","url":"https:\/\/radioinfinitagoya.com.ar\/v1\/","logo":{"@type":"ImageObject","inLanguage":"es-AR","@id":"https:\/\/radioinfinitagoya.com.ar\/v1\/#\/schema\/logo\/image\/","url":"https:\/\/radioinfinitagoya.com.ar\/v1\/wp-content\/uploads\/2019\/11\/logo-pie-web.png","contentUrl":"https:\/\/radioinfinitagoya.com.ar\/v1\/wp-content\/uploads\/2019\/11\/logo-pie-web.png","width":635,"height":326,"caption":"Radio Infinita Goya"},"image":{"@id":"https:\/\/radioinfinitagoya.com.ar\/v1\/#\/schema\/logo\/image\/"},"sameAs":["https:\/\/www.facebook.com\/p\/Infinita-Goya-100063870918311\/"]},{"@type":"Person","@id":"https:\/\/radioinfinitagoya.com.ar\/v1\/#\/schema\/person\/d4cf9c413d4f6edb24aabdccab49ca4a","name":"Jorge Mi\u00f1o","image":{"@type":"ImageObject","inLanguage":"es-AR","@id":"https:\/\/secure.gravatar.com\/avatar\/910fcf6728fe95320e07a6643c1581fec1c7fc4bf8ae12e3d8f0d0373dc844be?s=96&d=mm&r=g","url":"https:\/\/secure.gravatar.com\/avatar\/910fcf6728fe95320e07a6643c1581fec1c7fc4bf8ae12e3d8f0d0373dc844be?s=96&d=mm&r=g","contentUrl":"https:\/\/secure.gravatar.com\/avatar\/910fcf6728fe95320e07a6643c1581fec1c7fc4bf8ae12e3d8f0d0373dc844be?s=96&d=mm&r=g","caption":"Jorge Mi\u00f1o"},"sameAs":["http:\/\/radioinfinitagoya.com.ar"]}]}},"_links":{"self":[{"href":"https:\/\/radioinfinitagoya.com.ar\/v1\/wp-json\/wp\/v2\/posts\/191143","targetHints":{"allow":["GET"]}}],"collection":[{"href":"https:\/\/radioinfinitagoya.com.ar\/v1\/wp-json\/wp\/v2\/posts"}],"about":[{"href":"https:\/\/radioinfinitagoya.com.ar\/v1\/wp-json\/wp\/v2\/types\/post"}],"author":[{"embeddable":true,"href":"https:\/\/radioinfinitagoya.com.ar\/v1\/wp-json\/wp\/v2\/users\/4"}],"replies":[{"embeddable":true,"href":"https:\/\/radioinfinitagoya.com.ar\/v1\/wp-json\/wp\/v2\/comments?post=191143"}],"version-history":[{"count":0,"href":"https:\/\/radioinfinitagoya.com.ar\/v1\/wp-json\/wp\/v2\/posts\/191143\/revisions"}],"wp:featuredmedia":[{"embeddable":true,"href":"https:\/\/radioinfinitagoya.com.ar\/v1\/wp-json\/wp\/v2\/media\/191144"}],"wp:attachment":[{"href":"https:\/\/radioinfinitagoya.com.ar\/v1\/wp-json\/wp\/v2\/media?parent=191143"}],"wp:term":[{"taxonomy":"category","embeddable":true,"href":"https:\/\/radioinfinitagoya.com.ar\/v1\/wp-json\/wp\/v2\/categories?post=191143"},{"taxonomy":"post_tag","embeddable":true,"href":"https:\/\/radioinfinitagoya.com.ar\/v1\/wp-json\/wp\/v2\/tags?post=191143"}],"curies":[{"name":"wp","href":"https:\/\/api.w.org\/{rel}","templated":true}]}}