{"id":191146,"date":"2025-06-05T16:39:22","date_gmt":"2025-06-05T19:39:22","guid":{"rendered":"https:\/\/radioinfinitagoya.com.ar\/v1\/?p=191146"},"modified":"2025-06-05T16:39:22","modified_gmt":"2025-06-05T19:39:22","slug":"corrientes-gestiona-la-compra-de-un-medicamento-para-tratar-formas-de-gripe-grave","status":"publish","type":"post","link":"https:\/\/radioinfinitagoya.com.ar\/v1\/2025\/06\/05\/corrientes-gestiona-la-compra-de-un-medicamento-para-tratar-formas-de-gripe-grave\/","title":{"rendered":"Corrientes gestiona la compra de un medicamento para tratar formas de gripe grave"},"content":{"rendered":"<p>El gobierno de Javier Milei inform\u00f3 la cancelaci\u00f3n de su distribuci\u00f3n.<\/p>\n<p>El Ministerio de Salud P\u00fablica inform\u00f3 este jueves que se encuentra en la gesti\u00f3n de la compra de un medicamento para tratar formas graves de gripe, tras un recorte del gobierno de Javier Milei.<\/p>\n<p>Se trata de Oseltamivir, un medicamento que dejar\u00e1 de ser suministrado por Naci\u00f3n a partir de este a\u00f1o.<\/p>\n<p>Al respecto, la directora general de Epidemiolog\u00eda, Angelina Bobadilla, dijo que \u201csiempre se entreg\u00f3 desde Naci\u00f3n, pero nos informaron que a partir de este a\u00f1o no se comprar\u00e1 m\u00e1s, por lo que la Provincia se har\u00e1 cargo. Estamos gestionando esa compra\u201d.<\/p>\n<p>La funcionaria asegur\u00f3 que si bien se cuenta con el stock suficiente para cubrir las necesidades actuales, se empezaron tratativas con los proveedores ya que se trata de un medicamento que debe ser importado.<\/p>\n<p>La cartera sanitaria garantiza que este medicamento sea provisto a quienes no poseen obra social, a fin de dar un tratamiento equitativo.<\/p>\n","protected":false},"excerpt":{"rendered":"<p>El gobierno de Javier Milei inform\u00f3 la cancelaci\u00f3n de su distribuci\u00f3n. El Ministerio de Salud P\u00fablica inform\u00f3 este jueves que se encuentra en la gesti\u00f3n de la compra de un medicamento para tratar formas graves de gripe, tras un recorte del gobierno de Javier Milei. Se trata de Oseltamivir, un medicamento que dejar\u00e1 de ser [&hellip;]<\/p>\n","protected":false},"author":4,"featured_media":191147,"comment_status":"closed","ping_status":"closed","sticky":false,"template":"","format":"standard","meta":{"_joinchat":[],"footnotes":""},"categories":[26],"tags":[],"class_list":{"0":"post-191146","1":"post","2":"type-post","3":"status-publish","4":"format-standard","5":"has-post-thumbnail","7":"category-provinciales"},"yoast_head":"<!-- This site is optimized with the Yoast SEO plugin v27.2 - https:\/\/yoast.com\/product\/yoast-seo-wordpress\/ -->\n<title>Corrientes gestiona la compra de un medicamento para tratar formas de gripe grave - Radio Infinita Goya<\/title>\n<meta name=\"description\" content=\"El gobierno de Javier Milei inform\u00f3 la cancelaci\u00f3n de su distribuci\u00f3n. El Ministerio de Salud P\u00fablica inform\u00f3 este jueves que se encuentra en la gesti\u00f3n\" \/>\n<meta name=\"robots\" content=\"index, follow, max-snippet:-1, max-image-preview:large, max-video-preview:-1\" \/>\n<link rel=\"canonical\" href=\"https:\/\/radioinfinitagoya.com.ar\/v1\/2025\/06\/05\/corrientes-gestiona-la-compra-de-un-medicamento-para-tratar-formas-de-gripe-grave\/\" \/>\n<meta property=\"og:locale\" content=\"es_ES\" \/>\n<meta property=\"og:type\" content=\"article\" \/>\n<meta property=\"og:title\" content=\"Corrientes gestiona la compra de un medicamento para tratar formas de gripe grave - Radio Infinita Goya\" \/>\n<meta property=\"og:description\" content=\"El gobierno de Javier Milei inform\u00f3 la cancelaci\u00f3n de su distribuci\u00f3n. El Ministerio de Salud P\u00fablica inform\u00f3 este jueves que se encuentra en la gesti\u00f3n\" \/>\n<meta property=\"og:url\" content=\"https:\/\/radioinfinitagoya.com.ar\/v1\/2025\/06\/05\/corrientes-gestiona-la-compra-de-un-medicamento-para-tratar-formas-de-gripe-grave\/\" \/>\n<meta property=\"og:site_name\" content=\"Radio Infinita Goya\" \/>\n<meta property=\"article:publisher\" content=\"https:\/\/www.facebook.com\/p\/Infinita-Goya-100063870918311\/\" \/>\n<meta property=\"article:published_time\" content=\"2025-06-05T19:39:22+00:00\" \/>\n<meta property=\"og:image\" content=\"https:\/\/radioinfinitagoya.com.ar\/v1\/wp-content\/uploads\/2025\/06\/1749136283714.webp\" \/>\n\t<meta property=\"og:image:width\" content=\"1200\" \/>\n\t<meta property=\"og:image:height\" content=\"675\" \/>\n\t<meta property=\"og:image:type\" content=\"image\/webp\" \/>\n<meta name=\"author\" content=\"Jorge Mi\u00f1o\" \/>\n<meta name=\"twitter:card\" content=\"summary_large_image\" \/>\n<meta name=\"twitter:label1\" content=\"Escrito por\" \/>\n\t<meta name=\"twitter:data1\" content=\"Jorge Mi\u00f1o\" \/>\n\t<meta name=\"twitter:label2\" content=\"Tiempo de lectura\" \/>\n\t<meta name=\"twitter:data2\" content=\"1 minuto\" \/>\n<script type=\"application\/ld+json\" class=\"yoast-schema-graph\">{\"@context\":\"https:\/\/schema.org\",\"@graph\":[{\"@type\":\"Article\",\"@id\":\"https:\/\/radioinfinitagoya.com.ar\/v1\/2025\/06\/05\/corrientes-gestiona-la-compra-de-un-medicamento-para-tratar-formas-de-gripe-grave\/#article\",\"isPartOf\":{\"@id\":\"https:\/\/radioinfinitagoya.com.ar\/v1\/2025\/06\/05\/corrientes-gestiona-la-compra-de-un-medicamento-para-tratar-formas-de-gripe-grave\/\"},\"author\":{\"name\":\"Jorge Mi\u00f1o\",\"@id\":\"https:\/\/radioinfinitagoya.com.ar\/v1\/#\/schema\/person\/d4cf9c413d4f6edb24aabdccab49ca4a\"},\"headline\":\"Corrientes gestiona la compra de un medicamento para tratar formas de gripe grave\",\"datePublished\":\"2025-06-05T19:39:22+00:00\",\"mainEntityOfPage\":{\"@id\":\"https:\/\/radioinfinitagoya.com.ar\/v1\/2025\/06\/05\/corrientes-gestiona-la-compra-de-un-medicamento-para-tratar-formas-de-gripe-grave\/\"},\"wordCount\":183,\"publisher\":{\"@id\":\"https:\/\/radioinfinitagoya.com.ar\/v1\/#organization\"},\"image\":{\"@id\":\"https:\/\/radioinfinitagoya.com.ar\/v1\/2025\/06\/05\/corrientes-gestiona-la-compra-de-un-medicamento-para-tratar-formas-de-gripe-grave\/#primaryimage\"},\"thumbnailUrl\":\"https:\/\/radioinfinitagoya.com.ar\/v1\/wp-content\/uploads\/2025\/06\/1749136283714.webp\",\"articleSection\":[\"PROVINCIALES\"],\"inLanguage\":\"es-AR\"},{\"@type\":\"WebPage\",\"@id\":\"https:\/\/radioinfinitagoya.com.ar\/v1\/2025\/06\/05\/corrientes-gestiona-la-compra-de-un-medicamento-para-tratar-formas-de-gripe-grave\/\",\"url\":\"https:\/\/radioinfinitagoya.com.ar\/v1\/2025\/06\/05\/corrientes-gestiona-la-compra-de-un-medicamento-para-tratar-formas-de-gripe-grave\/\",\"name\":\"Corrientes gestiona la compra de un medicamento para tratar formas de gripe grave - Radio Infinita Goya\",\"isPartOf\":{\"@id\":\"https:\/\/radioinfinitagoya.com.ar\/v1\/#website\"},\"primaryImageOfPage\":{\"@id\":\"https:\/\/radioinfinitagoya.com.ar\/v1\/2025\/06\/05\/corrientes-gestiona-la-compra-de-un-medicamento-para-tratar-formas-de-gripe-grave\/#primaryimage\"},\"image\":{\"@id\":\"https:\/\/radioinfinitagoya.com.ar\/v1\/2025\/06\/05\/corrientes-gestiona-la-compra-de-un-medicamento-para-tratar-formas-de-gripe-grave\/#primaryimage\"},\"thumbnailUrl\":\"https:\/\/radioinfinitagoya.com.ar\/v1\/wp-content\/uploads\/2025\/06\/1749136283714.webp\",\"datePublished\":\"2025-06-05T19:39:22+00:00\",\"description\":\"El gobierno de Javier Milei inform\u00f3 la cancelaci\u00f3n de su distribuci\u00f3n. El Ministerio de Salud P\u00fablica inform\u00f3 este jueves que se encuentra en la gesti\u00f3n\",\"breadcrumb\":{\"@id\":\"https:\/\/radioinfinitagoya.com.ar\/v1\/2025\/06\/05\/corrientes-gestiona-la-compra-de-un-medicamento-para-tratar-formas-de-gripe-grave\/#breadcrumb\"},\"inLanguage\":\"es-AR\",\"potentialAction\":[{\"@type\":\"ReadAction\",\"target\":[\"https:\/\/radioinfinitagoya.com.ar\/v1\/2025\/06\/05\/corrientes-gestiona-la-compra-de-un-medicamento-para-tratar-formas-de-gripe-grave\/\"]}]},{\"@type\":\"ImageObject\",\"inLanguage\":\"es-AR\",\"@id\":\"https:\/\/radioinfinitagoya.com.ar\/v1\/2025\/06\/05\/corrientes-gestiona-la-compra-de-un-medicamento-para-tratar-formas-de-gripe-grave\/#primaryimage\",\"url\":\"https:\/\/radioinfinitagoya.com.ar\/v1\/wp-content\/uploads\/2025\/06\/1749136283714.webp\",\"contentUrl\":\"https:\/\/radioinfinitagoya.com.ar\/v1\/wp-content\/uploads\/2025\/06\/1749136283714.webp\",\"width\":1200,\"height\":675},{\"@type\":\"BreadcrumbList\",\"@id\":\"https:\/\/radioinfinitagoya.com.ar\/v1\/2025\/06\/05\/corrientes-gestiona-la-compra-de-un-medicamento-para-tratar-formas-de-gripe-grave\/#breadcrumb\",\"itemListElement\":[{\"@type\":\"ListItem\",\"position\":1,\"name\":\"Inicio\",\"item\":\"https:\/\/radioinfinitagoya.com.ar\/v1\/\"},{\"@type\":\"ListItem\",\"position\":2,\"name\":\"Corrientes gestiona la compra de un medicamento para tratar formas de gripe grave\"}]},{\"@type\":\"WebSite\",\"@id\":\"https:\/\/radioinfinitagoya.com.ar\/v1\/#website\",\"url\":\"https:\/\/radioinfinitagoya.com.ar\/v1\/\",\"name\":\"radioinfinitagoya.com.ar\",\"description\":\"Radio de noticias\",\"publisher\":{\"@id\":\"https:\/\/radioinfinitagoya.com.ar\/v1\/#organization\"},\"potentialAction\":[{\"@type\":\"SearchAction\",\"target\":{\"@type\":\"EntryPoint\",\"urlTemplate\":\"https:\/\/radioinfinitagoya.com.ar\/v1\/?s={search_term_string}\"},\"query-input\":{\"@type\":\"PropertyValueSpecification\",\"valueRequired\":true,\"valueName\":\"search_term_string\"}}],\"inLanguage\":\"es-AR\"},{\"@type\":\"Organization\",\"@id\":\"https:\/\/radioinfinitagoya.com.ar\/v1\/#organization\",\"name\":\"Radio Infinita Goya\",\"url\":\"https:\/\/radioinfinitagoya.com.ar\/v1\/\",\"logo\":{\"@type\":\"ImageObject\",\"inLanguage\":\"es-AR\",\"@id\":\"https:\/\/radioinfinitagoya.com.ar\/v1\/#\/schema\/logo\/image\/\",\"url\":\"https:\/\/radioinfinitagoya.com.ar\/v1\/wp-content\/uploads\/2019\/11\/logo-pie-web.png\",\"contentUrl\":\"https:\/\/radioinfinitagoya.com.ar\/v1\/wp-content\/uploads\/2019\/11\/logo-pie-web.png\",\"width\":635,\"height\":326,\"caption\":\"Radio Infinita Goya\"},\"image\":{\"@id\":\"https:\/\/radioinfinitagoya.com.ar\/v1\/#\/schema\/logo\/image\/\"},\"sameAs\":[\"https:\/\/www.facebook.com\/p\/Infinita-Goya-100063870918311\/\"]},{\"@type\":\"Person\",\"@id\":\"https:\/\/radioinfinitagoya.com.ar\/v1\/#\/schema\/person\/d4cf9c413d4f6edb24aabdccab49ca4a\",\"name\":\"Jorge Mi\u00f1o\",\"image\":{\"@type\":\"ImageObject\",\"inLanguage\":\"es-AR\",\"@id\":\"https:\/\/secure.gravatar.com\/avatar\/910fcf6728fe95320e07a6643c1581fec1c7fc4bf8ae12e3d8f0d0373dc844be?s=96&d=mm&r=g\",\"url\":\"https:\/\/secure.gravatar.com\/avatar\/910fcf6728fe95320e07a6643c1581fec1c7fc4bf8ae12e3d8f0d0373dc844be?s=96&d=mm&r=g\",\"contentUrl\":\"https:\/\/secure.gravatar.com\/avatar\/910fcf6728fe95320e07a6643c1581fec1c7fc4bf8ae12e3d8f0d0373dc844be?s=96&d=mm&r=g\",\"caption\":\"Jorge Mi\u00f1o\"},\"sameAs\":[\"http:\/\/radioinfinitagoya.com.ar\"]}]}<\/script>\n<!-- \/ Yoast SEO plugin. -->","yoast_head_json":{"title":"Corrientes gestiona la compra de un medicamento para tratar formas de gripe grave - Radio Infinita Goya","description":"El gobierno de Javier Milei inform\u00f3 la cancelaci\u00f3n de su distribuci\u00f3n. El Ministerio de Salud P\u00fablica inform\u00f3 este jueves que se encuentra en la gesti\u00f3n","robots":{"index":"index","follow":"follow","max-snippet":"max-snippet:-1","max-image-preview":"max-image-preview:large","max-video-preview":"max-video-preview:-1"},"canonical":"https:\/\/radioinfinitagoya.com.ar\/v1\/2025\/06\/05\/corrientes-gestiona-la-compra-de-un-medicamento-para-tratar-formas-de-gripe-grave\/","og_locale":"es_ES","og_type":"article","og_title":"Corrientes gestiona la compra de un medicamento para tratar formas de gripe grave - Radio Infinita Goya","og_description":"El gobierno de Javier Milei inform\u00f3 la cancelaci\u00f3n de su distribuci\u00f3n. El Ministerio de Salud P\u00fablica inform\u00f3 este jueves que se encuentra en la gesti\u00f3n","og_url":"https:\/\/radioinfinitagoya.com.ar\/v1\/2025\/06\/05\/corrientes-gestiona-la-compra-de-un-medicamento-para-tratar-formas-de-gripe-grave\/","og_site_name":"Radio Infinita Goya","article_publisher":"https:\/\/www.facebook.com\/p\/Infinita-Goya-100063870918311\/","article_published_time":"2025-06-05T19:39:22+00:00","og_image":[{"width":1200,"height":675,"url":"https:\/\/radioinfinitagoya.com.ar\/v1\/wp-content\/uploads\/2025\/06\/1749136283714.webp","type":"image\/webp"}],"author":"Jorge Mi\u00f1o","twitter_card":"summary_large_image","twitter_misc":{"Escrito por":"Jorge Mi\u00f1o","Tiempo de lectura":"1 minuto"},"schema":{"@context":"https:\/\/schema.org","@graph":[{"@type":"Article","@id":"https:\/\/radioinfinitagoya.com.ar\/v1\/2025\/06\/05\/corrientes-gestiona-la-compra-de-un-medicamento-para-tratar-formas-de-gripe-grave\/#article","isPartOf":{"@id":"https:\/\/radioinfinitagoya.com.ar\/v1\/2025\/06\/05\/corrientes-gestiona-la-compra-de-un-medicamento-para-tratar-formas-de-gripe-grave\/"},"author":{"name":"Jorge Mi\u00f1o","@id":"https:\/\/radioinfinitagoya.com.ar\/v1\/#\/schema\/person\/d4cf9c413d4f6edb24aabdccab49ca4a"},"headline":"Corrientes gestiona la compra de un medicamento para tratar formas de gripe grave","datePublished":"2025-06-05T19:39:22+00:00","mainEntityOfPage":{"@id":"https:\/\/radioinfinitagoya.com.ar\/v1\/2025\/06\/05\/corrientes-gestiona-la-compra-de-un-medicamento-para-tratar-formas-de-gripe-grave\/"},"wordCount":183,"publisher":{"@id":"https:\/\/radioinfinitagoya.com.ar\/v1\/#organization"},"image":{"@id":"https:\/\/radioinfinitagoya.com.ar\/v1\/2025\/06\/05\/corrientes-gestiona-la-compra-de-un-medicamento-para-tratar-formas-de-gripe-grave\/#primaryimage"},"thumbnailUrl":"https:\/\/radioinfinitagoya.com.ar\/v1\/wp-content\/uploads\/2025\/06\/1749136283714.webp","articleSection":["PROVINCIALES"],"inLanguage":"es-AR"},{"@type":"WebPage","@id":"https:\/\/radioinfinitagoya.com.ar\/v1\/2025\/06\/05\/corrientes-gestiona-la-compra-de-un-medicamento-para-tratar-formas-de-gripe-grave\/","url":"https:\/\/radioinfinitagoya.com.ar\/v1\/2025\/06\/05\/corrientes-gestiona-la-compra-de-un-medicamento-para-tratar-formas-de-gripe-grave\/","name":"Corrientes gestiona la compra de un medicamento para tratar formas de gripe grave - Radio Infinita Goya","isPartOf":{"@id":"https:\/\/radioinfinitagoya.com.ar\/v1\/#website"},"primaryImageOfPage":{"@id":"https:\/\/radioinfinitagoya.com.ar\/v1\/2025\/06\/05\/corrientes-gestiona-la-compra-de-un-medicamento-para-tratar-formas-de-gripe-grave\/#primaryimage"},"image":{"@id":"https:\/\/radioinfinitagoya.com.ar\/v1\/2025\/06\/05\/corrientes-gestiona-la-compra-de-un-medicamento-para-tratar-formas-de-gripe-grave\/#primaryimage"},"thumbnailUrl":"https:\/\/radioinfinitagoya.com.ar\/v1\/wp-content\/uploads\/2025\/06\/1749136283714.webp","datePublished":"2025-06-05T19:39:22+00:00","description":"El gobierno de Javier Milei inform\u00f3 la cancelaci\u00f3n de su distribuci\u00f3n. El Ministerio de Salud P\u00fablica inform\u00f3 este jueves que se encuentra en la gesti\u00f3n","breadcrumb":{"@id":"https:\/\/radioinfinitagoya.com.ar\/v1\/2025\/06\/05\/corrientes-gestiona-la-compra-de-un-medicamento-para-tratar-formas-de-gripe-grave\/#breadcrumb"},"inLanguage":"es-AR","potentialAction":[{"@type":"ReadAction","target":["https:\/\/radioinfinitagoya.com.ar\/v1\/2025\/06\/05\/corrientes-gestiona-la-compra-de-un-medicamento-para-tratar-formas-de-gripe-grave\/"]}]},{"@type":"ImageObject","inLanguage":"es-AR","@id":"https:\/\/radioinfinitagoya.com.ar\/v1\/2025\/06\/05\/corrientes-gestiona-la-compra-de-un-medicamento-para-tratar-formas-de-gripe-grave\/#primaryimage","url":"https:\/\/radioinfinitagoya.com.ar\/v1\/wp-content\/uploads\/2025\/06\/1749136283714.webp","contentUrl":"https:\/\/radioinfinitagoya.com.ar\/v1\/wp-content\/uploads\/2025\/06\/1749136283714.webp","width":1200,"height":675},{"@type":"BreadcrumbList","@id":"https:\/\/radioinfinitagoya.com.ar\/v1\/2025\/06\/05\/corrientes-gestiona-la-compra-de-un-medicamento-para-tratar-formas-de-gripe-grave\/#breadcrumb","itemListElement":[{"@type":"ListItem","position":1,"name":"Inicio","item":"https:\/\/radioinfinitagoya.com.ar\/v1\/"},{"@type":"ListItem","position":2,"name":"Corrientes gestiona la compra de un medicamento para tratar formas de gripe grave"}]},{"@type":"WebSite","@id":"https:\/\/radioinfinitagoya.com.ar\/v1\/#website","url":"https:\/\/radioinfinitagoya.com.ar\/v1\/","name":"radioinfinitagoya.com.ar","description":"Radio de noticias","publisher":{"@id":"https:\/\/radioinfinitagoya.com.ar\/v1\/#organization"},"potentialAction":[{"@type":"SearchAction","target":{"@type":"EntryPoint","urlTemplate":"https:\/\/radioinfinitagoya.com.ar\/v1\/?s={search_term_string}"},"query-input":{"@type":"PropertyValueSpecification","valueRequired":true,"valueName":"search_term_string"}}],"inLanguage":"es-AR"},{"@type":"Organization","@id":"https:\/\/radioinfinitagoya.com.ar\/v1\/#organization","name":"Radio Infinita Goya","url":"https:\/\/radioinfinitagoya.com.ar\/v1\/","logo":{"@type":"ImageObject","inLanguage":"es-AR","@id":"https:\/\/radioinfinitagoya.com.ar\/v1\/#\/schema\/logo\/image\/","url":"https:\/\/radioinfinitagoya.com.ar\/v1\/wp-content\/uploads\/2019\/11\/logo-pie-web.png","contentUrl":"https:\/\/radioinfinitagoya.com.ar\/v1\/wp-content\/uploads\/2019\/11\/logo-pie-web.png","width":635,"height":326,"caption":"Radio Infinita Goya"},"image":{"@id":"https:\/\/radioinfinitagoya.com.ar\/v1\/#\/schema\/logo\/image\/"},"sameAs":["https:\/\/www.facebook.com\/p\/Infinita-Goya-100063870918311\/"]},{"@type":"Person","@id":"https:\/\/radioinfinitagoya.com.ar\/v1\/#\/schema\/person\/d4cf9c413d4f6edb24aabdccab49ca4a","name":"Jorge Mi\u00f1o","image":{"@type":"ImageObject","inLanguage":"es-AR","@id":"https:\/\/secure.gravatar.com\/avatar\/910fcf6728fe95320e07a6643c1581fec1c7fc4bf8ae12e3d8f0d0373dc844be?s=96&d=mm&r=g","url":"https:\/\/secure.gravatar.com\/avatar\/910fcf6728fe95320e07a6643c1581fec1c7fc4bf8ae12e3d8f0d0373dc844be?s=96&d=mm&r=g","contentUrl":"https:\/\/secure.gravatar.com\/avatar\/910fcf6728fe95320e07a6643c1581fec1c7fc4bf8ae12e3d8f0d0373dc844be?s=96&d=mm&r=g","caption":"Jorge Mi\u00f1o"},"sameAs":["http:\/\/radioinfinitagoya.com.ar"]}]}},"_links":{"self":[{"href":"https:\/\/radioinfinitagoya.com.ar\/v1\/wp-json\/wp\/v2\/posts\/191146","targetHints":{"allow":["GET"]}}],"collection":[{"href":"https:\/\/radioinfinitagoya.com.ar\/v1\/wp-json\/wp\/v2\/posts"}],"about":[{"href":"https:\/\/radioinfinitagoya.com.ar\/v1\/wp-json\/wp\/v2\/types\/post"}],"author":[{"embeddable":true,"href":"https:\/\/radioinfinitagoya.com.ar\/v1\/wp-json\/wp\/v2\/users\/4"}],"replies":[{"embeddable":true,"href":"https:\/\/radioinfinitagoya.com.ar\/v1\/wp-json\/wp\/v2\/comments?post=191146"}],"version-history":[{"count":0,"href":"https:\/\/radioinfinitagoya.com.ar\/v1\/wp-json\/wp\/v2\/posts\/191146\/revisions"}],"wp:featuredmedia":[{"embeddable":true,"href":"https:\/\/radioinfinitagoya.com.ar\/v1\/wp-json\/wp\/v2\/media\/191147"}],"wp:attachment":[{"href":"https:\/\/radioinfinitagoya.com.ar\/v1\/wp-json\/wp\/v2\/media?parent=191146"}],"wp:term":[{"taxonomy":"category","embeddable":true,"href":"https:\/\/radioinfinitagoya.com.ar\/v1\/wp-json\/wp\/v2\/categories?post=191146"},{"taxonomy":"post_tag","embeddable":true,"href":"https:\/\/radioinfinitagoya.com.ar\/v1\/wp-json\/wp\/v2\/tags?post=191146"}],"curies":[{"name":"wp","href":"https:\/\/api.w.org\/{rel}","templated":true}]}}