{"id":191149,"date":"2025-06-05T16:42:49","date_gmt":"2025-06-05T19:42:49","guid":{"rendered":"https:\/\/radioinfinitagoya.com.ar\/v1\/?p=191149"},"modified":"2025-06-05T16:42:49","modified_gmt":"2025-06-05T19:42:49","slug":"la-uta-amenaza-con-un-paro-de-colectivos-si-los-choferes-no-cobran-todo-su-salario","status":"publish","type":"post","link":"https:\/\/radioinfinitagoya.com.ar\/v1\/2025\/06\/05\/la-uta-amenaza-con-un-paro-de-colectivos-si-los-choferes-no-cobran-todo-su-salario\/","title":{"rendered":"La UTA amenaza con un paro de colectivos si los choferes no cobran todo su salario"},"content":{"rendered":"<p>Si el conflicto no se resuelve, miles de usuarios quedar\u00e1n sin transoporte.<\/p>\n<p>El Secretario General de la UTA en Corrientes, Jos\u00e9 Luis Sabao, inform\u00f3 este jueves que existe posibilidad que ma\u00f1ana haya paro de colectivos en Corrientes. La medida se tomar\u00e1 si los empresarios no cobran la totalidad de los salarios de los trabajadores.<\/p>\n<p>En di\u00e1logo con radio Sudamericana,Sabao dijo que el sector empresario solo puede cumplir con el 70%. Si el conflicto no se resuelve y no depositan la totalidad del sueldo, se tomar\u00e1 la medida de fuerza, que terminar\u00e1 afectando el servicio de transporte urbano en la ciudad.<\/p>\n<p>Adem\u00e1s, detall\u00f3 que los trabajadores ayer se reunieron en Asamblea y definieron la medida de fuerza.<\/p>\n<p>&nbsp;<\/p>\n","protected":false},"excerpt":{"rendered":"<p>Si el conflicto no se resuelve, miles de usuarios quedar\u00e1n sin transoporte. El Secretario General de la UTA en Corrientes, Jos\u00e9 Luis Sabao, inform\u00f3 este jueves que existe posibilidad que ma\u00f1ana haya paro de colectivos en Corrientes. La medida se tomar\u00e1 si los empresarios no cobran la totalidad de los salarios de los trabajadores. En [&hellip;]<\/p>\n","protected":false},"author":4,"featured_media":191150,"comment_status":"closed","ping_status":"closed","sticky":false,"template":"","format":"standard","meta":{"_joinchat":[],"footnotes":""},"categories":[26],"tags":[],"class_list":{"0":"post-191149","1":"post","2":"type-post","3":"status-publish","4":"format-standard","5":"has-post-thumbnail","7":"category-provinciales"},"yoast_head":"<!-- This site is optimized with the Yoast SEO plugin v27.2 - https:\/\/yoast.com\/product\/yoast-seo-wordpress\/ -->\n<title>La UTA amenaza con un paro de colectivos si los choferes no cobran todo su salario - Radio Infinita Goya<\/title>\n<meta name=\"description\" content=\"Si el conflicto no se resuelve, miles de usuarios quedar\u00e1n sin transoporte. El Secretario General de la UTA en Corrientes, Jos\u00e9 Luis Sabao, inform\u00f3 este\" \/>\n<meta name=\"robots\" content=\"index, follow, max-snippet:-1, max-image-preview:large, max-video-preview:-1\" \/>\n<link rel=\"canonical\" href=\"https:\/\/radioinfinitagoya.com.ar\/v1\/2025\/06\/05\/la-uta-amenaza-con-un-paro-de-colectivos-si-los-choferes-no-cobran-todo-su-salario\/\" \/>\n<meta property=\"og:locale\" content=\"es_ES\" \/>\n<meta property=\"og:type\" content=\"article\" \/>\n<meta property=\"og:title\" content=\"La UTA amenaza con un paro de colectivos si los choferes no cobran todo su salario - Radio Infinita Goya\" \/>\n<meta property=\"og:description\" content=\"Si el conflicto no se resuelve, miles de usuarios quedar\u00e1n sin transoporte. El Secretario General de la UTA en Corrientes, Jos\u00e9 Luis Sabao, inform\u00f3 este\" \/>\n<meta property=\"og:url\" content=\"https:\/\/radioinfinitagoya.com.ar\/v1\/2025\/06\/05\/la-uta-amenaza-con-un-paro-de-colectivos-si-los-choferes-no-cobran-todo-su-salario\/\" \/>\n<meta property=\"og:site_name\" content=\"Radio Infinita Goya\" \/>\n<meta property=\"article:publisher\" content=\"https:\/\/www.facebook.com\/p\/Infinita-Goya-100063870918311\/\" \/>\n<meta property=\"article:published_time\" content=\"2025-06-05T19:42:49+00:00\" \/>\n<meta property=\"og:image\" content=\"https:\/\/radioinfinitagoya.com.ar\/v1\/wp-content\/uploads\/2025\/06\/q8YG66Vt.jpg\" \/>\n\t<meta property=\"og:image:width\" content=\"680\" \/>\n\t<meta property=\"og:image:height\" content=\"405\" \/>\n\t<meta property=\"og:image:type\" content=\"image\/jpeg\" \/>\n<meta name=\"author\" content=\"Jorge Mi\u00f1o\" \/>\n<meta name=\"twitter:card\" content=\"summary_large_image\" \/>\n<meta name=\"twitter:label1\" content=\"Escrito por\" \/>\n\t<meta name=\"twitter:data1\" content=\"Jorge Mi\u00f1o\" \/>\n\t<meta name=\"twitter:label2\" content=\"Tiempo de lectura\" \/>\n\t<meta name=\"twitter:data2\" content=\"1 minuto\" \/>\n<script type=\"application\/ld+json\" class=\"yoast-schema-graph\">{\"@context\":\"https:\/\/schema.org\",\"@graph\":[{\"@type\":\"Article\",\"@id\":\"https:\/\/radioinfinitagoya.com.ar\/v1\/2025\/06\/05\/la-uta-amenaza-con-un-paro-de-colectivos-si-los-choferes-no-cobran-todo-su-salario\/#article\",\"isPartOf\":{\"@id\":\"https:\/\/radioinfinitagoya.com.ar\/v1\/2025\/06\/05\/la-uta-amenaza-con-un-paro-de-colectivos-si-los-choferes-no-cobran-todo-su-salario\/\"},\"author\":{\"name\":\"Jorge Mi\u00f1o\",\"@id\":\"https:\/\/radioinfinitagoya.com.ar\/v1\/#\/schema\/person\/d4cf9c413d4f6edb24aabdccab49ca4a\"},\"headline\":\"La UTA amenaza con un paro de colectivos si los choferes no cobran todo su salario\",\"datePublished\":\"2025-06-05T19:42:49+00:00\",\"mainEntityOfPage\":{\"@id\":\"https:\/\/radioinfinitagoya.com.ar\/v1\/2025\/06\/05\/la-uta-amenaza-con-un-paro-de-colectivos-si-los-choferes-no-cobran-todo-su-salario\/\"},\"wordCount\":137,\"publisher\":{\"@id\":\"https:\/\/radioinfinitagoya.com.ar\/v1\/#organization\"},\"image\":{\"@id\":\"https:\/\/radioinfinitagoya.com.ar\/v1\/2025\/06\/05\/la-uta-amenaza-con-un-paro-de-colectivos-si-los-choferes-no-cobran-todo-su-salario\/#primaryimage\"},\"thumbnailUrl\":\"https:\/\/radioinfinitagoya.com.ar\/v1\/wp-content\/uploads\/2025\/06\/q8YG66Vt.jpg\",\"articleSection\":[\"PROVINCIALES\"],\"inLanguage\":\"es-AR\"},{\"@type\":\"WebPage\",\"@id\":\"https:\/\/radioinfinitagoya.com.ar\/v1\/2025\/06\/05\/la-uta-amenaza-con-un-paro-de-colectivos-si-los-choferes-no-cobran-todo-su-salario\/\",\"url\":\"https:\/\/radioinfinitagoya.com.ar\/v1\/2025\/06\/05\/la-uta-amenaza-con-un-paro-de-colectivos-si-los-choferes-no-cobran-todo-su-salario\/\",\"name\":\"La UTA amenaza con un paro de colectivos si los choferes no cobran todo su salario - Radio Infinita Goya\",\"isPartOf\":{\"@id\":\"https:\/\/radioinfinitagoya.com.ar\/v1\/#website\"},\"primaryImageOfPage\":{\"@id\":\"https:\/\/radioinfinitagoya.com.ar\/v1\/2025\/06\/05\/la-uta-amenaza-con-un-paro-de-colectivos-si-los-choferes-no-cobran-todo-su-salario\/#primaryimage\"},\"image\":{\"@id\":\"https:\/\/radioinfinitagoya.com.ar\/v1\/2025\/06\/05\/la-uta-amenaza-con-un-paro-de-colectivos-si-los-choferes-no-cobran-todo-su-salario\/#primaryimage\"},\"thumbnailUrl\":\"https:\/\/radioinfinitagoya.com.ar\/v1\/wp-content\/uploads\/2025\/06\/q8YG66Vt.jpg\",\"datePublished\":\"2025-06-05T19:42:49+00:00\",\"description\":\"Si el conflicto no se resuelve, miles de usuarios quedar\u00e1n sin transoporte. El Secretario General de la UTA en Corrientes, Jos\u00e9 Luis Sabao, inform\u00f3 este\",\"breadcrumb\":{\"@id\":\"https:\/\/radioinfinitagoya.com.ar\/v1\/2025\/06\/05\/la-uta-amenaza-con-un-paro-de-colectivos-si-los-choferes-no-cobran-todo-su-salario\/#breadcrumb\"},\"inLanguage\":\"es-AR\",\"potentialAction\":[{\"@type\":\"ReadAction\",\"target\":[\"https:\/\/radioinfinitagoya.com.ar\/v1\/2025\/06\/05\/la-uta-amenaza-con-un-paro-de-colectivos-si-los-choferes-no-cobran-todo-su-salario\/\"]}]},{\"@type\":\"ImageObject\",\"inLanguage\":\"es-AR\",\"@id\":\"https:\/\/radioinfinitagoya.com.ar\/v1\/2025\/06\/05\/la-uta-amenaza-con-un-paro-de-colectivos-si-los-choferes-no-cobran-todo-su-salario\/#primaryimage\",\"url\":\"https:\/\/radioinfinitagoya.com.ar\/v1\/wp-content\/uploads\/2025\/06\/q8YG66Vt.jpg\",\"contentUrl\":\"https:\/\/radioinfinitagoya.com.ar\/v1\/wp-content\/uploads\/2025\/06\/q8YG66Vt.jpg\",\"width\":680,\"height\":405},{\"@type\":\"BreadcrumbList\",\"@id\":\"https:\/\/radioinfinitagoya.com.ar\/v1\/2025\/06\/05\/la-uta-amenaza-con-un-paro-de-colectivos-si-los-choferes-no-cobran-todo-su-salario\/#breadcrumb\",\"itemListElement\":[{\"@type\":\"ListItem\",\"position\":1,\"name\":\"Inicio\",\"item\":\"https:\/\/radioinfinitagoya.com.ar\/v1\/\"},{\"@type\":\"ListItem\",\"position\":2,\"name\":\"La UTA amenaza con un paro de colectivos si los choferes no cobran todo su salario\"}]},{\"@type\":\"WebSite\",\"@id\":\"https:\/\/radioinfinitagoya.com.ar\/v1\/#website\",\"url\":\"https:\/\/radioinfinitagoya.com.ar\/v1\/\",\"name\":\"radioinfinitagoya.com.ar\",\"description\":\"Radio de noticias\",\"publisher\":{\"@id\":\"https:\/\/radioinfinitagoya.com.ar\/v1\/#organization\"},\"potentialAction\":[{\"@type\":\"SearchAction\",\"target\":{\"@type\":\"EntryPoint\",\"urlTemplate\":\"https:\/\/radioinfinitagoya.com.ar\/v1\/?s={search_term_string}\"},\"query-input\":{\"@type\":\"PropertyValueSpecification\",\"valueRequired\":true,\"valueName\":\"search_term_string\"}}],\"inLanguage\":\"es-AR\"},{\"@type\":\"Organization\",\"@id\":\"https:\/\/radioinfinitagoya.com.ar\/v1\/#organization\",\"name\":\"Radio Infinita Goya\",\"url\":\"https:\/\/radioinfinitagoya.com.ar\/v1\/\",\"logo\":{\"@type\":\"ImageObject\",\"inLanguage\":\"es-AR\",\"@id\":\"https:\/\/radioinfinitagoya.com.ar\/v1\/#\/schema\/logo\/image\/\",\"url\":\"https:\/\/radioinfinitagoya.com.ar\/v1\/wp-content\/uploads\/2019\/11\/logo-pie-web.png\",\"contentUrl\":\"https:\/\/radioinfinitagoya.com.ar\/v1\/wp-content\/uploads\/2019\/11\/logo-pie-web.png\",\"width\":635,\"height\":326,\"caption\":\"Radio Infinita Goya\"},\"image\":{\"@id\":\"https:\/\/radioinfinitagoya.com.ar\/v1\/#\/schema\/logo\/image\/\"},\"sameAs\":[\"https:\/\/www.facebook.com\/p\/Infinita-Goya-100063870918311\/\"]},{\"@type\":\"Person\",\"@id\":\"https:\/\/radioinfinitagoya.com.ar\/v1\/#\/schema\/person\/d4cf9c413d4f6edb24aabdccab49ca4a\",\"name\":\"Jorge Mi\u00f1o\",\"image\":{\"@type\":\"ImageObject\",\"inLanguage\":\"es-AR\",\"@id\":\"https:\/\/secure.gravatar.com\/avatar\/910fcf6728fe95320e07a6643c1581fec1c7fc4bf8ae12e3d8f0d0373dc844be?s=96&d=mm&r=g\",\"url\":\"https:\/\/secure.gravatar.com\/avatar\/910fcf6728fe95320e07a6643c1581fec1c7fc4bf8ae12e3d8f0d0373dc844be?s=96&d=mm&r=g\",\"contentUrl\":\"https:\/\/secure.gravatar.com\/avatar\/910fcf6728fe95320e07a6643c1581fec1c7fc4bf8ae12e3d8f0d0373dc844be?s=96&d=mm&r=g\",\"caption\":\"Jorge Mi\u00f1o\"},\"sameAs\":[\"http:\/\/radioinfinitagoya.com.ar\"]}]}<\/script>\n<!-- \/ Yoast SEO plugin. -->","yoast_head_json":{"title":"La UTA amenaza con un paro de colectivos si los choferes no cobran todo su salario - Radio Infinita Goya","description":"Si el conflicto no se resuelve, miles de usuarios quedar\u00e1n sin transoporte. El Secretario General de la UTA en Corrientes, Jos\u00e9 Luis Sabao, inform\u00f3 este","robots":{"index":"index","follow":"follow","max-snippet":"max-snippet:-1","max-image-preview":"max-image-preview:large","max-video-preview":"max-video-preview:-1"},"canonical":"https:\/\/radioinfinitagoya.com.ar\/v1\/2025\/06\/05\/la-uta-amenaza-con-un-paro-de-colectivos-si-los-choferes-no-cobran-todo-su-salario\/","og_locale":"es_ES","og_type":"article","og_title":"La UTA amenaza con un paro de colectivos si los choferes no cobran todo su salario - Radio Infinita Goya","og_description":"Si el conflicto no se resuelve, miles de usuarios quedar\u00e1n sin transoporte. El Secretario General de la UTA en Corrientes, Jos\u00e9 Luis Sabao, inform\u00f3 este","og_url":"https:\/\/radioinfinitagoya.com.ar\/v1\/2025\/06\/05\/la-uta-amenaza-con-un-paro-de-colectivos-si-los-choferes-no-cobran-todo-su-salario\/","og_site_name":"Radio Infinita Goya","article_publisher":"https:\/\/www.facebook.com\/p\/Infinita-Goya-100063870918311\/","article_published_time":"2025-06-05T19:42:49+00:00","og_image":[{"width":680,"height":405,"url":"https:\/\/radioinfinitagoya.com.ar\/v1\/wp-content\/uploads\/2025\/06\/q8YG66Vt.jpg","type":"image\/jpeg"}],"author":"Jorge Mi\u00f1o","twitter_card":"summary_large_image","twitter_misc":{"Escrito por":"Jorge Mi\u00f1o","Tiempo de lectura":"1 minuto"},"schema":{"@context":"https:\/\/schema.org","@graph":[{"@type":"Article","@id":"https:\/\/radioinfinitagoya.com.ar\/v1\/2025\/06\/05\/la-uta-amenaza-con-un-paro-de-colectivos-si-los-choferes-no-cobran-todo-su-salario\/#article","isPartOf":{"@id":"https:\/\/radioinfinitagoya.com.ar\/v1\/2025\/06\/05\/la-uta-amenaza-con-un-paro-de-colectivos-si-los-choferes-no-cobran-todo-su-salario\/"},"author":{"name":"Jorge Mi\u00f1o","@id":"https:\/\/radioinfinitagoya.com.ar\/v1\/#\/schema\/person\/d4cf9c413d4f6edb24aabdccab49ca4a"},"headline":"La UTA amenaza con un paro de colectivos si los choferes no cobran todo su salario","datePublished":"2025-06-05T19:42:49+00:00","mainEntityOfPage":{"@id":"https:\/\/radioinfinitagoya.com.ar\/v1\/2025\/06\/05\/la-uta-amenaza-con-un-paro-de-colectivos-si-los-choferes-no-cobran-todo-su-salario\/"},"wordCount":137,"publisher":{"@id":"https:\/\/radioinfinitagoya.com.ar\/v1\/#organization"},"image":{"@id":"https:\/\/radioinfinitagoya.com.ar\/v1\/2025\/06\/05\/la-uta-amenaza-con-un-paro-de-colectivos-si-los-choferes-no-cobran-todo-su-salario\/#primaryimage"},"thumbnailUrl":"https:\/\/radioinfinitagoya.com.ar\/v1\/wp-content\/uploads\/2025\/06\/q8YG66Vt.jpg","articleSection":["PROVINCIALES"],"inLanguage":"es-AR"},{"@type":"WebPage","@id":"https:\/\/radioinfinitagoya.com.ar\/v1\/2025\/06\/05\/la-uta-amenaza-con-un-paro-de-colectivos-si-los-choferes-no-cobran-todo-su-salario\/","url":"https:\/\/radioinfinitagoya.com.ar\/v1\/2025\/06\/05\/la-uta-amenaza-con-un-paro-de-colectivos-si-los-choferes-no-cobran-todo-su-salario\/","name":"La UTA amenaza con un paro de colectivos si los choferes no cobran todo su salario - Radio Infinita Goya","isPartOf":{"@id":"https:\/\/radioinfinitagoya.com.ar\/v1\/#website"},"primaryImageOfPage":{"@id":"https:\/\/radioinfinitagoya.com.ar\/v1\/2025\/06\/05\/la-uta-amenaza-con-un-paro-de-colectivos-si-los-choferes-no-cobran-todo-su-salario\/#primaryimage"},"image":{"@id":"https:\/\/radioinfinitagoya.com.ar\/v1\/2025\/06\/05\/la-uta-amenaza-con-un-paro-de-colectivos-si-los-choferes-no-cobran-todo-su-salario\/#primaryimage"},"thumbnailUrl":"https:\/\/radioinfinitagoya.com.ar\/v1\/wp-content\/uploads\/2025\/06\/q8YG66Vt.jpg","datePublished":"2025-06-05T19:42:49+00:00","description":"Si el conflicto no se resuelve, miles de usuarios quedar\u00e1n sin transoporte. El Secretario General de la UTA en Corrientes, Jos\u00e9 Luis Sabao, inform\u00f3 este","breadcrumb":{"@id":"https:\/\/radioinfinitagoya.com.ar\/v1\/2025\/06\/05\/la-uta-amenaza-con-un-paro-de-colectivos-si-los-choferes-no-cobran-todo-su-salario\/#breadcrumb"},"inLanguage":"es-AR","potentialAction":[{"@type":"ReadAction","target":["https:\/\/radioinfinitagoya.com.ar\/v1\/2025\/06\/05\/la-uta-amenaza-con-un-paro-de-colectivos-si-los-choferes-no-cobran-todo-su-salario\/"]}]},{"@type":"ImageObject","inLanguage":"es-AR","@id":"https:\/\/radioinfinitagoya.com.ar\/v1\/2025\/06\/05\/la-uta-amenaza-con-un-paro-de-colectivos-si-los-choferes-no-cobran-todo-su-salario\/#primaryimage","url":"https:\/\/radioinfinitagoya.com.ar\/v1\/wp-content\/uploads\/2025\/06\/q8YG66Vt.jpg","contentUrl":"https:\/\/radioinfinitagoya.com.ar\/v1\/wp-content\/uploads\/2025\/06\/q8YG66Vt.jpg","width":680,"height":405},{"@type":"BreadcrumbList","@id":"https:\/\/radioinfinitagoya.com.ar\/v1\/2025\/06\/05\/la-uta-amenaza-con-un-paro-de-colectivos-si-los-choferes-no-cobran-todo-su-salario\/#breadcrumb","itemListElement":[{"@type":"ListItem","position":1,"name":"Inicio","item":"https:\/\/radioinfinitagoya.com.ar\/v1\/"},{"@type":"ListItem","position":2,"name":"La UTA amenaza con un paro de colectivos si los choferes no cobran todo su salario"}]},{"@type":"WebSite","@id":"https:\/\/radioinfinitagoya.com.ar\/v1\/#website","url":"https:\/\/radioinfinitagoya.com.ar\/v1\/","name":"radioinfinitagoya.com.ar","description":"Radio de noticias","publisher":{"@id":"https:\/\/radioinfinitagoya.com.ar\/v1\/#organization"},"potentialAction":[{"@type":"SearchAction","target":{"@type":"EntryPoint","urlTemplate":"https:\/\/radioinfinitagoya.com.ar\/v1\/?s={search_term_string}"},"query-input":{"@type":"PropertyValueSpecification","valueRequired":true,"valueName":"search_term_string"}}],"inLanguage":"es-AR"},{"@type":"Organization","@id":"https:\/\/radioinfinitagoya.com.ar\/v1\/#organization","name":"Radio Infinita Goya","url":"https:\/\/radioinfinitagoya.com.ar\/v1\/","logo":{"@type":"ImageObject","inLanguage":"es-AR","@id":"https:\/\/radioinfinitagoya.com.ar\/v1\/#\/schema\/logo\/image\/","url":"https:\/\/radioinfinitagoya.com.ar\/v1\/wp-content\/uploads\/2019\/11\/logo-pie-web.png","contentUrl":"https:\/\/radioinfinitagoya.com.ar\/v1\/wp-content\/uploads\/2019\/11\/logo-pie-web.png","width":635,"height":326,"caption":"Radio Infinita Goya"},"image":{"@id":"https:\/\/radioinfinitagoya.com.ar\/v1\/#\/schema\/logo\/image\/"},"sameAs":["https:\/\/www.facebook.com\/p\/Infinita-Goya-100063870918311\/"]},{"@type":"Person","@id":"https:\/\/radioinfinitagoya.com.ar\/v1\/#\/schema\/person\/d4cf9c413d4f6edb24aabdccab49ca4a","name":"Jorge Mi\u00f1o","image":{"@type":"ImageObject","inLanguage":"es-AR","@id":"https:\/\/secure.gravatar.com\/avatar\/910fcf6728fe95320e07a6643c1581fec1c7fc4bf8ae12e3d8f0d0373dc844be?s=96&d=mm&r=g","url":"https:\/\/secure.gravatar.com\/avatar\/910fcf6728fe95320e07a6643c1581fec1c7fc4bf8ae12e3d8f0d0373dc844be?s=96&d=mm&r=g","contentUrl":"https:\/\/secure.gravatar.com\/avatar\/910fcf6728fe95320e07a6643c1581fec1c7fc4bf8ae12e3d8f0d0373dc844be?s=96&d=mm&r=g","caption":"Jorge Mi\u00f1o"},"sameAs":["http:\/\/radioinfinitagoya.com.ar"]}]}},"_links":{"self":[{"href":"https:\/\/radioinfinitagoya.com.ar\/v1\/wp-json\/wp\/v2\/posts\/191149","targetHints":{"allow":["GET"]}}],"collection":[{"href":"https:\/\/radioinfinitagoya.com.ar\/v1\/wp-json\/wp\/v2\/posts"}],"about":[{"href":"https:\/\/radioinfinitagoya.com.ar\/v1\/wp-json\/wp\/v2\/types\/post"}],"author":[{"embeddable":true,"href":"https:\/\/radioinfinitagoya.com.ar\/v1\/wp-json\/wp\/v2\/users\/4"}],"replies":[{"embeddable":true,"href":"https:\/\/radioinfinitagoya.com.ar\/v1\/wp-json\/wp\/v2\/comments?post=191149"}],"version-history":[{"count":0,"href":"https:\/\/radioinfinitagoya.com.ar\/v1\/wp-json\/wp\/v2\/posts\/191149\/revisions"}],"wp:featuredmedia":[{"embeddable":true,"href":"https:\/\/radioinfinitagoya.com.ar\/v1\/wp-json\/wp\/v2\/media\/191150"}],"wp:attachment":[{"href":"https:\/\/radioinfinitagoya.com.ar\/v1\/wp-json\/wp\/v2\/media?parent=191149"}],"wp:term":[{"taxonomy":"category","embeddable":true,"href":"https:\/\/radioinfinitagoya.com.ar\/v1\/wp-json\/wp\/v2\/categories?post=191149"},{"taxonomy":"post_tag","embeddable":true,"href":"https:\/\/radioinfinitagoya.com.ar\/v1\/wp-json\/wp\/v2\/tags?post=191149"}],"curies":[{"name":"wp","href":"https:\/\/api.w.org\/{rel}","templated":true}]}}