{"id":191155,"date":"2025-06-05T16:47:54","date_gmt":"2025-06-05T19:47:54","guid":{"rendered":"https:\/\/radioinfinitagoya.com.ar\/v1\/?p=191155"},"modified":"2025-06-05T16:47:54","modified_gmt":"2025-06-05T19:47:54","slug":"reunion-con-fuerzas-armadas-y-de-seguridad-y-la-juez-federal","status":"publish","type":"post","link":"https:\/\/radioinfinitagoya.com.ar\/v1\/2025\/06\/05\/reunion-con-fuerzas-armadas-y-de-seguridad-y-la-juez-federal\/","title":{"rendered":"Reuni\u00f3n con Fuerzas Armadas y de Seguridad y la Juez Federal"},"content":{"rendered":"<p>La finalidad de la reuni\u00f3n fue coordinar el traslado de los veh\u00edculos depositados en Prefectura a los galpones de Gendarmer\u00eda en Santa Luc\u00eda, para dejar liberado el sector para las obras de refacci\u00f3n de ese espacio p\u00fablico<\/p>\n<p>Durante la ma\u00f1ana del mi\u00e9rcoles el Director de Tr\u00e1nsito de la Municipalidad Alejandro Stortti mantuvo una reuni\u00f3n junto al Jefe de Gendarmer\u00eda de la zona, Comandante Mayor Marcelo Fabi\u00e1n Ramos, de este encuentro adem\u00e1s participaron el Jefe de la Prefectura Goya Prefecto Waldir Reinaldo Nake; el Jefe de la Polic\u00eda Federal Goya Comisario Jos\u00e9 Carlos Barrientos y la Juez Federal Cristina Pozzer Penzo.<\/p>\n<p>El encuentro se desarroll\u00f3 el mi\u00e9rcoles, la informaci\u00f3n brindada desde Tr\u00e1nsito Municipal consigna que el prop\u00f3sito ha sido tratar el traslado de los veh\u00edculos alojados en Prefectura, para el avance de las obras de recuperaci\u00f3n de ese espacio p\u00fablico, la idea es que la entidad prefecturiana disponga de las instalaciones de Gendarmer\u00eda en Santa Lucia, la Municipalidad facilitara el traslado de 9 autos, Prefectura cargar\u00e1 las motos guardadas para llevar a la vecina localidad, gracias a gestiones de la Juez Federal se realiz\u00f3 esta reuni\u00f3n, para liberar el sector de la Prefectura para la obra de revalorizaci\u00f3n de un nuevo espacio p\u00fablico de la ciudad.<\/p>\n<p>Direcci\u00f3n de Prensa-Municipalidad de Goya<\/p>\n<p>&nbsp;<\/p>\n<p>&nbsp;<\/p>\n","protected":false},"excerpt":{"rendered":"<p>La finalidad de la reuni\u00f3n fue coordinar el traslado de los veh\u00edculos depositados en Prefectura a los galpones de Gendarmer\u00eda en Santa Luc\u00eda, para dejar liberado el sector para las obras de refacci\u00f3n de ese espacio p\u00fablico Durante la ma\u00f1ana del mi\u00e9rcoles el Director de Tr\u00e1nsito de la Municipalidad Alejandro Stortti mantuvo una reuni\u00f3n junto [&hellip;]<\/p>\n","protected":false},"author":4,"featured_media":191156,"comment_status":"closed","ping_status":"closed","sticky":false,"template":"","format":"standard","meta":{"_joinchat":[],"footnotes":""},"categories":[27],"tags":[],"class_list":{"0":"post-191155","1":"post","2":"type-post","3":"status-publish","4":"format-standard","5":"has-post-thumbnail","7":"category-locales"},"yoast_head":"<!-- This site is optimized with the Yoast SEO plugin v27.2 - https:\/\/yoast.com\/product\/yoast-seo-wordpress\/ -->\n<title>Reuni\u00f3n con Fuerzas Armadas y de Seguridad y la Juez Federal - Radio Infinita Goya<\/title>\n<meta name=\"description\" content=\"La finalidad de la reuni\u00f3n fue coordinar el traslado de los veh\u00edculos depositados en Prefectura a los galpones de Gendarmer\u00eda en Santa Luc\u00eda, para dejar\" \/>\n<meta name=\"robots\" content=\"index, follow, max-snippet:-1, max-image-preview:large, max-video-preview:-1\" \/>\n<link rel=\"canonical\" href=\"https:\/\/radioinfinitagoya.com.ar\/v1\/2025\/06\/05\/reunion-con-fuerzas-armadas-y-de-seguridad-y-la-juez-federal\/\" \/>\n<meta property=\"og:locale\" content=\"es_ES\" \/>\n<meta property=\"og:type\" content=\"article\" \/>\n<meta property=\"og:title\" content=\"Reuni\u00f3n con Fuerzas Armadas y de Seguridad y la Juez Federal - Radio Infinita Goya\" \/>\n<meta property=\"og:description\" content=\"La finalidad de la reuni\u00f3n fue coordinar el traslado de los veh\u00edculos depositados en Prefectura a los galpones de Gendarmer\u00eda en Santa Luc\u00eda, para dejar\" \/>\n<meta property=\"og:url\" content=\"https:\/\/radioinfinitagoya.com.ar\/v1\/2025\/06\/05\/reunion-con-fuerzas-armadas-y-de-seguridad-y-la-juez-federal\/\" \/>\n<meta property=\"og:site_name\" content=\"Radio Infinita Goya\" \/>\n<meta property=\"article:publisher\" content=\"https:\/\/www.facebook.com\/p\/Infinita-Goya-100063870918311\/\" \/>\n<meta property=\"article:published_time\" content=\"2025-06-05T19:47:54+00:00\" \/>\n<meta property=\"og:image\" content=\"https:\/\/radioinfinitagoya.com.ar\/v1\/wp-content\/uploads\/2025\/06\/reunion_con_juez_federal_y_fuerzas_de_segurida.jpg\" \/>\n\t<meta property=\"og:image:width\" content=\"848\" \/>\n\t<meta property=\"og:image:height\" content=\"477\" \/>\n\t<meta property=\"og:image:type\" content=\"image\/jpeg\" \/>\n<meta name=\"author\" content=\"Jorge Mi\u00f1o\" \/>\n<meta name=\"twitter:card\" content=\"summary_large_image\" \/>\n<meta name=\"twitter:label1\" content=\"Escrito por\" \/>\n\t<meta name=\"twitter:data1\" content=\"Jorge Mi\u00f1o\" \/>\n\t<meta name=\"twitter:label2\" content=\"Tiempo de lectura\" \/>\n\t<meta name=\"twitter:data2\" content=\"2 minutos\" \/>\n<script type=\"application\/ld+json\" class=\"yoast-schema-graph\">{\"@context\":\"https:\/\/schema.org\",\"@graph\":[{\"@type\":\"Article\",\"@id\":\"https:\/\/radioinfinitagoya.com.ar\/v1\/2025\/06\/05\/reunion-con-fuerzas-armadas-y-de-seguridad-y-la-juez-federal\/#article\",\"isPartOf\":{\"@id\":\"https:\/\/radioinfinitagoya.com.ar\/v1\/2025\/06\/05\/reunion-con-fuerzas-armadas-y-de-seguridad-y-la-juez-federal\/\"},\"author\":{\"name\":\"Jorge Mi\u00f1o\",\"@id\":\"https:\/\/radioinfinitagoya.com.ar\/v1\/#\/schema\/person\/d4cf9c413d4f6edb24aabdccab49ca4a\"},\"headline\":\"Reuni\u00f3n con Fuerzas Armadas y de Seguridad y la Juez Federal\",\"datePublished\":\"2025-06-05T19:47:54+00:00\",\"mainEntityOfPage\":{\"@id\":\"https:\/\/radioinfinitagoya.com.ar\/v1\/2025\/06\/05\/reunion-con-fuerzas-armadas-y-de-seguridad-y-la-juez-federal\/\"},\"wordCount\":249,\"publisher\":{\"@id\":\"https:\/\/radioinfinitagoya.com.ar\/v1\/#organization\"},\"image\":{\"@id\":\"https:\/\/radioinfinitagoya.com.ar\/v1\/2025\/06\/05\/reunion-con-fuerzas-armadas-y-de-seguridad-y-la-juez-federal\/#primaryimage\"},\"thumbnailUrl\":\"https:\/\/radioinfinitagoya.com.ar\/v1\/wp-content\/uploads\/2025\/06\/reunion_con_juez_federal_y_fuerzas_de_segurida.jpg\",\"articleSection\":[\"LOCALES\"],\"inLanguage\":\"es-AR\"},{\"@type\":\"WebPage\",\"@id\":\"https:\/\/radioinfinitagoya.com.ar\/v1\/2025\/06\/05\/reunion-con-fuerzas-armadas-y-de-seguridad-y-la-juez-federal\/\",\"url\":\"https:\/\/radioinfinitagoya.com.ar\/v1\/2025\/06\/05\/reunion-con-fuerzas-armadas-y-de-seguridad-y-la-juez-federal\/\",\"name\":\"Reuni\u00f3n con Fuerzas Armadas y de Seguridad y la Juez Federal - Radio Infinita Goya\",\"isPartOf\":{\"@id\":\"https:\/\/radioinfinitagoya.com.ar\/v1\/#website\"},\"primaryImageOfPage\":{\"@id\":\"https:\/\/radioinfinitagoya.com.ar\/v1\/2025\/06\/05\/reunion-con-fuerzas-armadas-y-de-seguridad-y-la-juez-federal\/#primaryimage\"},\"image\":{\"@id\":\"https:\/\/radioinfinitagoya.com.ar\/v1\/2025\/06\/05\/reunion-con-fuerzas-armadas-y-de-seguridad-y-la-juez-federal\/#primaryimage\"},\"thumbnailUrl\":\"https:\/\/radioinfinitagoya.com.ar\/v1\/wp-content\/uploads\/2025\/06\/reunion_con_juez_federal_y_fuerzas_de_segurida.jpg\",\"datePublished\":\"2025-06-05T19:47:54+00:00\",\"description\":\"La finalidad de la reuni\u00f3n fue coordinar el traslado de los veh\u00edculos depositados en Prefectura a los galpones de Gendarmer\u00eda en Santa Luc\u00eda, para dejar\",\"breadcrumb\":{\"@id\":\"https:\/\/radioinfinitagoya.com.ar\/v1\/2025\/06\/05\/reunion-con-fuerzas-armadas-y-de-seguridad-y-la-juez-federal\/#breadcrumb\"},\"inLanguage\":\"es-AR\",\"potentialAction\":[{\"@type\":\"ReadAction\",\"target\":[\"https:\/\/radioinfinitagoya.com.ar\/v1\/2025\/06\/05\/reunion-con-fuerzas-armadas-y-de-seguridad-y-la-juez-federal\/\"]}]},{\"@type\":\"ImageObject\",\"inLanguage\":\"es-AR\",\"@id\":\"https:\/\/radioinfinitagoya.com.ar\/v1\/2025\/06\/05\/reunion-con-fuerzas-armadas-y-de-seguridad-y-la-juez-federal\/#primaryimage\",\"url\":\"https:\/\/radioinfinitagoya.com.ar\/v1\/wp-content\/uploads\/2025\/06\/reunion_con_juez_federal_y_fuerzas_de_segurida.jpg\",\"contentUrl\":\"https:\/\/radioinfinitagoya.com.ar\/v1\/wp-content\/uploads\/2025\/06\/reunion_con_juez_federal_y_fuerzas_de_segurida.jpg\",\"width\":848,\"height\":477},{\"@type\":\"BreadcrumbList\",\"@id\":\"https:\/\/radioinfinitagoya.com.ar\/v1\/2025\/06\/05\/reunion-con-fuerzas-armadas-y-de-seguridad-y-la-juez-federal\/#breadcrumb\",\"itemListElement\":[{\"@type\":\"ListItem\",\"position\":1,\"name\":\"Inicio\",\"item\":\"https:\/\/radioinfinitagoya.com.ar\/v1\/\"},{\"@type\":\"ListItem\",\"position\":2,\"name\":\"Reuni\u00f3n con Fuerzas Armadas y de Seguridad y la Juez Federal\"}]},{\"@type\":\"WebSite\",\"@id\":\"https:\/\/radioinfinitagoya.com.ar\/v1\/#website\",\"url\":\"https:\/\/radioinfinitagoya.com.ar\/v1\/\",\"name\":\"radioinfinitagoya.com.ar\",\"description\":\"Radio de noticias\",\"publisher\":{\"@id\":\"https:\/\/radioinfinitagoya.com.ar\/v1\/#organization\"},\"potentialAction\":[{\"@type\":\"SearchAction\",\"target\":{\"@type\":\"EntryPoint\",\"urlTemplate\":\"https:\/\/radioinfinitagoya.com.ar\/v1\/?s={search_term_string}\"},\"query-input\":{\"@type\":\"PropertyValueSpecification\",\"valueRequired\":true,\"valueName\":\"search_term_string\"}}],\"inLanguage\":\"es-AR\"},{\"@type\":\"Organization\",\"@id\":\"https:\/\/radioinfinitagoya.com.ar\/v1\/#organization\",\"name\":\"Radio Infinita Goya\",\"url\":\"https:\/\/radioinfinitagoya.com.ar\/v1\/\",\"logo\":{\"@type\":\"ImageObject\",\"inLanguage\":\"es-AR\",\"@id\":\"https:\/\/radioinfinitagoya.com.ar\/v1\/#\/schema\/logo\/image\/\",\"url\":\"https:\/\/radioinfinitagoya.com.ar\/v1\/wp-content\/uploads\/2019\/11\/logo-pie-web.png\",\"contentUrl\":\"https:\/\/radioinfinitagoya.com.ar\/v1\/wp-content\/uploads\/2019\/11\/logo-pie-web.png\",\"width\":635,\"height\":326,\"caption\":\"Radio Infinita Goya\"},\"image\":{\"@id\":\"https:\/\/radioinfinitagoya.com.ar\/v1\/#\/schema\/logo\/image\/\"},\"sameAs\":[\"https:\/\/www.facebook.com\/p\/Infinita-Goya-100063870918311\/\"]},{\"@type\":\"Person\",\"@id\":\"https:\/\/radioinfinitagoya.com.ar\/v1\/#\/schema\/person\/d4cf9c413d4f6edb24aabdccab49ca4a\",\"name\":\"Jorge Mi\u00f1o\",\"image\":{\"@type\":\"ImageObject\",\"inLanguage\":\"es-AR\",\"@id\":\"https:\/\/secure.gravatar.com\/avatar\/910fcf6728fe95320e07a6643c1581fec1c7fc4bf8ae12e3d8f0d0373dc844be?s=96&d=mm&r=g\",\"url\":\"https:\/\/secure.gravatar.com\/avatar\/910fcf6728fe95320e07a6643c1581fec1c7fc4bf8ae12e3d8f0d0373dc844be?s=96&d=mm&r=g\",\"contentUrl\":\"https:\/\/secure.gravatar.com\/avatar\/910fcf6728fe95320e07a6643c1581fec1c7fc4bf8ae12e3d8f0d0373dc844be?s=96&d=mm&r=g\",\"caption\":\"Jorge Mi\u00f1o\"},\"sameAs\":[\"http:\/\/radioinfinitagoya.com.ar\"]}]}<\/script>\n<!-- \/ Yoast SEO plugin. -->","yoast_head_json":{"title":"Reuni\u00f3n con Fuerzas Armadas y de Seguridad y la Juez Federal - Radio Infinita Goya","description":"La finalidad de la reuni\u00f3n fue coordinar el traslado de los veh\u00edculos depositados en Prefectura a los galpones de Gendarmer\u00eda en Santa Luc\u00eda, para dejar","robots":{"index":"index","follow":"follow","max-snippet":"max-snippet:-1","max-image-preview":"max-image-preview:large","max-video-preview":"max-video-preview:-1"},"canonical":"https:\/\/radioinfinitagoya.com.ar\/v1\/2025\/06\/05\/reunion-con-fuerzas-armadas-y-de-seguridad-y-la-juez-federal\/","og_locale":"es_ES","og_type":"article","og_title":"Reuni\u00f3n con Fuerzas Armadas y de Seguridad y la Juez Federal - Radio Infinita Goya","og_description":"La finalidad de la reuni\u00f3n fue coordinar el traslado de los veh\u00edculos depositados en Prefectura a los galpones de Gendarmer\u00eda en Santa Luc\u00eda, para dejar","og_url":"https:\/\/radioinfinitagoya.com.ar\/v1\/2025\/06\/05\/reunion-con-fuerzas-armadas-y-de-seguridad-y-la-juez-federal\/","og_site_name":"Radio Infinita Goya","article_publisher":"https:\/\/www.facebook.com\/p\/Infinita-Goya-100063870918311\/","article_published_time":"2025-06-05T19:47:54+00:00","og_image":[{"width":848,"height":477,"url":"https:\/\/radioinfinitagoya.com.ar\/v1\/wp-content\/uploads\/2025\/06\/reunion_con_juez_federal_y_fuerzas_de_segurida.jpg","type":"image\/jpeg"}],"author":"Jorge Mi\u00f1o","twitter_card":"summary_large_image","twitter_misc":{"Escrito por":"Jorge Mi\u00f1o","Tiempo de lectura":"2 minutos"},"schema":{"@context":"https:\/\/schema.org","@graph":[{"@type":"Article","@id":"https:\/\/radioinfinitagoya.com.ar\/v1\/2025\/06\/05\/reunion-con-fuerzas-armadas-y-de-seguridad-y-la-juez-federal\/#article","isPartOf":{"@id":"https:\/\/radioinfinitagoya.com.ar\/v1\/2025\/06\/05\/reunion-con-fuerzas-armadas-y-de-seguridad-y-la-juez-federal\/"},"author":{"name":"Jorge Mi\u00f1o","@id":"https:\/\/radioinfinitagoya.com.ar\/v1\/#\/schema\/person\/d4cf9c413d4f6edb24aabdccab49ca4a"},"headline":"Reuni\u00f3n con Fuerzas Armadas y de Seguridad y la Juez Federal","datePublished":"2025-06-05T19:47:54+00:00","mainEntityOfPage":{"@id":"https:\/\/radioinfinitagoya.com.ar\/v1\/2025\/06\/05\/reunion-con-fuerzas-armadas-y-de-seguridad-y-la-juez-federal\/"},"wordCount":249,"publisher":{"@id":"https:\/\/radioinfinitagoya.com.ar\/v1\/#organization"},"image":{"@id":"https:\/\/radioinfinitagoya.com.ar\/v1\/2025\/06\/05\/reunion-con-fuerzas-armadas-y-de-seguridad-y-la-juez-federal\/#primaryimage"},"thumbnailUrl":"https:\/\/radioinfinitagoya.com.ar\/v1\/wp-content\/uploads\/2025\/06\/reunion_con_juez_federal_y_fuerzas_de_segurida.jpg","articleSection":["LOCALES"],"inLanguage":"es-AR"},{"@type":"WebPage","@id":"https:\/\/radioinfinitagoya.com.ar\/v1\/2025\/06\/05\/reunion-con-fuerzas-armadas-y-de-seguridad-y-la-juez-federal\/","url":"https:\/\/radioinfinitagoya.com.ar\/v1\/2025\/06\/05\/reunion-con-fuerzas-armadas-y-de-seguridad-y-la-juez-federal\/","name":"Reuni\u00f3n con Fuerzas Armadas y de Seguridad y la Juez Federal - Radio Infinita Goya","isPartOf":{"@id":"https:\/\/radioinfinitagoya.com.ar\/v1\/#website"},"primaryImageOfPage":{"@id":"https:\/\/radioinfinitagoya.com.ar\/v1\/2025\/06\/05\/reunion-con-fuerzas-armadas-y-de-seguridad-y-la-juez-federal\/#primaryimage"},"image":{"@id":"https:\/\/radioinfinitagoya.com.ar\/v1\/2025\/06\/05\/reunion-con-fuerzas-armadas-y-de-seguridad-y-la-juez-federal\/#primaryimage"},"thumbnailUrl":"https:\/\/radioinfinitagoya.com.ar\/v1\/wp-content\/uploads\/2025\/06\/reunion_con_juez_federal_y_fuerzas_de_segurida.jpg","datePublished":"2025-06-05T19:47:54+00:00","description":"La finalidad de la reuni\u00f3n fue coordinar el traslado de los veh\u00edculos depositados en Prefectura a los galpones de Gendarmer\u00eda en Santa Luc\u00eda, para dejar","breadcrumb":{"@id":"https:\/\/radioinfinitagoya.com.ar\/v1\/2025\/06\/05\/reunion-con-fuerzas-armadas-y-de-seguridad-y-la-juez-federal\/#breadcrumb"},"inLanguage":"es-AR","potentialAction":[{"@type":"ReadAction","target":["https:\/\/radioinfinitagoya.com.ar\/v1\/2025\/06\/05\/reunion-con-fuerzas-armadas-y-de-seguridad-y-la-juez-federal\/"]}]},{"@type":"ImageObject","inLanguage":"es-AR","@id":"https:\/\/radioinfinitagoya.com.ar\/v1\/2025\/06\/05\/reunion-con-fuerzas-armadas-y-de-seguridad-y-la-juez-federal\/#primaryimage","url":"https:\/\/radioinfinitagoya.com.ar\/v1\/wp-content\/uploads\/2025\/06\/reunion_con_juez_federal_y_fuerzas_de_segurida.jpg","contentUrl":"https:\/\/radioinfinitagoya.com.ar\/v1\/wp-content\/uploads\/2025\/06\/reunion_con_juez_federal_y_fuerzas_de_segurida.jpg","width":848,"height":477},{"@type":"BreadcrumbList","@id":"https:\/\/radioinfinitagoya.com.ar\/v1\/2025\/06\/05\/reunion-con-fuerzas-armadas-y-de-seguridad-y-la-juez-federal\/#breadcrumb","itemListElement":[{"@type":"ListItem","position":1,"name":"Inicio","item":"https:\/\/radioinfinitagoya.com.ar\/v1\/"},{"@type":"ListItem","position":2,"name":"Reuni\u00f3n con Fuerzas Armadas y de Seguridad y la Juez Federal"}]},{"@type":"WebSite","@id":"https:\/\/radioinfinitagoya.com.ar\/v1\/#website","url":"https:\/\/radioinfinitagoya.com.ar\/v1\/","name":"radioinfinitagoya.com.ar","description":"Radio de noticias","publisher":{"@id":"https:\/\/radioinfinitagoya.com.ar\/v1\/#organization"},"potentialAction":[{"@type":"SearchAction","target":{"@type":"EntryPoint","urlTemplate":"https:\/\/radioinfinitagoya.com.ar\/v1\/?s={search_term_string}"},"query-input":{"@type":"PropertyValueSpecification","valueRequired":true,"valueName":"search_term_string"}}],"inLanguage":"es-AR"},{"@type":"Organization","@id":"https:\/\/radioinfinitagoya.com.ar\/v1\/#organization","name":"Radio Infinita Goya","url":"https:\/\/radioinfinitagoya.com.ar\/v1\/","logo":{"@type":"ImageObject","inLanguage":"es-AR","@id":"https:\/\/radioinfinitagoya.com.ar\/v1\/#\/schema\/logo\/image\/","url":"https:\/\/radioinfinitagoya.com.ar\/v1\/wp-content\/uploads\/2019\/11\/logo-pie-web.png","contentUrl":"https:\/\/radioinfinitagoya.com.ar\/v1\/wp-content\/uploads\/2019\/11\/logo-pie-web.png","width":635,"height":326,"caption":"Radio Infinita Goya"},"image":{"@id":"https:\/\/radioinfinitagoya.com.ar\/v1\/#\/schema\/logo\/image\/"},"sameAs":["https:\/\/www.facebook.com\/p\/Infinita-Goya-100063870918311\/"]},{"@type":"Person","@id":"https:\/\/radioinfinitagoya.com.ar\/v1\/#\/schema\/person\/d4cf9c413d4f6edb24aabdccab49ca4a","name":"Jorge Mi\u00f1o","image":{"@type":"ImageObject","inLanguage":"es-AR","@id":"https:\/\/secure.gravatar.com\/avatar\/910fcf6728fe95320e07a6643c1581fec1c7fc4bf8ae12e3d8f0d0373dc844be?s=96&d=mm&r=g","url":"https:\/\/secure.gravatar.com\/avatar\/910fcf6728fe95320e07a6643c1581fec1c7fc4bf8ae12e3d8f0d0373dc844be?s=96&d=mm&r=g","contentUrl":"https:\/\/secure.gravatar.com\/avatar\/910fcf6728fe95320e07a6643c1581fec1c7fc4bf8ae12e3d8f0d0373dc844be?s=96&d=mm&r=g","caption":"Jorge Mi\u00f1o"},"sameAs":["http:\/\/radioinfinitagoya.com.ar"]}]}},"_links":{"self":[{"href":"https:\/\/radioinfinitagoya.com.ar\/v1\/wp-json\/wp\/v2\/posts\/191155","targetHints":{"allow":["GET"]}}],"collection":[{"href":"https:\/\/radioinfinitagoya.com.ar\/v1\/wp-json\/wp\/v2\/posts"}],"about":[{"href":"https:\/\/radioinfinitagoya.com.ar\/v1\/wp-json\/wp\/v2\/types\/post"}],"author":[{"embeddable":true,"href":"https:\/\/radioinfinitagoya.com.ar\/v1\/wp-json\/wp\/v2\/users\/4"}],"replies":[{"embeddable":true,"href":"https:\/\/radioinfinitagoya.com.ar\/v1\/wp-json\/wp\/v2\/comments?post=191155"}],"version-history":[{"count":0,"href":"https:\/\/radioinfinitagoya.com.ar\/v1\/wp-json\/wp\/v2\/posts\/191155\/revisions"}],"wp:featuredmedia":[{"embeddable":true,"href":"https:\/\/radioinfinitagoya.com.ar\/v1\/wp-json\/wp\/v2\/media\/191156"}],"wp:attachment":[{"href":"https:\/\/radioinfinitagoya.com.ar\/v1\/wp-json\/wp\/v2\/media?parent=191155"}],"wp:term":[{"taxonomy":"category","embeddable":true,"href":"https:\/\/radioinfinitagoya.com.ar\/v1\/wp-json\/wp\/v2\/categories?post=191155"},{"taxonomy":"post_tag","embeddable":true,"href":"https:\/\/radioinfinitagoya.com.ar\/v1\/wp-json\/wp\/v2\/tags?post=191155"}],"curies":[{"name":"wp","href":"https:\/\/api.w.org\/{rel}","templated":true}]}}