{"id":191182,"date":"2025-06-05T17:31:49","date_gmt":"2025-06-05T20:31:49","guid":{"rendered":"https:\/\/radioinfinitagoya.com.ar\/v1\/?p=191182"},"modified":"2025-06-05T17:31:49","modified_gmt":"2025-06-05T20:31:49","slug":"arnold-schwarzenegger-y-la-lucha-contra-el-cambio-climatico","status":"publish","type":"post","link":"https:\/\/radioinfinitagoya.com.ar\/v1\/2025\/06\/05\/arnold-schwarzenegger-y-la-lucha-contra-el-cambio-climatico\/","title":{"rendered":"Arnold Schwarzenegger y la lucha contra el cambio clim\u00e1tico"},"content":{"rendered":"<p>&#8220;Dejen de quejarse y p\u00f3nganse a trabajar&#8221;<\/p>\n<p>La frase resumi\u00f3 el esp\u00edritu de su participaci\u00f3n en la novena edici\u00f3n del Austrian World Summit en Viena.<\/p>\n<p>El reconocido actor Arnold Schwarzenegger, lanz\u00f3 un mensaje directo en la novena edici\u00f3n del Austrian World Summit en Viena: \u201cDejen de quejarse. Quejarse no cambia nada. P\u00f3nganse a trabajar\u201d. La frase resumi\u00f3 el esp\u00edritu de una cumbre enfocada en pasar de las palabras a la acci\u00f3n frente al cambio clim\u00e1tico.<\/p>\n<p>Durante su intervenci\u00f3n, el exgobernador de California y activista repas\u00f3 iniciativas que impuls\u00f3 como funcionario, entre ellas los est\u00e1ndares de construcci\u00f3n ecol\u00f3gica, el programa \u201cMillion Solar Roofs\u201d y la Global Warming Solutions Act. Adem\u00e1s, destac\u00f3 los avances de ciudades como San Diego y Grenoble.<\/p>\n<p>C\u00f3mo fue el paso de Schwarzenegger por la Austrian World Summit<br \/>\n\u201cNo podemos seguir poniendo excusas porque alguien en la Casa Blanca no est\u00e9 de acuerdo. Necesitamos h\u00e9roes, no discursos. Hay que actuar para mejorar la vida de la gente ahora\u201d, insisti\u00f3 Schwarzenegger desde el escenario central de la Hofburg de Viena.<\/p>\n<p>El presidente federal de Austria, Alexander Van der Bellen, fue ovacionado al compartir el enfoque de Schwarzenegger: \u201cEl planeta no es responsabilidad de unos pocos. Nos compete a todos. La crisis clim\u00e1tica nos une y el cuidado ambiental es una tarea compartida\u201d.<\/p>\n<p>Tony Blair, ex primer ministro brit\u00e1nico, alert\u00f3 que la urgencia requiere soluciones pragm\u00e1ticas que reduzcan emisiones y mejoren la calidad de vida. Reclam\u00f3 cooperaci\u00f3n internacional y financiamiento global para tecnolog\u00edas limpias, destacando el rol de la Schwarzenegger Climate Initiative como voz clave del debate.<\/p>\n<p>En esa misma l\u00ednea, el canciller austr\u00edaco Christian Stocker subray\u00f3 que los desaf\u00edos globales solo se superan con respuestas globales. \u201cLas metas clim\u00e1ticas deben ir de la mano con la prosperidad y la competitividad industrial. Toda contribuci\u00f3n cuenta\u201d, dijo.<\/p>\n<p>Por su parte, Wopke Hoekstra, comisario europeo para el Clima y el Crecimiento Limpio, valor\u00f3 el liderazgo de Schwarzenegger y advirti\u00f3: \u201cEsta crisis existencial es tambi\u00e9n una oportunidad para que Europa se fortalezca como superpotencia limpia y genere beneficios para sus ciudadanos\u201d.<\/p>\n<p>La realidad del cambio clim\u00e1tico qued\u00f3 clara desde temprano en la cumbre. Los jefes de bomberos de Viena y Santa M\u00f3nica relataron c\u00f3mo enfrentaron incendios forestales y lluvias catastr\u00f3ficas durante el \u00faltimo a\u00f1o. \u201cLa crisis ya no es una amenaza lejana. Est\u00e1 aqu\u00ed, es real y nos est\u00e1 costando vidas\u201d, fue una de las frases m\u00e1s impactantes del panel.<\/p>\n","protected":false},"excerpt":{"rendered":"<p>&#8220;Dejen de quejarse y p\u00f3nganse a trabajar&#8221; La frase resumi\u00f3 el esp\u00edritu de su participaci\u00f3n en la novena edici\u00f3n del Austrian World Summit en Viena. El reconocido actor Arnold Schwarzenegger, lanz\u00f3 un mensaje directo en la novena edici\u00f3n del Austrian World Summit en Viena: \u201cDejen de quejarse. Quejarse no cambia nada. P\u00f3nganse a trabajar\u201d. La [&hellip;]<\/p>\n","protected":false},"author":4,"featured_media":191183,"comment_status":"closed","ping_status":"closed","sticky":false,"template":"","format":"standard","meta":{"_joinchat":[],"footnotes":""},"categories":[25],"tags":[],"class_list":{"0":"post-191182","1":"post","2":"type-post","3":"status-publish","4":"format-standard","5":"has-post-thumbnail","7":"category-destacados"},"yoast_head":"<!-- This site is optimized with the Yoast SEO plugin v27.2 - https:\/\/yoast.com\/product\/yoast-seo-wordpress\/ -->\n<title>Arnold Schwarzenegger y la lucha contra el cambio clim\u00e1tico - Radio Infinita Goya<\/title>\n<meta name=\"description\" content=\"&quot;Dejen de quejarse y p\u00f3nganse a trabajar&quot; La frase resumi\u00f3 el esp\u00edritu de su participaci\u00f3n en la novena edici\u00f3n del Austrian World Summit en Viena. El\" \/>\n<meta name=\"robots\" content=\"index, follow, max-snippet:-1, max-image-preview:large, max-video-preview:-1\" \/>\n<link rel=\"canonical\" href=\"https:\/\/radioinfinitagoya.com.ar\/v1\/2025\/06\/05\/arnold-schwarzenegger-y-la-lucha-contra-el-cambio-climatico\/\" \/>\n<meta property=\"og:locale\" content=\"es_ES\" \/>\n<meta property=\"og:type\" content=\"article\" \/>\n<meta property=\"og:title\" content=\"Arnold Schwarzenegger y la lucha contra el cambio clim\u00e1tico - Radio Infinita Goya\" \/>\n<meta property=\"og:description\" content=\"&quot;Dejen de quejarse y p\u00f3nganse a trabajar&quot; La frase resumi\u00f3 el esp\u00edritu de su participaci\u00f3n en la novena edici\u00f3n del Austrian World Summit en Viena. El\" \/>\n<meta property=\"og:url\" content=\"https:\/\/radioinfinitagoya.com.ar\/v1\/2025\/06\/05\/arnold-schwarzenegger-y-la-lucha-contra-el-cambio-climatico\/\" \/>\n<meta property=\"og:site_name\" content=\"Radio Infinita Goya\" \/>\n<meta property=\"article:publisher\" content=\"https:\/\/www.facebook.com\/p\/Infinita-Goya-100063870918311\/\" \/>\n<meta property=\"article:published_time\" content=\"2025-06-05T20:31:49+00:00\" \/>\n<meta property=\"og:image\" content=\"https:\/\/radioinfinitagoya.com.ar\/v1\/wp-content\/uploads\/2025\/06\/Fk3XO8PX.jpg\" \/>\n\t<meta property=\"og:image:width\" content=\"680\" \/>\n\t<meta property=\"og:image:height\" content=\"383\" \/>\n\t<meta property=\"og:image:type\" content=\"image\/jpeg\" \/>\n<meta name=\"author\" content=\"Jorge Mi\u00f1o\" \/>\n<meta name=\"twitter:card\" content=\"summary_large_image\" \/>\n<meta name=\"twitter:label1\" content=\"Escrito por\" \/>\n\t<meta name=\"twitter:data1\" content=\"Jorge Mi\u00f1o\" \/>\n\t<meta name=\"twitter:label2\" content=\"Tiempo de lectura\" \/>\n\t<meta name=\"twitter:data2\" content=\"3 minutos\" \/>\n<script type=\"application\/ld+json\" class=\"yoast-schema-graph\">{\"@context\":\"https:\/\/schema.org\",\"@graph\":[{\"@type\":\"Article\",\"@id\":\"https:\/\/radioinfinitagoya.com.ar\/v1\/2025\/06\/05\/arnold-schwarzenegger-y-la-lucha-contra-el-cambio-climatico\/#article\",\"isPartOf\":{\"@id\":\"https:\/\/radioinfinitagoya.com.ar\/v1\/2025\/06\/05\/arnold-schwarzenegger-y-la-lucha-contra-el-cambio-climatico\/\"},\"author\":{\"name\":\"Jorge Mi\u00f1o\",\"@id\":\"https:\/\/radioinfinitagoya.com.ar\/v1\/#\/schema\/person\/d4cf9c413d4f6edb24aabdccab49ca4a\"},\"headline\":\"Arnold Schwarzenegger y la lucha contra el cambio clim\u00e1tico\",\"datePublished\":\"2025-06-05T20:31:49+00:00\",\"mainEntityOfPage\":{\"@id\":\"https:\/\/radioinfinitagoya.com.ar\/v1\/2025\/06\/05\/arnold-schwarzenegger-y-la-lucha-contra-el-cambio-climatico\/\"},\"wordCount\":440,\"publisher\":{\"@id\":\"https:\/\/radioinfinitagoya.com.ar\/v1\/#organization\"},\"image\":{\"@id\":\"https:\/\/radioinfinitagoya.com.ar\/v1\/2025\/06\/05\/arnold-schwarzenegger-y-la-lucha-contra-el-cambio-climatico\/#primaryimage\"},\"thumbnailUrl\":\"https:\/\/radioinfinitagoya.com.ar\/v1\/wp-content\/uploads\/2025\/06\/Fk3XO8PX.jpg\",\"articleSection\":[\"DESTACADOS\"],\"inLanguage\":\"es-AR\"},{\"@type\":\"WebPage\",\"@id\":\"https:\/\/radioinfinitagoya.com.ar\/v1\/2025\/06\/05\/arnold-schwarzenegger-y-la-lucha-contra-el-cambio-climatico\/\",\"url\":\"https:\/\/radioinfinitagoya.com.ar\/v1\/2025\/06\/05\/arnold-schwarzenegger-y-la-lucha-contra-el-cambio-climatico\/\",\"name\":\"Arnold Schwarzenegger y la lucha contra el cambio clim\u00e1tico - Radio Infinita Goya\",\"isPartOf\":{\"@id\":\"https:\/\/radioinfinitagoya.com.ar\/v1\/#website\"},\"primaryImageOfPage\":{\"@id\":\"https:\/\/radioinfinitagoya.com.ar\/v1\/2025\/06\/05\/arnold-schwarzenegger-y-la-lucha-contra-el-cambio-climatico\/#primaryimage\"},\"image\":{\"@id\":\"https:\/\/radioinfinitagoya.com.ar\/v1\/2025\/06\/05\/arnold-schwarzenegger-y-la-lucha-contra-el-cambio-climatico\/#primaryimage\"},\"thumbnailUrl\":\"https:\/\/radioinfinitagoya.com.ar\/v1\/wp-content\/uploads\/2025\/06\/Fk3XO8PX.jpg\",\"datePublished\":\"2025-06-05T20:31:49+00:00\",\"description\":\"\\\"Dejen de quejarse y p\u00f3nganse a trabajar\\\" La frase resumi\u00f3 el esp\u00edritu de su participaci\u00f3n en la novena edici\u00f3n del Austrian World Summit en Viena. El\",\"breadcrumb\":{\"@id\":\"https:\/\/radioinfinitagoya.com.ar\/v1\/2025\/06\/05\/arnold-schwarzenegger-y-la-lucha-contra-el-cambio-climatico\/#breadcrumb\"},\"inLanguage\":\"es-AR\",\"potentialAction\":[{\"@type\":\"ReadAction\",\"target\":[\"https:\/\/radioinfinitagoya.com.ar\/v1\/2025\/06\/05\/arnold-schwarzenegger-y-la-lucha-contra-el-cambio-climatico\/\"]}]},{\"@type\":\"ImageObject\",\"inLanguage\":\"es-AR\",\"@id\":\"https:\/\/radioinfinitagoya.com.ar\/v1\/2025\/06\/05\/arnold-schwarzenegger-y-la-lucha-contra-el-cambio-climatico\/#primaryimage\",\"url\":\"https:\/\/radioinfinitagoya.com.ar\/v1\/wp-content\/uploads\/2025\/06\/Fk3XO8PX.jpg\",\"contentUrl\":\"https:\/\/radioinfinitagoya.com.ar\/v1\/wp-content\/uploads\/2025\/06\/Fk3XO8PX.jpg\",\"width\":680,\"height\":383},{\"@type\":\"BreadcrumbList\",\"@id\":\"https:\/\/radioinfinitagoya.com.ar\/v1\/2025\/06\/05\/arnold-schwarzenegger-y-la-lucha-contra-el-cambio-climatico\/#breadcrumb\",\"itemListElement\":[{\"@type\":\"ListItem\",\"position\":1,\"name\":\"Inicio\",\"item\":\"https:\/\/radioinfinitagoya.com.ar\/v1\/\"},{\"@type\":\"ListItem\",\"position\":2,\"name\":\"Arnold Schwarzenegger y la lucha contra el cambio clim\u00e1tico\"}]},{\"@type\":\"WebSite\",\"@id\":\"https:\/\/radioinfinitagoya.com.ar\/v1\/#website\",\"url\":\"https:\/\/radioinfinitagoya.com.ar\/v1\/\",\"name\":\"radioinfinitagoya.com.ar\",\"description\":\"Radio de noticias\",\"publisher\":{\"@id\":\"https:\/\/radioinfinitagoya.com.ar\/v1\/#organization\"},\"potentialAction\":[{\"@type\":\"SearchAction\",\"target\":{\"@type\":\"EntryPoint\",\"urlTemplate\":\"https:\/\/radioinfinitagoya.com.ar\/v1\/?s={search_term_string}\"},\"query-input\":{\"@type\":\"PropertyValueSpecification\",\"valueRequired\":true,\"valueName\":\"search_term_string\"}}],\"inLanguage\":\"es-AR\"},{\"@type\":\"Organization\",\"@id\":\"https:\/\/radioinfinitagoya.com.ar\/v1\/#organization\",\"name\":\"Radio Infinita Goya\",\"url\":\"https:\/\/radioinfinitagoya.com.ar\/v1\/\",\"logo\":{\"@type\":\"ImageObject\",\"inLanguage\":\"es-AR\",\"@id\":\"https:\/\/radioinfinitagoya.com.ar\/v1\/#\/schema\/logo\/image\/\",\"url\":\"https:\/\/radioinfinitagoya.com.ar\/v1\/wp-content\/uploads\/2019\/11\/logo-pie-web.png\",\"contentUrl\":\"https:\/\/radioinfinitagoya.com.ar\/v1\/wp-content\/uploads\/2019\/11\/logo-pie-web.png\",\"width\":635,\"height\":326,\"caption\":\"Radio Infinita Goya\"},\"image\":{\"@id\":\"https:\/\/radioinfinitagoya.com.ar\/v1\/#\/schema\/logo\/image\/\"},\"sameAs\":[\"https:\/\/www.facebook.com\/p\/Infinita-Goya-100063870918311\/\"]},{\"@type\":\"Person\",\"@id\":\"https:\/\/radioinfinitagoya.com.ar\/v1\/#\/schema\/person\/d4cf9c413d4f6edb24aabdccab49ca4a\",\"name\":\"Jorge Mi\u00f1o\",\"image\":{\"@type\":\"ImageObject\",\"inLanguage\":\"es-AR\",\"@id\":\"https:\/\/secure.gravatar.com\/avatar\/910fcf6728fe95320e07a6643c1581fec1c7fc4bf8ae12e3d8f0d0373dc844be?s=96&d=mm&r=g\",\"url\":\"https:\/\/secure.gravatar.com\/avatar\/910fcf6728fe95320e07a6643c1581fec1c7fc4bf8ae12e3d8f0d0373dc844be?s=96&d=mm&r=g\",\"contentUrl\":\"https:\/\/secure.gravatar.com\/avatar\/910fcf6728fe95320e07a6643c1581fec1c7fc4bf8ae12e3d8f0d0373dc844be?s=96&d=mm&r=g\",\"caption\":\"Jorge Mi\u00f1o\"},\"sameAs\":[\"http:\/\/radioinfinitagoya.com.ar\"]}]}<\/script>\n<!-- \/ Yoast SEO plugin. -->","yoast_head_json":{"title":"Arnold Schwarzenegger y la lucha contra el cambio clim\u00e1tico - Radio Infinita Goya","description":"\"Dejen de quejarse y p\u00f3nganse a trabajar\" La frase resumi\u00f3 el esp\u00edritu de su participaci\u00f3n en la novena edici\u00f3n del Austrian World Summit en Viena. El","robots":{"index":"index","follow":"follow","max-snippet":"max-snippet:-1","max-image-preview":"max-image-preview:large","max-video-preview":"max-video-preview:-1"},"canonical":"https:\/\/radioinfinitagoya.com.ar\/v1\/2025\/06\/05\/arnold-schwarzenegger-y-la-lucha-contra-el-cambio-climatico\/","og_locale":"es_ES","og_type":"article","og_title":"Arnold Schwarzenegger y la lucha contra el cambio clim\u00e1tico - Radio Infinita Goya","og_description":"\"Dejen de quejarse y p\u00f3nganse a trabajar\" La frase resumi\u00f3 el esp\u00edritu de su participaci\u00f3n en la novena edici\u00f3n del Austrian World Summit en Viena. El","og_url":"https:\/\/radioinfinitagoya.com.ar\/v1\/2025\/06\/05\/arnold-schwarzenegger-y-la-lucha-contra-el-cambio-climatico\/","og_site_name":"Radio Infinita Goya","article_publisher":"https:\/\/www.facebook.com\/p\/Infinita-Goya-100063870918311\/","article_published_time":"2025-06-05T20:31:49+00:00","og_image":[{"width":680,"height":383,"url":"https:\/\/radioinfinitagoya.com.ar\/v1\/wp-content\/uploads\/2025\/06\/Fk3XO8PX.jpg","type":"image\/jpeg"}],"author":"Jorge Mi\u00f1o","twitter_card":"summary_large_image","twitter_misc":{"Escrito por":"Jorge Mi\u00f1o","Tiempo de lectura":"3 minutos"},"schema":{"@context":"https:\/\/schema.org","@graph":[{"@type":"Article","@id":"https:\/\/radioinfinitagoya.com.ar\/v1\/2025\/06\/05\/arnold-schwarzenegger-y-la-lucha-contra-el-cambio-climatico\/#article","isPartOf":{"@id":"https:\/\/radioinfinitagoya.com.ar\/v1\/2025\/06\/05\/arnold-schwarzenegger-y-la-lucha-contra-el-cambio-climatico\/"},"author":{"name":"Jorge Mi\u00f1o","@id":"https:\/\/radioinfinitagoya.com.ar\/v1\/#\/schema\/person\/d4cf9c413d4f6edb24aabdccab49ca4a"},"headline":"Arnold Schwarzenegger y la lucha contra el cambio clim\u00e1tico","datePublished":"2025-06-05T20:31:49+00:00","mainEntityOfPage":{"@id":"https:\/\/radioinfinitagoya.com.ar\/v1\/2025\/06\/05\/arnold-schwarzenegger-y-la-lucha-contra-el-cambio-climatico\/"},"wordCount":440,"publisher":{"@id":"https:\/\/radioinfinitagoya.com.ar\/v1\/#organization"},"image":{"@id":"https:\/\/radioinfinitagoya.com.ar\/v1\/2025\/06\/05\/arnold-schwarzenegger-y-la-lucha-contra-el-cambio-climatico\/#primaryimage"},"thumbnailUrl":"https:\/\/radioinfinitagoya.com.ar\/v1\/wp-content\/uploads\/2025\/06\/Fk3XO8PX.jpg","articleSection":["DESTACADOS"],"inLanguage":"es-AR"},{"@type":"WebPage","@id":"https:\/\/radioinfinitagoya.com.ar\/v1\/2025\/06\/05\/arnold-schwarzenegger-y-la-lucha-contra-el-cambio-climatico\/","url":"https:\/\/radioinfinitagoya.com.ar\/v1\/2025\/06\/05\/arnold-schwarzenegger-y-la-lucha-contra-el-cambio-climatico\/","name":"Arnold Schwarzenegger y la lucha contra el cambio clim\u00e1tico - Radio Infinita Goya","isPartOf":{"@id":"https:\/\/radioinfinitagoya.com.ar\/v1\/#website"},"primaryImageOfPage":{"@id":"https:\/\/radioinfinitagoya.com.ar\/v1\/2025\/06\/05\/arnold-schwarzenegger-y-la-lucha-contra-el-cambio-climatico\/#primaryimage"},"image":{"@id":"https:\/\/radioinfinitagoya.com.ar\/v1\/2025\/06\/05\/arnold-schwarzenegger-y-la-lucha-contra-el-cambio-climatico\/#primaryimage"},"thumbnailUrl":"https:\/\/radioinfinitagoya.com.ar\/v1\/wp-content\/uploads\/2025\/06\/Fk3XO8PX.jpg","datePublished":"2025-06-05T20:31:49+00:00","description":"\"Dejen de quejarse y p\u00f3nganse a trabajar\" La frase resumi\u00f3 el esp\u00edritu de su participaci\u00f3n en la novena edici\u00f3n del Austrian World Summit en Viena. El","breadcrumb":{"@id":"https:\/\/radioinfinitagoya.com.ar\/v1\/2025\/06\/05\/arnold-schwarzenegger-y-la-lucha-contra-el-cambio-climatico\/#breadcrumb"},"inLanguage":"es-AR","potentialAction":[{"@type":"ReadAction","target":["https:\/\/radioinfinitagoya.com.ar\/v1\/2025\/06\/05\/arnold-schwarzenegger-y-la-lucha-contra-el-cambio-climatico\/"]}]},{"@type":"ImageObject","inLanguage":"es-AR","@id":"https:\/\/radioinfinitagoya.com.ar\/v1\/2025\/06\/05\/arnold-schwarzenegger-y-la-lucha-contra-el-cambio-climatico\/#primaryimage","url":"https:\/\/radioinfinitagoya.com.ar\/v1\/wp-content\/uploads\/2025\/06\/Fk3XO8PX.jpg","contentUrl":"https:\/\/radioinfinitagoya.com.ar\/v1\/wp-content\/uploads\/2025\/06\/Fk3XO8PX.jpg","width":680,"height":383},{"@type":"BreadcrumbList","@id":"https:\/\/radioinfinitagoya.com.ar\/v1\/2025\/06\/05\/arnold-schwarzenegger-y-la-lucha-contra-el-cambio-climatico\/#breadcrumb","itemListElement":[{"@type":"ListItem","position":1,"name":"Inicio","item":"https:\/\/radioinfinitagoya.com.ar\/v1\/"},{"@type":"ListItem","position":2,"name":"Arnold Schwarzenegger y la lucha contra el cambio clim\u00e1tico"}]},{"@type":"WebSite","@id":"https:\/\/radioinfinitagoya.com.ar\/v1\/#website","url":"https:\/\/radioinfinitagoya.com.ar\/v1\/","name":"radioinfinitagoya.com.ar","description":"Radio de noticias","publisher":{"@id":"https:\/\/radioinfinitagoya.com.ar\/v1\/#organization"},"potentialAction":[{"@type":"SearchAction","target":{"@type":"EntryPoint","urlTemplate":"https:\/\/radioinfinitagoya.com.ar\/v1\/?s={search_term_string}"},"query-input":{"@type":"PropertyValueSpecification","valueRequired":true,"valueName":"search_term_string"}}],"inLanguage":"es-AR"},{"@type":"Organization","@id":"https:\/\/radioinfinitagoya.com.ar\/v1\/#organization","name":"Radio Infinita Goya","url":"https:\/\/radioinfinitagoya.com.ar\/v1\/","logo":{"@type":"ImageObject","inLanguage":"es-AR","@id":"https:\/\/radioinfinitagoya.com.ar\/v1\/#\/schema\/logo\/image\/","url":"https:\/\/radioinfinitagoya.com.ar\/v1\/wp-content\/uploads\/2019\/11\/logo-pie-web.png","contentUrl":"https:\/\/radioinfinitagoya.com.ar\/v1\/wp-content\/uploads\/2019\/11\/logo-pie-web.png","width":635,"height":326,"caption":"Radio Infinita Goya"},"image":{"@id":"https:\/\/radioinfinitagoya.com.ar\/v1\/#\/schema\/logo\/image\/"},"sameAs":["https:\/\/www.facebook.com\/p\/Infinita-Goya-100063870918311\/"]},{"@type":"Person","@id":"https:\/\/radioinfinitagoya.com.ar\/v1\/#\/schema\/person\/d4cf9c413d4f6edb24aabdccab49ca4a","name":"Jorge Mi\u00f1o","image":{"@type":"ImageObject","inLanguage":"es-AR","@id":"https:\/\/secure.gravatar.com\/avatar\/910fcf6728fe95320e07a6643c1581fec1c7fc4bf8ae12e3d8f0d0373dc844be?s=96&d=mm&r=g","url":"https:\/\/secure.gravatar.com\/avatar\/910fcf6728fe95320e07a6643c1581fec1c7fc4bf8ae12e3d8f0d0373dc844be?s=96&d=mm&r=g","contentUrl":"https:\/\/secure.gravatar.com\/avatar\/910fcf6728fe95320e07a6643c1581fec1c7fc4bf8ae12e3d8f0d0373dc844be?s=96&d=mm&r=g","caption":"Jorge Mi\u00f1o"},"sameAs":["http:\/\/radioinfinitagoya.com.ar"]}]}},"_links":{"self":[{"href":"https:\/\/radioinfinitagoya.com.ar\/v1\/wp-json\/wp\/v2\/posts\/191182","targetHints":{"allow":["GET"]}}],"collection":[{"href":"https:\/\/radioinfinitagoya.com.ar\/v1\/wp-json\/wp\/v2\/posts"}],"about":[{"href":"https:\/\/radioinfinitagoya.com.ar\/v1\/wp-json\/wp\/v2\/types\/post"}],"author":[{"embeddable":true,"href":"https:\/\/radioinfinitagoya.com.ar\/v1\/wp-json\/wp\/v2\/users\/4"}],"replies":[{"embeddable":true,"href":"https:\/\/radioinfinitagoya.com.ar\/v1\/wp-json\/wp\/v2\/comments?post=191182"}],"version-history":[{"count":0,"href":"https:\/\/radioinfinitagoya.com.ar\/v1\/wp-json\/wp\/v2\/posts\/191182\/revisions"}],"wp:featuredmedia":[{"embeddable":true,"href":"https:\/\/radioinfinitagoya.com.ar\/v1\/wp-json\/wp\/v2\/media\/191183"}],"wp:attachment":[{"href":"https:\/\/radioinfinitagoya.com.ar\/v1\/wp-json\/wp\/v2\/media?parent=191182"}],"wp:term":[{"taxonomy":"category","embeddable":true,"href":"https:\/\/radioinfinitagoya.com.ar\/v1\/wp-json\/wp\/v2\/categories?post=191182"},{"taxonomy":"post_tag","embeddable":true,"href":"https:\/\/radioinfinitagoya.com.ar\/v1\/wp-json\/wp\/v2\/tags?post=191182"}],"curies":[{"name":"wp","href":"https:\/\/api.w.org\/{rel}","templated":true}]}}