{"id":191185,"date":"2025-06-06T17:30:43","date_gmt":"2025-06-06T20:30:43","guid":{"rendered":"https:\/\/radioinfinitagoya.com.ar\/v1\/?p=191185"},"modified":"2025-06-06T17:30:43","modified_gmt":"2025-06-06T20:30:43","slug":"este-sabado-7-corrientes-de-punta-a-punta-llega-a-goya","status":"publish","type":"post","link":"https:\/\/radioinfinitagoya.com.ar\/v1\/2025\/06\/06\/este-sabado-7-corrientes-de-punta-a-punta-llega-a-goya\/","title":{"rendered":"Este s\u00e1bado 7: Corrientes de Punta a Punta llega a Goya"},"content":{"rendered":"<p>&#8220;Con un Festival de Nivel Nacional&#8221;<\/p>\n<p>Este viernes en horas de la ma\u00f1ana, en la Municipalidad de Goya, se realiz\u00f3 el lanzamiento de este programa provincial itinerante que en nuestra ciudad lo cerrar\u00e1 la presencia del chango Spasiuk.<\/p>\n<p>Durante el encuentro con los medios, se brindaron detalles precisos sobre la programaci\u00f3n, artistas convocados y log\u00edstica del importante festival que tendr\u00e1 lugar este s\u00e1bado 7 de junio en Plaza Mitre, desde las 16 horas, con la presentaci\u00f3n de reconocidos artistas nacionales, provinciales y de la localidad.<\/p>\n<p>El escenario estar\u00e1 montado especialmente este s\u00e1bado en el medio de la plaza Mitre y reunir\u00e1 a artistas musicales de la talla del Chango Spasiuk, Gerardo y Los Chaqu\u00e9s, Los Pr\u00edncipes Misioneros, Los Matua Mercede\u00f1os, Consuelo Castillo y, por supuesto, representantes locales como el Grupo Chamamecero Municipal, La Ra\u00edz Chamamecera.<\/p>\n<p>La presentaci\u00f3n en conferencia estuvo presidida por el Intendente Municipal, Mariano Hormaechea, acompa\u00f1ado por el Director de Cultura, Manuel Zampar y la Directora de Promoci\u00f3n Social, Mercedes Pintos.<\/p>\n<p>\u201cEsta es una propuesta acercada desde el Instituto de Cultura que se ven\u00eda realizando y ahora con el ingreso de Beatriz Kunin al instituto vuelve el Corrientes de Punta a Punta a recorrer la provincia y este s\u00e1bado 7 nos toca aqu\u00ed en Goya\u201d dijo Zampar.<\/p>\n<p>La destacada propuesta musical para toda la comunidad \u201cles da un escenario especial a los artistas en su mayor\u00eda de nuestra zona, de la regi\u00f3n y con el cierre de artistas de renombre nacional\u201d.<\/p>\n<p>INVITACI\u00d3N A ARTESANOS<\/p>\n<p>Por su parte, Mercedes Pintos invit\u00f3 a las asociaciones de artesanos de Goya a acompa\u00f1ar este evento musical con el armado de stand y la venta comercial de productos que vendr\u00e1 a sumar otra opci\u00f3n para este fin de semana.<\/p>\n<p>\u201cLos artesanos van a aprovechar que est\u00e1n hoy (viernes) y todo el d\u00eda de ma\u00f1ana en sus puntos de ventas durante el Corrientes de Punta a Punta. Alrededor de 75 artesanos y emprendedores estaban instalando sus espacios, as\u00ed que esperemos que todos puedan acompa\u00f1ar\u201d, dijo.<\/p>\n<p>INTENDENTE HORMAECHEA<\/p>\n<p>El jefe comunal goyano agradeci\u00f3 la presencia de periodistas y funcionarios.<\/p>\n<p>\u201cSin dudas que en todo este tiempo, la provincia de Corrientes no solo ha apostado al desarrollo y a la modernizaci\u00f3n en cuanto a obras que se han llevado adelante en el interior de la provincia y Goya sino que ha apostado a profundizar, revalorizar y poner en un primer nivel lo que tiene que ver con la cultura de Corrientes y esta mirada federal que se da, no solo en obras, sino en lo que conlleva nuestra identidad, nuestra cultura, el chamam\u00e9, nuestra m\u00fasica, claramente se materializa con el Corrientes de Punta a Punta\u201d, se\u00f1al\u00f3.<\/p>\n<p>Este ambicioso proyecto de integraci\u00f3n lleva expresiones art\u00edsticas al interior. La idea es dar visibilidad a los artistas y brindar un espect\u00e1culo de calidad a los vecinos.<\/p>\n<p>Respecto a la presencia de los emprendedores este fin de semana, Hormaechea ponder\u00f3 el trabajo de la Direcci\u00f3n de Promoci\u00f3n Social, coordinando esta parte de la Expo Feria y de la direcci\u00f3n de Cultura, gestionando los artistas musicales que estar\u00e1n este s\u00e1bado.<\/p>\n<p>\u201cEsto va de la mano en seguir generando espacios y oportunidades a nuestros artesanos, potenciando programas puntales que le dan facilidades para generar estos espacios, no solo de entretenimiento sino tambi\u00e9n de comercializaci\u00f3n, as\u00ed que celebramos que podamos trabajar con el equipo de Cultura de la provincia de Corrientes, de Goya, con el gobernador de la provincia, generando un espect\u00e1culo de primer nivel como vamos a tener esta s\u00e1bado en plaza Mitre desde las 16 horas, as\u00ed que los esperamos a todos, muchas gracias\u201d, finaliz\u00f3 el jefe comunal Mariano Hormaechea .<\/p>\n<p>Cabe se\u00f1alar que en esta vuelta del programa provincial ser\u00e1n tres las localidades anfitrionas: Este viernes 6 Esquina, s\u00e1bado 7 Goya y el d\u00eda Domingo 8 se realizar\u00e1 en la ciudad de Saladas.<\/p>\n<p>&nbsp;<\/p>\n<p>&nbsp;<\/p>\n<p>&nbsp;<\/p>\n","protected":false},"excerpt":{"rendered":"<p>&#8220;Con un Festival de Nivel Nacional&#8221; Este viernes en horas de la ma\u00f1ana, en la Municipalidad de Goya, se realiz\u00f3 el lanzamiento de este programa provincial itinerante que en nuestra ciudad lo cerrar\u00e1 la presencia del chango Spasiuk. Durante el encuentro con los medios, se brindaron detalles precisos sobre la programaci\u00f3n, artistas convocados y log\u00edstica [&hellip;]<\/p>\n","protected":false},"author":4,"featured_media":191186,"comment_status":"closed","ping_status":"closed","sticky":false,"template":"","format":"standard","meta":{"_joinchat":[],"footnotes":""},"categories":[27],"tags":[],"class_list":{"0":"post-191185","1":"post","2":"type-post","3":"status-publish","4":"format-standard","5":"has-post-thumbnail","7":"category-locales"},"yoast_head":"<!-- This site is optimized with the Yoast SEO plugin v27.2 - https:\/\/yoast.com\/product\/yoast-seo-wordpress\/ -->\n<title>Este s\u00e1bado 7: Corrientes de Punta a Punta llega a Goya - Radio Infinita Goya<\/title>\n<meta name=\"description\" content=\"&quot;Con un Festival de Nivel Nacional&quot; Este viernes en horas de la ma\u00f1ana, en la Municipalidad de Goya, se realiz\u00f3 el lanzamiento de este programa provincial\" \/>\n<meta name=\"robots\" content=\"index, follow, max-snippet:-1, max-image-preview:large, max-video-preview:-1\" \/>\n<link rel=\"canonical\" href=\"https:\/\/radioinfinitagoya.com.ar\/v1\/2025\/06\/06\/este-sabado-7-corrientes-de-punta-a-punta-llega-a-goya\/\" \/>\n<meta property=\"og:locale\" content=\"es_ES\" \/>\n<meta property=\"og:type\" content=\"article\" \/>\n<meta property=\"og:title\" content=\"Este s\u00e1bado 7: Corrientes de Punta a Punta llega a Goya - Radio Infinita Goya\" \/>\n<meta property=\"og:description\" content=\"&quot;Con un Festival de Nivel Nacional&quot; Este viernes en horas de la ma\u00f1ana, en la Municipalidad de Goya, se realiz\u00f3 el lanzamiento de este programa provincial\" \/>\n<meta property=\"og:url\" content=\"https:\/\/radioinfinitagoya.com.ar\/v1\/2025\/06\/06\/este-sabado-7-corrientes-de-punta-a-punta-llega-a-goya\/\" \/>\n<meta property=\"og:site_name\" content=\"Radio Infinita Goya\" \/>\n<meta property=\"article:publisher\" content=\"https:\/\/www.facebook.com\/p\/Infinita-Goya-100063870918311\/\" \/>\n<meta property=\"article:published_time\" content=\"2025-06-06T20:30:43+00:00\" \/>\n<meta property=\"og:image\" content=\"https:\/\/radioinfinitagoya.com.ar\/v1\/wp-content\/uploads\/2025\/06\/corrientes_de_punta_a_punt_0.jpg\" \/>\n\t<meta property=\"og:image:width\" content=\"848\" \/>\n\t<meta property=\"og:image:height\" content=\"477\" \/>\n\t<meta property=\"og:image:type\" content=\"image\/jpeg\" \/>\n<meta name=\"author\" content=\"Jorge Mi\u00f1o\" \/>\n<meta name=\"twitter:card\" content=\"summary_large_image\" \/>\n<meta name=\"twitter:label1\" content=\"Escrito por\" \/>\n\t<meta name=\"twitter:data1\" content=\"Jorge Mi\u00f1o\" \/>\n\t<meta name=\"twitter:label2\" content=\"Tiempo de lectura\" \/>\n\t<meta name=\"twitter:data2\" content=\"4 minutos\" \/>\n<script type=\"application\/ld+json\" class=\"yoast-schema-graph\">{\"@context\":\"https:\/\/schema.org\",\"@graph\":[{\"@type\":\"Article\",\"@id\":\"https:\/\/radioinfinitagoya.com.ar\/v1\/2025\/06\/06\/este-sabado-7-corrientes-de-punta-a-punta-llega-a-goya\/#article\",\"isPartOf\":{\"@id\":\"https:\/\/radioinfinitagoya.com.ar\/v1\/2025\/06\/06\/este-sabado-7-corrientes-de-punta-a-punta-llega-a-goya\/\"},\"author\":{\"name\":\"Jorge Mi\u00f1o\",\"@id\":\"https:\/\/radioinfinitagoya.com.ar\/v1\/#\/schema\/person\/d4cf9c413d4f6edb24aabdccab49ca4a\"},\"headline\":\"Este s\u00e1bado 7: Corrientes de Punta a Punta llega a Goya\",\"datePublished\":\"2025-06-06T20:30:43+00:00\",\"mainEntityOfPage\":{\"@id\":\"https:\/\/radioinfinitagoya.com.ar\/v1\/2025\/06\/06\/este-sabado-7-corrientes-de-punta-a-punta-llega-a-goya\/\"},\"wordCount\":681,\"publisher\":{\"@id\":\"https:\/\/radioinfinitagoya.com.ar\/v1\/#organization\"},\"image\":{\"@id\":\"https:\/\/radioinfinitagoya.com.ar\/v1\/2025\/06\/06\/este-sabado-7-corrientes-de-punta-a-punta-llega-a-goya\/#primaryimage\"},\"thumbnailUrl\":\"https:\/\/radioinfinitagoya.com.ar\/v1\/wp-content\/uploads\/2025\/06\/corrientes_de_punta_a_punt_0.jpg\",\"articleSection\":[\"LOCALES\"],\"inLanguage\":\"es-AR\"},{\"@type\":\"WebPage\",\"@id\":\"https:\/\/radioinfinitagoya.com.ar\/v1\/2025\/06\/06\/este-sabado-7-corrientes-de-punta-a-punta-llega-a-goya\/\",\"url\":\"https:\/\/radioinfinitagoya.com.ar\/v1\/2025\/06\/06\/este-sabado-7-corrientes-de-punta-a-punta-llega-a-goya\/\",\"name\":\"Este s\u00e1bado 7: Corrientes de Punta a Punta llega a Goya - Radio Infinita Goya\",\"isPartOf\":{\"@id\":\"https:\/\/radioinfinitagoya.com.ar\/v1\/#website\"},\"primaryImageOfPage\":{\"@id\":\"https:\/\/radioinfinitagoya.com.ar\/v1\/2025\/06\/06\/este-sabado-7-corrientes-de-punta-a-punta-llega-a-goya\/#primaryimage\"},\"image\":{\"@id\":\"https:\/\/radioinfinitagoya.com.ar\/v1\/2025\/06\/06\/este-sabado-7-corrientes-de-punta-a-punta-llega-a-goya\/#primaryimage\"},\"thumbnailUrl\":\"https:\/\/radioinfinitagoya.com.ar\/v1\/wp-content\/uploads\/2025\/06\/corrientes_de_punta_a_punt_0.jpg\",\"datePublished\":\"2025-06-06T20:30:43+00:00\",\"description\":\"\\\"Con un Festival de Nivel Nacional\\\" Este viernes en horas de la ma\u00f1ana, en la Municipalidad de Goya, se realiz\u00f3 el lanzamiento de este programa provincial\",\"breadcrumb\":{\"@id\":\"https:\/\/radioinfinitagoya.com.ar\/v1\/2025\/06\/06\/este-sabado-7-corrientes-de-punta-a-punta-llega-a-goya\/#breadcrumb\"},\"inLanguage\":\"es-AR\",\"potentialAction\":[{\"@type\":\"ReadAction\",\"target\":[\"https:\/\/radioinfinitagoya.com.ar\/v1\/2025\/06\/06\/este-sabado-7-corrientes-de-punta-a-punta-llega-a-goya\/\"]}]},{\"@type\":\"ImageObject\",\"inLanguage\":\"es-AR\",\"@id\":\"https:\/\/radioinfinitagoya.com.ar\/v1\/2025\/06\/06\/este-sabado-7-corrientes-de-punta-a-punta-llega-a-goya\/#primaryimage\",\"url\":\"https:\/\/radioinfinitagoya.com.ar\/v1\/wp-content\/uploads\/2025\/06\/corrientes_de_punta_a_punt_0.jpg\",\"contentUrl\":\"https:\/\/radioinfinitagoya.com.ar\/v1\/wp-content\/uploads\/2025\/06\/corrientes_de_punta_a_punt_0.jpg\",\"width\":848,\"height\":477},{\"@type\":\"BreadcrumbList\",\"@id\":\"https:\/\/radioinfinitagoya.com.ar\/v1\/2025\/06\/06\/este-sabado-7-corrientes-de-punta-a-punta-llega-a-goya\/#breadcrumb\",\"itemListElement\":[{\"@type\":\"ListItem\",\"position\":1,\"name\":\"Inicio\",\"item\":\"https:\/\/radioinfinitagoya.com.ar\/v1\/\"},{\"@type\":\"ListItem\",\"position\":2,\"name\":\"Este s\u00e1bado 7: Corrientes de Punta a Punta llega a Goya\"}]},{\"@type\":\"WebSite\",\"@id\":\"https:\/\/radioinfinitagoya.com.ar\/v1\/#website\",\"url\":\"https:\/\/radioinfinitagoya.com.ar\/v1\/\",\"name\":\"radioinfinitagoya.com.ar\",\"description\":\"Radio de noticias\",\"publisher\":{\"@id\":\"https:\/\/radioinfinitagoya.com.ar\/v1\/#organization\"},\"potentialAction\":[{\"@type\":\"SearchAction\",\"target\":{\"@type\":\"EntryPoint\",\"urlTemplate\":\"https:\/\/radioinfinitagoya.com.ar\/v1\/?s={search_term_string}\"},\"query-input\":{\"@type\":\"PropertyValueSpecification\",\"valueRequired\":true,\"valueName\":\"search_term_string\"}}],\"inLanguage\":\"es-AR\"},{\"@type\":\"Organization\",\"@id\":\"https:\/\/radioinfinitagoya.com.ar\/v1\/#organization\",\"name\":\"Radio Infinita Goya\",\"url\":\"https:\/\/radioinfinitagoya.com.ar\/v1\/\",\"logo\":{\"@type\":\"ImageObject\",\"inLanguage\":\"es-AR\",\"@id\":\"https:\/\/radioinfinitagoya.com.ar\/v1\/#\/schema\/logo\/image\/\",\"url\":\"https:\/\/radioinfinitagoya.com.ar\/v1\/wp-content\/uploads\/2019\/11\/logo-pie-web.png\",\"contentUrl\":\"https:\/\/radioinfinitagoya.com.ar\/v1\/wp-content\/uploads\/2019\/11\/logo-pie-web.png\",\"width\":635,\"height\":326,\"caption\":\"Radio Infinita Goya\"},\"image\":{\"@id\":\"https:\/\/radioinfinitagoya.com.ar\/v1\/#\/schema\/logo\/image\/\"},\"sameAs\":[\"https:\/\/www.facebook.com\/p\/Infinita-Goya-100063870918311\/\"]},{\"@type\":\"Person\",\"@id\":\"https:\/\/radioinfinitagoya.com.ar\/v1\/#\/schema\/person\/d4cf9c413d4f6edb24aabdccab49ca4a\",\"name\":\"Jorge Mi\u00f1o\",\"image\":{\"@type\":\"ImageObject\",\"inLanguage\":\"es-AR\",\"@id\":\"https:\/\/secure.gravatar.com\/avatar\/910fcf6728fe95320e07a6643c1581fec1c7fc4bf8ae12e3d8f0d0373dc844be?s=96&d=mm&r=g\",\"url\":\"https:\/\/secure.gravatar.com\/avatar\/910fcf6728fe95320e07a6643c1581fec1c7fc4bf8ae12e3d8f0d0373dc844be?s=96&d=mm&r=g\",\"contentUrl\":\"https:\/\/secure.gravatar.com\/avatar\/910fcf6728fe95320e07a6643c1581fec1c7fc4bf8ae12e3d8f0d0373dc844be?s=96&d=mm&r=g\",\"caption\":\"Jorge Mi\u00f1o\"},\"sameAs\":[\"http:\/\/radioinfinitagoya.com.ar\"]}]}<\/script>\n<!-- \/ Yoast SEO plugin. -->","yoast_head_json":{"title":"Este s\u00e1bado 7: Corrientes de Punta a Punta llega a Goya - Radio Infinita Goya","description":"\"Con un Festival de Nivel Nacional\" Este viernes en horas de la ma\u00f1ana, en la Municipalidad de Goya, se realiz\u00f3 el lanzamiento de este programa provincial","robots":{"index":"index","follow":"follow","max-snippet":"max-snippet:-1","max-image-preview":"max-image-preview:large","max-video-preview":"max-video-preview:-1"},"canonical":"https:\/\/radioinfinitagoya.com.ar\/v1\/2025\/06\/06\/este-sabado-7-corrientes-de-punta-a-punta-llega-a-goya\/","og_locale":"es_ES","og_type":"article","og_title":"Este s\u00e1bado 7: Corrientes de Punta a Punta llega a Goya - Radio Infinita Goya","og_description":"\"Con un Festival de Nivel Nacional\" Este viernes en horas de la ma\u00f1ana, en la Municipalidad de Goya, se realiz\u00f3 el lanzamiento de este programa provincial","og_url":"https:\/\/radioinfinitagoya.com.ar\/v1\/2025\/06\/06\/este-sabado-7-corrientes-de-punta-a-punta-llega-a-goya\/","og_site_name":"Radio Infinita Goya","article_publisher":"https:\/\/www.facebook.com\/p\/Infinita-Goya-100063870918311\/","article_published_time":"2025-06-06T20:30:43+00:00","og_image":[{"width":848,"height":477,"url":"https:\/\/radioinfinitagoya.com.ar\/v1\/wp-content\/uploads\/2025\/06\/corrientes_de_punta_a_punt_0.jpg","type":"image\/jpeg"}],"author":"Jorge Mi\u00f1o","twitter_card":"summary_large_image","twitter_misc":{"Escrito por":"Jorge Mi\u00f1o","Tiempo de lectura":"4 minutos"},"schema":{"@context":"https:\/\/schema.org","@graph":[{"@type":"Article","@id":"https:\/\/radioinfinitagoya.com.ar\/v1\/2025\/06\/06\/este-sabado-7-corrientes-de-punta-a-punta-llega-a-goya\/#article","isPartOf":{"@id":"https:\/\/radioinfinitagoya.com.ar\/v1\/2025\/06\/06\/este-sabado-7-corrientes-de-punta-a-punta-llega-a-goya\/"},"author":{"name":"Jorge Mi\u00f1o","@id":"https:\/\/radioinfinitagoya.com.ar\/v1\/#\/schema\/person\/d4cf9c413d4f6edb24aabdccab49ca4a"},"headline":"Este s\u00e1bado 7: Corrientes de Punta a Punta llega a Goya","datePublished":"2025-06-06T20:30:43+00:00","mainEntityOfPage":{"@id":"https:\/\/radioinfinitagoya.com.ar\/v1\/2025\/06\/06\/este-sabado-7-corrientes-de-punta-a-punta-llega-a-goya\/"},"wordCount":681,"publisher":{"@id":"https:\/\/radioinfinitagoya.com.ar\/v1\/#organization"},"image":{"@id":"https:\/\/radioinfinitagoya.com.ar\/v1\/2025\/06\/06\/este-sabado-7-corrientes-de-punta-a-punta-llega-a-goya\/#primaryimage"},"thumbnailUrl":"https:\/\/radioinfinitagoya.com.ar\/v1\/wp-content\/uploads\/2025\/06\/corrientes_de_punta_a_punt_0.jpg","articleSection":["LOCALES"],"inLanguage":"es-AR"},{"@type":"WebPage","@id":"https:\/\/radioinfinitagoya.com.ar\/v1\/2025\/06\/06\/este-sabado-7-corrientes-de-punta-a-punta-llega-a-goya\/","url":"https:\/\/radioinfinitagoya.com.ar\/v1\/2025\/06\/06\/este-sabado-7-corrientes-de-punta-a-punta-llega-a-goya\/","name":"Este s\u00e1bado 7: Corrientes de Punta a Punta llega a Goya - Radio Infinita Goya","isPartOf":{"@id":"https:\/\/radioinfinitagoya.com.ar\/v1\/#website"},"primaryImageOfPage":{"@id":"https:\/\/radioinfinitagoya.com.ar\/v1\/2025\/06\/06\/este-sabado-7-corrientes-de-punta-a-punta-llega-a-goya\/#primaryimage"},"image":{"@id":"https:\/\/radioinfinitagoya.com.ar\/v1\/2025\/06\/06\/este-sabado-7-corrientes-de-punta-a-punta-llega-a-goya\/#primaryimage"},"thumbnailUrl":"https:\/\/radioinfinitagoya.com.ar\/v1\/wp-content\/uploads\/2025\/06\/corrientes_de_punta_a_punt_0.jpg","datePublished":"2025-06-06T20:30:43+00:00","description":"\"Con un Festival de Nivel Nacional\" Este viernes en horas de la ma\u00f1ana, en la Municipalidad de Goya, se realiz\u00f3 el lanzamiento de este programa provincial","breadcrumb":{"@id":"https:\/\/radioinfinitagoya.com.ar\/v1\/2025\/06\/06\/este-sabado-7-corrientes-de-punta-a-punta-llega-a-goya\/#breadcrumb"},"inLanguage":"es-AR","potentialAction":[{"@type":"ReadAction","target":["https:\/\/radioinfinitagoya.com.ar\/v1\/2025\/06\/06\/este-sabado-7-corrientes-de-punta-a-punta-llega-a-goya\/"]}]},{"@type":"ImageObject","inLanguage":"es-AR","@id":"https:\/\/radioinfinitagoya.com.ar\/v1\/2025\/06\/06\/este-sabado-7-corrientes-de-punta-a-punta-llega-a-goya\/#primaryimage","url":"https:\/\/radioinfinitagoya.com.ar\/v1\/wp-content\/uploads\/2025\/06\/corrientes_de_punta_a_punt_0.jpg","contentUrl":"https:\/\/radioinfinitagoya.com.ar\/v1\/wp-content\/uploads\/2025\/06\/corrientes_de_punta_a_punt_0.jpg","width":848,"height":477},{"@type":"BreadcrumbList","@id":"https:\/\/radioinfinitagoya.com.ar\/v1\/2025\/06\/06\/este-sabado-7-corrientes-de-punta-a-punta-llega-a-goya\/#breadcrumb","itemListElement":[{"@type":"ListItem","position":1,"name":"Inicio","item":"https:\/\/radioinfinitagoya.com.ar\/v1\/"},{"@type":"ListItem","position":2,"name":"Este s\u00e1bado 7: Corrientes de Punta a Punta llega a Goya"}]},{"@type":"WebSite","@id":"https:\/\/radioinfinitagoya.com.ar\/v1\/#website","url":"https:\/\/radioinfinitagoya.com.ar\/v1\/","name":"radioinfinitagoya.com.ar","description":"Radio de noticias","publisher":{"@id":"https:\/\/radioinfinitagoya.com.ar\/v1\/#organization"},"potentialAction":[{"@type":"SearchAction","target":{"@type":"EntryPoint","urlTemplate":"https:\/\/radioinfinitagoya.com.ar\/v1\/?s={search_term_string}"},"query-input":{"@type":"PropertyValueSpecification","valueRequired":true,"valueName":"search_term_string"}}],"inLanguage":"es-AR"},{"@type":"Organization","@id":"https:\/\/radioinfinitagoya.com.ar\/v1\/#organization","name":"Radio Infinita Goya","url":"https:\/\/radioinfinitagoya.com.ar\/v1\/","logo":{"@type":"ImageObject","inLanguage":"es-AR","@id":"https:\/\/radioinfinitagoya.com.ar\/v1\/#\/schema\/logo\/image\/","url":"https:\/\/radioinfinitagoya.com.ar\/v1\/wp-content\/uploads\/2019\/11\/logo-pie-web.png","contentUrl":"https:\/\/radioinfinitagoya.com.ar\/v1\/wp-content\/uploads\/2019\/11\/logo-pie-web.png","width":635,"height":326,"caption":"Radio Infinita Goya"},"image":{"@id":"https:\/\/radioinfinitagoya.com.ar\/v1\/#\/schema\/logo\/image\/"},"sameAs":["https:\/\/www.facebook.com\/p\/Infinita-Goya-100063870918311\/"]},{"@type":"Person","@id":"https:\/\/radioinfinitagoya.com.ar\/v1\/#\/schema\/person\/d4cf9c413d4f6edb24aabdccab49ca4a","name":"Jorge Mi\u00f1o","image":{"@type":"ImageObject","inLanguage":"es-AR","@id":"https:\/\/secure.gravatar.com\/avatar\/910fcf6728fe95320e07a6643c1581fec1c7fc4bf8ae12e3d8f0d0373dc844be?s=96&d=mm&r=g","url":"https:\/\/secure.gravatar.com\/avatar\/910fcf6728fe95320e07a6643c1581fec1c7fc4bf8ae12e3d8f0d0373dc844be?s=96&d=mm&r=g","contentUrl":"https:\/\/secure.gravatar.com\/avatar\/910fcf6728fe95320e07a6643c1581fec1c7fc4bf8ae12e3d8f0d0373dc844be?s=96&d=mm&r=g","caption":"Jorge Mi\u00f1o"},"sameAs":["http:\/\/radioinfinitagoya.com.ar"]}]}},"_links":{"self":[{"href":"https:\/\/radioinfinitagoya.com.ar\/v1\/wp-json\/wp\/v2\/posts\/191185","targetHints":{"allow":["GET"]}}],"collection":[{"href":"https:\/\/radioinfinitagoya.com.ar\/v1\/wp-json\/wp\/v2\/posts"}],"about":[{"href":"https:\/\/radioinfinitagoya.com.ar\/v1\/wp-json\/wp\/v2\/types\/post"}],"author":[{"embeddable":true,"href":"https:\/\/radioinfinitagoya.com.ar\/v1\/wp-json\/wp\/v2\/users\/4"}],"replies":[{"embeddable":true,"href":"https:\/\/radioinfinitagoya.com.ar\/v1\/wp-json\/wp\/v2\/comments?post=191185"}],"version-history":[{"count":0,"href":"https:\/\/radioinfinitagoya.com.ar\/v1\/wp-json\/wp\/v2\/posts\/191185\/revisions"}],"wp:featuredmedia":[{"embeddable":true,"href":"https:\/\/radioinfinitagoya.com.ar\/v1\/wp-json\/wp\/v2\/media\/191186"}],"wp:attachment":[{"href":"https:\/\/radioinfinitagoya.com.ar\/v1\/wp-json\/wp\/v2\/media?parent=191185"}],"wp:term":[{"taxonomy":"category","embeddable":true,"href":"https:\/\/radioinfinitagoya.com.ar\/v1\/wp-json\/wp\/v2\/categories?post=191185"},{"taxonomy":"post_tag","embeddable":true,"href":"https:\/\/radioinfinitagoya.com.ar\/v1\/wp-json\/wp\/v2\/tags?post=191185"}],"curies":[{"name":"wp","href":"https:\/\/api.w.org\/{rel}","templated":true}]}}