{"id":191247,"date":"2025-06-09T17:32:38","date_gmt":"2025-06-09T20:32:38","guid":{"rendered":"https:\/\/radioinfinitagoya.com.ar\/v1\/?p=191247"},"modified":"2025-06-09T17:32:38","modified_gmt":"2025-06-09T20:32:38","slug":"seleccion-messi-de-titular-y-otros-cambios-para-recibir-a-colombia","status":"publish","type":"post","link":"https:\/\/radioinfinitagoya.com.ar\/v1\/2025\/06\/09\/seleccion-messi-de-titular-y-otros-cambios-para-recibir-a-colombia\/","title":{"rendered":"Selecci\u00f3n: Messi de titular y otros cambios para recibir a Colombia"},"content":{"rendered":"<p>La Albiceleste jugar\u00e1 como local ante los cafeteros en el estadio Monumental. Con el regreso de su capit\u00e1n, Scaloni replantea el equipo.<\/p>\n<p>La Selecci\u00f3n Argentina se prepara para su pr\u00f3ximo compromiso: chocar\u00e1 contra Colombia, el martes en el Monumental, en una nueva jornada de Eliminatorias. Lionel Scaloni contar\u00e1 con el regreso de cuatro soldados y podr\u00eda hacer modificaciones en el equipo. Todo indica que Lionel Messi ser\u00e1 titular.<\/p>\n<p>El DT de la Albiceleste tendr\u00e1 a disposici\u00f3n a Nicol\u00e1s Otamendi, Leandro Paredes, Enzo Fern\u00e1ndez y Nico Gonz\u00e1lez, quienes cumplieron con sus partidos de suspensiones. Todos ellos podr\u00edan estar desde el arranque frente al seleccionado de N\u00e9stor Lorenzo. El entrenador analiza diferentes modificaciones en todas las l\u00edneas y definir\u00e1 el equipo poco antes del partido.<\/p>\n<p>Por otra parte, Nicol\u00e1s Tagliafico lleg\u00f3 al l\u00edmite de amarillas en el duelo con Chile y ser\u00e1 baja para el choque con Colombia. De esta manera, Valent\u00edn Barco o Facundo Medina pelean por un lugar en el equipo.<\/p>\n<p>Adem\u00e1s, el cuerpo t\u00e9cnico de Lionel Scaloni seguir\u00e1 de cerca la evoluci\u00f3n de Nico Paz, quien termin\u00f3 con una molestia en el triunfo frente a La Roja en Santiago. Por otra parte, uno de los que volver\u00eda al once inicial es Lautaro Mart\u00ednez que, si bien se sum\u00f3 el mi\u00e9rcoles a la concentraci\u00f3n y el jueves viaj\u00f3 con la delegaci\u00f3n a Chile, lo cierto es que parte como favorito por sobre Nicol\u00e1s Gonz\u00e1lez para ir de arranque ante Colombia.<\/p>\n<p>Messi volver\u00e1 a ser titular ante Colombia<\/p>\n<p>Lionel Messi, capit\u00e1n y s\u00edmbolo de la Selecci\u00f3n Argentina, ingres\u00f3 desde el banco en el triunfo contra Chile (en lugar de Nico Paz) y todo indica que ser\u00e1 titular en el choque contra la selecci\u00f3n cafetera, el martes en el Monumental.<\/p>\n<p>C\u00f3mo podr\u00eda formar la Selecci\u00f3n Argentina contra Colombia<\/p>\n<p>Emiliano Mart\u00ednez; Nahuel Molina, Cristian Romero, Nicol\u00e1s Otamendi, Valent\u00edn Barco (o Facundo Medina); Rodrigo De Paul, Leandro Paredes, Enzo Fern\u00e1ndez; Lionel Messi, Juli\u00e1n \u00c1lvarez, Lautaro Mart\u00ednez (o Nicol\u00e1s Gonz\u00e1lez). DT: Lionel Scaloni.<\/p>\n","protected":false},"excerpt":{"rendered":"<p>La Albiceleste jugar\u00e1 como local ante los cafeteros en el estadio Monumental. Con el regreso de su capit\u00e1n, Scaloni replantea el equipo. La Selecci\u00f3n Argentina se prepara para su pr\u00f3ximo compromiso: chocar\u00e1 contra Colombia, el martes en el Monumental, en una nueva jornada de Eliminatorias. Lionel Scaloni contar\u00e1 con el regreso de cuatro soldados y [&hellip;]<\/p>\n","protected":false},"author":4,"featured_media":191248,"comment_status":"closed","ping_status":"closed","sticky":false,"template":"","format":"standard","meta":{"_joinchat":[],"footnotes":""},"categories":[28],"tags":[],"class_list":{"0":"post-191247","1":"post","2":"type-post","3":"status-publish","4":"format-standard","5":"has-post-thumbnail","7":"category-deportes"},"yoast_head":"<!-- This site is optimized with the Yoast SEO plugin v27.2 - https:\/\/yoast.com\/product\/yoast-seo-wordpress\/ -->\n<title>Selecci\u00f3n: Messi de titular y otros cambios para recibir a Colombia - Radio Infinita Goya<\/title>\n<meta name=\"description\" content=\"La Albiceleste jugar\u00e1 como local ante los cafeteros en el estadio Monumental. Con el regreso de su capit\u00e1n, Scaloni replantea el equipo. La Selecci\u00f3n\" \/>\n<meta name=\"robots\" content=\"index, follow, max-snippet:-1, max-image-preview:large, max-video-preview:-1\" \/>\n<link rel=\"canonical\" href=\"https:\/\/radioinfinitagoya.com.ar\/v1\/2025\/06\/09\/seleccion-messi-de-titular-y-otros-cambios-para-recibir-a-colombia\/\" \/>\n<meta property=\"og:locale\" content=\"es_ES\" \/>\n<meta property=\"og:type\" content=\"article\" \/>\n<meta property=\"og:title\" content=\"Selecci\u00f3n: Messi de titular y otros cambios para recibir a Colombia - Radio Infinita Goya\" \/>\n<meta property=\"og:description\" content=\"La Albiceleste jugar\u00e1 como local ante los cafeteros en el estadio Monumental. Con el regreso de su capit\u00e1n, Scaloni replantea el equipo. La Selecci\u00f3n\" \/>\n<meta property=\"og:url\" content=\"https:\/\/radioinfinitagoya.com.ar\/v1\/2025\/06\/09\/seleccion-messi-de-titular-y-otros-cambios-para-recibir-a-colombia\/\" \/>\n<meta property=\"og:site_name\" content=\"Radio Infinita Goya\" \/>\n<meta property=\"article:publisher\" content=\"https:\/\/www.facebook.com\/p\/Infinita-Goya-100063870918311\/\" \/>\n<meta property=\"article:published_time\" content=\"2025-06-09T20:32:38+00:00\" \/>\n<meta property=\"og:image\" content=\"https:\/\/radioinfinitagoya.com.ar\/v1\/wp-content\/uploads\/2025\/06\/1749471969065.webp\" \/>\n\t<meta property=\"og:image:width\" content=\"1200\" \/>\n\t<meta property=\"og:image:height\" content=\"675\" \/>\n\t<meta property=\"og:image:type\" content=\"image\/webp\" \/>\n<meta name=\"author\" content=\"Jorge Mi\u00f1o\" \/>\n<meta name=\"twitter:card\" content=\"summary_large_image\" \/>\n<meta name=\"twitter:label1\" content=\"Escrito por\" \/>\n\t<meta name=\"twitter:data1\" content=\"Jorge Mi\u00f1o\" \/>\n\t<meta name=\"twitter:label2\" content=\"Tiempo de lectura\" \/>\n\t<meta name=\"twitter:data2\" content=\"2 minutos\" \/>\n<script type=\"application\/ld+json\" class=\"yoast-schema-graph\">{\"@context\":\"https:\/\/schema.org\",\"@graph\":[{\"@type\":\"Article\",\"@id\":\"https:\/\/radioinfinitagoya.com.ar\/v1\/2025\/06\/09\/seleccion-messi-de-titular-y-otros-cambios-para-recibir-a-colombia\/#article\",\"isPartOf\":{\"@id\":\"https:\/\/radioinfinitagoya.com.ar\/v1\/2025\/06\/09\/seleccion-messi-de-titular-y-otros-cambios-para-recibir-a-colombia\/\"},\"author\":{\"name\":\"Jorge Mi\u00f1o\",\"@id\":\"https:\/\/radioinfinitagoya.com.ar\/v1\/#\/schema\/person\/d4cf9c413d4f6edb24aabdccab49ca4a\"},\"headline\":\"Selecci\u00f3n: Messi de titular y otros cambios para recibir a Colombia\",\"datePublished\":\"2025-06-09T20:32:38+00:00\",\"mainEntityOfPage\":{\"@id\":\"https:\/\/radioinfinitagoya.com.ar\/v1\/2025\/06\/09\/seleccion-messi-de-titular-y-otros-cambios-para-recibir-a-colombia\/\"},\"wordCount\":379,\"publisher\":{\"@id\":\"https:\/\/radioinfinitagoya.com.ar\/v1\/#organization\"},\"image\":{\"@id\":\"https:\/\/radioinfinitagoya.com.ar\/v1\/2025\/06\/09\/seleccion-messi-de-titular-y-otros-cambios-para-recibir-a-colombia\/#primaryimage\"},\"thumbnailUrl\":\"https:\/\/radioinfinitagoya.com.ar\/v1\/wp-content\/uploads\/2025\/06\/1749471969065.webp\",\"articleSection\":[\"DEPORTES\"],\"inLanguage\":\"es-AR\"},{\"@type\":\"WebPage\",\"@id\":\"https:\/\/radioinfinitagoya.com.ar\/v1\/2025\/06\/09\/seleccion-messi-de-titular-y-otros-cambios-para-recibir-a-colombia\/\",\"url\":\"https:\/\/radioinfinitagoya.com.ar\/v1\/2025\/06\/09\/seleccion-messi-de-titular-y-otros-cambios-para-recibir-a-colombia\/\",\"name\":\"Selecci\u00f3n: Messi de titular y otros cambios para recibir a Colombia - Radio Infinita Goya\",\"isPartOf\":{\"@id\":\"https:\/\/radioinfinitagoya.com.ar\/v1\/#website\"},\"primaryImageOfPage\":{\"@id\":\"https:\/\/radioinfinitagoya.com.ar\/v1\/2025\/06\/09\/seleccion-messi-de-titular-y-otros-cambios-para-recibir-a-colombia\/#primaryimage\"},\"image\":{\"@id\":\"https:\/\/radioinfinitagoya.com.ar\/v1\/2025\/06\/09\/seleccion-messi-de-titular-y-otros-cambios-para-recibir-a-colombia\/#primaryimage\"},\"thumbnailUrl\":\"https:\/\/radioinfinitagoya.com.ar\/v1\/wp-content\/uploads\/2025\/06\/1749471969065.webp\",\"datePublished\":\"2025-06-09T20:32:38+00:00\",\"description\":\"La Albiceleste jugar\u00e1 como local ante los cafeteros en el estadio Monumental. Con el regreso de su capit\u00e1n, Scaloni replantea el equipo. La Selecci\u00f3n\",\"breadcrumb\":{\"@id\":\"https:\/\/radioinfinitagoya.com.ar\/v1\/2025\/06\/09\/seleccion-messi-de-titular-y-otros-cambios-para-recibir-a-colombia\/#breadcrumb\"},\"inLanguage\":\"es-AR\",\"potentialAction\":[{\"@type\":\"ReadAction\",\"target\":[\"https:\/\/radioinfinitagoya.com.ar\/v1\/2025\/06\/09\/seleccion-messi-de-titular-y-otros-cambios-para-recibir-a-colombia\/\"]}]},{\"@type\":\"ImageObject\",\"inLanguage\":\"es-AR\",\"@id\":\"https:\/\/radioinfinitagoya.com.ar\/v1\/2025\/06\/09\/seleccion-messi-de-titular-y-otros-cambios-para-recibir-a-colombia\/#primaryimage\",\"url\":\"https:\/\/radioinfinitagoya.com.ar\/v1\/wp-content\/uploads\/2025\/06\/1749471969065.webp\",\"contentUrl\":\"https:\/\/radioinfinitagoya.com.ar\/v1\/wp-content\/uploads\/2025\/06\/1749471969065.webp\",\"width\":1200,\"height\":675},{\"@type\":\"BreadcrumbList\",\"@id\":\"https:\/\/radioinfinitagoya.com.ar\/v1\/2025\/06\/09\/seleccion-messi-de-titular-y-otros-cambios-para-recibir-a-colombia\/#breadcrumb\",\"itemListElement\":[{\"@type\":\"ListItem\",\"position\":1,\"name\":\"Inicio\",\"item\":\"https:\/\/radioinfinitagoya.com.ar\/v1\/\"},{\"@type\":\"ListItem\",\"position\":2,\"name\":\"Selecci\u00f3n: Messi de titular y otros cambios para recibir a Colombia\"}]},{\"@type\":\"WebSite\",\"@id\":\"https:\/\/radioinfinitagoya.com.ar\/v1\/#website\",\"url\":\"https:\/\/radioinfinitagoya.com.ar\/v1\/\",\"name\":\"radioinfinitagoya.com.ar\",\"description\":\"Radio de noticias\",\"publisher\":{\"@id\":\"https:\/\/radioinfinitagoya.com.ar\/v1\/#organization\"},\"potentialAction\":[{\"@type\":\"SearchAction\",\"target\":{\"@type\":\"EntryPoint\",\"urlTemplate\":\"https:\/\/radioinfinitagoya.com.ar\/v1\/?s={search_term_string}\"},\"query-input\":{\"@type\":\"PropertyValueSpecification\",\"valueRequired\":true,\"valueName\":\"search_term_string\"}}],\"inLanguage\":\"es-AR\"},{\"@type\":\"Organization\",\"@id\":\"https:\/\/radioinfinitagoya.com.ar\/v1\/#organization\",\"name\":\"Radio Infinita Goya\",\"url\":\"https:\/\/radioinfinitagoya.com.ar\/v1\/\",\"logo\":{\"@type\":\"ImageObject\",\"inLanguage\":\"es-AR\",\"@id\":\"https:\/\/radioinfinitagoya.com.ar\/v1\/#\/schema\/logo\/image\/\",\"url\":\"https:\/\/radioinfinitagoya.com.ar\/v1\/wp-content\/uploads\/2019\/11\/logo-pie-web.png\",\"contentUrl\":\"https:\/\/radioinfinitagoya.com.ar\/v1\/wp-content\/uploads\/2019\/11\/logo-pie-web.png\",\"width\":635,\"height\":326,\"caption\":\"Radio Infinita Goya\"},\"image\":{\"@id\":\"https:\/\/radioinfinitagoya.com.ar\/v1\/#\/schema\/logo\/image\/\"},\"sameAs\":[\"https:\/\/www.facebook.com\/p\/Infinita-Goya-100063870918311\/\"]},{\"@type\":\"Person\",\"@id\":\"https:\/\/radioinfinitagoya.com.ar\/v1\/#\/schema\/person\/d4cf9c413d4f6edb24aabdccab49ca4a\",\"name\":\"Jorge Mi\u00f1o\",\"image\":{\"@type\":\"ImageObject\",\"inLanguage\":\"es-AR\",\"@id\":\"https:\/\/secure.gravatar.com\/avatar\/910fcf6728fe95320e07a6643c1581fec1c7fc4bf8ae12e3d8f0d0373dc844be?s=96&d=mm&r=g\",\"url\":\"https:\/\/secure.gravatar.com\/avatar\/910fcf6728fe95320e07a6643c1581fec1c7fc4bf8ae12e3d8f0d0373dc844be?s=96&d=mm&r=g\",\"contentUrl\":\"https:\/\/secure.gravatar.com\/avatar\/910fcf6728fe95320e07a6643c1581fec1c7fc4bf8ae12e3d8f0d0373dc844be?s=96&d=mm&r=g\",\"caption\":\"Jorge Mi\u00f1o\"},\"sameAs\":[\"http:\/\/radioinfinitagoya.com.ar\"]}]}<\/script>\n<!-- \/ Yoast SEO plugin. -->","yoast_head_json":{"title":"Selecci\u00f3n: Messi de titular y otros cambios para recibir a Colombia - Radio Infinita Goya","description":"La Albiceleste jugar\u00e1 como local ante los cafeteros en el estadio Monumental. Con el regreso de su capit\u00e1n, Scaloni replantea el equipo. La Selecci\u00f3n","robots":{"index":"index","follow":"follow","max-snippet":"max-snippet:-1","max-image-preview":"max-image-preview:large","max-video-preview":"max-video-preview:-1"},"canonical":"https:\/\/radioinfinitagoya.com.ar\/v1\/2025\/06\/09\/seleccion-messi-de-titular-y-otros-cambios-para-recibir-a-colombia\/","og_locale":"es_ES","og_type":"article","og_title":"Selecci\u00f3n: Messi de titular y otros cambios para recibir a Colombia - Radio Infinita Goya","og_description":"La Albiceleste jugar\u00e1 como local ante los cafeteros en el estadio Monumental. Con el regreso de su capit\u00e1n, Scaloni replantea el equipo. La Selecci\u00f3n","og_url":"https:\/\/radioinfinitagoya.com.ar\/v1\/2025\/06\/09\/seleccion-messi-de-titular-y-otros-cambios-para-recibir-a-colombia\/","og_site_name":"Radio Infinita Goya","article_publisher":"https:\/\/www.facebook.com\/p\/Infinita-Goya-100063870918311\/","article_published_time":"2025-06-09T20:32:38+00:00","og_image":[{"width":1200,"height":675,"url":"https:\/\/radioinfinitagoya.com.ar\/v1\/wp-content\/uploads\/2025\/06\/1749471969065.webp","type":"image\/webp"}],"author":"Jorge Mi\u00f1o","twitter_card":"summary_large_image","twitter_misc":{"Escrito por":"Jorge Mi\u00f1o","Tiempo de lectura":"2 minutos"},"schema":{"@context":"https:\/\/schema.org","@graph":[{"@type":"Article","@id":"https:\/\/radioinfinitagoya.com.ar\/v1\/2025\/06\/09\/seleccion-messi-de-titular-y-otros-cambios-para-recibir-a-colombia\/#article","isPartOf":{"@id":"https:\/\/radioinfinitagoya.com.ar\/v1\/2025\/06\/09\/seleccion-messi-de-titular-y-otros-cambios-para-recibir-a-colombia\/"},"author":{"name":"Jorge Mi\u00f1o","@id":"https:\/\/radioinfinitagoya.com.ar\/v1\/#\/schema\/person\/d4cf9c413d4f6edb24aabdccab49ca4a"},"headline":"Selecci\u00f3n: Messi de titular y otros cambios para recibir a Colombia","datePublished":"2025-06-09T20:32:38+00:00","mainEntityOfPage":{"@id":"https:\/\/radioinfinitagoya.com.ar\/v1\/2025\/06\/09\/seleccion-messi-de-titular-y-otros-cambios-para-recibir-a-colombia\/"},"wordCount":379,"publisher":{"@id":"https:\/\/radioinfinitagoya.com.ar\/v1\/#organization"},"image":{"@id":"https:\/\/radioinfinitagoya.com.ar\/v1\/2025\/06\/09\/seleccion-messi-de-titular-y-otros-cambios-para-recibir-a-colombia\/#primaryimage"},"thumbnailUrl":"https:\/\/radioinfinitagoya.com.ar\/v1\/wp-content\/uploads\/2025\/06\/1749471969065.webp","articleSection":["DEPORTES"],"inLanguage":"es-AR"},{"@type":"WebPage","@id":"https:\/\/radioinfinitagoya.com.ar\/v1\/2025\/06\/09\/seleccion-messi-de-titular-y-otros-cambios-para-recibir-a-colombia\/","url":"https:\/\/radioinfinitagoya.com.ar\/v1\/2025\/06\/09\/seleccion-messi-de-titular-y-otros-cambios-para-recibir-a-colombia\/","name":"Selecci\u00f3n: Messi de titular y otros cambios para recibir a Colombia - Radio Infinita Goya","isPartOf":{"@id":"https:\/\/radioinfinitagoya.com.ar\/v1\/#website"},"primaryImageOfPage":{"@id":"https:\/\/radioinfinitagoya.com.ar\/v1\/2025\/06\/09\/seleccion-messi-de-titular-y-otros-cambios-para-recibir-a-colombia\/#primaryimage"},"image":{"@id":"https:\/\/radioinfinitagoya.com.ar\/v1\/2025\/06\/09\/seleccion-messi-de-titular-y-otros-cambios-para-recibir-a-colombia\/#primaryimage"},"thumbnailUrl":"https:\/\/radioinfinitagoya.com.ar\/v1\/wp-content\/uploads\/2025\/06\/1749471969065.webp","datePublished":"2025-06-09T20:32:38+00:00","description":"La Albiceleste jugar\u00e1 como local ante los cafeteros en el estadio Monumental. Con el regreso de su capit\u00e1n, Scaloni replantea el equipo. La Selecci\u00f3n","breadcrumb":{"@id":"https:\/\/radioinfinitagoya.com.ar\/v1\/2025\/06\/09\/seleccion-messi-de-titular-y-otros-cambios-para-recibir-a-colombia\/#breadcrumb"},"inLanguage":"es-AR","potentialAction":[{"@type":"ReadAction","target":["https:\/\/radioinfinitagoya.com.ar\/v1\/2025\/06\/09\/seleccion-messi-de-titular-y-otros-cambios-para-recibir-a-colombia\/"]}]},{"@type":"ImageObject","inLanguage":"es-AR","@id":"https:\/\/radioinfinitagoya.com.ar\/v1\/2025\/06\/09\/seleccion-messi-de-titular-y-otros-cambios-para-recibir-a-colombia\/#primaryimage","url":"https:\/\/radioinfinitagoya.com.ar\/v1\/wp-content\/uploads\/2025\/06\/1749471969065.webp","contentUrl":"https:\/\/radioinfinitagoya.com.ar\/v1\/wp-content\/uploads\/2025\/06\/1749471969065.webp","width":1200,"height":675},{"@type":"BreadcrumbList","@id":"https:\/\/radioinfinitagoya.com.ar\/v1\/2025\/06\/09\/seleccion-messi-de-titular-y-otros-cambios-para-recibir-a-colombia\/#breadcrumb","itemListElement":[{"@type":"ListItem","position":1,"name":"Inicio","item":"https:\/\/radioinfinitagoya.com.ar\/v1\/"},{"@type":"ListItem","position":2,"name":"Selecci\u00f3n: Messi de titular y otros cambios para recibir a Colombia"}]},{"@type":"WebSite","@id":"https:\/\/radioinfinitagoya.com.ar\/v1\/#website","url":"https:\/\/radioinfinitagoya.com.ar\/v1\/","name":"radioinfinitagoya.com.ar","description":"Radio de noticias","publisher":{"@id":"https:\/\/radioinfinitagoya.com.ar\/v1\/#organization"},"potentialAction":[{"@type":"SearchAction","target":{"@type":"EntryPoint","urlTemplate":"https:\/\/radioinfinitagoya.com.ar\/v1\/?s={search_term_string}"},"query-input":{"@type":"PropertyValueSpecification","valueRequired":true,"valueName":"search_term_string"}}],"inLanguage":"es-AR"},{"@type":"Organization","@id":"https:\/\/radioinfinitagoya.com.ar\/v1\/#organization","name":"Radio Infinita Goya","url":"https:\/\/radioinfinitagoya.com.ar\/v1\/","logo":{"@type":"ImageObject","inLanguage":"es-AR","@id":"https:\/\/radioinfinitagoya.com.ar\/v1\/#\/schema\/logo\/image\/","url":"https:\/\/radioinfinitagoya.com.ar\/v1\/wp-content\/uploads\/2019\/11\/logo-pie-web.png","contentUrl":"https:\/\/radioinfinitagoya.com.ar\/v1\/wp-content\/uploads\/2019\/11\/logo-pie-web.png","width":635,"height":326,"caption":"Radio Infinita Goya"},"image":{"@id":"https:\/\/radioinfinitagoya.com.ar\/v1\/#\/schema\/logo\/image\/"},"sameAs":["https:\/\/www.facebook.com\/p\/Infinita-Goya-100063870918311\/"]},{"@type":"Person","@id":"https:\/\/radioinfinitagoya.com.ar\/v1\/#\/schema\/person\/d4cf9c413d4f6edb24aabdccab49ca4a","name":"Jorge Mi\u00f1o","image":{"@type":"ImageObject","inLanguage":"es-AR","@id":"https:\/\/secure.gravatar.com\/avatar\/910fcf6728fe95320e07a6643c1581fec1c7fc4bf8ae12e3d8f0d0373dc844be?s=96&d=mm&r=g","url":"https:\/\/secure.gravatar.com\/avatar\/910fcf6728fe95320e07a6643c1581fec1c7fc4bf8ae12e3d8f0d0373dc844be?s=96&d=mm&r=g","contentUrl":"https:\/\/secure.gravatar.com\/avatar\/910fcf6728fe95320e07a6643c1581fec1c7fc4bf8ae12e3d8f0d0373dc844be?s=96&d=mm&r=g","caption":"Jorge Mi\u00f1o"},"sameAs":["http:\/\/radioinfinitagoya.com.ar"]}]}},"_links":{"self":[{"href":"https:\/\/radioinfinitagoya.com.ar\/v1\/wp-json\/wp\/v2\/posts\/191247","targetHints":{"allow":["GET"]}}],"collection":[{"href":"https:\/\/radioinfinitagoya.com.ar\/v1\/wp-json\/wp\/v2\/posts"}],"about":[{"href":"https:\/\/radioinfinitagoya.com.ar\/v1\/wp-json\/wp\/v2\/types\/post"}],"author":[{"embeddable":true,"href":"https:\/\/radioinfinitagoya.com.ar\/v1\/wp-json\/wp\/v2\/users\/4"}],"replies":[{"embeddable":true,"href":"https:\/\/radioinfinitagoya.com.ar\/v1\/wp-json\/wp\/v2\/comments?post=191247"}],"version-history":[{"count":0,"href":"https:\/\/radioinfinitagoya.com.ar\/v1\/wp-json\/wp\/v2\/posts\/191247\/revisions"}],"wp:featuredmedia":[{"embeddable":true,"href":"https:\/\/radioinfinitagoya.com.ar\/v1\/wp-json\/wp\/v2\/media\/191248"}],"wp:attachment":[{"href":"https:\/\/radioinfinitagoya.com.ar\/v1\/wp-json\/wp\/v2\/media?parent=191247"}],"wp:term":[{"taxonomy":"category","embeddable":true,"href":"https:\/\/radioinfinitagoya.com.ar\/v1\/wp-json\/wp\/v2\/categories?post=191247"},{"taxonomy":"post_tag","embeddable":true,"href":"https:\/\/radioinfinitagoya.com.ar\/v1\/wp-json\/wp\/v2\/tags?post=191247"}],"curies":[{"name":"wp","href":"https:\/\/api.w.org\/{rel}","templated":true}]}}