{"id":191253,"date":"2025-06-09T17:39:54","date_gmt":"2025-06-09T20:39:54","guid":{"rendered":"https:\/\/radioinfinitagoya.com.ar\/v1\/?p=191253"},"modified":"2025-06-09T17:39:54","modified_gmt":"2025-06-09T20:39:54","slug":"boca-unidos-perdio-con-mitre-en-el-debut-de-la-dupla-nunez-ricardone","status":"publish","type":"post","link":"https:\/\/radioinfinitagoya.com.ar\/v1\/2025\/06\/09\/boca-unidos-perdio-con-mitre-en-el-debut-de-la-dupla-nunez-ricardone\/","title":{"rendered":"Boca Unidos perdi\u00f3 con Mitre en el debut de la dupla N\u00fa\u00f1ez-Ricardone"},"content":{"rendered":"<p>En el estreno de los hist\u00f3ricos Rolando Ricardone y Cristian N\u00fa\u00f1ez como entrenadores, Boca Unidos perdi\u00f3 este domingo en el &#8220;Leoncio Ben\u00edtez&#8221; ante Mitre de Posadas por 2 a 1, en un correspondiente a la 13\u00ba fecha, cuarta de las revanchas de la primera fase de la Zona 4 del Torneo Federal &#8220;A&#8221; de F\u00fatbol. El &#8220;aurirrojo&#8221; ya suma cinco fechas sin poder ganar, sigue \u00faltimo en la tabla y en la pr\u00f3xima jornada visitar\u00e1 a Sarmiento de La Banda.<\/p>\n<p>En el inicio del partido fue parejo, con los dos equipos tratando de tener la posesi\u00f3n de la pelota, de cuidarla, de tener un buen manejo de bal\u00f3n y siendo prolijos, pero fue Boca Unidos el que tuvo la primera situaci\u00f3n de peligro a los 7\u00b4, luego de una buena combinaci\u00f3n, con pared incluida entre &#8220;Toni&#8221; Medina e Ignacio Colombini, que alcanz\u00f3 a tirar el centro para la llegada dentro del \u00e1rea de Maxi Osurak, que conecto el envi\u00f3, pero se fue por encima del travesa\u00f1o.<\/p>\n<p>A los 10\u00b4, el elenco de la ribera correntina iba a tener una nueva oportunidad, luego de otra buena combinaci\u00f3n entre el &#8220;Pela&#8221; G\u00f3mez y &#8220;Toni&#8221; Medina, para que el experimentado delantero saque el remate de zurda en la puerta del \u00e1rea grande, pero su disparo fue al centro del arco defendido por Guillermo Bachke, que logr\u00f3 contener sin problemas. A los 14\u00b4, el &#8220;Pela&#8221; G\u00f3mez pudo desbordar por el sector derecho, para sacar el centro, que encontr\u00f3 a Maxi Osurak, que de media vuelta pudo sacar un potente remate, que se fue por encima del travesa\u00f1o.<\/p>\n<p>A los 17\u00b4, Boca Unidos cont\u00f3 con una chance, luego de un tiro libre de Pablo Cuevas, que oblig\u00f3 al vuelo de Guillermo Bachke, que se tuvo que esforzar para evitar la ca\u00edda de su arco y mandar el bal\u00f3n al tiro de esquina. Tras ese pasaje muy favorable de Boca Unidos, Mitre comenz\u00f3 a ganar metros en el campo rival, a animarse, y a los 38\u00b4, con un buen desborde de Kevin Zarza por el sector derecho, lleg\u00f3 hasta el fondo para tirar el centro, y encontrar a Mat\u00edas Donato, que de taco la pudo desviar para quebrar la resistencia de &#8220;Nacho&#8221; Turnes, y poner al elenco misionero en ventaja por 1 a 0.<\/p>\n<p>Pero el equipo conducido por la dupla Cristi\u00e1n N\u00fa\u00f1ez &#8211; Rolando Ricardone iba a reaccionar r\u00e1pido, ya que en el cierre de la primera parte a los 45\u00b4, una jugada que se inicio en la mitad de la cancha con Diego S\u00e1nchez Paredes, que jug\u00f3 con &#8220;Toni&#8221; Medina, qui\u00e9n habilit\u00f3 por derecha al &#8220;Pela&#8221; G\u00f3mez, que ingres\u00f3 al \u00e1rea, se sac\u00f3 un defensor de encima, para tirar el centro por abajo, que cruz\u00f3 casi todo el arco de Mitre, y en el segundo palo Maxi Osurak logr\u00f3 conectar ese envi\u00f3, para vencer la resistencia de Guillermo Bachke, y poner el encuentro 1 a 1.<\/p>\n<p>En el complemento, Mitre fue el que golpe\u00f3 de entrada, ya que con un enorme tiro libre Gonzalo Melgarejo, que la termin\u00f3 colgando en el \u00e1ngulo del arco defendido por &#8220;Nacho&#8221; Turnes, que vol\u00f3 pero nada pudo hacer ante la precisa ejecuci\u00f3n. As\u00ed el elenco misionero se puso nuevamente en ventaja por 2 a 1. A los 16\u00b4, Boca Unidos tuvo el empate, luego de una combinaci\u00f3n de pases, para que Antonio Medina, ingrese al \u00e1rea, se haga el espacio para sacar el derechazo, que tuvo una gran respuesta de Guillermo Bachke, que contuvo el potente envi\u00f3 del &#8220;Toni&#8221;.<\/p>\n<p>En el tramo final del encuentro, Boca Unidos desesperadamente en busca de la igualdad, y se iba a quedar con un jugador menos a los 38\u00b4, por la expulsi\u00f3n de Ignacio Colombini por una agresi\u00f3n a Gonzalo Melgarejo. Mientras que tambi\u00e9n en ese pasaje, el \u00e1rbitro \u00c1lvaro Carranza tambi\u00e9n expulso a Rolando Ricardone, uno de los entrenadores del &#8220;aurirrojo&#8221;, por una airada protesta. As\u00ed los del barrio 17 de Agosto no pudieron dar vuelta la historia, y terminaron sufriendo una nueva derrota ante Mitre de Posadas en el estadio &#8220;Leoncio Ben\u00edtez&#8221; por 2 a 0, que los sigue dejando en el \u00faltimo puesto de la Zona 4.<\/p>\n<p>&nbsp;<\/p>\n","protected":false},"excerpt":{"rendered":"<p>En el estreno de los hist\u00f3ricos Rolando Ricardone y Cristian N\u00fa\u00f1ez como entrenadores, Boca Unidos perdi\u00f3 este domingo en el &#8220;Leoncio Ben\u00edtez&#8221; ante Mitre de Posadas por 2 a 1, en un correspondiente a la 13\u00ba fecha, cuarta de las revanchas de la primera fase de la Zona 4 del Torneo Federal &#8220;A&#8221; de F\u00fatbol. [&hellip;]<\/p>\n","protected":false},"author":4,"featured_media":191254,"comment_status":"closed","ping_status":"closed","sticky":false,"template":"","format":"standard","meta":{"_joinchat":[],"footnotes":""},"categories":[28],"tags":[],"class_list":{"0":"post-191253","1":"post","2":"type-post","3":"status-publish","4":"format-standard","5":"has-post-thumbnail","7":"category-deportes"},"yoast_head":"<!-- This site is optimized with the Yoast SEO plugin v27.2 - https:\/\/yoast.com\/product\/yoast-seo-wordpress\/ -->\n<title>Boca Unidos perdi\u00f3 con Mitre en el debut de la dupla N\u00fa\u00f1ez-Ricardone - Radio Infinita Goya<\/title>\n<meta name=\"description\" content=\"En el estreno de los hist\u00f3ricos Rolando Ricardone y Cristian N\u00fa\u00f1ez como entrenadores, Boca Unidos perdi\u00f3 este domingo en el &quot;Leoncio Ben\u00edtez&quot; ante Mitre\" \/>\n<meta name=\"robots\" content=\"index, follow, max-snippet:-1, max-image-preview:large, max-video-preview:-1\" \/>\n<link rel=\"canonical\" href=\"https:\/\/radioinfinitagoya.com.ar\/v1\/2025\/06\/09\/boca-unidos-perdio-con-mitre-en-el-debut-de-la-dupla-nunez-ricardone\/\" \/>\n<meta property=\"og:locale\" content=\"es_ES\" \/>\n<meta property=\"og:type\" content=\"article\" \/>\n<meta property=\"og:title\" content=\"Boca Unidos perdi\u00f3 con Mitre en el debut de la dupla N\u00fa\u00f1ez-Ricardone - Radio Infinita Goya\" \/>\n<meta property=\"og:description\" content=\"En el estreno de los hist\u00f3ricos Rolando Ricardone y Cristian N\u00fa\u00f1ez como entrenadores, Boca Unidos perdi\u00f3 este domingo en el &quot;Leoncio Ben\u00edtez&quot; ante Mitre\" \/>\n<meta property=\"og:url\" content=\"https:\/\/radioinfinitagoya.com.ar\/v1\/2025\/06\/09\/boca-unidos-perdio-con-mitre-en-el-debut-de-la-dupla-nunez-ricardone\/\" \/>\n<meta property=\"og:site_name\" content=\"Radio Infinita Goya\" \/>\n<meta property=\"article:publisher\" content=\"https:\/\/www.facebook.com\/p\/Infinita-Goya-100063870918311\/\" \/>\n<meta property=\"article:published_time\" content=\"2025-06-09T20:39:54+00:00\" \/>\n<meta property=\"og:image\" content=\"https:\/\/radioinfinitagoya.com.ar\/v1\/wp-content\/uploads\/2025\/06\/CABU-MITRE1.jpg\" \/>\n\t<meta property=\"og:image:width\" content=\"1130\" \/>\n\t<meta property=\"og:image:height\" content=\"832\" \/>\n\t<meta property=\"og:image:type\" content=\"image\/jpeg\" \/>\n<meta name=\"author\" content=\"Jorge Mi\u00f1o\" \/>\n<meta name=\"twitter:card\" content=\"summary_large_image\" \/>\n<meta name=\"twitter:label1\" content=\"Escrito por\" \/>\n\t<meta name=\"twitter:data1\" content=\"Jorge Mi\u00f1o\" \/>\n\t<meta name=\"twitter:label2\" content=\"Tiempo de lectura\" \/>\n\t<meta name=\"twitter:data2\" content=\"4 minutos\" \/>\n<script type=\"application\/ld+json\" class=\"yoast-schema-graph\">{\"@context\":\"https:\/\/schema.org\",\"@graph\":[{\"@type\":\"Article\",\"@id\":\"https:\/\/radioinfinitagoya.com.ar\/v1\/2025\/06\/09\/boca-unidos-perdio-con-mitre-en-el-debut-de-la-dupla-nunez-ricardone\/#article\",\"isPartOf\":{\"@id\":\"https:\/\/radioinfinitagoya.com.ar\/v1\/2025\/06\/09\/boca-unidos-perdio-con-mitre-en-el-debut-de-la-dupla-nunez-ricardone\/\"},\"author\":{\"name\":\"Jorge Mi\u00f1o\",\"@id\":\"https:\/\/radioinfinitagoya.com.ar\/v1\/#\/schema\/person\/d4cf9c413d4f6edb24aabdccab49ca4a\"},\"headline\":\"Boca Unidos perdi\u00f3 con Mitre en el debut de la dupla N\u00fa\u00f1ez-Ricardone\",\"datePublished\":\"2025-06-09T20:39:54+00:00\",\"mainEntityOfPage\":{\"@id\":\"https:\/\/radioinfinitagoya.com.ar\/v1\/2025\/06\/09\/boca-unidos-perdio-con-mitre-en-el-debut-de-la-dupla-nunez-ricardone\/\"},\"wordCount\":710,\"publisher\":{\"@id\":\"https:\/\/radioinfinitagoya.com.ar\/v1\/#organization\"},\"image\":{\"@id\":\"https:\/\/radioinfinitagoya.com.ar\/v1\/2025\/06\/09\/boca-unidos-perdio-con-mitre-en-el-debut-de-la-dupla-nunez-ricardone\/#primaryimage\"},\"thumbnailUrl\":\"https:\/\/radioinfinitagoya.com.ar\/v1\/wp-content\/uploads\/2025\/06\/CABU-MITRE1.jpg\",\"articleSection\":[\"DEPORTES\"],\"inLanguage\":\"es-AR\"},{\"@type\":\"WebPage\",\"@id\":\"https:\/\/radioinfinitagoya.com.ar\/v1\/2025\/06\/09\/boca-unidos-perdio-con-mitre-en-el-debut-de-la-dupla-nunez-ricardone\/\",\"url\":\"https:\/\/radioinfinitagoya.com.ar\/v1\/2025\/06\/09\/boca-unidos-perdio-con-mitre-en-el-debut-de-la-dupla-nunez-ricardone\/\",\"name\":\"Boca Unidos perdi\u00f3 con Mitre en el debut de la dupla N\u00fa\u00f1ez-Ricardone - Radio Infinita Goya\",\"isPartOf\":{\"@id\":\"https:\/\/radioinfinitagoya.com.ar\/v1\/#website\"},\"primaryImageOfPage\":{\"@id\":\"https:\/\/radioinfinitagoya.com.ar\/v1\/2025\/06\/09\/boca-unidos-perdio-con-mitre-en-el-debut-de-la-dupla-nunez-ricardone\/#primaryimage\"},\"image\":{\"@id\":\"https:\/\/radioinfinitagoya.com.ar\/v1\/2025\/06\/09\/boca-unidos-perdio-con-mitre-en-el-debut-de-la-dupla-nunez-ricardone\/#primaryimage\"},\"thumbnailUrl\":\"https:\/\/radioinfinitagoya.com.ar\/v1\/wp-content\/uploads\/2025\/06\/CABU-MITRE1.jpg\",\"datePublished\":\"2025-06-09T20:39:54+00:00\",\"description\":\"En el estreno de los hist\u00f3ricos Rolando Ricardone y Cristian N\u00fa\u00f1ez como entrenadores, Boca Unidos perdi\u00f3 este domingo en el \\\"Leoncio Ben\u00edtez\\\" ante Mitre\",\"breadcrumb\":{\"@id\":\"https:\/\/radioinfinitagoya.com.ar\/v1\/2025\/06\/09\/boca-unidos-perdio-con-mitre-en-el-debut-de-la-dupla-nunez-ricardone\/#breadcrumb\"},\"inLanguage\":\"es-AR\",\"potentialAction\":[{\"@type\":\"ReadAction\",\"target\":[\"https:\/\/radioinfinitagoya.com.ar\/v1\/2025\/06\/09\/boca-unidos-perdio-con-mitre-en-el-debut-de-la-dupla-nunez-ricardone\/\"]}]},{\"@type\":\"ImageObject\",\"inLanguage\":\"es-AR\",\"@id\":\"https:\/\/radioinfinitagoya.com.ar\/v1\/2025\/06\/09\/boca-unidos-perdio-con-mitre-en-el-debut-de-la-dupla-nunez-ricardone\/#primaryimage\",\"url\":\"https:\/\/radioinfinitagoya.com.ar\/v1\/wp-content\/uploads\/2025\/06\/CABU-MITRE1.jpg\",\"contentUrl\":\"https:\/\/radioinfinitagoya.com.ar\/v1\/wp-content\/uploads\/2025\/06\/CABU-MITRE1.jpg\",\"width\":1130,\"height\":832},{\"@type\":\"BreadcrumbList\",\"@id\":\"https:\/\/radioinfinitagoya.com.ar\/v1\/2025\/06\/09\/boca-unidos-perdio-con-mitre-en-el-debut-de-la-dupla-nunez-ricardone\/#breadcrumb\",\"itemListElement\":[{\"@type\":\"ListItem\",\"position\":1,\"name\":\"Inicio\",\"item\":\"https:\/\/radioinfinitagoya.com.ar\/v1\/\"},{\"@type\":\"ListItem\",\"position\":2,\"name\":\"Boca Unidos perdi\u00f3 con Mitre en el debut de la dupla N\u00fa\u00f1ez-Ricardone\"}]},{\"@type\":\"WebSite\",\"@id\":\"https:\/\/radioinfinitagoya.com.ar\/v1\/#website\",\"url\":\"https:\/\/radioinfinitagoya.com.ar\/v1\/\",\"name\":\"radioinfinitagoya.com.ar\",\"description\":\"Radio de noticias\",\"publisher\":{\"@id\":\"https:\/\/radioinfinitagoya.com.ar\/v1\/#organization\"},\"potentialAction\":[{\"@type\":\"SearchAction\",\"target\":{\"@type\":\"EntryPoint\",\"urlTemplate\":\"https:\/\/radioinfinitagoya.com.ar\/v1\/?s={search_term_string}\"},\"query-input\":{\"@type\":\"PropertyValueSpecification\",\"valueRequired\":true,\"valueName\":\"search_term_string\"}}],\"inLanguage\":\"es-AR\"},{\"@type\":\"Organization\",\"@id\":\"https:\/\/radioinfinitagoya.com.ar\/v1\/#organization\",\"name\":\"Radio Infinita Goya\",\"url\":\"https:\/\/radioinfinitagoya.com.ar\/v1\/\",\"logo\":{\"@type\":\"ImageObject\",\"inLanguage\":\"es-AR\",\"@id\":\"https:\/\/radioinfinitagoya.com.ar\/v1\/#\/schema\/logo\/image\/\",\"url\":\"https:\/\/radioinfinitagoya.com.ar\/v1\/wp-content\/uploads\/2019\/11\/logo-pie-web.png\",\"contentUrl\":\"https:\/\/radioinfinitagoya.com.ar\/v1\/wp-content\/uploads\/2019\/11\/logo-pie-web.png\",\"width\":635,\"height\":326,\"caption\":\"Radio Infinita Goya\"},\"image\":{\"@id\":\"https:\/\/radioinfinitagoya.com.ar\/v1\/#\/schema\/logo\/image\/\"},\"sameAs\":[\"https:\/\/www.facebook.com\/p\/Infinita-Goya-100063870918311\/\"]},{\"@type\":\"Person\",\"@id\":\"https:\/\/radioinfinitagoya.com.ar\/v1\/#\/schema\/person\/d4cf9c413d4f6edb24aabdccab49ca4a\",\"name\":\"Jorge Mi\u00f1o\",\"image\":{\"@type\":\"ImageObject\",\"inLanguage\":\"es-AR\",\"@id\":\"https:\/\/secure.gravatar.com\/avatar\/910fcf6728fe95320e07a6643c1581fec1c7fc4bf8ae12e3d8f0d0373dc844be?s=96&d=mm&r=g\",\"url\":\"https:\/\/secure.gravatar.com\/avatar\/910fcf6728fe95320e07a6643c1581fec1c7fc4bf8ae12e3d8f0d0373dc844be?s=96&d=mm&r=g\",\"contentUrl\":\"https:\/\/secure.gravatar.com\/avatar\/910fcf6728fe95320e07a6643c1581fec1c7fc4bf8ae12e3d8f0d0373dc844be?s=96&d=mm&r=g\",\"caption\":\"Jorge Mi\u00f1o\"},\"sameAs\":[\"http:\/\/radioinfinitagoya.com.ar\"]}]}<\/script>\n<!-- \/ Yoast SEO plugin. -->","yoast_head_json":{"title":"Boca Unidos perdi\u00f3 con Mitre en el debut de la dupla N\u00fa\u00f1ez-Ricardone - Radio Infinita Goya","description":"En el estreno de los hist\u00f3ricos Rolando Ricardone y Cristian N\u00fa\u00f1ez como entrenadores, Boca Unidos perdi\u00f3 este domingo en el \"Leoncio Ben\u00edtez\" ante Mitre","robots":{"index":"index","follow":"follow","max-snippet":"max-snippet:-1","max-image-preview":"max-image-preview:large","max-video-preview":"max-video-preview:-1"},"canonical":"https:\/\/radioinfinitagoya.com.ar\/v1\/2025\/06\/09\/boca-unidos-perdio-con-mitre-en-el-debut-de-la-dupla-nunez-ricardone\/","og_locale":"es_ES","og_type":"article","og_title":"Boca Unidos perdi\u00f3 con Mitre en el debut de la dupla N\u00fa\u00f1ez-Ricardone - Radio Infinita Goya","og_description":"En el estreno de los hist\u00f3ricos Rolando Ricardone y Cristian N\u00fa\u00f1ez como entrenadores, Boca Unidos perdi\u00f3 este domingo en el \"Leoncio Ben\u00edtez\" ante Mitre","og_url":"https:\/\/radioinfinitagoya.com.ar\/v1\/2025\/06\/09\/boca-unidos-perdio-con-mitre-en-el-debut-de-la-dupla-nunez-ricardone\/","og_site_name":"Radio Infinita Goya","article_publisher":"https:\/\/www.facebook.com\/p\/Infinita-Goya-100063870918311\/","article_published_time":"2025-06-09T20:39:54+00:00","og_image":[{"width":1130,"height":832,"url":"https:\/\/radioinfinitagoya.com.ar\/v1\/wp-content\/uploads\/2025\/06\/CABU-MITRE1.jpg","type":"image\/jpeg"}],"author":"Jorge Mi\u00f1o","twitter_card":"summary_large_image","twitter_misc":{"Escrito por":"Jorge Mi\u00f1o","Tiempo de lectura":"4 minutos"},"schema":{"@context":"https:\/\/schema.org","@graph":[{"@type":"Article","@id":"https:\/\/radioinfinitagoya.com.ar\/v1\/2025\/06\/09\/boca-unidos-perdio-con-mitre-en-el-debut-de-la-dupla-nunez-ricardone\/#article","isPartOf":{"@id":"https:\/\/radioinfinitagoya.com.ar\/v1\/2025\/06\/09\/boca-unidos-perdio-con-mitre-en-el-debut-de-la-dupla-nunez-ricardone\/"},"author":{"name":"Jorge Mi\u00f1o","@id":"https:\/\/radioinfinitagoya.com.ar\/v1\/#\/schema\/person\/d4cf9c413d4f6edb24aabdccab49ca4a"},"headline":"Boca Unidos perdi\u00f3 con Mitre en el debut de la dupla N\u00fa\u00f1ez-Ricardone","datePublished":"2025-06-09T20:39:54+00:00","mainEntityOfPage":{"@id":"https:\/\/radioinfinitagoya.com.ar\/v1\/2025\/06\/09\/boca-unidos-perdio-con-mitre-en-el-debut-de-la-dupla-nunez-ricardone\/"},"wordCount":710,"publisher":{"@id":"https:\/\/radioinfinitagoya.com.ar\/v1\/#organization"},"image":{"@id":"https:\/\/radioinfinitagoya.com.ar\/v1\/2025\/06\/09\/boca-unidos-perdio-con-mitre-en-el-debut-de-la-dupla-nunez-ricardone\/#primaryimage"},"thumbnailUrl":"https:\/\/radioinfinitagoya.com.ar\/v1\/wp-content\/uploads\/2025\/06\/CABU-MITRE1.jpg","articleSection":["DEPORTES"],"inLanguage":"es-AR"},{"@type":"WebPage","@id":"https:\/\/radioinfinitagoya.com.ar\/v1\/2025\/06\/09\/boca-unidos-perdio-con-mitre-en-el-debut-de-la-dupla-nunez-ricardone\/","url":"https:\/\/radioinfinitagoya.com.ar\/v1\/2025\/06\/09\/boca-unidos-perdio-con-mitre-en-el-debut-de-la-dupla-nunez-ricardone\/","name":"Boca Unidos perdi\u00f3 con Mitre en el debut de la dupla N\u00fa\u00f1ez-Ricardone - Radio Infinita Goya","isPartOf":{"@id":"https:\/\/radioinfinitagoya.com.ar\/v1\/#website"},"primaryImageOfPage":{"@id":"https:\/\/radioinfinitagoya.com.ar\/v1\/2025\/06\/09\/boca-unidos-perdio-con-mitre-en-el-debut-de-la-dupla-nunez-ricardone\/#primaryimage"},"image":{"@id":"https:\/\/radioinfinitagoya.com.ar\/v1\/2025\/06\/09\/boca-unidos-perdio-con-mitre-en-el-debut-de-la-dupla-nunez-ricardone\/#primaryimage"},"thumbnailUrl":"https:\/\/radioinfinitagoya.com.ar\/v1\/wp-content\/uploads\/2025\/06\/CABU-MITRE1.jpg","datePublished":"2025-06-09T20:39:54+00:00","description":"En el estreno de los hist\u00f3ricos Rolando Ricardone y Cristian N\u00fa\u00f1ez como entrenadores, Boca Unidos perdi\u00f3 este domingo en el \"Leoncio Ben\u00edtez\" ante Mitre","breadcrumb":{"@id":"https:\/\/radioinfinitagoya.com.ar\/v1\/2025\/06\/09\/boca-unidos-perdio-con-mitre-en-el-debut-de-la-dupla-nunez-ricardone\/#breadcrumb"},"inLanguage":"es-AR","potentialAction":[{"@type":"ReadAction","target":["https:\/\/radioinfinitagoya.com.ar\/v1\/2025\/06\/09\/boca-unidos-perdio-con-mitre-en-el-debut-de-la-dupla-nunez-ricardone\/"]}]},{"@type":"ImageObject","inLanguage":"es-AR","@id":"https:\/\/radioinfinitagoya.com.ar\/v1\/2025\/06\/09\/boca-unidos-perdio-con-mitre-en-el-debut-de-la-dupla-nunez-ricardone\/#primaryimage","url":"https:\/\/radioinfinitagoya.com.ar\/v1\/wp-content\/uploads\/2025\/06\/CABU-MITRE1.jpg","contentUrl":"https:\/\/radioinfinitagoya.com.ar\/v1\/wp-content\/uploads\/2025\/06\/CABU-MITRE1.jpg","width":1130,"height":832},{"@type":"BreadcrumbList","@id":"https:\/\/radioinfinitagoya.com.ar\/v1\/2025\/06\/09\/boca-unidos-perdio-con-mitre-en-el-debut-de-la-dupla-nunez-ricardone\/#breadcrumb","itemListElement":[{"@type":"ListItem","position":1,"name":"Inicio","item":"https:\/\/radioinfinitagoya.com.ar\/v1\/"},{"@type":"ListItem","position":2,"name":"Boca Unidos perdi\u00f3 con Mitre en el debut de la dupla N\u00fa\u00f1ez-Ricardone"}]},{"@type":"WebSite","@id":"https:\/\/radioinfinitagoya.com.ar\/v1\/#website","url":"https:\/\/radioinfinitagoya.com.ar\/v1\/","name":"radioinfinitagoya.com.ar","description":"Radio de noticias","publisher":{"@id":"https:\/\/radioinfinitagoya.com.ar\/v1\/#organization"},"potentialAction":[{"@type":"SearchAction","target":{"@type":"EntryPoint","urlTemplate":"https:\/\/radioinfinitagoya.com.ar\/v1\/?s={search_term_string}"},"query-input":{"@type":"PropertyValueSpecification","valueRequired":true,"valueName":"search_term_string"}}],"inLanguage":"es-AR"},{"@type":"Organization","@id":"https:\/\/radioinfinitagoya.com.ar\/v1\/#organization","name":"Radio Infinita Goya","url":"https:\/\/radioinfinitagoya.com.ar\/v1\/","logo":{"@type":"ImageObject","inLanguage":"es-AR","@id":"https:\/\/radioinfinitagoya.com.ar\/v1\/#\/schema\/logo\/image\/","url":"https:\/\/radioinfinitagoya.com.ar\/v1\/wp-content\/uploads\/2019\/11\/logo-pie-web.png","contentUrl":"https:\/\/radioinfinitagoya.com.ar\/v1\/wp-content\/uploads\/2019\/11\/logo-pie-web.png","width":635,"height":326,"caption":"Radio Infinita Goya"},"image":{"@id":"https:\/\/radioinfinitagoya.com.ar\/v1\/#\/schema\/logo\/image\/"},"sameAs":["https:\/\/www.facebook.com\/p\/Infinita-Goya-100063870918311\/"]},{"@type":"Person","@id":"https:\/\/radioinfinitagoya.com.ar\/v1\/#\/schema\/person\/d4cf9c413d4f6edb24aabdccab49ca4a","name":"Jorge Mi\u00f1o","image":{"@type":"ImageObject","inLanguage":"es-AR","@id":"https:\/\/secure.gravatar.com\/avatar\/910fcf6728fe95320e07a6643c1581fec1c7fc4bf8ae12e3d8f0d0373dc844be?s=96&d=mm&r=g","url":"https:\/\/secure.gravatar.com\/avatar\/910fcf6728fe95320e07a6643c1581fec1c7fc4bf8ae12e3d8f0d0373dc844be?s=96&d=mm&r=g","contentUrl":"https:\/\/secure.gravatar.com\/avatar\/910fcf6728fe95320e07a6643c1581fec1c7fc4bf8ae12e3d8f0d0373dc844be?s=96&d=mm&r=g","caption":"Jorge Mi\u00f1o"},"sameAs":["http:\/\/radioinfinitagoya.com.ar"]}]}},"_links":{"self":[{"href":"https:\/\/radioinfinitagoya.com.ar\/v1\/wp-json\/wp\/v2\/posts\/191253","targetHints":{"allow":["GET"]}}],"collection":[{"href":"https:\/\/radioinfinitagoya.com.ar\/v1\/wp-json\/wp\/v2\/posts"}],"about":[{"href":"https:\/\/radioinfinitagoya.com.ar\/v1\/wp-json\/wp\/v2\/types\/post"}],"author":[{"embeddable":true,"href":"https:\/\/radioinfinitagoya.com.ar\/v1\/wp-json\/wp\/v2\/users\/4"}],"replies":[{"embeddable":true,"href":"https:\/\/radioinfinitagoya.com.ar\/v1\/wp-json\/wp\/v2\/comments?post=191253"}],"version-history":[{"count":0,"href":"https:\/\/radioinfinitagoya.com.ar\/v1\/wp-json\/wp\/v2\/posts\/191253\/revisions"}],"wp:featuredmedia":[{"embeddable":true,"href":"https:\/\/radioinfinitagoya.com.ar\/v1\/wp-json\/wp\/v2\/media\/191254"}],"wp:attachment":[{"href":"https:\/\/radioinfinitagoya.com.ar\/v1\/wp-json\/wp\/v2\/media?parent=191253"}],"wp:term":[{"taxonomy":"category","embeddable":true,"href":"https:\/\/radioinfinitagoya.com.ar\/v1\/wp-json\/wp\/v2\/categories?post=191253"},{"taxonomy":"post_tag","embeddable":true,"href":"https:\/\/radioinfinitagoya.com.ar\/v1\/wp-json\/wp\/v2\/tags?post=191253"}],"curies":[{"name":"wp","href":"https:\/\/api.w.org\/{rel}","templated":true}]}}