{"id":191263,"date":"2025-06-10T16:33:24","date_gmt":"2025-06-10T19:33:24","guid":{"rendered":"https:\/\/radioinfinitagoya.com.ar\/v1\/?p=191263"},"modified":"2025-06-10T16:33:24","modified_gmt":"2025-06-10T19:33:24","slug":"cierran-la-catedral-de-corrientes-que-trabajos-se-desarrollaran-y-cuanto-durara","status":"publish","type":"post","link":"https:\/\/radioinfinitagoya.com.ar\/v1\/2025\/06\/10\/cierran-la-catedral-de-corrientes-que-trabajos-se-desarrollaran-y-cuanto-durara\/","title":{"rendered":"Cierran la Catedral de Corrientes: qu\u00e9 trabajos se desarrollar\u00e1n y cu\u00e1nto durar\u00e1"},"content":{"rendered":"<p>Se trata de la segunda etapa de las obras en la emblem\u00e1tica Iglesia.<\/p>\n<p>La Catedral de Corrientes \u201cNuestra Se\u00f1ora del Rosario\u201d, ubicada por Hip\u00f3lito Yrigoyen al 1542, cerr\u00f3 sus puertas este martes por obras de remodelaci\u00f3n. Se trata de la segunda etapa que inici\u00f3 el a\u00f1o pasado, pero esta vez en el interior de la Iglesia. Seg\u00fan pudo saber El Litoral, las obras estar\u00e1n listas para fin de a\u00f1o y se habilitar\u00e1n por tramos para que se puedan dar las misas.<\/p>\n<p>En el port\u00f3n de la emblem\u00e1tica Iglesia se puede ver un cartel que reza: \u201cTemplo clausurado por obras de refacci\u00f3n. Nos trasladamos al sal\u00f3n San Pablo por calle San Lorenzo 1035\u201d, y esto se debe a los trabajos que iniciaron esta semana.<\/p>\n<p>Como parte de la primera etapa, el a\u00f1o pasado iniciaron los trabajos en las veredas y fachada del lugar hist\u00f3rico, y ahora procede con la segunda etapa y consisten en demolici\u00f3n de revoques interiores y exteriores en sectores en mal estado para su posterior reparaci\u00f3n. Estos trabajos incluyen restauraci\u00f3n de confesionarios, v\u00eda crucis, altares, urna y cofre de cristo yacente y Virgen de los Dolores, incluyendo la instalaci\u00f3n de una sala de tableros.<\/p>\n<p>El Director de Planificaci\u00f3n de Obras del Ministerio de Obras P\u00fablicas de la provincia, Jos\u00e9 Metzner, se\u00f1al\u00f3 a El Litoral: \u201cSe interviene toda la instalaci\u00f3n, pintura, cielorraso, piso e iluminaci\u00f3n. Adem\u00e1s se instala un sistema de audio y el\u00e9ctrico y se restauran todas las im\u00e1genes religiosas\u201d<\/p>\n<p>En cuanto al plazo, el arquitecto explic\u00f3 a este medio que: \u201cLo terminamos para las fiestas de fin de a\u00f1o. Pero de igual manera est\u00e1 organizado de forma tal que dos o tres meses est\u00e9 cerrada completamente y despu\u00e9s puedan seguir con sus actividades. Esto est\u00e1 acordado con el padre de la Iglesia\u201d.<\/p>\n<p>Adem\u00e1s de la demolici\u00f3n de piso para conexi\u00f3n subterr\u00e1nea del cableado de audio y el\u00e9ctrico en sectores deteriorados para su posterior reposici\u00f3n, la remoci\u00f3n del contrapiso y cubierta del sector del altar para su posterior reparaci\u00f3n.<\/p>\n<p>Esto incluye la limpieza y desobstrucci\u00f3n de canales y desag\u00fces pluviales, adem\u00e1s de cubiertas existentes, c\u00fapula y su impermeabilizaci\u00f3n. Los trabajos tambi\u00e9n abarcan ajustes de carpinter\u00eda, retiro de cableado en mal estado, reparaci\u00f3n de cielorrasos y pinturas l\u00e1tex en el interior y exterior.<\/p>\n<p>Con la provisi\u00f3n y colocaci\u00f3n de tableros el\u00e9ctricos, bandejas portacables, luminarias en espacios requeridos, sistema de audio con amplificadores, proyectores y pantallas. Adem\u00e1s de sala de tableros, reloj y sistema aut\u00f3nomo para sonido de campanas. Esto incluye la reparaci\u00f3n de una columna en la escalera lateral, retiro de ventiladores de paredes y la reincorporaci\u00f3n.<\/p>\n","protected":false},"excerpt":{"rendered":"<p>Se trata de la segunda etapa de las obras en la emblem\u00e1tica Iglesia. La Catedral de Corrientes \u201cNuestra Se\u00f1ora del Rosario\u201d, ubicada por Hip\u00f3lito Yrigoyen al 1542, cerr\u00f3 sus puertas este martes por obras de remodelaci\u00f3n. Se trata de la segunda etapa que inici\u00f3 el a\u00f1o pasado, pero esta vez en el interior de la [&hellip;]<\/p>\n","protected":false},"author":4,"featured_media":191264,"comment_status":"closed","ping_status":"closed","sticky":false,"template":"","format":"standard","meta":{"_joinchat":[],"footnotes":""},"categories":[26],"tags":[],"class_list":{"0":"post-191263","1":"post","2":"type-post","3":"status-publish","4":"format-standard","5":"has-post-thumbnail","7":"category-provinciales"},"yoast_head":"<!-- This site is optimized with the Yoast SEO plugin v27.2 - https:\/\/yoast.com\/product\/yoast-seo-wordpress\/ -->\n<title>Cierran la Catedral de Corrientes: qu\u00e9 trabajos se desarrollar\u00e1n y cu\u00e1nto durar\u00e1 - Radio Infinita Goya<\/title>\n<meta name=\"description\" content=\"Se trata de la segunda etapa de las obras en la emblem\u00e1tica Iglesia. La Catedral de Corrientes \u201cNuestra Se\u00f1ora del Rosario\u201d, ubicada por Hip\u00f3lito Yrigoyen\" \/>\n<meta name=\"robots\" content=\"index, follow, max-snippet:-1, max-image-preview:large, max-video-preview:-1\" \/>\n<link rel=\"canonical\" href=\"https:\/\/radioinfinitagoya.com.ar\/v1\/2025\/06\/10\/cierran-la-catedral-de-corrientes-que-trabajos-se-desarrollaran-y-cuanto-durara\/\" \/>\n<meta property=\"og:locale\" content=\"es_ES\" \/>\n<meta property=\"og:type\" content=\"article\" \/>\n<meta property=\"og:title\" content=\"Cierran la Catedral de Corrientes: qu\u00e9 trabajos se desarrollar\u00e1n y cu\u00e1nto durar\u00e1 - Radio Infinita Goya\" \/>\n<meta property=\"og:description\" content=\"Se trata de la segunda etapa de las obras en la emblem\u00e1tica Iglesia. La Catedral de Corrientes \u201cNuestra Se\u00f1ora del Rosario\u201d, ubicada por Hip\u00f3lito Yrigoyen\" \/>\n<meta property=\"og:url\" content=\"https:\/\/radioinfinitagoya.com.ar\/v1\/2025\/06\/10\/cierran-la-catedral-de-corrientes-que-trabajos-se-desarrollaran-y-cuanto-durara\/\" \/>\n<meta property=\"og:site_name\" content=\"Radio Infinita Goya\" \/>\n<meta property=\"article:publisher\" content=\"https:\/\/www.facebook.com\/p\/Infinita-Goya-100063870918311\/\" \/>\n<meta property=\"article:published_time\" content=\"2025-06-10T19:33:24+00:00\" \/>\n<meta property=\"og:image\" content=\"https:\/\/radioinfinitagoya.com.ar\/v1\/wp-content\/uploads\/2025\/06\/1748991622479.jpg\" \/>\n\t<meta property=\"og:image:width\" content=\"807\" \/>\n\t<meta property=\"og:image:height\" content=\"601\" \/>\n\t<meta property=\"og:image:type\" content=\"image\/jpeg\" \/>\n<meta name=\"author\" content=\"Jorge Mi\u00f1o\" \/>\n<meta name=\"twitter:card\" content=\"summary_large_image\" \/>\n<meta name=\"twitter:label1\" content=\"Escrito por\" \/>\n\t<meta name=\"twitter:data1\" content=\"Jorge Mi\u00f1o\" \/>\n\t<meta name=\"twitter:label2\" content=\"Tiempo de lectura\" \/>\n\t<meta name=\"twitter:data2\" content=\"3 minutos\" \/>\n<script type=\"application\/ld+json\" class=\"yoast-schema-graph\">{\"@context\":\"https:\/\/schema.org\",\"@graph\":[{\"@type\":\"Article\",\"@id\":\"https:\/\/radioinfinitagoya.com.ar\/v1\/2025\/06\/10\/cierran-la-catedral-de-corrientes-que-trabajos-se-desarrollaran-y-cuanto-durara\/#article\",\"isPartOf\":{\"@id\":\"https:\/\/radioinfinitagoya.com.ar\/v1\/2025\/06\/10\/cierran-la-catedral-de-corrientes-que-trabajos-se-desarrollaran-y-cuanto-durara\/\"},\"author\":{\"name\":\"Jorge Mi\u00f1o\",\"@id\":\"https:\/\/radioinfinitagoya.com.ar\/v1\/#\/schema\/person\/d4cf9c413d4f6edb24aabdccab49ca4a\"},\"headline\":\"Cierran la Catedral de Corrientes: qu\u00e9 trabajos se desarrollar\u00e1n y cu\u00e1nto durar\u00e1\",\"datePublished\":\"2025-06-10T19:33:24+00:00\",\"mainEntityOfPage\":{\"@id\":\"https:\/\/radioinfinitagoya.com.ar\/v1\/2025\/06\/10\/cierran-la-catedral-de-corrientes-que-trabajos-se-desarrollaran-y-cuanto-durara\/\"},\"wordCount\":494,\"publisher\":{\"@id\":\"https:\/\/radioinfinitagoya.com.ar\/v1\/#organization\"},\"image\":{\"@id\":\"https:\/\/radioinfinitagoya.com.ar\/v1\/2025\/06\/10\/cierran-la-catedral-de-corrientes-que-trabajos-se-desarrollaran-y-cuanto-durara\/#primaryimage\"},\"thumbnailUrl\":\"https:\/\/radioinfinitagoya.com.ar\/v1\/wp-content\/uploads\/2025\/06\/1748991622479.jpg\",\"articleSection\":[\"PROVINCIALES\"],\"inLanguage\":\"es-AR\"},{\"@type\":\"WebPage\",\"@id\":\"https:\/\/radioinfinitagoya.com.ar\/v1\/2025\/06\/10\/cierran-la-catedral-de-corrientes-que-trabajos-se-desarrollaran-y-cuanto-durara\/\",\"url\":\"https:\/\/radioinfinitagoya.com.ar\/v1\/2025\/06\/10\/cierran-la-catedral-de-corrientes-que-trabajos-se-desarrollaran-y-cuanto-durara\/\",\"name\":\"Cierran la Catedral de Corrientes: qu\u00e9 trabajos se desarrollar\u00e1n y cu\u00e1nto durar\u00e1 - Radio Infinita Goya\",\"isPartOf\":{\"@id\":\"https:\/\/radioinfinitagoya.com.ar\/v1\/#website\"},\"primaryImageOfPage\":{\"@id\":\"https:\/\/radioinfinitagoya.com.ar\/v1\/2025\/06\/10\/cierran-la-catedral-de-corrientes-que-trabajos-se-desarrollaran-y-cuanto-durara\/#primaryimage\"},\"image\":{\"@id\":\"https:\/\/radioinfinitagoya.com.ar\/v1\/2025\/06\/10\/cierran-la-catedral-de-corrientes-que-trabajos-se-desarrollaran-y-cuanto-durara\/#primaryimage\"},\"thumbnailUrl\":\"https:\/\/radioinfinitagoya.com.ar\/v1\/wp-content\/uploads\/2025\/06\/1748991622479.jpg\",\"datePublished\":\"2025-06-10T19:33:24+00:00\",\"description\":\"Se trata de la segunda etapa de las obras en la emblem\u00e1tica Iglesia. La Catedral de Corrientes \u201cNuestra Se\u00f1ora del Rosario\u201d, ubicada por Hip\u00f3lito Yrigoyen\",\"breadcrumb\":{\"@id\":\"https:\/\/radioinfinitagoya.com.ar\/v1\/2025\/06\/10\/cierran-la-catedral-de-corrientes-que-trabajos-se-desarrollaran-y-cuanto-durara\/#breadcrumb\"},\"inLanguage\":\"es-AR\",\"potentialAction\":[{\"@type\":\"ReadAction\",\"target\":[\"https:\/\/radioinfinitagoya.com.ar\/v1\/2025\/06\/10\/cierran-la-catedral-de-corrientes-que-trabajos-se-desarrollaran-y-cuanto-durara\/\"]}]},{\"@type\":\"ImageObject\",\"inLanguage\":\"es-AR\",\"@id\":\"https:\/\/radioinfinitagoya.com.ar\/v1\/2025\/06\/10\/cierran-la-catedral-de-corrientes-que-trabajos-se-desarrollaran-y-cuanto-durara\/#primaryimage\",\"url\":\"https:\/\/radioinfinitagoya.com.ar\/v1\/wp-content\/uploads\/2025\/06\/1748991622479.jpg\",\"contentUrl\":\"https:\/\/radioinfinitagoya.com.ar\/v1\/wp-content\/uploads\/2025\/06\/1748991622479.jpg\",\"width\":807,\"height\":601},{\"@type\":\"BreadcrumbList\",\"@id\":\"https:\/\/radioinfinitagoya.com.ar\/v1\/2025\/06\/10\/cierran-la-catedral-de-corrientes-que-trabajos-se-desarrollaran-y-cuanto-durara\/#breadcrumb\",\"itemListElement\":[{\"@type\":\"ListItem\",\"position\":1,\"name\":\"Inicio\",\"item\":\"https:\/\/radioinfinitagoya.com.ar\/v1\/\"},{\"@type\":\"ListItem\",\"position\":2,\"name\":\"Cierran la Catedral de Corrientes: qu\u00e9 trabajos se desarrollar\u00e1n y cu\u00e1nto durar\u00e1\"}]},{\"@type\":\"WebSite\",\"@id\":\"https:\/\/radioinfinitagoya.com.ar\/v1\/#website\",\"url\":\"https:\/\/radioinfinitagoya.com.ar\/v1\/\",\"name\":\"radioinfinitagoya.com.ar\",\"description\":\"Radio de noticias\",\"publisher\":{\"@id\":\"https:\/\/radioinfinitagoya.com.ar\/v1\/#organization\"},\"potentialAction\":[{\"@type\":\"SearchAction\",\"target\":{\"@type\":\"EntryPoint\",\"urlTemplate\":\"https:\/\/radioinfinitagoya.com.ar\/v1\/?s={search_term_string}\"},\"query-input\":{\"@type\":\"PropertyValueSpecification\",\"valueRequired\":true,\"valueName\":\"search_term_string\"}}],\"inLanguage\":\"es-AR\"},{\"@type\":\"Organization\",\"@id\":\"https:\/\/radioinfinitagoya.com.ar\/v1\/#organization\",\"name\":\"Radio Infinita Goya\",\"url\":\"https:\/\/radioinfinitagoya.com.ar\/v1\/\",\"logo\":{\"@type\":\"ImageObject\",\"inLanguage\":\"es-AR\",\"@id\":\"https:\/\/radioinfinitagoya.com.ar\/v1\/#\/schema\/logo\/image\/\",\"url\":\"https:\/\/radioinfinitagoya.com.ar\/v1\/wp-content\/uploads\/2019\/11\/logo-pie-web.png\",\"contentUrl\":\"https:\/\/radioinfinitagoya.com.ar\/v1\/wp-content\/uploads\/2019\/11\/logo-pie-web.png\",\"width\":635,\"height\":326,\"caption\":\"Radio Infinita Goya\"},\"image\":{\"@id\":\"https:\/\/radioinfinitagoya.com.ar\/v1\/#\/schema\/logo\/image\/\"},\"sameAs\":[\"https:\/\/www.facebook.com\/p\/Infinita-Goya-100063870918311\/\"]},{\"@type\":\"Person\",\"@id\":\"https:\/\/radioinfinitagoya.com.ar\/v1\/#\/schema\/person\/d4cf9c413d4f6edb24aabdccab49ca4a\",\"name\":\"Jorge Mi\u00f1o\",\"image\":{\"@type\":\"ImageObject\",\"inLanguage\":\"es-AR\",\"@id\":\"https:\/\/secure.gravatar.com\/avatar\/910fcf6728fe95320e07a6643c1581fec1c7fc4bf8ae12e3d8f0d0373dc844be?s=96&d=mm&r=g\",\"url\":\"https:\/\/secure.gravatar.com\/avatar\/910fcf6728fe95320e07a6643c1581fec1c7fc4bf8ae12e3d8f0d0373dc844be?s=96&d=mm&r=g\",\"contentUrl\":\"https:\/\/secure.gravatar.com\/avatar\/910fcf6728fe95320e07a6643c1581fec1c7fc4bf8ae12e3d8f0d0373dc844be?s=96&d=mm&r=g\",\"caption\":\"Jorge Mi\u00f1o\"},\"sameAs\":[\"http:\/\/radioinfinitagoya.com.ar\"]}]}<\/script>\n<!-- \/ Yoast SEO plugin. -->","yoast_head_json":{"title":"Cierran la Catedral de Corrientes: qu\u00e9 trabajos se desarrollar\u00e1n y cu\u00e1nto durar\u00e1 - Radio Infinita Goya","description":"Se trata de la segunda etapa de las obras en la emblem\u00e1tica Iglesia. La Catedral de Corrientes \u201cNuestra Se\u00f1ora del Rosario\u201d, ubicada por Hip\u00f3lito Yrigoyen","robots":{"index":"index","follow":"follow","max-snippet":"max-snippet:-1","max-image-preview":"max-image-preview:large","max-video-preview":"max-video-preview:-1"},"canonical":"https:\/\/radioinfinitagoya.com.ar\/v1\/2025\/06\/10\/cierran-la-catedral-de-corrientes-que-trabajos-se-desarrollaran-y-cuanto-durara\/","og_locale":"es_ES","og_type":"article","og_title":"Cierran la Catedral de Corrientes: qu\u00e9 trabajos se desarrollar\u00e1n y cu\u00e1nto durar\u00e1 - Radio Infinita Goya","og_description":"Se trata de la segunda etapa de las obras en la emblem\u00e1tica Iglesia. La Catedral de Corrientes \u201cNuestra Se\u00f1ora del Rosario\u201d, ubicada por Hip\u00f3lito Yrigoyen","og_url":"https:\/\/radioinfinitagoya.com.ar\/v1\/2025\/06\/10\/cierran-la-catedral-de-corrientes-que-trabajos-se-desarrollaran-y-cuanto-durara\/","og_site_name":"Radio Infinita Goya","article_publisher":"https:\/\/www.facebook.com\/p\/Infinita-Goya-100063870918311\/","article_published_time":"2025-06-10T19:33:24+00:00","og_image":[{"width":807,"height":601,"url":"https:\/\/radioinfinitagoya.com.ar\/v1\/wp-content\/uploads\/2025\/06\/1748991622479.jpg","type":"image\/jpeg"}],"author":"Jorge Mi\u00f1o","twitter_card":"summary_large_image","twitter_misc":{"Escrito por":"Jorge Mi\u00f1o","Tiempo de lectura":"3 minutos"},"schema":{"@context":"https:\/\/schema.org","@graph":[{"@type":"Article","@id":"https:\/\/radioinfinitagoya.com.ar\/v1\/2025\/06\/10\/cierran-la-catedral-de-corrientes-que-trabajos-se-desarrollaran-y-cuanto-durara\/#article","isPartOf":{"@id":"https:\/\/radioinfinitagoya.com.ar\/v1\/2025\/06\/10\/cierran-la-catedral-de-corrientes-que-trabajos-se-desarrollaran-y-cuanto-durara\/"},"author":{"name":"Jorge Mi\u00f1o","@id":"https:\/\/radioinfinitagoya.com.ar\/v1\/#\/schema\/person\/d4cf9c413d4f6edb24aabdccab49ca4a"},"headline":"Cierran la Catedral de Corrientes: qu\u00e9 trabajos se desarrollar\u00e1n y cu\u00e1nto durar\u00e1","datePublished":"2025-06-10T19:33:24+00:00","mainEntityOfPage":{"@id":"https:\/\/radioinfinitagoya.com.ar\/v1\/2025\/06\/10\/cierran-la-catedral-de-corrientes-que-trabajos-se-desarrollaran-y-cuanto-durara\/"},"wordCount":494,"publisher":{"@id":"https:\/\/radioinfinitagoya.com.ar\/v1\/#organization"},"image":{"@id":"https:\/\/radioinfinitagoya.com.ar\/v1\/2025\/06\/10\/cierran-la-catedral-de-corrientes-que-trabajos-se-desarrollaran-y-cuanto-durara\/#primaryimage"},"thumbnailUrl":"https:\/\/radioinfinitagoya.com.ar\/v1\/wp-content\/uploads\/2025\/06\/1748991622479.jpg","articleSection":["PROVINCIALES"],"inLanguage":"es-AR"},{"@type":"WebPage","@id":"https:\/\/radioinfinitagoya.com.ar\/v1\/2025\/06\/10\/cierran-la-catedral-de-corrientes-que-trabajos-se-desarrollaran-y-cuanto-durara\/","url":"https:\/\/radioinfinitagoya.com.ar\/v1\/2025\/06\/10\/cierran-la-catedral-de-corrientes-que-trabajos-se-desarrollaran-y-cuanto-durara\/","name":"Cierran la Catedral de Corrientes: qu\u00e9 trabajos se desarrollar\u00e1n y cu\u00e1nto durar\u00e1 - Radio Infinita Goya","isPartOf":{"@id":"https:\/\/radioinfinitagoya.com.ar\/v1\/#website"},"primaryImageOfPage":{"@id":"https:\/\/radioinfinitagoya.com.ar\/v1\/2025\/06\/10\/cierran-la-catedral-de-corrientes-que-trabajos-se-desarrollaran-y-cuanto-durara\/#primaryimage"},"image":{"@id":"https:\/\/radioinfinitagoya.com.ar\/v1\/2025\/06\/10\/cierran-la-catedral-de-corrientes-que-trabajos-se-desarrollaran-y-cuanto-durara\/#primaryimage"},"thumbnailUrl":"https:\/\/radioinfinitagoya.com.ar\/v1\/wp-content\/uploads\/2025\/06\/1748991622479.jpg","datePublished":"2025-06-10T19:33:24+00:00","description":"Se trata de la segunda etapa de las obras en la emblem\u00e1tica Iglesia. La Catedral de Corrientes \u201cNuestra Se\u00f1ora del Rosario\u201d, ubicada por Hip\u00f3lito Yrigoyen","breadcrumb":{"@id":"https:\/\/radioinfinitagoya.com.ar\/v1\/2025\/06\/10\/cierran-la-catedral-de-corrientes-que-trabajos-se-desarrollaran-y-cuanto-durara\/#breadcrumb"},"inLanguage":"es-AR","potentialAction":[{"@type":"ReadAction","target":["https:\/\/radioinfinitagoya.com.ar\/v1\/2025\/06\/10\/cierran-la-catedral-de-corrientes-que-trabajos-se-desarrollaran-y-cuanto-durara\/"]}]},{"@type":"ImageObject","inLanguage":"es-AR","@id":"https:\/\/radioinfinitagoya.com.ar\/v1\/2025\/06\/10\/cierran-la-catedral-de-corrientes-que-trabajos-se-desarrollaran-y-cuanto-durara\/#primaryimage","url":"https:\/\/radioinfinitagoya.com.ar\/v1\/wp-content\/uploads\/2025\/06\/1748991622479.jpg","contentUrl":"https:\/\/radioinfinitagoya.com.ar\/v1\/wp-content\/uploads\/2025\/06\/1748991622479.jpg","width":807,"height":601},{"@type":"BreadcrumbList","@id":"https:\/\/radioinfinitagoya.com.ar\/v1\/2025\/06\/10\/cierran-la-catedral-de-corrientes-que-trabajos-se-desarrollaran-y-cuanto-durara\/#breadcrumb","itemListElement":[{"@type":"ListItem","position":1,"name":"Inicio","item":"https:\/\/radioinfinitagoya.com.ar\/v1\/"},{"@type":"ListItem","position":2,"name":"Cierran la Catedral de Corrientes: qu\u00e9 trabajos se desarrollar\u00e1n y cu\u00e1nto durar\u00e1"}]},{"@type":"WebSite","@id":"https:\/\/radioinfinitagoya.com.ar\/v1\/#website","url":"https:\/\/radioinfinitagoya.com.ar\/v1\/","name":"radioinfinitagoya.com.ar","description":"Radio de noticias","publisher":{"@id":"https:\/\/radioinfinitagoya.com.ar\/v1\/#organization"},"potentialAction":[{"@type":"SearchAction","target":{"@type":"EntryPoint","urlTemplate":"https:\/\/radioinfinitagoya.com.ar\/v1\/?s={search_term_string}"},"query-input":{"@type":"PropertyValueSpecification","valueRequired":true,"valueName":"search_term_string"}}],"inLanguage":"es-AR"},{"@type":"Organization","@id":"https:\/\/radioinfinitagoya.com.ar\/v1\/#organization","name":"Radio Infinita Goya","url":"https:\/\/radioinfinitagoya.com.ar\/v1\/","logo":{"@type":"ImageObject","inLanguage":"es-AR","@id":"https:\/\/radioinfinitagoya.com.ar\/v1\/#\/schema\/logo\/image\/","url":"https:\/\/radioinfinitagoya.com.ar\/v1\/wp-content\/uploads\/2019\/11\/logo-pie-web.png","contentUrl":"https:\/\/radioinfinitagoya.com.ar\/v1\/wp-content\/uploads\/2019\/11\/logo-pie-web.png","width":635,"height":326,"caption":"Radio Infinita Goya"},"image":{"@id":"https:\/\/radioinfinitagoya.com.ar\/v1\/#\/schema\/logo\/image\/"},"sameAs":["https:\/\/www.facebook.com\/p\/Infinita-Goya-100063870918311\/"]},{"@type":"Person","@id":"https:\/\/radioinfinitagoya.com.ar\/v1\/#\/schema\/person\/d4cf9c413d4f6edb24aabdccab49ca4a","name":"Jorge Mi\u00f1o","image":{"@type":"ImageObject","inLanguage":"es-AR","@id":"https:\/\/secure.gravatar.com\/avatar\/910fcf6728fe95320e07a6643c1581fec1c7fc4bf8ae12e3d8f0d0373dc844be?s=96&d=mm&r=g","url":"https:\/\/secure.gravatar.com\/avatar\/910fcf6728fe95320e07a6643c1581fec1c7fc4bf8ae12e3d8f0d0373dc844be?s=96&d=mm&r=g","contentUrl":"https:\/\/secure.gravatar.com\/avatar\/910fcf6728fe95320e07a6643c1581fec1c7fc4bf8ae12e3d8f0d0373dc844be?s=96&d=mm&r=g","caption":"Jorge Mi\u00f1o"},"sameAs":["http:\/\/radioinfinitagoya.com.ar"]}]}},"_links":{"self":[{"href":"https:\/\/radioinfinitagoya.com.ar\/v1\/wp-json\/wp\/v2\/posts\/191263","targetHints":{"allow":["GET"]}}],"collection":[{"href":"https:\/\/radioinfinitagoya.com.ar\/v1\/wp-json\/wp\/v2\/posts"}],"about":[{"href":"https:\/\/radioinfinitagoya.com.ar\/v1\/wp-json\/wp\/v2\/types\/post"}],"author":[{"embeddable":true,"href":"https:\/\/radioinfinitagoya.com.ar\/v1\/wp-json\/wp\/v2\/users\/4"}],"replies":[{"embeddable":true,"href":"https:\/\/radioinfinitagoya.com.ar\/v1\/wp-json\/wp\/v2\/comments?post=191263"}],"version-history":[{"count":0,"href":"https:\/\/radioinfinitagoya.com.ar\/v1\/wp-json\/wp\/v2\/posts\/191263\/revisions"}],"wp:featuredmedia":[{"embeddable":true,"href":"https:\/\/radioinfinitagoya.com.ar\/v1\/wp-json\/wp\/v2\/media\/191264"}],"wp:attachment":[{"href":"https:\/\/radioinfinitagoya.com.ar\/v1\/wp-json\/wp\/v2\/media?parent=191263"}],"wp:term":[{"taxonomy":"category","embeddable":true,"href":"https:\/\/radioinfinitagoya.com.ar\/v1\/wp-json\/wp\/v2\/categories?post=191263"},{"taxonomy":"post_tag","embeddable":true,"href":"https:\/\/radioinfinitagoya.com.ar\/v1\/wp-json\/wp\/v2\/tags?post=191263"}],"curies":[{"name":"wp","href":"https:\/\/api.w.org\/{rel}","templated":true}]}}