{"id":191266,"date":"2025-06-10T16:41:33","date_gmt":"2025-06-10T19:41:33","guid":{"rendered":"https:\/\/radioinfinitagoya.com.ar\/v1\/?p=191266"},"modified":"2025-06-10T16:41:33","modified_gmt":"2025-06-10T19:41:33","slug":"un-hospital-del-interior-de-corrientes-realizo-su-primera-operacion-laparoscopica","status":"publish","type":"post","link":"https:\/\/radioinfinitagoya.com.ar\/v1\/2025\/06\/10\/un-hospital-del-interior-de-corrientes-realizo-su-primera-operacion-laparoscopica\/","title":{"rendered":"Un hospital del interior de Corrientes realiz\u00f3 su primera operaci\u00f3n laparosc\u00f3pica"},"content":{"rendered":"<p>La directora del nosocomio inform\u00f3 que las cirug\u00edas de este tipo se realizar\u00e1n de manera programada todas las semanas.<\/p>\n<p>El hospital \u201cEl Salvador\u201d de Bella Vista realiz\u00f3 con \u00e9xito la primera cirug\u00eda laparosc\u00f3pica en la localidad. Esta intervenci\u00f3n fue posible gracias al equipamiento e instrumental entregado por el gobierno provincial.<\/p>\n<p>La directora del hospital, Roc\u00edo Bruzzo, dijo al respecto que \u201ceste tipo de procedimiento permite una recuperaci\u00f3n m\u00e1s r\u00e1pida y menos d\u00edas de internaci\u00f3n para los pacientes\u201d.<\/p>\n<p>Desde este hito para la localidad, Bruzzo agreg\u00f3 que las cirug\u00edas laparosc\u00f3picas se realizar\u00e1n de manera programada todas las semanas.<\/p>\n<p>En el hospital se realizan un total de m\u00e1s de 4.000 atenciones por mes, 1.800 por Consultorio Externo, 660 internaciones y m\u00e1s de 1.500 consultas por servicio de Emergencia.<\/p>\n<p>El hospital El Salvador es cabecera en la Regi\u00f3n Sanitaria 2. Fue creado el 12 de octubre de 1894. Actualmente el centro de salud es uno de los edificios sanitarios que ha crecido notablemente en servicios, tecnolog\u00eda y equipamiento que da cobertura a los bellavistenses y habitantes de zonas aleda\u00f1as.<\/p>\n<p>&nbsp;<\/p>\n","protected":false},"excerpt":{"rendered":"<p>La directora del nosocomio inform\u00f3 que las cirug\u00edas de este tipo se realizar\u00e1n de manera programada todas las semanas. El hospital \u201cEl Salvador\u201d de Bella Vista realiz\u00f3 con \u00e9xito la primera cirug\u00eda laparosc\u00f3pica en la localidad. Esta intervenci\u00f3n fue posible gracias al equipamiento e instrumental entregado por el gobierno provincial. La directora del hospital, Roc\u00edo [&hellip;]<\/p>\n","protected":false},"author":4,"featured_media":191267,"comment_status":"closed","ping_status":"closed","sticky":false,"template":"","format":"standard","meta":{"_joinchat":[],"footnotes":""},"categories":[26],"tags":[],"class_list":{"0":"post-191266","1":"post","2":"type-post","3":"status-publish","4":"format-standard","5":"has-post-thumbnail","7":"category-provinciales"},"yoast_head":"<!-- This site is optimized with the Yoast SEO plugin v27.2 - https:\/\/yoast.com\/product\/yoast-seo-wordpress\/ -->\n<title>Un hospital del interior de Corrientes realiz\u00f3 su primera operaci\u00f3n laparosc\u00f3pica - Radio Infinita Goya<\/title>\n<meta name=\"description\" content=\"La directora del nosocomio inform\u00f3 que las cirug\u00edas de este tipo se realizar\u00e1n de manera programada todas las semanas. El hospital \u201cEl Salvador\u201d de Bella\" \/>\n<meta name=\"robots\" content=\"index, follow, max-snippet:-1, max-image-preview:large, max-video-preview:-1\" \/>\n<link rel=\"canonical\" href=\"https:\/\/radioinfinitagoya.com.ar\/v1\/2025\/06\/10\/un-hospital-del-interior-de-corrientes-realizo-su-primera-operacion-laparoscopica\/\" \/>\n<meta property=\"og:locale\" content=\"es_ES\" \/>\n<meta property=\"og:type\" content=\"article\" \/>\n<meta property=\"og:title\" content=\"Un hospital del interior de Corrientes realiz\u00f3 su primera operaci\u00f3n laparosc\u00f3pica - Radio Infinita Goya\" \/>\n<meta property=\"og:description\" content=\"La directora del nosocomio inform\u00f3 que las cirug\u00edas de este tipo se realizar\u00e1n de manera programada todas las semanas. El hospital \u201cEl Salvador\u201d de Bella\" \/>\n<meta property=\"og:url\" content=\"https:\/\/radioinfinitagoya.com.ar\/v1\/2025\/06\/10\/un-hospital-del-interior-de-corrientes-realizo-su-primera-operacion-laparoscopica\/\" \/>\n<meta property=\"og:site_name\" content=\"Radio Infinita Goya\" \/>\n<meta property=\"article:publisher\" content=\"https:\/\/www.facebook.com\/p\/Infinita-Goya-100063870918311\/\" \/>\n<meta property=\"article:published_time\" content=\"2025-06-10T19:41:33+00:00\" \/>\n<meta property=\"og:image\" content=\"https:\/\/radioinfinitagoya.com.ar\/v1\/wp-content\/uploads\/2025\/06\/1749566516362.webp\" \/>\n\t<meta property=\"og:image:width\" content=\"1200\" \/>\n\t<meta property=\"og:image:height\" content=\"675\" \/>\n\t<meta property=\"og:image:type\" content=\"image\/webp\" \/>\n<meta name=\"author\" content=\"Jorge Mi\u00f1o\" \/>\n<meta name=\"twitter:card\" content=\"summary_large_image\" \/>\n<meta name=\"twitter:label1\" content=\"Escrito por\" \/>\n\t<meta name=\"twitter:data1\" content=\"Jorge Mi\u00f1o\" \/>\n\t<meta name=\"twitter:label2\" content=\"Tiempo de lectura\" \/>\n\t<meta name=\"twitter:data2\" content=\"2 minutos\" \/>\n<script type=\"application\/ld+json\" class=\"yoast-schema-graph\">{\"@context\":\"https:\/\/schema.org\",\"@graph\":[{\"@type\":\"Article\",\"@id\":\"https:\/\/radioinfinitagoya.com.ar\/v1\/2025\/06\/10\/un-hospital-del-interior-de-corrientes-realizo-su-primera-operacion-laparoscopica\/#article\",\"isPartOf\":{\"@id\":\"https:\/\/radioinfinitagoya.com.ar\/v1\/2025\/06\/10\/un-hospital-del-interior-de-corrientes-realizo-su-primera-operacion-laparoscopica\/\"},\"author\":{\"name\":\"Jorge Mi\u00f1o\",\"@id\":\"https:\/\/radioinfinitagoya.com.ar\/v1\/#\/schema\/person\/d4cf9c413d4f6edb24aabdccab49ca4a\"},\"headline\":\"Un hospital del interior de Corrientes realiz\u00f3 su primera operaci\u00f3n laparosc\u00f3pica\",\"datePublished\":\"2025-06-10T19:41:33+00:00\",\"mainEntityOfPage\":{\"@id\":\"https:\/\/radioinfinitagoya.com.ar\/v1\/2025\/06\/10\/un-hospital-del-interior-de-corrientes-realizo-su-primera-operacion-laparoscopica\/\"},\"wordCount\":202,\"publisher\":{\"@id\":\"https:\/\/radioinfinitagoya.com.ar\/v1\/#organization\"},\"image\":{\"@id\":\"https:\/\/radioinfinitagoya.com.ar\/v1\/2025\/06\/10\/un-hospital-del-interior-de-corrientes-realizo-su-primera-operacion-laparoscopica\/#primaryimage\"},\"thumbnailUrl\":\"https:\/\/radioinfinitagoya.com.ar\/v1\/wp-content\/uploads\/2025\/06\/1749566516362.webp\",\"articleSection\":[\"PROVINCIALES\"],\"inLanguage\":\"es-AR\"},{\"@type\":\"WebPage\",\"@id\":\"https:\/\/radioinfinitagoya.com.ar\/v1\/2025\/06\/10\/un-hospital-del-interior-de-corrientes-realizo-su-primera-operacion-laparoscopica\/\",\"url\":\"https:\/\/radioinfinitagoya.com.ar\/v1\/2025\/06\/10\/un-hospital-del-interior-de-corrientes-realizo-su-primera-operacion-laparoscopica\/\",\"name\":\"Un hospital del interior de Corrientes realiz\u00f3 su primera operaci\u00f3n laparosc\u00f3pica - Radio Infinita Goya\",\"isPartOf\":{\"@id\":\"https:\/\/radioinfinitagoya.com.ar\/v1\/#website\"},\"primaryImageOfPage\":{\"@id\":\"https:\/\/radioinfinitagoya.com.ar\/v1\/2025\/06\/10\/un-hospital-del-interior-de-corrientes-realizo-su-primera-operacion-laparoscopica\/#primaryimage\"},\"image\":{\"@id\":\"https:\/\/radioinfinitagoya.com.ar\/v1\/2025\/06\/10\/un-hospital-del-interior-de-corrientes-realizo-su-primera-operacion-laparoscopica\/#primaryimage\"},\"thumbnailUrl\":\"https:\/\/radioinfinitagoya.com.ar\/v1\/wp-content\/uploads\/2025\/06\/1749566516362.webp\",\"datePublished\":\"2025-06-10T19:41:33+00:00\",\"description\":\"La directora del nosocomio inform\u00f3 que las cirug\u00edas de este tipo se realizar\u00e1n de manera programada todas las semanas. El hospital \u201cEl Salvador\u201d de Bella\",\"breadcrumb\":{\"@id\":\"https:\/\/radioinfinitagoya.com.ar\/v1\/2025\/06\/10\/un-hospital-del-interior-de-corrientes-realizo-su-primera-operacion-laparoscopica\/#breadcrumb\"},\"inLanguage\":\"es-AR\",\"potentialAction\":[{\"@type\":\"ReadAction\",\"target\":[\"https:\/\/radioinfinitagoya.com.ar\/v1\/2025\/06\/10\/un-hospital-del-interior-de-corrientes-realizo-su-primera-operacion-laparoscopica\/\"]}]},{\"@type\":\"ImageObject\",\"inLanguage\":\"es-AR\",\"@id\":\"https:\/\/radioinfinitagoya.com.ar\/v1\/2025\/06\/10\/un-hospital-del-interior-de-corrientes-realizo-su-primera-operacion-laparoscopica\/#primaryimage\",\"url\":\"https:\/\/radioinfinitagoya.com.ar\/v1\/wp-content\/uploads\/2025\/06\/1749566516362.webp\",\"contentUrl\":\"https:\/\/radioinfinitagoya.com.ar\/v1\/wp-content\/uploads\/2025\/06\/1749566516362.webp\",\"width\":1200,\"height\":675},{\"@type\":\"BreadcrumbList\",\"@id\":\"https:\/\/radioinfinitagoya.com.ar\/v1\/2025\/06\/10\/un-hospital-del-interior-de-corrientes-realizo-su-primera-operacion-laparoscopica\/#breadcrumb\",\"itemListElement\":[{\"@type\":\"ListItem\",\"position\":1,\"name\":\"Inicio\",\"item\":\"https:\/\/radioinfinitagoya.com.ar\/v1\/\"},{\"@type\":\"ListItem\",\"position\":2,\"name\":\"Un hospital del interior de Corrientes realiz\u00f3 su primera operaci\u00f3n laparosc\u00f3pica\"}]},{\"@type\":\"WebSite\",\"@id\":\"https:\/\/radioinfinitagoya.com.ar\/v1\/#website\",\"url\":\"https:\/\/radioinfinitagoya.com.ar\/v1\/\",\"name\":\"radioinfinitagoya.com.ar\",\"description\":\"Radio de noticias\",\"publisher\":{\"@id\":\"https:\/\/radioinfinitagoya.com.ar\/v1\/#organization\"},\"potentialAction\":[{\"@type\":\"SearchAction\",\"target\":{\"@type\":\"EntryPoint\",\"urlTemplate\":\"https:\/\/radioinfinitagoya.com.ar\/v1\/?s={search_term_string}\"},\"query-input\":{\"@type\":\"PropertyValueSpecification\",\"valueRequired\":true,\"valueName\":\"search_term_string\"}}],\"inLanguage\":\"es-AR\"},{\"@type\":\"Organization\",\"@id\":\"https:\/\/radioinfinitagoya.com.ar\/v1\/#organization\",\"name\":\"Radio Infinita Goya\",\"url\":\"https:\/\/radioinfinitagoya.com.ar\/v1\/\",\"logo\":{\"@type\":\"ImageObject\",\"inLanguage\":\"es-AR\",\"@id\":\"https:\/\/radioinfinitagoya.com.ar\/v1\/#\/schema\/logo\/image\/\",\"url\":\"https:\/\/radioinfinitagoya.com.ar\/v1\/wp-content\/uploads\/2019\/11\/logo-pie-web.png\",\"contentUrl\":\"https:\/\/radioinfinitagoya.com.ar\/v1\/wp-content\/uploads\/2019\/11\/logo-pie-web.png\",\"width\":635,\"height\":326,\"caption\":\"Radio Infinita Goya\"},\"image\":{\"@id\":\"https:\/\/radioinfinitagoya.com.ar\/v1\/#\/schema\/logo\/image\/\"},\"sameAs\":[\"https:\/\/www.facebook.com\/p\/Infinita-Goya-100063870918311\/\"]},{\"@type\":\"Person\",\"@id\":\"https:\/\/radioinfinitagoya.com.ar\/v1\/#\/schema\/person\/d4cf9c413d4f6edb24aabdccab49ca4a\",\"name\":\"Jorge Mi\u00f1o\",\"image\":{\"@type\":\"ImageObject\",\"inLanguage\":\"es-AR\",\"@id\":\"https:\/\/secure.gravatar.com\/avatar\/910fcf6728fe95320e07a6643c1581fec1c7fc4bf8ae12e3d8f0d0373dc844be?s=96&d=mm&r=g\",\"url\":\"https:\/\/secure.gravatar.com\/avatar\/910fcf6728fe95320e07a6643c1581fec1c7fc4bf8ae12e3d8f0d0373dc844be?s=96&d=mm&r=g\",\"contentUrl\":\"https:\/\/secure.gravatar.com\/avatar\/910fcf6728fe95320e07a6643c1581fec1c7fc4bf8ae12e3d8f0d0373dc844be?s=96&d=mm&r=g\",\"caption\":\"Jorge Mi\u00f1o\"},\"sameAs\":[\"http:\/\/radioinfinitagoya.com.ar\"]}]}<\/script>\n<!-- \/ Yoast SEO plugin. -->","yoast_head_json":{"title":"Un hospital del interior de Corrientes realiz\u00f3 su primera operaci\u00f3n laparosc\u00f3pica - Radio Infinita Goya","description":"La directora del nosocomio inform\u00f3 que las cirug\u00edas de este tipo se realizar\u00e1n de manera programada todas las semanas. El hospital \u201cEl Salvador\u201d de Bella","robots":{"index":"index","follow":"follow","max-snippet":"max-snippet:-1","max-image-preview":"max-image-preview:large","max-video-preview":"max-video-preview:-1"},"canonical":"https:\/\/radioinfinitagoya.com.ar\/v1\/2025\/06\/10\/un-hospital-del-interior-de-corrientes-realizo-su-primera-operacion-laparoscopica\/","og_locale":"es_ES","og_type":"article","og_title":"Un hospital del interior de Corrientes realiz\u00f3 su primera operaci\u00f3n laparosc\u00f3pica - Radio Infinita Goya","og_description":"La directora del nosocomio inform\u00f3 que las cirug\u00edas de este tipo se realizar\u00e1n de manera programada todas las semanas. El hospital \u201cEl Salvador\u201d de Bella","og_url":"https:\/\/radioinfinitagoya.com.ar\/v1\/2025\/06\/10\/un-hospital-del-interior-de-corrientes-realizo-su-primera-operacion-laparoscopica\/","og_site_name":"Radio Infinita Goya","article_publisher":"https:\/\/www.facebook.com\/p\/Infinita-Goya-100063870918311\/","article_published_time":"2025-06-10T19:41:33+00:00","og_image":[{"width":1200,"height":675,"url":"https:\/\/radioinfinitagoya.com.ar\/v1\/wp-content\/uploads\/2025\/06\/1749566516362.webp","type":"image\/webp"}],"author":"Jorge Mi\u00f1o","twitter_card":"summary_large_image","twitter_misc":{"Escrito por":"Jorge Mi\u00f1o","Tiempo de lectura":"2 minutos"},"schema":{"@context":"https:\/\/schema.org","@graph":[{"@type":"Article","@id":"https:\/\/radioinfinitagoya.com.ar\/v1\/2025\/06\/10\/un-hospital-del-interior-de-corrientes-realizo-su-primera-operacion-laparoscopica\/#article","isPartOf":{"@id":"https:\/\/radioinfinitagoya.com.ar\/v1\/2025\/06\/10\/un-hospital-del-interior-de-corrientes-realizo-su-primera-operacion-laparoscopica\/"},"author":{"name":"Jorge Mi\u00f1o","@id":"https:\/\/radioinfinitagoya.com.ar\/v1\/#\/schema\/person\/d4cf9c413d4f6edb24aabdccab49ca4a"},"headline":"Un hospital del interior de Corrientes realiz\u00f3 su primera operaci\u00f3n laparosc\u00f3pica","datePublished":"2025-06-10T19:41:33+00:00","mainEntityOfPage":{"@id":"https:\/\/radioinfinitagoya.com.ar\/v1\/2025\/06\/10\/un-hospital-del-interior-de-corrientes-realizo-su-primera-operacion-laparoscopica\/"},"wordCount":202,"publisher":{"@id":"https:\/\/radioinfinitagoya.com.ar\/v1\/#organization"},"image":{"@id":"https:\/\/radioinfinitagoya.com.ar\/v1\/2025\/06\/10\/un-hospital-del-interior-de-corrientes-realizo-su-primera-operacion-laparoscopica\/#primaryimage"},"thumbnailUrl":"https:\/\/radioinfinitagoya.com.ar\/v1\/wp-content\/uploads\/2025\/06\/1749566516362.webp","articleSection":["PROVINCIALES"],"inLanguage":"es-AR"},{"@type":"WebPage","@id":"https:\/\/radioinfinitagoya.com.ar\/v1\/2025\/06\/10\/un-hospital-del-interior-de-corrientes-realizo-su-primera-operacion-laparoscopica\/","url":"https:\/\/radioinfinitagoya.com.ar\/v1\/2025\/06\/10\/un-hospital-del-interior-de-corrientes-realizo-su-primera-operacion-laparoscopica\/","name":"Un hospital del interior de Corrientes realiz\u00f3 su primera operaci\u00f3n laparosc\u00f3pica - Radio Infinita Goya","isPartOf":{"@id":"https:\/\/radioinfinitagoya.com.ar\/v1\/#website"},"primaryImageOfPage":{"@id":"https:\/\/radioinfinitagoya.com.ar\/v1\/2025\/06\/10\/un-hospital-del-interior-de-corrientes-realizo-su-primera-operacion-laparoscopica\/#primaryimage"},"image":{"@id":"https:\/\/radioinfinitagoya.com.ar\/v1\/2025\/06\/10\/un-hospital-del-interior-de-corrientes-realizo-su-primera-operacion-laparoscopica\/#primaryimage"},"thumbnailUrl":"https:\/\/radioinfinitagoya.com.ar\/v1\/wp-content\/uploads\/2025\/06\/1749566516362.webp","datePublished":"2025-06-10T19:41:33+00:00","description":"La directora del nosocomio inform\u00f3 que las cirug\u00edas de este tipo se realizar\u00e1n de manera programada todas las semanas. El hospital \u201cEl Salvador\u201d de Bella","breadcrumb":{"@id":"https:\/\/radioinfinitagoya.com.ar\/v1\/2025\/06\/10\/un-hospital-del-interior-de-corrientes-realizo-su-primera-operacion-laparoscopica\/#breadcrumb"},"inLanguage":"es-AR","potentialAction":[{"@type":"ReadAction","target":["https:\/\/radioinfinitagoya.com.ar\/v1\/2025\/06\/10\/un-hospital-del-interior-de-corrientes-realizo-su-primera-operacion-laparoscopica\/"]}]},{"@type":"ImageObject","inLanguage":"es-AR","@id":"https:\/\/radioinfinitagoya.com.ar\/v1\/2025\/06\/10\/un-hospital-del-interior-de-corrientes-realizo-su-primera-operacion-laparoscopica\/#primaryimage","url":"https:\/\/radioinfinitagoya.com.ar\/v1\/wp-content\/uploads\/2025\/06\/1749566516362.webp","contentUrl":"https:\/\/radioinfinitagoya.com.ar\/v1\/wp-content\/uploads\/2025\/06\/1749566516362.webp","width":1200,"height":675},{"@type":"BreadcrumbList","@id":"https:\/\/radioinfinitagoya.com.ar\/v1\/2025\/06\/10\/un-hospital-del-interior-de-corrientes-realizo-su-primera-operacion-laparoscopica\/#breadcrumb","itemListElement":[{"@type":"ListItem","position":1,"name":"Inicio","item":"https:\/\/radioinfinitagoya.com.ar\/v1\/"},{"@type":"ListItem","position":2,"name":"Un hospital del interior de Corrientes realiz\u00f3 su primera operaci\u00f3n laparosc\u00f3pica"}]},{"@type":"WebSite","@id":"https:\/\/radioinfinitagoya.com.ar\/v1\/#website","url":"https:\/\/radioinfinitagoya.com.ar\/v1\/","name":"radioinfinitagoya.com.ar","description":"Radio de noticias","publisher":{"@id":"https:\/\/radioinfinitagoya.com.ar\/v1\/#organization"},"potentialAction":[{"@type":"SearchAction","target":{"@type":"EntryPoint","urlTemplate":"https:\/\/radioinfinitagoya.com.ar\/v1\/?s={search_term_string}"},"query-input":{"@type":"PropertyValueSpecification","valueRequired":true,"valueName":"search_term_string"}}],"inLanguage":"es-AR"},{"@type":"Organization","@id":"https:\/\/radioinfinitagoya.com.ar\/v1\/#organization","name":"Radio Infinita Goya","url":"https:\/\/radioinfinitagoya.com.ar\/v1\/","logo":{"@type":"ImageObject","inLanguage":"es-AR","@id":"https:\/\/radioinfinitagoya.com.ar\/v1\/#\/schema\/logo\/image\/","url":"https:\/\/radioinfinitagoya.com.ar\/v1\/wp-content\/uploads\/2019\/11\/logo-pie-web.png","contentUrl":"https:\/\/radioinfinitagoya.com.ar\/v1\/wp-content\/uploads\/2019\/11\/logo-pie-web.png","width":635,"height":326,"caption":"Radio Infinita Goya"},"image":{"@id":"https:\/\/radioinfinitagoya.com.ar\/v1\/#\/schema\/logo\/image\/"},"sameAs":["https:\/\/www.facebook.com\/p\/Infinita-Goya-100063870918311\/"]},{"@type":"Person","@id":"https:\/\/radioinfinitagoya.com.ar\/v1\/#\/schema\/person\/d4cf9c413d4f6edb24aabdccab49ca4a","name":"Jorge Mi\u00f1o","image":{"@type":"ImageObject","inLanguage":"es-AR","@id":"https:\/\/secure.gravatar.com\/avatar\/910fcf6728fe95320e07a6643c1581fec1c7fc4bf8ae12e3d8f0d0373dc844be?s=96&d=mm&r=g","url":"https:\/\/secure.gravatar.com\/avatar\/910fcf6728fe95320e07a6643c1581fec1c7fc4bf8ae12e3d8f0d0373dc844be?s=96&d=mm&r=g","contentUrl":"https:\/\/secure.gravatar.com\/avatar\/910fcf6728fe95320e07a6643c1581fec1c7fc4bf8ae12e3d8f0d0373dc844be?s=96&d=mm&r=g","caption":"Jorge Mi\u00f1o"},"sameAs":["http:\/\/radioinfinitagoya.com.ar"]}]}},"_links":{"self":[{"href":"https:\/\/radioinfinitagoya.com.ar\/v1\/wp-json\/wp\/v2\/posts\/191266","targetHints":{"allow":["GET"]}}],"collection":[{"href":"https:\/\/radioinfinitagoya.com.ar\/v1\/wp-json\/wp\/v2\/posts"}],"about":[{"href":"https:\/\/radioinfinitagoya.com.ar\/v1\/wp-json\/wp\/v2\/types\/post"}],"author":[{"embeddable":true,"href":"https:\/\/radioinfinitagoya.com.ar\/v1\/wp-json\/wp\/v2\/users\/4"}],"replies":[{"embeddable":true,"href":"https:\/\/radioinfinitagoya.com.ar\/v1\/wp-json\/wp\/v2\/comments?post=191266"}],"version-history":[{"count":0,"href":"https:\/\/radioinfinitagoya.com.ar\/v1\/wp-json\/wp\/v2\/posts\/191266\/revisions"}],"wp:featuredmedia":[{"embeddable":true,"href":"https:\/\/radioinfinitagoya.com.ar\/v1\/wp-json\/wp\/v2\/media\/191267"}],"wp:attachment":[{"href":"https:\/\/radioinfinitagoya.com.ar\/v1\/wp-json\/wp\/v2\/media?parent=191266"}],"wp:term":[{"taxonomy":"category","embeddable":true,"href":"https:\/\/radioinfinitagoya.com.ar\/v1\/wp-json\/wp\/v2\/categories?post=191266"},{"taxonomy":"post_tag","embeddable":true,"href":"https:\/\/radioinfinitagoya.com.ar\/v1\/wp-json\/wp\/v2\/tags?post=191266"}],"curies":[{"name":"wp","href":"https:\/\/api.w.org\/{rel}","templated":true}]}}