{"id":191269,"date":"2025-06-10T16:45:57","date_gmt":"2025-06-10T19:45:57","guid":{"rendered":"https:\/\/radioinfinitagoya.com.ar\/v1\/?p=191269"},"modified":"2025-06-10T16:46:30","modified_gmt":"2025-06-10T19:46:30","slug":"liga-pre-federal-formativa-basquet-femenino-u15","status":"publish","type":"post","link":"https:\/\/radioinfinitagoya.com.ar\/v1\/2025\/06\/10\/liga-pre-federal-formativa-basquet-femenino-u15\/","title":{"rendered":"Liga Pre Federal Formativa B\u00e1squet Femenino U15"},"content":{"rendered":"<p>Uni\u00f3n se qued\u00f3 con el Hexagonal, triunfando en el partido final ante el Club Regatas de Corrientes<\/p>\n<p>Durante el fin de semana la \u201cCatedral del Basquetbol\u201d, el estadio del Club Uni\u00f3n fue el escenario del hexagonal final de la Liga Pre Federal de B\u00e1squet Femenino, en la Categor\u00eda U 15.<\/p>\n<p>La Manager del equipo ganador, Mar\u00eda Laura Bernardi, en declaraciones radiales, manifest\u00f3 la alegr\u00eda por este logro, que permite junto a las correntinas continuar en la fase de Liga Federal de este deporte.<\/p>\n<p>En el contacto con la prensa la dirigente de Uni\u00f3n destac\u00f3 el apoyo fundamental de la Municipalidad de Goya, de la comisi\u00f3n directiva del Club, de los padres y comercios locales para la realizaci\u00f3n del torneo.<\/p>\n<p>GRAN FINAL DE BASQUET GOYA-CORRIENTES<\/p>\n<p>La Manager, emocionada, resumi\u00f3: \u201cUna gran final la disputada ante el buen equipo de Regatas, que se han preparado para el torneo, si bien se gan\u00f3 por 20 puntos de diferencia, (61 a 41), fue dif\u00edcil llegar al resultado final, nos pone contentos por este pase a la Liga Federal.\u201d<\/p>\n<p>Para completar, agreg\u00f3: \u201cHace dos temporadas, venimos present\u00e1ndonos a esta instancia, este a\u00f1o logramos el pase en dos categor\u00edas la U17 y ahora la U 15, nos motiva para incentivar al juego de nuestros equipos.\u201d<\/p>\n<p>APOYO INSTITUCIONAL DEL MUNICIPIO, DEL CLUB, DEL COMERCIO LOCAL<\/p>\n<p>Bernardi, aseguro: \u201cHemos trabajado de manera conjunta con la Comisi\u00f3n del Club, los padres, el acompa\u00f1amiento de los auspiciantes, una gran movilizaci\u00f3n que apoya al deporte, a la Municipalidad que siempre est\u00e1 presente, agradecemos por ese aporte necesario, este fin de semana se disputar\u00e1n los Final Four en U 21 en las dos categor\u00edas masculino y femenino; la inscripci\u00f3n se realiza hoy para la continuidad en el Federal de nuestras dos categor\u00edas.&#8221;<\/p>\n<p>LIGA FEDERAL Y FINAL FOUR U21<\/p>\n<p>En el final de la entrevista radial Mar\u00eda Laura Bernardi, explic\u00f3: \u201cVenimos bien, el U 17 se nos escap\u00f3 en la final, pero vamos con el otro equipo goyanos a ser parte de la Liga, ahora viene la etapa de entrenamiento para afrontar estos desaf\u00edos deportivos, reitero nos pone felices por esta campa\u00f1a que venimos logrando, es un gran equipo, nuestro presidente (Sebasti\u00e1n Arriola), las jugadoras, cuerpo t\u00e9cnico y los padres.&#8221;<\/p>\n<p>&#8220;Estamos aguardando el lugar de la final U21, nosotros nos presentamos en la licitaci\u00f3n, estaremos atentos a la decisi\u00f3n de las ofertas presentadas para el juego del fin de semana. &#8220;Concluy\u00f3<\/p>\n<p>Direcci\u00f3n de Prensa-Municipalidad de Goya<\/p>\n","protected":false},"excerpt":{"rendered":"<p>Uni\u00f3n se qued\u00f3 con el Hexagonal, triunfando en el partido final ante el Club Regatas de Corrientes Durante el fin de semana la \u201cCatedral del Basquetbol\u201d, el estadio del Club Uni\u00f3n fue el escenario del hexagonal final de la Liga Pre Federal de B\u00e1squet Femenino, en la Categor\u00eda U 15. La Manager del equipo ganador, [&hellip;]<\/p>\n","protected":false},"author":4,"featured_media":191271,"comment_status":"closed","ping_status":"closed","sticky":false,"template":"","format":"standard","meta":{"_joinchat":[],"footnotes":""},"categories":[28],"tags":[],"class_list":{"0":"post-191269","1":"post","2":"type-post","3":"status-publish","4":"format-standard","5":"has-post-thumbnail","7":"category-deportes"},"yoast_head":"<!-- This site is optimized with the Yoast SEO plugin v27.2 - https:\/\/yoast.com\/product\/yoast-seo-wordpress\/ -->\n<title>Liga Pre Federal Formativa B\u00e1squet Femenino U15 - Radio Infinita Goya<\/title>\n<meta name=\"description\" content=\"Uni\u00f3n se qued\u00f3 con el Hexagonal, triunfando en el partido final ante el Club Regatas de Corrientes Durante el fin de semana la \u201cCatedral del Basquetbol\u201d,\" \/>\n<meta name=\"robots\" content=\"index, follow, max-snippet:-1, max-image-preview:large, max-video-preview:-1\" \/>\n<link rel=\"canonical\" href=\"https:\/\/radioinfinitagoya.com.ar\/v1\/2025\/06\/10\/liga-pre-federal-formativa-basquet-femenino-u15\/\" \/>\n<meta property=\"og:locale\" content=\"es_ES\" \/>\n<meta property=\"og:type\" content=\"article\" \/>\n<meta property=\"og:title\" content=\"Liga Pre Federal Formativa B\u00e1squet Femenino U15 - Radio Infinita Goya\" \/>\n<meta property=\"og:description\" content=\"Uni\u00f3n se qued\u00f3 con el Hexagonal, triunfando en el partido final ante el Club Regatas de Corrientes Durante el fin de semana la \u201cCatedral del Basquetbol\u201d,\" \/>\n<meta property=\"og:url\" content=\"https:\/\/radioinfinitagoya.com.ar\/v1\/2025\/06\/10\/liga-pre-federal-formativa-basquet-femenino-u15\/\" \/>\n<meta property=\"og:site_name\" content=\"Radio Infinita Goya\" \/>\n<meta property=\"article:publisher\" content=\"https:\/\/www.facebook.com\/p\/Infinita-Goya-100063870918311\/\" \/>\n<meta property=\"article:published_time\" content=\"2025-06-10T19:45:57+00:00\" \/>\n<meta property=\"article:modified_time\" content=\"2025-06-10T19:46:30+00:00\" \/>\n<meta property=\"og:image\" content=\"https:\/\/radioinfinitagoya.com.ar\/v1\/wp-content\/uploads\/2025\/06\/pre_federal_femenino_u_15_1_union_camp.jpg\" \/>\n\t<meta property=\"og:image:width\" content=\"848\" \/>\n\t<meta property=\"og:image:height\" content=\"477\" \/>\n\t<meta property=\"og:image:type\" content=\"image\/jpeg\" \/>\n<meta name=\"author\" content=\"Jorge Mi\u00f1o\" \/>\n<meta name=\"twitter:card\" content=\"summary_large_image\" \/>\n<meta name=\"twitter:label1\" content=\"Escrito por\" \/>\n\t<meta name=\"twitter:data1\" content=\"Jorge Mi\u00f1o\" \/>\n\t<meta name=\"twitter:label2\" content=\"Tiempo de lectura\" \/>\n\t<meta name=\"twitter:data2\" content=\"3 minutos\" \/>\n<script type=\"application\/ld+json\" class=\"yoast-schema-graph\">{\"@context\":\"https:\/\/schema.org\",\"@graph\":[{\"@type\":\"Article\",\"@id\":\"https:\/\/radioinfinitagoya.com.ar\/v1\/2025\/06\/10\/liga-pre-federal-formativa-basquet-femenino-u15\/#article\",\"isPartOf\":{\"@id\":\"https:\/\/radioinfinitagoya.com.ar\/v1\/2025\/06\/10\/liga-pre-federal-formativa-basquet-femenino-u15\/\"},\"author\":{\"name\":\"Jorge Mi\u00f1o\",\"@id\":\"https:\/\/radioinfinitagoya.com.ar\/v1\/#\/schema\/person\/d4cf9c413d4f6edb24aabdccab49ca4a\"},\"headline\":\"Liga Pre Federal Formativa B\u00e1squet Femenino U15\",\"datePublished\":\"2025-06-10T19:45:57+00:00\",\"dateModified\":\"2025-06-10T19:46:30+00:00\",\"mainEntityOfPage\":{\"@id\":\"https:\/\/radioinfinitagoya.com.ar\/v1\/2025\/06\/10\/liga-pre-federal-formativa-basquet-femenino-u15\/\"},\"wordCount\":432,\"publisher\":{\"@id\":\"https:\/\/radioinfinitagoya.com.ar\/v1\/#organization\"},\"image\":{\"@id\":\"https:\/\/radioinfinitagoya.com.ar\/v1\/2025\/06\/10\/liga-pre-federal-formativa-basquet-femenino-u15\/#primaryimage\"},\"thumbnailUrl\":\"https:\/\/radioinfinitagoya.com.ar\/v1\/wp-content\/uploads\/2025\/06\/pre_federal_femenino_u_15_1_union_camp.jpg\",\"articleSection\":[\"DEPORTES\"],\"inLanguage\":\"es-AR\"},{\"@type\":\"WebPage\",\"@id\":\"https:\/\/radioinfinitagoya.com.ar\/v1\/2025\/06\/10\/liga-pre-federal-formativa-basquet-femenino-u15\/\",\"url\":\"https:\/\/radioinfinitagoya.com.ar\/v1\/2025\/06\/10\/liga-pre-federal-formativa-basquet-femenino-u15\/\",\"name\":\"Liga Pre Federal Formativa B\u00e1squet Femenino U15 - Radio Infinita Goya\",\"isPartOf\":{\"@id\":\"https:\/\/radioinfinitagoya.com.ar\/v1\/#website\"},\"primaryImageOfPage\":{\"@id\":\"https:\/\/radioinfinitagoya.com.ar\/v1\/2025\/06\/10\/liga-pre-federal-formativa-basquet-femenino-u15\/#primaryimage\"},\"image\":{\"@id\":\"https:\/\/radioinfinitagoya.com.ar\/v1\/2025\/06\/10\/liga-pre-federal-formativa-basquet-femenino-u15\/#primaryimage\"},\"thumbnailUrl\":\"https:\/\/radioinfinitagoya.com.ar\/v1\/wp-content\/uploads\/2025\/06\/pre_federal_femenino_u_15_1_union_camp.jpg\",\"datePublished\":\"2025-06-10T19:45:57+00:00\",\"dateModified\":\"2025-06-10T19:46:30+00:00\",\"description\":\"Uni\u00f3n se qued\u00f3 con el Hexagonal, triunfando en el partido final ante el Club Regatas de Corrientes Durante el fin de semana la \u201cCatedral del Basquetbol\u201d,\",\"breadcrumb\":{\"@id\":\"https:\/\/radioinfinitagoya.com.ar\/v1\/2025\/06\/10\/liga-pre-federal-formativa-basquet-femenino-u15\/#breadcrumb\"},\"inLanguage\":\"es-AR\",\"potentialAction\":[{\"@type\":\"ReadAction\",\"target\":[\"https:\/\/radioinfinitagoya.com.ar\/v1\/2025\/06\/10\/liga-pre-federal-formativa-basquet-femenino-u15\/\"]}]},{\"@type\":\"ImageObject\",\"inLanguage\":\"es-AR\",\"@id\":\"https:\/\/radioinfinitagoya.com.ar\/v1\/2025\/06\/10\/liga-pre-federal-formativa-basquet-femenino-u15\/#primaryimage\",\"url\":\"https:\/\/radioinfinitagoya.com.ar\/v1\/wp-content\/uploads\/2025\/06\/pre_federal_femenino_u_15_1_union_camp.jpg\",\"contentUrl\":\"https:\/\/radioinfinitagoya.com.ar\/v1\/wp-content\/uploads\/2025\/06\/pre_federal_femenino_u_15_1_union_camp.jpg\",\"width\":848,\"height\":477},{\"@type\":\"BreadcrumbList\",\"@id\":\"https:\/\/radioinfinitagoya.com.ar\/v1\/2025\/06\/10\/liga-pre-federal-formativa-basquet-femenino-u15\/#breadcrumb\",\"itemListElement\":[{\"@type\":\"ListItem\",\"position\":1,\"name\":\"Inicio\",\"item\":\"https:\/\/radioinfinitagoya.com.ar\/v1\/\"},{\"@type\":\"ListItem\",\"position\":2,\"name\":\"Liga Pre Federal Formativa B\u00e1squet Femenino U15\"}]},{\"@type\":\"WebSite\",\"@id\":\"https:\/\/radioinfinitagoya.com.ar\/v1\/#website\",\"url\":\"https:\/\/radioinfinitagoya.com.ar\/v1\/\",\"name\":\"radioinfinitagoya.com.ar\",\"description\":\"Radio de noticias\",\"publisher\":{\"@id\":\"https:\/\/radioinfinitagoya.com.ar\/v1\/#organization\"},\"potentialAction\":[{\"@type\":\"SearchAction\",\"target\":{\"@type\":\"EntryPoint\",\"urlTemplate\":\"https:\/\/radioinfinitagoya.com.ar\/v1\/?s={search_term_string}\"},\"query-input\":{\"@type\":\"PropertyValueSpecification\",\"valueRequired\":true,\"valueName\":\"search_term_string\"}}],\"inLanguage\":\"es-AR\"},{\"@type\":\"Organization\",\"@id\":\"https:\/\/radioinfinitagoya.com.ar\/v1\/#organization\",\"name\":\"Radio Infinita Goya\",\"url\":\"https:\/\/radioinfinitagoya.com.ar\/v1\/\",\"logo\":{\"@type\":\"ImageObject\",\"inLanguage\":\"es-AR\",\"@id\":\"https:\/\/radioinfinitagoya.com.ar\/v1\/#\/schema\/logo\/image\/\",\"url\":\"https:\/\/radioinfinitagoya.com.ar\/v1\/wp-content\/uploads\/2019\/11\/logo-pie-web.png\",\"contentUrl\":\"https:\/\/radioinfinitagoya.com.ar\/v1\/wp-content\/uploads\/2019\/11\/logo-pie-web.png\",\"width\":635,\"height\":326,\"caption\":\"Radio Infinita Goya\"},\"image\":{\"@id\":\"https:\/\/radioinfinitagoya.com.ar\/v1\/#\/schema\/logo\/image\/\"},\"sameAs\":[\"https:\/\/www.facebook.com\/p\/Infinita-Goya-100063870918311\/\"]},{\"@type\":\"Person\",\"@id\":\"https:\/\/radioinfinitagoya.com.ar\/v1\/#\/schema\/person\/d4cf9c413d4f6edb24aabdccab49ca4a\",\"name\":\"Jorge Mi\u00f1o\",\"image\":{\"@type\":\"ImageObject\",\"inLanguage\":\"es-AR\",\"@id\":\"https:\/\/secure.gravatar.com\/avatar\/910fcf6728fe95320e07a6643c1581fec1c7fc4bf8ae12e3d8f0d0373dc844be?s=96&d=mm&r=g\",\"url\":\"https:\/\/secure.gravatar.com\/avatar\/910fcf6728fe95320e07a6643c1581fec1c7fc4bf8ae12e3d8f0d0373dc844be?s=96&d=mm&r=g\",\"contentUrl\":\"https:\/\/secure.gravatar.com\/avatar\/910fcf6728fe95320e07a6643c1581fec1c7fc4bf8ae12e3d8f0d0373dc844be?s=96&d=mm&r=g\",\"caption\":\"Jorge Mi\u00f1o\"},\"sameAs\":[\"http:\/\/radioinfinitagoya.com.ar\"]}]}<\/script>\n<!-- \/ Yoast SEO plugin. -->","yoast_head_json":{"title":"Liga Pre Federal Formativa B\u00e1squet Femenino U15 - Radio Infinita Goya","description":"Uni\u00f3n se qued\u00f3 con el Hexagonal, triunfando en el partido final ante el Club Regatas de Corrientes Durante el fin de semana la \u201cCatedral del Basquetbol\u201d,","robots":{"index":"index","follow":"follow","max-snippet":"max-snippet:-1","max-image-preview":"max-image-preview:large","max-video-preview":"max-video-preview:-1"},"canonical":"https:\/\/radioinfinitagoya.com.ar\/v1\/2025\/06\/10\/liga-pre-federal-formativa-basquet-femenino-u15\/","og_locale":"es_ES","og_type":"article","og_title":"Liga Pre Federal Formativa B\u00e1squet Femenino U15 - Radio Infinita Goya","og_description":"Uni\u00f3n se qued\u00f3 con el Hexagonal, triunfando en el partido final ante el Club Regatas de Corrientes Durante el fin de semana la \u201cCatedral del Basquetbol\u201d,","og_url":"https:\/\/radioinfinitagoya.com.ar\/v1\/2025\/06\/10\/liga-pre-federal-formativa-basquet-femenino-u15\/","og_site_name":"Radio Infinita Goya","article_publisher":"https:\/\/www.facebook.com\/p\/Infinita-Goya-100063870918311\/","article_published_time":"2025-06-10T19:45:57+00:00","article_modified_time":"2025-06-10T19:46:30+00:00","og_image":[{"width":848,"height":477,"url":"https:\/\/radioinfinitagoya.com.ar\/v1\/wp-content\/uploads\/2025\/06\/pre_federal_femenino_u_15_1_union_camp.jpg","type":"image\/jpeg"}],"author":"Jorge Mi\u00f1o","twitter_card":"summary_large_image","twitter_misc":{"Escrito por":"Jorge Mi\u00f1o","Tiempo de lectura":"3 minutos"},"schema":{"@context":"https:\/\/schema.org","@graph":[{"@type":"Article","@id":"https:\/\/radioinfinitagoya.com.ar\/v1\/2025\/06\/10\/liga-pre-federal-formativa-basquet-femenino-u15\/#article","isPartOf":{"@id":"https:\/\/radioinfinitagoya.com.ar\/v1\/2025\/06\/10\/liga-pre-federal-formativa-basquet-femenino-u15\/"},"author":{"name":"Jorge Mi\u00f1o","@id":"https:\/\/radioinfinitagoya.com.ar\/v1\/#\/schema\/person\/d4cf9c413d4f6edb24aabdccab49ca4a"},"headline":"Liga Pre Federal Formativa B\u00e1squet Femenino U15","datePublished":"2025-06-10T19:45:57+00:00","dateModified":"2025-06-10T19:46:30+00:00","mainEntityOfPage":{"@id":"https:\/\/radioinfinitagoya.com.ar\/v1\/2025\/06\/10\/liga-pre-federal-formativa-basquet-femenino-u15\/"},"wordCount":432,"publisher":{"@id":"https:\/\/radioinfinitagoya.com.ar\/v1\/#organization"},"image":{"@id":"https:\/\/radioinfinitagoya.com.ar\/v1\/2025\/06\/10\/liga-pre-federal-formativa-basquet-femenino-u15\/#primaryimage"},"thumbnailUrl":"https:\/\/radioinfinitagoya.com.ar\/v1\/wp-content\/uploads\/2025\/06\/pre_federal_femenino_u_15_1_union_camp.jpg","articleSection":["DEPORTES"],"inLanguage":"es-AR"},{"@type":"WebPage","@id":"https:\/\/radioinfinitagoya.com.ar\/v1\/2025\/06\/10\/liga-pre-federal-formativa-basquet-femenino-u15\/","url":"https:\/\/radioinfinitagoya.com.ar\/v1\/2025\/06\/10\/liga-pre-federal-formativa-basquet-femenino-u15\/","name":"Liga Pre Federal Formativa B\u00e1squet Femenino U15 - Radio Infinita Goya","isPartOf":{"@id":"https:\/\/radioinfinitagoya.com.ar\/v1\/#website"},"primaryImageOfPage":{"@id":"https:\/\/radioinfinitagoya.com.ar\/v1\/2025\/06\/10\/liga-pre-federal-formativa-basquet-femenino-u15\/#primaryimage"},"image":{"@id":"https:\/\/radioinfinitagoya.com.ar\/v1\/2025\/06\/10\/liga-pre-federal-formativa-basquet-femenino-u15\/#primaryimage"},"thumbnailUrl":"https:\/\/radioinfinitagoya.com.ar\/v1\/wp-content\/uploads\/2025\/06\/pre_federal_femenino_u_15_1_union_camp.jpg","datePublished":"2025-06-10T19:45:57+00:00","dateModified":"2025-06-10T19:46:30+00:00","description":"Uni\u00f3n se qued\u00f3 con el Hexagonal, triunfando en el partido final ante el Club Regatas de Corrientes Durante el fin de semana la \u201cCatedral del Basquetbol\u201d,","breadcrumb":{"@id":"https:\/\/radioinfinitagoya.com.ar\/v1\/2025\/06\/10\/liga-pre-federal-formativa-basquet-femenino-u15\/#breadcrumb"},"inLanguage":"es-AR","potentialAction":[{"@type":"ReadAction","target":["https:\/\/radioinfinitagoya.com.ar\/v1\/2025\/06\/10\/liga-pre-federal-formativa-basquet-femenino-u15\/"]}]},{"@type":"ImageObject","inLanguage":"es-AR","@id":"https:\/\/radioinfinitagoya.com.ar\/v1\/2025\/06\/10\/liga-pre-federal-formativa-basquet-femenino-u15\/#primaryimage","url":"https:\/\/radioinfinitagoya.com.ar\/v1\/wp-content\/uploads\/2025\/06\/pre_federal_femenino_u_15_1_union_camp.jpg","contentUrl":"https:\/\/radioinfinitagoya.com.ar\/v1\/wp-content\/uploads\/2025\/06\/pre_federal_femenino_u_15_1_union_camp.jpg","width":848,"height":477},{"@type":"BreadcrumbList","@id":"https:\/\/radioinfinitagoya.com.ar\/v1\/2025\/06\/10\/liga-pre-federal-formativa-basquet-femenino-u15\/#breadcrumb","itemListElement":[{"@type":"ListItem","position":1,"name":"Inicio","item":"https:\/\/radioinfinitagoya.com.ar\/v1\/"},{"@type":"ListItem","position":2,"name":"Liga Pre Federal Formativa B\u00e1squet Femenino U15"}]},{"@type":"WebSite","@id":"https:\/\/radioinfinitagoya.com.ar\/v1\/#website","url":"https:\/\/radioinfinitagoya.com.ar\/v1\/","name":"radioinfinitagoya.com.ar","description":"Radio de noticias","publisher":{"@id":"https:\/\/radioinfinitagoya.com.ar\/v1\/#organization"},"potentialAction":[{"@type":"SearchAction","target":{"@type":"EntryPoint","urlTemplate":"https:\/\/radioinfinitagoya.com.ar\/v1\/?s={search_term_string}"},"query-input":{"@type":"PropertyValueSpecification","valueRequired":true,"valueName":"search_term_string"}}],"inLanguage":"es-AR"},{"@type":"Organization","@id":"https:\/\/radioinfinitagoya.com.ar\/v1\/#organization","name":"Radio Infinita Goya","url":"https:\/\/radioinfinitagoya.com.ar\/v1\/","logo":{"@type":"ImageObject","inLanguage":"es-AR","@id":"https:\/\/radioinfinitagoya.com.ar\/v1\/#\/schema\/logo\/image\/","url":"https:\/\/radioinfinitagoya.com.ar\/v1\/wp-content\/uploads\/2019\/11\/logo-pie-web.png","contentUrl":"https:\/\/radioinfinitagoya.com.ar\/v1\/wp-content\/uploads\/2019\/11\/logo-pie-web.png","width":635,"height":326,"caption":"Radio Infinita Goya"},"image":{"@id":"https:\/\/radioinfinitagoya.com.ar\/v1\/#\/schema\/logo\/image\/"},"sameAs":["https:\/\/www.facebook.com\/p\/Infinita-Goya-100063870918311\/"]},{"@type":"Person","@id":"https:\/\/radioinfinitagoya.com.ar\/v1\/#\/schema\/person\/d4cf9c413d4f6edb24aabdccab49ca4a","name":"Jorge Mi\u00f1o","image":{"@type":"ImageObject","inLanguage":"es-AR","@id":"https:\/\/secure.gravatar.com\/avatar\/910fcf6728fe95320e07a6643c1581fec1c7fc4bf8ae12e3d8f0d0373dc844be?s=96&d=mm&r=g","url":"https:\/\/secure.gravatar.com\/avatar\/910fcf6728fe95320e07a6643c1581fec1c7fc4bf8ae12e3d8f0d0373dc844be?s=96&d=mm&r=g","contentUrl":"https:\/\/secure.gravatar.com\/avatar\/910fcf6728fe95320e07a6643c1581fec1c7fc4bf8ae12e3d8f0d0373dc844be?s=96&d=mm&r=g","caption":"Jorge Mi\u00f1o"},"sameAs":["http:\/\/radioinfinitagoya.com.ar"]}]}},"_links":{"self":[{"href":"https:\/\/radioinfinitagoya.com.ar\/v1\/wp-json\/wp\/v2\/posts\/191269","targetHints":{"allow":["GET"]}}],"collection":[{"href":"https:\/\/radioinfinitagoya.com.ar\/v1\/wp-json\/wp\/v2\/posts"}],"about":[{"href":"https:\/\/radioinfinitagoya.com.ar\/v1\/wp-json\/wp\/v2\/types\/post"}],"author":[{"embeddable":true,"href":"https:\/\/radioinfinitagoya.com.ar\/v1\/wp-json\/wp\/v2\/users\/4"}],"replies":[{"embeddable":true,"href":"https:\/\/radioinfinitagoya.com.ar\/v1\/wp-json\/wp\/v2\/comments?post=191269"}],"version-history":[{"count":0,"href":"https:\/\/radioinfinitagoya.com.ar\/v1\/wp-json\/wp\/v2\/posts\/191269\/revisions"}],"wp:featuredmedia":[{"embeddable":true,"href":"https:\/\/radioinfinitagoya.com.ar\/v1\/wp-json\/wp\/v2\/media\/191271"}],"wp:attachment":[{"href":"https:\/\/radioinfinitagoya.com.ar\/v1\/wp-json\/wp\/v2\/media?parent=191269"}],"wp:term":[{"taxonomy":"category","embeddable":true,"href":"https:\/\/radioinfinitagoya.com.ar\/v1\/wp-json\/wp\/v2\/categories?post=191269"},{"taxonomy":"post_tag","embeddable":true,"href":"https:\/\/radioinfinitagoya.com.ar\/v1\/wp-json\/wp\/v2\/tags?post=191269"}],"curies":[{"name":"wp","href":"https:\/\/api.w.org\/{rel}","templated":true}]}}