{"id":191272,"date":"2025-06-10T16:51:37","date_gmt":"2025-06-10T19:51:37","guid":{"rendered":"https:\/\/radioinfinitagoya.com.ar\/v1\/?p=191272"},"modified":"2025-06-10T16:51:37","modified_gmt":"2025-06-10T19:51:37","slug":"mes-mundial-del-medio-ambiente","status":"publish","type":"post","link":"https:\/\/radioinfinitagoya.com.ar\/v1\/2025\/06\/10\/mes-mundial-del-medio-ambiente\/","title":{"rendered":"Mes Mundial del Medio Ambiente"},"content":{"rendered":"<p>Municipalidad de Goya invita a limpiar Costa del Riacho Goya<\/p>\n<p>En el marco del Mes Mundial del Medio Ambiente, la Municipalidad de Goya, a trav\u00e9s de la Direcci\u00f3n de Recursos Naturales invita a sumarte a la lucha contra el pl\u00e1stico y otros residuos que contaminan la costa con una jornada verde. Este mi\u00e9rcoles 11, a las 9 de la ma\u00f1ana en Playa \u201cEl Inga\u201d se convoc\u00f3 a limpiar nuestra costa del Riacho Goya.<\/p>\n<p>\u201cSe parte de la convocatoria, concurrir con guantes, bolsas, palas y todos aquellos elementos que ayuden a esta acci\u00f3n de limpieza de nuestras costas\u201d.<\/p>\n<p>El D\u00eda Mundial del Medio Ambiente se celebr\u00f3 el pasado 5 de junio. La fecha busca visibilizar justamente c\u00f3mo la basura avanza sobre h\u00e1bitats acu\u00e1ticos y terrestres. Este a\u00f1o, el lema elegido es \u201cSin contaminaci\u00f3n por pl\u00e1sticos\u201d, y propone una reflexi\u00f3n urgente sobre estos residuos que inundan oc\u00e9anos, r\u00edos y cuencas.<\/p>\n<p>\u201cOjal\u00e1 que de a poco vayamos disminuyendo el consumo de pl\u00e1stico, as\u00ed tambi\u00e9n se disminuye la producci\u00f3n\u201d, indic\u00f3 la Directora de la oficina de Recursos Naturales y Medio Ambiente, profesora Adriana G\u00f3mez Arizaga.<\/p>\n<p>La funcionaria explic\u00f3 que la contaminaci\u00f3n con pl\u00e1sticos de un solo uso u otros residuos se depositan en el r\u00edo por el paso de caminantes y visitantes de fines de semana por las costas. \u201cEllos van dejando desechos a su paso y estos residuos es lo que vamos a sacar al m\u00e1ximo posible este mi\u00e9rcoles\u201d, invit\u00f3.<\/p>\n<p>Minutos antes de las 9 de la ma\u00f1ana se convoca a los interesados para concentrarse en la playa \u201cEl Ing\u00e1\u201d con bolsas y guantes.<\/p>\n<p>Una vez finalizada esta actividad alrededor de las 11 de la ma\u00f1ana, el personal de la Direcci\u00f3n de Servicios y Veh\u00edculos de la Secretar\u00eda de Producci\u00f3n pasar\u00e1n a recoger las bolsas para su traslado al vertedero municipal.<\/p>\n<p>PLAZOLETA 5 DE JUNIO<\/p>\n<p>Cabe se\u00f1alar que el pasado jueves 5 de junio se llev\u00f3 a cabo en la plazoleta que lleva el mismo nombre (zona norte) una actividad organizada por la direcci\u00f3n de Recursos Naturales y Medio Ambiente.<\/p>\n<p>Durante la jornada se realizaron varias actividades como: muestra y talleres con material reciclable, puesto de canje o trueque de material reciclable por semillas de huerta o plantas de jard\u00edn, econom\u00eda circular, limpieza comunitaria, separaci\u00f3n de residuos domiciliarios, plantaci\u00f3n y cuidado de \u00e1rboles en espacios p\u00fablicos.<\/p>\n<p>&nbsp;<\/p>\n","protected":false},"excerpt":{"rendered":"<p>Municipalidad de Goya invita a limpiar Costa del Riacho Goya En el marco del Mes Mundial del Medio Ambiente, la Municipalidad de Goya, a trav\u00e9s de la Direcci\u00f3n de Recursos Naturales invita a sumarte a la lucha contra el pl\u00e1stico y otros residuos que contaminan la costa con una jornada verde. Este mi\u00e9rcoles 11, a [&hellip;]<\/p>\n","protected":false},"author":4,"featured_media":191273,"comment_status":"closed","ping_status":"closed","sticky":false,"template":"","format":"standard","meta":{"_joinchat":[],"footnotes":""},"categories":[27],"tags":[],"class_list":{"0":"post-191272","1":"post","2":"type-post","3":"status-publish","4":"format-standard","5":"has-post-thumbnail","7":"category-locales"},"yoast_head":"<!-- This site is optimized with the Yoast SEO plugin v27.2 - https:\/\/yoast.com\/product\/yoast-seo-wordpress\/ -->\n<title>Mes Mundial del Medio Ambiente - Radio Infinita Goya<\/title>\n<meta name=\"description\" content=\"Municipalidad de Goya invita a limpiar Costa del Riacho Goya En el marco del Mes Mundial del Medio Ambiente, la Municipalidad de Goya, a trav\u00e9s de la\" \/>\n<meta name=\"robots\" content=\"index, follow, max-snippet:-1, max-image-preview:large, max-video-preview:-1\" \/>\n<link rel=\"canonical\" href=\"https:\/\/radioinfinitagoya.com.ar\/v1\/2025\/06\/10\/mes-mundial-del-medio-ambiente\/\" \/>\n<meta property=\"og:locale\" content=\"es_ES\" \/>\n<meta property=\"og:type\" content=\"article\" \/>\n<meta property=\"og:title\" content=\"Mes Mundial del Medio Ambiente - Radio Infinita Goya\" \/>\n<meta property=\"og:description\" content=\"Municipalidad de Goya invita a limpiar Costa del Riacho Goya En el marco del Mes Mundial del Medio Ambiente, la Municipalidad de Goya, a trav\u00e9s de la\" \/>\n<meta property=\"og:url\" content=\"https:\/\/radioinfinitagoya.com.ar\/v1\/2025\/06\/10\/mes-mundial-del-medio-ambiente\/\" \/>\n<meta property=\"og:site_name\" content=\"Radio Infinita Goya\" \/>\n<meta property=\"article:publisher\" content=\"https:\/\/www.facebook.com\/p\/Infinita-Goya-100063870918311\/\" \/>\n<meta property=\"article:published_time\" content=\"2025-06-10T19:51:37+00:00\" \/>\n<meta property=\"og:image\" content=\"https:\/\/radioinfinitagoya.com.ar\/v1\/wp-content\/uploads\/2025\/06\/nota_adriana_gom.jpg\" \/>\n\t<meta property=\"og:image:width\" content=\"848\" \/>\n\t<meta property=\"og:image:height\" content=\"477\" \/>\n\t<meta property=\"og:image:type\" content=\"image\/jpeg\" \/>\n<meta name=\"author\" content=\"Jorge Mi\u00f1o\" \/>\n<meta name=\"twitter:card\" content=\"summary_large_image\" \/>\n<meta name=\"twitter:label1\" content=\"Escrito por\" \/>\n\t<meta name=\"twitter:data1\" content=\"Jorge Mi\u00f1o\" \/>\n\t<meta name=\"twitter:label2\" content=\"Tiempo de lectura\" \/>\n\t<meta name=\"twitter:data2\" content=\"2 minutos\" \/>\n<script type=\"application\/ld+json\" class=\"yoast-schema-graph\">{\"@context\":\"https:\/\/schema.org\",\"@graph\":[{\"@type\":\"Article\",\"@id\":\"https:\/\/radioinfinitagoya.com.ar\/v1\/2025\/06\/10\/mes-mundial-del-medio-ambiente\/#article\",\"isPartOf\":{\"@id\":\"https:\/\/radioinfinitagoya.com.ar\/v1\/2025\/06\/10\/mes-mundial-del-medio-ambiente\/\"},\"author\":{\"name\":\"Jorge Mi\u00f1o\",\"@id\":\"https:\/\/radioinfinitagoya.com.ar\/v1\/#\/schema\/person\/d4cf9c413d4f6edb24aabdccab49ca4a\"},\"headline\":\"Mes Mundial del Medio Ambiente\",\"datePublished\":\"2025-06-10T19:51:37+00:00\",\"mainEntityOfPage\":{\"@id\":\"https:\/\/radioinfinitagoya.com.ar\/v1\/2025\/06\/10\/mes-mundial-del-medio-ambiente\/\"},\"wordCount\":421,\"publisher\":{\"@id\":\"https:\/\/radioinfinitagoya.com.ar\/v1\/#organization\"},\"image\":{\"@id\":\"https:\/\/radioinfinitagoya.com.ar\/v1\/2025\/06\/10\/mes-mundial-del-medio-ambiente\/#primaryimage\"},\"thumbnailUrl\":\"https:\/\/radioinfinitagoya.com.ar\/v1\/wp-content\/uploads\/2025\/06\/nota_adriana_gom.jpg\",\"articleSection\":[\"LOCALES\"],\"inLanguage\":\"es-AR\"},{\"@type\":\"WebPage\",\"@id\":\"https:\/\/radioinfinitagoya.com.ar\/v1\/2025\/06\/10\/mes-mundial-del-medio-ambiente\/\",\"url\":\"https:\/\/radioinfinitagoya.com.ar\/v1\/2025\/06\/10\/mes-mundial-del-medio-ambiente\/\",\"name\":\"Mes Mundial del Medio Ambiente - Radio Infinita Goya\",\"isPartOf\":{\"@id\":\"https:\/\/radioinfinitagoya.com.ar\/v1\/#website\"},\"primaryImageOfPage\":{\"@id\":\"https:\/\/radioinfinitagoya.com.ar\/v1\/2025\/06\/10\/mes-mundial-del-medio-ambiente\/#primaryimage\"},\"image\":{\"@id\":\"https:\/\/radioinfinitagoya.com.ar\/v1\/2025\/06\/10\/mes-mundial-del-medio-ambiente\/#primaryimage\"},\"thumbnailUrl\":\"https:\/\/radioinfinitagoya.com.ar\/v1\/wp-content\/uploads\/2025\/06\/nota_adriana_gom.jpg\",\"datePublished\":\"2025-06-10T19:51:37+00:00\",\"description\":\"Municipalidad de Goya invita a limpiar Costa del Riacho Goya En el marco del Mes Mundial del Medio Ambiente, la Municipalidad de Goya, a trav\u00e9s de la\",\"breadcrumb\":{\"@id\":\"https:\/\/radioinfinitagoya.com.ar\/v1\/2025\/06\/10\/mes-mundial-del-medio-ambiente\/#breadcrumb\"},\"inLanguage\":\"es-AR\",\"potentialAction\":[{\"@type\":\"ReadAction\",\"target\":[\"https:\/\/radioinfinitagoya.com.ar\/v1\/2025\/06\/10\/mes-mundial-del-medio-ambiente\/\"]}]},{\"@type\":\"ImageObject\",\"inLanguage\":\"es-AR\",\"@id\":\"https:\/\/radioinfinitagoya.com.ar\/v1\/2025\/06\/10\/mes-mundial-del-medio-ambiente\/#primaryimage\",\"url\":\"https:\/\/radioinfinitagoya.com.ar\/v1\/wp-content\/uploads\/2025\/06\/nota_adriana_gom.jpg\",\"contentUrl\":\"https:\/\/radioinfinitagoya.com.ar\/v1\/wp-content\/uploads\/2025\/06\/nota_adriana_gom.jpg\",\"width\":848,\"height\":477},{\"@type\":\"BreadcrumbList\",\"@id\":\"https:\/\/radioinfinitagoya.com.ar\/v1\/2025\/06\/10\/mes-mundial-del-medio-ambiente\/#breadcrumb\",\"itemListElement\":[{\"@type\":\"ListItem\",\"position\":1,\"name\":\"Inicio\",\"item\":\"https:\/\/radioinfinitagoya.com.ar\/v1\/\"},{\"@type\":\"ListItem\",\"position\":2,\"name\":\"Mes Mundial del Medio Ambiente\"}]},{\"@type\":\"WebSite\",\"@id\":\"https:\/\/radioinfinitagoya.com.ar\/v1\/#website\",\"url\":\"https:\/\/radioinfinitagoya.com.ar\/v1\/\",\"name\":\"radioinfinitagoya.com.ar\",\"description\":\"Radio de noticias\",\"publisher\":{\"@id\":\"https:\/\/radioinfinitagoya.com.ar\/v1\/#organization\"},\"potentialAction\":[{\"@type\":\"SearchAction\",\"target\":{\"@type\":\"EntryPoint\",\"urlTemplate\":\"https:\/\/radioinfinitagoya.com.ar\/v1\/?s={search_term_string}\"},\"query-input\":{\"@type\":\"PropertyValueSpecification\",\"valueRequired\":true,\"valueName\":\"search_term_string\"}}],\"inLanguage\":\"es-AR\"},{\"@type\":\"Organization\",\"@id\":\"https:\/\/radioinfinitagoya.com.ar\/v1\/#organization\",\"name\":\"Radio Infinita Goya\",\"url\":\"https:\/\/radioinfinitagoya.com.ar\/v1\/\",\"logo\":{\"@type\":\"ImageObject\",\"inLanguage\":\"es-AR\",\"@id\":\"https:\/\/radioinfinitagoya.com.ar\/v1\/#\/schema\/logo\/image\/\",\"url\":\"https:\/\/radioinfinitagoya.com.ar\/v1\/wp-content\/uploads\/2019\/11\/logo-pie-web.png\",\"contentUrl\":\"https:\/\/radioinfinitagoya.com.ar\/v1\/wp-content\/uploads\/2019\/11\/logo-pie-web.png\",\"width\":635,\"height\":326,\"caption\":\"Radio Infinita Goya\"},\"image\":{\"@id\":\"https:\/\/radioinfinitagoya.com.ar\/v1\/#\/schema\/logo\/image\/\"},\"sameAs\":[\"https:\/\/www.facebook.com\/p\/Infinita-Goya-100063870918311\/\"]},{\"@type\":\"Person\",\"@id\":\"https:\/\/radioinfinitagoya.com.ar\/v1\/#\/schema\/person\/d4cf9c413d4f6edb24aabdccab49ca4a\",\"name\":\"Jorge Mi\u00f1o\",\"image\":{\"@type\":\"ImageObject\",\"inLanguage\":\"es-AR\",\"@id\":\"https:\/\/secure.gravatar.com\/avatar\/910fcf6728fe95320e07a6643c1581fec1c7fc4bf8ae12e3d8f0d0373dc844be?s=96&d=mm&r=g\",\"url\":\"https:\/\/secure.gravatar.com\/avatar\/910fcf6728fe95320e07a6643c1581fec1c7fc4bf8ae12e3d8f0d0373dc844be?s=96&d=mm&r=g\",\"contentUrl\":\"https:\/\/secure.gravatar.com\/avatar\/910fcf6728fe95320e07a6643c1581fec1c7fc4bf8ae12e3d8f0d0373dc844be?s=96&d=mm&r=g\",\"caption\":\"Jorge Mi\u00f1o\"},\"sameAs\":[\"http:\/\/radioinfinitagoya.com.ar\"]}]}<\/script>\n<!-- \/ Yoast SEO plugin. -->","yoast_head_json":{"title":"Mes Mundial del Medio Ambiente - Radio Infinita Goya","description":"Municipalidad de Goya invita a limpiar Costa del Riacho Goya En el marco del Mes Mundial del Medio Ambiente, la Municipalidad de Goya, a trav\u00e9s de la","robots":{"index":"index","follow":"follow","max-snippet":"max-snippet:-1","max-image-preview":"max-image-preview:large","max-video-preview":"max-video-preview:-1"},"canonical":"https:\/\/radioinfinitagoya.com.ar\/v1\/2025\/06\/10\/mes-mundial-del-medio-ambiente\/","og_locale":"es_ES","og_type":"article","og_title":"Mes Mundial del Medio Ambiente - Radio Infinita Goya","og_description":"Municipalidad de Goya invita a limpiar Costa del Riacho Goya En el marco del Mes Mundial del Medio Ambiente, la Municipalidad de Goya, a trav\u00e9s de la","og_url":"https:\/\/radioinfinitagoya.com.ar\/v1\/2025\/06\/10\/mes-mundial-del-medio-ambiente\/","og_site_name":"Radio Infinita Goya","article_publisher":"https:\/\/www.facebook.com\/p\/Infinita-Goya-100063870918311\/","article_published_time":"2025-06-10T19:51:37+00:00","og_image":[{"width":848,"height":477,"url":"https:\/\/radioinfinitagoya.com.ar\/v1\/wp-content\/uploads\/2025\/06\/nota_adriana_gom.jpg","type":"image\/jpeg"}],"author":"Jorge Mi\u00f1o","twitter_card":"summary_large_image","twitter_misc":{"Escrito por":"Jorge Mi\u00f1o","Tiempo de lectura":"2 minutos"},"schema":{"@context":"https:\/\/schema.org","@graph":[{"@type":"Article","@id":"https:\/\/radioinfinitagoya.com.ar\/v1\/2025\/06\/10\/mes-mundial-del-medio-ambiente\/#article","isPartOf":{"@id":"https:\/\/radioinfinitagoya.com.ar\/v1\/2025\/06\/10\/mes-mundial-del-medio-ambiente\/"},"author":{"name":"Jorge Mi\u00f1o","@id":"https:\/\/radioinfinitagoya.com.ar\/v1\/#\/schema\/person\/d4cf9c413d4f6edb24aabdccab49ca4a"},"headline":"Mes Mundial del Medio Ambiente","datePublished":"2025-06-10T19:51:37+00:00","mainEntityOfPage":{"@id":"https:\/\/radioinfinitagoya.com.ar\/v1\/2025\/06\/10\/mes-mundial-del-medio-ambiente\/"},"wordCount":421,"publisher":{"@id":"https:\/\/radioinfinitagoya.com.ar\/v1\/#organization"},"image":{"@id":"https:\/\/radioinfinitagoya.com.ar\/v1\/2025\/06\/10\/mes-mundial-del-medio-ambiente\/#primaryimage"},"thumbnailUrl":"https:\/\/radioinfinitagoya.com.ar\/v1\/wp-content\/uploads\/2025\/06\/nota_adriana_gom.jpg","articleSection":["LOCALES"],"inLanguage":"es-AR"},{"@type":"WebPage","@id":"https:\/\/radioinfinitagoya.com.ar\/v1\/2025\/06\/10\/mes-mundial-del-medio-ambiente\/","url":"https:\/\/radioinfinitagoya.com.ar\/v1\/2025\/06\/10\/mes-mundial-del-medio-ambiente\/","name":"Mes Mundial del Medio Ambiente - Radio Infinita Goya","isPartOf":{"@id":"https:\/\/radioinfinitagoya.com.ar\/v1\/#website"},"primaryImageOfPage":{"@id":"https:\/\/radioinfinitagoya.com.ar\/v1\/2025\/06\/10\/mes-mundial-del-medio-ambiente\/#primaryimage"},"image":{"@id":"https:\/\/radioinfinitagoya.com.ar\/v1\/2025\/06\/10\/mes-mundial-del-medio-ambiente\/#primaryimage"},"thumbnailUrl":"https:\/\/radioinfinitagoya.com.ar\/v1\/wp-content\/uploads\/2025\/06\/nota_adriana_gom.jpg","datePublished":"2025-06-10T19:51:37+00:00","description":"Municipalidad de Goya invita a limpiar Costa del Riacho Goya En el marco del Mes Mundial del Medio Ambiente, la Municipalidad de Goya, a trav\u00e9s de la","breadcrumb":{"@id":"https:\/\/radioinfinitagoya.com.ar\/v1\/2025\/06\/10\/mes-mundial-del-medio-ambiente\/#breadcrumb"},"inLanguage":"es-AR","potentialAction":[{"@type":"ReadAction","target":["https:\/\/radioinfinitagoya.com.ar\/v1\/2025\/06\/10\/mes-mundial-del-medio-ambiente\/"]}]},{"@type":"ImageObject","inLanguage":"es-AR","@id":"https:\/\/radioinfinitagoya.com.ar\/v1\/2025\/06\/10\/mes-mundial-del-medio-ambiente\/#primaryimage","url":"https:\/\/radioinfinitagoya.com.ar\/v1\/wp-content\/uploads\/2025\/06\/nota_adriana_gom.jpg","contentUrl":"https:\/\/radioinfinitagoya.com.ar\/v1\/wp-content\/uploads\/2025\/06\/nota_adriana_gom.jpg","width":848,"height":477},{"@type":"BreadcrumbList","@id":"https:\/\/radioinfinitagoya.com.ar\/v1\/2025\/06\/10\/mes-mundial-del-medio-ambiente\/#breadcrumb","itemListElement":[{"@type":"ListItem","position":1,"name":"Inicio","item":"https:\/\/radioinfinitagoya.com.ar\/v1\/"},{"@type":"ListItem","position":2,"name":"Mes Mundial del Medio Ambiente"}]},{"@type":"WebSite","@id":"https:\/\/radioinfinitagoya.com.ar\/v1\/#website","url":"https:\/\/radioinfinitagoya.com.ar\/v1\/","name":"radioinfinitagoya.com.ar","description":"Radio de noticias","publisher":{"@id":"https:\/\/radioinfinitagoya.com.ar\/v1\/#organization"},"potentialAction":[{"@type":"SearchAction","target":{"@type":"EntryPoint","urlTemplate":"https:\/\/radioinfinitagoya.com.ar\/v1\/?s={search_term_string}"},"query-input":{"@type":"PropertyValueSpecification","valueRequired":true,"valueName":"search_term_string"}}],"inLanguage":"es-AR"},{"@type":"Organization","@id":"https:\/\/radioinfinitagoya.com.ar\/v1\/#organization","name":"Radio Infinita Goya","url":"https:\/\/radioinfinitagoya.com.ar\/v1\/","logo":{"@type":"ImageObject","inLanguage":"es-AR","@id":"https:\/\/radioinfinitagoya.com.ar\/v1\/#\/schema\/logo\/image\/","url":"https:\/\/radioinfinitagoya.com.ar\/v1\/wp-content\/uploads\/2019\/11\/logo-pie-web.png","contentUrl":"https:\/\/radioinfinitagoya.com.ar\/v1\/wp-content\/uploads\/2019\/11\/logo-pie-web.png","width":635,"height":326,"caption":"Radio Infinita Goya"},"image":{"@id":"https:\/\/radioinfinitagoya.com.ar\/v1\/#\/schema\/logo\/image\/"},"sameAs":["https:\/\/www.facebook.com\/p\/Infinita-Goya-100063870918311\/"]},{"@type":"Person","@id":"https:\/\/radioinfinitagoya.com.ar\/v1\/#\/schema\/person\/d4cf9c413d4f6edb24aabdccab49ca4a","name":"Jorge Mi\u00f1o","image":{"@type":"ImageObject","inLanguage":"es-AR","@id":"https:\/\/secure.gravatar.com\/avatar\/910fcf6728fe95320e07a6643c1581fec1c7fc4bf8ae12e3d8f0d0373dc844be?s=96&d=mm&r=g","url":"https:\/\/secure.gravatar.com\/avatar\/910fcf6728fe95320e07a6643c1581fec1c7fc4bf8ae12e3d8f0d0373dc844be?s=96&d=mm&r=g","contentUrl":"https:\/\/secure.gravatar.com\/avatar\/910fcf6728fe95320e07a6643c1581fec1c7fc4bf8ae12e3d8f0d0373dc844be?s=96&d=mm&r=g","caption":"Jorge Mi\u00f1o"},"sameAs":["http:\/\/radioinfinitagoya.com.ar"]}]}},"_links":{"self":[{"href":"https:\/\/radioinfinitagoya.com.ar\/v1\/wp-json\/wp\/v2\/posts\/191272","targetHints":{"allow":["GET"]}}],"collection":[{"href":"https:\/\/radioinfinitagoya.com.ar\/v1\/wp-json\/wp\/v2\/posts"}],"about":[{"href":"https:\/\/radioinfinitagoya.com.ar\/v1\/wp-json\/wp\/v2\/types\/post"}],"author":[{"embeddable":true,"href":"https:\/\/radioinfinitagoya.com.ar\/v1\/wp-json\/wp\/v2\/users\/4"}],"replies":[{"embeddable":true,"href":"https:\/\/radioinfinitagoya.com.ar\/v1\/wp-json\/wp\/v2\/comments?post=191272"}],"version-history":[{"count":0,"href":"https:\/\/radioinfinitagoya.com.ar\/v1\/wp-json\/wp\/v2\/posts\/191272\/revisions"}],"wp:featuredmedia":[{"embeddable":true,"href":"https:\/\/radioinfinitagoya.com.ar\/v1\/wp-json\/wp\/v2\/media\/191273"}],"wp:attachment":[{"href":"https:\/\/radioinfinitagoya.com.ar\/v1\/wp-json\/wp\/v2\/media?parent=191272"}],"wp:term":[{"taxonomy":"category","embeddable":true,"href":"https:\/\/radioinfinitagoya.com.ar\/v1\/wp-json\/wp\/v2\/categories?post=191272"},{"taxonomy":"post_tag","embeddable":true,"href":"https:\/\/radioinfinitagoya.com.ar\/v1\/wp-json\/wp\/v2\/tags?post=191272"}],"curies":[{"name":"wp","href":"https:\/\/api.w.org\/{rel}","templated":true}]}}