{"id":191285,"date":"2025-06-10T17:11:53","date_gmt":"2025-06-10T20:11:53","guid":{"rendered":"https:\/\/radioinfinitagoya.com.ar\/v1\/?p=191285"},"modified":"2025-06-10T17:11:53","modified_gmt":"2025-06-10T20:11:53","slug":"mayoristas-sienten-el-impacto-de-la-crisis-y-ya-hay-reduccion-de-personal","status":"publish","type":"post","link":"https:\/\/radioinfinitagoya.com.ar\/v1\/2025\/06\/10\/mayoristas-sienten-el-impacto-de-la-crisis-y-ya-hay-reduccion-de-personal\/","title":{"rendered":"Mayoristas sienten el impacto de la crisis y ya hay reducci\u00f3n de personal"},"content":{"rendered":"<p>La ca\u00edda del consumo y la baja rentabilidad son los principales factores por los cuales algunos empresarios y comerciantes del principal distrito de la provincia y del interior comienzan a aplicar medidas que afectan a la masa de trabajadores.<br \/>\nPasan los a\u00f1os, cambian los gobiernos y las pol\u00edticas econ\u00f3micas en el pa\u00eds no logran dar en la tecla para que el consumo pueda levantar sus porcentajes. La p\u00e9rdida del poder adquisitivo es cada vez m\u00e1s notoria y la gente se vuelca a las compras del d\u00eda a d\u00eda y elige segunda o terceras marcas. Algunos mayoristas locales comienzan a reducir personal.<\/p>\n<p>El poco porcentual de aumentos en los distintos sectores del trabajo provoca que el consumo de los distintos produzca se reduzca a la m\u00e1xima expresi\u00f3n y hoy los salarios alcanzan para cubrir las necesidades b\u00e1sicas y en algunos casos, ni eso.<\/p>\n<p>Las compras para al por mayor o el llenar el changuito pasa a ser ut\u00f3pico en Argentina. Lo preocupante que la baja del consumo acarrea varios aspectos de la econom\u00eda y la principal preocupaci\u00f3n es la perdida de la fuente de trabajo.<\/p>\n<p>En el \u00e1mbito local, Jos\u00e9 Mar\u00eda Beigbedher, comerciante mayorista, explic\u00f3 c\u00f3mo la inflaci\u00f3n, la ca\u00edda del consumo y la p\u00e9rdida de rentabilidad est\u00e1n impactando de lleno en el sector comercial.<br \/>\nEl empresario describi\u00f3 un panorama preocupante, con aumentos constantes de precios y un consumo masivo cada vez m\u00e1s estancado.<\/p>\n<p>&#8220;Seguimos con presi\u00f3n en los precios. En mis rubros, los aumentos rondan entre el 3 y el 5% cada dos meses. Acabo de hablar con proveedores que confirmaron nuevas subas&#8221;, se\u00f1al\u00f3 Beigbedher, al tiempo que remarc\u00f3 que el contexto econ\u00f3mico obliga a una revisi\u00f3n profunda de estructuras y gastos.<\/p>\n<p>En relaci\u00f3n al D\u00eda del Padre, una fecha que hist\u00f3ricamente generaba movimiento comercial, el panorama tambi\u00e9n es poco alentador.<\/p>\n<p>&#8220;En mi rubro est\u00e1 todo muy tranquilo. Antes esas fechas generaban derrame en todos los sectores, pero ahora ni eso. El consumo masivo est\u00e1 muy quieto&#8221;, advirti\u00f3.<\/p>\n<p>El comerciante tambi\u00e9n confirm\u00f3 una decisi\u00f3n dif\u00edcil: reducir personal. &#8220;Hace 20 a\u00f1os que vengo sumando gente, pero este a\u00f1o tengo que disponer de al menos 10 empleados. No hay manera de sostener el esquema actual. Baj\u00f3 much\u00edsimo la rentabilidad. Antes, con la inflaci\u00f3n ibas remarcando, pero ahora hay que ser mucho m\u00e1s competitivo y eficiente&#8221;, explic\u00f3.<\/p>\n<p>Adem\u00e1s, Beigbedher mencion\u00f3 el impacto de la cercan\u00eda con zonas fronterizas, donde los consumidores optan por cruzar a Uruguayana o Paraguay para conseguir mejores precios.<\/p>\n<p>&#8220;En esas zonas, directamente dejamos de enviar vendedores. Ya no se justicia. Todo el mundo se cruza y eso te deja con gente ociosa en venta, reparto y preparaci\u00f3n&#8221;.<\/p>\n<p>&nbsp;<\/p>\n<p>&nbsp;<\/p>\n","protected":false},"excerpt":{"rendered":"<p>La ca\u00edda del consumo y la baja rentabilidad son los principales factores por los cuales algunos empresarios y comerciantes del principal distrito de la provincia y del interior comienzan a aplicar medidas que afectan a la masa de trabajadores. Pasan los a\u00f1os, cambian los gobiernos y las pol\u00edticas econ\u00f3micas en el pa\u00eds no logran dar [&hellip;]<\/p>\n","protected":false},"author":4,"featured_media":191286,"comment_status":"closed","ping_status":"closed","sticky":false,"template":"","format":"standard","meta":{"_joinchat":[],"footnotes":""},"categories":[29],"tags":[],"class_list":{"0":"post-191285","1":"post","2":"type-post","3":"status-publish","4":"format-standard","5":"has-post-thumbnail","7":"category-nacionales"},"yoast_head":"<!-- This site is optimized with the Yoast SEO plugin v27.2 - https:\/\/yoast.com\/product\/yoast-seo-wordpress\/ -->\n<title>Mayoristas sienten el impacto de la crisis y ya hay reducci\u00f3n de personal - Radio Infinita Goya<\/title>\n<meta name=\"description\" content=\"La ca\u00edda del consumo y la baja rentabilidad son los principales factores por los cuales algunos empresarios y comerciantes del principal distrito de la\" \/>\n<meta name=\"robots\" content=\"index, follow, max-snippet:-1, max-image-preview:large, max-video-preview:-1\" \/>\n<link rel=\"canonical\" href=\"https:\/\/radioinfinitagoya.com.ar\/v1\/2025\/06\/10\/mayoristas-sienten-el-impacto-de-la-crisis-y-ya-hay-reduccion-de-personal\/\" \/>\n<meta property=\"og:locale\" content=\"es_ES\" \/>\n<meta property=\"og:type\" content=\"article\" \/>\n<meta property=\"og:title\" content=\"Mayoristas sienten el impacto de la crisis y ya hay reducci\u00f3n de personal - Radio Infinita Goya\" \/>\n<meta property=\"og:description\" content=\"La ca\u00edda del consumo y la baja rentabilidad son los principales factores por los cuales algunos empresarios y comerciantes del principal distrito de la\" \/>\n<meta property=\"og:url\" content=\"https:\/\/radioinfinitagoya.com.ar\/v1\/2025\/06\/10\/mayoristas-sienten-el-impacto-de-la-crisis-y-ya-hay-reduccion-de-personal\/\" \/>\n<meta property=\"og:site_name\" content=\"Radio Infinita Goya\" \/>\n<meta property=\"article:publisher\" content=\"https:\/\/www.facebook.com\/p\/Infinita-Goya-100063870918311\/\" \/>\n<meta property=\"article:published_time\" content=\"2025-06-10T20:11:53+00:00\" \/>\n<meta property=\"og:image\" content=\"https:\/\/radioinfinitagoya.com.ar\/v1\/wp-content\/uploads\/2025\/06\/D_MzgMDg.jpg\" \/>\n\t<meta property=\"og:image:width\" content=\"620\" \/>\n\t<meta property=\"og:image:height\" content=\"360\" \/>\n\t<meta property=\"og:image:type\" content=\"image\/jpeg\" \/>\n<meta name=\"author\" content=\"Jorge Mi\u00f1o\" \/>\n<meta name=\"twitter:card\" content=\"summary_large_image\" \/>\n<meta name=\"twitter:label1\" content=\"Escrito por\" \/>\n\t<meta name=\"twitter:data1\" content=\"Jorge Mi\u00f1o\" \/>\n\t<meta name=\"twitter:label2\" content=\"Tiempo de lectura\" \/>\n\t<meta name=\"twitter:data2\" content=\"3 minutos\" \/>\n<script type=\"application\/ld+json\" class=\"yoast-schema-graph\">{\"@context\":\"https:\/\/schema.org\",\"@graph\":[{\"@type\":\"Article\",\"@id\":\"https:\/\/radioinfinitagoya.com.ar\/v1\/2025\/06\/10\/mayoristas-sienten-el-impacto-de-la-crisis-y-ya-hay-reduccion-de-personal\/#article\",\"isPartOf\":{\"@id\":\"https:\/\/radioinfinitagoya.com.ar\/v1\/2025\/06\/10\/mayoristas-sienten-el-impacto-de-la-crisis-y-ya-hay-reduccion-de-personal\/\"},\"author\":{\"name\":\"Jorge Mi\u00f1o\",\"@id\":\"https:\/\/radioinfinitagoya.com.ar\/v1\/#\/schema\/person\/d4cf9c413d4f6edb24aabdccab49ca4a\"},\"headline\":\"Mayoristas sienten el impacto de la crisis y ya hay reducci\u00f3n de personal\",\"datePublished\":\"2025-06-10T20:11:53+00:00\",\"mainEntityOfPage\":{\"@id\":\"https:\/\/radioinfinitagoya.com.ar\/v1\/2025\/06\/10\/mayoristas-sienten-el-impacto-de-la-crisis-y-ya-hay-reduccion-de-personal\/\"},\"wordCount\":491,\"publisher\":{\"@id\":\"https:\/\/radioinfinitagoya.com.ar\/v1\/#organization\"},\"image\":{\"@id\":\"https:\/\/radioinfinitagoya.com.ar\/v1\/2025\/06\/10\/mayoristas-sienten-el-impacto-de-la-crisis-y-ya-hay-reduccion-de-personal\/#primaryimage\"},\"thumbnailUrl\":\"https:\/\/radioinfinitagoya.com.ar\/v1\/wp-content\/uploads\/2025\/06\/D_MzgMDg.jpg\",\"articleSection\":[\"NACIONALES\"],\"inLanguage\":\"es-AR\"},{\"@type\":\"WebPage\",\"@id\":\"https:\/\/radioinfinitagoya.com.ar\/v1\/2025\/06\/10\/mayoristas-sienten-el-impacto-de-la-crisis-y-ya-hay-reduccion-de-personal\/\",\"url\":\"https:\/\/radioinfinitagoya.com.ar\/v1\/2025\/06\/10\/mayoristas-sienten-el-impacto-de-la-crisis-y-ya-hay-reduccion-de-personal\/\",\"name\":\"Mayoristas sienten el impacto de la crisis y ya hay reducci\u00f3n de personal - Radio Infinita Goya\",\"isPartOf\":{\"@id\":\"https:\/\/radioinfinitagoya.com.ar\/v1\/#website\"},\"primaryImageOfPage\":{\"@id\":\"https:\/\/radioinfinitagoya.com.ar\/v1\/2025\/06\/10\/mayoristas-sienten-el-impacto-de-la-crisis-y-ya-hay-reduccion-de-personal\/#primaryimage\"},\"image\":{\"@id\":\"https:\/\/radioinfinitagoya.com.ar\/v1\/2025\/06\/10\/mayoristas-sienten-el-impacto-de-la-crisis-y-ya-hay-reduccion-de-personal\/#primaryimage\"},\"thumbnailUrl\":\"https:\/\/radioinfinitagoya.com.ar\/v1\/wp-content\/uploads\/2025\/06\/D_MzgMDg.jpg\",\"datePublished\":\"2025-06-10T20:11:53+00:00\",\"description\":\"La ca\u00edda del consumo y la baja rentabilidad son los principales factores por los cuales algunos empresarios y comerciantes del principal distrito de la\",\"breadcrumb\":{\"@id\":\"https:\/\/radioinfinitagoya.com.ar\/v1\/2025\/06\/10\/mayoristas-sienten-el-impacto-de-la-crisis-y-ya-hay-reduccion-de-personal\/#breadcrumb\"},\"inLanguage\":\"es-AR\",\"potentialAction\":[{\"@type\":\"ReadAction\",\"target\":[\"https:\/\/radioinfinitagoya.com.ar\/v1\/2025\/06\/10\/mayoristas-sienten-el-impacto-de-la-crisis-y-ya-hay-reduccion-de-personal\/\"]}]},{\"@type\":\"ImageObject\",\"inLanguage\":\"es-AR\",\"@id\":\"https:\/\/radioinfinitagoya.com.ar\/v1\/2025\/06\/10\/mayoristas-sienten-el-impacto-de-la-crisis-y-ya-hay-reduccion-de-personal\/#primaryimage\",\"url\":\"https:\/\/radioinfinitagoya.com.ar\/v1\/wp-content\/uploads\/2025\/06\/D_MzgMDg.jpg\",\"contentUrl\":\"https:\/\/radioinfinitagoya.com.ar\/v1\/wp-content\/uploads\/2025\/06\/D_MzgMDg.jpg\",\"width\":620,\"height\":360},{\"@type\":\"BreadcrumbList\",\"@id\":\"https:\/\/radioinfinitagoya.com.ar\/v1\/2025\/06\/10\/mayoristas-sienten-el-impacto-de-la-crisis-y-ya-hay-reduccion-de-personal\/#breadcrumb\",\"itemListElement\":[{\"@type\":\"ListItem\",\"position\":1,\"name\":\"Inicio\",\"item\":\"https:\/\/radioinfinitagoya.com.ar\/v1\/\"},{\"@type\":\"ListItem\",\"position\":2,\"name\":\"Mayoristas sienten el impacto de la crisis y ya hay reducci\u00f3n de personal\"}]},{\"@type\":\"WebSite\",\"@id\":\"https:\/\/radioinfinitagoya.com.ar\/v1\/#website\",\"url\":\"https:\/\/radioinfinitagoya.com.ar\/v1\/\",\"name\":\"radioinfinitagoya.com.ar\",\"description\":\"Radio de noticias\",\"publisher\":{\"@id\":\"https:\/\/radioinfinitagoya.com.ar\/v1\/#organization\"},\"potentialAction\":[{\"@type\":\"SearchAction\",\"target\":{\"@type\":\"EntryPoint\",\"urlTemplate\":\"https:\/\/radioinfinitagoya.com.ar\/v1\/?s={search_term_string}\"},\"query-input\":{\"@type\":\"PropertyValueSpecification\",\"valueRequired\":true,\"valueName\":\"search_term_string\"}}],\"inLanguage\":\"es-AR\"},{\"@type\":\"Organization\",\"@id\":\"https:\/\/radioinfinitagoya.com.ar\/v1\/#organization\",\"name\":\"Radio Infinita Goya\",\"url\":\"https:\/\/radioinfinitagoya.com.ar\/v1\/\",\"logo\":{\"@type\":\"ImageObject\",\"inLanguage\":\"es-AR\",\"@id\":\"https:\/\/radioinfinitagoya.com.ar\/v1\/#\/schema\/logo\/image\/\",\"url\":\"https:\/\/radioinfinitagoya.com.ar\/v1\/wp-content\/uploads\/2019\/11\/logo-pie-web.png\",\"contentUrl\":\"https:\/\/radioinfinitagoya.com.ar\/v1\/wp-content\/uploads\/2019\/11\/logo-pie-web.png\",\"width\":635,\"height\":326,\"caption\":\"Radio Infinita Goya\"},\"image\":{\"@id\":\"https:\/\/radioinfinitagoya.com.ar\/v1\/#\/schema\/logo\/image\/\"},\"sameAs\":[\"https:\/\/www.facebook.com\/p\/Infinita-Goya-100063870918311\/\"]},{\"@type\":\"Person\",\"@id\":\"https:\/\/radioinfinitagoya.com.ar\/v1\/#\/schema\/person\/d4cf9c413d4f6edb24aabdccab49ca4a\",\"name\":\"Jorge Mi\u00f1o\",\"image\":{\"@type\":\"ImageObject\",\"inLanguage\":\"es-AR\",\"@id\":\"https:\/\/secure.gravatar.com\/avatar\/910fcf6728fe95320e07a6643c1581fec1c7fc4bf8ae12e3d8f0d0373dc844be?s=96&d=mm&r=g\",\"url\":\"https:\/\/secure.gravatar.com\/avatar\/910fcf6728fe95320e07a6643c1581fec1c7fc4bf8ae12e3d8f0d0373dc844be?s=96&d=mm&r=g\",\"contentUrl\":\"https:\/\/secure.gravatar.com\/avatar\/910fcf6728fe95320e07a6643c1581fec1c7fc4bf8ae12e3d8f0d0373dc844be?s=96&d=mm&r=g\",\"caption\":\"Jorge Mi\u00f1o\"},\"sameAs\":[\"http:\/\/radioinfinitagoya.com.ar\"]}]}<\/script>\n<!-- \/ Yoast SEO plugin. -->","yoast_head_json":{"title":"Mayoristas sienten el impacto de la crisis y ya hay reducci\u00f3n de personal - Radio Infinita Goya","description":"La ca\u00edda del consumo y la baja rentabilidad son los principales factores por los cuales algunos empresarios y comerciantes del principal distrito de la","robots":{"index":"index","follow":"follow","max-snippet":"max-snippet:-1","max-image-preview":"max-image-preview:large","max-video-preview":"max-video-preview:-1"},"canonical":"https:\/\/radioinfinitagoya.com.ar\/v1\/2025\/06\/10\/mayoristas-sienten-el-impacto-de-la-crisis-y-ya-hay-reduccion-de-personal\/","og_locale":"es_ES","og_type":"article","og_title":"Mayoristas sienten el impacto de la crisis y ya hay reducci\u00f3n de personal - Radio Infinita Goya","og_description":"La ca\u00edda del consumo y la baja rentabilidad son los principales factores por los cuales algunos empresarios y comerciantes del principal distrito de la","og_url":"https:\/\/radioinfinitagoya.com.ar\/v1\/2025\/06\/10\/mayoristas-sienten-el-impacto-de-la-crisis-y-ya-hay-reduccion-de-personal\/","og_site_name":"Radio Infinita Goya","article_publisher":"https:\/\/www.facebook.com\/p\/Infinita-Goya-100063870918311\/","article_published_time":"2025-06-10T20:11:53+00:00","og_image":[{"width":620,"height":360,"url":"https:\/\/radioinfinitagoya.com.ar\/v1\/wp-content\/uploads\/2025\/06\/D_MzgMDg.jpg","type":"image\/jpeg"}],"author":"Jorge Mi\u00f1o","twitter_card":"summary_large_image","twitter_misc":{"Escrito por":"Jorge Mi\u00f1o","Tiempo de lectura":"3 minutos"},"schema":{"@context":"https:\/\/schema.org","@graph":[{"@type":"Article","@id":"https:\/\/radioinfinitagoya.com.ar\/v1\/2025\/06\/10\/mayoristas-sienten-el-impacto-de-la-crisis-y-ya-hay-reduccion-de-personal\/#article","isPartOf":{"@id":"https:\/\/radioinfinitagoya.com.ar\/v1\/2025\/06\/10\/mayoristas-sienten-el-impacto-de-la-crisis-y-ya-hay-reduccion-de-personal\/"},"author":{"name":"Jorge Mi\u00f1o","@id":"https:\/\/radioinfinitagoya.com.ar\/v1\/#\/schema\/person\/d4cf9c413d4f6edb24aabdccab49ca4a"},"headline":"Mayoristas sienten el impacto de la crisis y ya hay reducci\u00f3n de personal","datePublished":"2025-06-10T20:11:53+00:00","mainEntityOfPage":{"@id":"https:\/\/radioinfinitagoya.com.ar\/v1\/2025\/06\/10\/mayoristas-sienten-el-impacto-de-la-crisis-y-ya-hay-reduccion-de-personal\/"},"wordCount":491,"publisher":{"@id":"https:\/\/radioinfinitagoya.com.ar\/v1\/#organization"},"image":{"@id":"https:\/\/radioinfinitagoya.com.ar\/v1\/2025\/06\/10\/mayoristas-sienten-el-impacto-de-la-crisis-y-ya-hay-reduccion-de-personal\/#primaryimage"},"thumbnailUrl":"https:\/\/radioinfinitagoya.com.ar\/v1\/wp-content\/uploads\/2025\/06\/D_MzgMDg.jpg","articleSection":["NACIONALES"],"inLanguage":"es-AR"},{"@type":"WebPage","@id":"https:\/\/radioinfinitagoya.com.ar\/v1\/2025\/06\/10\/mayoristas-sienten-el-impacto-de-la-crisis-y-ya-hay-reduccion-de-personal\/","url":"https:\/\/radioinfinitagoya.com.ar\/v1\/2025\/06\/10\/mayoristas-sienten-el-impacto-de-la-crisis-y-ya-hay-reduccion-de-personal\/","name":"Mayoristas sienten el impacto de la crisis y ya hay reducci\u00f3n de personal - Radio Infinita Goya","isPartOf":{"@id":"https:\/\/radioinfinitagoya.com.ar\/v1\/#website"},"primaryImageOfPage":{"@id":"https:\/\/radioinfinitagoya.com.ar\/v1\/2025\/06\/10\/mayoristas-sienten-el-impacto-de-la-crisis-y-ya-hay-reduccion-de-personal\/#primaryimage"},"image":{"@id":"https:\/\/radioinfinitagoya.com.ar\/v1\/2025\/06\/10\/mayoristas-sienten-el-impacto-de-la-crisis-y-ya-hay-reduccion-de-personal\/#primaryimage"},"thumbnailUrl":"https:\/\/radioinfinitagoya.com.ar\/v1\/wp-content\/uploads\/2025\/06\/D_MzgMDg.jpg","datePublished":"2025-06-10T20:11:53+00:00","description":"La ca\u00edda del consumo y la baja rentabilidad son los principales factores por los cuales algunos empresarios y comerciantes del principal distrito de la","breadcrumb":{"@id":"https:\/\/radioinfinitagoya.com.ar\/v1\/2025\/06\/10\/mayoristas-sienten-el-impacto-de-la-crisis-y-ya-hay-reduccion-de-personal\/#breadcrumb"},"inLanguage":"es-AR","potentialAction":[{"@type":"ReadAction","target":["https:\/\/radioinfinitagoya.com.ar\/v1\/2025\/06\/10\/mayoristas-sienten-el-impacto-de-la-crisis-y-ya-hay-reduccion-de-personal\/"]}]},{"@type":"ImageObject","inLanguage":"es-AR","@id":"https:\/\/radioinfinitagoya.com.ar\/v1\/2025\/06\/10\/mayoristas-sienten-el-impacto-de-la-crisis-y-ya-hay-reduccion-de-personal\/#primaryimage","url":"https:\/\/radioinfinitagoya.com.ar\/v1\/wp-content\/uploads\/2025\/06\/D_MzgMDg.jpg","contentUrl":"https:\/\/radioinfinitagoya.com.ar\/v1\/wp-content\/uploads\/2025\/06\/D_MzgMDg.jpg","width":620,"height":360},{"@type":"BreadcrumbList","@id":"https:\/\/radioinfinitagoya.com.ar\/v1\/2025\/06\/10\/mayoristas-sienten-el-impacto-de-la-crisis-y-ya-hay-reduccion-de-personal\/#breadcrumb","itemListElement":[{"@type":"ListItem","position":1,"name":"Inicio","item":"https:\/\/radioinfinitagoya.com.ar\/v1\/"},{"@type":"ListItem","position":2,"name":"Mayoristas sienten el impacto de la crisis y ya hay reducci\u00f3n de personal"}]},{"@type":"WebSite","@id":"https:\/\/radioinfinitagoya.com.ar\/v1\/#website","url":"https:\/\/radioinfinitagoya.com.ar\/v1\/","name":"radioinfinitagoya.com.ar","description":"Radio de noticias","publisher":{"@id":"https:\/\/radioinfinitagoya.com.ar\/v1\/#organization"},"potentialAction":[{"@type":"SearchAction","target":{"@type":"EntryPoint","urlTemplate":"https:\/\/radioinfinitagoya.com.ar\/v1\/?s={search_term_string}"},"query-input":{"@type":"PropertyValueSpecification","valueRequired":true,"valueName":"search_term_string"}}],"inLanguage":"es-AR"},{"@type":"Organization","@id":"https:\/\/radioinfinitagoya.com.ar\/v1\/#organization","name":"Radio Infinita Goya","url":"https:\/\/radioinfinitagoya.com.ar\/v1\/","logo":{"@type":"ImageObject","inLanguage":"es-AR","@id":"https:\/\/radioinfinitagoya.com.ar\/v1\/#\/schema\/logo\/image\/","url":"https:\/\/radioinfinitagoya.com.ar\/v1\/wp-content\/uploads\/2019\/11\/logo-pie-web.png","contentUrl":"https:\/\/radioinfinitagoya.com.ar\/v1\/wp-content\/uploads\/2019\/11\/logo-pie-web.png","width":635,"height":326,"caption":"Radio Infinita Goya"},"image":{"@id":"https:\/\/radioinfinitagoya.com.ar\/v1\/#\/schema\/logo\/image\/"},"sameAs":["https:\/\/www.facebook.com\/p\/Infinita-Goya-100063870918311\/"]},{"@type":"Person","@id":"https:\/\/radioinfinitagoya.com.ar\/v1\/#\/schema\/person\/d4cf9c413d4f6edb24aabdccab49ca4a","name":"Jorge Mi\u00f1o","image":{"@type":"ImageObject","inLanguage":"es-AR","@id":"https:\/\/secure.gravatar.com\/avatar\/910fcf6728fe95320e07a6643c1581fec1c7fc4bf8ae12e3d8f0d0373dc844be?s=96&d=mm&r=g","url":"https:\/\/secure.gravatar.com\/avatar\/910fcf6728fe95320e07a6643c1581fec1c7fc4bf8ae12e3d8f0d0373dc844be?s=96&d=mm&r=g","contentUrl":"https:\/\/secure.gravatar.com\/avatar\/910fcf6728fe95320e07a6643c1581fec1c7fc4bf8ae12e3d8f0d0373dc844be?s=96&d=mm&r=g","caption":"Jorge Mi\u00f1o"},"sameAs":["http:\/\/radioinfinitagoya.com.ar"]}]}},"_links":{"self":[{"href":"https:\/\/radioinfinitagoya.com.ar\/v1\/wp-json\/wp\/v2\/posts\/191285","targetHints":{"allow":["GET"]}}],"collection":[{"href":"https:\/\/radioinfinitagoya.com.ar\/v1\/wp-json\/wp\/v2\/posts"}],"about":[{"href":"https:\/\/radioinfinitagoya.com.ar\/v1\/wp-json\/wp\/v2\/types\/post"}],"author":[{"embeddable":true,"href":"https:\/\/radioinfinitagoya.com.ar\/v1\/wp-json\/wp\/v2\/users\/4"}],"replies":[{"embeddable":true,"href":"https:\/\/radioinfinitagoya.com.ar\/v1\/wp-json\/wp\/v2\/comments?post=191285"}],"version-history":[{"count":0,"href":"https:\/\/radioinfinitagoya.com.ar\/v1\/wp-json\/wp\/v2\/posts\/191285\/revisions"}],"wp:featuredmedia":[{"embeddable":true,"href":"https:\/\/radioinfinitagoya.com.ar\/v1\/wp-json\/wp\/v2\/media\/191286"}],"wp:attachment":[{"href":"https:\/\/radioinfinitagoya.com.ar\/v1\/wp-json\/wp\/v2\/media?parent=191285"}],"wp:term":[{"taxonomy":"category","embeddable":true,"href":"https:\/\/radioinfinitagoya.com.ar\/v1\/wp-json\/wp\/v2\/categories?post=191285"},{"taxonomy":"post_tag","embeddable":true,"href":"https:\/\/radioinfinitagoya.com.ar\/v1\/wp-json\/wp\/v2\/tags?post=191285"}],"curies":[{"name":"wp","href":"https:\/\/api.w.org\/{rel}","templated":true}]}}