{"id":191291,"date":"2025-06-10T17:59:02","date_gmt":"2025-06-10T20:59:02","guid":{"rendered":"https:\/\/radioinfinitagoya.com.ar\/v1\/?p=191291"},"modified":"2025-06-10T17:59:02","modified_gmt":"2025-06-10T20:59:02","slug":"cristina-kirchner-ira-presa-y-no-podra-ser-candidata","status":"publish","type":"post","link":"https:\/\/radioinfinitagoya.com.ar\/v1\/2025\/06\/10\/cristina-kirchner-ira-presa-y-no-podra-ser-candidata\/","title":{"rendered":"Cristina Kirchner ir\u00e1 presa y no podr\u00e1 ser candidata"},"content":{"rendered":"<p>La Corte confirm\u00f3 su condena por corrupci\u00f3n en el caso Vialidad<\/p>\n<p>Es la segunda ex presidenta de la historia que va a prisi\u00f3n en democracia. El m\u00e1ximo tribunal rechaz\u00f3 las apelaciones y dej\u00f3 firme el fallo que la conden\u00f3 a seis a\u00f1os de prisi\u00f3n por los negociados con L\u00e1zaro B\u00e1ez y la inhabilit\u00f3 de por vida para ejercer cargos p\u00fablicos<\/p>\n<p>En una decisi\u00f3n de alto impacto pol\u00edtico y judicial, la Corte Suprema confirm\u00f3 el fallo dictado en noviembre pasado por la Sala IV de la C\u00e1mara de Casaci\u00f3n Penal en la causa Vialidad, donde se investig\u00f3 el delito de defraudaci\u00f3n al Estado a trav\u00e9s de contratos de obras p\u00fablicas. Esta decisi\u00f3n implica que queda firme la condena contra la dos veces presidenta Cristina Fern\u00e1ndez de Kirchner, a seis a\u00f1os de prisi\u00f3n e inhabilitaci\u00f3n perpetua para ejercer cargos p\u00fablicos. La sentencia incluye el decomiso de unos 84.000 millones de pesos.<\/p>\n<p>Desde el retorno de la democracia, en 1983, s\u00f3lo dos ex presidentes fueron condenados por la Justicia argentina: Carlos Menem y Cristina Kirchner.<\/p>\n<p>Ahora el Tribunal Oral Federal 2 (TOF 2) deber\u00e1 resolver sobre las condiciones de detenci\u00f3n de la ex mandataria y de los otros ocho condenados, entre ellos L\u00e1zaro B\u00e1ez y Jos\u00e9 L\u00f3pez. Es muy probable que en el caso de Cristina Kirchner, el TOF 2 resuelva concederle el beneficio del arresto domiciliario por contar con m\u00e1s de 70 a\u00f1os. Adem\u00e1s, no podr\u00e1 participar de las elecciones legislativas donde planeaba competir por una banca provincial. Esto convierte el caso en el hecho de mayor impacto en el escenario pol\u00edtico y judicial actual del pa\u00eds.<\/p>\n<p>La decisi\u00f3n fue adoptada por unanimidad por los tres jueces de la Corte Suprema, Horacio Rosatti, Carlos Rosenkrantz y Ricardo Lorenzetti, quienes rechazaron las apelaciones de la defensa de la ex presidenta, de los otros ocho condenados, y del fiscal Mario Villar, utilizando la f\u00f3rmula del art\u00edculo 280 de C\u00f3digo Procesal Civil y Comercial, en este caso acompa\u00f1ado de los fundamentos de la decisi\u00f3n (280 fundado) dada la trascendencia institucional de la decisi\u00f3n.<\/p>\n<p>La sentencia resuelve: \u201cRechazar el recurso extraordinario federal interpuesto por la defensa de Cristina Elizabet Fern\u00e1ndez de Kirchner. Confirmar la sentencia dictada por el Tribunal Oral en lo Criminal Federal N.\u00ba 2, en cuanto condena a la nombrada a seis (6) a\u00f1os de prisi\u00f3n e inhabilitaci\u00f3n perpetua para ejercer cargos p\u00fablicos, como coautora penalmente responsable del delito de administraci\u00f3n fraudulenta agravada en perjuicio de la administraci\u00f3n p\u00fablica (arts. 174 inc. 5\u00b0 y 45 del C\u00f3digo Penal)\u201c.<\/p>\n<p>En sus fundamentos, los jueces sostuvieron: \u201cLas sentencias dictadas por los tribunales anteriores se asentaron en la profusa prueba producida \u2014valorada de conformidad con las reglas de la sana cr\u00edtica (art. 398 del C\u00f3digo Procesal Penal de la Naci\u00f3n)\u2014 y en el C\u00f3digo Penal sancionado por el Congreso, sin que se haya demostrado en modo alguno que la decisi\u00f3n apelada no constituya una derivaci\u00f3n razonada del derecho vigente de conformidad con las circunstancias particulares comprobadas en la causa, ni que durante el proceso se haya vulnerado alguna garant\u00eda constitucional. El debido proceso ha sido salvaguardado y la recurrente ha obtenido una sentencia fundada en ley\u201d.<\/p>\n<p>\u201cLas sanciones aplicadas son las que determina el ordenamiento jur\u00eddico vigente. La imposici\u00f3n de las penas de prisi\u00f3n e inhabilitaci\u00f3n no hace otra cosa que tutelar nuestro sistema republicano y democr\u00e1tico seg\u00fan las leyes penales dictadas por los representantes del pueblo en el Congreso de la Naci\u00f3n (art. 174, \u00faltimo p\u00e1rrafo, del C\u00f3digo Penal, texto seg\u00fan ley 25.602)\u201d, se advirti\u00f3.<\/p>\n<p>Para la Corte, \u201clos reclamos de la defensa llevan a examinar cuestiones \u2014de hecho y prueba en muchos casos, ajenas por su materia a la competencia apelada extraordinaria de esta Corte Suprema en los t\u00e9rminos del art\u00edculo 14 de la ley 48, salvo que medie un supuesto de arbitrariedad\u2014 tales como el contexto dentro del cual se ejecut\u00f3 la maniobra que fue juzgada, las relaciones personales y comerciales que un\u00edan a Fern\u00e1ndez de Kirchner con L\u00e1zaro B\u00e1ez, las implicancias en torno al dictado y efectos del decreto 54\/2009, las advertencias emitidas por los servicios jur\u00eddicos en relaci\u00f3n con su dictado y la valoraci\u00f3n del contenido de los mensajes extra\u00eddos el celular de Jos\u00e9 L\u00f3pez, entre otros. En particular, la decisi\u00f3n apelada aludi\u00f3 a que L\u00e1zaro B\u00e1ez, por intermedio de sociedades por \u00e9l controladas, efectu\u00f3 contratos de locaci\u00f3n y gerenciamiento con sociedades de titularidad de la familia Kirchner que explotaban hoteles, adem\u00e1s de haber realizado otros negocios inmobiliarios. Esas relaciones no fueron cuestionadas por la defensa en manera alguna, m\u00e1s all\u00e1 de alegar que los actos comerciales se\u00f1alados fueron \u2018totalmente l\u00edcitos y se celebraron a precios de mercado\u2019, lo que resta toda eficacia a su planteo\u201d.<\/p>\n<p>Seg\u00fan subrayaron los ministros, \u201cesas circunstancias, valoradas ya por dos instancias judiciales, llevaron a la conclusi\u00f3n de que esa decisi\u00f3n presidencial \u2018releg\u00f3 la ventaja econ\u00f3mica para la administraci\u00f3n p\u00fablica por la ventaja econ\u00f3mica para los intereses particulares a la postre beneficiados\u2019 y de que \u2018Fern\u00e1ndez de Kirchner se represent\u00f3 los elementos objetivos del tipo al momento de dar comienzo a la acci\u00f3n t\u00edpica y que previ\u00f3 la realizaci\u00f3n de estos y, por tanto, la producci\u00f3n del resultado\u2019\u201d. Tambi\u00e9n se pudo acreditar que \u201cla encausada quiso que el resultado delictivo sea una consecuencia de su propia acci\u00f3n y tuvo, adem\u00e1s, el \u00e1nimo de lucro requerido por el tipo\u201d.<\/p>\n<p>La Corte resalt\u00f3 que \u201cel argumento de la defensa basado en la competencia de terceras personas en el asunto \u2014entre ellas, el jefe de gabinete de ministros de la Naci\u00f3n y los restantes funcionarios nacionales y provinciales que intervinieron en los hechos\u2014 se desentiende del fundamento desarrollado por los jueces de la causa en torno a la modificaci\u00f3n implementada por el decreto 54\/2009 y la indisputada competencia y responsabilidad de la encausada en la emisi\u00f3n del mismo\u201d. Adem\u00e1s, dijo el fallo, \u201cse omite rebatir las dem\u00e1s circunstancias ponderadas por el a quo respecto de la intervenci\u00f3n personal de la recurrente en los hechos, en particular, el beneficio econ\u00f3mico obtenido\u201d.<\/p>\n<p>Tambi\u00e9n se advirti\u00f3 que \u201cel discurso reiterativo de la apelante \u2014por ejemplo, el tribunal revisor se\u00f1al\u00f3 que \u201clo se\u00f1alado por la defensa en esta instancia no es m\u00e1s que una reedici\u00f3n de todo aquello que fue oportuna y fundadamente descartado por el \u2018a quo\u2019 s\u00f3lo evidencia su desacuerdo con el pronunciamiento atacado, sin llevar a cabo una efectiva refutaci\u00f3n de los argumentos sostenidos en la sentencia apelada\u201d<\/p>\n<p>A lo largo de su an\u00e1lisis, los jueces desplegaron los argumentos que hab\u00eda presentado la defensa de Cristina Kirchner contra la sentencia en su contra.<\/p>\n<p>\u201cLa apelante no ha cumplido con el requisito de fundamentaci\u00f3n aut\u00f3noma que requiere que el escrito de interposici\u00f3n del recurso extraordinario contenga un relato prolijo de los hechos de la causa de relevancia principal, que permita vincularlos con las cuestiones que se plantean como de naturaleza federal mediante una cr\u00edtica concreta y razonada de los argumentos en que se bas\u00f3 la sentencia que se impugna, sin que, incluso, valga a tal efecto una nueva cr\u00edtica general a las l\u00edneas principales de la argumentaci\u00f3n del pronunciamiento apelado\u201d, dijeron. Tambi\u00e9n destacaron que \u201cresulta exigible rebatir todos y cada uno de los argumentos en que el juzgador se apoy\u00f3 para arribar a las conclusiones de que el apelante se agravia\u201d. \u201cNo resulta una refutaci\u00f3n suficiente, por lo tanto, el solo sostener un criterio interpretativo distinto del seguido en la sentencia recurrida\u201d, se se\u00f1al\u00f3.<\/p>\n<p>\u201cComo consecuencia de lo anterior, y dado que tales deficiencias no pueden ser subsanadas en el recurso de hecho, cuando el recurso extraordinario no cumple con el requisito de fundamentaci\u00f3n aut\u00f3noma, la queja debe ser desestimada\u201d, analizaron.<\/p>\n<p>Pero adem\u00e1s los jueces hicieron hincapi\u00e9 en las \u201cdiversas falencias\u201d en la presentaci\u00f3n de la defensa. Entre ellas, se\u00f1alaron, que aparecen enumeraciones sobre distintos jueces y fiscales o encuentros con ciertos funcionarios del Poder Ejecutivo \u201csin indicar ni una sola circunstancia concreta que permita inferir razonablemente que se ha comprometido la imparcialidad de los jueces en este caso concreto\u201d.<\/p>\n<p>\u201cSe trata en efecto de meras conjeturas a partir de las cuales se invocan principios gen\u00e9ricos de \u2018independencia, imparcialidad e integridad\u2019, sin haber siquiera intentado encuadrarlas en los supuestos espec\u00edficos de recusaci\u00f3n de los magistrados establecidos en el art\u00edculo 55 del C\u00f3digo Procesal Penal de la Naci\u00f3n, cuya inconstitucionalidad no fue planteada y que, justamente, tiende a tutelar tales principios relativos a la imparcialidad de los magistrados\u201d, se advirti\u00f3.<\/p>\n<p>Adem\u00e1s, la defensa tampoco indic\u00f3 \u201cla forma en que se habr\u00eda puesto de manifiesto el temor de parcialidad que procuraba evitar, no bastando para ello el dictado de un fallo adverso a sus intereses. Al respecto, es obvio que no toda discrepancia de lo resuelto revelar\u00eda la concreci\u00f3n del temor de parcialidad alegado\u201d.<\/p>\n<p>Entre planteos, la Corte record\u00f3 que para que una sentencia sea descalificable como acto jurisdiccional v\u00e1lido en los t\u00e9rminos de la doctrina de la arbitrariedad por haberse omitido el tratamiento de cuestiones planteadas ante los jueces, debe demostrarse cu\u00e1les cuestiones fueron efectivamente sometidas al tribunal apelado \u2013en este caso Casaci\u00f3n- y que ellas, omitidas en la sentencia apelada, eran conducentes\u201d.<\/p>\n<p>La condenas y las absoluciones<\/p>\n<p>La condena a seis a\u00f1os de prisi\u00f3n e inhabilitaci\u00f3n perpetua contra Cristina Kirchner y otros acusados en la causa Vialidad fue dictada en 2022 por el Tribunal Oral en lo Criminal Federal N\u00b02, integrado por los jueces Jorge Gorini, Rodrigo Gim\u00e9nez Uriburu y Andr\u00e9s Basso, quienes juzgaron el desv\u00edo de fondos e irregularidades en la asignaci\u00f3n de obras p\u00fablicas en la provincia de Santa Cruz.<\/p>\n<p>Este fallo fue confirmado en noviembre pasado por la Sala IV de Casaci\u00f3n, integrada por los jueces Gustavo Hornos, Mariano Hern\u00e1n Borinsky y Diego Barroetave\u00f1a, por medio de una sentencia de m\u00e1s de 1.600 p\u00e1ginas en la que rechaz\u00f3 tanto los recursos de las defensas como el de la fiscal\u00eda.<\/p>\n<p>En la misma decisi\u00f3n, Casaci\u00f3n confirm\u00f3 las condenas -tambi\u00e9n por el delito de fraude a la administraci\u00f3n p\u00fablica- de L\u00e1zaro B\u00e1ez (6 a\u00f1os de prisi\u00f3n), de Jos\u00e9 L\u00f3pez (6 a\u00f1os de prisi\u00f3n), de Nelson Periotti (6 a\u00f1os de prisi\u00f3n), de Juan Carlos Villafa\u00f1e (5 a\u00f1os de prisi\u00f3n), de Ra\u00fal Pavesi (4 a\u00f1os y 6 meses de prisi\u00f3n), de Jos\u00e9 Santib\u00e1\u00f1ez (4 a\u00f1os de prisi\u00f3n), de Mauricio Collareda (4 a\u00f1os de prisi\u00f3n) y de Ra\u00fal Daruich (3 a\u00f1os y seis meses de prisi\u00f3n). A todos los ex funcionarios se les hab\u00eda impuesto la inhabilitaci\u00f3n perpetua para ejercer cargos p\u00fablicos, aspecto tambi\u00e9n confirmado por el m\u00e1ximo tribunal penal.<\/p>\n<p>Por decisi\u00f3n mayoritaria de los camaristas Borinsky y Barroetave\u00f1a, se rechaz\u00f3 la pretensi\u00f3n del Ministerio P\u00fablico Fiscal de aplicar al caso la figura de asociaci\u00f3n il\u00edcita, confirmando as\u00ed la decisi\u00f3n absolutoria del tribunal oral 2 en cuanto a ese delito. El juez Hornos, en disidencia, consider\u00f3 que correspond\u00eda aplicar la figura de asociaci\u00f3n il\u00edcita.<\/p>\n<p>La decisi\u00f3n de la Corte deja firme tambi\u00e9n las absoluciones de Julio De Vido, Abel Fatala, H\u00e9ctor Garro, y el sobreseimiento por prescripci\u00f3n de Carlos Kirchner, quien fuera acusado por el Ministerio P\u00fablico Fiscal durante el juicio oral.<\/p>\n<p>Finalmente, la Sala IV de la C\u00e1mara Federal de Casaci\u00f3n Penal homolog\u00f3 el decomiso de aproximadamente 84.000 millones de pesos, dinero que volver\u00e1 a las arcas del Estado.<\/p>\n<p>Los hechos juzgados<\/p>\n<p>Los hechos juzgados en la causa Vialidad se refieren a la tramitaci\u00f3n de 51 procesos de licitaci\u00f3n p\u00fablica para la construcci\u00f3n de obras viales sobre rutas nacionales y provinciales en la provincia de Santa Cruz, entre los a\u00f1os 2003 y 2015. La Justicia determin\u00f3 que, en este marco, tuvo lugar una notable maniobra fraudulenta que perjudic\u00f3 los intereses de la administraci\u00f3n p\u00fablica nacional.<\/p>\n<p>La empresa Austral Construcciones SA, principal beneficiaria de obra p\u00fablica de Santa Cruz, dio inicio a sus actividades d\u00edas antes de que fuera irregularmente adjudicataria de un gran caudal de contratos en el marco de licitaciones p\u00fablicas en las cuales no hubo competencia alguna.<\/p>\n<p>Siempre seg\u00fan lo que determin\u00f3 la Justicia, a lo largo de la maniobra delictiva Austral Construcciones fue continuamente beneficiada con la asignaci\u00f3n ilimitada de fondos p\u00fablicos, pese a advertirse distintas irregularidades en cada licitaci\u00f3n en que participaba y resultaba adjudicataria.<\/p>\n<p>Durante las \u00e9pocas de crisis (2008-2009), la empresa continu\u00f3 recibiendo prioritariamente un flujo importante de fondos a pesar de los problemas de liquidez. Adem\u00e1s, luego de las elecciones del a\u00f1o 2015 que determinaron el fin del gobierno de Cristina Kirchner, la empresa de L\u00e1zaro B\u00e1ez intempestivamente decidi\u00f3 abandonar las obras en el marco del \u201cPlan limpiar todo\u201d.<\/p>\n<p>La Justicia tambi\u00e9n comprob\u00f3 que durante ese per\u00edodo las obras viales licitadas en esa provincia fueron sistem\u00e1ticamente adjudicadas a un grupo de empresas vinculadas a L\u00e1zaro B\u00e1ez, grupo cuya conformaci\u00f3n y crecimiento econ\u00f3mico se vio asociado con la asignaci\u00f3n de obra p\u00fablica vial en esa jurisdicci\u00f3n.<\/p>\n<p>Aquellos procesos fueron llevados a cabo, en su mayor\u00eda, por la Administraci\u00f3n General de Vialidad Provincial de Santa Cruz (AGVP), de acuerdo a facultades delegadas por la Direcci\u00f3n Nacional de Vialidad (DNV) y, ocasionalmente, por este \u00faltimo organismo en forma directa. Seg\u00fan la Justicia, los imputados, ex funcionarios de las agencias viales, operaron convalidando irregularidades en el marco del desarrollo de las licitaciones y la ejecuci\u00f3n de las obras. Tambi\u00e9n se responsabiliz\u00f3 a Jos\u00e9 L\u00f3pez, quien se desempe\u00f1\u00f3 como Secretario de Obras P\u00fablicas.<\/p>\n<p>La participaci\u00f3n de CFK<br \/>\nA partir de la investigaci\u00f3n, se demostr\u00f3 un conjunto de actos de gobierno del Poder Ejecutivo Nacional con la finalidad de concretar la maniobra, reafirmando el funcionamiento del circuito de irregularidades. En ese marco, se destac\u00f3 la firma por parte de la entonces presidenta del Decreto PEN 54\/09 -con la previa intervenci\u00f3n de Jos\u00e9 L\u00f3pez, quien desde la Secretar\u00eda de Obras P\u00fablicas sugiri\u00f3 la medida-, que permiti\u00f3 a la Direcci\u00f3n Nacional de Vialidad -a cargo de Nelson Periotti- financiar directamente las obras viales que se le adjudicaban irregularmente a B\u00e1ez.<\/p>\n<p>Puntualmente en el voto del juez Borinsky, al analizar la situaci\u00f3n de CFK, se indic\u00f3 que &#8220;transgredi\u00f3 los deberes extrapenales habilitando jur\u00eddicamente la obligaci\u00f3n abusiva&#8221; del fideicomiso creado por el Decreto 976\/2001 -tasa gasoil- y \u201cperjudicando los intereses que le hab\u00edan sido confiados\u201d como representante del Estado Nacional.<\/p>\n<p>En dicho sentido, mediante el Decreto PEN N\u00b0 54\/2009 la ex presidenta modific\u00f3 el fideicomiso creado por el Decreto PEN N\u00ba 976\/2001. Los cambios efectuados permitieron que no se especifiquen las obras que ser\u00edan financiadas con los fondos fideicomitidos e incluy\u00f3 a la Direcci\u00f3n Nacional de Vialidad como beneficiaria directa del fideicomiso para la ejecuci\u00f3n de obras de infraestructura vial.<\/p>\n<p>Adem\u00e1s, Cristina Kirchner facult\u00f3 al Secretario L\u00f3pez a hacer modificaciones al fideicomiso en cuesti\u00f3n, lo que permiti\u00f3 el uso de fondos discrecionalmente durante toda su gesti\u00f3n (que abarc\u00f3 desde el a\u00f1o 2003 a 2015) que deriv\u00f3 en un perjuicio de al menos de 84 mil millones de pesos para la Administraci\u00f3n P\u00fablica Nacional.<\/p>\n<p>Tambi\u00e9n en la sentencia se detall\u00f3 cu\u00e1les fueron las advertencias que Cristina ignor\u00f3. Entre ellas, las alertas recibidas por los servicios jur\u00eddicos al momento de suscribir el Decreto 54\/2009, las denuncias de cartelizaci\u00f3n de obra p\u00fablica en Santa Cruz realizadas al momento de los hechos, los comprobados v\u00ednculos comerciales con B\u00e1ez, as\u00ed como los mensajes de WhatsApp encontrados en el tel\u00e9fono celular de Jos\u00e9 L\u00f3pez que daban cuenta de la connivencia en el tramo final de la maniobra para dotar de impunidad el hecho il\u00edcito investigado.<\/p>\n<p>Seg\u00fan la Justicia, en los mencionados mensajes se hallaron distintas conversaciones entre L\u00f3pez con L\u00e1zaro B\u00e1ez y Julio Mendoza -presidente de Austral Construcciones y mano derecha de L\u00e1zaro B\u00e1ez. A la vez que surgen reuniones mantenidas entre L\u00f3pez y Cristina Kirchner vinculadas a la intervenci\u00f3n directa de la ex presidenta en la parte final de la maniobra -noviembre y diciembre de 2015, luego de la victoria en el ballotage de Mauricio Macri-. En la etapa final de su mandato, CFK coordin\u00f3 con L\u00f3pez y B\u00e1ez el llamado \u201cPlan limpiar todo\u201d.<\/p>\n<p>Esas pruebas demostradas en el caso permitieron rechazar los planteos de las defensas por los cuales intentaron echar culpas en los Jefes de Gabinete, a pesar de ser el Presidente de la Naci\u00f3n la m\u00e1xima autoridad del pa\u00eds, quien intervino directamente en la maniobra defraudatoria enjuiciada, condenada y confirmada.<\/p>\n<p>La del caso Vialidad es la primera condena de cumplimiento efectivo contra la ex presidenta. Otras investigaciones de trascendencia, como los juicios conocidos como \u201cLos cuadernos de las coimas\u201d, \u201cHotesur\u201d, \u201cLos Sauces\u201d o \u201cMemorandum con Ir\u00e1n\u201d, deben a\u00fan deben atravesar el largo proceso del juicio oral y p\u00fablico que definir\u00e1 si se suma otra condena a este complicado escenario judicial y pol\u00edtico.<\/p>\n","protected":false},"excerpt":{"rendered":"<p>La Corte confirm\u00f3 su condena por corrupci\u00f3n en el caso Vialidad Es la segunda ex presidenta de la historia que va a prisi\u00f3n en democracia. El m\u00e1ximo tribunal rechaz\u00f3 las apelaciones y dej\u00f3 firme el fallo que la conden\u00f3 a seis a\u00f1os de prisi\u00f3n por los negociados con L\u00e1zaro B\u00e1ez y la inhabilit\u00f3 de por [&hellip;]<\/p>\n","protected":false},"author":4,"featured_media":191292,"comment_status":"closed","ping_status":"closed","sticky":false,"template":"","format":"standard","meta":{"_joinchat":[],"footnotes":""},"categories":[34],"tags":[],"class_list":{"0":"post-191291","1":"post","2":"type-post","3":"status-publish","4":"format-standard","5":"has-post-thumbnail","7":"category-principal"},"yoast_head":"<!-- This site is optimized with the Yoast SEO plugin v27.2 - https:\/\/yoast.com\/product\/yoast-seo-wordpress\/ -->\n<title>Cristina Kirchner ir\u00e1 presa y no podr\u00e1 ser candidata - Radio Infinita Goya<\/title>\n<meta name=\"description\" content=\"La Corte confirm\u00f3 su condena por corrupci\u00f3n en el caso Vialidad Es la segunda ex presidenta de la historia que va a prisi\u00f3n en democracia. El m\u00e1ximo\" \/>\n<meta name=\"robots\" content=\"index, follow, max-snippet:-1, max-image-preview:large, max-video-preview:-1\" \/>\n<link rel=\"canonical\" href=\"https:\/\/radioinfinitagoya.com.ar\/v1\/2025\/06\/10\/cristina-kirchner-ira-presa-y-no-podra-ser-candidata\/\" \/>\n<meta property=\"og:locale\" content=\"es_ES\" \/>\n<meta property=\"og:type\" content=\"article\" \/>\n<meta property=\"og:title\" content=\"Cristina Kirchner ir\u00e1 presa y no podr\u00e1 ser candidata - Radio Infinita Goya\" \/>\n<meta property=\"og:description\" content=\"La Corte confirm\u00f3 su condena por corrupci\u00f3n en el caso Vialidad Es la segunda ex presidenta de la historia que va a prisi\u00f3n en democracia. El m\u00e1ximo\" \/>\n<meta property=\"og:url\" content=\"https:\/\/radioinfinitagoya.com.ar\/v1\/2025\/06\/10\/cristina-kirchner-ira-presa-y-no-podra-ser-candidata\/\" \/>\n<meta property=\"og:site_name\" content=\"Radio Infinita Goya\" \/>\n<meta property=\"article:publisher\" content=\"https:\/\/www.facebook.com\/p\/Infinita-Goya-100063870918311\/\" \/>\n<meta property=\"article:published_time\" content=\"2025-06-10T20:59:02+00:00\" \/>\n<meta property=\"og:image\" content=\"https:\/\/radioinfinitagoya.com.ar\/v1\/wp-content\/uploads\/2025\/06\/GtG8d3qXUAAXYg3.png\" \/>\n\t<meta property=\"og:image:width\" content=\"600\" \/>\n\t<meta property=\"og:image:height\" content=\"400\" \/>\n\t<meta property=\"og:image:type\" content=\"image\/png\" \/>\n<meta name=\"author\" content=\"Jorge Mi\u00f1o\" \/>\n<meta name=\"twitter:card\" content=\"summary_large_image\" \/>\n<meta name=\"twitter:label1\" content=\"Escrito por\" \/>\n\t<meta name=\"twitter:data1\" content=\"Jorge Mi\u00f1o\" \/>\n\t<meta name=\"twitter:label2\" content=\"Tiempo de lectura\" \/>\n\t<meta name=\"twitter:data2\" content=\"13 minutos\" \/>\n<script type=\"application\/ld+json\" class=\"yoast-schema-graph\">{\"@context\":\"https:\/\/schema.org\",\"@graph\":[{\"@type\":\"Article\",\"@id\":\"https:\/\/radioinfinitagoya.com.ar\/v1\/2025\/06\/10\/cristina-kirchner-ira-presa-y-no-podra-ser-candidata\/#article\",\"isPartOf\":{\"@id\":\"https:\/\/radioinfinitagoya.com.ar\/v1\/2025\/06\/10\/cristina-kirchner-ira-presa-y-no-podra-ser-candidata\/\"},\"author\":{\"name\":\"Jorge Mi\u00f1o\",\"@id\":\"https:\/\/radioinfinitagoya.com.ar\/v1\/#\/schema\/person\/d4cf9c413d4f6edb24aabdccab49ca4a\"},\"headline\":\"Cristina Kirchner ir\u00e1 presa y no podr\u00e1 ser candidata\",\"datePublished\":\"2025-06-10T20:59:02+00:00\",\"mainEntityOfPage\":{\"@id\":\"https:\/\/radioinfinitagoya.com.ar\/v1\/2025\/06\/10\/cristina-kirchner-ira-presa-y-no-podra-ser-candidata\/\"},\"wordCount\":2978,\"publisher\":{\"@id\":\"https:\/\/radioinfinitagoya.com.ar\/v1\/#organization\"},\"image\":{\"@id\":\"https:\/\/radioinfinitagoya.com.ar\/v1\/2025\/06\/10\/cristina-kirchner-ira-presa-y-no-podra-ser-candidata\/#primaryimage\"},\"thumbnailUrl\":\"https:\/\/radioinfinitagoya.com.ar\/v1\/wp-content\/uploads\/2025\/06\/GtG8d3qXUAAXYg3.png\",\"articleSection\":[\"PRINCIPAL\"],\"inLanguage\":\"es-AR\"},{\"@type\":\"WebPage\",\"@id\":\"https:\/\/radioinfinitagoya.com.ar\/v1\/2025\/06\/10\/cristina-kirchner-ira-presa-y-no-podra-ser-candidata\/\",\"url\":\"https:\/\/radioinfinitagoya.com.ar\/v1\/2025\/06\/10\/cristina-kirchner-ira-presa-y-no-podra-ser-candidata\/\",\"name\":\"Cristina Kirchner ir\u00e1 presa y no podr\u00e1 ser candidata - Radio Infinita Goya\",\"isPartOf\":{\"@id\":\"https:\/\/radioinfinitagoya.com.ar\/v1\/#website\"},\"primaryImageOfPage\":{\"@id\":\"https:\/\/radioinfinitagoya.com.ar\/v1\/2025\/06\/10\/cristina-kirchner-ira-presa-y-no-podra-ser-candidata\/#primaryimage\"},\"image\":{\"@id\":\"https:\/\/radioinfinitagoya.com.ar\/v1\/2025\/06\/10\/cristina-kirchner-ira-presa-y-no-podra-ser-candidata\/#primaryimage\"},\"thumbnailUrl\":\"https:\/\/radioinfinitagoya.com.ar\/v1\/wp-content\/uploads\/2025\/06\/GtG8d3qXUAAXYg3.png\",\"datePublished\":\"2025-06-10T20:59:02+00:00\",\"description\":\"La Corte confirm\u00f3 su condena por corrupci\u00f3n en el caso Vialidad Es la segunda ex presidenta de la historia que va a prisi\u00f3n en democracia. El m\u00e1ximo\",\"breadcrumb\":{\"@id\":\"https:\/\/radioinfinitagoya.com.ar\/v1\/2025\/06\/10\/cristina-kirchner-ira-presa-y-no-podra-ser-candidata\/#breadcrumb\"},\"inLanguage\":\"es-AR\",\"potentialAction\":[{\"@type\":\"ReadAction\",\"target\":[\"https:\/\/radioinfinitagoya.com.ar\/v1\/2025\/06\/10\/cristina-kirchner-ira-presa-y-no-podra-ser-candidata\/\"]}]},{\"@type\":\"ImageObject\",\"inLanguage\":\"es-AR\",\"@id\":\"https:\/\/radioinfinitagoya.com.ar\/v1\/2025\/06\/10\/cristina-kirchner-ira-presa-y-no-podra-ser-candidata\/#primaryimage\",\"url\":\"https:\/\/radioinfinitagoya.com.ar\/v1\/wp-content\/uploads\/2025\/06\/GtG8d3qXUAAXYg3.png\",\"contentUrl\":\"https:\/\/radioinfinitagoya.com.ar\/v1\/wp-content\/uploads\/2025\/06\/GtG8d3qXUAAXYg3.png\",\"width\":600,\"height\":400},{\"@type\":\"BreadcrumbList\",\"@id\":\"https:\/\/radioinfinitagoya.com.ar\/v1\/2025\/06\/10\/cristina-kirchner-ira-presa-y-no-podra-ser-candidata\/#breadcrumb\",\"itemListElement\":[{\"@type\":\"ListItem\",\"position\":1,\"name\":\"Inicio\",\"item\":\"https:\/\/radioinfinitagoya.com.ar\/v1\/\"},{\"@type\":\"ListItem\",\"position\":2,\"name\":\"Cristina Kirchner ir\u00e1 presa y no podr\u00e1 ser candidata\"}]},{\"@type\":\"WebSite\",\"@id\":\"https:\/\/radioinfinitagoya.com.ar\/v1\/#website\",\"url\":\"https:\/\/radioinfinitagoya.com.ar\/v1\/\",\"name\":\"radioinfinitagoya.com.ar\",\"description\":\"Radio de noticias\",\"publisher\":{\"@id\":\"https:\/\/radioinfinitagoya.com.ar\/v1\/#organization\"},\"potentialAction\":[{\"@type\":\"SearchAction\",\"target\":{\"@type\":\"EntryPoint\",\"urlTemplate\":\"https:\/\/radioinfinitagoya.com.ar\/v1\/?s={search_term_string}\"},\"query-input\":{\"@type\":\"PropertyValueSpecification\",\"valueRequired\":true,\"valueName\":\"search_term_string\"}}],\"inLanguage\":\"es-AR\"},{\"@type\":\"Organization\",\"@id\":\"https:\/\/radioinfinitagoya.com.ar\/v1\/#organization\",\"name\":\"Radio Infinita Goya\",\"url\":\"https:\/\/radioinfinitagoya.com.ar\/v1\/\",\"logo\":{\"@type\":\"ImageObject\",\"inLanguage\":\"es-AR\",\"@id\":\"https:\/\/radioinfinitagoya.com.ar\/v1\/#\/schema\/logo\/image\/\",\"url\":\"https:\/\/radioinfinitagoya.com.ar\/v1\/wp-content\/uploads\/2019\/11\/logo-pie-web.png\",\"contentUrl\":\"https:\/\/radioinfinitagoya.com.ar\/v1\/wp-content\/uploads\/2019\/11\/logo-pie-web.png\",\"width\":635,\"height\":326,\"caption\":\"Radio Infinita Goya\"},\"image\":{\"@id\":\"https:\/\/radioinfinitagoya.com.ar\/v1\/#\/schema\/logo\/image\/\"},\"sameAs\":[\"https:\/\/www.facebook.com\/p\/Infinita-Goya-100063870918311\/\"]},{\"@type\":\"Person\",\"@id\":\"https:\/\/radioinfinitagoya.com.ar\/v1\/#\/schema\/person\/d4cf9c413d4f6edb24aabdccab49ca4a\",\"name\":\"Jorge Mi\u00f1o\",\"image\":{\"@type\":\"ImageObject\",\"inLanguage\":\"es-AR\",\"@id\":\"https:\/\/secure.gravatar.com\/avatar\/910fcf6728fe95320e07a6643c1581fec1c7fc4bf8ae12e3d8f0d0373dc844be?s=96&d=mm&r=g\",\"url\":\"https:\/\/secure.gravatar.com\/avatar\/910fcf6728fe95320e07a6643c1581fec1c7fc4bf8ae12e3d8f0d0373dc844be?s=96&d=mm&r=g\",\"contentUrl\":\"https:\/\/secure.gravatar.com\/avatar\/910fcf6728fe95320e07a6643c1581fec1c7fc4bf8ae12e3d8f0d0373dc844be?s=96&d=mm&r=g\",\"caption\":\"Jorge Mi\u00f1o\"},\"sameAs\":[\"http:\/\/radioinfinitagoya.com.ar\"]}]}<\/script>\n<!-- \/ Yoast SEO plugin. -->","yoast_head_json":{"title":"Cristina Kirchner ir\u00e1 presa y no podr\u00e1 ser candidata - Radio Infinita Goya","description":"La Corte confirm\u00f3 su condena por corrupci\u00f3n en el caso Vialidad Es la segunda ex presidenta de la historia que va a prisi\u00f3n en democracia. El m\u00e1ximo","robots":{"index":"index","follow":"follow","max-snippet":"max-snippet:-1","max-image-preview":"max-image-preview:large","max-video-preview":"max-video-preview:-1"},"canonical":"https:\/\/radioinfinitagoya.com.ar\/v1\/2025\/06\/10\/cristina-kirchner-ira-presa-y-no-podra-ser-candidata\/","og_locale":"es_ES","og_type":"article","og_title":"Cristina Kirchner ir\u00e1 presa y no podr\u00e1 ser candidata - Radio Infinita Goya","og_description":"La Corte confirm\u00f3 su condena por corrupci\u00f3n en el caso Vialidad Es la segunda ex presidenta de la historia que va a prisi\u00f3n en democracia. El m\u00e1ximo","og_url":"https:\/\/radioinfinitagoya.com.ar\/v1\/2025\/06\/10\/cristina-kirchner-ira-presa-y-no-podra-ser-candidata\/","og_site_name":"Radio Infinita Goya","article_publisher":"https:\/\/www.facebook.com\/p\/Infinita-Goya-100063870918311\/","article_published_time":"2025-06-10T20:59:02+00:00","og_image":[{"width":600,"height":400,"url":"https:\/\/radioinfinitagoya.com.ar\/v1\/wp-content\/uploads\/2025\/06\/GtG8d3qXUAAXYg3.png","type":"image\/png"}],"author":"Jorge Mi\u00f1o","twitter_card":"summary_large_image","twitter_misc":{"Escrito por":"Jorge Mi\u00f1o","Tiempo de lectura":"13 minutos"},"schema":{"@context":"https:\/\/schema.org","@graph":[{"@type":"Article","@id":"https:\/\/radioinfinitagoya.com.ar\/v1\/2025\/06\/10\/cristina-kirchner-ira-presa-y-no-podra-ser-candidata\/#article","isPartOf":{"@id":"https:\/\/radioinfinitagoya.com.ar\/v1\/2025\/06\/10\/cristina-kirchner-ira-presa-y-no-podra-ser-candidata\/"},"author":{"name":"Jorge Mi\u00f1o","@id":"https:\/\/radioinfinitagoya.com.ar\/v1\/#\/schema\/person\/d4cf9c413d4f6edb24aabdccab49ca4a"},"headline":"Cristina Kirchner ir\u00e1 presa y no podr\u00e1 ser candidata","datePublished":"2025-06-10T20:59:02+00:00","mainEntityOfPage":{"@id":"https:\/\/radioinfinitagoya.com.ar\/v1\/2025\/06\/10\/cristina-kirchner-ira-presa-y-no-podra-ser-candidata\/"},"wordCount":2978,"publisher":{"@id":"https:\/\/radioinfinitagoya.com.ar\/v1\/#organization"},"image":{"@id":"https:\/\/radioinfinitagoya.com.ar\/v1\/2025\/06\/10\/cristina-kirchner-ira-presa-y-no-podra-ser-candidata\/#primaryimage"},"thumbnailUrl":"https:\/\/radioinfinitagoya.com.ar\/v1\/wp-content\/uploads\/2025\/06\/GtG8d3qXUAAXYg3.png","articleSection":["PRINCIPAL"],"inLanguage":"es-AR"},{"@type":"WebPage","@id":"https:\/\/radioinfinitagoya.com.ar\/v1\/2025\/06\/10\/cristina-kirchner-ira-presa-y-no-podra-ser-candidata\/","url":"https:\/\/radioinfinitagoya.com.ar\/v1\/2025\/06\/10\/cristina-kirchner-ira-presa-y-no-podra-ser-candidata\/","name":"Cristina Kirchner ir\u00e1 presa y no podr\u00e1 ser candidata - Radio Infinita Goya","isPartOf":{"@id":"https:\/\/radioinfinitagoya.com.ar\/v1\/#website"},"primaryImageOfPage":{"@id":"https:\/\/radioinfinitagoya.com.ar\/v1\/2025\/06\/10\/cristina-kirchner-ira-presa-y-no-podra-ser-candidata\/#primaryimage"},"image":{"@id":"https:\/\/radioinfinitagoya.com.ar\/v1\/2025\/06\/10\/cristina-kirchner-ira-presa-y-no-podra-ser-candidata\/#primaryimage"},"thumbnailUrl":"https:\/\/radioinfinitagoya.com.ar\/v1\/wp-content\/uploads\/2025\/06\/GtG8d3qXUAAXYg3.png","datePublished":"2025-06-10T20:59:02+00:00","description":"La Corte confirm\u00f3 su condena por corrupci\u00f3n en el caso Vialidad Es la segunda ex presidenta de la historia que va a prisi\u00f3n en democracia. El m\u00e1ximo","breadcrumb":{"@id":"https:\/\/radioinfinitagoya.com.ar\/v1\/2025\/06\/10\/cristina-kirchner-ira-presa-y-no-podra-ser-candidata\/#breadcrumb"},"inLanguage":"es-AR","potentialAction":[{"@type":"ReadAction","target":["https:\/\/radioinfinitagoya.com.ar\/v1\/2025\/06\/10\/cristina-kirchner-ira-presa-y-no-podra-ser-candidata\/"]}]},{"@type":"ImageObject","inLanguage":"es-AR","@id":"https:\/\/radioinfinitagoya.com.ar\/v1\/2025\/06\/10\/cristina-kirchner-ira-presa-y-no-podra-ser-candidata\/#primaryimage","url":"https:\/\/radioinfinitagoya.com.ar\/v1\/wp-content\/uploads\/2025\/06\/GtG8d3qXUAAXYg3.png","contentUrl":"https:\/\/radioinfinitagoya.com.ar\/v1\/wp-content\/uploads\/2025\/06\/GtG8d3qXUAAXYg3.png","width":600,"height":400},{"@type":"BreadcrumbList","@id":"https:\/\/radioinfinitagoya.com.ar\/v1\/2025\/06\/10\/cristina-kirchner-ira-presa-y-no-podra-ser-candidata\/#breadcrumb","itemListElement":[{"@type":"ListItem","position":1,"name":"Inicio","item":"https:\/\/radioinfinitagoya.com.ar\/v1\/"},{"@type":"ListItem","position":2,"name":"Cristina Kirchner ir\u00e1 presa y no podr\u00e1 ser candidata"}]},{"@type":"WebSite","@id":"https:\/\/radioinfinitagoya.com.ar\/v1\/#website","url":"https:\/\/radioinfinitagoya.com.ar\/v1\/","name":"radioinfinitagoya.com.ar","description":"Radio de noticias","publisher":{"@id":"https:\/\/radioinfinitagoya.com.ar\/v1\/#organization"},"potentialAction":[{"@type":"SearchAction","target":{"@type":"EntryPoint","urlTemplate":"https:\/\/radioinfinitagoya.com.ar\/v1\/?s={search_term_string}"},"query-input":{"@type":"PropertyValueSpecification","valueRequired":true,"valueName":"search_term_string"}}],"inLanguage":"es-AR"},{"@type":"Organization","@id":"https:\/\/radioinfinitagoya.com.ar\/v1\/#organization","name":"Radio Infinita Goya","url":"https:\/\/radioinfinitagoya.com.ar\/v1\/","logo":{"@type":"ImageObject","inLanguage":"es-AR","@id":"https:\/\/radioinfinitagoya.com.ar\/v1\/#\/schema\/logo\/image\/","url":"https:\/\/radioinfinitagoya.com.ar\/v1\/wp-content\/uploads\/2019\/11\/logo-pie-web.png","contentUrl":"https:\/\/radioinfinitagoya.com.ar\/v1\/wp-content\/uploads\/2019\/11\/logo-pie-web.png","width":635,"height":326,"caption":"Radio Infinita Goya"},"image":{"@id":"https:\/\/radioinfinitagoya.com.ar\/v1\/#\/schema\/logo\/image\/"},"sameAs":["https:\/\/www.facebook.com\/p\/Infinita-Goya-100063870918311\/"]},{"@type":"Person","@id":"https:\/\/radioinfinitagoya.com.ar\/v1\/#\/schema\/person\/d4cf9c413d4f6edb24aabdccab49ca4a","name":"Jorge Mi\u00f1o","image":{"@type":"ImageObject","inLanguage":"es-AR","@id":"https:\/\/secure.gravatar.com\/avatar\/910fcf6728fe95320e07a6643c1581fec1c7fc4bf8ae12e3d8f0d0373dc844be?s=96&d=mm&r=g","url":"https:\/\/secure.gravatar.com\/avatar\/910fcf6728fe95320e07a6643c1581fec1c7fc4bf8ae12e3d8f0d0373dc844be?s=96&d=mm&r=g","contentUrl":"https:\/\/secure.gravatar.com\/avatar\/910fcf6728fe95320e07a6643c1581fec1c7fc4bf8ae12e3d8f0d0373dc844be?s=96&d=mm&r=g","caption":"Jorge Mi\u00f1o"},"sameAs":["http:\/\/radioinfinitagoya.com.ar"]}]}},"_links":{"self":[{"href":"https:\/\/radioinfinitagoya.com.ar\/v1\/wp-json\/wp\/v2\/posts\/191291","targetHints":{"allow":["GET"]}}],"collection":[{"href":"https:\/\/radioinfinitagoya.com.ar\/v1\/wp-json\/wp\/v2\/posts"}],"about":[{"href":"https:\/\/radioinfinitagoya.com.ar\/v1\/wp-json\/wp\/v2\/types\/post"}],"author":[{"embeddable":true,"href":"https:\/\/radioinfinitagoya.com.ar\/v1\/wp-json\/wp\/v2\/users\/4"}],"replies":[{"embeddable":true,"href":"https:\/\/radioinfinitagoya.com.ar\/v1\/wp-json\/wp\/v2\/comments?post=191291"}],"version-history":[{"count":0,"href":"https:\/\/radioinfinitagoya.com.ar\/v1\/wp-json\/wp\/v2\/posts\/191291\/revisions"}],"wp:featuredmedia":[{"embeddable":true,"href":"https:\/\/radioinfinitagoya.com.ar\/v1\/wp-json\/wp\/v2\/media\/191292"}],"wp:attachment":[{"href":"https:\/\/radioinfinitagoya.com.ar\/v1\/wp-json\/wp\/v2\/media?parent=191291"}],"wp:term":[{"taxonomy":"category","embeddable":true,"href":"https:\/\/radioinfinitagoya.com.ar\/v1\/wp-json\/wp\/v2\/categories?post=191291"},{"taxonomy":"post_tag","embeddable":true,"href":"https:\/\/radioinfinitagoya.com.ar\/v1\/wp-json\/wp\/v2\/tags?post=191291"}],"curies":[{"name":"wp","href":"https:\/\/api.w.org\/{rel}","templated":true}]}}