{"id":191294,"date":"2025-06-10T18:09:11","date_gmt":"2025-06-10T21:09:11","guid":{"rendered":"https:\/\/radioinfinitagoya.com.ar\/v1\/?p=191294"},"modified":"2025-06-10T18:09:11","modified_gmt":"2025-06-10T21:09:11","slug":"fuerte-mensaje-del-gobierno-apunto-a-la-casta-sindical-por-la-cancelacion-de-vuelos","status":"publish","type":"post","link":"https:\/\/radioinfinitagoya.com.ar\/v1\/2025\/06\/10\/fuerte-mensaje-del-gobierno-apunto-a-la-casta-sindical-por-la-cancelacion-de-vuelos\/","title":{"rendered":"Fuerte mensaje del Gobierno: apunt\u00f3 a la &#8220;casta sindical&#8221; por la cancelaci\u00f3n de vuelos"},"content":{"rendered":"<p>En plena jornada de paro aeron\u00e1utico, la Secretar\u00eda de Transporte exhibi\u00f3 un cartel digital que acusa a los gremios de suspender vuelos por motivos pol\u00edticos, desatando una nueva pol\u00e9mica.<\/p>\n<p>Un contundente mensaje pol\u00edtico del Gobierno se hizo visible este martes en el Aeropuerto Internacional de Ezeiza, en medio de una jornada marcada por el paro de pilotos que paraliz\u00f3 m\u00e1s de 40 vuelos y afect\u00f3 a miles de pasajeros.<\/p>\n<p>En una pantalla digital colocada en la terminal, la Secretar\u00eda de Transporte difundi\u00f3 una frase que encendi\u00f3 la pol\u00e9mica: \u201cLa casta sindical suspendi\u00f3 tu vuelo con fines pol\u00edticos sin hacer ning\u00fan reclamo\u201d. La inscripci\u00f3n apareci\u00f3 firmada oficialmente por el organismo dependiente del Ministerio de Econom\u00eda, que conduce Luis Caputo.<\/p>\n<p>El mensaje apareci\u00f3 en plena protesta convocada por la Asociaci\u00f3n de Pilotos de L\u00edneas A\u00e9reas (APLA), que dej\u00f3 a m\u00e1s de 6.000 personas varadas y provoc\u00f3 p\u00e9rdidas estimadas en 1,1 millones de d\u00f3lares solo para Aerol\u00edneas Argentinas.<\/p>\n<p>El cartel r\u00e1pidamente se viraliz\u00f3 en redes sociales, especialmente despu\u00e9s de que el vocero presidencial, Manuel Adorni, lo compartiera junto a un fuerte mensaje de respaldo: \u201cUna decisi\u00f3n abominable de la casta sindical que, sin motivos leg\u00edtimos, afect\u00f3 a miles de argentinos\u201d.<\/p>\n<p>Desde el oficialismo aseguran que la medida forma parte de una estrategia comunicacional que busca exponer lo que consideran \u201cprivilegios gremiales injustificados\u201d. Voceros de la Secretar\u00eda de Transporte se\u00f1alaron que se trata de una pol\u00edtica activa para enfrentar a sindicatos que, a su juicio, utilizan herramientas de presi\u00f3n sin fundamentos laborales concretos.<\/p>\n<p>En esa l\u00ednea, desde la empresa tambi\u00e9n cuestionaron la protesta, a la que calificaron como infundada, recordando que \u201capenas veinte d\u00edas atr\u00e1s se firm\u00f3 un acuerdo paritario con los gremios\u201d.<\/p>\n<p>Por el contrario, APLA defendi\u00f3 la legitimidad de la huelga y denunci\u00f3 una serie de incumplimientos por parte del Gobierno y de la aerol\u00ednea estatal. Entre ellos, mencionaron demoras salariales, problemas t\u00e9cnicos en la flota, falta de inversiones y ausencia de un plan estrat\u00e9gico para la compa\u00f1\u00eda. El sindicato argument\u00f3 que estas condiciones no solo perjudican a los trabajadores, sino tambi\u00e9n al servicio que reciben los usuarios.<\/p>\n<p>El cartel en Ezeiza evidencia una nueva escalada en la ofensiva del Gobierno de Javier Milei contra los sindicatos, a quienes acusa recurrentemente de pr\u00e1cticas extorsivas. El episodio, adem\u00e1s, coincide con la antesala de dos fines de semana largos, donde la actividad tur\u00edstica y la demanda de vuelos suelen intensificarse, lo que multiplica el impacto p\u00fablico del conflicto.<\/p>\n<p>&nbsp;<\/p>\n","protected":false},"excerpt":{"rendered":"<p>En plena jornada de paro aeron\u00e1utico, la Secretar\u00eda de Transporte exhibi\u00f3 un cartel digital que acusa a los gremios de suspender vuelos por motivos pol\u00edticos, desatando una nueva pol\u00e9mica. Un contundente mensaje pol\u00edtico del Gobierno se hizo visible este martes en el Aeropuerto Internacional de Ezeiza, en medio de una jornada marcada por el paro [&hellip;]<\/p>\n","protected":false},"author":4,"featured_media":191295,"comment_status":"closed","ping_status":"closed","sticky":false,"template":"","format":"standard","meta":{"_joinchat":[],"footnotes":""},"categories":[29],"tags":[],"class_list":{"0":"post-191294","1":"post","2":"type-post","3":"status-publish","4":"format-standard","5":"has-post-thumbnail","7":"category-nacionales"},"yoast_head":"<!-- This site is optimized with the Yoast SEO plugin v27.2 - https:\/\/yoast.com\/product\/yoast-seo-wordpress\/ -->\n<title>Fuerte mensaje del Gobierno: apunt\u00f3 a la &quot;casta sindical&quot; por la cancelaci\u00f3n de vuelos - Radio Infinita Goya<\/title>\n<meta name=\"description\" content=\"En plena jornada de paro aeron\u00e1utico, la Secretar\u00eda de Transporte exhibi\u00f3 un cartel digital que acusa a los gremios de suspender vuelos por motivos\" \/>\n<meta name=\"robots\" content=\"index, follow, max-snippet:-1, max-image-preview:large, max-video-preview:-1\" \/>\n<link rel=\"canonical\" href=\"https:\/\/radioinfinitagoya.com.ar\/v1\/2025\/06\/10\/fuerte-mensaje-del-gobierno-apunto-a-la-casta-sindical-por-la-cancelacion-de-vuelos\/\" \/>\n<meta property=\"og:locale\" content=\"es_ES\" \/>\n<meta property=\"og:type\" content=\"article\" \/>\n<meta property=\"og:title\" content=\"Fuerte mensaje del Gobierno: apunt\u00f3 a la &quot;casta sindical&quot; por la cancelaci\u00f3n de vuelos - Radio Infinita Goya\" \/>\n<meta property=\"og:description\" content=\"En plena jornada de paro aeron\u00e1utico, la Secretar\u00eda de Transporte exhibi\u00f3 un cartel digital que acusa a los gremios de suspender vuelos por motivos\" \/>\n<meta property=\"og:url\" content=\"https:\/\/radioinfinitagoya.com.ar\/v1\/2025\/06\/10\/fuerte-mensaje-del-gobierno-apunto-a-la-casta-sindical-por-la-cancelacion-de-vuelos\/\" \/>\n<meta property=\"og:site_name\" content=\"Radio Infinita Goya\" \/>\n<meta property=\"article:publisher\" content=\"https:\/\/www.facebook.com\/p\/Infinita-Goya-100063870918311\/\" \/>\n<meta property=\"article:published_time\" content=\"2025-06-10T21:09:11+00:00\" \/>\n<meta property=\"og:image\" content=\"https:\/\/radioinfinitagoya.com.ar\/v1\/wp-content\/uploads\/2025\/06\/5OuaOtAp.jpg\" \/>\n\t<meta property=\"og:image:width\" content=\"680\" \/>\n\t<meta property=\"og:image:height\" content=\"383\" \/>\n\t<meta property=\"og:image:type\" content=\"image\/jpeg\" \/>\n<meta name=\"author\" content=\"Jorge Mi\u00f1o\" \/>\n<meta name=\"twitter:card\" content=\"summary_large_image\" \/>\n<meta name=\"twitter:label1\" content=\"Escrito por\" \/>\n\t<meta name=\"twitter:data1\" content=\"Jorge Mi\u00f1o\" \/>\n\t<meta name=\"twitter:label2\" content=\"Tiempo de lectura\" \/>\n\t<meta name=\"twitter:data2\" content=\"3 minutos\" \/>\n<script type=\"application\/ld+json\" class=\"yoast-schema-graph\">{\"@context\":\"https:\/\/schema.org\",\"@graph\":[{\"@type\":\"Article\",\"@id\":\"https:\/\/radioinfinitagoya.com.ar\/v1\/2025\/06\/10\/fuerte-mensaje-del-gobierno-apunto-a-la-casta-sindical-por-la-cancelacion-de-vuelos\/#article\",\"isPartOf\":{\"@id\":\"https:\/\/radioinfinitagoya.com.ar\/v1\/2025\/06\/10\/fuerte-mensaje-del-gobierno-apunto-a-la-casta-sindical-por-la-cancelacion-de-vuelos\/\"},\"author\":{\"name\":\"Jorge Mi\u00f1o\",\"@id\":\"https:\/\/radioinfinitagoya.com.ar\/v1\/#\/schema\/person\/d4cf9c413d4f6edb24aabdccab49ca4a\"},\"headline\":\"Fuerte mensaje del Gobierno: apunt\u00f3 a la &#8220;casta sindical&#8221; por la cancelaci\u00f3n de vuelos\",\"datePublished\":\"2025-06-10T21:09:11+00:00\",\"mainEntityOfPage\":{\"@id\":\"https:\/\/radioinfinitagoya.com.ar\/v1\/2025\/06\/10\/fuerte-mensaje-del-gobierno-apunto-a-la-casta-sindical-por-la-cancelacion-de-vuelos\/\"},\"wordCount\":457,\"publisher\":{\"@id\":\"https:\/\/radioinfinitagoya.com.ar\/v1\/#organization\"},\"image\":{\"@id\":\"https:\/\/radioinfinitagoya.com.ar\/v1\/2025\/06\/10\/fuerte-mensaje-del-gobierno-apunto-a-la-casta-sindical-por-la-cancelacion-de-vuelos\/#primaryimage\"},\"thumbnailUrl\":\"https:\/\/radioinfinitagoya.com.ar\/v1\/wp-content\/uploads\/2025\/06\/5OuaOtAp.jpg\",\"articleSection\":[\"NACIONALES\"],\"inLanguage\":\"es-AR\"},{\"@type\":\"WebPage\",\"@id\":\"https:\/\/radioinfinitagoya.com.ar\/v1\/2025\/06\/10\/fuerte-mensaje-del-gobierno-apunto-a-la-casta-sindical-por-la-cancelacion-de-vuelos\/\",\"url\":\"https:\/\/radioinfinitagoya.com.ar\/v1\/2025\/06\/10\/fuerte-mensaje-del-gobierno-apunto-a-la-casta-sindical-por-la-cancelacion-de-vuelos\/\",\"name\":\"Fuerte mensaje del Gobierno: apunt\u00f3 a la \\\"casta sindical\\\" por la cancelaci\u00f3n de vuelos - Radio Infinita Goya\",\"isPartOf\":{\"@id\":\"https:\/\/radioinfinitagoya.com.ar\/v1\/#website\"},\"primaryImageOfPage\":{\"@id\":\"https:\/\/radioinfinitagoya.com.ar\/v1\/2025\/06\/10\/fuerte-mensaje-del-gobierno-apunto-a-la-casta-sindical-por-la-cancelacion-de-vuelos\/#primaryimage\"},\"image\":{\"@id\":\"https:\/\/radioinfinitagoya.com.ar\/v1\/2025\/06\/10\/fuerte-mensaje-del-gobierno-apunto-a-la-casta-sindical-por-la-cancelacion-de-vuelos\/#primaryimage\"},\"thumbnailUrl\":\"https:\/\/radioinfinitagoya.com.ar\/v1\/wp-content\/uploads\/2025\/06\/5OuaOtAp.jpg\",\"datePublished\":\"2025-06-10T21:09:11+00:00\",\"description\":\"En plena jornada de paro aeron\u00e1utico, la Secretar\u00eda de Transporte exhibi\u00f3 un cartel digital que acusa a los gremios de suspender vuelos por motivos\",\"breadcrumb\":{\"@id\":\"https:\/\/radioinfinitagoya.com.ar\/v1\/2025\/06\/10\/fuerte-mensaje-del-gobierno-apunto-a-la-casta-sindical-por-la-cancelacion-de-vuelos\/#breadcrumb\"},\"inLanguage\":\"es-AR\",\"potentialAction\":[{\"@type\":\"ReadAction\",\"target\":[\"https:\/\/radioinfinitagoya.com.ar\/v1\/2025\/06\/10\/fuerte-mensaje-del-gobierno-apunto-a-la-casta-sindical-por-la-cancelacion-de-vuelos\/\"]}]},{\"@type\":\"ImageObject\",\"inLanguage\":\"es-AR\",\"@id\":\"https:\/\/radioinfinitagoya.com.ar\/v1\/2025\/06\/10\/fuerte-mensaje-del-gobierno-apunto-a-la-casta-sindical-por-la-cancelacion-de-vuelos\/#primaryimage\",\"url\":\"https:\/\/radioinfinitagoya.com.ar\/v1\/wp-content\/uploads\/2025\/06\/5OuaOtAp.jpg\",\"contentUrl\":\"https:\/\/radioinfinitagoya.com.ar\/v1\/wp-content\/uploads\/2025\/06\/5OuaOtAp.jpg\",\"width\":680,\"height\":383},{\"@type\":\"BreadcrumbList\",\"@id\":\"https:\/\/radioinfinitagoya.com.ar\/v1\/2025\/06\/10\/fuerte-mensaje-del-gobierno-apunto-a-la-casta-sindical-por-la-cancelacion-de-vuelos\/#breadcrumb\",\"itemListElement\":[{\"@type\":\"ListItem\",\"position\":1,\"name\":\"Inicio\",\"item\":\"https:\/\/radioinfinitagoya.com.ar\/v1\/\"},{\"@type\":\"ListItem\",\"position\":2,\"name\":\"Fuerte mensaje del Gobierno: apunt\u00f3 a la &#8220;casta sindical&#8221; por la cancelaci\u00f3n de vuelos\"}]},{\"@type\":\"WebSite\",\"@id\":\"https:\/\/radioinfinitagoya.com.ar\/v1\/#website\",\"url\":\"https:\/\/radioinfinitagoya.com.ar\/v1\/\",\"name\":\"radioinfinitagoya.com.ar\",\"description\":\"Radio de noticias\",\"publisher\":{\"@id\":\"https:\/\/radioinfinitagoya.com.ar\/v1\/#organization\"},\"potentialAction\":[{\"@type\":\"SearchAction\",\"target\":{\"@type\":\"EntryPoint\",\"urlTemplate\":\"https:\/\/radioinfinitagoya.com.ar\/v1\/?s={search_term_string}\"},\"query-input\":{\"@type\":\"PropertyValueSpecification\",\"valueRequired\":true,\"valueName\":\"search_term_string\"}}],\"inLanguage\":\"es-AR\"},{\"@type\":\"Organization\",\"@id\":\"https:\/\/radioinfinitagoya.com.ar\/v1\/#organization\",\"name\":\"Radio Infinita Goya\",\"url\":\"https:\/\/radioinfinitagoya.com.ar\/v1\/\",\"logo\":{\"@type\":\"ImageObject\",\"inLanguage\":\"es-AR\",\"@id\":\"https:\/\/radioinfinitagoya.com.ar\/v1\/#\/schema\/logo\/image\/\",\"url\":\"https:\/\/radioinfinitagoya.com.ar\/v1\/wp-content\/uploads\/2019\/11\/logo-pie-web.png\",\"contentUrl\":\"https:\/\/radioinfinitagoya.com.ar\/v1\/wp-content\/uploads\/2019\/11\/logo-pie-web.png\",\"width\":635,\"height\":326,\"caption\":\"Radio Infinita Goya\"},\"image\":{\"@id\":\"https:\/\/radioinfinitagoya.com.ar\/v1\/#\/schema\/logo\/image\/\"},\"sameAs\":[\"https:\/\/www.facebook.com\/p\/Infinita-Goya-100063870918311\/\"]},{\"@type\":\"Person\",\"@id\":\"https:\/\/radioinfinitagoya.com.ar\/v1\/#\/schema\/person\/d4cf9c413d4f6edb24aabdccab49ca4a\",\"name\":\"Jorge Mi\u00f1o\",\"image\":{\"@type\":\"ImageObject\",\"inLanguage\":\"es-AR\",\"@id\":\"https:\/\/secure.gravatar.com\/avatar\/910fcf6728fe95320e07a6643c1581fec1c7fc4bf8ae12e3d8f0d0373dc844be?s=96&d=mm&r=g\",\"url\":\"https:\/\/secure.gravatar.com\/avatar\/910fcf6728fe95320e07a6643c1581fec1c7fc4bf8ae12e3d8f0d0373dc844be?s=96&d=mm&r=g\",\"contentUrl\":\"https:\/\/secure.gravatar.com\/avatar\/910fcf6728fe95320e07a6643c1581fec1c7fc4bf8ae12e3d8f0d0373dc844be?s=96&d=mm&r=g\",\"caption\":\"Jorge Mi\u00f1o\"},\"sameAs\":[\"http:\/\/radioinfinitagoya.com.ar\"]}]}<\/script>\n<!-- \/ Yoast SEO plugin. -->","yoast_head_json":{"title":"Fuerte mensaje del Gobierno: apunt\u00f3 a la \"casta sindical\" por la cancelaci\u00f3n de vuelos - Radio Infinita Goya","description":"En plena jornada de paro aeron\u00e1utico, la Secretar\u00eda de Transporte exhibi\u00f3 un cartel digital que acusa a los gremios de suspender vuelos por motivos","robots":{"index":"index","follow":"follow","max-snippet":"max-snippet:-1","max-image-preview":"max-image-preview:large","max-video-preview":"max-video-preview:-1"},"canonical":"https:\/\/radioinfinitagoya.com.ar\/v1\/2025\/06\/10\/fuerte-mensaje-del-gobierno-apunto-a-la-casta-sindical-por-la-cancelacion-de-vuelos\/","og_locale":"es_ES","og_type":"article","og_title":"Fuerte mensaje del Gobierno: apunt\u00f3 a la \"casta sindical\" por la cancelaci\u00f3n de vuelos - Radio Infinita Goya","og_description":"En plena jornada de paro aeron\u00e1utico, la Secretar\u00eda de Transporte exhibi\u00f3 un cartel digital que acusa a los gremios de suspender vuelos por motivos","og_url":"https:\/\/radioinfinitagoya.com.ar\/v1\/2025\/06\/10\/fuerte-mensaje-del-gobierno-apunto-a-la-casta-sindical-por-la-cancelacion-de-vuelos\/","og_site_name":"Radio Infinita Goya","article_publisher":"https:\/\/www.facebook.com\/p\/Infinita-Goya-100063870918311\/","article_published_time":"2025-06-10T21:09:11+00:00","og_image":[{"width":680,"height":383,"url":"https:\/\/radioinfinitagoya.com.ar\/v1\/wp-content\/uploads\/2025\/06\/5OuaOtAp.jpg","type":"image\/jpeg"}],"author":"Jorge Mi\u00f1o","twitter_card":"summary_large_image","twitter_misc":{"Escrito por":"Jorge Mi\u00f1o","Tiempo de lectura":"3 minutos"},"schema":{"@context":"https:\/\/schema.org","@graph":[{"@type":"Article","@id":"https:\/\/radioinfinitagoya.com.ar\/v1\/2025\/06\/10\/fuerte-mensaje-del-gobierno-apunto-a-la-casta-sindical-por-la-cancelacion-de-vuelos\/#article","isPartOf":{"@id":"https:\/\/radioinfinitagoya.com.ar\/v1\/2025\/06\/10\/fuerte-mensaje-del-gobierno-apunto-a-la-casta-sindical-por-la-cancelacion-de-vuelos\/"},"author":{"name":"Jorge Mi\u00f1o","@id":"https:\/\/radioinfinitagoya.com.ar\/v1\/#\/schema\/person\/d4cf9c413d4f6edb24aabdccab49ca4a"},"headline":"Fuerte mensaje del Gobierno: apunt\u00f3 a la &#8220;casta sindical&#8221; por la cancelaci\u00f3n de vuelos","datePublished":"2025-06-10T21:09:11+00:00","mainEntityOfPage":{"@id":"https:\/\/radioinfinitagoya.com.ar\/v1\/2025\/06\/10\/fuerte-mensaje-del-gobierno-apunto-a-la-casta-sindical-por-la-cancelacion-de-vuelos\/"},"wordCount":457,"publisher":{"@id":"https:\/\/radioinfinitagoya.com.ar\/v1\/#organization"},"image":{"@id":"https:\/\/radioinfinitagoya.com.ar\/v1\/2025\/06\/10\/fuerte-mensaje-del-gobierno-apunto-a-la-casta-sindical-por-la-cancelacion-de-vuelos\/#primaryimage"},"thumbnailUrl":"https:\/\/radioinfinitagoya.com.ar\/v1\/wp-content\/uploads\/2025\/06\/5OuaOtAp.jpg","articleSection":["NACIONALES"],"inLanguage":"es-AR"},{"@type":"WebPage","@id":"https:\/\/radioinfinitagoya.com.ar\/v1\/2025\/06\/10\/fuerte-mensaje-del-gobierno-apunto-a-la-casta-sindical-por-la-cancelacion-de-vuelos\/","url":"https:\/\/radioinfinitagoya.com.ar\/v1\/2025\/06\/10\/fuerte-mensaje-del-gobierno-apunto-a-la-casta-sindical-por-la-cancelacion-de-vuelos\/","name":"Fuerte mensaje del Gobierno: apunt\u00f3 a la \"casta sindical\" por la cancelaci\u00f3n de vuelos - Radio Infinita Goya","isPartOf":{"@id":"https:\/\/radioinfinitagoya.com.ar\/v1\/#website"},"primaryImageOfPage":{"@id":"https:\/\/radioinfinitagoya.com.ar\/v1\/2025\/06\/10\/fuerte-mensaje-del-gobierno-apunto-a-la-casta-sindical-por-la-cancelacion-de-vuelos\/#primaryimage"},"image":{"@id":"https:\/\/radioinfinitagoya.com.ar\/v1\/2025\/06\/10\/fuerte-mensaje-del-gobierno-apunto-a-la-casta-sindical-por-la-cancelacion-de-vuelos\/#primaryimage"},"thumbnailUrl":"https:\/\/radioinfinitagoya.com.ar\/v1\/wp-content\/uploads\/2025\/06\/5OuaOtAp.jpg","datePublished":"2025-06-10T21:09:11+00:00","description":"En plena jornada de paro aeron\u00e1utico, la Secretar\u00eda de Transporte exhibi\u00f3 un cartel digital que acusa a los gremios de suspender vuelos por motivos","breadcrumb":{"@id":"https:\/\/radioinfinitagoya.com.ar\/v1\/2025\/06\/10\/fuerte-mensaje-del-gobierno-apunto-a-la-casta-sindical-por-la-cancelacion-de-vuelos\/#breadcrumb"},"inLanguage":"es-AR","potentialAction":[{"@type":"ReadAction","target":["https:\/\/radioinfinitagoya.com.ar\/v1\/2025\/06\/10\/fuerte-mensaje-del-gobierno-apunto-a-la-casta-sindical-por-la-cancelacion-de-vuelos\/"]}]},{"@type":"ImageObject","inLanguage":"es-AR","@id":"https:\/\/radioinfinitagoya.com.ar\/v1\/2025\/06\/10\/fuerte-mensaje-del-gobierno-apunto-a-la-casta-sindical-por-la-cancelacion-de-vuelos\/#primaryimage","url":"https:\/\/radioinfinitagoya.com.ar\/v1\/wp-content\/uploads\/2025\/06\/5OuaOtAp.jpg","contentUrl":"https:\/\/radioinfinitagoya.com.ar\/v1\/wp-content\/uploads\/2025\/06\/5OuaOtAp.jpg","width":680,"height":383},{"@type":"BreadcrumbList","@id":"https:\/\/radioinfinitagoya.com.ar\/v1\/2025\/06\/10\/fuerte-mensaje-del-gobierno-apunto-a-la-casta-sindical-por-la-cancelacion-de-vuelos\/#breadcrumb","itemListElement":[{"@type":"ListItem","position":1,"name":"Inicio","item":"https:\/\/radioinfinitagoya.com.ar\/v1\/"},{"@type":"ListItem","position":2,"name":"Fuerte mensaje del Gobierno: apunt\u00f3 a la &#8220;casta sindical&#8221; por la cancelaci\u00f3n de vuelos"}]},{"@type":"WebSite","@id":"https:\/\/radioinfinitagoya.com.ar\/v1\/#website","url":"https:\/\/radioinfinitagoya.com.ar\/v1\/","name":"radioinfinitagoya.com.ar","description":"Radio de noticias","publisher":{"@id":"https:\/\/radioinfinitagoya.com.ar\/v1\/#organization"},"potentialAction":[{"@type":"SearchAction","target":{"@type":"EntryPoint","urlTemplate":"https:\/\/radioinfinitagoya.com.ar\/v1\/?s={search_term_string}"},"query-input":{"@type":"PropertyValueSpecification","valueRequired":true,"valueName":"search_term_string"}}],"inLanguage":"es-AR"},{"@type":"Organization","@id":"https:\/\/radioinfinitagoya.com.ar\/v1\/#organization","name":"Radio Infinita Goya","url":"https:\/\/radioinfinitagoya.com.ar\/v1\/","logo":{"@type":"ImageObject","inLanguage":"es-AR","@id":"https:\/\/radioinfinitagoya.com.ar\/v1\/#\/schema\/logo\/image\/","url":"https:\/\/radioinfinitagoya.com.ar\/v1\/wp-content\/uploads\/2019\/11\/logo-pie-web.png","contentUrl":"https:\/\/radioinfinitagoya.com.ar\/v1\/wp-content\/uploads\/2019\/11\/logo-pie-web.png","width":635,"height":326,"caption":"Radio Infinita Goya"},"image":{"@id":"https:\/\/radioinfinitagoya.com.ar\/v1\/#\/schema\/logo\/image\/"},"sameAs":["https:\/\/www.facebook.com\/p\/Infinita-Goya-100063870918311\/"]},{"@type":"Person","@id":"https:\/\/radioinfinitagoya.com.ar\/v1\/#\/schema\/person\/d4cf9c413d4f6edb24aabdccab49ca4a","name":"Jorge Mi\u00f1o","image":{"@type":"ImageObject","inLanguage":"es-AR","@id":"https:\/\/secure.gravatar.com\/avatar\/910fcf6728fe95320e07a6643c1581fec1c7fc4bf8ae12e3d8f0d0373dc844be?s=96&d=mm&r=g","url":"https:\/\/secure.gravatar.com\/avatar\/910fcf6728fe95320e07a6643c1581fec1c7fc4bf8ae12e3d8f0d0373dc844be?s=96&d=mm&r=g","contentUrl":"https:\/\/secure.gravatar.com\/avatar\/910fcf6728fe95320e07a6643c1581fec1c7fc4bf8ae12e3d8f0d0373dc844be?s=96&d=mm&r=g","caption":"Jorge Mi\u00f1o"},"sameAs":["http:\/\/radioinfinitagoya.com.ar"]}]}},"_links":{"self":[{"href":"https:\/\/radioinfinitagoya.com.ar\/v1\/wp-json\/wp\/v2\/posts\/191294","targetHints":{"allow":["GET"]}}],"collection":[{"href":"https:\/\/radioinfinitagoya.com.ar\/v1\/wp-json\/wp\/v2\/posts"}],"about":[{"href":"https:\/\/radioinfinitagoya.com.ar\/v1\/wp-json\/wp\/v2\/types\/post"}],"author":[{"embeddable":true,"href":"https:\/\/radioinfinitagoya.com.ar\/v1\/wp-json\/wp\/v2\/users\/4"}],"replies":[{"embeddable":true,"href":"https:\/\/radioinfinitagoya.com.ar\/v1\/wp-json\/wp\/v2\/comments?post=191294"}],"version-history":[{"count":0,"href":"https:\/\/radioinfinitagoya.com.ar\/v1\/wp-json\/wp\/v2\/posts\/191294\/revisions"}],"wp:featuredmedia":[{"embeddable":true,"href":"https:\/\/radioinfinitagoya.com.ar\/v1\/wp-json\/wp\/v2\/media\/191295"}],"wp:attachment":[{"href":"https:\/\/radioinfinitagoya.com.ar\/v1\/wp-json\/wp\/v2\/media?parent=191294"}],"wp:term":[{"taxonomy":"category","embeddable":true,"href":"https:\/\/radioinfinitagoya.com.ar\/v1\/wp-json\/wp\/v2\/categories?post=191294"},{"taxonomy":"post_tag","embeddable":true,"href":"https:\/\/radioinfinitagoya.com.ar\/v1\/wp-json\/wp\/v2\/tags?post=191294"}],"curies":[{"name":"wp","href":"https:\/\/api.w.org\/{rel}","templated":true}]}}