{"id":191303,"date":"2025-06-11T16:13:27","date_gmt":"2025-06-11T19:13:27","guid":{"rendered":"https:\/\/radioinfinitagoya.com.ar\/v1\/?p=191303"},"modified":"2025-06-11T16:13:27","modified_gmt":"2025-06-11T19:13:27","slug":"la-salud-publica-esta-fortalecida-dijo-valdes-al-inaugurar-el-servicio-de-angiografia","status":"publish","type":"post","link":"https:\/\/radioinfinitagoya.com.ar\/v1\/2025\/06\/11\/la-salud-publica-esta-fortalecida-dijo-valdes-al-inaugurar-el-servicio-de-angiografia\/","title":{"rendered":"\u201cLa Salud P\u00fablica est\u00e1 fortalecida&#8221;, dijo Vald\u00e9s al inaugurar el Servicio de Angiograf\u00eda"},"content":{"rendered":"<p>En el Hospital Escuela el gobernador present\u00f3 al nuevo servicio y destac\u00f3 la constante inversi\u00f3n en el \u00e1rea sanitaria.<\/p>\n<p>El gobernador de Corrientes, Gustavo Vald\u00e9s, inaugur\u00f3 este mi\u00e9rcoles el Servicio de Angiograf\u00eda en el Hospital Escuela \u201cGeneral Jos\u00e9 Francisco de San Mart\u00edn\u201d, siendo un hito para el nosocomio p\u00fablico.<\/p>\n<p><img loading=\"lazy\" decoding=\"async\" class=\"alignnone size-full wp-image-191304\" src=\"https:\/\/radioinfinitagoya.com.ar\/v1\/wp-content\/uploads\/2025\/06\/GtLWFQ3XIAEOhiD.jpg\" alt=\"\" width=\"3750\" height=\"2500\" srcset=\"https:\/\/radioinfinitagoya.com.ar\/v1\/wp-content\/uploads\/2025\/06\/GtLWFQ3XIAEOhiD.jpg 3750w, https:\/\/radioinfinitagoya.com.ar\/v1\/wp-content\/uploads\/2025\/06\/GtLWFQ3XIAEOhiD-696x464.jpg 696w, https:\/\/radioinfinitagoya.com.ar\/v1\/wp-content\/uploads\/2025\/06\/GtLWFQ3XIAEOhiD-1068x712.jpg 1068w, https:\/\/radioinfinitagoya.com.ar\/v1\/wp-content\/uploads\/2025\/06\/GtLWFQ3XIAEOhiD-630x420.jpg 630w\" sizes=\"auto, (max-width: 3750px) 100vw, 3750px\" \/> <img loading=\"lazy\" decoding=\"async\" class=\"alignnone size-medium wp-image-191305\" src=\"https:\/\/radioinfinitagoya.com.ar\/v1\/wp-content\/uploads\/2025\/06\/GtLV-cOWYAAzZXl.jpg\" alt=\"\" width=\"3750\" height=\"2500\" srcset=\"https:\/\/radioinfinitagoya.com.ar\/v1\/wp-content\/uploads\/2025\/06\/GtLV-cOWYAAzZXl.jpg 3750w, https:\/\/radioinfinitagoya.com.ar\/v1\/wp-content\/uploads\/2025\/06\/GtLV-cOWYAAzZXl-696x464.jpg 696w, https:\/\/radioinfinitagoya.com.ar\/v1\/wp-content\/uploads\/2025\/06\/GtLV-cOWYAAzZXl-1068x712.jpg 1068w, https:\/\/radioinfinitagoya.com.ar\/v1\/wp-content\/uploads\/2025\/06\/GtLV-cOWYAAzZXl-630x420.jpg 630w\" sizes=\"auto, (max-width: 3750px) 100vw, 3750px\" \/><\/p>\n<p>Al respecto el mandatario dijo que \u201cla salud p\u00fablica est\u00e1 fortalecida\u201d, y agreg\u00f3 que \u201csomos conscientes que una de las mayores demandas de la sociedad tiene que ver con la salud\u201d.<\/p>\n<p>Vald\u00e9s mencion\u00f3 que \u201cdebemos apoyar a nuestra Universidad Nacional\u201d, en relaci\u00f3n a los egresados que se desempe\u00f1an en diferentes \u00e1reas. \u201cNosotros vemos que tenemos profesionales excelentes\u201d, poniendo foco en fortalecer la educaci\u00f3n universitaria.<\/p>\n<p>Cabe recordar que el equipo instalado permitir\u00e1 realizar m\u00faltiples procedimientos vasculares con la m\u00e1s alta definici\u00f3n disponible, marcando un avance significativo en la capacidad de diagn\u00f3stico y tratamiento del hospital.<\/p>\n<p>&#8220;Nunca dejamos de invertir\u201d, dijo al respecto el gobernador y enumer\u00f3 otros hechos relevantes para la salud, como la ampliaci\u00f3n de m\u00e1s camas, la mejora en terapia y quir\u00f3fanos, el nuevo servicio de di\u00e1lisis y anticip\u00f3 la inauguraci\u00f3n de siete quir\u00f3fanos de \u00faltima generaci\u00f3n.<\/p>\n<p>Adem\u00e1s, el mandatario present\u00f3 el nuevo tom\u00f3grafo, adquirido a trav\u00e9s del Banco de Corrientes.<\/p>\n<p>Este equipo realiza 128 canales de cortes tomogr\u00e1ficos, el cual sirve para estudios en 3D y en tiempo r\u00e9cord. Es cuatro veces m\u00e1s r\u00e1pido que los modelos convencionales, permite efectuar tomograf\u00edas cardiacas y utiliza inteligencia artificial para mejorar la precisi\u00f3n y calidad de los estudios.<\/p>\n<p>Sobre esto, el Ministro de Salud, Ricardo Cardozo, dijo \u201cinauguramos un tom\u00f3grafo de \u00faltima generaci\u00f3n, que permite menor tiempo -en los estudios- y menor radiaci\u00f3n para el paciente, con Inteligencia Artificial que permite reconstruir determinadas estructuras del cuerpo\u201d.<\/p>\n<p>Por otro lado, Cardoz\u00f3 sum\u00f3 otro hito a la lista que enumer\u00f3 el gobernador: \u201cEstuvimos terminando los detalles administrativos para poder inaugurar el centro de gen\u00e9tica humana\u201d, siendo este \u201cel primero de la provincia para diagn\u00f3stico, tratamiento y consejer\u00eda\u201d.<\/p>\n","protected":false},"excerpt":{"rendered":"<p>En el Hospital Escuela el gobernador present\u00f3 al nuevo servicio y destac\u00f3 la constante inversi\u00f3n en el \u00e1rea sanitaria. El gobernador de Corrientes, Gustavo Vald\u00e9s, inaugur\u00f3 este mi\u00e9rcoles el Servicio de Angiograf\u00eda en el Hospital Escuela \u201cGeneral Jos\u00e9 Francisco de San Mart\u00edn\u201d, siendo un hito para el nosocomio p\u00fablico. Al respecto el mandatario dijo que [&hellip;]<\/p>\n","protected":false},"author":4,"featured_media":191306,"comment_status":"closed","ping_status":"closed","sticky":false,"template":"","format":"standard","meta":{"_joinchat":[],"footnotes":""},"categories":[34],"tags":[],"class_list":{"0":"post-191303","1":"post","2":"type-post","3":"status-publish","4":"format-standard","5":"has-post-thumbnail","7":"category-principal"},"yoast_head":"<!-- This site is optimized with the Yoast SEO plugin v27.2 - https:\/\/yoast.com\/product\/yoast-seo-wordpress\/ -->\n<title>\u201cLa Salud P\u00fablica est\u00e1 fortalecida&quot;, dijo Vald\u00e9s al inaugurar el Servicio de Angiograf\u00eda - Radio Infinita Goya<\/title>\n<meta name=\"description\" content=\"En el Hospital Escuela el gobernador present\u00f3 al nuevo servicio y destac\u00f3 la constante inversi\u00f3n en el \u00e1rea sanitaria. El gobernador de Corrientes,\" \/>\n<meta name=\"robots\" content=\"index, follow, max-snippet:-1, max-image-preview:large, max-video-preview:-1\" \/>\n<link rel=\"canonical\" href=\"https:\/\/radioinfinitagoya.com.ar\/v1\/2025\/06\/11\/la-salud-publica-esta-fortalecida-dijo-valdes-al-inaugurar-el-servicio-de-angiografia\/\" \/>\n<meta property=\"og:locale\" content=\"es_ES\" \/>\n<meta property=\"og:type\" content=\"article\" \/>\n<meta property=\"og:title\" content=\"\u201cLa Salud P\u00fablica est\u00e1 fortalecida&quot;, dijo Vald\u00e9s al inaugurar el Servicio de Angiograf\u00eda - Radio Infinita Goya\" \/>\n<meta property=\"og:description\" content=\"En el Hospital Escuela el gobernador present\u00f3 al nuevo servicio y destac\u00f3 la constante inversi\u00f3n en el \u00e1rea sanitaria. El gobernador de Corrientes,\" \/>\n<meta property=\"og:url\" content=\"https:\/\/radioinfinitagoya.com.ar\/v1\/2025\/06\/11\/la-salud-publica-esta-fortalecida-dijo-valdes-al-inaugurar-el-servicio-de-angiografia\/\" \/>\n<meta property=\"og:site_name\" content=\"Radio Infinita Goya\" \/>\n<meta property=\"article:publisher\" content=\"https:\/\/www.facebook.com\/p\/Infinita-Goya-100063870918311\/\" \/>\n<meta property=\"article:published_time\" content=\"2025-06-11T19:13:27+00:00\" \/>\n<meta property=\"og:image\" content=\"https:\/\/radioinfinitagoya.com.ar\/v1\/wp-content\/uploads\/2025\/06\/GtLV3z-XUAAKi5J.jpg\" \/>\n\t<meta property=\"og:image:width\" content=\"3750\" \/>\n\t<meta property=\"og:image:height\" content=\"2497\" \/>\n\t<meta property=\"og:image:type\" content=\"image\/jpeg\" \/>\n<meta name=\"author\" content=\"Jorge Mi\u00f1o\" \/>\n<meta name=\"twitter:card\" content=\"summary_large_image\" \/>\n<meta name=\"twitter:label1\" content=\"Escrito por\" \/>\n\t<meta name=\"twitter:data1\" content=\"Jorge Mi\u00f1o\" \/>\n\t<meta name=\"twitter:label2\" content=\"Tiempo de lectura\" \/>\n\t<meta name=\"twitter:data2\" content=\"3 minutos\" \/>\n<script type=\"application\/ld+json\" class=\"yoast-schema-graph\">{\"@context\":\"https:\/\/schema.org\",\"@graph\":[{\"@type\":\"Article\",\"@id\":\"https:\/\/radioinfinitagoya.com.ar\/v1\/2025\/06\/11\/la-salud-publica-esta-fortalecida-dijo-valdes-al-inaugurar-el-servicio-de-angiografia\/#article\",\"isPartOf\":{\"@id\":\"https:\/\/radioinfinitagoya.com.ar\/v1\/2025\/06\/11\/la-salud-publica-esta-fortalecida-dijo-valdes-al-inaugurar-el-servicio-de-angiografia\/\"},\"author\":{\"name\":\"Jorge Mi\u00f1o\",\"@id\":\"https:\/\/radioinfinitagoya.com.ar\/v1\/#\/schema\/person\/d4cf9c413d4f6edb24aabdccab49ca4a\"},\"headline\":\"\u201cLa Salud P\u00fablica est\u00e1 fortalecida&#8221;, dijo Vald\u00e9s al inaugurar el Servicio de Angiograf\u00eda\",\"datePublished\":\"2025-06-11T19:13:27+00:00\",\"mainEntityOfPage\":{\"@id\":\"https:\/\/radioinfinitagoya.com.ar\/v1\/2025\/06\/11\/la-salud-publica-esta-fortalecida-dijo-valdes-al-inaugurar-el-servicio-de-angiografia\/\"},\"wordCount\":375,\"publisher\":{\"@id\":\"https:\/\/radioinfinitagoya.com.ar\/v1\/#organization\"},\"image\":{\"@id\":\"https:\/\/radioinfinitagoya.com.ar\/v1\/2025\/06\/11\/la-salud-publica-esta-fortalecida-dijo-valdes-al-inaugurar-el-servicio-de-angiografia\/#primaryimage\"},\"thumbnailUrl\":\"https:\/\/radioinfinitagoya.com.ar\/v1\/wp-content\/uploads\/2025\/06\/GtLV3z-XUAAKi5J.jpg\",\"articleSection\":[\"PRINCIPAL\"],\"inLanguage\":\"es-AR\"},{\"@type\":\"WebPage\",\"@id\":\"https:\/\/radioinfinitagoya.com.ar\/v1\/2025\/06\/11\/la-salud-publica-esta-fortalecida-dijo-valdes-al-inaugurar-el-servicio-de-angiografia\/\",\"url\":\"https:\/\/radioinfinitagoya.com.ar\/v1\/2025\/06\/11\/la-salud-publica-esta-fortalecida-dijo-valdes-al-inaugurar-el-servicio-de-angiografia\/\",\"name\":\"\u201cLa Salud P\u00fablica est\u00e1 fortalecida\\\", dijo Vald\u00e9s al inaugurar el Servicio de Angiograf\u00eda - Radio Infinita Goya\",\"isPartOf\":{\"@id\":\"https:\/\/radioinfinitagoya.com.ar\/v1\/#website\"},\"primaryImageOfPage\":{\"@id\":\"https:\/\/radioinfinitagoya.com.ar\/v1\/2025\/06\/11\/la-salud-publica-esta-fortalecida-dijo-valdes-al-inaugurar-el-servicio-de-angiografia\/#primaryimage\"},\"image\":{\"@id\":\"https:\/\/radioinfinitagoya.com.ar\/v1\/2025\/06\/11\/la-salud-publica-esta-fortalecida-dijo-valdes-al-inaugurar-el-servicio-de-angiografia\/#primaryimage\"},\"thumbnailUrl\":\"https:\/\/radioinfinitagoya.com.ar\/v1\/wp-content\/uploads\/2025\/06\/GtLV3z-XUAAKi5J.jpg\",\"datePublished\":\"2025-06-11T19:13:27+00:00\",\"description\":\"En el Hospital Escuela el gobernador present\u00f3 al nuevo servicio y destac\u00f3 la constante inversi\u00f3n en el \u00e1rea sanitaria. El gobernador de Corrientes,\",\"breadcrumb\":{\"@id\":\"https:\/\/radioinfinitagoya.com.ar\/v1\/2025\/06\/11\/la-salud-publica-esta-fortalecida-dijo-valdes-al-inaugurar-el-servicio-de-angiografia\/#breadcrumb\"},\"inLanguage\":\"es-AR\",\"potentialAction\":[{\"@type\":\"ReadAction\",\"target\":[\"https:\/\/radioinfinitagoya.com.ar\/v1\/2025\/06\/11\/la-salud-publica-esta-fortalecida-dijo-valdes-al-inaugurar-el-servicio-de-angiografia\/\"]}]},{\"@type\":\"ImageObject\",\"inLanguage\":\"es-AR\",\"@id\":\"https:\/\/radioinfinitagoya.com.ar\/v1\/2025\/06\/11\/la-salud-publica-esta-fortalecida-dijo-valdes-al-inaugurar-el-servicio-de-angiografia\/#primaryimage\",\"url\":\"https:\/\/radioinfinitagoya.com.ar\/v1\/wp-content\/uploads\/2025\/06\/GtLV3z-XUAAKi5J.jpg\",\"contentUrl\":\"https:\/\/radioinfinitagoya.com.ar\/v1\/wp-content\/uploads\/2025\/06\/GtLV3z-XUAAKi5J.jpg\",\"width\":3750,\"height\":2497},{\"@type\":\"BreadcrumbList\",\"@id\":\"https:\/\/radioinfinitagoya.com.ar\/v1\/2025\/06\/11\/la-salud-publica-esta-fortalecida-dijo-valdes-al-inaugurar-el-servicio-de-angiografia\/#breadcrumb\",\"itemListElement\":[{\"@type\":\"ListItem\",\"position\":1,\"name\":\"Inicio\",\"item\":\"https:\/\/radioinfinitagoya.com.ar\/v1\/\"},{\"@type\":\"ListItem\",\"position\":2,\"name\":\"\u201cLa Salud P\u00fablica est\u00e1 fortalecida&#8221;, dijo Vald\u00e9s al inaugurar el Servicio de Angiograf\u00eda\"}]},{\"@type\":\"WebSite\",\"@id\":\"https:\/\/radioinfinitagoya.com.ar\/v1\/#website\",\"url\":\"https:\/\/radioinfinitagoya.com.ar\/v1\/\",\"name\":\"radioinfinitagoya.com.ar\",\"description\":\"Radio de noticias\",\"publisher\":{\"@id\":\"https:\/\/radioinfinitagoya.com.ar\/v1\/#organization\"},\"potentialAction\":[{\"@type\":\"SearchAction\",\"target\":{\"@type\":\"EntryPoint\",\"urlTemplate\":\"https:\/\/radioinfinitagoya.com.ar\/v1\/?s={search_term_string}\"},\"query-input\":{\"@type\":\"PropertyValueSpecification\",\"valueRequired\":true,\"valueName\":\"search_term_string\"}}],\"inLanguage\":\"es-AR\"},{\"@type\":\"Organization\",\"@id\":\"https:\/\/radioinfinitagoya.com.ar\/v1\/#organization\",\"name\":\"Radio Infinita Goya\",\"url\":\"https:\/\/radioinfinitagoya.com.ar\/v1\/\",\"logo\":{\"@type\":\"ImageObject\",\"inLanguage\":\"es-AR\",\"@id\":\"https:\/\/radioinfinitagoya.com.ar\/v1\/#\/schema\/logo\/image\/\",\"url\":\"https:\/\/radioinfinitagoya.com.ar\/v1\/wp-content\/uploads\/2019\/11\/logo-pie-web.png\",\"contentUrl\":\"https:\/\/radioinfinitagoya.com.ar\/v1\/wp-content\/uploads\/2019\/11\/logo-pie-web.png\",\"width\":635,\"height\":326,\"caption\":\"Radio Infinita Goya\"},\"image\":{\"@id\":\"https:\/\/radioinfinitagoya.com.ar\/v1\/#\/schema\/logo\/image\/\"},\"sameAs\":[\"https:\/\/www.facebook.com\/p\/Infinita-Goya-100063870918311\/\"]},{\"@type\":\"Person\",\"@id\":\"https:\/\/radioinfinitagoya.com.ar\/v1\/#\/schema\/person\/d4cf9c413d4f6edb24aabdccab49ca4a\",\"name\":\"Jorge Mi\u00f1o\",\"image\":{\"@type\":\"ImageObject\",\"inLanguage\":\"es-AR\",\"@id\":\"https:\/\/secure.gravatar.com\/avatar\/910fcf6728fe95320e07a6643c1581fec1c7fc4bf8ae12e3d8f0d0373dc844be?s=96&d=mm&r=g\",\"url\":\"https:\/\/secure.gravatar.com\/avatar\/910fcf6728fe95320e07a6643c1581fec1c7fc4bf8ae12e3d8f0d0373dc844be?s=96&d=mm&r=g\",\"contentUrl\":\"https:\/\/secure.gravatar.com\/avatar\/910fcf6728fe95320e07a6643c1581fec1c7fc4bf8ae12e3d8f0d0373dc844be?s=96&d=mm&r=g\",\"caption\":\"Jorge Mi\u00f1o\"},\"sameAs\":[\"http:\/\/radioinfinitagoya.com.ar\"]}]}<\/script>\n<!-- \/ Yoast SEO plugin. -->","yoast_head_json":{"title":"\u201cLa Salud P\u00fablica est\u00e1 fortalecida\", dijo Vald\u00e9s al inaugurar el Servicio de Angiograf\u00eda - Radio Infinita Goya","description":"En el Hospital Escuela el gobernador present\u00f3 al nuevo servicio y destac\u00f3 la constante inversi\u00f3n en el \u00e1rea sanitaria. El gobernador de Corrientes,","robots":{"index":"index","follow":"follow","max-snippet":"max-snippet:-1","max-image-preview":"max-image-preview:large","max-video-preview":"max-video-preview:-1"},"canonical":"https:\/\/radioinfinitagoya.com.ar\/v1\/2025\/06\/11\/la-salud-publica-esta-fortalecida-dijo-valdes-al-inaugurar-el-servicio-de-angiografia\/","og_locale":"es_ES","og_type":"article","og_title":"\u201cLa Salud P\u00fablica est\u00e1 fortalecida\", dijo Vald\u00e9s al inaugurar el Servicio de Angiograf\u00eda - Radio Infinita Goya","og_description":"En el Hospital Escuela el gobernador present\u00f3 al nuevo servicio y destac\u00f3 la constante inversi\u00f3n en el \u00e1rea sanitaria. El gobernador de Corrientes,","og_url":"https:\/\/radioinfinitagoya.com.ar\/v1\/2025\/06\/11\/la-salud-publica-esta-fortalecida-dijo-valdes-al-inaugurar-el-servicio-de-angiografia\/","og_site_name":"Radio Infinita Goya","article_publisher":"https:\/\/www.facebook.com\/p\/Infinita-Goya-100063870918311\/","article_published_time":"2025-06-11T19:13:27+00:00","og_image":[{"url":"https:\/\/radioinfinitagoya.com.ar\/v1\/wp-content\/uploads\/2025\/06\/GtLV3z-XUAAKi5J.jpg","width":3750,"height":2497,"type":"image\/jpeg"}],"author":"Jorge Mi\u00f1o","twitter_card":"summary_large_image","twitter_misc":{"Escrito por":"Jorge Mi\u00f1o","Tiempo de lectura":"3 minutos"},"schema":{"@context":"https:\/\/schema.org","@graph":[{"@type":"Article","@id":"https:\/\/radioinfinitagoya.com.ar\/v1\/2025\/06\/11\/la-salud-publica-esta-fortalecida-dijo-valdes-al-inaugurar-el-servicio-de-angiografia\/#article","isPartOf":{"@id":"https:\/\/radioinfinitagoya.com.ar\/v1\/2025\/06\/11\/la-salud-publica-esta-fortalecida-dijo-valdes-al-inaugurar-el-servicio-de-angiografia\/"},"author":{"name":"Jorge Mi\u00f1o","@id":"https:\/\/radioinfinitagoya.com.ar\/v1\/#\/schema\/person\/d4cf9c413d4f6edb24aabdccab49ca4a"},"headline":"\u201cLa Salud P\u00fablica est\u00e1 fortalecida&#8221;, dijo Vald\u00e9s al inaugurar el Servicio de Angiograf\u00eda","datePublished":"2025-06-11T19:13:27+00:00","mainEntityOfPage":{"@id":"https:\/\/radioinfinitagoya.com.ar\/v1\/2025\/06\/11\/la-salud-publica-esta-fortalecida-dijo-valdes-al-inaugurar-el-servicio-de-angiografia\/"},"wordCount":375,"publisher":{"@id":"https:\/\/radioinfinitagoya.com.ar\/v1\/#organization"},"image":{"@id":"https:\/\/radioinfinitagoya.com.ar\/v1\/2025\/06\/11\/la-salud-publica-esta-fortalecida-dijo-valdes-al-inaugurar-el-servicio-de-angiografia\/#primaryimage"},"thumbnailUrl":"https:\/\/radioinfinitagoya.com.ar\/v1\/wp-content\/uploads\/2025\/06\/GtLV3z-XUAAKi5J.jpg","articleSection":["PRINCIPAL"],"inLanguage":"es-AR"},{"@type":"WebPage","@id":"https:\/\/radioinfinitagoya.com.ar\/v1\/2025\/06\/11\/la-salud-publica-esta-fortalecida-dijo-valdes-al-inaugurar-el-servicio-de-angiografia\/","url":"https:\/\/radioinfinitagoya.com.ar\/v1\/2025\/06\/11\/la-salud-publica-esta-fortalecida-dijo-valdes-al-inaugurar-el-servicio-de-angiografia\/","name":"\u201cLa Salud P\u00fablica est\u00e1 fortalecida\", dijo Vald\u00e9s al inaugurar el Servicio de Angiograf\u00eda - Radio Infinita Goya","isPartOf":{"@id":"https:\/\/radioinfinitagoya.com.ar\/v1\/#website"},"primaryImageOfPage":{"@id":"https:\/\/radioinfinitagoya.com.ar\/v1\/2025\/06\/11\/la-salud-publica-esta-fortalecida-dijo-valdes-al-inaugurar-el-servicio-de-angiografia\/#primaryimage"},"image":{"@id":"https:\/\/radioinfinitagoya.com.ar\/v1\/2025\/06\/11\/la-salud-publica-esta-fortalecida-dijo-valdes-al-inaugurar-el-servicio-de-angiografia\/#primaryimage"},"thumbnailUrl":"https:\/\/radioinfinitagoya.com.ar\/v1\/wp-content\/uploads\/2025\/06\/GtLV3z-XUAAKi5J.jpg","datePublished":"2025-06-11T19:13:27+00:00","description":"En el Hospital Escuela el gobernador present\u00f3 al nuevo servicio y destac\u00f3 la constante inversi\u00f3n en el \u00e1rea sanitaria. El gobernador de Corrientes,","breadcrumb":{"@id":"https:\/\/radioinfinitagoya.com.ar\/v1\/2025\/06\/11\/la-salud-publica-esta-fortalecida-dijo-valdes-al-inaugurar-el-servicio-de-angiografia\/#breadcrumb"},"inLanguage":"es-AR","potentialAction":[{"@type":"ReadAction","target":["https:\/\/radioinfinitagoya.com.ar\/v1\/2025\/06\/11\/la-salud-publica-esta-fortalecida-dijo-valdes-al-inaugurar-el-servicio-de-angiografia\/"]}]},{"@type":"ImageObject","inLanguage":"es-AR","@id":"https:\/\/radioinfinitagoya.com.ar\/v1\/2025\/06\/11\/la-salud-publica-esta-fortalecida-dijo-valdes-al-inaugurar-el-servicio-de-angiografia\/#primaryimage","url":"https:\/\/radioinfinitagoya.com.ar\/v1\/wp-content\/uploads\/2025\/06\/GtLV3z-XUAAKi5J.jpg","contentUrl":"https:\/\/radioinfinitagoya.com.ar\/v1\/wp-content\/uploads\/2025\/06\/GtLV3z-XUAAKi5J.jpg","width":3750,"height":2497},{"@type":"BreadcrumbList","@id":"https:\/\/radioinfinitagoya.com.ar\/v1\/2025\/06\/11\/la-salud-publica-esta-fortalecida-dijo-valdes-al-inaugurar-el-servicio-de-angiografia\/#breadcrumb","itemListElement":[{"@type":"ListItem","position":1,"name":"Inicio","item":"https:\/\/radioinfinitagoya.com.ar\/v1\/"},{"@type":"ListItem","position":2,"name":"\u201cLa Salud P\u00fablica est\u00e1 fortalecida&#8221;, dijo Vald\u00e9s al inaugurar el Servicio de Angiograf\u00eda"}]},{"@type":"WebSite","@id":"https:\/\/radioinfinitagoya.com.ar\/v1\/#website","url":"https:\/\/radioinfinitagoya.com.ar\/v1\/","name":"radioinfinitagoya.com.ar","description":"Radio de noticias","publisher":{"@id":"https:\/\/radioinfinitagoya.com.ar\/v1\/#organization"},"potentialAction":[{"@type":"SearchAction","target":{"@type":"EntryPoint","urlTemplate":"https:\/\/radioinfinitagoya.com.ar\/v1\/?s={search_term_string}"},"query-input":{"@type":"PropertyValueSpecification","valueRequired":true,"valueName":"search_term_string"}}],"inLanguage":"es-AR"},{"@type":"Organization","@id":"https:\/\/radioinfinitagoya.com.ar\/v1\/#organization","name":"Radio Infinita Goya","url":"https:\/\/radioinfinitagoya.com.ar\/v1\/","logo":{"@type":"ImageObject","inLanguage":"es-AR","@id":"https:\/\/radioinfinitagoya.com.ar\/v1\/#\/schema\/logo\/image\/","url":"https:\/\/radioinfinitagoya.com.ar\/v1\/wp-content\/uploads\/2019\/11\/logo-pie-web.png","contentUrl":"https:\/\/radioinfinitagoya.com.ar\/v1\/wp-content\/uploads\/2019\/11\/logo-pie-web.png","width":635,"height":326,"caption":"Radio Infinita Goya"},"image":{"@id":"https:\/\/radioinfinitagoya.com.ar\/v1\/#\/schema\/logo\/image\/"},"sameAs":["https:\/\/www.facebook.com\/p\/Infinita-Goya-100063870918311\/"]},{"@type":"Person","@id":"https:\/\/radioinfinitagoya.com.ar\/v1\/#\/schema\/person\/d4cf9c413d4f6edb24aabdccab49ca4a","name":"Jorge Mi\u00f1o","image":{"@type":"ImageObject","inLanguage":"es-AR","@id":"https:\/\/secure.gravatar.com\/avatar\/910fcf6728fe95320e07a6643c1581fec1c7fc4bf8ae12e3d8f0d0373dc844be?s=96&d=mm&r=g","url":"https:\/\/secure.gravatar.com\/avatar\/910fcf6728fe95320e07a6643c1581fec1c7fc4bf8ae12e3d8f0d0373dc844be?s=96&d=mm&r=g","contentUrl":"https:\/\/secure.gravatar.com\/avatar\/910fcf6728fe95320e07a6643c1581fec1c7fc4bf8ae12e3d8f0d0373dc844be?s=96&d=mm&r=g","caption":"Jorge Mi\u00f1o"},"sameAs":["http:\/\/radioinfinitagoya.com.ar"]}]}},"_links":{"self":[{"href":"https:\/\/radioinfinitagoya.com.ar\/v1\/wp-json\/wp\/v2\/posts\/191303","targetHints":{"allow":["GET"]}}],"collection":[{"href":"https:\/\/radioinfinitagoya.com.ar\/v1\/wp-json\/wp\/v2\/posts"}],"about":[{"href":"https:\/\/radioinfinitagoya.com.ar\/v1\/wp-json\/wp\/v2\/types\/post"}],"author":[{"embeddable":true,"href":"https:\/\/radioinfinitagoya.com.ar\/v1\/wp-json\/wp\/v2\/users\/4"}],"replies":[{"embeddable":true,"href":"https:\/\/radioinfinitagoya.com.ar\/v1\/wp-json\/wp\/v2\/comments?post=191303"}],"version-history":[{"count":0,"href":"https:\/\/radioinfinitagoya.com.ar\/v1\/wp-json\/wp\/v2\/posts\/191303\/revisions"}],"wp:featuredmedia":[{"embeddable":true,"href":"https:\/\/radioinfinitagoya.com.ar\/v1\/wp-json\/wp\/v2\/media\/191306"}],"wp:attachment":[{"href":"https:\/\/radioinfinitagoya.com.ar\/v1\/wp-json\/wp\/v2\/media?parent=191303"}],"wp:term":[{"taxonomy":"category","embeddable":true,"href":"https:\/\/radioinfinitagoya.com.ar\/v1\/wp-json\/wp\/v2\/categories?post=191303"},{"taxonomy":"post_tag","embeddable":true,"href":"https:\/\/radioinfinitagoya.com.ar\/v1\/wp-json\/wp\/v2\/tags?post=191303"}],"curies":[{"name":"wp","href":"https:\/\/api.w.org\/{rel}","templated":true}]}}