{"id":191308,"date":"2025-06-11T16:18:33","date_gmt":"2025-06-11T19:18:33","guid":{"rendered":"https:\/\/radioinfinitagoya.com.ar\/v1\/?p=191308"},"modified":"2025-06-11T16:18:33","modified_gmt":"2025-06-11T19:18:33","slug":"rompieron-los-vidrios-de-uno-de-los-triciclos-sustentables-en-corrientes","status":"publish","type":"post","link":"https:\/\/radioinfinitagoya.com.ar\/v1\/2025\/06\/11\/rompieron-los-vidrios-de-uno-de-los-triciclos-sustentables-en-corrientes\/","title":{"rendered":"Rompieron los vidrios de uno de los triciclos sustentables en Corrientes"},"content":{"rendered":"<p>La violenta agresi\u00f3n ocurri\u00f3 en una avenida de Corrientes. El creador del innovador veh\u00edculo dialog\u00f3 con el diario El Litoral y manifest\u00f3 que &#8220;pr\u00f3ximamente har\u00e1 la denuncia&#8221;.<\/p>\n<p>Las ventanas de uno de los triciclos sustentables fueron violentadas este mi\u00e9rcoles por la madrugada en av. Maip\u00fa al 250 de la ciudad capital. Cerca de las 00:10 de este mi\u00e9rcoles, un vecino del lugar alert\u00f3 de la situaci\u00f3n y public\u00f3 la foto del rodado destruido tras visualizar en la v\u00eda p\u00fablica la rotura de los vidrios.<\/p>\n<p>En di\u00e1logo con el diario El Litoral, el creador de los veh\u00edculos Gonzalo Tracci, manifest\u00f3 su enojo ante la situaci\u00f3n y expres\u00f3: &#8220;el ataque a uno de nuestros triciclos el\u00e9ctricos es claramente la resistencia de ciertos sectores a las innovaciones que promueven una movilidad m\u00e1s econ\u00f3mica y ecol\u00f3gica&#8221;<\/p>\n<p>A esto agreg\u00f3 que: &#8220;Al igual que pas\u00f3 con Uber, que al principio lo apedrearon, esto prueba que nuestro proyecto est\u00e1 dando que hablar&#8221;<br \/>\n&#8220;Con el raspado de la gente, estoy seguro que con el tiempo, van a defender esta forma m\u00e1s econ\u00f3mica de movernos. Y ante esta situaci\u00f3n en las pr\u00f3ximas horas, har\u00e9 la denuncia&#8221; amedrent\u00f3 Tracci.<\/p>\n<p>La gama de remises el\u00e9ctricos innovadores hab\u00edan sido presentados este domingo en la costanera de Corrientes. El transporte tiene el objetivo de ser utilizado como una especie de remis para los pasajeros de la ciudad.<\/p>\n<p>Los creados del proyecto son los emprendedores Gonzalo Tracci y Hugo Marchissio, quienes ven\u00edan promocionando el proyecto y ya pusieron en circulaci\u00f3n el veh\u00edculo a modo de prueba para que la ciudadan\u00eda se vaya familiarizando con el sistema.<\/p>\n<p>\u00bfC\u00f3mo son los triciclos?<\/p>\n<p>Se tratan de sistemas el\u00e9ctricos, silenciosos que no emiten gases contaminantes. Tienen una autonom\u00eda de hasta 120 kil\u00f3metros, pueden alcanzar una velocidad m\u00e1xima de 35 km\/h y transportar hasta tres pasajeros.<\/p>\n<p>La carga de sus bater\u00edas se realiza con energ\u00eda domiciliaria de 220 voltios y se completa en cuatro horas.<\/p>\n<p>&nbsp;<\/p>\n","protected":false},"excerpt":{"rendered":"<p>La violenta agresi\u00f3n ocurri\u00f3 en una avenida de Corrientes. El creador del innovador veh\u00edculo dialog\u00f3 con el diario El Litoral y manifest\u00f3 que &#8220;pr\u00f3ximamente har\u00e1 la denuncia&#8221;. Las ventanas de uno de los triciclos sustentables fueron violentadas este mi\u00e9rcoles por la madrugada en av. Maip\u00fa al 250 de la ciudad capital. Cerca de las 00:10 [&hellip;]<\/p>\n","protected":false},"author":4,"featured_media":191309,"comment_status":"closed","ping_status":"closed","sticky":false,"template":"","format":"standard","meta":{"_joinchat":[],"footnotes":""},"categories":[26],"tags":[],"class_list":{"0":"post-191308","1":"post","2":"type-post","3":"status-publish","4":"format-standard","5":"has-post-thumbnail","7":"category-provinciales"},"yoast_head":"<!-- This site is optimized with the Yoast SEO plugin v27.2 - https:\/\/yoast.com\/product\/yoast-seo-wordpress\/ -->\n<title>Rompieron los vidrios de uno de los triciclos sustentables en Corrientes - Radio Infinita Goya<\/title>\n<meta name=\"description\" content=\"La violenta agresi\u00f3n ocurri\u00f3 en una avenida de Corrientes. El creador del innovador veh\u00edculo dialog\u00f3 con el diario El Litoral y manifest\u00f3 que\" \/>\n<meta name=\"robots\" content=\"index, follow, max-snippet:-1, max-image-preview:large, max-video-preview:-1\" \/>\n<link rel=\"canonical\" href=\"https:\/\/radioinfinitagoya.com.ar\/v1\/2025\/06\/11\/rompieron-los-vidrios-de-uno-de-los-triciclos-sustentables-en-corrientes\/\" \/>\n<meta property=\"og:locale\" content=\"es_ES\" \/>\n<meta property=\"og:type\" content=\"article\" \/>\n<meta property=\"og:title\" content=\"Rompieron los vidrios de uno de los triciclos sustentables en Corrientes - Radio Infinita Goya\" \/>\n<meta property=\"og:description\" content=\"La violenta agresi\u00f3n ocurri\u00f3 en una avenida de Corrientes. El creador del innovador veh\u00edculo dialog\u00f3 con el diario El Litoral y manifest\u00f3 que\" \/>\n<meta property=\"og:url\" content=\"https:\/\/radioinfinitagoya.com.ar\/v1\/2025\/06\/11\/rompieron-los-vidrios-de-uno-de-los-triciclos-sustentables-en-corrientes\/\" \/>\n<meta property=\"og:site_name\" content=\"Radio Infinita Goya\" \/>\n<meta property=\"article:publisher\" content=\"https:\/\/www.facebook.com\/p\/Infinita-Goya-100063870918311\/\" \/>\n<meta property=\"article:published_time\" content=\"2025-06-11T19:18:33+00:00\" \/>\n<meta property=\"og:image\" content=\"https:\/\/radioinfinitagoya.com.ar\/v1\/wp-content\/uploads\/2025\/06\/1749654143187.webp\" \/>\n\t<meta property=\"og:image:width\" content=\"1200\" \/>\n\t<meta property=\"og:image:height\" content=\"675\" \/>\n\t<meta property=\"og:image:type\" content=\"image\/webp\" \/>\n<meta name=\"author\" content=\"Jorge Mi\u00f1o\" \/>\n<meta name=\"twitter:card\" content=\"summary_large_image\" \/>\n<meta name=\"twitter:label1\" content=\"Escrito por\" \/>\n\t<meta name=\"twitter:data1\" content=\"Jorge Mi\u00f1o\" \/>\n\t<meta name=\"twitter:label2\" content=\"Tiempo de lectura\" \/>\n\t<meta name=\"twitter:data2\" content=\"2 minutos\" \/>\n<script type=\"application\/ld+json\" class=\"yoast-schema-graph\">{\"@context\":\"https:\/\/schema.org\",\"@graph\":[{\"@type\":\"Article\",\"@id\":\"https:\/\/radioinfinitagoya.com.ar\/v1\/2025\/06\/11\/rompieron-los-vidrios-de-uno-de-los-triciclos-sustentables-en-corrientes\/#article\",\"isPartOf\":{\"@id\":\"https:\/\/radioinfinitagoya.com.ar\/v1\/2025\/06\/11\/rompieron-los-vidrios-de-uno-de-los-triciclos-sustentables-en-corrientes\/\"},\"author\":{\"name\":\"Jorge Mi\u00f1o\",\"@id\":\"https:\/\/radioinfinitagoya.com.ar\/v1\/#\/schema\/person\/d4cf9c413d4f6edb24aabdccab49ca4a\"},\"headline\":\"Rompieron los vidrios de uno de los triciclos sustentables en Corrientes\",\"datePublished\":\"2025-06-11T19:18:33+00:00\",\"mainEntityOfPage\":{\"@id\":\"https:\/\/radioinfinitagoya.com.ar\/v1\/2025\/06\/11\/rompieron-los-vidrios-de-uno-de-los-triciclos-sustentables-en-corrientes\/\"},\"wordCount\":357,\"publisher\":{\"@id\":\"https:\/\/radioinfinitagoya.com.ar\/v1\/#organization\"},\"image\":{\"@id\":\"https:\/\/radioinfinitagoya.com.ar\/v1\/2025\/06\/11\/rompieron-los-vidrios-de-uno-de-los-triciclos-sustentables-en-corrientes\/#primaryimage\"},\"thumbnailUrl\":\"https:\/\/radioinfinitagoya.com.ar\/v1\/wp-content\/uploads\/2025\/06\/1749654143187.webp\",\"articleSection\":[\"PROVINCIALES\"],\"inLanguage\":\"es-AR\"},{\"@type\":\"WebPage\",\"@id\":\"https:\/\/radioinfinitagoya.com.ar\/v1\/2025\/06\/11\/rompieron-los-vidrios-de-uno-de-los-triciclos-sustentables-en-corrientes\/\",\"url\":\"https:\/\/radioinfinitagoya.com.ar\/v1\/2025\/06\/11\/rompieron-los-vidrios-de-uno-de-los-triciclos-sustentables-en-corrientes\/\",\"name\":\"Rompieron los vidrios de uno de los triciclos sustentables en Corrientes - Radio Infinita Goya\",\"isPartOf\":{\"@id\":\"https:\/\/radioinfinitagoya.com.ar\/v1\/#website\"},\"primaryImageOfPage\":{\"@id\":\"https:\/\/radioinfinitagoya.com.ar\/v1\/2025\/06\/11\/rompieron-los-vidrios-de-uno-de-los-triciclos-sustentables-en-corrientes\/#primaryimage\"},\"image\":{\"@id\":\"https:\/\/radioinfinitagoya.com.ar\/v1\/2025\/06\/11\/rompieron-los-vidrios-de-uno-de-los-triciclos-sustentables-en-corrientes\/#primaryimage\"},\"thumbnailUrl\":\"https:\/\/radioinfinitagoya.com.ar\/v1\/wp-content\/uploads\/2025\/06\/1749654143187.webp\",\"datePublished\":\"2025-06-11T19:18:33+00:00\",\"description\":\"La violenta agresi\u00f3n ocurri\u00f3 en una avenida de Corrientes. El creador del innovador veh\u00edculo dialog\u00f3 con el diario El Litoral y manifest\u00f3 que\",\"breadcrumb\":{\"@id\":\"https:\/\/radioinfinitagoya.com.ar\/v1\/2025\/06\/11\/rompieron-los-vidrios-de-uno-de-los-triciclos-sustentables-en-corrientes\/#breadcrumb\"},\"inLanguage\":\"es-AR\",\"potentialAction\":[{\"@type\":\"ReadAction\",\"target\":[\"https:\/\/radioinfinitagoya.com.ar\/v1\/2025\/06\/11\/rompieron-los-vidrios-de-uno-de-los-triciclos-sustentables-en-corrientes\/\"]}]},{\"@type\":\"ImageObject\",\"inLanguage\":\"es-AR\",\"@id\":\"https:\/\/radioinfinitagoya.com.ar\/v1\/2025\/06\/11\/rompieron-los-vidrios-de-uno-de-los-triciclos-sustentables-en-corrientes\/#primaryimage\",\"url\":\"https:\/\/radioinfinitagoya.com.ar\/v1\/wp-content\/uploads\/2025\/06\/1749654143187.webp\",\"contentUrl\":\"https:\/\/radioinfinitagoya.com.ar\/v1\/wp-content\/uploads\/2025\/06\/1749654143187.webp\",\"width\":1200,\"height\":675},{\"@type\":\"BreadcrumbList\",\"@id\":\"https:\/\/radioinfinitagoya.com.ar\/v1\/2025\/06\/11\/rompieron-los-vidrios-de-uno-de-los-triciclos-sustentables-en-corrientes\/#breadcrumb\",\"itemListElement\":[{\"@type\":\"ListItem\",\"position\":1,\"name\":\"Inicio\",\"item\":\"https:\/\/radioinfinitagoya.com.ar\/v1\/\"},{\"@type\":\"ListItem\",\"position\":2,\"name\":\"Rompieron los vidrios de uno de los triciclos sustentables en Corrientes\"}]},{\"@type\":\"WebSite\",\"@id\":\"https:\/\/radioinfinitagoya.com.ar\/v1\/#website\",\"url\":\"https:\/\/radioinfinitagoya.com.ar\/v1\/\",\"name\":\"radioinfinitagoya.com.ar\",\"description\":\"Radio de noticias\",\"publisher\":{\"@id\":\"https:\/\/radioinfinitagoya.com.ar\/v1\/#organization\"},\"potentialAction\":[{\"@type\":\"SearchAction\",\"target\":{\"@type\":\"EntryPoint\",\"urlTemplate\":\"https:\/\/radioinfinitagoya.com.ar\/v1\/?s={search_term_string}\"},\"query-input\":{\"@type\":\"PropertyValueSpecification\",\"valueRequired\":true,\"valueName\":\"search_term_string\"}}],\"inLanguage\":\"es-AR\"},{\"@type\":\"Organization\",\"@id\":\"https:\/\/radioinfinitagoya.com.ar\/v1\/#organization\",\"name\":\"Radio Infinita Goya\",\"url\":\"https:\/\/radioinfinitagoya.com.ar\/v1\/\",\"logo\":{\"@type\":\"ImageObject\",\"inLanguage\":\"es-AR\",\"@id\":\"https:\/\/radioinfinitagoya.com.ar\/v1\/#\/schema\/logo\/image\/\",\"url\":\"https:\/\/radioinfinitagoya.com.ar\/v1\/wp-content\/uploads\/2019\/11\/logo-pie-web.png\",\"contentUrl\":\"https:\/\/radioinfinitagoya.com.ar\/v1\/wp-content\/uploads\/2019\/11\/logo-pie-web.png\",\"width\":635,\"height\":326,\"caption\":\"Radio Infinita Goya\"},\"image\":{\"@id\":\"https:\/\/radioinfinitagoya.com.ar\/v1\/#\/schema\/logo\/image\/\"},\"sameAs\":[\"https:\/\/www.facebook.com\/p\/Infinita-Goya-100063870918311\/\"]},{\"@type\":\"Person\",\"@id\":\"https:\/\/radioinfinitagoya.com.ar\/v1\/#\/schema\/person\/d4cf9c413d4f6edb24aabdccab49ca4a\",\"name\":\"Jorge Mi\u00f1o\",\"image\":{\"@type\":\"ImageObject\",\"inLanguage\":\"es-AR\",\"@id\":\"https:\/\/secure.gravatar.com\/avatar\/910fcf6728fe95320e07a6643c1581fec1c7fc4bf8ae12e3d8f0d0373dc844be?s=96&d=mm&r=g\",\"url\":\"https:\/\/secure.gravatar.com\/avatar\/910fcf6728fe95320e07a6643c1581fec1c7fc4bf8ae12e3d8f0d0373dc844be?s=96&d=mm&r=g\",\"contentUrl\":\"https:\/\/secure.gravatar.com\/avatar\/910fcf6728fe95320e07a6643c1581fec1c7fc4bf8ae12e3d8f0d0373dc844be?s=96&d=mm&r=g\",\"caption\":\"Jorge Mi\u00f1o\"},\"sameAs\":[\"http:\/\/radioinfinitagoya.com.ar\"]}]}<\/script>\n<!-- \/ Yoast SEO plugin. -->","yoast_head_json":{"title":"Rompieron los vidrios de uno de los triciclos sustentables en Corrientes - Radio Infinita Goya","description":"La violenta agresi\u00f3n ocurri\u00f3 en una avenida de Corrientes. El creador del innovador veh\u00edculo dialog\u00f3 con el diario El Litoral y manifest\u00f3 que","robots":{"index":"index","follow":"follow","max-snippet":"max-snippet:-1","max-image-preview":"max-image-preview:large","max-video-preview":"max-video-preview:-1"},"canonical":"https:\/\/radioinfinitagoya.com.ar\/v1\/2025\/06\/11\/rompieron-los-vidrios-de-uno-de-los-triciclos-sustentables-en-corrientes\/","og_locale":"es_ES","og_type":"article","og_title":"Rompieron los vidrios de uno de los triciclos sustentables en Corrientes - Radio Infinita Goya","og_description":"La violenta agresi\u00f3n ocurri\u00f3 en una avenida de Corrientes. El creador del innovador veh\u00edculo dialog\u00f3 con el diario El Litoral y manifest\u00f3 que","og_url":"https:\/\/radioinfinitagoya.com.ar\/v1\/2025\/06\/11\/rompieron-los-vidrios-de-uno-de-los-triciclos-sustentables-en-corrientes\/","og_site_name":"Radio Infinita Goya","article_publisher":"https:\/\/www.facebook.com\/p\/Infinita-Goya-100063870918311\/","article_published_time":"2025-06-11T19:18:33+00:00","og_image":[{"width":1200,"height":675,"url":"https:\/\/radioinfinitagoya.com.ar\/v1\/wp-content\/uploads\/2025\/06\/1749654143187.webp","type":"image\/webp"}],"author":"Jorge Mi\u00f1o","twitter_card":"summary_large_image","twitter_misc":{"Escrito por":"Jorge Mi\u00f1o","Tiempo de lectura":"2 minutos"},"schema":{"@context":"https:\/\/schema.org","@graph":[{"@type":"Article","@id":"https:\/\/radioinfinitagoya.com.ar\/v1\/2025\/06\/11\/rompieron-los-vidrios-de-uno-de-los-triciclos-sustentables-en-corrientes\/#article","isPartOf":{"@id":"https:\/\/radioinfinitagoya.com.ar\/v1\/2025\/06\/11\/rompieron-los-vidrios-de-uno-de-los-triciclos-sustentables-en-corrientes\/"},"author":{"name":"Jorge Mi\u00f1o","@id":"https:\/\/radioinfinitagoya.com.ar\/v1\/#\/schema\/person\/d4cf9c413d4f6edb24aabdccab49ca4a"},"headline":"Rompieron los vidrios de uno de los triciclos sustentables en Corrientes","datePublished":"2025-06-11T19:18:33+00:00","mainEntityOfPage":{"@id":"https:\/\/radioinfinitagoya.com.ar\/v1\/2025\/06\/11\/rompieron-los-vidrios-de-uno-de-los-triciclos-sustentables-en-corrientes\/"},"wordCount":357,"publisher":{"@id":"https:\/\/radioinfinitagoya.com.ar\/v1\/#organization"},"image":{"@id":"https:\/\/radioinfinitagoya.com.ar\/v1\/2025\/06\/11\/rompieron-los-vidrios-de-uno-de-los-triciclos-sustentables-en-corrientes\/#primaryimage"},"thumbnailUrl":"https:\/\/radioinfinitagoya.com.ar\/v1\/wp-content\/uploads\/2025\/06\/1749654143187.webp","articleSection":["PROVINCIALES"],"inLanguage":"es-AR"},{"@type":"WebPage","@id":"https:\/\/radioinfinitagoya.com.ar\/v1\/2025\/06\/11\/rompieron-los-vidrios-de-uno-de-los-triciclos-sustentables-en-corrientes\/","url":"https:\/\/radioinfinitagoya.com.ar\/v1\/2025\/06\/11\/rompieron-los-vidrios-de-uno-de-los-triciclos-sustentables-en-corrientes\/","name":"Rompieron los vidrios de uno de los triciclos sustentables en Corrientes - Radio Infinita Goya","isPartOf":{"@id":"https:\/\/radioinfinitagoya.com.ar\/v1\/#website"},"primaryImageOfPage":{"@id":"https:\/\/radioinfinitagoya.com.ar\/v1\/2025\/06\/11\/rompieron-los-vidrios-de-uno-de-los-triciclos-sustentables-en-corrientes\/#primaryimage"},"image":{"@id":"https:\/\/radioinfinitagoya.com.ar\/v1\/2025\/06\/11\/rompieron-los-vidrios-de-uno-de-los-triciclos-sustentables-en-corrientes\/#primaryimage"},"thumbnailUrl":"https:\/\/radioinfinitagoya.com.ar\/v1\/wp-content\/uploads\/2025\/06\/1749654143187.webp","datePublished":"2025-06-11T19:18:33+00:00","description":"La violenta agresi\u00f3n ocurri\u00f3 en una avenida de Corrientes. El creador del innovador veh\u00edculo dialog\u00f3 con el diario El Litoral y manifest\u00f3 que","breadcrumb":{"@id":"https:\/\/radioinfinitagoya.com.ar\/v1\/2025\/06\/11\/rompieron-los-vidrios-de-uno-de-los-triciclos-sustentables-en-corrientes\/#breadcrumb"},"inLanguage":"es-AR","potentialAction":[{"@type":"ReadAction","target":["https:\/\/radioinfinitagoya.com.ar\/v1\/2025\/06\/11\/rompieron-los-vidrios-de-uno-de-los-triciclos-sustentables-en-corrientes\/"]}]},{"@type":"ImageObject","inLanguage":"es-AR","@id":"https:\/\/radioinfinitagoya.com.ar\/v1\/2025\/06\/11\/rompieron-los-vidrios-de-uno-de-los-triciclos-sustentables-en-corrientes\/#primaryimage","url":"https:\/\/radioinfinitagoya.com.ar\/v1\/wp-content\/uploads\/2025\/06\/1749654143187.webp","contentUrl":"https:\/\/radioinfinitagoya.com.ar\/v1\/wp-content\/uploads\/2025\/06\/1749654143187.webp","width":1200,"height":675},{"@type":"BreadcrumbList","@id":"https:\/\/radioinfinitagoya.com.ar\/v1\/2025\/06\/11\/rompieron-los-vidrios-de-uno-de-los-triciclos-sustentables-en-corrientes\/#breadcrumb","itemListElement":[{"@type":"ListItem","position":1,"name":"Inicio","item":"https:\/\/radioinfinitagoya.com.ar\/v1\/"},{"@type":"ListItem","position":2,"name":"Rompieron los vidrios de uno de los triciclos sustentables en Corrientes"}]},{"@type":"WebSite","@id":"https:\/\/radioinfinitagoya.com.ar\/v1\/#website","url":"https:\/\/radioinfinitagoya.com.ar\/v1\/","name":"radioinfinitagoya.com.ar","description":"Radio de noticias","publisher":{"@id":"https:\/\/radioinfinitagoya.com.ar\/v1\/#organization"},"potentialAction":[{"@type":"SearchAction","target":{"@type":"EntryPoint","urlTemplate":"https:\/\/radioinfinitagoya.com.ar\/v1\/?s={search_term_string}"},"query-input":{"@type":"PropertyValueSpecification","valueRequired":true,"valueName":"search_term_string"}}],"inLanguage":"es-AR"},{"@type":"Organization","@id":"https:\/\/radioinfinitagoya.com.ar\/v1\/#organization","name":"Radio Infinita Goya","url":"https:\/\/radioinfinitagoya.com.ar\/v1\/","logo":{"@type":"ImageObject","inLanguage":"es-AR","@id":"https:\/\/radioinfinitagoya.com.ar\/v1\/#\/schema\/logo\/image\/","url":"https:\/\/radioinfinitagoya.com.ar\/v1\/wp-content\/uploads\/2019\/11\/logo-pie-web.png","contentUrl":"https:\/\/radioinfinitagoya.com.ar\/v1\/wp-content\/uploads\/2019\/11\/logo-pie-web.png","width":635,"height":326,"caption":"Radio Infinita Goya"},"image":{"@id":"https:\/\/radioinfinitagoya.com.ar\/v1\/#\/schema\/logo\/image\/"},"sameAs":["https:\/\/www.facebook.com\/p\/Infinita-Goya-100063870918311\/"]},{"@type":"Person","@id":"https:\/\/radioinfinitagoya.com.ar\/v1\/#\/schema\/person\/d4cf9c413d4f6edb24aabdccab49ca4a","name":"Jorge Mi\u00f1o","image":{"@type":"ImageObject","inLanguage":"es-AR","@id":"https:\/\/secure.gravatar.com\/avatar\/910fcf6728fe95320e07a6643c1581fec1c7fc4bf8ae12e3d8f0d0373dc844be?s=96&d=mm&r=g","url":"https:\/\/secure.gravatar.com\/avatar\/910fcf6728fe95320e07a6643c1581fec1c7fc4bf8ae12e3d8f0d0373dc844be?s=96&d=mm&r=g","contentUrl":"https:\/\/secure.gravatar.com\/avatar\/910fcf6728fe95320e07a6643c1581fec1c7fc4bf8ae12e3d8f0d0373dc844be?s=96&d=mm&r=g","caption":"Jorge Mi\u00f1o"},"sameAs":["http:\/\/radioinfinitagoya.com.ar"]}]}},"_links":{"self":[{"href":"https:\/\/radioinfinitagoya.com.ar\/v1\/wp-json\/wp\/v2\/posts\/191308","targetHints":{"allow":["GET"]}}],"collection":[{"href":"https:\/\/radioinfinitagoya.com.ar\/v1\/wp-json\/wp\/v2\/posts"}],"about":[{"href":"https:\/\/radioinfinitagoya.com.ar\/v1\/wp-json\/wp\/v2\/types\/post"}],"author":[{"embeddable":true,"href":"https:\/\/radioinfinitagoya.com.ar\/v1\/wp-json\/wp\/v2\/users\/4"}],"replies":[{"embeddable":true,"href":"https:\/\/radioinfinitagoya.com.ar\/v1\/wp-json\/wp\/v2\/comments?post=191308"}],"version-history":[{"count":0,"href":"https:\/\/radioinfinitagoya.com.ar\/v1\/wp-json\/wp\/v2\/posts\/191308\/revisions"}],"wp:featuredmedia":[{"embeddable":true,"href":"https:\/\/radioinfinitagoya.com.ar\/v1\/wp-json\/wp\/v2\/media\/191309"}],"wp:attachment":[{"href":"https:\/\/radioinfinitagoya.com.ar\/v1\/wp-json\/wp\/v2\/media?parent=191308"}],"wp:term":[{"taxonomy":"category","embeddable":true,"href":"https:\/\/radioinfinitagoya.com.ar\/v1\/wp-json\/wp\/v2\/categories?post=191308"},{"taxonomy":"post_tag","embeddable":true,"href":"https:\/\/radioinfinitagoya.com.ar\/v1\/wp-json\/wp\/v2\/tags?post=191308"}],"curies":[{"name":"wp","href":"https:\/\/api.w.org\/{rel}","templated":true}]}}